{"id":119522,"date":"2026-04-28T23:24:50","date_gmt":"2026-04-29T02:24:50","guid":{"rendered":"https:\/\/radiolifefm.com.br\/noticias\/?p=119522"},"modified":"2026-04-28T23:24:50","modified_gmt":"2026-04-29T02:24:50","slug":"adamantina-e-selecionada-para-o-revelando-sp-2026-na-categoria-culinaria-tradicional","status":"publish","type":"post","link":"https:\/\/radiolifefm.com.br\/noticias\/adamantina-e-selecionada-para-o-revelando-sp-2026-na-categoria-culinaria-tradicional\/","title":{"rendered":"Adamantina \u00e9 selecionada para o Revelando SP 2026 na categoria Culin\u00e1ria Tradicional"},"content":{"rendered":"<div id=\"fb-root\"><\/div>\n<p>A Prefeitura de Adamantina, por meio da Secretaria Municipal de Cultura e Turismo, conquistou importante sele\u00e7\u00e3o para o programa Revelando SP 2026, garantindo a participa\u00e7\u00e3o do munic\u00edpio em duas edi\u00e7\u00f5es, Barretos (SP) e Presidente Prudente, na categoria de culin\u00e1ria tradicional.<\/p>\n<p>&nbsp;<\/p>\n<p>Adamantina ser\u00e1 representada por \u201cProjeto Sol do Oeste Paulista &#8211; Queijo Artesanal\u201d e \u201cSabor e Tradi\u00e7\u00e3o \u2013 Monte Alegre: queijos e doces artesanais\u201d, evidenciando a riqueza da produ\u00e7\u00e3o local e valorizando os saberes gastron\u00f4micos que fazem parte da identidade cultural do munic\u00edpio.<\/p>\n<p>&nbsp;<\/p>\n<p>A edi\u00e7\u00e3o de Barretos acontecer\u00e1 de 15 a 17 de maio de 2026, no Recinto Paulo Lima de Corr\u00eaa, reunindo representantes de diversas cidades paulistas em uma grande celebra\u00e7\u00e3o da cultura tradicional com a presen\u00e7a de \u201cSabor e Tradi\u00e7\u00e3o \u2013 Monte Alegre: queijos e doces artesanais\u201d. A edi\u00e7\u00e3o em Presidente Prudente ser\u00e1 em agosto.<\/p>\n<p>&nbsp;<\/p>\n<p>O Revelando SP \u00e9 um programa do Governo do Estado de S\u00e3o Paulo, por meio da Secretaria da Cultura, Economia e Ind\u00fastria Criativas, com gest\u00e3o e produ\u00e7\u00e3o da Associa\u00e7\u00e3o Paulista dos Amigos da Arte (APAA). A iniciativa tem como objetivo valorizar e divulgar a cultura tradicional paulista por meio de festivais realizados em diversas cidades do Estado.<\/p>\n<p>&nbsp;<\/p>\n<p>Os eventos re\u00fanem representantes dos munic\u00edpios nas \u00e1reas de culin\u00e1ria, artesanato e manifesta\u00e7\u00f5es art\u00edstico-culturais, promovendo a diversidade cultural, a preserva\u00e7\u00e3o da mem\u00f3ria e o fortalecimento das tradi\u00e7\u00f5es regionais.<\/p>\n<p>&nbsp;<\/p>\n<p>Na edi\u00e7\u00e3o de 2026, o programa contar\u00e1 com festivais nas cidades de Barretos, Iguape, S\u00e3o Jos\u00e9 dos Campos, Americana, Presidente Prudente e S\u00e3o Paulo.<\/p>\n<p>&nbsp;<\/p>\n<p>A participa\u00e7\u00e3o dos munic\u00edpios ocorre por meio de chamada p\u00fablica, na qual as prefeituras indicam representantes culturais em diferentes categorias. Cada munic\u00edpio pode inscrever propostas que representem suas tradi\u00e7\u00f5es e caracter\u00edsticas locais.<\/p>\n<p>&nbsp;<\/p>\n<p>Al\u00e9m de proporcionar visibilidade \u00e0s tradi\u00e7\u00f5es culturais, o programa oferece suporte aos participantes selecionados, incluindo infraestrutura, alimenta\u00e7\u00e3o, alojamento (para as categorias de culin\u00e1ria e artesanato), organiza\u00e7\u00e3o dos espa\u00e7os, equipe t\u00e9cnica e a\u00e7\u00f5es de divulga\u00e7\u00e3o.<\/p>\n<p>&nbsp;<\/p>\n<p>A sele\u00e7\u00e3o de Adamantina refor\u00e7a o compromisso da administra\u00e7\u00e3o municipal com a valoriza\u00e7\u00e3o da cultura local, incentivando a preserva\u00e7\u00e3o das tradi\u00e7\u00f5es e promovendo o munic\u00edpio em importantes vitrines culturais do Estado de S\u00e3o Paulo.<\/p>\n<p>&nbsp;<\/p>\n<p>&nbsp;<\/p>\n<p>&#8212;<\/p>\n<p>PREFEITURA DO MUNIC\u00cdPIO DE ADAMANTINA<\/p>\n<p>Diretor de Comunica\u00e7\u00e3o<\/p>\n<p>Caio Vasques<\/p>\n<p>Jornalista<\/p>\n<p>Natacha Dominato<\/p>\n","protected":false},"excerpt":{"rendered":"<p>A Prefeitura de Adamantina, por meio da Secretaria Municipal de Cultura e Turismo, conquistou importante sele\u00e7\u00e3o para o programa Revelando SP 2026, garantindo a participa\u00e7\u00e3o do munic\u00edpio em duas edi\u00e7\u00f5es, Barretos (SP) e Presidente Prudente, na categoria de culin\u00e1ria tradicional. &nbsp; Adamantina ser\u00e1 representada por \u201cProjeto Sol do Oeste Paulista &#8211; Queijo Artesanal\u201d e \u201cSabor [&hellip;]<\/p>\n","protected":false},"author":13,"featured_media":119523,"comment_status":"closed","ping_status":"open","sticky":false,"template":"","format":"standard","meta":{"_acf_changed":false,"_exactmetrics_skip_tracking":false,"_exactmetrics_sitenote_active":false,"_exactmetrics_sitenote_note":"","_exactmetrics_sitenote_category":0,"footnotes":""},"categories":[21],"tags":[],"class_list":["post-119522","post","type-post","status-publish","format-standard","has-post-thumbnail","hentry","category-adamantina"],"acf":[],"yoast_head":"<!-- This site is optimized with the Yoast SEO plugin v27.2 - https:\/\/yoast.com\/product\/yoast-seo-wordpress\/ -->\n<title>Adamantina \u00e9 selecionada para o Revelando SP 2026 na categoria Culin\u00e1ria Tradicional - R\u00e1dio Life FM<\/title>\n<meta name=\"robots\" content=\"index, follow, max-snippet:-1, max-image-preview:large, max-video-preview:-1\" \/>\n<link rel=\"canonical\" href=\"https:\/\/radiolifefm.com.br\/noticias\/adamantina-e-selecionada-para-o-revelando-sp-2026-na-categoria-culinaria-tradicional\/\" \/>\n<meta property=\"og:locale\" content=\"pt_BR\" \/>\n<meta property=\"og:type\" content=\"article\" \/>\n<meta property=\"og:title\" content=\"Adamantina \u00e9 selecionada para o Revelando SP 2026 na categoria Culin\u00e1ria Tradicional - R\u00e1dio Life FM\" \/>\n<meta property=\"og:description\" content=\"A Prefeitura de Adamantina, por meio da Secretaria Municipal de Cultura e Turismo, conquistou importante sele\u00e7\u00e3o para o programa Revelando SP 2026, garantindo a participa\u00e7\u00e3o do munic\u00edpio em duas edi\u00e7\u00f5es, Barretos (SP) e Presidente Prudente, na categoria de culin\u00e1ria tradicional. &nbsp; Adamantina ser\u00e1 representada por \u201cProjeto Sol do Oeste Paulista &#8211; Queijo Artesanal\u201d e \u201cSabor [&hellip;]\" \/>\n<meta property=\"og:url\" content=\"https:\/\/radiolifefm.com.br\/noticias\/adamantina-e-selecionada-para-o-revelando-sp-2026-na-categoria-culinaria-tradicional\/\" \/>\n<meta property=\"og:site_name\" content=\"R\u00e1dio Life FM\" \/>\n<meta property=\"article:publisher\" content=\"https:\/\/www.facebook.com\/radiolifefm\/\" \/>\n<meta property=\"article:published_time\" content=\"2026-04-29T02:24:50+00:00\" \/>\n<meta property=\"og:image\" content=\"https:\/\/radiolifefm.com.br\/noticias\/wp-content\/uploads\/2026\/04\/WhatsApp-Image-2026-04-27-at-15.40.24-1.jpeg\" \/>\n\t<meta property=\"og:image:width\" content=\"1080\" \/>\n\t<meta property=\"og:image:height\" content=\"1350\" \/>\n\t<meta property=\"og:image:type\" content=\"image\/jpeg\" \/>\n<meta name=\"author\" content=\"ritanery\" \/>\n<meta name=\"twitter:card\" content=\"summary_large_image\" \/>\n<meta name=\"twitter:label1\" content=\"Escrito por\" \/>\n\t<meta name=\"twitter:data1\" content=\"ritanery\" \/>\n\t<meta name=\"twitter:label2\" content=\"Est. tempo de leitura\" \/>\n\t<meta name=\"twitter:data2\" content=\"2 minutos\" \/>\n<script type=\"application\/ld+json\" class=\"yoast-schema-graph\">{\"@context\":\"https:\/\/schema.org\",\"@graph\":[{\"@type\":\"Article\",\"@id\":\"https:\/\/radiolifefm.com.br\/noticias\/adamantina-e-selecionada-para-o-revelando-sp-2026-na-categoria-culinaria-tradicional\/#article\",\"isPartOf\":{\"@id\":\"https:\/\/radiolifefm.com.br\/noticias\/adamantina-e-selecionada-para-o-revelando-sp-2026-na-categoria-culinaria-tradicional\/\"},\"author\":{\"name\":\"ritanery\",\"@id\":\"https:\/\/radiolifefm.com.br\/noticias\/#\/schema\/person\/6339b9fac59d12b071dec680d7375d87\"},\"headline\":\"Adamantina \u00e9 selecionada para o Revelando SP 2026 na categoria Culin\u00e1ria Tradicional\",\"datePublished\":\"2026-04-29T02:24:50+00:00\",\"mainEntityOfPage\":{\"@id\":\"https:\/\/radiolifefm.com.br\/noticias\/adamantina-e-selecionada-para-o-revelando-sp-2026-na-categoria-culinaria-tradicional\/\"},\"wordCount\":428,\"publisher\":{\"@id\":\"https:\/\/radiolifefm.com.br\/noticias\/#organization\"},\"image\":{\"@id\":\"https:\/\/radiolifefm.com.br\/noticias\/adamantina-e-selecionada-para-o-revelando-sp-2026-na-categoria-culinaria-tradicional\/#primaryimage\"},\"thumbnailUrl\":\"https:\/\/radiolifefm.com.br\/noticias\/wp-content\/uploads\/2026\/04\/WhatsApp-Image-2026-04-27-at-15.40.24-1.jpeg\",\"articleSection\":[\"Adamantina\"],\"inLanguage\":\"pt-BR\"},{\"@type\":\"WebPage\",\"@id\":\"https:\/\/radiolifefm.com.br\/noticias\/adamantina-e-selecionada-para-o-revelando-sp-2026-na-categoria-culinaria-tradicional\/\",\"url\":\"https:\/\/radiolifefm.com.br\/noticias\/adamantina-e-selecionada-para-o-revelando-sp-2026-na-categoria-culinaria-tradicional\/\",\"name\":\"Adamantina \u00e9 selecionada para o Revelando SP 2026 na categoria Culin\u00e1ria Tradicional - R\u00e1dio Life FM\",\"isPartOf\":{\"@id\":\"https:\/\/radiolifefm.com.br\/noticias\/#website\"},\"primaryImageOfPage\":{\"@id\":\"https:\/\/radiolifefm.com.br\/noticias\/adamantina-e-selecionada-para-o-revelando-sp-2026-na-categoria-culinaria-tradicional\/#primaryimage\"},\"image\":{\"@id\":\"https:\/\/radiolifefm.com.br\/noticias\/adamantina-e-selecionada-para-o-revelando-sp-2026-na-categoria-culinaria-tradicional\/#primaryimage\"},\"thumbnailUrl\":\"https:\/\/radiolifefm.com.br\/noticias\/wp-content\/uploads\/2026\/04\/WhatsApp-Image-2026-04-27-at-15.40.24-1.jpeg\",\"datePublished\":\"2026-04-29T02:24:50+00:00\",\"breadcrumb\":{\"@id\":\"https:\/\/radiolifefm.com.br\/noticias\/adamantina-e-selecionada-para-o-revelando-sp-2026-na-categoria-culinaria-tradicional\/#breadcrumb\"},\"inLanguage\":\"pt-BR\",\"potentialAction\":[{\"@type\":\"ReadAction\",\"target\":[\"https:\/\/radiolifefm.com.br\/noticias\/adamantina-e-selecionada-para-o-revelando-sp-2026-na-categoria-culinaria-tradicional\/\"]}]},{\"@type\":\"ImageObject\",\"inLanguage\":\"pt-BR\",\"@id\":\"https:\/\/radiolifefm.com.br\/noticias\/adamantina-e-selecionada-para-o-revelando-sp-2026-na-categoria-culinaria-tradicional\/#primaryimage\",\"url\":\"https:\/\/radiolifefm.com.br\/noticias\/wp-content\/uploads\/2026\/04\/WhatsApp-Image-2026-04-27-at-15.40.24-1.jpeg\",\"contentUrl\":\"https:\/\/radiolifefm.com.br\/noticias\/wp-content\/uploads\/2026\/04\/WhatsApp-Image-2026-04-27-at-15.40.24-1.jpeg\",\"width\":1080,\"height\":1350},{\"@type\":\"BreadcrumbList\",\"@id\":\"https:\/\/radiolifefm.com.br\/noticias\/adamantina-e-selecionada-para-o-revelando-sp-2026-na-categoria-culinaria-tradicional\/#breadcrumb\",\"itemListElement\":[{\"@type\":\"ListItem\",\"position\":1,\"name\":\"In\u00edcio\",\"item\":\"https:\/\/radiolifefm.com.br\/noticias\/\"},{\"@type\":\"ListItem\",\"position\":2,\"name\":\"Adamantina \u00e9 selecionada para o Revelando SP 2026 na categoria Culin\u00e1ria Tradicional\"}]},{\"@type\":\"WebSite\",\"@id\":\"https:\/\/radiolifefm.com.br\/noticias\/#website\",\"url\":\"https:\/\/radiolifefm.com.br\/noticias\/\",\"name\":\"R\u00e1dio Life FM\",\"description\":\"O Portal de Not\u00edcias de Adamantina\",\"publisher\":{\"@id\":\"https:\/\/radiolifefm.com.br\/noticias\/#organization\"},\"alternateName\":\"Life FM\",\"potentialAction\":[{\"@type\":\"SearchAction\",\"target\":{\"@type\":\"EntryPoint\",\"urlTemplate\":\"https:\/\/radiolifefm.com.br\/noticias\/?s={search_term_string}\"},\"query-input\":{\"@type\":\"PropertyValueSpecification\",\"valueRequired\":true,\"valueName\":\"search_term_string\"}}],\"inLanguage\":\"pt-BR\"},{\"@type\":\"Organization\",\"@id\":\"https:\/\/radiolifefm.com.br\/noticias\/#organization\",\"name\":\"R\u00e1dio Life FM\",\"alternateName\":\"Life FM\",\"url\":\"https:\/\/radiolifefm.com.br\/noticias\/\",\"logo\":{\"@type\":\"ImageObject\",\"inLanguage\":\"pt-BR\",\"@id\":\"https:\/\/radiolifefm.com.br\/noticias\/#\/schema\/logo\/image\/\",\"url\":\"https:\/\/static.radiolifefm.com.br\/noticias\/wp-content\/uploads\/2019\/10\/logo-lifefm.png\",\"contentUrl\":\"https:\/\/static.radiolifefm.com.br\/noticias\/wp-content\/uploads\/2019\/10\/logo-lifefm.png\",\"width\":196,\"height\":47,\"caption\":\"R\u00e1dio Life FM\"},\"image\":{\"@id\":\"https:\/\/radiolifefm.com.br\/noticias\/#\/schema\/logo\/image\/\"},\"sameAs\":[\"https:\/\/www.facebook.com\/radiolifefm\/\",\"https:\/\/www.instagram.com\/life1079fm\/\"]},{\"@type\":\"Person\",\"@id\":\"https:\/\/radiolifefm.com.br\/noticias\/#\/schema\/person\/6339b9fac59d12b071dec680d7375d87\",\"name\":\"ritanery\",\"image\":{\"@type\":\"ImageObject\",\"inLanguage\":\"pt-BR\",\"@id\":\"https:\/\/secure.gravatar.com\/avatar\/0e37bb19071f47c0b8a23f62a903df117c5a0e75f65a0c2901562f97cd41cf86?s=96&d=mm&r=g\",\"url\":\"https:\/\/secure.gravatar.com\/avatar\/0e37bb19071f47c0b8a23f62a903df117c5a0e75f65a0c2901562f97cd41cf86?s=96&d=mm&r=g\",\"contentUrl\":\"https:\/\/secure.gravatar.com\/avatar\/0e37bb19071f47c0b8a23f62a903df117c5a0e75f65a0c2901562f97cd41cf86?s=96&d=mm&r=g\",\"caption\":\"ritanery\"}}]}<\/script>\n<!-- \/ Yoast SEO plugin. -->","yoast_head_json":{"title":"Adamantina \u00e9 selecionada para o Revelando SP 2026 na categoria Culin\u00e1ria Tradicional - R\u00e1dio Life FM","robots":{"index":"index","follow":"follow","max-snippet":"max-snippet:-1","max-image-preview":"max-image-preview:large","max-video-preview":"max-video-preview:-1"},"canonical":"https:\/\/radiolifefm.com.br\/noticias\/adamantina-e-selecionada-para-o-revelando-sp-2026-na-categoria-culinaria-tradicional\/","og_locale":"pt_BR","og_type":"article","og_title":"Adamantina \u00e9 selecionada para o Revelando SP 2026 na categoria Culin\u00e1ria Tradicional - R\u00e1dio Life FM","og_description":"A Prefeitura de Adamantina, por meio da Secretaria Municipal de Cultura e Turismo, conquistou importante sele\u00e7\u00e3o para o programa Revelando SP 2026, garantindo a participa\u00e7\u00e3o do munic\u00edpio em duas edi\u00e7\u00f5es, Barretos (SP) e Presidente Prudente, na categoria de culin\u00e1ria tradicional. &nbsp; Adamantina ser\u00e1 representada por \u201cProjeto Sol do Oeste Paulista &#8211; Queijo Artesanal\u201d e \u201cSabor [&hellip;]","og_url":"https:\/\/radiolifefm.com.br\/noticias\/adamantina-e-selecionada-para-o-revelando-sp-2026-na-categoria-culinaria-tradicional\/","og_site_name":"R\u00e1dio Life FM","article_publisher":"https:\/\/www.facebook.com\/radiolifefm\/","article_published_time":"2026-04-29T02:24:50+00:00","og_image":[{"width":1080,"height":1350,"url":"https:\/\/radiolifefm.com.br\/noticias\/wp-content\/uploads\/2026\/04\/WhatsApp-Image-2026-04-27-at-15.40.24-1.jpeg","type":"image\/jpeg"}],"author":"ritanery","twitter_card":"summary_large_image","twitter_misc":{"Escrito por":"ritanery","Est. tempo de leitura":"2 minutos"},"schema":{"@context":"https:\/\/schema.org","@graph":[{"@type":"Article","@id":"https:\/\/radiolifefm.com.br\/noticias\/adamantina-e-selecionada-para-o-revelando-sp-2026-na-categoria-culinaria-tradicional\/#article","isPartOf":{"@id":"https:\/\/radiolifefm.com.br\/noticias\/adamantina-e-selecionada-para-o-revelando-sp-2026-na-categoria-culinaria-tradicional\/"},"author":{"name":"ritanery","@id":"https:\/\/radiolifefm.com.br\/noticias\/#\/schema\/person\/6339b9fac59d12b071dec680d7375d87"},"headline":"Adamantina \u00e9 selecionada para o Revelando SP 2026 na categoria Culin\u00e1ria Tradicional","datePublished":"2026-04-29T02:24:50+00:00","mainEntityOfPage":{"@id":"https:\/\/radiolifefm.com.br\/noticias\/adamantina-e-selecionada-para-o-revelando-sp-2026-na-categoria-culinaria-tradicional\/"},"wordCount":428,"publisher":{"@id":"https:\/\/radiolifefm.com.br\/noticias\/#organization"},"image":{"@id":"https:\/\/radiolifefm.com.br\/noticias\/adamantina-e-selecionada-para-o-revelando-sp-2026-na-categoria-culinaria-tradicional\/#primaryimage"},"thumbnailUrl":"https:\/\/radiolifefm.com.br\/noticias\/wp-content\/uploads\/2026\/04\/WhatsApp-Image-2026-04-27-at-15.40.24-1.jpeg","articleSection":["Adamantina"],"inLanguage":"pt-BR"},{"@type":"WebPage","@id":"https:\/\/radiolifefm.com.br\/noticias\/adamantina-e-selecionada-para-o-revelando-sp-2026-na-categoria-culinaria-tradicional\/","url":"https:\/\/radiolifefm.com.br\/noticias\/adamantina-e-selecionada-para-o-revelando-sp-2026-na-categoria-culinaria-tradicional\/","name":"Adamantina \u00e9 selecionada para o Revelando SP 2026 na categoria Culin\u00e1ria Tradicional - R\u00e1dio Life FM","isPartOf":{"@id":"https:\/\/radiolifefm.com.br\/noticias\/#website"},"primaryImageOfPage":{"@id":"https:\/\/radiolifefm.com.br\/noticias\/adamantina-e-selecionada-para-o-revelando-sp-2026-na-categoria-culinaria-tradicional\/#primaryimage"},"image":{"@id":"https:\/\/radiolifefm.com.br\/noticias\/adamantina-e-selecionada-para-o-revelando-sp-2026-na-categoria-culinaria-tradicional\/#primaryimage"},"thumbnailUrl":"https:\/\/radiolifefm.com.br\/noticias\/wp-content\/uploads\/2026\/04\/WhatsApp-Image-2026-04-27-at-15.40.24-1.jpeg","datePublished":"2026-04-29T02:24:50+00:00","breadcrumb":{"@id":"https:\/\/radiolifefm.com.br\/noticias\/adamantina-e-selecionada-para-o-revelando-sp-2026-na-categoria-culinaria-tradicional\/#breadcrumb"},"inLanguage":"pt-BR","potentialAction":[{"@type":"ReadAction","target":["https:\/\/radiolifefm.com.br\/noticias\/adamantina-e-selecionada-para-o-revelando-sp-2026-na-categoria-culinaria-tradicional\/"]}]},{"@type":"ImageObject","inLanguage":"pt-BR","@id":"https:\/\/radiolifefm.com.br\/noticias\/adamantina-e-selecionada-para-o-revelando-sp-2026-na-categoria-culinaria-tradicional\/#primaryimage","url":"https:\/\/radiolifefm.com.br\/noticias\/wp-content\/uploads\/2026\/04\/WhatsApp-Image-2026-04-27-at-15.40.24-1.jpeg","contentUrl":"https:\/\/radiolifefm.com.br\/noticias\/wp-content\/uploads\/2026\/04\/WhatsApp-Image-2026-04-27-at-15.40.24-1.jpeg","width":1080,"height":1350},{"@type":"BreadcrumbList","@id":"https:\/\/radiolifefm.com.br\/noticias\/adamantina-e-selecionada-para-o-revelando-sp-2026-na-categoria-culinaria-tradicional\/#breadcrumb","itemListElement":[{"@type":"ListItem","position":1,"name":"In\u00edcio","item":"https:\/\/radiolifefm.com.br\/noticias\/"},{"@type":"ListItem","position":2,"name":"Adamantina \u00e9 selecionada para o Revelando SP 2026 na categoria Culin\u00e1ria Tradicional"}]},{"@type":"WebSite","@id":"https:\/\/radiolifefm.com.br\/noticias\/#website","url":"https:\/\/radiolifefm.com.br\/noticias\/","name":"R\u00e1dio Life FM","description":"O Portal de Not\u00edcias de Adamantina","publisher":{"@id":"https:\/\/radiolifefm.com.br\/noticias\/#organization"},"alternateName":"Life FM","potentialAction":[{"@type":"SearchAction","target":{"@type":"EntryPoint","urlTemplate":"https:\/\/radiolifefm.com.br\/noticias\/?s={search_term_string}"},"query-input":{"@type":"PropertyValueSpecification","valueRequired":true,"valueName":"search_term_string"}}],"inLanguage":"pt-BR"},{"@type":"Organization","@id":"https:\/\/radiolifefm.com.br\/noticias\/#organization","name":"R\u00e1dio Life FM","alternateName":"Life FM","url":"https:\/\/radiolifefm.com.br\/noticias\/","logo":{"@type":"ImageObject","inLanguage":"pt-BR","@id":"https:\/\/radiolifefm.com.br\/noticias\/#\/schema\/logo\/image\/","url":"https:\/\/static.radiolifefm.com.br\/noticias\/wp-content\/uploads\/2019\/10\/logo-lifefm.png","contentUrl":"https:\/\/static.radiolifefm.com.br\/noticias\/wp-content\/uploads\/2019\/10\/logo-lifefm.png","width":196,"height":47,"caption":"R\u00e1dio Life FM"},"image":{"@id":"https:\/\/radiolifefm.com.br\/noticias\/#\/schema\/logo\/image\/"},"sameAs":["https:\/\/www.facebook.com\/radiolifefm\/","https:\/\/www.instagram.com\/life1079fm\/"]},{"@type":"Person","@id":"https:\/\/radiolifefm.com.br\/noticias\/#\/schema\/person\/6339b9fac59d12b071dec680d7375d87","name":"ritanery","image":{"@type":"ImageObject","inLanguage":"pt-BR","@id":"https:\/\/secure.gravatar.com\/avatar\/0e37bb19071f47c0b8a23f62a903df117c5a0e75f65a0c2901562f97cd41cf86?s=96&d=mm&r=g","url":"https:\/\/secure.gravatar.com\/avatar\/0e37bb19071f47c0b8a23f62a903df117c5a0e75f65a0c2901562f97cd41cf86?s=96&d=mm&r=g","contentUrl":"https:\/\/secure.gravatar.com\/avatar\/0e37bb19071f47c0b8a23f62a903df117c5a0e75f65a0c2901562f97cd41cf86?s=96&d=mm&r=g","caption":"ritanery"}}]}},"amp_enabled":true,"_links":{"self":[{"href":"https:\/\/radiolifefm.com.br\/noticias\/wp-json\/wp\/v2\/posts\/119522","targetHints":{"allow":["GET"]}}],"collection":[{"href":"https:\/\/radiolifefm.com.br\/noticias\/wp-json\/wp\/v2\/posts"}],"about":[{"href":"https:\/\/radiolifefm.com.br\/noticias\/wp-json\/wp\/v2\/types\/post"}],"author":[{"embeddable":true,"href":"https:\/\/radiolifefm.com.br\/noticias\/wp-json\/wp\/v2\/users\/13"}],"replies":[{"embeddable":true,"href":"https:\/\/radiolifefm.com.br\/noticias\/wp-json\/wp\/v2\/comments?post=119522"}],"version-history":[{"count":1,"href":"https:\/\/radiolifefm.com.br\/noticias\/wp-json\/wp\/v2\/posts\/119522\/revisions"}],"predecessor-version":[{"id":119524,"href":"https:\/\/radiolifefm.com.br\/noticias\/wp-json\/wp\/v2\/posts\/119522\/revisions\/119524"}],"wp:featuredmedia":[{"embeddable":true,"href":"https:\/\/radiolifefm.com.br\/noticias\/wp-json\/wp\/v2\/media\/119523"}],"wp:attachment":[{"href":"https:\/\/radiolifefm.com.br\/noticias\/wp-json\/wp\/v2\/media?parent=119522"}],"wp:term":[{"taxonomy":"category","embeddable":true,"href":"https:\/\/radiolifefm.com.br\/noticias\/wp-json\/wp\/v2\/categories?post=119522"},{"taxonomy":"post_tag","embeddable":true,"href":"https:\/\/radiolifefm.com.br\/noticias\/wp-json\/wp\/v2\/tags?post=119522"}],"curies":[{"name":"wp","href":"https:\/\/api.w.org\/{rel}","templated":true}]}}