{"id":119519,"date":"2026-04-28T23:20:55","date_gmt":"2026-04-29T02:20:55","guid":{"rendered":"https:\/\/radiolifefm.com.br\/noticias\/?p=119519"},"modified":"2026-04-29T00:27:06","modified_gmt":"2026-04-29T03:27:06","slug":"jufai-2026-educacao-fisica-larga-na-frente-apos-primeira-noite-de-competicoes","status":"publish","type":"post","link":"https:\/\/radiolifefm.com.br\/noticias\/jufai-2026-educacao-fisica-larga-na-frente-apos-primeira-noite-de-competicoes\/","title":{"rendered":"JUFAI 2026: Educa\u00e7\u00e3o F\u00edsica larga na frente ap\u00f3s primeira noite de competi\u00e7\u00f5es"},"content":{"rendered":"<div id=\"fb-root\"><\/div>\n<p dir=\"ltr\">Na noite desta \u00faltima segunda-feira (27), o Centro Universit\u00e1rio de Adamantina &#8211; FAI deu a largada oficial para os aguardados Jogos Unificados da FAI (JUFAI 2026). Com uma programa\u00e7\u00e3o intensa que se estendeu at\u00e9 o fim da noite no Gin\u00e1sio Paulo Camargo, no Campus III e nas quadras anexas, o evento j\u00e1 demonstrou o alto n\u00edvel de engajamento e competitividade das atl\u00e9ticas.<\/p>\n<p dir=\"ltr\">Ao t\u00e9rmino das disputas do primeiro dia (e somando os pontos das provas individuais de Corrida 5k e Xadrez), a delega\u00e7\u00e3o de Educa\u00e7\u00e3o F\u00edsica \/ Licenciaturas assumiu o topo da tabela geral com 120 pontos. Logo atr\u00e1s, empatados na vice-lideran\u00e7a, est\u00e3o os cursos de Medicina e Fisioterapia, ambos com 100 pontos, seguidos por Farm\u00e1cia \/ Nutri\u00e7\u00e3o com 70 pontos.<\/p>\n<p dir=\"ltr\">A noite de estreia contou com partidas de tirar o f\u00f4lego e placares expressivos. No Futsal Masculino, a equipe de Agronomia estreou com for\u00e7a m\u00e1xima ao vencer a Escola Crist\u00e3 de Adamantina por 6 a 0. J\u00e1 nas quadras de Basquetebol Masculino, o time de Medicina mostrou domin\u00e2ncia t\u00e9cnica ao aplicar um impressionante 19 a 0 sobre Ci\u00eancias Cont\u00e1beis. Outro destaque foi a delega\u00e7\u00e3o de T.I. Biomedicina, que no Voleibol Feminino fechou o set \u00fanico em 18 a 0 contra Docentes\/Funcion\u00e1rios ADM.<\/p>\n<p dir=\"ltr\">O Campus III tamb\u00e9m foi palco das arenas digitais, recebendo os confrontos mistos de League of Legends e Counter Strike, modalidades que v\u00eam ganhando cada vez mais for\u00e7a e torcida dentro dos jogos universit\u00e1rios.<\/p>\n<p dir=\"ltr\">Al\u00e9m das quatro linhas, a Comiss\u00e3o de Justi\u00e7a Desportiva (CJD) tamb\u00e9m atuou firmemente para garantir o respeito ao regulamento e o esp\u00edrito esportivo.<\/p>\n<p dir=\"ltr\">A competi\u00e7\u00e3o continua nesta ter\u00e7a-feira (28) com disputas nas categorias de futsal, futebol society, basquetebol, voleibol, damas e e-sports.<\/p>\n<p>&nbsp;<\/p>\n<h3 dir=\"ltr\">Pontua\u00e7\u00e3o Parcial &#8211; Geral<\/h3>\n<div dir=\"ltr\" align=\"left\">\n<table>\n<colgroup>\n<col width=\"124\" \/>\n<col width=\"298\" \/>\n<col width=\"213\" \/><\/colgroup>\n<\/table>\n<table>\n<colgroup>\n<col width=\"213\" \/><\/colgroup>\n<tbody>\n<tr>\n<td>\n<p dir=\"ltr\">Classifica\u00e7\u00e3o<\/p>\n<\/td>\n<td>\n<p dir=\"ltr\">Curso<\/p>\n<\/td>\n<td>\n<p dir=\"ltr\">Pontos<\/p>\n<\/td>\n<\/tr>\n<tr>\n<td>\n<p dir=\"ltr\">1\u00ba<\/p>\n<\/td>\n<td>\n<p dir=\"ltr\">EDUCA\u00c7\u00c3O F\u00cdSICA \/ LICENCIATURAS<\/p>\n<\/td>\n<td>\n<p dir=\"ltr\">120<\/p>\n<\/td>\n<\/tr>\n<tr>\n<td>\n<p dir=\"ltr\">2\u00ba<\/p>\n<\/td>\n<td>\n<p dir=\"ltr\">MEDICINA<\/p>\n<\/td>\n<td>\n<p dir=\"ltr\">100<\/p>\n<\/td>\n<\/tr>\n<tr>\n<td>\n<p dir=\"ltr\">2\u00ba<\/p>\n<\/td>\n<td>\n<p dir=\"ltr\">FISIOTERAPIA<\/p>\n<\/td>\n<td>\n<p dir=\"ltr\">100<\/p>\n<\/td>\n<\/tr>\n<tr>\n<td>\n<p dir=\"ltr\">3\u00ba<\/p>\n<\/td>\n<td>\n<p dir=\"ltr\">FARM\u00c1CIA \/ NUTRI\u00c7\u00c3O<\/p>\n<\/td>\n<td>\n<p dir=\"ltr\">70<\/p>\n<\/td>\n<\/tr>\n<tr>\n<td>\n<p dir=\"ltr\">4\u00ba<\/p>\n<\/td>\n<td>\n<p dir=\"ltr\">PSICOLOGIA \/ MED. VETERIN\u00c1RIA<\/p>\n<\/td>\n<td>\n<p dir=\"ltr\">60<\/p>\n<\/td>\n<\/tr>\n<tr>\n<td>\n<p dir=\"ltr\">5\u00ba<\/p>\n<\/td>\n<td>\n<p dir=\"ltr\">T.I. BIOMEDICINA<\/p>\n<\/td>\n<td>\n<p dir=\"ltr\">40<\/p>\n<\/td>\n<\/tr>\n<tr>\n<td>\n<p dir=\"ltr\">6\u00ba<\/p>\n<\/td>\n<td>\n<p dir=\"ltr\">CI\u00caNCIAS CONT\u00c1BEIS<\/p>\n<\/td>\n<td>\n<p dir=\"ltr\">30<\/p>\n<\/td>\n<\/tr>\n<tr>\n<td>\n<p dir=\"ltr\">7\u00ba<\/p>\n<\/td>\n<td>\n<p dir=\"ltr\">ENFERMAGEM\/ENG. CIVIL\/ADM<\/p>\n<\/td>\n<td>\n<p dir=\"ltr\">25<\/p>\n<\/td>\n<\/tr>\n<tr>\n<td>\n<p dir=\"ltr\">8\u00ba<\/p>\n<\/td>\n<td>\n<p dir=\"ltr\">ODONTOLOGIA<\/p>\n<\/td>\n<td>\n<p dir=\"ltr\">15<\/p>\n<\/td>\n<\/tr>\n<tr>\n<td>\n<p dir=\"ltr\">9\u00ba<\/p>\n<\/td>\n<td>\n<p dir=\"ltr\">DIREITO<\/p>\n<\/td>\n<td>\n<p dir=\"ltr\">10<\/p>\n<\/td>\n<\/tr>\n<tr>\n<td>\n<p dir=\"ltr\">9\u00ba<\/p>\n<\/td>\n<td>\n<p dir=\"ltr\">DOCENTES \/ FUNCION\u00c1RIOS ADM<\/p>\n<\/td>\n<td>\n<p dir=\"ltr\">10<\/p>\n<\/td>\n<\/tr>\n<\/tbody>\n<\/table>\n<\/div>\n<p><span id=\"m_-3300707359108139793gmail-docs-internal-guid-071fddc4-7fff-35b9-00b1-fc64d4e1d2fe\">Por Gustavo Amaral &#8211; MTB: 0097737\/SP<\/span><\/p>\n","protected":false},"excerpt":{"rendered":"<p>Na noite desta \u00faltima segunda-feira (27), o Centro Universit\u00e1rio de Adamantina &#8211; FAI deu a largada oficial para os aguardados Jogos Unificados da FAI (JUFAI 2026). Com uma programa\u00e7\u00e3o intensa que se estendeu at\u00e9 o fim da noite no Gin\u00e1sio Paulo Camargo, no Campus III e nas quadras anexas, o evento j\u00e1 demonstrou o alto [&hellip;]<\/p>\n","protected":false},"author":13,"featured_media":119520,"comment_status":"closed","ping_status":"open","sticky":false,"template":"","format":"standard","meta":{"_acf_changed":false,"_exactmetrics_skip_tracking":false,"_exactmetrics_sitenote_active":false,"_exactmetrics_sitenote_note":"","_exactmetrics_sitenote_category":0,"footnotes":""},"categories":[21,42,56],"tags":[],"class_list":["post-119519","post","type-post","status-publish","format-standard","has-post-thumbnail","hentry","category-adamantina","category-educacao","category-esporte"],"acf":[],"yoast_head":"<!-- This site is optimized with the Yoast SEO plugin v27.2 - https:\/\/yoast.com\/product\/yoast-seo-wordpress\/ -->\n<title>JUFAI 2026: Educa\u00e7\u00e3o F\u00edsica larga na frente ap\u00f3s primeira noite de competi\u00e7\u00f5es - R\u00e1dio Life FM<\/title>\n<meta name=\"robots\" content=\"index, follow, max-snippet:-1, max-image-preview:large, max-video-preview:-1\" \/>\n<link rel=\"canonical\" href=\"https:\/\/radiolifefm.com.br\/noticias\/jufai-2026-educacao-fisica-larga-na-frente-apos-primeira-noite-de-competicoes\/\" \/>\n<meta property=\"og:locale\" content=\"pt_BR\" \/>\n<meta property=\"og:type\" content=\"article\" \/>\n<meta property=\"og:title\" content=\"JUFAI 2026: Educa\u00e7\u00e3o F\u00edsica larga na frente ap\u00f3s primeira noite de competi\u00e7\u00f5es - R\u00e1dio Life FM\" \/>\n<meta property=\"og:description\" content=\"Na noite desta \u00faltima segunda-feira (27), o Centro Universit\u00e1rio de Adamantina &#8211; FAI deu a largada oficial para os aguardados Jogos Unificados da FAI (JUFAI 2026). Com uma programa\u00e7\u00e3o intensa que se estendeu at\u00e9 o fim da noite no Gin\u00e1sio Paulo Camargo, no Campus III e nas quadras anexas, o evento j\u00e1 demonstrou o alto [&hellip;]\" \/>\n<meta property=\"og:url\" content=\"https:\/\/radiolifefm.com.br\/noticias\/jufai-2026-educacao-fisica-larga-na-frente-apos-primeira-noite-de-competicoes\/\" \/>\n<meta property=\"og:site_name\" content=\"R\u00e1dio Life FM\" \/>\n<meta property=\"article:publisher\" content=\"https:\/\/www.facebook.com\/radiolifefm\/\" \/>\n<meta property=\"article:published_time\" content=\"2026-04-29T02:20:55+00:00\" \/>\n<meta property=\"article:modified_time\" content=\"2026-04-29T03:27:06+00:00\" \/>\n<meta property=\"og:image\" content=\"https:\/\/radiolifefm.com.br\/noticias\/wp-content\/uploads\/2026\/04\/JUFAI1.png\" \/>\n\t<meta property=\"og:image:width\" content=\"805\" \/>\n\t<meta property=\"og:image:height\" content=\"560\" \/>\n\t<meta property=\"og:image:type\" content=\"image\/png\" \/>\n<meta name=\"author\" content=\"ritanery\" \/>\n<meta name=\"twitter:card\" content=\"summary_large_image\" \/>\n<meta name=\"twitter:label1\" content=\"Escrito por\" \/>\n\t<meta name=\"twitter:data1\" content=\"ritanery\" \/>\n\t<meta name=\"twitter:label2\" content=\"Est. tempo de leitura\" \/>\n\t<meta name=\"twitter:data2\" content=\"3 minutos\" \/>\n<script type=\"application\/ld+json\" class=\"yoast-schema-graph\">{\"@context\":\"https:\/\/schema.org\",\"@graph\":[{\"@type\":\"Article\",\"@id\":\"https:\/\/radiolifefm.com.br\/noticias\/jufai-2026-educacao-fisica-larga-na-frente-apos-primeira-noite-de-competicoes\/#article\",\"isPartOf\":{\"@id\":\"https:\/\/radiolifefm.com.br\/noticias\/jufai-2026-educacao-fisica-larga-na-frente-apos-primeira-noite-de-competicoes\/\"},\"author\":{\"name\":\"ritanery\",\"@id\":\"https:\/\/radiolifefm.com.br\/noticias\/#\/schema\/person\/6339b9fac59d12b071dec680d7375d87\"},\"headline\":\"JUFAI 2026: Educa\u00e7\u00e3o F\u00edsica larga na frente ap\u00f3s primeira noite de competi\u00e7\u00f5es\",\"datePublished\":\"2026-04-29T02:20:55+00:00\",\"dateModified\":\"2026-04-29T03:27:06+00:00\",\"mainEntityOfPage\":{\"@id\":\"https:\/\/radiolifefm.com.br\/noticias\/jufai-2026-educacao-fisica-larga-na-frente-apos-primeira-noite-de-competicoes\/\"},\"wordCount\":364,\"publisher\":{\"@id\":\"https:\/\/radiolifefm.com.br\/noticias\/#organization\"},\"image\":{\"@id\":\"https:\/\/radiolifefm.com.br\/noticias\/jufai-2026-educacao-fisica-larga-na-frente-apos-primeira-noite-de-competicoes\/#primaryimage\"},\"thumbnailUrl\":\"https:\/\/radiolifefm.com.br\/noticias\/wp-content\/uploads\/2026\/04\/JUFAI1.png\",\"articleSection\":[\"Adamantina\",\"Educa\u00e7\u00e3o\",\"Esporte\"],\"inLanguage\":\"pt-BR\"},{\"@type\":\"WebPage\",\"@id\":\"https:\/\/radiolifefm.com.br\/noticias\/jufai-2026-educacao-fisica-larga-na-frente-apos-primeira-noite-de-competicoes\/\",\"url\":\"https:\/\/radiolifefm.com.br\/noticias\/jufai-2026-educacao-fisica-larga-na-frente-apos-primeira-noite-de-competicoes\/\",\"name\":\"JUFAI 2026: Educa\u00e7\u00e3o F\u00edsica larga na frente ap\u00f3s primeira noite de competi\u00e7\u00f5es - R\u00e1dio Life FM\",\"isPartOf\":{\"@id\":\"https:\/\/radiolifefm.com.br\/noticias\/#website\"},\"primaryImageOfPage\":{\"@id\":\"https:\/\/radiolifefm.com.br\/noticias\/jufai-2026-educacao-fisica-larga-na-frente-apos-primeira-noite-de-competicoes\/#primaryimage\"},\"image\":{\"@id\":\"https:\/\/radiolifefm.com.br\/noticias\/jufai-2026-educacao-fisica-larga-na-frente-apos-primeira-noite-de-competicoes\/#primaryimage\"},\"thumbnailUrl\":\"https:\/\/radiolifefm.com.br\/noticias\/wp-content\/uploads\/2026\/04\/JUFAI1.png\",\"datePublished\":\"2026-04-29T02:20:55+00:00\",\"dateModified\":\"2026-04-29T03:27:06+00:00\",\"breadcrumb\":{\"@id\":\"https:\/\/radiolifefm.com.br\/noticias\/jufai-2026-educacao-fisica-larga-na-frente-apos-primeira-noite-de-competicoes\/#breadcrumb\"},\"inLanguage\":\"pt-BR\",\"potentialAction\":[{\"@type\":\"ReadAction\",\"target\":[\"https:\/\/radiolifefm.com.br\/noticias\/jufai-2026-educacao-fisica-larga-na-frente-apos-primeira-noite-de-competicoes\/\"]}]},{\"@type\":\"ImageObject\",\"inLanguage\":\"pt-BR\",\"@id\":\"https:\/\/radiolifefm.com.br\/noticias\/jufai-2026-educacao-fisica-larga-na-frente-apos-primeira-noite-de-competicoes\/#primaryimage\",\"url\":\"https:\/\/radiolifefm.com.br\/noticias\/wp-content\/uploads\/2026\/04\/JUFAI1.png\",\"contentUrl\":\"https:\/\/radiolifefm.com.br\/noticias\/wp-content\/uploads\/2026\/04\/JUFAI1.png\",\"width\":805,\"height\":560,\"caption\":\"Jogos Unificados da FAI reuniu delega\u00e7\u00f5es em disputas de quadra, campo e e-sports nesta segunda-feira\"},{\"@type\":\"BreadcrumbList\",\"@id\":\"https:\/\/radiolifefm.com.br\/noticias\/jufai-2026-educacao-fisica-larga-na-frente-apos-primeira-noite-de-competicoes\/#breadcrumb\",\"itemListElement\":[{\"@type\":\"ListItem\",\"position\":1,\"name\":\"In\u00edcio\",\"item\":\"https:\/\/radiolifefm.com.br\/noticias\/\"},{\"@type\":\"ListItem\",\"position\":2,\"name\":\"JUFAI 2026: Educa\u00e7\u00e3o F\u00edsica larga na frente ap\u00f3s primeira noite de competi\u00e7\u00f5es\"}]},{\"@type\":\"WebSite\",\"@id\":\"https:\/\/radiolifefm.com.br\/noticias\/#website\",\"url\":\"https:\/\/radiolifefm.com.br\/noticias\/\",\"name\":\"R\u00e1dio Life FM\",\"description\":\"O Portal de Not\u00edcias de Adamantina\",\"publisher\":{\"@id\":\"https:\/\/radiolifefm.com.br\/noticias\/#organization\"},\"alternateName\":\"Life FM\",\"potentialAction\":[{\"@type\":\"SearchAction\",\"target\":{\"@type\":\"EntryPoint\",\"urlTemplate\":\"https:\/\/radiolifefm.com.br\/noticias\/?s={search_term_string}\"},\"query-input\":{\"@type\":\"PropertyValueSpecification\",\"valueRequired\":true,\"valueName\":\"search_term_string\"}}],\"inLanguage\":\"pt-BR\"},{\"@type\":\"Organization\",\"@id\":\"https:\/\/radiolifefm.com.br\/noticias\/#organization\",\"name\":\"R\u00e1dio Life FM\",\"alternateName\":\"Life FM\",\"url\":\"https:\/\/radiolifefm.com.br\/noticias\/\",\"logo\":{\"@type\":\"ImageObject\",\"inLanguage\":\"pt-BR\",\"@id\":\"https:\/\/radiolifefm.com.br\/noticias\/#\/schema\/logo\/image\/\",\"url\":\"https:\/\/static.radiolifefm.com.br\/noticias\/wp-content\/uploads\/2019\/10\/logo-lifefm.png\",\"contentUrl\":\"https:\/\/static.radiolifefm.com.br\/noticias\/wp-content\/uploads\/2019\/10\/logo-lifefm.png\",\"width\":196,\"height\":47,\"caption\":\"R\u00e1dio Life FM\"},\"image\":{\"@id\":\"https:\/\/radiolifefm.com.br\/noticias\/#\/schema\/logo\/image\/\"},\"sameAs\":[\"https:\/\/www.facebook.com\/radiolifefm\/\",\"https:\/\/www.instagram.com\/life1079fm\/\"]},{\"@type\":\"Person\",\"@id\":\"https:\/\/radiolifefm.com.br\/noticias\/#\/schema\/person\/6339b9fac59d12b071dec680d7375d87\",\"name\":\"ritanery\",\"image\":{\"@type\":\"ImageObject\",\"inLanguage\":\"pt-BR\",\"@id\":\"https:\/\/secure.gravatar.com\/avatar\/0e37bb19071f47c0b8a23f62a903df117c5a0e75f65a0c2901562f97cd41cf86?s=96&d=mm&r=g\",\"url\":\"https:\/\/secure.gravatar.com\/avatar\/0e37bb19071f47c0b8a23f62a903df117c5a0e75f65a0c2901562f97cd41cf86?s=96&d=mm&r=g\",\"contentUrl\":\"https:\/\/secure.gravatar.com\/avatar\/0e37bb19071f47c0b8a23f62a903df117c5a0e75f65a0c2901562f97cd41cf86?s=96&d=mm&r=g\",\"caption\":\"ritanery\"}}]}<\/script>\n<!-- \/ Yoast SEO plugin. -->","yoast_head_json":{"title":"JUFAI 2026: Educa\u00e7\u00e3o F\u00edsica larga na frente ap\u00f3s primeira noite de competi\u00e7\u00f5es - R\u00e1dio Life FM","robots":{"index":"index","follow":"follow","max-snippet":"max-snippet:-1","max-image-preview":"max-image-preview:large","max-video-preview":"max-video-preview:-1"},"canonical":"https:\/\/radiolifefm.com.br\/noticias\/jufai-2026-educacao-fisica-larga-na-frente-apos-primeira-noite-de-competicoes\/","og_locale":"pt_BR","og_type":"article","og_title":"JUFAI 2026: Educa\u00e7\u00e3o F\u00edsica larga na frente ap\u00f3s primeira noite de competi\u00e7\u00f5es - R\u00e1dio Life FM","og_description":"Na noite desta \u00faltima segunda-feira (27), o Centro Universit\u00e1rio de Adamantina &#8211; FAI deu a largada oficial para os aguardados Jogos Unificados da FAI (JUFAI 2026). Com uma programa\u00e7\u00e3o intensa que se estendeu at\u00e9 o fim da noite no Gin\u00e1sio Paulo Camargo, no Campus III e nas quadras anexas, o evento j\u00e1 demonstrou o alto [&hellip;]","og_url":"https:\/\/radiolifefm.com.br\/noticias\/jufai-2026-educacao-fisica-larga-na-frente-apos-primeira-noite-de-competicoes\/","og_site_name":"R\u00e1dio Life FM","article_publisher":"https:\/\/www.facebook.com\/radiolifefm\/","article_published_time":"2026-04-29T02:20:55+00:00","article_modified_time":"2026-04-29T03:27:06+00:00","og_image":[{"width":805,"height":560,"url":"https:\/\/radiolifefm.com.br\/noticias\/wp-content\/uploads\/2026\/04\/JUFAI1.png","type":"image\/png"}],"author":"ritanery","twitter_card":"summary_large_image","twitter_misc":{"Escrito por":"ritanery","Est. tempo de leitura":"3 minutos"},"schema":{"@context":"https:\/\/schema.org","@graph":[{"@type":"Article","@id":"https:\/\/radiolifefm.com.br\/noticias\/jufai-2026-educacao-fisica-larga-na-frente-apos-primeira-noite-de-competicoes\/#article","isPartOf":{"@id":"https:\/\/radiolifefm.com.br\/noticias\/jufai-2026-educacao-fisica-larga-na-frente-apos-primeira-noite-de-competicoes\/"},"author":{"name":"ritanery","@id":"https:\/\/radiolifefm.com.br\/noticias\/#\/schema\/person\/6339b9fac59d12b071dec680d7375d87"},"headline":"JUFAI 2026: Educa\u00e7\u00e3o F\u00edsica larga na frente ap\u00f3s primeira noite de competi\u00e7\u00f5es","datePublished":"2026-04-29T02:20:55+00:00","dateModified":"2026-04-29T03:27:06+00:00","mainEntityOfPage":{"@id":"https:\/\/radiolifefm.com.br\/noticias\/jufai-2026-educacao-fisica-larga-na-frente-apos-primeira-noite-de-competicoes\/"},"wordCount":364,"publisher":{"@id":"https:\/\/radiolifefm.com.br\/noticias\/#organization"},"image":{"@id":"https:\/\/radiolifefm.com.br\/noticias\/jufai-2026-educacao-fisica-larga-na-frente-apos-primeira-noite-de-competicoes\/#primaryimage"},"thumbnailUrl":"https:\/\/radiolifefm.com.br\/noticias\/wp-content\/uploads\/2026\/04\/JUFAI1.png","articleSection":["Adamantina","Educa\u00e7\u00e3o","Esporte"],"inLanguage":"pt-BR"},{"@type":"WebPage","@id":"https:\/\/radiolifefm.com.br\/noticias\/jufai-2026-educacao-fisica-larga-na-frente-apos-primeira-noite-de-competicoes\/","url":"https:\/\/radiolifefm.com.br\/noticias\/jufai-2026-educacao-fisica-larga-na-frente-apos-primeira-noite-de-competicoes\/","name":"JUFAI 2026: Educa\u00e7\u00e3o F\u00edsica larga na frente ap\u00f3s primeira noite de competi\u00e7\u00f5es - R\u00e1dio Life FM","isPartOf":{"@id":"https:\/\/radiolifefm.com.br\/noticias\/#website"},"primaryImageOfPage":{"@id":"https:\/\/radiolifefm.com.br\/noticias\/jufai-2026-educacao-fisica-larga-na-frente-apos-primeira-noite-de-competicoes\/#primaryimage"},"image":{"@id":"https:\/\/radiolifefm.com.br\/noticias\/jufai-2026-educacao-fisica-larga-na-frente-apos-primeira-noite-de-competicoes\/#primaryimage"},"thumbnailUrl":"https:\/\/radiolifefm.com.br\/noticias\/wp-content\/uploads\/2026\/04\/JUFAI1.png","datePublished":"2026-04-29T02:20:55+00:00","dateModified":"2026-04-29T03:27:06+00:00","breadcrumb":{"@id":"https:\/\/radiolifefm.com.br\/noticias\/jufai-2026-educacao-fisica-larga-na-frente-apos-primeira-noite-de-competicoes\/#breadcrumb"},"inLanguage":"pt-BR","potentialAction":[{"@type":"ReadAction","target":["https:\/\/radiolifefm.com.br\/noticias\/jufai-2026-educacao-fisica-larga-na-frente-apos-primeira-noite-de-competicoes\/"]}]},{"@type":"ImageObject","inLanguage":"pt-BR","@id":"https:\/\/radiolifefm.com.br\/noticias\/jufai-2026-educacao-fisica-larga-na-frente-apos-primeira-noite-de-competicoes\/#primaryimage","url":"https:\/\/radiolifefm.com.br\/noticias\/wp-content\/uploads\/2026\/04\/JUFAI1.png","contentUrl":"https:\/\/radiolifefm.com.br\/noticias\/wp-content\/uploads\/2026\/04\/JUFAI1.png","width":805,"height":560,"caption":"Jogos Unificados da FAI reuniu delega\u00e7\u00f5es em disputas de quadra, campo e e-sports nesta segunda-feira"},{"@type":"BreadcrumbList","@id":"https:\/\/radiolifefm.com.br\/noticias\/jufai-2026-educacao-fisica-larga-na-frente-apos-primeira-noite-de-competicoes\/#breadcrumb","itemListElement":[{"@type":"ListItem","position":1,"name":"In\u00edcio","item":"https:\/\/radiolifefm.com.br\/noticias\/"},{"@type":"ListItem","position":2,"name":"JUFAI 2026: Educa\u00e7\u00e3o F\u00edsica larga na frente ap\u00f3s primeira noite de competi\u00e7\u00f5es"}]},{"@type":"WebSite","@id":"https:\/\/radiolifefm.com.br\/noticias\/#website","url":"https:\/\/radiolifefm.com.br\/noticias\/","name":"R\u00e1dio Life FM","description":"O Portal de Not\u00edcias de Adamantina","publisher":{"@id":"https:\/\/radiolifefm.com.br\/noticias\/#organization"},"alternateName":"Life FM","potentialAction":[{"@type":"SearchAction","target":{"@type":"EntryPoint","urlTemplate":"https:\/\/radiolifefm.com.br\/noticias\/?s={search_term_string}"},"query-input":{"@type":"PropertyValueSpecification","valueRequired":true,"valueName":"search_term_string"}}],"inLanguage":"pt-BR"},{"@type":"Organization","@id":"https:\/\/radiolifefm.com.br\/noticias\/#organization","name":"R\u00e1dio Life FM","alternateName":"Life FM","url":"https:\/\/radiolifefm.com.br\/noticias\/","logo":{"@type":"ImageObject","inLanguage":"pt-BR","@id":"https:\/\/radiolifefm.com.br\/noticias\/#\/schema\/logo\/image\/","url":"https:\/\/static.radiolifefm.com.br\/noticias\/wp-content\/uploads\/2019\/10\/logo-lifefm.png","contentUrl":"https:\/\/static.radiolifefm.com.br\/noticias\/wp-content\/uploads\/2019\/10\/logo-lifefm.png","width":196,"height":47,"caption":"R\u00e1dio Life FM"},"image":{"@id":"https:\/\/radiolifefm.com.br\/noticias\/#\/schema\/logo\/image\/"},"sameAs":["https:\/\/www.facebook.com\/radiolifefm\/","https:\/\/www.instagram.com\/life1079fm\/"]},{"@type":"Person","@id":"https:\/\/radiolifefm.com.br\/noticias\/#\/schema\/person\/6339b9fac59d12b071dec680d7375d87","name":"ritanery","image":{"@type":"ImageObject","inLanguage":"pt-BR","@id":"https:\/\/secure.gravatar.com\/avatar\/0e37bb19071f47c0b8a23f62a903df117c5a0e75f65a0c2901562f97cd41cf86?s=96&d=mm&r=g","url":"https:\/\/secure.gravatar.com\/avatar\/0e37bb19071f47c0b8a23f62a903df117c5a0e75f65a0c2901562f97cd41cf86?s=96&d=mm&r=g","contentUrl":"https:\/\/secure.gravatar.com\/avatar\/0e37bb19071f47c0b8a23f62a903df117c5a0e75f65a0c2901562f97cd41cf86?s=96&d=mm&r=g","caption":"ritanery"}}]}},"amp_enabled":true,"_links":{"self":[{"href":"https:\/\/radiolifefm.com.br\/noticias\/wp-json\/wp\/v2\/posts\/119519","targetHints":{"allow":["GET"]}}],"collection":[{"href":"https:\/\/radiolifefm.com.br\/noticias\/wp-json\/wp\/v2\/posts"}],"about":[{"href":"https:\/\/radiolifefm.com.br\/noticias\/wp-json\/wp\/v2\/types\/post"}],"author":[{"embeddable":true,"href":"https:\/\/radiolifefm.com.br\/noticias\/wp-json\/wp\/v2\/users\/13"}],"replies":[{"embeddable":true,"href":"https:\/\/radiolifefm.com.br\/noticias\/wp-json\/wp\/v2\/comments?post=119519"}],"version-history":[{"count":1,"href":"https:\/\/radiolifefm.com.br\/noticias\/wp-json\/wp\/v2\/posts\/119519\/revisions"}],"predecessor-version":[{"id":119521,"href":"https:\/\/radiolifefm.com.br\/noticias\/wp-json\/wp\/v2\/posts\/119519\/revisions\/119521"}],"wp:featuredmedia":[{"embeddable":true,"href":"https:\/\/radiolifefm.com.br\/noticias\/wp-json\/wp\/v2\/media\/119520"}],"wp:attachment":[{"href":"https:\/\/radiolifefm.com.br\/noticias\/wp-json\/wp\/v2\/media?parent=119519"}],"wp:term":[{"taxonomy":"category","embeddable":true,"href":"https:\/\/radiolifefm.com.br\/noticias\/wp-json\/wp\/v2\/categories?post=119519"},{"taxonomy":"post_tag","embeddable":true,"href":"https:\/\/radiolifefm.com.br\/noticias\/wp-json\/wp\/v2\/tags?post=119519"}],"curies":[{"name":"wp","href":"https:\/\/api.w.org\/{rel}","templated":true}]}}