{"id":119495,"date":"2026-04-28T15:44:45","date_gmt":"2026-04-28T18:44:45","guid":{"rendered":"https:\/\/radiolifefm.com.br\/noticias\/?p=119495"},"modified":"2026-04-28T23:54:24","modified_gmt":"2026-04-29T02:54:24","slug":"quem-cuida-tambem-adoece-o-alerta-urgente-sobre-cuidadores-de-idosos-que-ninguem-quer-ouvir","status":"publish","type":"post","link":"https:\/\/radiolifefm.com.br\/noticias\/quem-cuida-tambem-adoece-o-alerta-urgente-sobre-cuidadores-de-idosos-que-ninguem-quer-ouvir\/","title":{"rendered":"Quem cuida tamb\u00e9m adoece: o alerta urgente sobre cuidadores de idosos que ningu\u00e9m quer ouvir"},"content":{"rendered":"<div id=\"fb-root\"><\/div>\n<p>No Jornal do Meio Dia desta ter\u00e7a-feira (28\/4), o foco foi um tema urgente e muitas vezes invis\u00edvel: a sa\u00fade emocional e f\u00edsica de quem cuida de idosos com dem\u00eancia.<br \/>\nA apresentadora Lucia Prado conduziu uma conversa direta e objetiva com o Professor Doutor F\u00e1bio Botteon, especialista em Gest\u00e3o de Pessoas e palestrante do tema \u201cO Autocuidado de quem cuida\u201d.<\/p>\n<div class='flex flex-wrap items-center -mx-1'>\r\n<a class='thumbnail gallery p-1 w-1\/2 md:w-1\/4' href='https:\/\/radiolifefm.com.br\/noticias\/wp-content\/uploads\/2026\/04\/WhatsApp-Image-2026-04-28-at-13.20.01.jpeg'><img class='border border-white' src='https:\/\/radiolifefm.com.br\/noticias\/wp-content\/uploads\/2026\/04\/WhatsApp-Image-2026-04-28-at-13.20.01-200x200.jpeg' alt='WhatsApp Image 2026 04 28 At 13.20.01' \/><\/a><a class='thumbnail gallery p-1 w-1\/2 md:w-1\/4' href='https:\/\/radiolifefm.com.br\/noticias\/wp-content\/uploads\/2026\/04\/WhatsApp-Image-2026-04-28-at-13.20.00.jpeg'><img class='border border-white' src='https:\/\/radiolifefm.com.br\/noticias\/wp-content\/uploads\/2026\/04\/WhatsApp-Image-2026-04-28-at-13.20.00-200x200.jpeg' alt='WhatsApp Image 2026 04 28 At 13.20.00' \/><\/a><\/div>\n<p>A entrevista trouxe reflex\u00f5es importantes sobre os desafios enfrentados por cuidadores e caminhos para evitar o esgotamento.<br \/>\nDurante a entrevista, o professor destacou pontos essenciais:<\/p>\n<div class='flex flex-wrap items-center -mx-1'>\r\n<a class='thumbnail gallery p-1 w-1\/2 md:w-1\/4' href='https:\/\/radiolifefm.com.br\/noticias\/wp-content\/uploads\/2026\/04\/WhatsApp-Image-2026-04-28-at-13.19.59.jpeg'><img class='border border-white' src='https:\/\/radiolifefm.com.br\/noticias\/wp-content\/uploads\/2026\/04\/WhatsApp-Image-2026-04-28-at-13.19.59-200x200.jpeg' alt='WhatsApp Image 2026 04 28 At 13.19.59' \/><\/a><a class='thumbnail gallery p-1 w-1\/2 md:w-1\/4' href='https:\/\/radiolifefm.com.br\/noticias\/wp-content\/uploads\/2026\/04\/WhatsApp-Image-2026-04-28-at-13.19.59-2.jpeg'><img class='border border-white' src='https:\/\/radiolifefm.com.br\/noticias\/wp-content\/uploads\/2026\/04\/WhatsApp-Image-2026-04-28-at-13.19.59-2-200x200.jpeg' alt='WhatsApp Image 2026 04 28 At 13.19.59 (2)' \/><\/a><\/div>\n<p>\u201cSer cuidador \u00e9 diferente de ser apenas acompanhante\u201d \u2014 exige preparo emocional, responsabilidade e envolvimento real com o outro.<br \/>\n\u201cO cuidador muitas vezes adoece junto com o paciente\u201d, devido \u00e0 sobrecarga f\u00edsica e mental.<br \/>\nReconhecer os limites \u00e9 fundamental para evitar o esgotamento e preservar a pr\u00f3pria sa\u00fade.<br \/>\n\u201cAprender a lidar com a \u2018inutilidade\u2019 do outro\u201d \u2014 compreender as limita\u00e7\u00f5es do idoso com empatia e respeito.<br \/>\nA profiss\u00e3o de cuidador \u00e9 reconhecida pelo CBO (Classifica\u00e7\u00e3o Brasileira de Ocupa\u00e7\u00f5es), refor\u00e7ando sua import\u00e2ncia e seriedade.<br \/>\n\u201cO luto \u00e9 aprender a viver com a aus\u00eancia\u201d \u2014 mesmo com a pessoa presente, h\u00e1 perdas cognitivas e emocionais.<br \/>\n\u201cA saudade s\u00f3 existe onde h\u00e1 amor\u201d, destacando o v\u00ednculo afetivo nesse processo.<\/p>\n<div class='flex flex-wrap items-center -mx-1'>\r\n<a class='thumbnail gallery p-1 w-1\/2 md:w-1\/4' href='https:\/\/radiolifefm.com.br\/noticias\/wp-content\/uploads\/2026\/04\/WhatsApp-Image-2026-04-28-at-13.20.02-1.jpeg'><img class='border border-white' src='https:\/\/radiolifefm.com.br\/noticias\/wp-content\/uploads\/2026\/04\/WhatsApp-Image-2026-04-28-at-13.20.02-1-200x200.jpeg' alt='WhatsApp Image 2026 04 28 At 13.20.02 (1)' \/><\/a><a class='thumbnail gallery p-1 w-1\/2 md:w-1\/4' href='https:\/\/radiolifefm.com.br\/noticias\/wp-content\/uploads\/2026\/04\/WhatsApp-Image-2026-04-28-at-13.23.51.jpeg'><img class='border border-white' src='https:\/\/radiolifefm.com.br\/noticias\/wp-content\/uploads\/2026\/04\/WhatsApp-Image-2026-04-28-at-13.23.51-200x200.jpeg' alt='WhatsApp Image 2026 04 28 At 13.23.51' \/><\/a><\/div>\n<p>A import\u00e2ncia do autocuidado, com aten\u00e7\u00e3o especial \u00e0 sa\u00fade mental.<br \/>\nA pr\u00e1tica de exerc\u00edcios f\u00edsicos e atividades prazerosas como culin\u00e1ria e jardinagem como formas de equil\u00edbrio emocional.<\/p>\n<div class='flex flex-wrap items-center -mx-1'>\r\n<a class='thumbnail gallery p-1 w-1\/2 md:w-1\/4' href='https:\/\/radiolifefm.com.br\/noticias\/wp-content\/uploads\/2026\/04\/WhatsApp-Image-2026-04-28-at-13.23.51-1.jpeg'><img class='border border-white' src='https:\/\/radiolifefm.com.br\/noticias\/wp-content\/uploads\/2026\/04\/WhatsApp-Image-2026-04-28-at-13.23.51-1-200x200.jpeg' alt='WhatsApp Image 2026 04 28 At 13.23.51 (1)' \/><\/a><a class='thumbnail gallery p-1 w-1\/2 md:w-1\/4' href='https:\/\/radiolifefm.com.br\/noticias\/wp-content\/uploads\/2026\/04\/WhatsApp-Image-2026-04-28-at-13.23.50.jpeg'><img class='border border-white' src='https:\/\/radiolifefm.com.br\/noticias\/wp-content\/uploads\/2026\/04\/WhatsApp-Image-2026-04-28-at-13.23.50-200x200.jpeg' alt='WhatsApp Image 2026 04 28 At 13.23.50' \/><\/a><\/div>\n<p>A entrevista refor\u00e7ou uma mensagem central: cuidar de si n\u00e3o \u00e9 ego\u00edsmo, \u00e9 condi\u00e7\u00e3o essencial para cuidar bem do outro.<\/p>\n<p>Confira na integra:\u00a0\u00a0<a href=\"https:\/\/youtube.com\/live\/rFmSss9xl7w?feature=share\">https:\/\/youtube.com\/live\/rFmSss9xl7w?feature=share<\/a><\/p>\n","protected":false},"excerpt":{"rendered":"<p>No Jornal do Meio Dia desta ter\u00e7a-feira (28\/4), o foco foi um tema urgente e muitas vezes invis\u00edvel: a sa\u00fade emocional e f\u00edsica de quem cuida de idosos com dem\u00eancia. A apresentadora Lucia Prado conduziu uma conversa direta e objetiva com o Professor Doutor F\u00e1bio Botteon, especialista em Gest\u00e3o de Pessoas e palestrante do tema [&hellip;]<\/p>\n","protected":false},"author":8,"featured_media":119498,"comment_status":"closed","ping_status":"open","sticky":false,"template":"","format":"standard","meta":{"_acf_changed":false,"_exactmetrics_skip_tracking":false,"_exactmetrics_sitenote_active":false,"_exactmetrics_sitenote_note":"","_exactmetrics_sitenote_category":0,"footnotes":""},"categories":[2],"tags":[],"class_list":["post-119495","post","type-post","status-publish","format-standard","has-post-thumbnail","hentry","category-jornal-do-meio-dia"],"acf":[],"yoast_head":"<!-- This site is optimized with the Yoast SEO plugin v27.2 - https:\/\/yoast.com\/product\/yoast-seo-wordpress\/ -->\n<title>Quem cuida tamb\u00e9m adoece: o alerta urgente sobre cuidadores de idosos que ningu\u00e9m quer ouvir - R\u00e1dio Life FM<\/title>\n<meta name=\"robots\" content=\"index, follow, max-snippet:-1, max-image-preview:large, max-video-preview:-1\" \/>\n<link rel=\"canonical\" href=\"https:\/\/radiolifefm.com.br\/noticias\/quem-cuida-tambem-adoece-o-alerta-urgente-sobre-cuidadores-de-idosos-que-ninguem-quer-ouvir\/\" \/>\n<meta property=\"og:locale\" content=\"pt_BR\" \/>\n<meta property=\"og:type\" content=\"article\" \/>\n<meta property=\"og:title\" content=\"Quem cuida tamb\u00e9m adoece: o alerta urgente sobre cuidadores de idosos que ningu\u00e9m quer ouvir - R\u00e1dio Life FM\" \/>\n<meta property=\"og:description\" content=\"No Jornal do Meio Dia desta ter\u00e7a-feira (28\/4), o foco foi um tema urgente e muitas vezes invis\u00edvel: a sa\u00fade emocional e f\u00edsica de quem cuida de idosos com dem\u00eancia. A apresentadora Lucia Prado conduziu uma conversa direta e objetiva com o Professor Doutor F\u00e1bio Botteon, especialista em Gest\u00e3o de Pessoas e palestrante do tema [&hellip;]\" \/>\n<meta property=\"og:url\" content=\"https:\/\/radiolifefm.com.br\/noticias\/quem-cuida-tambem-adoece-o-alerta-urgente-sobre-cuidadores-de-idosos-que-ninguem-quer-ouvir\/\" \/>\n<meta property=\"og:site_name\" content=\"R\u00e1dio Life FM\" \/>\n<meta property=\"article:publisher\" content=\"https:\/\/www.facebook.com\/radiolifefm\/\" \/>\n<meta property=\"article:published_time\" content=\"2026-04-28T18:44:45+00:00\" \/>\n<meta property=\"article:modified_time\" content=\"2026-04-29T02:54:24+00:00\" \/>\n<meta property=\"og:image\" content=\"https:\/\/radiolifefm.com.br\/noticias\/wp-content\/uploads\/2026\/04\/WhatsApp-Image-2026-04-28-at-13.23.51-2.jpeg\" \/>\n\t<meta property=\"og:image:width\" content=\"1366\" \/>\n\t<meta property=\"og:image:height\" content=\"768\" \/>\n\t<meta property=\"og:image:type\" content=\"image\/jpeg\" \/>\n<meta name=\"author\" content=\"joaograndao\" \/>\n<meta name=\"twitter:card\" content=\"summary_large_image\" \/>\n<meta name=\"twitter:label1\" content=\"Escrito por\" \/>\n\t<meta name=\"twitter:data1\" content=\"joaograndao\" \/>\n\t<meta name=\"twitter:label2\" content=\"Est. tempo de leitura\" \/>\n\t<meta name=\"twitter:data2\" content=\"2 minutos\" \/>\n<script type=\"application\/ld+json\" class=\"yoast-schema-graph\">{\"@context\":\"https:\/\/schema.org\",\"@graph\":[{\"@type\":\"Article\",\"@id\":\"https:\/\/radiolifefm.com.br\/noticias\/quem-cuida-tambem-adoece-o-alerta-urgente-sobre-cuidadores-de-idosos-que-ninguem-quer-ouvir\/#article\",\"isPartOf\":{\"@id\":\"https:\/\/radiolifefm.com.br\/noticias\/quem-cuida-tambem-adoece-o-alerta-urgente-sobre-cuidadores-de-idosos-que-ninguem-quer-ouvir\/\"},\"author\":{\"name\":\"joaograndao\",\"@id\":\"https:\/\/radiolifefm.com.br\/noticias\/#\/schema\/person\/6876e1240feffe6e1b63fd5cb85abf28\"},\"headline\":\"Quem cuida tamb\u00e9m adoece: o alerta urgente sobre cuidadores de idosos que ningu\u00e9m quer ouvir\",\"datePublished\":\"2026-04-28T18:44:45+00:00\",\"dateModified\":\"2026-04-29T02:54:24+00:00\",\"mainEntityOfPage\":{\"@id\":\"https:\/\/radiolifefm.com.br\/noticias\/quem-cuida-tambem-adoece-o-alerta-urgente-sobre-cuidadores-de-idosos-que-ninguem-quer-ouvir\/\"},\"wordCount\":308,\"publisher\":{\"@id\":\"https:\/\/radiolifefm.com.br\/noticias\/#organization\"},\"image\":{\"@id\":\"https:\/\/radiolifefm.com.br\/noticias\/quem-cuida-tambem-adoece-o-alerta-urgente-sobre-cuidadores-de-idosos-que-ninguem-quer-ouvir\/#primaryimage\"},\"thumbnailUrl\":\"https:\/\/radiolifefm.com.br\/noticias\/wp-content\/uploads\/2026\/04\/WhatsApp-Image-2026-04-28-at-13.23.51-2.jpeg\",\"articleSection\":[\"Jornal das 12h\"],\"inLanguage\":\"pt-BR\"},{\"@type\":\"WebPage\",\"@id\":\"https:\/\/radiolifefm.com.br\/noticias\/quem-cuida-tambem-adoece-o-alerta-urgente-sobre-cuidadores-de-idosos-que-ninguem-quer-ouvir\/\",\"url\":\"https:\/\/radiolifefm.com.br\/noticias\/quem-cuida-tambem-adoece-o-alerta-urgente-sobre-cuidadores-de-idosos-que-ninguem-quer-ouvir\/\",\"name\":\"Quem cuida tamb\u00e9m adoece: o alerta urgente sobre cuidadores de idosos que ningu\u00e9m quer ouvir - R\u00e1dio Life FM\",\"isPartOf\":{\"@id\":\"https:\/\/radiolifefm.com.br\/noticias\/#website\"},\"primaryImageOfPage\":{\"@id\":\"https:\/\/radiolifefm.com.br\/noticias\/quem-cuida-tambem-adoece-o-alerta-urgente-sobre-cuidadores-de-idosos-que-ninguem-quer-ouvir\/#primaryimage\"},\"image\":{\"@id\":\"https:\/\/radiolifefm.com.br\/noticias\/quem-cuida-tambem-adoece-o-alerta-urgente-sobre-cuidadores-de-idosos-que-ninguem-quer-ouvir\/#primaryimage\"},\"thumbnailUrl\":\"https:\/\/radiolifefm.com.br\/noticias\/wp-content\/uploads\/2026\/04\/WhatsApp-Image-2026-04-28-at-13.23.51-2.jpeg\",\"datePublished\":\"2026-04-28T18:44:45+00:00\",\"dateModified\":\"2026-04-29T02:54:24+00:00\",\"breadcrumb\":{\"@id\":\"https:\/\/radiolifefm.com.br\/noticias\/quem-cuida-tambem-adoece-o-alerta-urgente-sobre-cuidadores-de-idosos-que-ninguem-quer-ouvir\/#breadcrumb\"},\"inLanguage\":\"pt-BR\",\"potentialAction\":[{\"@type\":\"ReadAction\",\"target\":[\"https:\/\/radiolifefm.com.br\/noticias\/quem-cuida-tambem-adoece-o-alerta-urgente-sobre-cuidadores-de-idosos-que-ninguem-quer-ouvir\/\"]}]},{\"@type\":\"ImageObject\",\"inLanguage\":\"pt-BR\",\"@id\":\"https:\/\/radiolifefm.com.br\/noticias\/quem-cuida-tambem-adoece-o-alerta-urgente-sobre-cuidadores-de-idosos-que-ninguem-quer-ouvir\/#primaryimage\",\"url\":\"https:\/\/radiolifefm.com.br\/noticias\/wp-content\/uploads\/2026\/04\/WhatsApp-Image-2026-04-28-at-13.23.51-2.jpeg\",\"contentUrl\":\"https:\/\/radiolifefm.com.br\/noticias\/wp-content\/uploads\/2026\/04\/WhatsApp-Image-2026-04-28-at-13.23.51-2.jpeg\",\"width\":1366,\"height\":768},{\"@type\":\"BreadcrumbList\",\"@id\":\"https:\/\/radiolifefm.com.br\/noticias\/quem-cuida-tambem-adoece-o-alerta-urgente-sobre-cuidadores-de-idosos-que-ninguem-quer-ouvir\/#breadcrumb\",\"itemListElement\":[{\"@type\":\"ListItem\",\"position\":1,\"name\":\"In\u00edcio\",\"item\":\"https:\/\/radiolifefm.com.br\/noticias\/\"},{\"@type\":\"ListItem\",\"position\":2,\"name\":\"Quem cuida tamb\u00e9m adoece: o alerta urgente sobre cuidadores de idosos que ningu\u00e9m quer ouvir\"}]},{\"@type\":\"WebSite\",\"@id\":\"https:\/\/radiolifefm.com.br\/noticias\/#website\",\"url\":\"https:\/\/radiolifefm.com.br\/noticias\/\",\"name\":\"R\u00e1dio Life FM\",\"description\":\"O Portal de Not\u00edcias de Adamantina\",\"publisher\":{\"@id\":\"https:\/\/radiolifefm.com.br\/noticias\/#organization\"},\"alternateName\":\"Life FM\",\"potentialAction\":[{\"@type\":\"SearchAction\",\"target\":{\"@type\":\"EntryPoint\",\"urlTemplate\":\"https:\/\/radiolifefm.com.br\/noticias\/?s={search_term_string}\"},\"query-input\":{\"@type\":\"PropertyValueSpecification\",\"valueRequired\":true,\"valueName\":\"search_term_string\"}}],\"inLanguage\":\"pt-BR\"},{\"@type\":\"Organization\",\"@id\":\"https:\/\/radiolifefm.com.br\/noticias\/#organization\",\"name\":\"R\u00e1dio Life FM\",\"alternateName\":\"Life FM\",\"url\":\"https:\/\/radiolifefm.com.br\/noticias\/\",\"logo\":{\"@type\":\"ImageObject\",\"inLanguage\":\"pt-BR\",\"@id\":\"https:\/\/radiolifefm.com.br\/noticias\/#\/schema\/logo\/image\/\",\"url\":\"https:\/\/static.radiolifefm.com.br\/noticias\/wp-content\/uploads\/2019\/10\/logo-lifefm.png\",\"contentUrl\":\"https:\/\/static.radiolifefm.com.br\/noticias\/wp-content\/uploads\/2019\/10\/logo-lifefm.png\",\"width\":196,\"height\":47,\"caption\":\"R\u00e1dio Life FM\"},\"image\":{\"@id\":\"https:\/\/radiolifefm.com.br\/noticias\/#\/schema\/logo\/image\/\"},\"sameAs\":[\"https:\/\/www.facebook.com\/radiolifefm\/\",\"https:\/\/www.instagram.com\/life1079fm\/\"]},{\"@type\":\"Person\",\"@id\":\"https:\/\/radiolifefm.com.br\/noticias\/#\/schema\/person\/6876e1240feffe6e1b63fd5cb85abf28\",\"name\":\"joaograndao\",\"image\":{\"@type\":\"ImageObject\",\"inLanguage\":\"pt-BR\",\"@id\":\"https:\/\/secure.gravatar.com\/avatar\/d5b1a3cf357ed9c50404e256a1294083aa8ab5d2a994001567302786016cb32c?s=96&d=mm&r=g\",\"url\":\"https:\/\/secure.gravatar.com\/avatar\/d5b1a3cf357ed9c50404e256a1294083aa8ab5d2a994001567302786016cb32c?s=96&d=mm&r=g\",\"contentUrl\":\"https:\/\/secure.gravatar.com\/avatar\/d5b1a3cf357ed9c50404e256a1294083aa8ab5d2a994001567302786016cb32c?s=96&d=mm&r=g\",\"caption\":\"joaograndao\"}}]}<\/script>\n<!-- \/ Yoast SEO plugin. -->","yoast_head_json":{"title":"Quem cuida tamb\u00e9m adoece: o alerta urgente sobre cuidadores de idosos que ningu\u00e9m quer ouvir - R\u00e1dio Life FM","robots":{"index":"index","follow":"follow","max-snippet":"max-snippet:-1","max-image-preview":"max-image-preview:large","max-video-preview":"max-video-preview:-1"},"canonical":"https:\/\/radiolifefm.com.br\/noticias\/quem-cuida-tambem-adoece-o-alerta-urgente-sobre-cuidadores-de-idosos-que-ninguem-quer-ouvir\/","og_locale":"pt_BR","og_type":"article","og_title":"Quem cuida tamb\u00e9m adoece: o alerta urgente sobre cuidadores de idosos que ningu\u00e9m quer ouvir - R\u00e1dio Life FM","og_description":"No Jornal do Meio Dia desta ter\u00e7a-feira (28\/4), o foco foi um tema urgente e muitas vezes invis\u00edvel: a sa\u00fade emocional e f\u00edsica de quem cuida de idosos com dem\u00eancia. A apresentadora Lucia Prado conduziu uma conversa direta e objetiva com o Professor Doutor F\u00e1bio Botteon, especialista em Gest\u00e3o de Pessoas e palestrante do tema [&hellip;]","og_url":"https:\/\/radiolifefm.com.br\/noticias\/quem-cuida-tambem-adoece-o-alerta-urgente-sobre-cuidadores-de-idosos-que-ninguem-quer-ouvir\/","og_site_name":"R\u00e1dio Life FM","article_publisher":"https:\/\/www.facebook.com\/radiolifefm\/","article_published_time":"2026-04-28T18:44:45+00:00","article_modified_time":"2026-04-29T02:54:24+00:00","og_image":[{"width":1366,"height":768,"url":"https:\/\/radiolifefm.com.br\/noticias\/wp-content\/uploads\/2026\/04\/WhatsApp-Image-2026-04-28-at-13.23.51-2.jpeg","type":"image\/jpeg"}],"author":"joaograndao","twitter_card":"summary_large_image","twitter_misc":{"Escrito por":"joaograndao","Est. tempo de leitura":"2 minutos"},"schema":{"@context":"https:\/\/schema.org","@graph":[{"@type":"Article","@id":"https:\/\/radiolifefm.com.br\/noticias\/quem-cuida-tambem-adoece-o-alerta-urgente-sobre-cuidadores-de-idosos-que-ninguem-quer-ouvir\/#article","isPartOf":{"@id":"https:\/\/radiolifefm.com.br\/noticias\/quem-cuida-tambem-adoece-o-alerta-urgente-sobre-cuidadores-de-idosos-que-ninguem-quer-ouvir\/"},"author":{"name":"joaograndao","@id":"https:\/\/radiolifefm.com.br\/noticias\/#\/schema\/person\/6876e1240feffe6e1b63fd5cb85abf28"},"headline":"Quem cuida tamb\u00e9m adoece: o alerta urgente sobre cuidadores de idosos que ningu\u00e9m quer ouvir","datePublished":"2026-04-28T18:44:45+00:00","dateModified":"2026-04-29T02:54:24+00:00","mainEntityOfPage":{"@id":"https:\/\/radiolifefm.com.br\/noticias\/quem-cuida-tambem-adoece-o-alerta-urgente-sobre-cuidadores-de-idosos-que-ninguem-quer-ouvir\/"},"wordCount":308,"publisher":{"@id":"https:\/\/radiolifefm.com.br\/noticias\/#organization"},"image":{"@id":"https:\/\/radiolifefm.com.br\/noticias\/quem-cuida-tambem-adoece-o-alerta-urgente-sobre-cuidadores-de-idosos-que-ninguem-quer-ouvir\/#primaryimage"},"thumbnailUrl":"https:\/\/radiolifefm.com.br\/noticias\/wp-content\/uploads\/2026\/04\/WhatsApp-Image-2026-04-28-at-13.23.51-2.jpeg","articleSection":["Jornal das 12h"],"inLanguage":"pt-BR"},{"@type":"WebPage","@id":"https:\/\/radiolifefm.com.br\/noticias\/quem-cuida-tambem-adoece-o-alerta-urgente-sobre-cuidadores-de-idosos-que-ninguem-quer-ouvir\/","url":"https:\/\/radiolifefm.com.br\/noticias\/quem-cuida-tambem-adoece-o-alerta-urgente-sobre-cuidadores-de-idosos-que-ninguem-quer-ouvir\/","name":"Quem cuida tamb\u00e9m adoece: o alerta urgente sobre cuidadores de idosos que ningu\u00e9m quer ouvir - R\u00e1dio Life FM","isPartOf":{"@id":"https:\/\/radiolifefm.com.br\/noticias\/#website"},"primaryImageOfPage":{"@id":"https:\/\/radiolifefm.com.br\/noticias\/quem-cuida-tambem-adoece-o-alerta-urgente-sobre-cuidadores-de-idosos-que-ninguem-quer-ouvir\/#primaryimage"},"image":{"@id":"https:\/\/radiolifefm.com.br\/noticias\/quem-cuida-tambem-adoece-o-alerta-urgente-sobre-cuidadores-de-idosos-que-ninguem-quer-ouvir\/#primaryimage"},"thumbnailUrl":"https:\/\/radiolifefm.com.br\/noticias\/wp-content\/uploads\/2026\/04\/WhatsApp-Image-2026-04-28-at-13.23.51-2.jpeg","datePublished":"2026-04-28T18:44:45+00:00","dateModified":"2026-04-29T02:54:24+00:00","breadcrumb":{"@id":"https:\/\/radiolifefm.com.br\/noticias\/quem-cuida-tambem-adoece-o-alerta-urgente-sobre-cuidadores-de-idosos-que-ninguem-quer-ouvir\/#breadcrumb"},"inLanguage":"pt-BR","potentialAction":[{"@type":"ReadAction","target":["https:\/\/radiolifefm.com.br\/noticias\/quem-cuida-tambem-adoece-o-alerta-urgente-sobre-cuidadores-de-idosos-que-ninguem-quer-ouvir\/"]}]},{"@type":"ImageObject","inLanguage":"pt-BR","@id":"https:\/\/radiolifefm.com.br\/noticias\/quem-cuida-tambem-adoece-o-alerta-urgente-sobre-cuidadores-de-idosos-que-ninguem-quer-ouvir\/#primaryimage","url":"https:\/\/radiolifefm.com.br\/noticias\/wp-content\/uploads\/2026\/04\/WhatsApp-Image-2026-04-28-at-13.23.51-2.jpeg","contentUrl":"https:\/\/radiolifefm.com.br\/noticias\/wp-content\/uploads\/2026\/04\/WhatsApp-Image-2026-04-28-at-13.23.51-2.jpeg","width":1366,"height":768},{"@type":"BreadcrumbList","@id":"https:\/\/radiolifefm.com.br\/noticias\/quem-cuida-tambem-adoece-o-alerta-urgente-sobre-cuidadores-de-idosos-que-ninguem-quer-ouvir\/#breadcrumb","itemListElement":[{"@type":"ListItem","position":1,"name":"In\u00edcio","item":"https:\/\/radiolifefm.com.br\/noticias\/"},{"@type":"ListItem","position":2,"name":"Quem cuida tamb\u00e9m adoece: o alerta urgente sobre cuidadores de idosos que ningu\u00e9m quer ouvir"}]},{"@type":"WebSite","@id":"https:\/\/radiolifefm.com.br\/noticias\/#website","url":"https:\/\/radiolifefm.com.br\/noticias\/","name":"R\u00e1dio Life FM","description":"O Portal de Not\u00edcias de Adamantina","publisher":{"@id":"https:\/\/radiolifefm.com.br\/noticias\/#organization"},"alternateName":"Life FM","potentialAction":[{"@type":"SearchAction","target":{"@type":"EntryPoint","urlTemplate":"https:\/\/radiolifefm.com.br\/noticias\/?s={search_term_string}"},"query-input":{"@type":"PropertyValueSpecification","valueRequired":true,"valueName":"search_term_string"}}],"inLanguage":"pt-BR"},{"@type":"Organization","@id":"https:\/\/radiolifefm.com.br\/noticias\/#organization","name":"R\u00e1dio Life FM","alternateName":"Life FM","url":"https:\/\/radiolifefm.com.br\/noticias\/","logo":{"@type":"ImageObject","inLanguage":"pt-BR","@id":"https:\/\/radiolifefm.com.br\/noticias\/#\/schema\/logo\/image\/","url":"https:\/\/static.radiolifefm.com.br\/noticias\/wp-content\/uploads\/2019\/10\/logo-lifefm.png","contentUrl":"https:\/\/static.radiolifefm.com.br\/noticias\/wp-content\/uploads\/2019\/10\/logo-lifefm.png","width":196,"height":47,"caption":"R\u00e1dio Life FM"},"image":{"@id":"https:\/\/radiolifefm.com.br\/noticias\/#\/schema\/logo\/image\/"},"sameAs":["https:\/\/www.facebook.com\/radiolifefm\/","https:\/\/www.instagram.com\/life1079fm\/"]},{"@type":"Person","@id":"https:\/\/radiolifefm.com.br\/noticias\/#\/schema\/person\/6876e1240feffe6e1b63fd5cb85abf28","name":"joaograndao","image":{"@type":"ImageObject","inLanguage":"pt-BR","@id":"https:\/\/secure.gravatar.com\/avatar\/d5b1a3cf357ed9c50404e256a1294083aa8ab5d2a994001567302786016cb32c?s=96&d=mm&r=g","url":"https:\/\/secure.gravatar.com\/avatar\/d5b1a3cf357ed9c50404e256a1294083aa8ab5d2a994001567302786016cb32c?s=96&d=mm&r=g","contentUrl":"https:\/\/secure.gravatar.com\/avatar\/d5b1a3cf357ed9c50404e256a1294083aa8ab5d2a994001567302786016cb32c?s=96&d=mm&r=g","caption":"joaograndao"}}]}},"amp_enabled":true,"_links":{"self":[{"href":"https:\/\/radiolifefm.com.br\/noticias\/wp-json\/wp\/v2\/posts\/119495","targetHints":{"allow":["GET"]}}],"collection":[{"href":"https:\/\/radiolifefm.com.br\/noticias\/wp-json\/wp\/v2\/posts"}],"about":[{"href":"https:\/\/radiolifefm.com.br\/noticias\/wp-json\/wp\/v2\/types\/post"}],"author":[{"embeddable":true,"href":"https:\/\/radiolifefm.com.br\/noticias\/wp-json\/wp\/v2\/users\/8"}],"replies":[{"embeddable":true,"href":"https:\/\/radiolifefm.com.br\/noticias\/wp-json\/wp\/v2\/comments?post=119495"}],"version-history":[{"count":1,"href":"https:\/\/radiolifefm.com.br\/noticias\/wp-json\/wp\/v2\/posts\/119495\/revisions"}],"predecessor-version":[{"id":119517,"href":"https:\/\/radiolifefm.com.br\/noticias\/wp-json\/wp\/v2\/posts\/119495\/revisions\/119517"}],"wp:featuredmedia":[{"embeddable":true,"href":"https:\/\/radiolifefm.com.br\/noticias\/wp-json\/wp\/v2\/media\/119498"}],"wp:attachment":[{"href":"https:\/\/radiolifefm.com.br\/noticias\/wp-json\/wp\/v2\/media?parent=119495"}],"wp:term":[{"taxonomy":"category","embeddable":true,"href":"https:\/\/radiolifefm.com.br\/noticias\/wp-json\/wp\/v2\/categories?post=119495"},{"taxonomy":"post_tag","embeddable":true,"href":"https:\/\/radiolifefm.com.br\/noticias\/wp-json\/wp\/v2\/tags?post=119495"}],"curies":[{"name":"wp","href":"https:\/\/api.w.org\/{rel}","templated":true}]}}