{"id":119480,"date":"2026-04-24T00:14:21","date_gmt":"2026-04-24T03:14:21","guid":{"rendered":"https:\/\/radiolifefm.com.br\/noticias\/?p=119480"},"modified":"2026-04-28T01:33:45","modified_gmt":"2026-04-28T04:33:45","slug":"sicredi-firma-parceria-internacional-para-fortalecer-lideranca-cooperativista","status":"publish","type":"post","link":"https:\/\/radiolifefm.com.br\/noticias\/sicredi-firma-parceria-internacional-para-fortalecer-lideranca-cooperativista\/","title":{"rendered":"Sicredi firma parceria internacional para fortalecer lideran\u00e7a cooperativista"},"content":{"rendered":"<div id=\"fb-root\"><\/div>\n<p>O Sicredi oficializou um acordo de intercoopera\u00e7\u00e3o com a Confedera\u00e7\u00e3o Africana de Associa\u00e7\u00f5es Cooperativas de Poupan\u00e7a e Cr\u00e9dito (ACCOSCA), alinhado \u00e0 estrat\u00e9gia de refor\u00e7o do compromisso com a agenda de sustentabilidade. O conv\u00eanio, assinado na \u00faltima quinta-feira (16), foi intermediado pelo Conselho Mundial de Cooperativas de Cr\u00e9dito (WOCCU) e estabelece as bases para uma atua\u00e7\u00e3o colaborativa focada na gera\u00e7\u00e3o de impacto positivo a longo prazo.<\/p>\n<p>O objetivo central desta parceria \u00e9 promover o interc\u00e2mbio de a\u00e7\u00f5es no campo da lideran\u00e7a cooperativista, com foco especial nos programas Crescer, Pertencer, Comit\u00ea Jovem e Comit\u00ea Mulher, iniciativas da Funda\u00e7\u00e3o Sicredi.\u00a0 Por meio desta colabora\u00e7\u00e3o, o Sicredi partilhar\u00e1 a sua estrat\u00e9gia e as melhores pr\u00e1ticas do Sistema para que a ACCOSCA, que representa cooperativas em 14 pa\u00edses africanos, obtenha o conhecimento necess\u00e1rio para implementar comit\u00eas nas suas institui\u00e7\u00f5es afiliadas. O acordo prev\u00ea ainda a apresenta\u00e7\u00e3o do desdobramento das diretrizes estrat\u00e9gicas do Sicredi e a media\u00e7\u00e3o do seu impacto.<\/p>\n<p>\u201cPara n\u00f3s, esta parceria reafirma a import\u00e2ncia da intercoopera\u00e7\u00e3o, um dos princ\u00edpios fundamentais do cooperativismo, como ferramenta para fortalecer o setor em n\u00edvel global e promover o empreendedorismo e a sustentabilidade al\u00e9m das fronteiras brasileiras\u201d, destaca o diretor do WOCCU, da Funda\u00e7\u00e3o WOCCU e presidente da Central Sicredi PR\/SP\/RJ, Manfred Alfonso Dasenbrock.<\/p>\n<p>A iniciativa ser\u00e1 liderada pela Funda\u00e7\u00e3o Sicredi, por meio da Superintend\u00eancia de Cooperativismo, que atuar\u00e1 na curadoria do interc\u00e2mbio de iniciativas regionais. O acordo prev\u00ea a apresenta\u00e7\u00e3o do desdobramento das diretrizes estrat\u00e9gicas do Sicredi e seus impactos nas comunidades.<\/p>\n<p>O acordo de intercoopera\u00e7\u00e3o ter\u00e1 a vig\u00eancia inicial de um ano, com renova\u00e7\u00e3o autom\u00e1tica por igual per\u00edodo, o que demonstra a inten\u00e7\u00e3o de manter uma rela\u00e7\u00e3o duradoura e produtiva entre as institui\u00e7\u00f5es. Assinam o documento que firma o diretor presidente do Banco Cooperativo Sicredi, C\u00e9sar Bochi, o diretor do WOCCU e da Funda\u00e7\u00e3o WOCCU e presidente da Central Sicredi PR\/SP\/RJ, Manfred Dasenbrock, o diretor executivo e CEO da ACCOSCA, George Yashon Ombado, e o presidente e o CEO da WOCCU, Paul Treinen.<\/p>\n","protected":false},"excerpt":{"rendered":"<p>O Sicredi oficializou um acordo de intercoopera\u00e7\u00e3o com a Confedera\u00e7\u00e3o Africana de Associa\u00e7\u00f5es Cooperativas de Poupan\u00e7a e Cr\u00e9dito (ACCOSCA), alinhado \u00e0 estrat\u00e9gia de refor\u00e7o do compromisso com a agenda de sustentabilidade. O conv\u00eanio, assinado na \u00faltima quinta-feira (16), foi intermediado pelo Conselho Mundial de Cooperativas de Cr\u00e9dito (WOCCU) e estabelece as bases para uma atua\u00e7\u00e3o [&hellip;]<\/p>\n","protected":false},"author":13,"featured_media":119481,"comment_status":"closed","ping_status":"open","sticky":false,"template":"","format":"standard","meta":{"_acf_changed":false,"_exactmetrics_skip_tracking":false,"_exactmetrics_sitenote_active":false,"_exactmetrics_sitenote_note":"","_exactmetrics_sitenote_category":0,"footnotes":""},"categories":[1],"tags":[],"class_list":["post-119480","post","type-post","status-publish","format-standard","has-post-thumbnail","hentry","category-geral"],"acf":[],"yoast_head":"<!-- This site is optimized with the Yoast SEO plugin v27.2 - https:\/\/yoast.com\/product\/yoast-seo-wordpress\/ -->\n<title>Sicredi firma parceria internacional para fortalecer lideran\u00e7a cooperativista - R\u00e1dio Life FM<\/title>\n<meta name=\"robots\" content=\"index, follow, max-snippet:-1, max-image-preview:large, max-video-preview:-1\" \/>\n<link rel=\"canonical\" href=\"https:\/\/radiolifefm.com.br\/noticias\/sicredi-firma-parceria-internacional-para-fortalecer-lideranca-cooperativista\/\" \/>\n<meta property=\"og:locale\" content=\"pt_BR\" \/>\n<meta property=\"og:type\" content=\"article\" \/>\n<meta property=\"og:title\" content=\"Sicredi firma parceria internacional para fortalecer lideran\u00e7a cooperativista - R\u00e1dio Life FM\" \/>\n<meta property=\"og:description\" content=\"O Sicredi oficializou um acordo de intercoopera\u00e7\u00e3o com a Confedera\u00e7\u00e3o Africana de Associa\u00e7\u00f5es Cooperativas de Poupan\u00e7a e Cr\u00e9dito (ACCOSCA), alinhado \u00e0 estrat\u00e9gia de refor\u00e7o do compromisso com a agenda de sustentabilidade. O conv\u00eanio, assinado na \u00faltima quinta-feira (16), foi intermediado pelo Conselho Mundial de Cooperativas de Cr\u00e9dito (WOCCU) e estabelece as bases para uma atua\u00e7\u00e3o [&hellip;]\" \/>\n<meta property=\"og:url\" content=\"https:\/\/radiolifefm.com.br\/noticias\/sicredi-firma-parceria-internacional-para-fortalecer-lideranca-cooperativista\/\" \/>\n<meta property=\"og:site_name\" content=\"R\u00e1dio Life FM\" \/>\n<meta property=\"article:publisher\" content=\"https:\/\/www.facebook.com\/radiolifefm\/\" \/>\n<meta property=\"article:published_time\" content=\"2026-04-24T03:14:21+00:00\" \/>\n<meta property=\"article:modified_time\" content=\"2026-04-28T04:33:45+00:00\" \/>\n<meta property=\"og:image\" content=\"https:\/\/radiolifefm.com.br\/noticias\/wp-content\/uploads\/2026\/04\/Sicredi-Acordo-Cooperacao.jpg\" \/>\n\t<meta property=\"og:image:width\" content=\"1200\" \/>\n\t<meta property=\"og:image:height\" content=\"1600\" \/>\n\t<meta property=\"og:image:type\" content=\"image\/jpeg\" \/>\n<meta name=\"author\" content=\"ritanery\" \/>\n<meta name=\"twitter:card\" content=\"summary_large_image\" \/>\n<meta name=\"twitter:label1\" content=\"Escrito por\" \/>\n\t<meta name=\"twitter:data1\" content=\"ritanery\" \/>\n\t<meta name=\"twitter:label2\" content=\"Est. tempo de leitura\" \/>\n\t<meta name=\"twitter:data2\" content=\"3 minutos\" \/>\n<script type=\"application\/ld+json\" class=\"yoast-schema-graph\">{\"@context\":\"https:\/\/schema.org\",\"@graph\":[{\"@type\":\"Article\",\"@id\":\"https:\/\/radiolifefm.com.br\/noticias\/sicredi-firma-parceria-internacional-para-fortalecer-lideranca-cooperativista\/#article\",\"isPartOf\":{\"@id\":\"https:\/\/radiolifefm.com.br\/noticias\/sicredi-firma-parceria-internacional-para-fortalecer-lideranca-cooperativista\/\"},\"author\":{\"name\":\"ritanery\",\"@id\":\"https:\/\/radiolifefm.com.br\/noticias\/#\/schema\/person\/6339b9fac59d12b071dec680d7375d87\"},\"headline\":\"Sicredi firma parceria internacional para fortalecer lideran\u00e7a cooperativista\",\"datePublished\":\"2026-04-24T03:14:21+00:00\",\"dateModified\":\"2026-04-28T04:33:45+00:00\",\"mainEntityOfPage\":{\"@id\":\"https:\/\/radiolifefm.com.br\/noticias\/sicredi-firma-parceria-internacional-para-fortalecer-lideranca-cooperativista\/\"},\"wordCount\":383,\"publisher\":{\"@id\":\"https:\/\/radiolifefm.com.br\/noticias\/#organization\"},\"image\":{\"@id\":\"https:\/\/radiolifefm.com.br\/noticias\/sicredi-firma-parceria-internacional-para-fortalecer-lideranca-cooperativista\/#primaryimage\"},\"thumbnailUrl\":\"https:\/\/radiolifefm.com.br\/noticias\/wp-content\/uploads\/2026\/04\/Sicredi-Acordo-Cooperacao.jpg\",\"articleSection\":[\"Geral\"],\"inLanguage\":\"pt-BR\"},{\"@type\":\"WebPage\",\"@id\":\"https:\/\/radiolifefm.com.br\/noticias\/sicredi-firma-parceria-internacional-para-fortalecer-lideranca-cooperativista\/\",\"url\":\"https:\/\/radiolifefm.com.br\/noticias\/sicredi-firma-parceria-internacional-para-fortalecer-lideranca-cooperativista\/\",\"name\":\"Sicredi firma parceria internacional para fortalecer lideran\u00e7a cooperativista - R\u00e1dio Life FM\",\"isPartOf\":{\"@id\":\"https:\/\/radiolifefm.com.br\/noticias\/#website\"},\"primaryImageOfPage\":{\"@id\":\"https:\/\/radiolifefm.com.br\/noticias\/sicredi-firma-parceria-internacional-para-fortalecer-lideranca-cooperativista\/#primaryimage\"},\"image\":{\"@id\":\"https:\/\/radiolifefm.com.br\/noticias\/sicredi-firma-parceria-internacional-para-fortalecer-lideranca-cooperativista\/#primaryimage\"},\"thumbnailUrl\":\"https:\/\/radiolifefm.com.br\/noticias\/wp-content\/uploads\/2026\/04\/Sicredi-Acordo-Cooperacao.jpg\",\"datePublished\":\"2026-04-24T03:14:21+00:00\",\"dateModified\":\"2026-04-28T04:33:45+00:00\",\"breadcrumb\":{\"@id\":\"https:\/\/radiolifefm.com.br\/noticias\/sicredi-firma-parceria-internacional-para-fortalecer-lideranca-cooperativista\/#breadcrumb\"},\"inLanguage\":\"pt-BR\",\"potentialAction\":[{\"@type\":\"ReadAction\",\"target\":[\"https:\/\/radiolifefm.com.br\/noticias\/sicredi-firma-parceria-internacional-para-fortalecer-lideranca-cooperativista\/\"]}]},{\"@type\":\"ImageObject\",\"inLanguage\":\"pt-BR\",\"@id\":\"https:\/\/radiolifefm.com.br\/noticias\/sicredi-firma-parceria-internacional-para-fortalecer-lideranca-cooperativista\/#primaryimage\",\"url\":\"https:\/\/radiolifefm.com.br\/noticias\/wp-content\/uploads\/2026\/04\/Sicredi-Acordo-Cooperacao.jpg\",\"contentUrl\":\"https:\/\/radiolifefm.com.br\/noticias\/wp-content\/uploads\/2026\/04\/Sicredi-Acordo-Cooperacao.jpg\",\"width\":1200,\"height\":1600},{\"@type\":\"BreadcrumbList\",\"@id\":\"https:\/\/radiolifefm.com.br\/noticias\/sicredi-firma-parceria-internacional-para-fortalecer-lideranca-cooperativista\/#breadcrumb\",\"itemListElement\":[{\"@type\":\"ListItem\",\"position\":1,\"name\":\"In\u00edcio\",\"item\":\"https:\/\/radiolifefm.com.br\/noticias\/\"},{\"@type\":\"ListItem\",\"position\":2,\"name\":\"Sicredi firma parceria internacional para fortalecer lideran\u00e7a cooperativista\"}]},{\"@type\":\"WebSite\",\"@id\":\"https:\/\/radiolifefm.com.br\/noticias\/#website\",\"url\":\"https:\/\/radiolifefm.com.br\/noticias\/\",\"name\":\"R\u00e1dio Life FM\",\"description\":\"O Portal de Not\u00edcias de Adamantina\",\"publisher\":{\"@id\":\"https:\/\/radiolifefm.com.br\/noticias\/#organization\"},\"alternateName\":\"Life FM\",\"potentialAction\":[{\"@type\":\"SearchAction\",\"target\":{\"@type\":\"EntryPoint\",\"urlTemplate\":\"https:\/\/radiolifefm.com.br\/noticias\/?s={search_term_string}\"},\"query-input\":{\"@type\":\"PropertyValueSpecification\",\"valueRequired\":true,\"valueName\":\"search_term_string\"}}],\"inLanguage\":\"pt-BR\"},{\"@type\":\"Organization\",\"@id\":\"https:\/\/radiolifefm.com.br\/noticias\/#organization\",\"name\":\"R\u00e1dio Life FM\",\"alternateName\":\"Life FM\",\"url\":\"https:\/\/radiolifefm.com.br\/noticias\/\",\"logo\":{\"@type\":\"ImageObject\",\"inLanguage\":\"pt-BR\",\"@id\":\"https:\/\/radiolifefm.com.br\/noticias\/#\/schema\/logo\/image\/\",\"url\":\"https:\/\/static.radiolifefm.com.br\/noticias\/wp-content\/uploads\/2019\/10\/logo-lifefm.png\",\"contentUrl\":\"https:\/\/static.radiolifefm.com.br\/noticias\/wp-content\/uploads\/2019\/10\/logo-lifefm.png\",\"width\":196,\"height\":47,\"caption\":\"R\u00e1dio Life FM\"},\"image\":{\"@id\":\"https:\/\/radiolifefm.com.br\/noticias\/#\/schema\/logo\/image\/\"},\"sameAs\":[\"https:\/\/www.facebook.com\/radiolifefm\/\",\"https:\/\/www.instagram.com\/life1079fm\/\"]},{\"@type\":\"Person\",\"@id\":\"https:\/\/radiolifefm.com.br\/noticias\/#\/schema\/person\/6339b9fac59d12b071dec680d7375d87\",\"name\":\"ritanery\",\"image\":{\"@type\":\"ImageObject\",\"inLanguage\":\"pt-BR\",\"@id\":\"https:\/\/secure.gravatar.com\/avatar\/0e37bb19071f47c0b8a23f62a903df117c5a0e75f65a0c2901562f97cd41cf86?s=96&d=mm&r=g\",\"url\":\"https:\/\/secure.gravatar.com\/avatar\/0e37bb19071f47c0b8a23f62a903df117c5a0e75f65a0c2901562f97cd41cf86?s=96&d=mm&r=g\",\"contentUrl\":\"https:\/\/secure.gravatar.com\/avatar\/0e37bb19071f47c0b8a23f62a903df117c5a0e75f65a0c2901562f97cd41cf86?s=96&d=mm&r=g\",\"caption\":\"ritanery\"}}]}<\/script>\n<!-- \/ Yoast SEO plugin. -->","yoast_head_json":{"title":"Sicredi firma parceria internacional para fortalecer lideran\u00e7a cooperativista - R\u00e1dio Life FM","robots":{"index":"index","follow":"follow","max-snippet":"max-snippet:-1","max-image-preview":"max-image-preview:large","max-video-preview":"max-video-preview:-1"},"canonical":"https:\/\/radiolifefm.com.br\/noticias\/sicredi-firma-parceria-internacional-para-fortalecer-lideranca-cooperativista\/","og_locale":"pt_BR","og_type":"article","og_title":"Sicredi firma parceria internacional para fortalecer lideran\u00e7a cooperativista - R\u00e1dio Life FM","og_description":"O Sicredi oficializou um acordo de intercoopera\u00e7\u00e3o com a Confedera\u00e7\u00e3o Africana de Associa\u00e7\u00f5es Cooperativas de Poupan\u00e7a e Cr\u00e9dito (ACCOSCA), alinhado \u00e0 estrat\u00e9gia de refor\u00e7o do compromisso com a agenda de sustentabilidade. O conv\u00eanio, assinado na \u00faltima quinta-feira (16), foi intermediado pelo Conselho Mundial de Cooperativas de Cr\u00e9dito (WOCCU) e estabelece as bases para uma atua\u00e7\u00e3o [&hellip;]","og_url":"https:\/\/radiolifefm.com.br\/noticias\/sicredi-firma-parceria-internacional-para-fortalecer-lideranca-cooperativista\/","og_site_name":"R\u00e1dio Life FM","article_publisher":"https:\/\/www.facebook.com\/radiolifefm\/","article_published_time":"2026-04-24T03:14:21+00:00","article_modified_time":"2026-04-28T04:33:45+00:00","og_image":[{"width":1200,"height":1600,"url":"https:\/\/radiolifefm.com.br\/noticias\/wp-content\/uploads\/2026\/04\/Sicredi-Acordo-Cooperacao.jpg","type":"image\/jpeg"}],"author":"ritanery","twitter_card":"summary_large_image","twitter_misc":{"Escrito por":"ritanery","Est. tempo de leitura":"3 minutos"},"schema":{"@context":"https:\/\/schema.org","@graph":[{"@type":"Article","@id":"https:\/\/radiolifefm.com.br\/noticias\/sicredi-firma-parceria-internacional-para-fortalecer-lideranca-cooperativista\/#article","isPartOf":{"@id":"https:\/\/radiolifefm.com.br\/noticias\/sicredi-firma-parceria-internacional-para-fortalecer-lideranca-cooperativista\/"},"author":{"name":"ritanery","@id":"https:\/\/radiolifefm.com.br\/noticias\/#\/schema\/person\/6339b9fac59d12b071dec680d7375d87"},"headline":"Sicredi firma parceria internacional para fortalecer lideran\u00e7a cooperativista","datePublished":"2026-04-24T03:14:21+00:00","dateModified":"2026-04-28T04:33:45+00:00","mainEntityOfPage":{"@id":"https:\/\/radiolifefm.com.br\/noticias\/sicredi-firma-parceria-internacional-para-fortalecer-lideranca-cooperativista\/"},"wordCount":383,"publisher":{"@id":"https:\/\/radiolifefm.com.br\/noticias\/#organization"},"image":{"@id":"https:\/\/radiolifefm.com.br\/noticias\/sicredi-firma-parceria-internacional-para-fortalecer-lideranca-cooperativista\/#primaryimage"},"thumbnailUrl":"https:\/\/radiolifefm.com.br\/noticias\/wp-content\/uploads\/2026\/04\/Sicredi-Acordo-Cooperacao.jpg","articleSection":["Geral"],"inLanguage":"pt-BR"},{"@type":"WebPage","@id":"https:\/\/radiolifefm.com.br\/noticias\/sicredi-firma-parceria-internacional-para-fortalecer-lideranca-cooperativista\/","url":"https:\/\/radiolifefm.com.br\/noticias\/sicredi-firma-parceria-internacional-para-fortalecer-lideranca-cooperativista\/","name":"Sicredi firma parceria internacional para fortalecer lideran\u00e7a cooperativista - R\u00e1dio Life FM","isPartOf":{"@id":"https:\/\/radiolifefm.com.br\/noticias\/#website"},"primaryImageOfPage":{"@id":"https:\/\/radiolifefm.com.br\/noticias\/sicredi-firma-parceria-internacional-para-fortalecer-lideranca-cooperativista\/#primaryimage"},"image":{"@id":"https:\/\/radiolifefm.com.br\/noticias\/sicredi-firma-parceria-internacional-para-fortalecer-lideranca-cooperativista\/#primaryimage"},"thumbnailUrl":"https:\/\/radiolifefm.com.br\/noticias\/wp-content\/uploads\/2026\/04\/Sicredi-Acordo-Cooperacao.jpg","datePublished":"2026-04-24T03:14:21+00:00","dateModified":"2026-04-28T04:33:45+00:00","breadcrumb":{"@id":"https:\/\/radiolifefm.com.br\/noticias\/sicredi-firma-parceria-internacional-para-fortalecer-lideranca-cooperativista\/#breadcrumb"},"inLanguage":"pt-BR","potentialAction":[{"@type":"ReadAction","target":["https:\/\/radiolifefm.com.br\/noticias\/sicredi-firma-parceria-internacional-para-fortalecer-lideranca-cooperativista\/"]}]},{"@type":"ImageObject","inLanguage":"pt-BR","@id":"https:\/\/radiolifefm.com.br\/noticias\/sicredi-firma-parceria-internacional-para-fortalecer-lideranca-cooperativista\/#primaryimage","url":"https:\/\/radiolifefm.com.br\/noticias\/wp-content\/uploads\/2026\/04\/Sicredi-Acordo-Cooperacao.jpg","contentUrl":"https:\/\/radiolifefm.com.br\/noticias\/wp-content\/uploads\/2026\/04\/Sicredi-Acordo-Cooperacao.jpg","width":1200,"height":1600},{"@type":"BreadcrumbList","@id":"https:\/\/radiolifefm.com.br\/noticias\/sicredi-firma-parceria-internacional-para-fortalecer-lideranca-cooperativista\/#breadcrumb","itemListElement":[{"@type":"ListItem","position":1,"name":"In\u00edcio","item":"https:\/\/radiolifefm.com.br\/noticias\/"},{"@type":"ListItem","position":2,"name":"Sicredi firma parceria internacional para fortalecer lideran\u00e7a cooperativista"}]},{"@type":"WebSite","@id":"https:\/\/radiolifefm.com.br\/noticias\/#website","url":"https:\/\/radiolifefm.com.br\/noticias\/","name":"R\u00e1dio Life FM","description":"O Portal de Not\u00edcias de Adamantina","publisher":{"@id":"https:\/\/radiolifefm.com.br\/noticias\/#organization"},"alternateName":"Life FM","potentialAction":[{"@type":"SearchAction","target":{"@type":"EntryPoint","urlTemplate":"https:\/\/radiolifefm.com.br\/noticias\/?s={search_term_string}"},"query-input":{"@type":"PropertyValueSpecification","valueRequired":true,"valueName":"search_term_string"}}],"inLanguage":"pt-BR"},{"@type":"Organization","@id":"https:\/\/radiolifefm.com.br\/noticias\/#organization","name":"R\u00e1dio Life FM","alternateName":"Life FM","url":"https:\/\/radiolifefm.com.br\/noticias\/","logo":{"@type":"ImageObject","inLanguage":"pt-BR","@id":"https:\/\/radiolifefm.com.br\/noticias\/#\/schema\/logo\/image\/","url":"https:\/\/static.radiolifefm.com.br\/noticias\/wp-content\/uploads\/2019\/10\/logo-lifefm.png","contentUrl":"https:\/\/static.radiolifefm.com.br\/noticias\/wp-content\/uploads\/2019\/10\/logo-lifefm.png","width":196,"height":47,"caption":"R\u00e1dio Life FM"},"image":{"@id":"https:\/\/radiolifefm.com.br\/noticias\/#\/schema\/logo\/image\/"},"sameAs":["https:\/\/www.facebook.com\/radiolifefm\/","https:\/\/www.instagram.com\/life1079fm\/"]},{"@type":"Person","@id":"https:\/\/radiolifefm.com.br\/noticias\/#\/schema\/person\/6339b9fac59d12b071dec680d7375d87","name":"ritanery","image":{"@type":"ImageObject","inLanguage":"pt-BR","@id":"https:\/\/secure.gravatar.com\/avatar\/0e37bb19071f47c0b8a23f62a903df117c5a0e75f65a0c2901562f97cd41cf86?s=96&d=mm&r=g","url":"https:\/\/secure.gravatar.com\/avatar\/0e37bb19071f47c0b8a23f62a903df117c5a0e75f65a0c2901562f97cd41cf86?s=96&d=mm&r=g","contentUrl":"https:\/\/secure.gravatar.com\/avatar\/0e37bb19071f47c0b8a23f62a903df117c5a0e75f65a0c2901562f97cd41cf86?s=96&d=mm&r=g","caption":"ritanery"}}]}},"amp_enabled":true,"_links":{"self":[{"href":"https:\/\/radiolifefm.com.br\/noticias\/wp-json\/wp\/v2\/posts\/119480","targetHints":{"allow":["GET"]}}],"collection":[{"href":"https:\/\/radiolifefm.com.br\/noticias\/wp-json\/wp\/v2\/posts"}],"about":[{"href":"https:\/\/radiolifefm.com.br\/noticias\/wp-json\/wp\/v2\/types\/post"}],"author":[{"embeddable":true,"href":"https:\/\/radiolifefm.com.br\/noticias\/wp-json\/wp\/v2\/users\/13"}],"replies":[{"embeddable":true,"href":"https:\/\/radiolifefm.com.br\/noticias\/wp-json\/wp\/v2\/comments?post=119480"}],"version-history":[{"count":1,"href":"https:\/\/radiolifefm.com.br\/noticias\/wp-json\/wp\/v2\/posts\/119480\/revisions"}],"predecessor-version":[{"id":119482,"href":"https:\/\/radiolifefm.com.br\/noticias\/wp-json\/wp\/v2\/posts\/119480\/revisions\/119482"}],"wp:featuredmedia":[{"embeddable":true,"href":"https:\/\/radiolifefm.com.br\/noticias\/wp-json\/wp\/v2\/media\/119481"}],"wp:attachment":[{"href":"https:\/\/radiolifefm.com.br\/noticias\/wp-json\/wp\/v2\/media?parent=119480"}],"wp:term":[{"taxonomy":"category","embeddable":true,"href":"https:\/\/radiolifefm.com.br\/noticias\/wp-json\/wp\/v2\/categories?post=119480"},{"taxonomy":"post_tag","embeddable":true,"href":"https:\/\/radiolifefm.com.br\/noticias\/wp-json\/wp\/v2\/tags?post=119480"}],"curies":[{"name":"wp","href":"https:\/\/api.w.org\/{rel}","templated":true}]}}