{"id":119472,"date":"2026-04-28T00:11:24","date_gmt":"2026-04-28T03:11:24","guid":{"rendered":"https:\/\/radiolifefm.com.br\/noticias\/?p=119472"},"modified":"2026-04-28T00:12:07","modified_gmt":"2026-04-28T03:12:07","slug":"oficina-de-capacitacao-aborda-trabalho-tecnico-social-para-selecao-de-familias-do-programa-minha-casa-minha-vida","status":"publish","type":"post","link":"https:\/\/radiolifefm.com.br\/noticias\/oficina-de-capacitacao-aborda-trabalho-tecnico-social-para-selecao-de-familias-do-programa-minha-casa-minha-vida\/","title":{"rendered":"Oficina de Capacita\u00e7\u00e3o aborda trabalho t\u00e9cnico social para sele\u00e7\u00e3o de fam\u00edlias do programa Minha Casa Minha Vida"},"content":{"rendered":"<div id=\"fb-root\"><\/div>\n<div>A Prefeitura de Adamantina, por meio da Secretaria Municipal de Assist\u00eancia Social, participou de uma Oficina de Capacita\u00e7\u00e3o voltada ao trabalho t\u00e9cnico social, com foco na sele\u00e7\u00e3o de fam\u00edlias inscritas no programa Minha Casa Minha Vida.<\/p>\n<p>O encontro foi realizado nesta sexta-feira, dia 24 de abril, no Anfiteatro da Funda\u00e7\u00e3o Inova Prudente, em Presidente Prudente, reunindo representantes da Caixa Econ\u00f4mica Federal (CEF) e de munic\u00edpios da regi\u00e3o.<\/p>\n<p>Representando o munic\u00edpio de Adamantina, a assistente social Patr\u00edcia Adriana Mendes, representante da Secretaria Municipal de Assist\u00eancia Social, participou das atividades, que tiveram como objetivo capacitar os servidores respons\u00e1veis pela condu\u00e7\u00e3o dos processos de sele\u00e7\u00e3o das fam\u00edlias benefici\u00e1rias.<\/p>\n<p>A capacita\u00e7\u00e3o integra o Encontro Presencial sobre o Trabalho Social \u2013 FNHIS Sub 50, promovido pela Caixa Econ\u00f4mica Federal, com foco na introdu\u00e7\u00e3o aos Projetos de Trabalho Social, abordando aspectos t\u00e9cnicos dos contratos habitacionais, al\u00e9m de promover a troca de experi\u00eancias, esclarecimento de d\u00favidas e alinhamento de orienta\u00e7\u00f5es entre os participantes.<\/p>\n<p>O FNHIS Sub 50 \u00e9 uma modalidade do programa habitacional do Minist\u00e9rio das Cidades, operacionalizada pela Caixa Econ\u00f4mica Federal dentro do programa Minha Casa Minha Vida. A linha de financiamento utiliza recursos do Fundo Nacional de Habita\u00e7\u00e3o de Interesse Social (FNHIS) e \u00e9 voltada a munic\u00edpios com at\u00e9 50 mil habitantes, atendendo fam\u00edlias de baixa renda (Faixa 1), com foco na produ\u00e7\u00e3o ou aquisi\u00e7\u00e3o de moradias populares urbanas.<\/p>\n<p>Trata-se de um programa especialmente estruturado para atender cidades de menor porte, que muitas vezes n\u00e3o s\u00e3o contempladas nas grandes sele\u00e7\u00f5es habitacionais.<\/p>\n<p>No caso de Adamantina, ser\u00e3o disponibilizadas 40 unidades habitacionais, e o trabalho t\u00e9cnico social desempenha papel fundamental para garantir crit\u00e9rios justos, transpar\u00eancia e efetividade no processo de sele\u00e7\u00e3o das fam\u00edlias beneficiadas.<\/p>\n<p>A participa\u00e7\u00e3o no encontro refor\u00e7a o compromisso do munic\u00edpio com a qualifica\u00e7\u00e3o dos servidores e com a execu\u00e7\u00e3o respons\u00e1vel de pol\u00edticas p\u00fablicas habitacionais, assegurando que o atendimento \u00e0s fam\u00edlias ocorra de forma t\u00e9cnica, organizada e alinhada \u00e0s diretrizes federais.<\/p><\/div>\n<div><\/div>\n<div><\/div>\n<div>\n<div>\n<div><span style=\"font-family: tahoma, sans-serif;font-size: xx-small\">PREFEITURA DO MUNIC\u00cdPIO DE ADAMANTINA<br \/>\n<\/span><\/div>\n<\/div>\n<div>\n<div><span style=\"font-family: tahoma, sans-serif;font-size: xx-small\">Diretor de Comunica\u00e7\u00e3o<\/span><\/div>\n<div>Caio Vasques<\/div>\n<div><\/div>\n<div>Jornalista<\/div>\n<div><span style=\"font-family: tahoma, sans-serif;font-size: xx-small\">Natacha Dominato\u00a0\u00a0<\/span><\/div>\n<\/div>\n<\/div>\n","protected":false},"excerpt":{"rendered":"<p>A Prefeitura de Adamantina, por meio da Secretaria Municipal de Assist\u00eancia Social, participou de uma Oficina de Capacita\u00e7\u00e3o voltada ao trabalho t\u00e9cnico social, com foco na sele\u00e7\u00e3o de fam\u00edlias inscritas no programa Minha Casa Minha Vida. O encontro foi realizado nesta sexta-feira, dia 24 de abril, no Anfiteatro da Funda\u00e7\u00e3o Inova Prudente, em Presidente Prudente, [&hellip;]<\/p>\n","protected":false},"author":13,"featured_media":119473,"comment_status":"closed","ping_status":"open","sticky":false,"template":"","format":"standard","meta":{"_acf_changed":false,"_exactmetrics_skip_tracking":false,"_exactmetrics_sitenote_active":false,"_exactmetrics_sitenote_note":"","_exactmetrics_sitenote_category":0,"footnotes":""},"categories":[21],"tags":[],"class_list":["post-119472","post","type-post","status-publish","format-standard","has-post-thumbnail","hentry","category-adamantina"],"acf":[],"yoast_head":"<!-- This site is optimized with the Yoast SEO plugin v27.2 - https:\/\/yoast.com\/product\/yoast-seo-wordpress\/ -->\n<title>Oficina de Capacita\u00e7\u00e3o aborda trabalho t\u00e9cnico social para sele\u00e7\u00e3o de fam\u00edlias do programa Minha Casa Minha Vida - R\u00e1dio Life FM<\/title>\n<meta name=\"robots\" content=\"index, follow, max-snippet:-1, max-image-preview:large, max-video-preview:-1\" \/>\n<link rel=\"canonical\" href=\"https:\/\/radiolifefm.com.br\/noticias\/oficina-de-capacitacao-aborda-trabalho-tecnico-social-para-selecao-de-familias-do-programa-minha-casa-minha-vida\/\" \/>\n<meta property=\"og:locale\" content=\"pt_BR\" \/>\n<meta property=\"og:type\" content=\"article\" \/>\n<meta property=\"og:title\" content=\"Oficina de Capacita\u00e7\u00e3o aborda trabalho t\u00e9cnico social para sele\u00e7\u00e3o de fam\u00edlias do programa Minha Casa Minha Vida - R\u00e1dio Life FM\" \/>\n<meta property=\"og:description\" content=\"A Prefeitura de Adamantina, por meio da Secretaria Municipal de Assist\u00eancia Social, participou de uma Oficina de Capacita\u00e7\u00e3o voltada ao trabalho t\u00e9cnico social, com foco na sele\u00e7\u00e3o de fam\u00edlias inscritas no programa Minha Casa Minha Vida. O encontro foi realizado nesta sexta-feira, dia 24 de abril, no Anfiteatro da Funda\u00e7\u00e3o Inova Prudente, em Presidente Prudente, [&hellip;]\" \/>\n<meta property=\"og:url\" content=\"https:\/\/radiolifefm.com.br\/noticias\/oficina-de-capacitacao-aborda-trabalho-tecnico-social-para-selecao-de-familias-do-programa-minha-casa-minha-vida\/\" \/>\n<meta property=\"og:site_name\" content=\"R\u00e1dio Life FM\" \/>\n<meta property=\"article:publisher\" content=\"https:\/\/www.facebook.com\/radiolifefm\/\" \/>\n<meta property=\"article:published_time\" content=\"2026-04-28T03:11:24+00:00\" \/>\n<meta property=\"article:modified_time\" content=\"2026-04-28T03:12:07+00:00\" \/>\n<meta property=\"og:image\" content=\"https:\/\/radiolifefm.com.br\/noticias\/wp-content\/uploads\/2026\/04\/WhatsApp-Image-2026-04-24-at-12.27.26.jpeg\" \/>\n\t<meta property=\"og:image:width\" content=\"686\" \/>\n\t<meta property=\"og:image:height\" content=\"958\" \/>\n\t<meta property=\"og:image:type\" content=\"image\/jpeg\" \/>\n<meta name=\"author\" content=\"ritanery\" \/>\n<meta name=\"twitter:card\" content=\"summary_large_image\" \/>\n<meta name=\"twitter:label1\" content=\"Escrito por\" \/>\n\t<meta name=\"twitter:data1\" content=\"ritanery\" \/>\n\t<meta name=\"twitter:label2\" content=\"Est. tempo de leitura\" \/>\n\t<meta name=\"twitter:data2\" content=\"3 minutos\" \/>\n<script type=\"application\/ld+json\" class=\"yoast-schema-graph\">{\"@context\":\"https:\/\/schema.org\",\"@graph\":[{\"@type\":\"Article\",\"@id\":\"https:\/\/radiolifefm.com.br\/noticias\/oficina-de-capacitacao-aborda-trabalho-tecnico-social-para-selecao-de-familias-do-programa-minha-casa-minha-vida\/#article\",\"isPartOf\":{\"@id\":\"https:\/\/radiolifefm.com.br\/noticias\/oficina-de-capacitacao-aborda-trabalho-tecnico-social-para-selecao-de-familias-do-programa-minha-casa-minha-vida\/\"},\"author\":{\"name\":\"ritanery\",\"@id\":\"https:\/\/radiolifefm.com.br\/noticias\/#\/schema\/person\/6339b9fac59d12b071dec680d7375d87\"},\"headline\":\"Oficina de Capacita\u00e7\u00e3o aborda trabalho t\u00e9cnico social para sele\u00e7\u00e3o de fam\u00edlias do programa Minha Casa Minha Vida\",\"datePublished\":\"2026-04-28T03:11:24+00:00\",\"dateModified\":\"2026-04-28T03:12:07+00:00\",\"mainEntityOfPage\":{\"@id\":\"https:\/\/radiolifefm.com.br\/noticias\/oficina-de-capacitacao-aborda-trabalho-tecnico-social-para-selecao-de-familias-do-programa-minha-casa-minha-vida\/\"},\"wordCount\":394,\"publisher\":{\"@id\":\"https:\/\/radiolifefm.com.br\/noticias\/#organization\"},\"image\":{\"@id\":\"https:\/\/radiolifefm.com.br\/noticias\/oficina-de-capacitacao-aborda-trabalho-tecnico-social-para-selecao-de-familias-do-programa-minha-casa-minha-vida\/#primaryimage\"},\"thumbnailUrl\":\"https:\/\/radiolifefm.com.br\/noticias\/wp-content\/uploads\/2026\/04\/WhatsApp-Image-2026-04-24-at-12.27.26.jpeg\",\"articleSection\":[\"Adamantina\"],\"inLanguage\":\"pt-BR\"},{\"@type\":\"WebPage\",\"@id\":\"https:\/\/radiolifefm.com.br\/noticias\/oficina-de-capacitacao-aborda-trabalho-tecnico-social-para-selecao-de-familias-do-programa-minha-casa-minha-vida\/\",\"url\":\"https:\/\/radiolifefm.com.br\/noticias\/oficina-de-capacitacao-aborda-trabalho-tecnico-social-para-selecao-de-familias-do-programa-minha-casa-minha-vida\/\",\"name\":\"Oficina de Capacita\u00e7\u00e3o aborda trabalho t\u00e9cnico social para sele\u00e7\u00e3o de fam\u00edlias do programa Minha Casa Minha Vida - R\u00e1dio Life FM\",\"isPartOf\":{\"@id\":\"https:\/\/radiolifefm.com.br\/noticias\/#website\"},\"primaryImageOfPage\":{\"@id\":\"https:\/\/radiolifefm.com.br\/noticias\/oficina-de-capacitacao-aborda-trabalho-tecnico-social-para-selecao-de-familias-do-programa-minha-casa-minha-vida\/#primaryimage\"},\"image\":{\"@id\":\"https:\/\/radiolifefm.com.br\/noticias\/oficina-de-capacitacao-aborda-trabalho-tecnico-social-para-selecao-de-familias-do-programa-minha-casa-minha-vida\/#primaryimage\"},\"thumbnailUrl\":\"https:\/\/radiolifefm.com.br\/noticias\/wp-content\/uploads\/2026\/04\/WhatsApp-Image-2026-04-24-at-12.27.26.jpeg\",\"datePublished\":\"2026-04-28T03:11:24+00:00\",\"dateModified\":\"2026-04-28T03:12:07+00:00\",\"breadcrumb\":{\"@id\":\"https:\/\/radiolifefm.com.br\/noticias\/oficina-de-capacitacao-aborda-trabalho-tecnico-social-para-selecao-de-familias-do-programa-minha-casa-minha-vida\/#breadcrumb\"},\"inLanguage\":\"pt-BR\",\"potentialAction\":[{\"@type\":\"ReadAction\",\"target\":[\"https:\/\/radiolifefm.com.br\/noticias\/oficina-de-capacitacao-aborda-trabalho-tecnico-social-para-selecao-de-familias-do-programa-minha-casa-minha-vida\/\"]}]},{\"@type\":\"ImageObject\",\"inLanguage\":\"pt-BR\",\"@id\":\"https:\/\/radiolifefm.com.br\/noticias\/oficina-de-capacitacao-aborda-trabalho-tecnico-social-para-selecao-de-familias-do-programa-minha-casa-minha-vida\/#primaryimage\",\"url\":\"https:\/\/radiolifefm.com.br\/noticias\/wp-content\/uploads\/2026\/04\/WhatsApp-Image-2026-04-24-at-12.27.26.jpeg\",\"contentUrl\":\"https:\/\/radiolifefm.com.br\/noticias\/wp-content\/uploads\/2026\/04\/WhatsApp-Image-2026-04-24-at-12.27.26.jpeg\",\"width\":686,\"height\":958},{\"@type\":\"BreadcrumbList\",\"@id\":\"https:\/\/radiolifefm.com.br\/noticias\/oficina-de-capacitacao-aborda-trabalho-tecnico-social-para-selecao-de-familias-do-programa-minha-casa-minha-vida\/#breadcrumb\",\"itemListElement\":[{\"@type\":\"ListItem\",\"position\":1,\"name\":\"In\u00edcio\",\"item\":\"https:\/\/radiolifefm.com.br\/noticias\/\"},{\"@type\":\"ListItem\",\"position\":2,\"name\":\"Oficina de Capacita\u00e7\u00e3o aborda trabalho t\u00e9cnico social para sele\u00e7\u00e3o de fam\u00edlias do programa Minha Casa Minha Vida\"}]},{\"@type\":\"WebSite\",\"@id\":\"https:\/\/radiolifefm.com.br\/noticias\/#website\",\"url\":\"https:\/\/radiolifefm.com.br\/noticias\/\",\"name\":\"R\u00e1dio Life FM\",\"description\":\"O Portal de Not\u00edcias de Adamantina\",\"publisher\":{\"@id\":\"https:\/\/radiolifefm.com.br\/noticias\/#organization\"},\"alternateName\":\"Life FM\",\"potentialAction\":[{\"@type\":\"SearchAction\",\"target\":{\"@type\":\"EntryPoint\",\"urlTemplate\":\"https:\/\/radiolifefm.com.br\/noticias\/?s={search_term_string}\"},\"query-input\":{\"@type\":\"PropertyValueSpecification\",\"valueRequired\":true,\"valueName\":\"search_term_string\"}}],\"inLanguage\":\"pt-BR\"},{\"@type\":\"Organization\",\"@id\":\"https:\/\/radiolifefm.com.br\/noticias\/#organization\",\"name\":\"R\u00e1dio Life FM\",\"alternateName\":\"Life FM\",\"url\":\"https:\/\/radiolifefm.com.br\/noticias\/\",\"logo\":{\"@type\":\"ImageObject\",\"inLanguage\":\"pt-BR\",\"@id\":\"https:\/\/radiolifefm.com.br\/noticias\/#\/schema\/logo\/image\/\",\"url\":\"https:\/\/static.radiolifefm.com.br\/noticias\/wp-content\/uploads\/2019\/10\/logo-lifefm.png\",\"contentUrl\":\"https:\/\/static.radiolifefm.com.br\/noticias\/wp-content\/uploads\/2019\/10\/logo-lifefm.png\",\"width\":196,\"height\":47,\"caption\":\"R\u00e1dio Life FM\"},\"image\":{\"@id\":\"https:\/\/radiolifefm.com.br\/noticias\/#\/schema\/logo\/image\/\"},\"sameAs\":[\"https:\/\/www.facebook.com\/radiolifefm\/\",\"https:\/\/www.instagram.com\/life1079fm\/\"]},{\"@type\":\"Person\",\"@id\":\"https:\/\/radiolifefm.com.br\/noticias\/#\/schema\/person\/6339b9fac59d12b071dec680d7375d87\",\"name\":\"ritanery\",\"image\":{\"@type\":\"ImageObject\",\"inLanguage\":\"pt-BR\",\"@id\":\"https:\/\/secure.gravatar.com\/avatar\/0e37bb19071f47c0b8a23f62a903df117c5a0e75f65a0c2901562f97cd41cf86?s=96&d=mm&r=g\",\"url\":\"https:\/\/secure.gravatar.com\/avatar\/0e37bb19071f47c0b8a23f62a903df117c5a0e75f65a0c2901562f97cd41cf86?s=96&d=mm&r=g\",\"contentUrl\":\"https:\/\/secure.gravatar.com\/avatar\/0e37bb19071f47c0b8a23f62a903df117c5a0e75f65a0c2901562f97cd41cf86?s=96&d=mm&r=g\",\"caption\":\"ritanery\"}}]}<\/script>\n<!-- \/ Yoast SEO plugin. -->","yoast_head_json":{"title":"Oficina de Capacita\u00e7\u00e3o aborda trabalho t\u00e9cnico social para sele\u00e7\u00e3o de fam\u00edlias do programa Minha Casa Minha Vida - R\u00e1dio Life FM","robots":{"index":"index","follow":"follow","max-snippet":"max-snippet:-1","max-image-preview":"max-image-preview:large","max-video-preview":"max-video-preview:-1"},"canonical":"https:\/\/radiolifefm.com.br\/noticias\/oficina-de-capacitacao-aborda-trabalho-tecnico-social-para-selecao-de-familias-do-programa-minha-casa-minha-vida\/","og_locale":"pt_BR","og_type":"article","og_title":"Oficina de Capacita\u00e7\u00e3o aborda trabalho t\u00e9cnico social para sele\u00e7\u00e3o de fam\u00edlias do programa Minha Casa Minha Vida - R\u00e1dio Life FM","og_description":"A Prefeitura de Adamantina, por meio da Secretaria Municipal de Assist\u00eancia Social, participou de uma Oficina de Capacita\u00e7\u00e3o voltada ao trabalho t\u00e9cnico social, com foco na sele\u00e7\u00e3o de fam\u00edlias inscritas no programa Minha Casa Minha Vida. O encontro foi realizado nesta sexta-feira, dia 24 de abril, no Anfiteatro da Funda\u00e7\u00e3o Inova Prudente, em Presidente Prudente, [&hellip;]","og_url":"https:\/\/radiolifefm.com.br\/noticias\/oficina-de-capacitacao-aborda-trabalho-tecnico-social-para-selecao-de-familias-do-programa-minha-casa-minha-vida\/","og_site_name":"R\u00e1dio Life FM","article_publisher":"https:\/\/www.facebook.com\/radiolifefm\/","article_published_time":"2026-04-28T03:11:24+00:00","article_modified_time":"2026-04-28T03:12:07+00:00","og_image":[{"width":686,"height":958,"url":"https:\/\/radiolifefm.com.br\/noticias\/wp-content\/uploads\/2026\/04\/WhatsApp-Image-2026-04-24-at-12.27.26.jpeg","type":"image\/jpeg"}],"author":"ritanery","twitter_card":"summary_large_image","twitter_misc":{"Escrito por":"ritanery","Est. tempo de leitura":"3 minutos"},"schema":{"@context":"https:\/\/schema.org","@graph":[{"@type":"Article","@id":"https:\/\/radiolifefm.com.br\/noticias\/oficina-de-capacitacao-aborda-trabalho-tecnico-social-para-selecao-de-familias-do-programa-minha-casa-minha-vida\/#article","isPartOf":{"@id":"https:\/\/radiolifefm.com.br\/noticias\/oficina-de-capacitacao-aborda-trabalho-tecnico-social-para-selecao-de-familias-do-programa-minha-casa-minha-vida\/"},"author":{"name":"ritanery","@id":"https:\/\/radiolifefm.com.br\/noticias\/#\/schema\/person\/6339b9fac59d12b071dec680d7375d87"},"headline":"Oficina de Capacita\u00e7\u00e3o aborda trabalho t\u00e9cnico social para sele\u00e7\u00e3o de fam\u00edlias do programa Minha Casa Minha Vida","datePublished":"2026-04-28T03:11:24+00:00","dateModified":"2026-04-28T03:12:07+00:00","mainEntityOfPage":{"@id":"https:\/\/radiolifefm.com.br\/noticias\/oficina-de-capacitacao-aborda-trabalho-tecnico-social-para-selecao-de-familias-do-programa-minha-casa-minha-vida\/"},"wordCount":394,"publisher":{"@id":"https:\/\/radiolifefm.com.br\/noticias\/#organization"},"image":{"@id":"https:\/\/radiolifefm.com.br\/noticias\/oficina-de-capacitacao-aborda-trabalho-tecnico-social-para-selecao-de-familias-do-programa-minha-casa-minha-vida\/#primaryimage"},"thumbnailUrl":"https:\/\/radiolifefm.com.br\/noticias\/wp-content\/uploads\/2026\/04\/WhatsApp-Image-2026-04-24-at-12.27.26.jpeg","articleSection":["Adamantina"],"inLanguage":"pt-BR"},{"@type":"WebPage","@id":"https:\/\/radiolifefm.com.br\/noticias\/oficina-de-capacitacao-aborda-trabalho-tecnico-social-para-selecao-de-familias-do-programa-minha-casa-minha-vida\/","url":"https:\/\/radiolifefm.com.br\/noticias\/oficina-de-capacitacao-aborda-trabalho-tecnico-social-para-selecao-de-familias-do-programa-minha-casa-minha-vida\/","name":"Oficina de Capacita\u00e7\u00e3o aborda trabalho t\u00e9cnico social para sele\u00e7\u00e3o de fam\u00edlias do programa Minha Casa Minha Vida - R\u00e1dio Life FM","isPartOf":{"@id":"https:\/\/radiolifefm.com.br\/noticias\/#website"},"primaryImageOfPage":{"@id":"https:\/\/radiolifefm.com.br\/noticias\/oficina-de-capacitacao-aborda-trabalho-tecnico-social-para-selecao-de-familias-do-programa-minha-casa-minha-vida\/#primaryimage"},"image":{"@id":"https:\/\/radiolifefm.com.br\/noticias\/oficina-de-capacitacao-aborda-trabalho-tecnico-social-para-selecao-de-familias-do-programa-minha-casa-minha-vida\/#primaryimage"},"thumbnailUrl":"https:\/\/radiolifefm.com.br\/noticias\/wp-content\/uploads\/2026\/04\/WhatsApp-Image-2026-04-24-at-12.27.26.jpeg","datePublished":"2026-04-28T03:11:24+00:00","dateModified":"2026-04-28T03:12:07+00:00","breadcrumb":{"@id":"https:\/\/radiolifefm.com.br\/noticias\/oficina-de-capacitacao-aborda-trabalho-tecnico-social-para-selecao-de-familias-do-programa-minha-casa-minha-vida\/#breadcrumb"},"inLanguage":"pt-BR","potentialAction":[{"@type":"ReadAction","target":["https:\/\/radiolifefm.com.br\/noticias\/oficina-de-capacitacao-aborda-trabalho-tecnico-social-para-selecao-de-familias-do-programa-minha-casa-minha-vida\/"]}]},{"@type":"ImageObject","inLanguage":"pt-BR","@id":"https:\/\/radiolifefm.com.br\/noticias\/oficina-de-capacitacao-aborda-trabalho-tecnico-social-para-selecao-de-familias-do-programa-minha-casa-minha-vida\/#primaryimage","url":"https:\/\/radiolifefm.com.br\/noticias\/wp-content\/uploads\/2026\/04\/WhatsApp-Image-2026-04-24-at-12.27.26.jpeg","contentUrl":"https:\/\/radiolifefm.com.br\/noticias\/wp-content\/uploads\/2026\/04\/WhatsApp-Image-2026-04-24-at-12.27.26.jpeg","width":686,"height":958},{"@type":"BreadcrumbList","@id":"https:\/\/radiolifefm.com.br\/noticias\/oficina-de-capacitacao-aborda-trabalho-tecnico-social-para-selecao-de-familias-do-programa-minha-casa-minha-vida\/#breadcrumb","itemListElement":[{"@type":"ListItem","position":1,"name":"In\u00edcio","item":"https:\/\/radiolifefm.com.br\/noticias\/"},{"@type":"ListItem","position":2,"name":"Oficina de Capacita\u00e7\u00e3o aborda trabalho t\u00e9cnico social para sele\u00e7\u00e3o de fam\u00edlias do programa Minha Casa Minha Vida"}]},{"@type":"WebSite","@id":"https:\/\/radiolifefm.com.br\/noticias\/#website","url":"https:\/\/radiolifefm.com.br\/noticias\/","name":"R\u00e1dio Life FM","description":"O Portal de Not\u00edcias de Adamantina","publisher":{"@id":"https:\/\/radiolifefm.com.br\/noticias\/#organization"},"alternateName":"Life FM","potentialAction":[{"@type":"SearchAction","target":{"@type":"EntryPoint","urlTemplate":"https:\/\/radiolifefm.com.br\/noticias\/?s={search_term_string}"},"query-input":{"@type":"PropertyValueSpecification","valueRequired":true,"valueName":"search_term_string"}}],"inLanguage":"pt-BR"},{"@type":"Organization","@id":"https:\/\/radiolifefm.com.br\/noticias\/#organization","name":"R\u00e1dio Life FM","alternateName":"Life FM","url":"https:\/\/radiolifefm.com.br\/noticias\/","logo":{"@type":"ImageObject","inLanguage":"pt-BR","@id":"https:\/\/radiolifefm.com.br\/noticias\/#\/schema\/logo\/image\/","url":"https:\/\/static.radiolifefm.com.br\/noticias\/wp-content\/uploads\/2019\/10\/logo-lifefm.png","contentUrl":"https:\/\/static.radiolifefm.com.br\/noticias\/wp-content\/uploads\/2019\/10\/logo-lifefm.png","width":196,"height":47,"caption":"R\u00e1dio Life FM"},"image":{"@id":"https:\/\/radiolifefm.com.br\/noticias\/#\/schema\/logo\/image\/"},"sameAs":["https:\/\/www.facebook.com\/radiolifefm\/","https:\/\/www.instagram.com\/life1079fm\/"]},{"@type":"Person","@id":"https:\/\/radiolifefm.com.br\/noticias\/#\/schema\/person\/6339b9fac59d12b071dec680d7375d87","name":"ritanery","image":{"@type":"ImageObject","inLanguage":"pt-BR","@id":"https:\/\/secure.gravatar.com\/avatar\/0e37bb19071f47c0b8a23f62a903df117c5a0e75f65a0c2901562f97cd41cf86?s=96&d=mm&r=g","url":"https:\/\/secure.gravatar.com\/avatar\/0e37bb19071f47c0b8a23f62a903df117c5a0e75f65a0c2901562f97cd41cf86?s=96&d=mm&r=g","contentUrl":"https:\/\/secure.gravatar.com\/avatar\/0e37bb19071f47c0b8a23f62a903df117c5a0e75f65a0c2901562f97cd41cf86?s=96&d=mm&r=g","caption":"ritanery"}}]}},"amp_enabled":true,"_links":{"self":[{"href":"https:\/\/radiolifefm.com.br\/noticias\/wp-json\/wp\/v2\/posts\/119472","targetHints":{"allow":["GET"]}}],"collection":[{"href":"https:\/\/radiolifefm.com.br\/noticias\/wp-json\/wp\/v2\/posts"}],"about":[{"href":"https:\/\/radiolifefm.com.br\/noticias\/wp-json\/wp\/v2\/types\/post"}],"author":[{"embeddable":true,"href":"https:\/\/radiolifefm.com.br\/noticias\/wp-json\/wp\/v2\/users\/13"}],"replies":[{"embeddable":true,"href":"https:\/\/radiolifefm.com.br\/noticias\/wp-json\/wp\/v2\/comments?post=119472"}],"version-history":[{"count":2,"href":"https:\/\/radiolifefm.com.br\/noticias\/wp-json\/wp\/v2\/posts\/119472\/revisions"}],"predecessor-version":[{"id":119476,"href":"https:\/\/radiolifefm.com.br\/noticias\/wp-json\/wp\/v2\/posts\/119472\/revisions\/119476"}],"wp:featuredmedia":[{"embeddable":true,"href":"https:\/\/radiolifefm.com.br\/noticias\/wp-json\/wp\/v2\/media\/119473"}],"wp:attachment":[{"href":"https:\/\/radiolifefm.com.br\/noticias\/wp-json\/wp\/v2\/media?parent=119472"}],"wp:term":[{"taxonomy":"category","embeddable":true,"href":"https:\/\/radiolifefm.com.br\/noticias\/wp-json\/wp\/v2\/categories?post=119472"},{"taxonomy":"post_tag","embeddable":true,"href":"https:\/\/radiolifefm.com.br\/noticias\/wp-json\/wp\/v2\/tags?post=119472"}],"curies":[{"name":"wp","href":"https:\/\/api.w.org\/{rel}","templated":true}]}}