{"id":119465,"date":"2026-04-28T00:08:26","date_gmt":"2026-04-28T03:08:26","guid":{"rendered":"https:\/\/radiolifefm.com.br\/noticias\/?p=119465"},"modified":"2026-04-28T00:25:22","modified_gmt":"2026-04-28T03:25:22","slug":"conselho-municipal-de-assistencia-social-realiza-reuniao-ordinaria-em-adamantina","status":"publish","type":"post","link":"https:\/\/radiolifefm.com.br\/noticias\/conselho-municipal-de-assistencia-social-realiza-reuniao-ordinaria-em-adamantina\/","title":{"rendered":"Conselho Municipal de Assist\u00eancia Social realiza reuni\u00e3o ordin\u00e1ria em Adamantina"},"content":{"rendered":"<div id=\"fb-root\"><\/div>\n<p>O Conselho Municipal de Assist\u00eancia Social (CMAS) de Adamantina realizou, nesta segunda-feira dia 27 de abril de 2026, sua reuni\u00e3o ordin\u00e1ria.<\/p>\n<p>&nbsp;<\/p>\n<p>O encontro, que ocorre mensalmente e, quando necess\u00e1rio, de forma extraordin\u00e1ria, contou com a presen\u00e7a dos conselheiros devidamente convocados, conforme os procedimentos estabelecidos.<\/p>\n<p>&nbsp;<\/p>\n<p>A reuni\u00e3o foi conduzida de acordo com as normas regimentais do Conselho, garantindo organiza\u00e7\u00e3o, transpar\u00eancia e participa\u00e7\u00e3o dos membros. Todas as delibera\u00e7\u00f5es e discuss\u00f5es foram devidamente registradas em ata, assegurando a formalidade e a legalidade dos atos.<\/p>\n<p>&nbsp;<\/p>\n<p>A realiza\u00e7\u00e3o peri\u00f3dica dos encontros reafirma o papel do CMAS como inst\u00e2ncia fundamental de controle social, acompanhamento e fortalecimento das pol\u00edticas p\u00fablicas de assist\u00eancia social no munic\u00edpio, garantindo a participa\u00e7\u00e3o da sociedade na constru\u00e7\u00e3o de uma gest\u00e3o mais transparente e eficiente.<\/p>\n<p>&#8212;<\/p>\n<p>PREFEITURA DO MUNIC\u00cdPIO DE ADAMANTINA<\/p>\n<p>Diretor de Comunica\u00e7\u00e3o<\/p>\n<p>Caio Vasques<\/p>\n<p>Jornalista<\/p>\n<p>Natacha Dominato<\/p>\n","protected":false},"excerpt":{"rendered":"<p>O Conselho Municipal de Assist\u00eancia Social (CMAS) de Adamantina realizou, nesta segunda-feira dia 27 de abril de 2026, sua reuni\u00e3o ordin\u00e1ria. &nbsp; O encontro, que ocorre mensalmente e, quando necess\u00e1rio, de forma extraordin\u00e1ria, contou com a presen\u00e7a dos conselheiros devidamente convocados, conforme os procedimentos estabelecidos. &nbsp; A reuni\u00e3o foi conduzida de acordo com as normas [&hellip;]<\/p>\n","protected":false},"author":13,"featured_media":119467,"comment_status":"closed","ping_status":"open","sticky":false,"template":"","format":"standard","meta":{"_acf_changed":false,"_exactmetrics_skip_tracking":false,"_exactmetrics_sitenote_active":false,"_exactmetrics_sitenote_note":"","_exactmetrics_sitenote_category":0,"footnotes":""},"categories":[21],"tags":[],"class_list":["post-119465","post","type-post","status-publish","format-standard","has-post-thumbnail","hentry","category-adamantina"],"acf":[],"yoast_head":"<!-- This site is optimized with the Yoast SEO plugin v27.2 - https:\/\/yoast.com\/product\/yoast-seo-wordpress\/ -->\n<title>Conselho Municipal de Assist\u00eancia Social realiza reuni\u00e3o ordin\u00e1ria em Adamantina - R\u00e1dio Life FM<\/title>\n<meta name=\"robots\" content=\"index, follow, max-snippet:-1, max-image-preview:large, max-video-preview:-1\" \/>\n<link rel=\"canonical\" href=\"https:\/\/radiolifefm.com.br\/noticias\/conselho-municipal-de-assistencia-social-realiza-reuniao-ordinaria-em-adamantina\/\" \/>\n<meta property=\"og:locale\" content=\"pt_BR\" \/>\n<meta property=\"og:type\" content=\"article\" \/>\n<meta property=\"og:title\" content=\"Conselho Municipal de Assist\u00eancia Social realiza reuni\u00e3o ordin\u00e1ria em Adamantina - R\u00e1dio Life FM\" \/>\n<meta property=\"og:description\" content=\"O Conselho Municipal de Assist\u00eancia Social (CMAS) de Adamantina realizou, nesta segunda-feira dia 27 de abril de 2026, sua reuni\u00e3o ordin\u00e1ria. &nbsp; O encontro, que ocorre mensalmente e, quando necess\u00e1rio, de forma extraordin\u00e1ria, contou com a presen\u00e7a dos conselheiros devidamente convocados, conforme os procedimentos estabelecidos. &nbsp; A reuni\u00e3o foi conduzida de acordo com as normas [&hellip;]\" \/>\n<meta property=\"og:url\" content=\"https:\/\/radiolifefm.com.br\/noticias\/conselho-municipal-de-assistencia-social-realiza-reuniao-ordinaria-em-adamantina\/\" \/>\n<meta property=\"og:site_name\" content=\"R\u00e1dio Life FM\" \/>\n<meta property=\"article:publisher\" content=\"https:\/\/www.facebook.com\/radiolifefm\/\" \/>\n<meta property=\"article:published_time\" content=\"2026-04-28T03:08:26+00:00\" \/>\n<meta property=\"article:modified_time\" content=\"2026-04-28T03:25:22+00:00\" \/>\n<meta property=\"og:image\" content=\"https:\/\/radiolifefm.com.br\/noticias\/wp-content\/uploads\/2026\/04\/WhatsApp-Image-2026-04-27-at-11.00.17.jpeg\" \/>\n\t<meta property=\"og:image:width\" content=\"1600\" \/>\n\t<meta property=\"og:image:height\" content=\"837\" \/>\n\t<meta property=\"og:image:type\" content=\"image\/jpeg\" \/>\n<meta name=\"author\" content=\"ritanery\" \/>\n<meta name=\"twitter:card\" content=\"summary_large_image\" \/>\n<meta name=\"twitter:label1\" content=\"Escrito por\" \/>\n\t<meta name=\"twitter:data1\" content=\"ritanery\" \/>\n\t<meta name=\"twitter:label2\" content=\"Est. tempo de leitura\" \/>\n\t<meta name=\"twitter:data2\" content=\"1 minuto\" \/>\n<script type=\"application\/ld+json\" class=\"yoast-schema-graph\">{\"@context\":\"https:\/\/schema.org\",\"@graph\":[{\"@type\":\"Article\",\"@id\":\"https:\/\/radiolifefm.com.br\/noticias\/conselho-municipal-de-assistencia-social-realiza-reuniao-ordinaria-em-adamantina\/#article\",\"isPartOf\":{\"@id\":\"https:\/\/radiolifefm.com.br\/noticias\/conselho-municipal-de-assistencia-social-realiza-reuniao-ordinaria-em-adamantina\/\"},\"author\":{\"name\":\"ritanery\",\"@id\":\"https:\/\/radiolifefm.com.br\/noticias\/#\/schema\/person\/6339b9fac59d12b071dec680d7375d87\"},\"headline\":\"Conselho Municipal de Assist\u00eancia Social realiza reuni\u00e3o ordin\u00e1ria em Adamantina\",\"datePublished\":\"2026-04-28T03:08:26+00:00\",\"dateModified\":\"2026-04-28T03:25:22+00:00\",\"mainEntityOfPage\":{\"@id\":\"https:\/\/radiolifefm.com.br\/noticias\/conselho-municipal-de-assistencia-social-realiza-reuniao-ordinaria-em-adamantina\/\"},\"wordCount\":174,\"publisher\":{\"@id\":\"https:\/\/radiolifefm.com.br\/noticias\/#organization\"},\"image\":{\"@id\":\"https:\/\/radiolifefm.com.br\/noticias\/conselho-municipal-de-assistencia-social-realiza-reuniao-ordinaria-em-adamantina\/#primaryimage\"},\"thumbnailUrl\":\"https:\/\/radiolifefm.com.br\/noticias\/wp-content\/uploads\/2026\/04\/WhatsApp-Image-2026-04-27-at-11.00.17.jpeg\",\"articleSection\":[\"Adamantina\"],\"inLanguage\":\"pt-BR\"},{\"@type\":\"WebPage\",\"@id\":\"https:\/\/radiolifefm.com.br\/noticias\/conselho-municipal-de-assistencia-social-realiza-reuniao-ordinaria-em-adamantina\/\",\"url\":\"https:\/\/radiolifefm.com.br\/noticias\/conselho-municipal-de-assistencia-social-realiza-reuniao-ordinaria-em-adamantina\/\",\"name\":\"Conselho Municipal de Assist\u00eancia Social realiza reuni\u00e3o ordin\u00e1ria em Adamantina - R\u00e1dio Life FM\",\"isPartOf\":{\"@id\":\"https:\/\/radiolifefm.com.br\/noticias\/#website\"},\"primaryImageOfPage\":{\"@id\":\"https:\/\/radiolifefm.com.br\/noticias\/conselho-municipal-de-assistencia-social-realiza-reuniao-ordinaria-em-adamantina\/#primaryimage\"},\"image\":{\"@id\":\"https:\/\/radiolifefm.com.br\/noticias\/conselho-municipal-de-assistencia-social-realiza-reuniao-ordinaria-em-adamantina\/#primaryimage\"},\"thumbnailUrl\":\"https:\/\/radiolifefm.com.br\/noticias\/wp-content\/uploads\/2026\/04\/WhatsApp-Image-2026-04-27-at-11.00.17.jpeg\",\"datePublished\":\"2026-04-28T03:08:26+00:00\",\"dateModified\":\"2026-04-28T03:25:22+00:00\",\"breadcrumb\":{\"@id\":\"https:\/\/radiolifefm.com.br\/noticias\/conselho-municipal-de-assistencia-social-realiza-reuniao-ordinaria-em-adamantina\/#breadcrumb\"},\"inLanguage\":\"pt-BR\",\"potentialAction\":[{\"@type\":\"ReadAction\",\"target\":[\"https:\/\/radiolifefm.com.br\/noticias\/conselho-municipal-de-assistencia-social-realiza-reuniao-ordinaria-em-adamantina\/\"]}]},{\"@type\":\"ImageObject\",\"inLanguage\":\"pt-BR\",\"@id\":\"https:\/\/radiolifefm.com.br\/noticias\/conselho-municipal-de-assistencia-social-realiza-reuniao-ordinaria-em-adamantina\/#primaryimage\",\"url\":\"https:\/\/radiolifefm.com.br\/noticias\/wp-content\/uploads\/2026\/04\/WhatsApp-Image-2026-04-27-at-11.00.17.jpeg\",\"contentUrl\":\"https:\/\/radiolifefm.com.br\/noticias\/wp-content\/uploads\/2026\/04\/WhatsApp-Image-2026-04-27-at-11.00.17.jpeg\",\"width\":1600,\"height\":837},{\"@type\":\"BreadcrumbList\",\"@id\":\"https:\/\/radiolifefm.com.br\/noticias\/conselho-municipal-de-assistencia-social-realiza-reuniao-ordinaria-em-adamantina\/#breadcrumb\",\"itemListElement\":[{\"@type\":\"ListItem\",\"position\":1,\"name\":\"In\u00edcio\",\"item\":\"https:\/\/radiolifefm.com.br\/noticias\/\"},{\"@type\":\"ListItem\",\"position\":2,\"name\":\"Conselho Municipal de Assist\u00eancia Social realiza reuni\u00e3o ordin\u00e1ria em Adamantina\"}]},{\"@type\":\"WebSite\",\"@id\":\"https:\/\/radiolifefm.com.br\/noticias\/#website\",\"url\":\"https:\/\/radiolifefm.com.br\/noticias\/\",\"name\":\"R\u00e1dio Life FM\",\"description\":\"O Portal de Not\u00edcias de Adamantina\",\"publisher\":{\"@id\":\"https:\/\/radiolifefm.com.br\/noticias\/#organization\"},\"alternateName\":\"Life FM\",\"potentialAction\":[{\"@type\":\"SearchAction\",\"target\":{\"@type\":\"EntryPoint\",\"urlTemplate\":\"https:\/\/radiolifefm.com.br\/noticias\/?s={search_term_string}\"},\"query-input\":{\"@type\":\"PropertyValueSpecification\",\"valueRequired\":true,\"valueName\":\"search_term_string\"}}],\"inLanguage\":\"pt-BR\"},{\"@type\":\"Organization\",\"@id\":\"https:\/\/radiolifefm.com.br\/noticias\/#organization\",\"name\":\"R\u00e1dio Life FM\",\"alternateName\":\"Life FM\",\"url\":\"https:\/\/radiolifefm.com.br\/noticias\/\",\"logo\":{\"@type\":\"ImageObject\",\"inLanguage\":\"pt-BR\",\"@id\":\"https:\/\/radiolifefm.com.br\/noticias\/#\/schema\/logo\/image\/\",\"url\":\"https:\/\/static.radiolifefm.com.br\/noticias\/wp-content\/uploads\/2019\/10\/logo-lifefm.png\",\"contentUrl\":\"https:\/\/static.radiolifefm.com.br\/noticias\/wp-content\/uploads\/2019\/10\/logo-lifefm.png\",\"width\":196,\"height\":47,\"caption\":\"R\u00e1dio Life FM\"},\"image\":{\"@id\":\"https:\/\/radiolifefm.com.br\/noticias\/#\/schema\/logo\/image\/\"},\"sameAs\":[\"https:\/\/www.facebook.com\/radiolifefm\/\",\"https:\/\/www.instagram.com\/life1079fm\/\"]},{\"@type\":\"Person\",\"@id\":\"https:\/\/radiolifefm.com.br\/noticias\/#\/schema\/person\/6339b9fac59d12b071dec680d7375d87\",\"name\":\"ritanery\",\"image\":{\"@type\":\"ImageObject\",\"inLanguage\":\"pt-BR\",\"@id\":\"https:\/\/secure.gravatar.com\/avatar\/0e37bb19071f47c0b8a23f62a903df117c5a0e75f65a0c2901562f97cd41cf86?s=96&d=mm&r=g\",\"url\":\"https:\/\/secure.gravatar.com\/avatar\/0e37bb19071f47c0b8a23f62a903df117c5a0e75f65a0c2901562f97cd41cf86?s=96&d=mm&r=g\",\"contentUrl\":\"https:\/\/secure.gravatar.com\/avatar\/0e37bb19071f47c0b8a23f62a903df117c5a0e75f65a0c2901562f97cd41cf86?s=96&d=mm&r=g\",\"caption\":\"ritanery\"}}]}<\/script>\n<!-- \/ Yoast SEO plugin. -->","yoast_head_json":{"title":"Conselho Municipal de Assist\u00eancia Social realiza reuni\u00e3o ordin\u00e1ria em Adamantina - R\u00e1dio Life FM","robots":{"index":"index","follow":"follow","max-snippet":"max-snippet:-1","max-image-preview":"max-image-preview:large","max-video-preview":"max-video-preview:-1"},"canonical":"https:\/\/radiolifefm.com.br\/noticias\/conselho-municipal-de-assistencia-social-realiza-reuniao-ordinaria-em-adamantina\/","og_locale":"pt_BR","og_type":"article","og_title":"Conselho Municipal de Assist\u00eancia Social realiza reuni\u00e3o ordin\u00e1ria em Adamantina - R\u00e1dio Life FM","og_description":"O Conselho Municipal de Assist\u00eancia Social (CMAS) de Adamantina realizou, nesta segunda-feira dia 27 de abril de 2026, sua reuni\u00e3o ordin\u00e1ria. &nbsp; O encontro, que ocorre mensalmente e, quando necess\u00e1rio, de forma extraordin\u00e1ria, contou com a presen\u00e7a dos conselheiros devidamente convocados, conforme os procedimentos estabelecidos. &nbsp; A reuni\u00e3o foi conduzida de acordo com as normas [&hellip;]","og_url":"https:\/\/radiolifefm.com.br\/noticias\/conselho-municipal-de-assistencia-social-realiza-reuniao-ordinaria-em-adamantina\/","og_site_name":"R\u00e1dio Life FM","article_publisher":"https:\/\/www.facebook.com\/radiolifefm\/","article_published_time":"2026-04-28T03:08:26+00:00","article_modified_time":"2026-04-28T03:25:22+00:00","og_image":[{"width":1600,"height":837,"url":"https:\/\/radiolifefm.com.br\/noticias\/wp-content\/uploads\/2026\/04\/WhatsApp-Image-2026-04-27-at-11.00.17.jpeg","type":"image\/jpeg"}],"author":"ritanery","twitter_card":"summary_large_image","twitter_misc":{"Escrito por":"ritanery","Est. tempo de leitura":"1 minuto"},"schema":{"@context":"https:\/\/schema.org","@graph":[{"@type":"Article","@id":"https:\/\/radiolifefm.com.br\/noticias\/conselho-municipal-de-assistencia-social-realiza-reuniao-ordinaria-em-adamantina\/#article","isPartOf":{"@id":"https:\/\/radiolifefm.com.br\/noticias\/conselho-municipal-de-assistencia-social-realiza-reuniao-ordinaria-em-adamantina\/"},"author":{"name":"ritanery","@id":"https:\/\/radiolifefm.com.br\/noticias\/#\/schema\/person\/6339b9fac59d12b071dec680d7375d87"},"headline":"Conselho Municipal de Assist\u00eancia Social realiza reuni\u00e3o ordin\u00e1ria em Adamantina","datePublished":"2026-04-28T03:08:26+00:00","dateModified":"2026-04-28T03:25:22+00:00","mainEntityOfPage":{"@id":"https:\/\/radiolifefm.com.br\/noticias\/conselho-municipal-de-assistencia-social-realiza-reuniao-ordinaria-em-adamantina\/"},"wordCount":174,"publisher":{"@id":"https:\/\/radiolifefm.com.br\/noticias\/#organization"},"image":{"@id":"https:\/\/radiolifefm.com.br\/noticias\/conselho-municipal-de-assistencia-social-realiza-reuniao-ordinaria-em-adamantina\/#primaryimage"},"thumbnailUrl":"https:\/\/radiolifefm.com.br\/noticias\/wp-content\/uploads\/2026\/04\/WhatsApp-Image-2026-04-27-at-11.00.17.jpeg","articleSection":["Adamantina"],"inLanguage":"pt-BR"},{"@type":"WebPage","@id":"https:\/\/radiolifefm.com.br\/noticias\/conselho-municipal-de-assistencia-social-realiza-reuniao-ordinaria-em-adamantina\/","url":"https:\/\/radiolifefm.com.br\/noticias\/conselho-municipal-de-assistencia-social-realiza-reuniao-ordinaria-em-adamantina\/","name":"Conselho Municipal de Assist\u00eancia Social realiza reuni\u00e3o ordin\u00e1ria em Adamantina - R\u00e1dio Life FM","isPartOf":{"@id":"https:\/\/radiolifefm.com.br\/noticias\/#website"},"primaryImageOfPage":{"@id":"https:\/\/radiolifefm.com.br\/noticias\/conselho-municipal-de-assistencia-social-realiza-reuniao-ordinaria-em-adamantina\/#primaryimage"},"image":{"@id":"https:\/\/radiolifefm.com.br\/noticias\/conselho-municipal-de-assistencia-social-realiza-reuniao-ordinaria-em-adamantina\/#primaryimage"},"thumbnailUrl":"https:\/\/radiolifefm.com.br\/noticias\/wp-content\/uploads\/2026\/04\/WhatsApp-Image-2026-04-27-at-11.00.17.jpeg","datePublished":"2026-04-28T03:08:26+00:00","dateModified":"2026-04-28T03:25:22+00:00","breadcrumb":{"@id":"https:\/\/radiolifefm.com.br\/noticias\/conselho-municipal-de-assistencia-social-realiza-reuniao-ordinaria-em-adamantina\/#breadcrumb"},"inLanguage":"pt-BR","potentialAction":[{"@type":"ReadAction","target":["https:\/\/radiolifefm.com.br\/noticias\/conselho-municipal-de-assistencia-social-realiza-reuniao-ordinaria-em-adamantina\/"]}]},{"@type":"ImageObject","inLanguage":"pt-BR","@id":"https:\/\/radiolifefm.com.br\/noticias\/conselho-municipal-de-assistencia-social-realiza-reuniao-ordinaria-em-adamantina\/#primaryimage","url":"https:\/\/radiolifefm.com.br\/noticias\/wp-content\/uploads\/2026\/04\/WhatsApp-Image-2026-04-27-at-11.00.17.jpeg","contentUrl":"https:\/\/radiolifefm.com.br\/noticias\/wp-content\/uploads\/2026\/04\/WhatsApp-Image-2026-04-27-at-11.00.17.jpeg","width":1600,"height":837},{"@type":"BreadcrumbList","@id":"https:\/\/radiolifefm.com.br\/noticias\/conselho-municipal-de-assistencia-social-realiza-reuniao-ordinaria-em-adamantina\/#breadcrumb","itemListElement":[{"@type":"ListItem","position":1,"name":"In\u00edcio","item":"https:\/\/radiolifefm.com.br\/noticias\/"},{"@type":"ListItem","position":2,"name":"Conselho Municipal de Assist\u00eancia Social realiza reuni\u00e3o ordin\u00e1ria em Adamantina"}]},{"@type":"WebSite","@id":"https:\/\/radiolifefm.com.br\/noticias\/#website","url":"https:\/\/radiolifefm.com.br\/noticias\/","name":"R\u00e1dio Life FM","description":"O Portal de Not\u00edcias de Adamantina","publisher":{"@id":"https:\/\/radiolifefm.com.br\/noticias\/#organization"},"alternateName":"Life FM","potentialAction":[{"@type":"SearchAction","target":{"@type":"EntryPoint","urlTemplate":"https:\/\/radiolifefm.com.br\/noticias\/?s={search_term_string}"},"query-input":{"@type":"PropertyValueSpecification","valueRequired":true,"valueName":"search_term_string"}}],"inLanguage":"pt-BR"},{"@type":"Organization","@id":"https:\/\/radiolifefm.com.br\/noticias\/#organization","name":"R\u00e1dio Life FM","alternateName":"Life FM","url":"https:\/\/radiolifefm.com.br\/noticias\/","logo":{"@type":"ImageObject","inLanguage":"pt-BR","@id":"https:\/\/radiolifefm.com.br\/noticias\/#\/schema\/logo\/image\/","url":"https:\/\/static.radiolifefm.com.br\/noticias\/wp-content\/uploads\/2019\/10\/logo-lifefm.png","contentUrl":"https:\/\/static.radiolifefm.com.br\/noticias\/wp-content\/uploads\/2019\/10\/logo-lifefm.png","width":196,"height":47,"caption":"R\u00e1dio Life FM"},"image":{"@id":"https:\/\/radiolifefm.com.br\/noticias\/#\/schema\/logo\/image\/"},"sameAs":["https:\/\/www.facebook.com\/radiolifefm\/","https:\/\/www.instagram.com\/life1079fm\/"]},{"@type":"Person","@id":"https:\/\/radiolifefm.com.br\/noticias\/#\/schema\/person\/6339b9fac59d12b071dec680d7375d87","name":"ritanery","image":{"@type":"ImageObject","inLanguage":"pt-BR","@id":"https:\/\/secure.gravatar.com\/avatar\/0e37bb19071f47c0b8a23f62a903df117c5a0e75f65a0c2901562f97cd41cf86?s=96&d=mm&r=g","url":"https:\/\/secure.gravatar.com\/avatar\/0e37bb19071f47c0b8a23f62a903df117c5a0e75f65a0c2901562f97cd41cf86?s=96&d=mm&r=g","contentUrl":"https:\/\/secure.gravatar.com\/avatar\/0e37bb19071f47c0b8a23f62a903df117c5a0e75f65a0c2901562f97cd41cf86?s=96&d=mm&r=g","caption":"ritanery"}}]}},"amp_enabled":true,"_links":{"self":[{"href":"https:\/\/radiolifefm.com.br\/noticias\/wp-json\/wp\/v2\/posts\/119465","targetHints":{"allow":["GET"]}}],"collection":[{"href":"https:\/\/radiolifefm.com.br\/noticias\/wp-json\/wp\/v2\/posts"}],"about":[{"href":"https:\/\/radiolifefm.com.br\/noticias\/wp-json\/wp\/v2\/types\/post"}],"author":[{"embeddable":true,"href":"https:\/\/radiolifefm.com.br\/noticias\/wp-json\/wp\/v2\/users\/13"}],"replies":[{"embeddable":true,"href":"https:\/\/radiolifefm.com.br\/noticias\/wp-json\/wp\/v2\/comments?post=119465"}],"version-history":[{"count":1,"href":"https:\/\/radiolifefm.com.br\/noticias\/wp-json\/wp\/v2\/posts\/119465\/revisions"}],"predecessor-version":[{"id":119468,"href":"https:\/\/radiolifefm.com.br\/noticias\/wp-json\/wp\/v2\/posts\/119465\/revisions\/119468"}],"wp:featuredmedia":[{"embeddable":true,"href":"https:\/\/radiolifefm.com.br\/noticias\/wp-json\/wp\/v2\/media\/119467"}],"wp:attachment":[{"href":"https:\/\/radiolifefm.com.br\/noticias\/wp-json\/wp\/v2\/media?parent=119465"}],"wp:term":[{"taxonomy":"category","embeddable":true,"href":"https:\/\/radiolifefm.com.br\/noticias\/wp-json\/wp\/v2\/categories?post=119465"},{"taxonomy":"post_tag","embeddable":true,"href":"https:\/\/radiolifefm.com.br\/noticias\/wp-json\/wp\/v2\/tags?post=119465"}],"curies":[{"name":"wp","href":"https:\/\/api.w.org\/{rel}","templated":true}]}}