{"id":119456,"date":"2026-04-28T00:03:33","date_gmt":"2026-04-28T03:03:33","guid":{"rendered":"https:\/\/radiolifefm.com.br\/noticias\/?p=119456"},"modified":"2026-04-28T02:32:19","modified_gmt":"2026-04-28T05:32:19","slug":"sicredi-destaca-expansao-do-apoio-ao-agronegocio-brasileiro-na-abertura-da-agrishow-2026","status":"publish","type":"post","link":"https:\/\/radiolifefm.com.br\/noticias\/sicredi-destaca-expansao-do-apoio-ao-agronegocio-brasileiro-na-abertura-da-agrishow-2026\/","title":{"rendered":"Sicredi destaca expans\u00e3o do apoio ao agroneg\u00f3cio brasileiro na abertura da Agrishow 2026"},"content":{"rendered":"<div id=\"fb-root\"><\/div>\n<p>Presente na Agrishow 2026, o Sicredi refor\u00e7a seu protagonismo no apoio ao agroneg\u00f3cio ao apresentar os resultados do Plano Safra 2025\/2026 e destacar a evolu\u00e7\u00e3o de um portf\u00f3lio cada vez mais completo em solu\u00e7\u00f5es financeiras voltadas ao produtor rural. Al\u00e9m das linhas de cr\u00e9dito tradicionais, a institui\u00e7\u00e3o financeira cooperativa tem avan\u00e7ado na oferta de alternativas que contribuem diretamente para a efici\u00eancia econ\u00f4mica da atividade no campo.<\/p>\n<p>Nos primeiros nove meses do ciclo atual, a institui\u00e7\u00e3o liberou R$ 52,8 bilh\u00f5es em cr\u00e9dito rural no pa\u00eds, um crescimento de 16,5% em rela\u00e7\u00e3o \u00e0 safra anterior, mantendo um ritmo consistente de crescimento e proximidade com o produtor.<\/p>\n<p>Al\u00e9m do cr\u00e9dito tradicional &#8211; que segue como base para custeio e investimento &#8211; o Sicredi tem intensificado a oferta de instrumentos complementares que permitem ao produtor otimizar custos e melhorar sua estrat\u00e9gia financeira ao longo do ciclo produtivo. Entre eles, ganham espa\u00e7o as opera\u00e7\u00f5es com <strong>C\u00e9dula de Produto Rural (CPR)<\/strong> e <strong>linhas em moeda estrangeira, derivativos e cons\u00f3rcios,<\/strong> modalidades que possibilitam maior economia no acesso a recursos e prote\u00e7\u00e3o frente \u00e0s oscila\u00e7\u00f5es de pre\u00e7os de mercado.<\/p>\n<p>Esse movimento reflete uma mudan\u00e7a no perfil do produtor rural, que busca solu\u00e7\u00f5es financeiras mais adequadas \u00e0s suas necessidades de financiamento &#8211; para aqueles que t\u00eam receitas em d\u00f3lar e podem fazer contratos de prote\u00e7\u00e3o cambial para exporta\u00e7\u00e3o, al\u00e9m do perfil de produtor rural que pode utilizar os cons\u00f3rcios para planejar a aquisi\u00e7\u00e3o de implementos, m\u00e1quinas e demais servi\u00e7os para ampliar a produ\u00e7\u00e3o.<\/p>\n<p><strong>Cons\u00f3rcio agro cresce 23% <\/strong><strong><br \/>\n<\/strong>A administradora de cons\u00f3rcio do Sicredi \u00e9 uma das dez maiores do Brasil, com uma carteira total que j\u00e1 supera R$ 61,8 bilh\u00f5es. Para o produtor rural, o cons\u00f3rcio \u00e9 uma solu\u00e7\u00e3o que atende quem busca planejamento de m\u00e9dio e longo prazo, com previsibilidade e menor custo financeiro por ser isenta de cobran\u00e7a de juros (apenas taxa de administra\u00e7\u00e3o e fundo de reserva), ter altos \u00edndices de contempla\u00e7\u00e3o e planos flex\u00edveis alinhados ao ciclo do campo. Nas \u00faltimas duas safras, a modalidade vem apresentando grande demanda pelo produtor rural, reflexo da possibilidade de aquisi\u00e7\u00e3o de bens e implementos a custos financeiros mais baixos. Somente no \u00faltimo ano, o Sicredi registrou mais de R$ 3 bilh\u00f5es em novas vendas no segmento agro, um crescimento de 23% em rela\u00e7\u00e3o ao per\u00edodo anterior.<\/p>\n<p><strong>Compromisso com o desenvolvimento do agro brasileiro<\/strong><strong><br \/>\n<\/strong>Com presen\u00e7a em todo o territ\u00f3rio nacional, o Sicredi se diferencia pelo relacionamento pr\u00f3ximo com os produtores e pela oferta de solu\u00e7\u00f5es personalizadas. A institui\u00e7\u00e3o re\u00fane mais de 10 milh\u00f5es de associados e conta com ampla rede de atendimento, com mais de 3 mil ag\u00eancias no Brasil\u00a0 \u2014 sendo a \u00fanica institui\u00e7\u00e3o financeira presente em mais de 200 cidades. Em S\u00e3o Paulo, s\u00e3o mais de 450 ag\u00eancias, aliando atendimento consultivo digital e presencial, refor\u00e7ando o desenvolvimento regional.<\/p>\n<p>\u201cA participa\u00e7\u00e3o na Agrishow \u00e9 uma oportunidade estrat\u00e9gica para estarmos mais pr\u00f3ximos dos produtores, entendendo suas necessidades e oferecendo solu\u00e7\u00f5es que contribuam para o desenvolvimento sustent\u00e1vel do agroneg\u00f3cio\u201d, ressalta o gerente de desenvolvimento de neg\u00f3cios da Central Sicredi PR\/SP\/RJ, Gilson Farias.<\/p>\n<p><strong>Sobre a Agrishow<\/strong><strong><br \/>\n<\/strong>Realizada em Ribeir\u00e3o Preto (SP), a Agrishow \u00e9 uma das maiores feiras de tecnologia agr\u00edcola do mundo, reunindo anualmente produtores rurais, empresas, startups e institui\u00e7\u00f5es financeiras. O evento \u00e9 reconhecido por apresentar inova\u00e7\u00f5es em m\u00e1quinas, equipamentos, insumos e solu\u00e7\u00f5es voltadas \u00e0 efici\u00eancia e \u00e0 sustentabilidade no campo. Neste ano, acontece entre os dias 27 de abril e 1\u00ba de maio. Mais informa\u00e7\u00f5es em: <a href=\"https:\/\/www.agrishow.com.br\/\" data-saferedirecturl=\"https:\/\/www.google.com\/url?q=https:\/\/www.agrishow.com.br\/&amp;source=gmail&amp;ust=1777430728122000&amp;usg=AOvVaw3D5GlgOqObmnATu5RZBij4\">https:\/\/www.agrishow.com.br\/<br \/>\n<\/a><\/p>\n<p>&nbsp;<\/p>\n<p>Giulia Ayelen Bugia Fernandes<\/p>\n<p>Assistente de Comunica\u00e7\u00e3o &amp; Marketing<\/p>\n<p>Comunica\u00e7\u00e3o &amp; Marketing<\/p>\n","protected":false},"excerpt":{"rendered":"<p>Presente na Agrishow 2026, o Sicredi refor\u00e7a seu protagonismo no apoio ao agroneg\u00f3cio ao apresentar os resultados do Plano Safra 2025\/2026 e destacar a evolu\u00e7\u00e3o de um portf\u00f3lio cada vez mais completo em solu\u00e7\u00f5es financeiras voltadas ao produtor rural. Al\u00e9m das linhas de cr\u00e9dito tradicionais, a institui\u00e7\u00e3o financeira cooperativa tem avan\u00e7ado na oferta de alternativas [&hellip;]<\/p>\n","protected":false},"author":13,"featured_media":119457,"comment_status":"closed","ping_status":"open","sticky":false,"template":"","format":"standard","meta":{"_acf_changed":false,"_exactmetrics_skip_tracking":false,"_exactmetrics_sitenote_active":false,"_exactmetrics_sitenote_note":"","_exactmetrics_sitenote_category":0,"footnotes":""},"categories":[1],"tags":[],"class_list":["post-119456","post","type-post","status-publish","format-standard","has-post-thumbnail","hentry","category-geral"],"acf":[],"yoast_head":"<!-- This site is optimized with the Yoast SEO plugin v27.2 - https:\/\/yoast.com\/product\/yoast-seo-wordpress\/ -->\n<title>Sicredi destaca expans\u00e3o do apoio ao agroneg\u00f3cio brasileiro na abertura da Agrishow 2026 - R\u00e1dio Life FM<\/title>\n<meta name=\"robots\" content=\"index, follow, max-snippet:-1, max-image-preview:large, max-video-preview:-1\" \/>\n<link rel=\"canonical\" href=\"https:\/\/radiolifefm.com.br\/noticias\/sicredi-destaca-expansao-do-apoio-ao-agronegocio-brasileiro-na-abertura-da-agrishow-2026\/\" \/>\n<meta property=\"og:locale\" content=\"pt_BR\" \/>\n<meta property=\"og:type\" content=\"article\" \/>\n<meta property=\"og:title\" content=\"Sicredi destaca expans\u00e3o do apoio ao agroneg\u00f3cio brasileiro na abertura da Agrishow 2026 - R\u00e1dio Life FM\" \/>\n<meta property=\"og:description\" content=\"Presente na Agrishow 2026, o Sicredi refor\u00e7a seu protagonismo no apoio ao agroneg\u00f3cio ao apresentar os resultados do Plano Safra 2025\/2026 e destacar a evolu\u00e7\u00e3o de um portf\u00f3lio cada vez mais completo em solu\u00e7\u00f5es financeiras voltadas ao produtor rural. Al\u00e9m das linhas de cr\u00e9dito tradicionais, a institui\u00e7\u00e3o financeira cooperativa tem avan\u00e7ado na oferta de alternativas [&hellip;]\" \/>\n<meta property=\"og:url\" content=\"https:\/\/radiolifefm.com.br\/noticias\/sicredi-destaca-expansao-do-apoio-ao-agronegocio-brasileiro-na-abertura-da-agrishow-2026\/\" \/>\n<meta property=\"og:site_name\" content=\"R\u00e1dio Life FM\" \/>\n<meta property=\"article:publisher\" content=\"https:\/\/www.facebook.com\/radiolifefm\/\" \/>\n<meta property=\"article:published_time\" content=\"2026-04-28T03:03:33+00:00\" \/>\n<meta property=\"article:modified_time\" content=\"2026-04-28T05:32:19+00:00\" \/>\n<meta property=\"og:image\" content=\"https:\/\/radiolifefm.com.br\/noticias\/wp-content\/uploads\/2026\/04\/cats-3.jpg\" \/>\n\t<meta property=\"og:image:width\" content=\"500\" \/>\n\t<meta property=\"og:image:height\" content=\"360\" \/>\n\t<meta property=\"og:image:type\" content=\"image\/jpeg\" \/>\n<meta name=\"author\" content=\"ritanery\" \/>\n<meta name=\"twitter:card\" content=\"summary_large_image\" \/>\n<meta name=\"twitter:label1\" content=\"Escrito por\" \/>\n\t<meta name=\"twitter:data1\" content=\"ritanery\" \/>\n\t<meta name=\"twitter:label2\" content=\"Est. tempo de leitura\" \/>\n\t<meta name=\"twitter:data2\" content=\"4 minutos\" \/>\n<script type=\"application\/ld+json\" class=\"yoast-schema-graph\">{\"@context\":\"https:\/\/schema.org\",\"@graph\":[{\"@type\":\"Article\",\"@id\":\"https:\/\/radiolifefm.com.br\/noticias\/sicredi-destaca-expansao-do-apoio-ao-agronegocio-brasileiro-na-abertura-da-agrishow-2026\/#article\",\"isPartOf\":{\"@id\":\"https:\/\/radiolifefm.com.br\/noticias\/sicredi-destaca-expansao-do-apoio-ao-agronegocio-brasileiro-na-abertura-da-agrishow-2026\/\"},\"author\":{\"name\":\"ritanery\",\"@id\":\"https:\/\/radiolifefm.com.br\/noticias\/#\/schema\/person\/6339b9fac59d12b071dec680d7375d87\"},\"headline\":\"Sicredi destaca expans\u00e3o do apoio ao agroneg\u00f3cio brasileiro na abertura da Agrishow 2026\",\"datePublished\":\"2026-04-28T03:03:33+00:00\",\"dateModified\":\"2026-04-28T05:32:19+00:00\",\"mainEntityOfPage\":{\"@id\":\"https:\/\/radiolifefm.com.br\/noticias\/sicredi-destaca-expansao-do-apoio-ao-agronegocio-brasileiro-na-abertura-da-agrishow-2026\/\"},\"wordCount\":662,\"publisher\":{\"@id\":\"https:\/\/radiolifefm.com.br\/noticias\/#organization\"},\"image\":{\"@id\":\"https:\/\/radiolifefm.com.br\/noticias\/sicredi-destaca-expansao-do-apoio-ao-agronegocio-brasileiro-na-abertura-da-agrishow-2026\/#primaryimage\"},\"thumbnailUrl\":\"https:\/\/radiolifefm.com.br\/noticias\/wp-content\/uploads\/2026\/04\/cats-3.jpg\",\"articleSection\":[\"Geral\"],\"inLanguage\":\"pt-BR\"},{\"@type\":\"WebPage\",\"@id\":\"https:\/\/radiolifefm.com.br\/noticias\/sicredi-destaca-expansao-do-apoio-ao-agronegocio-brasileiro-na-abertura-da-agrishow-2026\/\",\"url\":\"https:\/\/radiolifefm.com.br\/noticias\/sicredi-destaca-expansao-do-apoio-ao-agronegocio-brasileiro-na-abertura-da-agrishow-2026\/\",\"name\":\"Sicredi destaca expans\u00e3o do apoio ao agroneg\u00f3cio brasileiro na abertura da Agrishow 2026 - R\u00e1dio Life FM\",\"isPartOf\":{\"@id\":\"https:\/\/radiolifefm.com.br\/noticias\/#website\"},\"primaryImageOfPage\":{\"@id\":\"https:\/\/radiolifefm.com.br\/noticias\/sicredi-destaca-expansao-do-apoio-ao-agronegocio-brasileiro-na-abertura-da-agrishow-2026\/#primaryimage\"},\"image\":{\"@id\":\"https:\/\/radiolifefm.com.br\/noticias\/sicredi-destaca-expansao-do-apoio-ao-agronegocio-brasileiro-na-abertura-da-agrishow-2026\/#primaryimage\"},\"thumbnailUrl\":\"https:\/\/radiolifefm.com.br\/noticias\/wp-content\/uploads\/2026\/04\/cats-3.jpg\",\"datePublished\":\"2026-04-28T03:03:33+00:00\",\"dateModified\":\"2026-04-28T05:32:19+00:00\",\"breadcrumb\":{\"@id\":\"https:\/\/radiolifefm.com.br\/noticias\/sicredi-destaca-expansao-do-apoio-ao-agronegocio-brasileiro-na-abertura-da-agrishow-2026\/#breadcrumb\"},\"inLanguage\":\"pt-BR\",\"potentialAction\":[{\"@type\":\"ReadAction\",\"target\":[\"https:\/\/radiolifefm.com.br\/noticias\/sicredi-destaca-expansao-do-apoio-ao-agronegocio-brasileiro-na-abertura-da-agrishow-2026\/\"]}]},{\"@type\":\"ImageObject\",\"inLanguage\":\"pt-BR\",\"@id\":\"https:\/\/radiolifefm.com.br\/noticias\/sicredi-destaca-expansao-do-apoio-ao-agronegocio-brasileiro-na-abertura-da-agrishow-2026\/#primaryimage\",\"url\":\"https:\/\/radiolifefm.com.br\/noticias\/wp-content\/uploads\/2026\/04\/cats-3.jpg\",\"contentUrl\":\"https:\/\/radiolifefm.com.br\/noticias\/wp-content\/uploads\/2026\/04\/cats-3.jpg\",\"width\":500,\"height\":360},{\"@type\":\"BreadcrumbList\",\"@id\":\"https:\/\/radiolifefm.com.br\/noticias\/sicredi-destaca-expansao-do-apoio-ao-agronegocio-brasileiro-na-abertura-da-agrishow-2026\/#breadcrumb\",\"itemListElement\":[{\"@type\":\"ListItem\",\"position\":1,\"name\":\"In\u00edcio\",\"item\":\"https:\/\/radiolifefm.com.br\/noticias\/\"},{\"@type\":\"ListItem\",\"position\":2,\"name\":\"Sicredi destaca expans\u00e3o do apoio ao agroneg\u00f3cio brasileiro na abertura da Agrishow 2026\"}]},{\"@type\":\"WebSite\",\"@id\":\"https:\/\/radiolifefm.com.br\/noticias\/#website\",\"url\":\"https:\/\/radiolifefm.com.br\/noticias\/\",\"name\":\"R\u00e1dio Life FM\",\"description\":\"O Portal de Not\u00edcias de Adamantina\",\"publisher\":{\"@id\":\"https:\/\/radiolifefm.com.br\/noticias\/#organization\"},\"alternateName\":\"Life FM\",\"potentialAction\":[{\"@type\":\"SearchAction\",\"target\":{\"@type\":\"EntryPoint\",\"urlTemplate\":\"https:\/\/radiolifefm.com.br\/noticias\/?s={search_term_string}\"},\"query-input\":{\"@type\":\"PropertyValueSpecification\",\"valueRequired\":true,\"valueName\":\"search_term_string\"}}],\"inLanguage\":\"pt-BR\"},{\"@type\":\"Organization\",\"@id\":\"https:\/\/radiolifefm.com.br\/noticias\/#organization\",\"name\":\"R\u00e1dio Life FM\",\"alternateName\":\"Life FM\",\"url\":\"https:\/\/radiolifefm.com.br\/noticias\/\",\"logo\":{\"@type\":\"ImageObject\",\"inLanguage\":\"pt-BR\",\"@id\":\"https:\/\/radiolifefm.com.br\/noticias\/#\/schema\/logo\/image\/\",\"url\":\"https:\/\/static.radiolifefm.com.br\/noticias\/wp-content\/uploads\/2019\/10\/logo-lifefm.png\",\"contentUrl\":\"https:\/\/static.radiolifefm.com.br\/noticias\/wp-content\/uploads\/2019\/10\/logo-lifefm.png\",\"width\":196,\"height\":47,\"caption\":\"R\u00e1dio Life FM\"},\"image\":{\"@id\":\"https:\/\/radiolifefm.com.br\/noticias\/#\/schema\/logo\/image\/\"},\"sameAs\":[\"https:\/\/www.facebook.com\/radiolifefm\/\",\"https:\/\/www.instagram.com\/life1079fm\/\"]},{\"@type\":\"Person\",\"@id\":\"https:\/\/radiolifefm.com.br\/noticias\/#\/schema\/person\/6339b9fac59d12b071dec680d7375d87\",\"name\":\"ritanery\",\"image\":{\"@type\":\"ImageObject\",\"inLanguage\":\"pt-BR\",\"@id\":\"https:\/\/secure.gravatar.com\/avatar\/0e37bb19071f47c0b8a23f62a903df117c5a0e75f65a0c2901562f97cd41cf86?s=96&d=mm&r=g\",\"url\":\"https:\/\/secure.gravatar.com\/avatar\/0e37bb19071f47c0b8a23f62a903df117c5a0e75f65a0c2901562f97cd41cf86?s=96&d=mm&r=g\",\"contentUrl\":\"https:\/\/secure.gravatar.com\/avatar\/0e37bb19071f47c0b8a23f62a903df117c5a0e75f65a0c2901562f97cd41cf86?s=96&d=mm&r=g\",\"caption\":\"ritanery\"}}]}<\/script>\n<!-- \/ Yoast SEO plugin. -->","yoast_head_json":{"title":"Sicredi destaca expans\u00e3o do apoio ao agroneg\u00f3cio brasileiro na abertura da Agrishow 2026 - R\u00e1dio Life FM","robots":{"index":"index","follow":"follow","max-snippet":"max-snippet:-1","max-image-preview":"max-image-preview:large","max-video-preview":"max-video-preview:-1"},"canonical":"https:\/\/radiolifefm.com.br\/noticias\/sicredi-destaca-expansao-do-apoio-ao-agronegocio-brasileiro-na-abertura-da-agrishow-2026\/","og_locale":"pt_BR","og_type":"article","og_title":"Sicredi destaca expans\u00e3o do apoio ao agroneg\u00f3cio brasileiro na abertura da Agrishow 2026 - R\u00e1dio Life FM","og_description":"Presente na Agrishow 2026, o Sicredi refor\u00e7a seu protagonismo no apoio ao agroneg\u00f3cio ao apresentar os resultados do Plano Safra 2025\/2026 e destacar a evolu\u00e7\u00e3o de um portf\u00f3lio cada vez mais completo em solu\u00e7\u00f5es financeiras voltadas ao produtor rural. Al\u00e9m das linhas de cr\u00e9dito tradicionais, a institui\u00e7\u00e3o financeira cooperativa tem avan\u00e7ado na oferta de alternativas [&hellip;]","og_url":"https:\/\/radiolifefm.com.br\/noticias\/sicredi-destaca-expansao-do-apoio-ao-agronegocio-brasileiro-na-abertura-da-agrishow-2026\/","og_site_name":"R\u00e1dio Life FM","article_publisher":"https:\/\/www.facebook.com\/radiolifefm\/","article_published_time":"2026-04-28T03:03:33+00:00","article_modified_time":"2026-04-28T05:32:19+00:00","og_image":[{"width":500,"height":360,"url":"https:\/\/radiolifefm.com.br\/noticias\/wp-content\/uploads\/2026\/04\/cats-3.jpg","type":"image\/jpeg"}],"author":"ritanery","twitter_card":"summary_large_image","twitter_misc":{"Escrito por":"ritanery","Est. tempo de leitura":"4 minutos"},"schema":{"@context":"https:\/\/schema.org","@graph":[{"@type":"Article","@id":"https:\/\/radiolifefm.com.br\/noticias\/sicredi-destaca-expansao-do-apoio-ao-agronegocio-brasileiro-na-abertura-da-agrishow-2026\/#article","isPartOf":{"@id":"https:\/\/radiolifefm.com.br\/noticias\/sicredi-destaca-expansao-do-apoio-ao-agronegocio-brasileiro-na-abertura-da-agrishow-2026\/"},"author":{"name":"ritanery","@id":"https:\/\/radiolifefm.com.br\/noticias\/#\/schema\/person\/6339b9fac59d12b071dec680d7375d87"},"headline":"Sicredi destaca expans\u00e3o do apoio ao agroneg\u00f3cio brasileiro na abertura da Agrishow 2026","datePublished":"2026-04-28T03:03:33+00:00","dateModified":"2026-04-28T05:32:19+00:00","mainEntityOfPage":{"@id":"https:\/\/radiolifefm.com.br\/noticias\/sicredi-destaca-expansao-do-apoio-ao-agronegocio-brasileiro-na-abertura-da-agrishow-2026\/"},"wordCount":662,"publisher":{"@id":"https:\/\/radiolifefm.com.br\/noticias\/#organization"},"image":{"@id":"https:\/\/radiolifefm.com.br\/noticias\/sicredi-destaca-expansao-do-apoio-ao-agronegocio-brasileiro-na-abertura-da-agrishow-2026\/#primaryimage"},"thumbnailUrl":"https:\/\/radiolifefm.com.br\/noticias\/wp-content\/uploads\/2026\/04\/cats-3.jpg","articleSection":["Geral"],"inLanguage":"pt-BR"},{"@type":"WebPage","@id":"https:\/\/radiolifefm.com.br\/noticias\/sicredi-destaca-expansao-do-apoio-ao-agronegocio-brasileiro-na-abertura-da-agrishow-2026\/","url":"https:\/\/radiolifefm.com.br\/noticias\/sicredi-destaca-expansao-do-apoio-ao-agronegocio-brasileiro-na-abertura-da-agrishow-2026\/","name":"Sicredi destaca expans\u00e3o do apoio ao agroneg\u00f3cio brasileiro na abertura da Agrishow 2026 - R\u00e1dio Life FM","isPartOf":{"@id":"https:\/\/radiolifefm.com.br\/noticias\/#website"},"primaryImageOfPage":{"@id":"https:\/\/radiolifefm.com.br\/noticias\/sicredi-destaca-expansao-do-apoio-ao-agronegocio-brasileiro-na-abertura-da-agrishow-2026\/#primaryimage"},"image":{"@id":"https:\/\/radiolifefm.com.br\/noticias\/sicredi-destaca-expansao-do-apoio-ao-agronegocio-brasileiro-na-abertura-da-agrishow-2026\/#primaryimage"},"thumbnailUrl":"https:\/\/radiolifefm.com.br\/noticias\/wp-content\/uploads\/2026\/04\/cats-3.jpg","datePublished":"2026-04-28T03:03:33+00:00","dateModified":"2026-04-28T05:32:19+00:00","breadcrumb":{"@id":"https:\/\/radiolifefm.com.br\/noticias\/sicredi-destaca-expansao-do-apoio-ao-agronegocio-brasileiro-na-abertura-da-agrishow-2026\/#breadcrumb"},"inLanguage":"pt-BR","potentialAction":[{"@type":"ReadAction","target":["https:\/\/radiolifefm.com.br\/noticias\/sicredi-destaca-expansao-do-apoio-ao-agronegocio-brasileiro-na-abertura-da-agrishow-2026\/"]}]},{"@type":"ImageObject","inLanguage":"pt-BR","@id":"https:\/\/radiolifefm.com.br\/noticias\/sicredi-destaca-expansao-do-apoio-ao-agronegocio-brasileiro-na-abertura-da-agrishow-2026\/#primaryimage","url":"https:\/\/radiolifefm.com.br\/noticias\/wp-content\/uploads\/2026\/04\/cats-3.jpg","contentUrl":"https:\/\/radiolifefm.com.br\/noticias\/wp-content\/uploads\/2026\/04\/cats-3.jpg","width":500,"height":360},{"@type":"BreadcrumbList","@id":"https:\/\/radiolifefm.com.br\/noticias\/sicredi-destaca-expansao-do-apoio-ao-agronegocio-brasileiro-na-abertura-da-agrishow-2026\/#breadcrumb","itemListElement":[{"@type":"ListItem","position":1,"name":"In\u00edcio","item":"https:\/\/radiolifefm.com.br\/noticias\/"},{"@type":"ListItem","position":2,"name":"Sicredi destaca expans\u00e3o do apoio ao agroneg\u00f3cio brasileiro na abertura da Agrishow 2026"}]},{"@type":"WebSite","@id":"https:\/\/radiolifefm.com.br\/noticias\/#website","url":"https:\/\/radiolifefm.com.br\/noticias\/","name":"R\u00e1dio Life FM","description":"O Portal de Not\u00edcias de Adamantina","publisher":{"@id":"https:\/\/radiolifefm.com.br\/noticias\/#organization"},"alternateName":"Life FM","potentialAction":[{"@type":"SearchAction","target":{"@type":"EntryPoint","urlTemplate":"https:\/\/radiolifefm.com.br\/noticias\/?s={search_term_string}"},"query-input":{"@type":"PropertyValueSpecification","valueRequired":true,"valueName":"search_term_string"}}],"inLanguage":"pt-BR"},{"@type":"Organization","@id":"https:\/\/radiolifefm.com.br\/noticias\/#organization","name":"R\u00e1dio Life FM","alternateName":"Life FM","url":"https:\/\/radiolifefm.com.br\/noticias\/","logo":{"@type":"ImageObject","inLanguage":"pt-BR","@id":"https:\/\/radiolifefm.com.br\/noticias\/#\/schema\/logo\/image\/","url":"https:\/\/static.radiolifefm.com.br\/noticias\/wp-content\/uploads\/2019\/10\/logo-lifefm.png","contentUrl":"https:\/\/static.radiolifefm.com.br\/noticias\/wp-content\/uploads\/2019\/10\/logo-lifefm.png","width":196,"height":47,"caption":"R\u00e1dio Life FM"},"image":{"@id":"https:\/\/radiolifefm.com.br\/noticias\/#\/schema\/logo\/image\/"},"sameAs":["https:\/\/www.facebook.com\/radiolifefm\/","https:\/\/www.instagram.com\/life1079fm\/"]},{"@type":"Person","@id":"https:\/\/radiolifefm.com.br\/noticias\/#\/schema\/person\/6339b9fac59d12b071dec680d7375d87","name":"ritanery","image":{"@type":"ImageObject","inLanguage":"pt-BR","@id":"https:\/\/secure.gravatar.com\/avatar\/0e37bb19071f47c0b8a23f62a903df117c5a0e75f65a0c2901562f97cd41cf86?s=96&d=mm&r=g","url":"https:\/\/secure.gravatar.com\/avatar\/0e37bb19071f47c0b8a23f62a903df117c5a0e75f65a0c2901562f97cd41cf86?s=96&d=mm&r=g","contentUrl":"https:\/\/secure.gravatar.com\/avatar\/0e37bb19071f47c0b8a23f62a903df117c5a0e75f65a0c2901562f97cd41cf86?s=96&d=mm&r=g","caption":"ritanery"}}]}},"amp_enabled":true,"_links":{"self":[{"href":"https:\/\/radiolifefm.com.br\/noticias\/wp-json\/wp\/v2\/posts\/119456","targetHints":{"allow":["GET"]}}],"collection":[{"href":"https:\/\/radiolifefm.com.br\/noticias\/wp-json\/wp\/v2\/posts"}],"about":[{"href":"https:\/\/radiolifefm.com.br\/noticias\/wp-json\/wp\/v2\/types\/post"}],"author":[{"embeddable":true,"href":"https:\/\/radiolifefm.com.br\/noticias\/wp-json\/wp\/v2\/users\/13"}],"replies":[{"embeddable":true,"href":"https:\/\/radiolifefm.com.br\/noticias\/wp-json\/wp\/v2\/comments?post=119456"}],"version-history":[{"count":1,"href":"https:\/\/radiolifefm.com.br\/noticias\/wp-json\/wp\/v2\/posts\/119456\/revisions"}],"predecessor-version":[{"id":119458,"href":"https:\/\/radiolifefm.com.br\/noticias\/wp-json\/wp\/v2\/posts\/119456\/revisions\/119458"}],"wp:featuredmedia":[{"embeddable":true,"href":"https:\/\/radiolifefm.com.br\/noticias\/wp-json\/wp\/v2\/media\/119457"}],"wp:attachment":[{"href":"https:\/\/radiolifefm.com.br\/noticias\/wp-json\/wp\/v2\/media?parent=119456"}],"wp:term":[{"taxonomy":"category","embeddable":true,"href":"https:\/\/radiolifefm.com.br\/noticias\/wp-json\/wp\/v2\/categories?post=119456"},{"taxonomy":"post_tag","embeddable":true,"href":"https:\/\/radiolifefm.com.br\/noticias\/wp-json\/wp\/v2\/tags?post=119456"}],"curies":[{"name":"wp","href":"https:\/\/api.w.org\/{rel}","templated":true}]}}