{"id":119453,"date":"2026-04-27T23:52:37","date_gmt":"2026-04-28T02:52:37","guid":{"rendered":"https:\/\/radiolifefm.com.br\/noticias\/?p=119453"},"modified":"2026-04-28T00:11:53","modified_gmt":"2026-04-28T03:11:53","slug":"prefeitura-de-adamantina-firma-termo-de-colaboracao-para-acolhimento-institucional-de-criancas-e-adolescentes","status":"publish","type":"post","link":"https:\/\/radiolifefm.com.br\/noticias\/prefeitura-de-adamantina-firma-termo-de-colaboracao-para-acolhimento-institucional-de-criancas-e-adolescentes\/","title":{"rendered":"Prefeitura de Adamantina firma Termo de Colabora\u00e7\u00e3o para acolhimento institucional de crian\u00e7as e adolescentes"},"content":{"rendered":"<div id=\"fb-root\"><\/div>\n<p>A Prefeitura de Adamantina firmou Termo de Colabora\u00e7\u00e3o com a Institui\u00e7\u00e3o Solid\u00e1ria Carlos Pegoraro, com o objetivo de executar o Servi\u00e7o de Acolhimento Institucional para crian\u00e7as e adolescentes de 0 a 18 anos no munic\u00edpio.<\/p>\n<p>&nbsp;<\/p>\n<p>Pelo presente instrumento, o prefeito municipal, Jos\u00e9 Carlos Martins Tiveron, doravante denominado CONCEDENTE, e a Institui\u00e7\u00e3o Solid\u00e1ria Carlos Pegoraro, pessoa jur\u00eddica estabelecida na Rua Padre Caetano Maria Dolcimasculo, s\/n, em Adamantina\/SP, neste ato representada por sua presidente, Ivoni Gon\u00e7alves Ramos, doravante denominada PROPONENTE, resolvem celebrar o Termo de Colabora\u00e7\u00e3o, com fundamento na Lei Federal n\u00ba 13.019, de 31 de julho de 2014, e no Decreto Municipal n\u00ba 5.948, de 28 de janeiro de 2019, sujeitando-se, no que couber, \u00e0s disposi\u00e7\u00f5es da Lei Federal n\u00ba 14.133, de 1\u00ba de abril de 2021.<\/p>\n<p>&nbsp;<\/p>\n<p>A parceria tem como finalidade garantir atendimento especializado para at\u00e9 10 acolhimentos simult\u00e2neos, conforme a Tipifica\u00e7\u00e3o Nacional de Servi\u00e7os Socioassistenciais (Resolu\u00e7\u00e3o n\u00ba 109\/2009), assegurando prote\u00e7\u00e3o integral, acompanhamento t\u00e9cnico e suporte necess\u00e1rio \u00e0s crian\u00e7as e adolescentes em situa\u00e7\u00e3o de vulnerabilidade.<\/p>\n<p>&nbsp;<\/p>\n<p>A gest\u00e3o da parceria, no \u00e2mbito da entidade, ficar\u00e1 sob responsabilidade de Ivoni Gon\u00e7alves Ramos, enquanto a gest\u00e3o por parte do munic\u00edpio ser\u00e1 conduzida pela secret\u00e1ria municipal de Assist\u00eancia Social, Andr\u00e9ia Regina Ribeiro, conforme designa\u00e7\u00e3o oficial.<\/p>\n<p>&nbsp;<\/p>\n<p>Para a execu\u00e7\u00e3o das atividades previstas, ser\u00e1 destinado o valor anual de R$ 350 mil, proveniente de emenda parlamentar do deputado federal Alexandre Leite, com intermedia\u00e7\u00e3o do ex-vereador Ricardo Soares Cangir\u00e3o (Riquinha), com repasses realizados conforme cronograma estabelecido no Plano de Trabalho.<\/p>\n<p>&nbsp;<\/p>\n<p>A Prefeitura ser\u00e1 respons\u00e1vel pelo acompanhamento, fiscaliza\u00e7\u00e3o e avalia\u00e7\u00e3o da execu\u00e7\u00e3o do servi\u00e7o, incluindo a an\u00e1lise das presta\u00e7\u00f5es de contas e a verifica\u00e7\u00e3o do cumprimento das metas pactuadas, em conformidade com a legisla\u00e7\u00e3o vigente.<\/p>\n<p>&nbsp;<\/p>\n<p>O monitoramento da parceria ser\u00e1 realizado de forma cont\u00ednua, com a participa\u00e7\u00e3o do Conselho Municipal de Assist\u00eancia Social, garantindo transpar\u00eancia, controle social e a correta aplica\u00e7\u00e3o dos recursos p\u00fablicos.<\/p>\n<p>&nbsp;<\/p>\n<p>A iniciativa refor\u00e7a o compromisso da administra\u00e7\u00e3o municipal com a prote\u00e7\u00e3o social de crian\u00e7as e adolescentes, assegurando atendimento qualificado e a promo\u00e7\u00e3o de direitos, especialmente em situa\u00e7\u00f5es de vulnerabilidade.<\/p>\n<p>foto 5 &#8211;\u00a0(15\/07\/2025) entrega da solicita\u00e7\u00e3o de recursos ; Andr\u00e9 Crepaldi &#8211; assessor parlamentar, Alexandre Leite deputado federal e Jos\u00e9 Carlos Martins Tiveron prefeito de Adamantina<\/p>\n<p>&#8212;<\/p>\n<p>PREFEITURA DO MUNIC\u00cdPIO DE ADAMANTINA<\/p>\n<p>Diretor de Comunica\u00e7\u00e3o<\/p>\n<p>Caio Vasques<\/p>\n<p>Jornalista<\/p>\n<p>Natacha Dominato<\/p>\n","protected":false},"excerpt":{"rendered":"<p>A Prefeitura de Adamantina firmou Termo de Colabora\u00e7\u00e3o com a Institui\u00e7\u00e3o Solid\u00e1ria Carlos Pegoraro, com o objetivo de executar o Servi\u00e7o de Acolhimento Institucional para crian\u00e7as e adolescentes de 0 a 18 anos no munic\u00edpio. &nbsp; Pelo presente instrumento, o prefeito municipal, Jos\u00e9 Carlos Martins Tiveron, doravante denominado CONCEDENTE, e a Institui\u00e7\u00e3o Solid\u00e1ria Carlos Pegoraro, [&hellip;]<\/p>\n","protected":false},"author":13,"featured_media":119454,"comment_status":"closed","ping_status":"open","sticky":false,"template":"","format":"standard","meta":{"_acf_changed":false,"_exactmetrics_skip_tracking":false,"_exactmetrics_sitenote_active":false,"_exactmetrics_sitenote_note":"","_exactmetrics_sitenote_category":0,"footnotes":""},"categories":[21],"tags":[],"class_list":["post-119453","post","type-post","status-publish","format-standard","has-post-thumbnail","hentry","category-adamantina"],"acf":[],"yoast_head":"<!-- This site is optimized with the Yoast SEO plugin v27.2 - https:\/\/yoast.com\/product\/yoast-seo-wordpress\/ -->\n<title>Prefeitura de Adamantina firma Termo de Colabora\u00e7\u00e3o para acolhimento institucional de crian\u00e7as e adolescentes - R\u00e1dio Life FM<\/title>\n<meta name=\"robots\" content=\"index, follow, max-snippet:-1, max-image-preview:large, max-video-preview:-1\" \/>\n<link rel=\"canonical\" href=\"https:\/\/radiolifefm.com.br\/noticias\/prefeitura-de-adamantina-firma-termo-de-colaboracao-para-acolhimento-institucional-de-criancas-e-adolescentes\/\" \/>\n<meta property=\"og:locale\" content=\"pt_BR\" \/>\n<meta property=\"og:type\" content=\"article\" \/>\n<meta property=\"og:title\" content=\"Prefeitura de Adamantina firma Termo de Colabora\u00e7\u00e3o para acolhimento institucional de crian\u00e7as e adolescentes - R\u00e1dio Life FM\" \/>\n<meta property=\"og:description\" content=\"A Prefeitura de Adamantina firmou Termo de Colabora\u00e7\u00e3o com a Institui\u00e7\u00e3o Solid\u00e1ria Carlos Pegoraro, com o objetivo de executar o Servi\u00e7o de Acolhimento Institucional para crian\u00e7as e adolescentes de 0 a 18 anos no munic\u00edpio. &nbsp; Pelo presente instrumento, o prefeito municipal, Jos\u00e9 Carlos Martins Tiveron, doravante denominado CONCEDENTE, e a Institui\u00e7\u00e3o Solid\u00e1ria Carlos Pegoraro, [&hellip;]\" \/>\n<meta property=\"og:url\" content=\"https:\/\/radiolifefm.com.br\/noticias\/prefeitura-de-adamantina-firma-termo-de-colaboracao-para-acolhimento-institucional-de-criancas-e-adolescentes\/\" \/>\n<meta property=\"og:site_name\" content=\"R\u00e1dio Life FM\" \/>\n<meta property=\"article:publisher\" content=\"https:\/\/www.facebook.com\/radiolifefm\/\" \/>\n<meta property=\"article:published_time\" content=\"2026-04-28T02:52:37+00:00\" \/>\n<meta property=\"article:modified_time\" content=\"2026-04-28T03:11:53+00:00\" \/>\n<meta property=\"og:image\" content=\"https:\/\/radiolifefm.com.br\/noticias\/wp-content\/uploads\/2026\/04\/WhatsApp-Image-2026-04-27-at-15.58.31.jpeg\" \/>\n\t<meta property=\"og:image:width\" content=\"1432\" \/>\n\t<meta property=\"og:image:height\" content=\"968\" \/>\n\t<meta property=\"og:image:type\" content=\"image\/jpeg\" \/>\n<meta name=\"author\" content=\"ritanery\" \/>\n<meta name=\"twitter:card\" content=\"summary_large_image\" \/>\n<meta name=\"twitter:label1\" content=\"Escrito por\" \/>\n\t<meta name=\"twitter:data1\" content=\"ritanery\" \/>\n\t<meta name=\"twitter:label2\" content=\"Est. tempo de leitura\" \/>\n\t<meta name=\"twitter:data2\" content=\"3 minutos\" \/>\n<script type=\"application\/ld+json\" class=\"yoast-schema-graph\">{\"@context\":\"https:\/\/schema.org\",\"@graph\":[{\"@type\":\"Article\",\"@id\":\"https:\/\/radiolifefm.com.br\/noticias\/prefeitura-de-adamantina-firma-termo-de-colaboracao-para-acolhimento-institucional-de-criancas-e-adolescentes\/#article\",\"isPartOf\":{\"@id\":\"https:\/\/radiolifefm.com.br\/noticias\/prefeitura-de-adamantina-firma-termo-de-colaboracao-para-acolhimento-institucional-de-criancas-e-adolescentes\/\"},\"author\":{\"name\":\"ritanery\",\"@id\":\"https:\/\/radiolifefm.com.br\/noticias\/#\/schema\/person\/6339b9fac59d12b071dec680d7375d87\"},\"headline\":\"Prefeitura de Adamantina firma Termo de Colabora\u00e7\u00e3o para acolhimento institucional de crian\u00e7as e adolescentes\",\"datePublished\":\"2026-04-28T02:52:37+00:00\",\"dateModified\":\"2026-04-28T03:11:53+00:00\",\"mainEntityOfPage\":{\"@id\":\"https:\/\/radiolifefm.com.br\/noticias\/prefeitura-de-adamantina-firma-termo-de-colaboracao-para-acolhimento-institucional-de-criancas-e-adolescentes\/\"},\"wordCount\":440,\"publisher\":{\"@id\":\"https:\/\/radiolifefm.com.br\/noticias\/#organization\"},\"image\":{\"@id\":\"https:\/\/radiolifefm.com.br\/noticias\/prefeitura-de-adamantina-firma-termo-de-colaboracao-para-acolhimento-institucional-de-criancas-e-adolescentes\/#primaryimage\"},\"thumbnailUrl\":\"https:\/\/radiolifefm.com.br\/noticias\/wp-content\/uploads\/2026\/04\/WhatsApp-Image-2026-04-27-at-15.58.31.jpeg\",\"articleSection\":[\"Adamantina\"],\"inLanguage\":\"pt-BR\"},{\"@type\":\"WebPage\",\"@id\":\"https:\/\/radiolifefm.com.br\/noticias\/prefeitura-de-adamantina-firma-termo-de-colaboracao-para-acolhimento-institucional-de-criancas-e-adolescentes\/\",\"url\":\"https:\/\/radiolifefm.com.br\/noticias\/prefeitura-de-adamantina-firma-termo-de-colaboracao-para-acolhimento-institucional-de-criancas-e-adolescentes\/\",\"name\":\"Prefeitura de Adamantina firma Termo de Colabora\u00e7\u00e3o para acolhimento institucional de crian\u00e7as e adolescentes - R\u00e1dio Life FM\",\"isPartOf\":{\"@id\":\"https:\/\/radiolifefm.com.br\/noticias\/#website\"},\"primaryImageOfPage\":{\"@id\":\"https:\/\/radiolifefm.com.br\/noticias\/prefeitura-de-adamantina-firma-termo-de-colaboracao-para-acolhimento-institucional-de-criancas-e-adolescentes\/#primaryimage\"},\"image\":{\"@id\":\"https:\/\/radiolifefm.com.br\/noticias\/prefeitura-de-adamantina-firma-termo-de-colaboracao-para-acolhimento-institucional-de-criancas-e-adolescentes\/#primaryimage\"},\"thumbnailUrl\":\"https:\/\/radiolifefm.com.br\/noticias\/wp-content\/uploads\/2026\/04\/WhatsApp-Image-2026-04-27-at-15.58.31.jpeg\",\"datePublished\":\"2026-04-28T02:52:37+00:00\",\"dateModified\":\"2026-04-28T03:11:53+00:00\",\"breadcrumb\":{\"@id\":\"https:\/\/radiolifefm.com.br\/noticias\/prefeitura-de-adamantina-firma-termo-de-colaboracao-para-acolhimento-institucional-de-criancas-e-adolescentes\/#breadcrumb\"},\"inLanguage\":\"pt-BR\",\"potentialAction\":[{\"@type\":\"ReadAction\",\"target\":[\"https:\/\/radiolifefm.com.br\/noticias\/prefeitura-de-adamantina-firma-termo-de-colaboracao-para-acolhimento-institucional-de-criancas-e-adolescentes\/\"]}]},{\"@type\":\"ImageObject\",\"inLanguage\":\"pt-BR\",\"@id\":\"https:\/\/radiolifefm.com.br\/noticias\/prefeitura-de-adamantina-firma-termo-de-colaboracao-para-acolhimento-institucional-de-criancas-e-adolescentes\/#primaryimage\",\"url\":\"https:\/\/radiolifefm.com.br\/noticias\/wp-content\/uploads\/2026\/04\/WhatsApp-Image-2026-04-27-at-15.58.31.jpeg\",\"contentUrl\":\"https:\/\/radiolifefm.com.br\/noticias\/wp-content\/uploads\/2026\/04\/WhatsApp-Image-2026-04-27-at-15.58.31.jpeg\",\"width\":1432,\"height\":968},{\"@type\":\"BreadcrumbList\",\"@id\":\"https:\/\/radiolifefm.com.br\/noticias\/prefeitura-de-adamantina-firma-termo-de-colaboracao-para-acolhimento-institucional-de-criancas-e-adolescentes\/#breadcrumb\",\"itemListElement\":[{\"@type\":\"ListItem\",\"position\":1,\"name\":\"In\u00edcio\",\"item\":\"https:\/\/radiolifefm.com.br\/noticias\/\"},{\"@type\":\"ListItem\",\"position\":2,\"name\":\"Prefeitura de Adamantina firma Termo de Colabora\u00e7\u00e3o para acolhimento institucional de crian\u00e7as e adolescentes\"}]},{\"@type\":\"WebSite\",\"@id\":\"https:\/\/radiolifefm.com.br\/noticias\/#website\",\"url\":\"https:\/\/radiolifefm.com.br\/noticias\/\",\"name\":\"R\u00e1dio Life FM\",\"description\":\"O Portal de Not\u00edcias de Adamantina\",\"publisher\":{\"@id\":\"https:\/\/radiolifefm.com.br\/noticias\/#organization\"},\"alternateName\":\"Life FM\",\"potentialAction\":[{\"@type\":\"SearchAction\",\"target\":{\"@type\":\"EntryPoint\",\"urlTemplate\":\"https:\/\/radiolifefm.com.br\/noticias\/?s={search_term_string}\"},\"query-input\":{\"@type\":\"PropertyValueSpecification\",\"valueRequired\":true,\"valueName\":\"search_term_string\"}}],\"inLanguage\":\"pt-BR\"},{\"@type\":\"Organization\",\"@id\":\"https:\/\/radiolifefm.com.br\/noticias\/#organization\",\"name\":\"R\u00e1dio Life FM\",\"alternateName\":\"Life FM\",\"url\":\"https:\/\/radiolifefm.com.br\/noticias\/\",\"logo\":{\"@type\":\"ImageObject\",\"inLanguage\":\"pt-BR\",\"@id\":\"https:\/\/radiolifefm.com.br\/noticias\/#\/schema\/logo\/image\/\",\"url\":\"https:\/\/static.radiolifefm.com.br\/noticias\/wp-content\/uploads\/2019\/10\/logo-lifefm.png\",\"contentUrl\":\"https:\/\/static.radiolifefm.com.br\/noticias\/wp-content\/uploads\/2019\/10\/logo-lifefm.png\",\"width\":196,\"height\":47,\"caption\":\"R\u00e1dio Life FM\"},\"image\":{\"@id\":\"https:\/\/radiolifefm.com.br\/noticias\/#\/schema\/logo\/image\/\"},\"sameAs\":[\"https:\/\/www.facebook.com\/radiolifefm\/\",\"https:\/\/www.instagram.com\/life1079fm\/\"]},{\"@type\":\"Person\",\"@id\":\"https:\/\/radiolifefm.com.br\/noticias\/#\/schema\/person\/6339b9fac59d12b071dec680d7375d87\",\"name\":\"ritanery\",\"image\":{\"@type\":\"ImageObject\",\"inLanguage\":\"pt-BR\",\"@id\":\"https:\/\/secure.gravatar.com\/avatar\/0e37bb19071f47c0b8a23f62a903df117c5a0e75f65a0c2901562f97cd41cf86?s=96&d=mm&r=g\",\"url\":\"https:\/\/secure.gravatar.com\/avatar\/0e37bb19071f47c0b8a23f62a903df117c5a0e75f65a0c2901562f97cd41cf86?s=96&d=mm&r=g\",\"contentUrl\":\"https:\/\/secure.gravatar.com\/avatar\/0e37bb19071f47c0b8a23f62a903df117c5a0e75f65a0c2901562f97cd41cf86?s=96&d=mm&r=g\",\"caption\":\"ritanery\"}}]}<\/script>\n<!-- \/ Yoast SEO plugin. -->","yoast_head_json":{"title":"Prefeitura de Adamantina firma Termo de Colabora\u00e7\u00e3o para acolhimento institucional de crian\u00e7as e adolescentes - R\u00e1dio Life FM","robots":{"index":"index","follow":"follow","max-snippet":"max-snippet:-1","max-image-preview":"max-image-preview:large","max-video-preview":"max-video-preview:-1"},"canonical":"https:\/\/radiolifefm.com.br\/noticias\/prefeitura-de-adamantina-firma-termo-de-colaboracao-para-acolhimento-institucional-de-criancas-e-adolescentes\/","og_locale":"pt_BR","og_type":"article","og_title":"Prefeitura de Adamantina firma Termo de Colabora\u00e7\u00e3o para acolhimento institucional de crian\u00e7as e adolescentes - R\u00e1dio Life FM","og_description":"A Prefeitura de Adamantina firmou Termo de Colabora\u00e7\u00e3o com a Institui\u00e7\u00e3o Solid\u00e1ria Carlos Pegoraro, com o objetivo de executar o Servi\u00e7o de Acolhimento Institucional para crian\u00e7as e adolescentes de 0 a 18 anos no munic\u00edpio. &nbsp; Pelo presente instrumento, o prefeito municipal, Jos\u00e9 Carlos Martins Tiveron, doravante denominado CONCEDENTE, e a Institui\u00e7\u00e3o Solid\u00e1ria Carlos Pegoraro, [&hellip;]","og_url":"https:\/\/radiolifefm.com.br\/noticias\/prefeitura-de-adamantina-firma-termo-de-colaboracao-para-acolhimento-institucional-de-criancas-e-adolescentes\/","og_site_name":"R\u00e1dio Life FM","article_publisher":"https:\/\/www.facebook.com\/radiolifefm\/","article_published_time":"2026-04-28T02:52:37+00:00","article_modified_time":"2026-04-28T03:11:53+00:00","og_image":[{"width":1432,"height":968,"url":"https:\/\/radiolifefm.com.br\/noticias\/wp-content\/uploads\/2026\/04\/WhatsApp-Image-2026-04-27-at-15.58.31.jpeg","type":"image\/jpeg"}],"author":"ritanery","twitter_card":"summary_large_image","twitter_misc":{"Escrito por":"ritanery","Est. tempo de leitura":"3 minutos"},"schema":{"@context":"https:\/\/schema.org","@graph":[{"@type":"Article","@id":"https:\/\/radiolifefm.com.br\/noticias\/prefeitura-de-adamantina-firma-termo-de-colaboracao-para-acolhimento-institucional-de-criancas-e-adolescentes\/#article","isPartOf":{"@id":"https:\/\/radiolifefm.com.br\/noticias\/prefeitura-de-adamantina-firma-termo-de-colaboracao-para-acolhimento-institucional-de-criancas-e-adolescentes\/"},"author":{"name":"ritanery","@id":"https:\/\/radiolifefm.com.br\/noticias\/#\/schema\/person\/6339b9fac59d12b071dec680d7375d87"},"headline":"Prefeitura de Adamantina firma Termo de Colabora\u00e7\u00e3o para acolhimento institucional de crian\u00e7as e adolescentes","datePublished":"2026-04-28T02:52:37+00:00","dateModified":"2026-04-28T03:11:53+00:00","mainEntityOfPage":{"@id":"https:\/\/radiolifefm.com.br\/noticias\/prefeitura-de-adamantina-firma-termo-de-colaboracao-para-acolhimento-institucional-de-criancas-e-adolescentes\/"},"wordCount":440,"publisher":{"@id":"https:\/\/radiolifefm.com.br\/noticias\/#organization"},"image":{"@id":"https:\/\/radiolifefm.com.br\/noticias\/prefeitura-de-adamantina-firma-termo-de-colaboracao-para-acolhimento-institucional-de-criancas-e-adolescentes\/#primaryimage"},"thumbnailUrl":"https:\/\/radiolifefm.com.br\/noticias\/wp-content\/uploads\/2026\/04\/WhatsApp-Image-2026-04-27-at-15.58.31.jpeg","articleSection":["Adamantina"],"inLanguage":"pt-BR"},{"@type":"WebPage","@id":"https:\/\/radiolifefm.com.br\/noticias\/prefeitura-de-adamantina-firma-termo-de-colaboracao-para-acolhimento-institucional-de-criancas-e-adolescentes\/","url":"https:\/\/radiolifefm.com.br\/noticias\/prefeitura-de-adamantina-firma-termo-de-colaboracao-para-acolhimento-institucional-de-criancas-e-adolescentes\/","name":"Prefeitura de Adamantina firma Termo de Colabora\u00e7\u00e3o para acolhimento institucional de crian\u00e7as e adolescentes - R\u00e1dio Life FM","isPartOf":{"@id":"https:\/\/radiolifefm.com.br\/noticias\/#website"},"primaryImageOfPage":{"@id":"https:\/\/radiolifefm.com.br\/noticias\/prefeitura-de-adamantina-firma-termo-de-colaboracao-para-acolhimento-institucional-de-criancas-e-adolescentes\/#primaryimage"},"image":{"@id":"https:\/\/radiolifefm.com.br\/noticias\/prefeitura-de-adamantina-firma-termo-de-colaboracao-para-acolhimento-institucional-de-criancas-e-adolescentes\/#primaryimage"},"thumbnailUrl":"https:\/\/radiolifefm.com.br\/noticias\/wp-content\/uploads\/2026\/04\/WhatsApp-Image-2026-04-27-at-15.58.31.jpeg","datePublished":"2026-04-28T02:52:37+00:00","dateModified":"2026-04-28T03:11:53+00:00","breadcrumb":{"@id":"https:\/\/radiolifefm.com.br\/noticias\/prefeitura-de-adamantina-firma-termo-de-colaboracao-para-acolhimento-institucional-de-criancas-e-adolescentes\/#breadcrumb"},"inLanguage":"pt-BR","potentialAction":[{"@type":"ReadAction","target":["https:\/\/radiolifefm.com.br\/noticias\/prefeitura-de-adamantina-firma-termo-de-colaboracao-para-acolhimento-institucional-de-criancas-e-adolescentes\/"]}]},{"@type":"ImageObject","inLanguage":"pt-BR","@id":"https:\/\/radiolifefm.com.br\/noticias\/prefeitura-de-adamantina-firma-termo-de-colaboracao-para-acolhimento-institucional-de-criancas-e-adolescentes\/#primaryimage","url":"https:\/\/radiolifefm.com.br\/noticias\/wp-content\/uploads\/2026\/04\/WhatsApp-Image-2026-04-27-at-15.58.31.jpeg","contentUrl":"https:\/\/radiolifefm.com.br\/noticias\/wp-content\/uploads\/2026\/04\/WhatsApp-Image-2026-04-27-at-15.58.31.jpeg","width":1432,"height":968},{"@type":"BreadcrumbList","@id":"https:\/\/radiolifefm.com.br\/noticias\/prefeitura-de-adamantina-firma-termo-de-colaboracao-para-acolhimento-institucional-de-criancas-e-adolescentes\/#breadcrumb","itemListElement":[{"@type":"ListItem","position":1,"name":"In\u00edcio","item":"https:\/\/radiolifefm.com.br\/noticias\/"},{"@type":"ListItem","position":2,"name":"Prefeitura de Adamantina firma Termo de Colabora\u00e7\u00e3o para acolhimento institucional de crian\u00e7as e adolescentes"}]},{"@type":"WebSite","@id":"https:\/\/radiolifefm.com.br\/noticias\/#website","url":"https:\/\/radiolifefm.com.br\/noticias\/","name":"R\u00e1dio Life FM","description":"O Portal de Not\u00edcias de Adamantina","publisher":{"@id":"https:\/\/radiolifefm.com.br\/noticias\/#organization"},"alternateName":"Life FM","potentialAction":[{"@type":"SearchAction","target":{"@type":"EntryPoint","urlTemplate":"https:\/\/radiolifefm.com.br\/noticias\/?s={search_term_string}"},"query-input":{"@type":"PropertyValueSpecification","valueRequired":true,"valueName":"search_term_string"}}],"inLanguage":"pt-BR"},{"@type":"Organization","@id":"https:\/\/radiolifefm.com.br\/noticias\/#organization","name":"R\u00e1dio Life FM","alternateName":"Life FM","url":"https:\/\/radiolifefm.com.br\/noticias\/","logo":{"@type":"ImageObject","inLanguage":"pt-BR","@id":"https:\/\/radiolifefm.com.br\/noticias\/#\/schema\/logo\/image\/","url":"https:\/\/static.radiolifefm.com.br\/noticias\/wp-content\/uploads\/2019\/10\/logo-lifefm.png","contentUrl":"https:\/\/static.radiolifefm.com.br\/noticias\/wp-content\/uploads\/2019\/10\/logo-lifefm.png","width":196,"height":47,"caption":"R\u00e1dio Life FM"},"image":{"@id":"https:\/\/radiolifefm.com.br\/noticias\/#\/schema\/logo\/image\/"},"sameAs":["https:\/\/www.facebook.com\/radiolifefm\/","https:\/\/www.instagram.com\/life1079fm\/"]},{"@type":"Person","@id":"https:\/\/radiolifefm.com.br\/noticias\/#\/schema\/person\/6339b9fac59d12b071dec680d7375d87","name":"ritanery","image":{"@type":"ImageObject","inLanguage":"pt-BR","@id":"https:\/\/secure.gravatar.com\/avatar\/0e37bb19071f47c0b8a23f62a903df117c5a0e75f65a0c2901562f97cd41cf86?s=96&d=mm&r=g","url":"https:\/\/secure.gravatar.com\/avatar\/0e37bb19071f47c0b8a23f62a903df117c5a0e75f65a0c2901562f97cd41cf86?s=96&d=mm&r=g","contentUrl":"https:\/\/secure.gravatar.com\/avatar\/0e37bb19071f47c0b8a23f62a903df117c5a0e75f65a0c2901562f97cd41cf86?s=96&d=mm&r=g","caption":"ritanery"}}]}},"amp_enabled":true,"_links":{"self":[{"href":"https:\/\/radiolifefm.com.br\/noticias\/wp-json\/wp\/v2\/posts\/119453","targetHints":{"allow":["GET"]}}],"collection":[{"href":"https:\/\/radiolifefm.com.br\/noticias\/wp-json\/wp\/v2\/posts"}],"about":[{"href":"https:\/\/radiolifefm.com.br\/noticias\/wp-json\/wp\/v2\/types\/post"}],"author":[{"embeddable":true,"href":"https:\/\/radiolifefm.com.br\/noticias\/wp-json\/wp\/v2\/users\/13"}],"replies":[{"embeddable":true,"href":"https:\/\/radiolifefm.com.br\/noticias\/wp-json\/wp\/v2\/comments?post=119453"}],"version-history":[{"count":1,"href":"https:\/\/radiolifefm.com.br\/noticias\/wp-json\/wp\/v2\/posts\/119453\/revisions"}],"predecessor-version":[{"id":119455,"href":"https:\/\/radiolifefm.com.br\/noticias\/wp-json\/wp\/v2\/posts\/119453\/revisions\/119455"}],"wp:featuredmedia":[{"embeddable":true,"href":"https:\/\/radiolifefm.com.br\/noticias\/wp-json\/wp\/v2\/media\/119454"}],"wp:attachment":[{"href":"https:\/\/radiolifefm.com.br\/noticias\/wp-json\/wp\/v2\/media?parent=119453"}],"wp:term":[{"taxonomy":"category","embeddable":true,"href":"https:\/\/radiolifefm.com.br\/noticias\/wp-json\/wp\/v2\/categories?post=119453"},{"taxonomy":"post_tag","embeddable":true,"href":"https:\/\/radiolifefm.com.br\/noticias\/wp-json\/wp\/v2\/tags?post=119453"}],"curies":[{"name":"wp","href":"https:\/\/api.w.org\/{rel}","templated":true}]}}