{"id":119433,"date":"2026-04-27T15:52:05","date_gmt":"2026-04-27T18:52:05","guid":{"rendered":"https:\/\/radiolifefm.com.br\/noticias\/?p=119433"},"modified":"2026-04-27T17:37:24","modified_gmt":"2026-04-27T20:37:24","slug":"coleta-seletiva-em-alerta-trabalhadores-da-reciclagem-expoem-riscos-e-pedem-conscientizacao-da-populacao","status":"publish","type":"post","link":"https:\/\/radiolifefm.com.br\/noticias\/coleta-seletiva-em-alerta-trabalhadores-da-reciclagem-expoem-riscos-e-pedem-conscientizacao-da-populacao\/","title":{"rendered":"Coleta seletiva em alerta: trabalhadores da reciclagem exp\u00f5em riscos e pedem conscientiza\u00e7\u00e3o da popula\u00e7\u00e3o"},"content":{"rendered":"<div id=\"fb-root\"><\/div>\n<p>Na edi\u00e7\u00e3o desta segunda-feira, 27 de abril, o Jornal do Meio Dia refor\u00e7ou seu compromisso com a informa\u00e7\u00e3o e a conscientiza\u00e7\u00e3o ao abrir espa\u00e7o para um tema que impacta diretamente toda a popula\u00e7\u00e3o: a coleta seletiva e a valoriza\u00e7\u00e3o dos trabalhadores da reciclagem.<\/p>\n<div class='flex flex-wrap items-center -mx-1'>\r\n<a class='thumbnail gallery p-1 w-1\/2 md:w-1\/4' href='https:\/\/radiolifefm.com.br\/noticias\/wp-content\/uploads\/2026\/04\/WhatsApp-Image-2026-04-27-at-13.18.29-1.jpeg'><img class='border border-white' src='https:\/\/radiolifefm.com.br\/noticias\/wp-content\/uploads\/2026\/04\/WhatsApp-Image-2026-04-27-at-13.18.29-1-200x200.jpeg' alt='WhatsApp Image 2026 04 27 At 13.18.29 (1)' \/><\/a><a class='thumbnail gallery p-1 w-1\/2 md:w-1\/4' href='https:\/\/radiolifefm.com.br\/noticias\/wp-content\/uploads\/2026\/04\/WhatsApp-Image-2026-04-27-at-13.18.28-2.jpeg'><img class='border border-white' src='https:\/\/radiolifefm.com.br\/noticias\/wp-content\/uploads\/2026\/04\/WhatsApp-Image-2026-04-27-at-13.18.28-2-200x200.jpeg' alt='WhatsApp Image 2026 04 27 At 13.18.28 (2)' \/><\/a><\/div>\n<p>Com a miss\u00e3o de levar conhecimento e provocar reflex\u00e3o, o jornal recebeu M\u00e1rcia e Marcela, colaboradoras da Cooperadam, que compartilharam a realidade vivida diariamente dentro da cooperativa \u2014 um trabalho essencial para o meio ambiente, para a economia local e para a constru\u00e7\u00e3o de uma sociedade mais respons\u00e1vel.<\/p>\n<div class='flex flex-wrap items-center -mx-1'>\r\n<a class='thumbnail gallery p-1 w-1\/2 md:w-1\/4' href='https:\/\/radiolifefm.com.br\/noticias\/wp-content\/uploads\/2026\/04\/WhatsApp-Image-2026-04-27-at-13.18.29-3.jpeg'><img class='border border-white' src='https:\/\/radiolifefm.com.br\/noticias\/wp-content\/uploads\/2026\/04\/WhatsApp-Image-2026-04-27-at-13.18.29-3-200x200.jpeg' alt='WhatsApp Image 2026 04 27 At 13.18.29 (3)' \/><\/a><a class='thumbnail gallery p-1 w-1\/2 md:w-1\/4' href='https:\/\/radiolifefm.com.br\/noticias\/wp-content\/uploads\/2026\/04\/WhatsApp-Image-2026-04-27-at-13.18.29-2.jpeg'><img class='border border-white' src='https:\/\/radiolifefm.com.br\/noticias\/wp-content\/uploads\/2026\/04\/WhatsApp-Image-2026-04-27-at-13.18.29-2-200x200.jpeg' alt='WhatsApp Image 2026 04 27 At 13.18.29 (2)' \/><\/a><\/div>\n<p>Durante a entrevista, elas destacaram que, por tr\u00e1s de cada material recicl\u00e1vel, existe muito mais do que reaproveitamento: existe sustento, dignidade e transforma\u00e7\u00e3o de vidas. Ao mesmo tempo, fizeram um alerta importante sobre os riscos enfrentados na rotina de trabalho. Entre os materiais recebidos de forma incorreta, est\u00e3o itens perigosos como lixo hospitalar e at\u00e9 animais mortos, situa\u00e7\u00f5es que colocam em risco direto a sa\u00fade e a vida dos colaboradores.<\/p>\n<div class='flex flex-wrap items-center -mx-1'>\r\n<a class='thumbnail gallery p-1 w-1\/2 md:w-1\/4' href='https:\/\/radiolifefm.com.br\/noticias\/wp-content\/uploads\/2026\/04\/WhatsApp-Image-2026-04-27-at-13.18.29.jpeg'><img class='border border-white' src='https:\/\/radiolifefm.com.br\/noticias\/wp-content\/uploads\/2026\/04\/WhatsApp-Image-2026-04-27-at-13.18.29-200x200.jpeg' alt='WhatsApp Image 2026 04 27 At 13.18.29' \/><\/a><a class='thumbnail gallery p-1 w-1\/2 md:w-1\/4' href='https:\/\/radiolifefm.com.br\/noticias\/wp-content\/uploads\/2026\/04\/WhatsApp-Image-2026-04-27-at-13.18.28-1.jpeg'><img class='border border-white' src='https:\/\/radiolifefm.com.br\/noticias\/wp-content\/uploads\/2026\/04\/WhatsApp-Image-2026-04-27-at-13.18.28-1-200x200.jpeg' alt='WhatsApp Image 2026 04 27 At 13.18.28 (1)' \/><\/a><\/div>\n<p>O relato chama a aten\u00e7\u00e3o para um problema que come\u00e7a dentro de casa. A separa\u00e7\u00e3o incorreta do lixo n\u00e3o s\u00f3 dificulta o processo de reciclagem, como tamb\u00e9m exp\u00f5e trabalhadores a acidentes graves e contamina\u00e7\u00f5es.<\/p>\n<div class='flex flex-wrap items-center -mx-1'>\r\n<a class='thumbnail gallery p-1 w-1\/2 md:w-1\/4' href='https:\/\/radiolifefm.com.br\/noticias\/wp-content\/uploads\/2026\/04\/WhatsApp-Image-2026-04-27-at-13.18.30-2.jpeg'><img class='border border-white' src='https:\/\/radiolifefm.com.br\/noticias\/wp-content\/uploads\/2026\/04\/WhatsApp-Image-2026-04-27-at-13.18.30-2-200x200.jpeg' alt='WhatsApp Image 2026 04 27 At 13.18.30 (2)' \/><\/a><a class='thumbnail gallery p-1 w-1\/2 md:w-1\/4' href='https:\/\/radiolifefm.com.br\/noticias\/wp-content\/uploads\/2026\/04\/WhatsApp-Image-2026-04-27-at-13.18.30.jpeg'><img class='border border-white' src='https:\/\/radiolifefm.com.br\/noticias\/wp-content\/uploads\/2026\/04\/WhatsApp-Image-2026-04-27-at-13.18.30-200x200.jpeg' alt='WhatsApp Image 2026 04 27 At 13.18.30' \/><\/a><\/div>\n<p>A participa\u00e7\u00e3o de M\u00e1rcia e Marcela refor\u00e7a a import\u00e2ncia da conscientiza\u00e7\u00e3o coletiva. Pequenas atitudes, como separar corretamente os res\u00edduos e descartar materiais perigosos da forma adequada, fazem toda a diferen\u00e7a \u2014 tanto para quem trabalha na coleta quanto para o futuro do meio ambiente.<br \/>\nAo trazer esse tema \u00e0 tona, o Jornal do Meio Dia cumpre seu papel social de informar, educar e mobilizar a popula\u00e7\u00e3o, mostrando que a mudan\u00e7a come\u00e7a com cada cidad\u00e3o.<\/p>\n<p>ACESSE O LINK E ASSISTA NA INTEGRA:\u00a0<a href=\"https:\/\/www.youtube.com\/watch?v=FWl_bl1XZuA\">https:\/\/www.youtube.com\/watch?v=FWl_bl1XZuA<\/a><\/p>\n","protected":false},"excerpt":{"rendered":"<p>Na edi\u00e7\u00e3o desta segunda-feira, 27 de abril, o Jornal do Meio Dia refor\u00e7ou seu compromisso com a informa\u00e7\u00e3o e a conscientiza\u00e7\u00e3o ao abrir espa\u00e7o para um tema que impacta diretamente toda a popula\u00e7\u00e3o: a coleta seletiva e a valoriza\u00e7\u00e3o dos trabalhadores da reciclagem. Com a miss\u00e3o de levar conhecimento e provocar reflex\u00e3o, o jornal recebeu [&hellip;]<\/p>\n","protected":false},"author":8,"featured_media":119444,"comment_status":"closed","ping_status":"open","sticky":false,"template":"","format":"standard","meta":{"_acf_changed":false,"_exactmetrics_skip_tracking":false,"_exactmetrics_sitenote_active":false,"_exactmetrics_sitenote_note":"","_exactmetrics_sitenote_category":0,"footnotes":""},"categories":[2],"tags":[],"class_list":["post-119433","post","type-post","status-publish","format-standard","has-post-thumbnail","hentry","category-jornal-do-meio-dia"],"acf":[],"yoast_head":"<!-- This site is optimized with the Yoast SEO plugin v27.2 - https:\/\/yoast.com\/product\/yoast-seo-wordpress\/ -->\n<title>Coleta seletiva em alerta: trabalhadores da reciclagem exp\u00f5em riscos e pedem conscientiza\u00e7\u00e3o da popula\u00e7\u00e3o - R\u00e1dio Life FM<\/title>\n<meta name=\"robots\" content=\"index, follow, max-snippet:-1, max-image-preview:large, max-video-preview:-1\" \/>\n<link rel=\"canonical\" href=\"https:\/\/radiolifefm.com.br\/noticias\/coleta-seletiva-em-alerta-trabalhadores-da-reciclagem-expoem-riscos-e-pedem-conscientizacao-da-populacao\/\" \/>\n<meta property=\"og:locale\" content=\"pt_BR\" \/>\n<meta property=\"og:type\" content=\"article\" \/>\n<meta property=\"og:title\" content=\"Coleta seletiva em alerta: trabalhadores da reciclagem exp\u00f5em riscos e pedem conscientiza\u00e7\u00e3o da popula\u00e7\u00e3o - R\u00e1dio Life FM\" \/>\n<meta property=\"og:description\" content=\"Na edi\u00e7\u00e3o desta segunda-feira, 27 de abril, o Jornal do Meio Dia refor\u00e7ou seu compromisso com a informa\u00e7\u00e3o e a conscientiza\u00e7\u00e3o ao abrir espa\u00e7o para um tema que impacta diretamente toda a popula\u00e7\u00e3o: a coleta seletiva e a valoriza\u00e7\u00e3o dos trabalhadores da reciclagem. Com a miss\u00e3o de levar conhecimento e provocar reflex\u00e3o, o jornal recebeu [&hellip;]\" \/>\n<meta property=\"og:url\" content=\"https:\/\/radiolifefm.com.br\/noticias\/coleta-seletiva-em-alerta-trabalhadores-da-reciclagem-expoem-riscos-e-pedem-conscientizacao-da-populacao\/\" \/>\n<meta property=\"og:site_name\" content=\"R\u00e1dio Life FM\" \/>\n<meta property=\"article:publisher\" content=\"https:\/\/www.facebook.com\/radiolifefm\/\" \/>\n<meta property=\"article:published_time\" content=\"2026-04-27T18:52:05+00:00\" \/>\n<meta property=\"article:modified_time\" content=\"2026-04-27T20:37:24+00:00\" \/>\n<meta property=\"og:image\" content=\"https:\/\/radiolifefm.com.br\/noticias\/wp-content\/uploads\/2026\/04\/WhatsApp-Image-2026-04-27-at-13.18.36.jpeg\" \/>\n\t<meta property=\"og:image:width\" content=\"1366\" \/>\n\t<meta property=\"og:image:height\" content=\"768\" \/>\n\t<meta property=\"og:image:type\" content=\"image\/jpeg\" \/>\n<meta name=\"author\" content=\"joaograndao\" \/>\n<meta name=\"twitter:card\" content=\"summary_large_image\" \/>\n<meta name=\"twitter:label1\" content=\"Escrito por\" \/>\n\t<meta name=\"twitter:data1\" content=\"joaograndao\" \/>\n\t<meta name=\"twitter:label2\" content=\"Est. tempo de leitura\" \/>\n\t<meta name=\"twitter:data2\" content=\"2 minutos\" \/>\n<script type=\"application\/ld+json\" class=\"yoast-schema-graph\">{\"@context\":\"https:\/\/schema.org\",\"@graph\":[{\"@type\":\"Article\",\"@id\":\"https:\/\/radiolifefm.com.br\/noticias\/coleta-seletiva-em-alerta-trabalhadores-da-reciclagem-expoem-riscos-e-pedem-conscientizacao-da-populacao\/#article\",\"isPartOf\":{\"@id\":\"https:\/\/radiolifefm.com.br\/noticias\/coleta-seletiva-em-alerta-trabalhadores-da-reciclagem-expoem-riscos-e-pedem-conscientizacao-da-populacao\/\"},\"author\":{\"name\":\"joaograndao\",\"@id\":\"https:\/\/radiolifefm.com.br\/noticias\/#\/schema\/person\/6876e1240feffe6e1b63fd5cb85abf28\"},\"headline\":\"Coleta seletiva em alerta: trabalhadores da reciclagem exp\u00f5em riscos e pedem conscientiza\u00e7\u00e3o da popula\u00e7\u00e3o\",\"datePublished\":\"2026-04-27T18:52:05+00:00\",\"dateModified\":\"2026-04-27T20:37:24+00:00\",\"mainEntityOfPage\":{\"@id\":\"https:\/\/radiolifefm.com.br\/noticias\/coleta-seletiva-em-alerta-trabalhadores-da-reciclagem-expoem-riscos-e-pedem-conscientizacao-da-populacao\/\"},\"wordCount\":346,\"publisher\":{\"@id\":\"https:\/\/radiolifefm.com.br\/noticias\/#organization\"},\"image\":{\"@id\":\"https:\/\/radiolifefm.com.br\/noticias\/coleta-seletiva-em-alerta-trabalhadores-da-reciclagem-expoem-riscos-e-pedem-conscientizacao-da-populacao\/#primaryimage\"},\"thumbnailUrl\":\"https:\/\/radiolifefm.com.br\/noticias\/wp-content\/uploads\/2026\/04\/WhatsApp-Image-2026-04-27-at-13.18.36.jpeg\",\"articleSection\":[\"Jornal das 12h\"],\"inLanguage\":\"pt-BR\"},{\"@type\":\"WebPage\",\"@id\":\"https:\/\/radiolifefm.com.br\/noticias\/coleta-seletiva-em-alerta-trabalhadores-da-reciclagem-expoem-riscos-e-pedem-conscientizacao-da-populacao\/\",\"url\":\"https:\/\/radiolifefm.com.br\/noticias\/coleta-seletiva-em-alerta-trabalhadores-da-reciclagem-expoem-riscos-e-pedem-conscientizacao-da-populacao\/\",\"name\":\"Coleta seletiva em alerta: trabalhadores da reciclagem exp\u00f5em riscos e pedem conscientiza\u00e7\u00e3o da popula\u00e7\u00e3o - R\u00e1dio Life FM\",\"isPartOf\":{\"@id\":\"https:\/\/radiolifefm.com.br\/noticias\/#website\"},\"primaryImageOfPage\":{\"@id\":\"https:\/\/radiolifefm.com.br\/noticias\/coleta-seletiva-em-alerta-trabalhadores-da-reciclagem-expoem-riscos-e-pedem-conscientizacao-da-populacao\/#primaryimage\"},\"image\":{\"@id\":\"https:\/\/radiolifefm.com.br\/noticias\/coleta-seletiva-em-alerta-trabalhadores-da-reciclagem-expoem-riscos-e-pedem-conscientizacao-da-populacao\/#primaryimage\"},\"thumbnailUrl\":\"https:\/\/radiolifefm.com.br\/noticias\/wp-content\/uploads\/2026\/04\/WhatsApp-Image-2026-04-27-at-13.18.36.jpeg\",\"datePublished\":\"2026-04-27T18:52:05+00:00\",\"dateModified\":\"2026-04-27T20:37:24+00:00\",\"breadcrumb\":{\"@id\":\"https:\/\/radiolifefm.com.br\/noticias\/coleta-seletiva-em-alerta-trabalhadores-da-reciclagem-expoem-riscos-e-pedem-conscientizacao-da-populacao\/#breadcrumb\"},\"inLanguage\":\"pt-BR\",\"potentialAction\":[{\"@type\":\"ReadAction\",\"target\":[\"https:\/\/radiolifefm.com.br\/noticias\/coleta-seletiva-em-alerta-trabalhadores-da-reciclagem-expoem-riscos-e-pedem-conscientizacao-da-populacao\/\"]}]},{\"@type\":\"ImageObject\",\"inLanguage\":\"pt-BR\",\"@id\":\"https:\/\/radiolifefm.com.br\/noticias\/coleta-seletiva-em-alerta-trabalhadores-da-reciclagem-expoem-riscos-e-pedem-conscientizacao-da-populacao\/#primaryimage\",\"url\":\"https:\/\/radiolifefm.com.br\/noticias\/wp-content\/uploads\/2026\/04\/WhatsApp-Image-2026-04-27-at-13.18.36.jpeg\",\"contentUrl\":\"https:\/\/radiolifefm.com.br\/noticias\/wp-content\/uploads\/2026\/04\/WhatsApp-Image-2026-04-27-at-13.18.36.jpeg\",\"width\":1366,\"height\":768},{\"@type\":\"BreadcrumbList\",\"@id\":\"https:\/\/radiolifefm.com.br\/noticias\/coleta-seletiva-em-alerta-trabalhadores-da-reciclagem-expoem-riscos-e-pedem-conscientizacao-da-populacao\/#breadcrumb\",\"itemListElement\":[{\"@type\":\"ListItem\",\"position\":1,\"name\":\"In\u00edcio\",\"item\":\"https:\/\/radiolifefm.com.br\/noticias\/\"},{\"@type\":\"ListItem\",\"position\":2,\"name\":\"Coleta seletiva em alerta: trabalhadores da reciclagem exp\u00f5em riscos e pedem conscientiza\u00e7\u00e3o da popula\u00e7\u00e3o\"}]},{\"@type\":\"WebSite\",\"@id\":\"https:\/\/radiolifefm.com.br\/noticias\/#website\",\"url\":\"https:\/\/radiolifefm.com.br\/noticias\/\",\"name\":\"R\u00e1dio Life FM\",\"description\":\"O Portal de Not\u00edcias de Adamantina\",\"publisher\":{\"@id\":\"https:\/\/radiolifefm.com.br\/noticias\/#organization\"},\"alternateName\":\"Life FM\",\"potentialAction\":[{\"@type\":\"SearchAction\",\"target\":{\"@type\":\"EntryPoint\",\"urlTemplate\":\"https:\/\/radiolifefm.com.br\/noticias\/?s={search_term_string}\"},\"query-input\":{\"@type\":\"PropertyValueSpecification\",\"valueRequired\":true,\"valueName\":\"search_term_string\"}}],\"inLanguage\":\"pt-BR\"},{\"@type\":\"Organization\",\"@id\":\"https:\/\/radiolifefm.com.br\/noticias\/#organization\",\"name\":\"R\u00e1dio Life FM\",\"alternateName\":\"Life FM\",\"url\":\"https:\/\/radiolifefm.com.br\/noticias\/\",\"logo\":{\"@type\":\"ImageObject\",\"inLanguage\":\"pt-BR\",\"@id\":\"https:\/\/radiolifefm.com.br\/noticias\/#\/schema\/logo\/image\/\",\"url\":\"https:\/\/static.radiolifefm.com.br\/noticias\/wp-content\/uploads\/2019\/10\/logo-lifefm.png\",\"contentUrl\":\"https:\/\/static.radiolifefm.com.br\/noticias\/wp-content\/uploads\/2019\/10\/logo-lifefm.png\",\"width\":196,\"height\":47,\"caption\":\"R\u00e1dio Life FM\"},\"image\":{\"@id\":\"https:\/\/radiolifefm.com.br\/noticias\/#\/schema\/logo\/image\/\"},\"sameAs\":[\"https:\/\/www.facebook.com\/radiolifefm\/\",\"https:\/\/www.instagram.com\/life1079fm\/\"]},{\"@type\":\"Person\",\"@id\":\"https:\/\/radiolifefm.com.br\/noticias\/#\/schema\/person\/6876e1240feffe6e1b63fd5cb85abf28\",\"name\":\"joaograndao\",\"image\":{\"@type\":\"ImageObject\",\"inLanguage\":\"pt-BR\",\"@id\":\"https:\/\/secure.gravatar.com\/avatar\/d5b1a3cf357ed9c50404e256a1294083aa8ab5d2a994001567302786016cb32c?s=96&d=mm&r=g\",\"url\":\"https:\/\/secure.gravatar.com\/avatar\/d5b1a3cf357ed9c50404e256a1294083aa8ab5d2a994001567302786016cb32c?s=96&d=mm&r=g\",\"contentUrl\":\"https:\/\/secure.gravatar.com\/avatar\/d5b1a3cf357ed9c50404e256a1294083aa8ab5d2a994001567302786016cb32c?s=96&d=mm&r=g\",\"caption\":\"joaograndao\"}}]}<\/script>\n<!-- \/ Yoast SEO plugin. -->","yoast_head_json":{"title":"Coleta seletiva em alerta: trabalhadores da reciclagem exp\u00f5em riscos e pedem conscientiza\u00e7\u00e3o da popula\u00e7\u00e3o - R\u00e1dio Life FM","robots":{"index":"index","follow":"follow","max-snippet":"max-snippet:-1","max-image-preview":"max-image-preview:large","max-video-preview":"max-video-preview:-1"},"canonical":"https:\/\/radiolifefm.com.br\/noticias\/coleta-seletiva-em-alerta-trabalhadores-da-reciclagem-expoem-riscos-e-pedem-conscientizacao-da-populacao\/","og_locale":"pt_BR","og_type":"article","og_title":"Coleta seletiva em alerta: trabalhadores da reciclagem exp\u00f5em riscos e pedem conscientiza\u00e7\u00e3o da popula\u00e7\u00e3o - R\u00e1dio Life FM","og_description":"Na edi\u00e7\u00e3o desta segunda-feira, 27 de abril, o Jornal do Meio Dia refor\u00e7ou seu compromisso com a informa\u00e7\u00e3o e a conscientiza\u00e7\u00e3o ao abrir espa\u00e7o para um tema que impacta diretamente toda a popula\u00e7\u00e3o: a coleta seletiva e a valoriza\u00e7\u00e3o dos trabalhadores da reciclagem. Com a miss\u00e3o de levar conhecimento e provocar reflex\u00e3o, o jornal recebeu [&hellip;]","og_url":"https:\/\/radiolifefm.com.br\/noticias\/coleta-seletiva-em-alerta-trabalhadores-da-reciclagem-expoem-riscos-e-pedem-conscientizacao-da-populacao\/","og_site_name":"R\u00e1dio Life FM","article_publisher":"https:\/\/www.facebook.com\/radiolifefm\/","article_published_time":"2026-04-27T18:52:05+00:00","article_modified_time":"2026-04-27T20:37:24+00:00","og_image":[{"width":1366,"height":768,"url":"https:\/\/radiolifefm.com.br\/noticias\/wp-content\/uploads\/2026\/04\/WhatsApp-Image-2026-04-27-at-13.18.36.jpeg","type":"image\/jpeg"}],"author":"joaograndao","twitter_card":"summary_large_image","twitter_misc":{"Escrito por":"joaograndao","Est. tempo de leitura":"2 minutos"},"schema":{"@context":"https:\/\/schema.org","@graph":[{"@type":"Article","@id":"https:\/\/radiolifefm.com.br\/noticias\/coleta-seletiva-em-alerta-trabalhadores-da-reciclagem-expoem-riscos-e-pedem-conscientizacao-da-populacao\/#article","isPartOf":{"@id":"https:\/\/radiolifefm.com.br\/noticias\/coleta-seletiva-em-alerta-trabalhadores-da-reciclagem-expoem-riscos-e-pedem-conscientizacao-da-populacao\/"},"author":{"name":"joaograndao","@id":"https:\/\/radiolifefm.com.br\/noticias\/#\/schema\/person\/6876e1240feffe6e1b63fd5cb85abf28"},"headline":"Coleta seletiva em alerta: trabalhadores da reciclagem exp\u00f5em riscos e pedem conscientiza\u00e7\u00e3o da popula\u00e7\u00e3o","datePublished":"2026-04-27T18:52:05+00:00","dateModified":"2026-04-27T20:37:24+00:00","mainEntityOfPage":{"@id":"https:\/\/radiolifefm.com.br\/noticias\/coleta-seletiva-em-alerta-trabalhadores-da-reciclagem-expoem-riscos-e-pedem-conscientizacao-da-populacao\/"},"wordCount":346,"publisher":{"@id":"https:\/\/radiolifefm.com.br\/noticias\/#organization"},"image":{"@id":"https:\/\/radiolifefm.com.br\/noticias\/coleta-seletiva-em-alerta-trabalhadores-da-reciclagem-expoem-riscos-e-pedem-conscientizacao-da-populacao\/#primaryimage"},"thumbnailUrl":"https:\/\/radiolifefm.com.br\/noticias\/wp-content\/uploads\/2026\/04\/WhatsApp-Image-2026-04-27-at-13.18.36.jpeg","articleSection":["Jornal das 12h"],"inLanguage":"pt-BR"},{"@type":"WebPage","@id":"https:\/\/radiolifefm.com.br\/noticias\/coleta-seletiva-em-alerta-trabalhadores-da-reciclagem-expoem-riscos-e-pedem-conscientizacao-da-populacao\/","url":"https:\/\/radiolifefm.com.br\/noticias\/coleta-seletiva-em-alerta-trabalhadores-da-reciclagem-expoem-riscos-e-pedem-conscientizacao-da-populacao\/","name":"Coleta seletiva em alerta: trabalhadores da reciclagem exp\u00f5em riscos e pedem conscientiza\u00e7\u00e3o da popula\u00e7\u00e3o - R\u00e1dio Life FM","isPartOf":{"@id":"https:\/\/radiolifefm.com.br\/noticias\/#website"},"primaryImageOfPage":{"@id":"https:\/\/radiolifefm.com.br\/noticias\/coleta-seletiva-em-alerta-trabalhadores-da-reciclagem-expoem-riscos-e-pedem-conscientizacao-da-populacao\/#primaryimage"},"image":{"@id":"https:\/\/radiolifefm.com.br\/noticias\/coleta-seletiva-em-alerta-trabalhadores-da-reciclagem-expoem-riscos-e-pedem-conscientizacao-da-populacao\/#primaryimage"},"thumbnailUrl":"https:\/\/radiolifefm.com.br\/noticias\/wp-content\/uploads\/2026\/04\/WhatsApp-Image-2026-04-27-at-13.18.36.jpeg","datePublished":"2026-04-27T18:52:05+00:00","dateModified":"2026-04-27T20:37:24+00:00","breadcrumb":{"@id":"https:\/\/radiolifefm.com.br\/noticias\/coleta-seletiva-em-alerta-trabalhadores-da-reciclagem-expoem-riscos-e-pedem-conscientizacao-da-populacao\/#breadcrumb"},"inLanguage":"pt-BR","potentialAction":[{"@type":"ReadAction","target":["https:\/\/radiolifefm.com.br\/noticias\/coleta-seletiva-em-alerta-trabalhadores-da-reciclagem-expoem-riscos-e-pedem-conscientizacao-da-populacao\/"]}]},{"@type":"ImageObject","inLanguage":"pt-BR","@id":"https:\/\/radiolifefm.com.br\/noticias\/coleta-seletiva-em-alerta-trabalhadores-da-reciclagem-expoem-riscos-e-pedem-conscientizacao-da-populacao\/#primaryimage","url":"https:\/\/radiolifefm.com.br\/noticias\/wp-content\/uploads\/2026\/04\/WhatsApp-Image-2026-04-27-at-13.18.36.jpeg","contentUrl":"https:\/\/radiolifefm.com.br\/noticias\/wp-content\/uploads\/2026\/04\/WhatsApp-Image-2026-04-27-at-13.18.36.jpeg","width":1366,"height":768},{"@type":"BreadcrumbList","@id":"https:\/\/radiolifefm.com.br\/noticias\/coleta-seletiva-em-alerta-trabalhadores-da-reciclagem-expoem-riscos-e-pedem-conscientizacao-da-populacao\/#breadcrumb","itemListElement":[{"@type":"ListItem","position":1,"name":"In\u00edcio","item":"https:\/\/radiolifefm.com.br\/noticias\/"},{"@type":"ListItem","position":2,"name":"Coleta seletiva em alerta: trabalhadores da reciclagem exp\u00f5em riscos e pedem conscientiza\u00e7\u00e3o da popula\u00e7\u00e3o"}]},{"@type":"WebSite","@id":"https:\/\/radiolifefm.com.br\/noticias\/#website","url":"https:\/\/radiolifefm.com.br\/noticias\/","name":"R\u00e1dio Life FM","description":"O Portal de Not\u00edcias de Adamantina","publisher":{"@id":"https:\/\/radiolifefm.com.br\/noticias\/#organization"},"alternateName":"Life FM","potentialAction":[{"@type":"SearchAction","target":{"@type":"EntryPoint","urlTemplate":"https:\/\/radiolifefm.com.br\/noticias\/?s={search_term_string}"},"query-input":{"@type":"PropertyValueSpecification","valueRequired":true,"valueName":"search_term_string"}}],"inLanguage":"pt-BR"},{"@type":"Organization","@id":"https:\/\/radiolifefm.com.br\/noticias\/#organization","name":"R\u00e1dio Life FM","alternateName":"Life FM","url":"https:\/\/radiolifefm.com.br\/noticias\/","logo":{"@type":"ImageObject","inLanguage":"pt-BR","@id":"https:\/\/radiolifefm.com.br\/noticias\/#\/schema\/logo\/image\/","url":"https:\/\/static.radiolifefm.com.br\/noticias\/wp-content\/uploads\/2019\/10\/logo-lifefm.png","contentUrl":"https:\/\/static.radiolifefm.com.br\/noticias\/wp-content\/uploads\/2019\/10\/logo-lifefm.png","width":196,"height":47,"caption":"R\u00e1dio Life FM"},"image":{"@id":"https:\/\/radiolifefm.com.br\/noticias\/#\/schema\/logo\/image\/"},"sameAs":["https:\/\/www.facebook.com\/radiolifefm\/","https:\/\/www.instagram.com\/life1079fm\/"]},{"@type":"Person","@id":"https:\/\/radiolifefm.com.br\/noticias\/#\/schema\/person\/6876e1240feffe6e1b63fd5cb85abf28","name":"joaograndao","image":{"@type":"ImageObject","inLanguage":"pt-BR","@id":"https:\/\/secure.gravatar.com\/avatar\/d5b1a3cf357ed9c50404e256a1294083aa8ab5d2a994001567302786016cb32c?s=96&d=mm&r=g","url":"https:\/\/secure.gravatar.com\/avatar\/d5b1a3cf357ed9c50404e256a1294083aa8ab5d2a994001567302786016cb32c?s=96&d=mm&r=g","contentUrl":"https:\/\/secure.gravatar.com\/avatar\/d5b1a3cf357ed9c50404e256a1294083aa8ab5d2a994001567302786016cb32c?s=96&d=mm&r=g","caption":"joaograndao"}}]}},"amp_enabled":true,"_links":{"self":[{"href":"https:\/\/radiolifefm.com.br\/noticias\/wp-json\/wp\/v2\/posts\/119433","targetHints":{"allow":["GET"]}}],"collection":[{"href":"https:\/\/radiolifefm.com.br\/noticias\/wp-json\/wp\/v2\/posts"}],"about":[{"href":"https:\/\/radiolifefm.com.br\/noticias\/wp-json\/wp\/v2\/types\/post"}],"author":[{"embeddable":true,"href":"https:\/\/radiolifefm.com.br\/noticias\/wp-json\/wp\/v2\/users\/8"}],"replies":[{"embeddable":true,"href":"https:\/\/radiolifefm.com.br\/noticias\/wp-json\/wp\/v2\/comments?post=119433"}],"version-history":[{"count":1,"href":"https:\/\/radiolifefm.com.br\/noticias\/wp-json\/wp\/v2\/posts\/119433\/revisions"}],"predecessor-version":[{"id":119445,"href":"https:\/\/radiolifefm.com.br\/noticias\/wp-json\/wp\/v2\/posts\/119433\/revisions\/119445"}],"wp:featuredmedia":[{"embeddable":true,"href":"https:\/\/radiolifefm.com.br\/noticias\/wp-json\/wp\/v2\/media\/119444"}],"wp:attachment":[{"href":"https:\/\/radiolifefm.com.br\/noticias\/wp-json\/wp\/v2\/media?parent=119433"}],"wp:term":[{"taxonomy":"category","embeddable":true,"href":"https:\/\/radiolifefm.com.br\/noticias\/wp-json\/wp\/v2\/categories?post=119433"},{"taxonomy":"post_tag","embeddable":true,"href":"https:\/\/radiolifefm.com.br\/noticias\/wp-json\/wp\/v2\/tags?post=119433"}],"curies":[{"name":"wp","href":"https:\/\/api.w.org\/{rel}","templated":true}]}}