{"id":119269,"date":"2026-04-22T23:34:39","date_gmt":"2026-04-23T02:34:39","guid":{"rendered":"https:\/\/radiolifefm.com.br\/noticias\/?p=119269"},"modified":"2026-04-24T15:45:24","modified_gmt":"2026-04-24T18:45:24","slug":"adamantina-realiza-63a-edicao-do-torneio-da-liberdade-no-dia-do-trabalhador","status":"publish","type":"post","link":"https:\/\/radiolifefm.com.br\/noticias\/adamantina-realiza-63a-edicao-do-torneio-da-liberdade-no-dia-do-trabalhador\/","title":{"rendered":"Adamantina realiza 63\u00aa edi\u00e7\u00e3o do Torneio da Liberdade no Dia do Trabalhador"},"content":{"rendered":"<div id=\"fb-root\"><\/div>\n<div>No pr\u00f3ximo dia 1\u00ba de maio de 2026, data em que se comemora o Dia do Trabalhador, Adamantina sediar\u00e1 a 63\u00aa edi\u00e7\u00e3o do tradicional Torneio da Liberdade, reunindo diversas categorias profissionais do munic\u00edpio.<\/p>\n<p>A competi\u00e7\u00e3o ser\u00e1 realizada no Est\u00e1dio Municipal Ant\u00f4nio Goulart Marmo e contar\u00e1 com a participa\u00e7\u00e3o de 28 classes trabalhadoras, consolidando-se como um dos eventos esportivos mais tradicionais da cidade.<\/p>\n<p>A programa\u00e7\u00e3o ter\u00e1 in\u00edcio \u00e0s 8h30, com a realiza\u00e7\u00e3o dos jogos da primeira fase. Ao longo do dia, as equipes avan\u00e7am para a segunda fase, semifinais e final, promovendo integra\u00e7\u00e3o, lazer e valoriza\u00e7\u00e3o dos trabalhadores.<\/p>\n<p><img decoding=\"async\" class=\"an1\" src=\"https:\/\/fonts.gstatic.com\/s\/e\/notoemoji\/17.0\/1f5d3_fe0f\/32.png\" alt=\"\ud83d\uddd3\ufe0f\" data-emoji=\"\ud83d\uddd3\ufe0f\" aria-label=\"\ud83d\uddd3\ufe0f\" \/>\u00a0PROGRAMA\u00c7\u00c3O DOS JOGOS<\/p>\n<p>1\u00aa FASE<\/p>\n<p>08h30 \u2013 A\u00e7ougueiros\/Padeiros x Almoxarife\/T.I<br \/>\n09h00 \u2013 Repositores\/Pacoteiros x Eletricistas\/Motoboys<br \/>\n09h30 \u2013 Barbeiros\/Administradores x Serventes\/Pedreiros<br \/>\n10h00 \u2013 Manuten\u00e7\u00e3o\/Movimentadores x Vendedores\/Marketing<br \/>\n10h30 \u2013 Industri\u00e1rios\/Comerci\u00e1rios x Professores\/Monitores<br \/>\n11h00 \u2013 Tratoristas\/Canavieiros x Encanadores\/Balconistas<br \/>\n11h30 \u2013 Pe\u00e7istas\/Estoquistas x Mec\u00e2nicos\/Serralheiros<\/p>\n<p>2\u00aa FASE<\/p>\n<p>12h30 \u2013 Vencedor Jogo 1 x Vencedor Jogo 2<br \/>\n13h00 \u2013 Vencedor Jogo 3 x Vencedor Jogo 4<br \/>\n13h30 \u2013 Vencedor Jogo 5 x Vencedor Jogo 6<br \/>\n14h00 \u2013 Vencedor Jogo 7 (chap\u00e9u)<\/p>\n<p>SEMIFINAIS<\/p>\n<p>14h30 \u2013 Vencedor Jogo 8 x Vencedor Jogo 9<br \/>\n15h00 \u2013 Vencedor Jogo 10 x Chap\u00e9u<\/p>\n<p>FINAL<\/p>\n<p>15h30 \u2013 Vencedor Jogo 12 x Vencedor Jogo 13<\/p>\n<p>O Torneio da Liberdade \u00e9 marcado pelo esp\u00edrito esportivo e pela confraterniza\u00e7\u00e3o entre os participantes, sendo uma importante celebra\u00e7\u00e3o do Dia do Trabalhador em Adamantina.<\/p>\n<p>A organiza\u00e7\u00e3o convida toda a popula\u00e7\u00e3o a prestigiar o evento e apoiar as equipes, fortalecendo essa tradi\u00e7\u00e3o que atravessa gera\u00e7\u00f5es no munic\u00edpio.<\/p><\/div>\n<div><\/div>\n<p><span style=\"color: #888888\"><span class=\"gmail_signature_prefix\">&#8212;<\/span><br \/>\n<\/span><\/p>\n<div class=\"gmail_signature\" dir=\"ltr\" data-smartmail=\"gmail_signature\">\n<div dir=\"ltr\">\n<div dir=\"ltr\">\n<div dir=\"ltr\">\n<div dir=\"ltr\">\n<div dir=\"ltr\">\n<div dir=\"ltr\">\n<div dir=\"ltr\">\n<div>\n<div><\/div>\n<div><span style=\"font-family: tahoma, sans-serif;font-size: xx-small\">PREFEITURA DO MUNIC\u00cdPIO DE ADAMANTINA<br \/>\n<\/span><\/div>\n<\/div>\n<div>\n<div><span style=\"font-family: tahoma, sans-serif;font-size: xx-small\">Diretor de Comunica\u00e7\u00e3o<\/span><\/div>\n<div>Caio Vasques<\/div>\n<div><\/div>\n<div>Jornalista<\/div>\n<div><span style=\"font-family: tahoma, sans-serif;font-size: xx-small\">Natacha Dominato\u00a0\u00a0<\/span><\/div>\n<\/div>\n<\/div>\n<\/div>\n<\/div>\n<\/div>\n<\/div>\n<\/div>\n<\/div>\n<\/div>\n","protected":false},"excerpt":{"rendered":"<p>No pr\u00f3ximo dia 1\u00ba de maio de 2026, data em que se comemora o Dia do Trabalhador, Adamantina sediar\u00e1 a 63\u00aa edi\u00e7\u00e3o do tradicional Torneio da Liberdade, reunindo diversas categorias profissionais do munic\u00edpio. A competi\u00e7\u00e3o ser\u00e1 realizada no Est\u00e1dio Municipal Ant\u00f4nio Goulart Marmo e contar\u00e1 com a participa\u00e7\u00e3o de 28 classes trabalhadoras, consolidando-se como um [&hellip;]<\/p>\n","protected":false},"author":13,"featured_media":119270,"comment_status":"closed","ping_status":"open","sticky":false,"template":"","format":"standard","meta":{"_acf_changed":false,"_exactmetrics_skip_tracking":false,"_exactmetrics_sitenote_active":false,"_exactmetrics_sitenote_note":"","_exactmetrics_sitenote_category":0,"footnotes":""},"categories":[21,56],"tags":[],"class_list":["post-119269","post","type-post","status-publish","format-standard","has-post-thumbnail","hentry","category-adamantina","category-esporte"],"acf":[],"yoast_head":"<!-- This site is optimized with the Yoast SEO plugin v27.2 - https:\/\/yoast.com\/product\/yoast-seo-wordpress\/ -->\n<title>Adamantina realiza 63\u00aa edi\u00e7\u00e3o do Torneio da Liberdade no Dia do Trabalhador - R\u00e1dio Life FM<\/title>\n<meta name=\"robots\" content=\"index, follow, max-snippet:-1, max-image-preview:large, max-video-preview:-1\" \/>\n<link rel=\"canonical\" href=\"https:\/\/radiolifefm.com.br\/noticias\/adamantina-realiza-63a-edicao-do-torneio-da-liberdade-no-dia-do-trabalhador\/\" \/>\n<meta property=\"og:locale\" content=\"pt_BR\" \/>\n<meta property=\"og:type\" content=\"article\" \/>\n<meta property=\"og:title\" content=\"Adamantina realiza 63\u00aa edi\u00e7\u00e3o do Torneio da Liberdade no Dia do Trabalhador - R\u00e1dio Life FM\" \/>\n<meta property=\"og:description\" content=\"No pr\u00f3ximo dia 1\u00ba de maio de 2026, data em que se comemora o Dia do Trabalhador, Adamantina sediar\u00e1 a 63\u00aa edi\u00e7\u00e3o do tradicional Torneio da Liberdade, reunindo diversas categorias profissionais do munic\u00edpio. A competi\u00e7\u00e3o ser\u00e1 realizada no Est\u00e1dio Municipal Ant\u00f4nio Goulart Marmo e contar\u00e1 com a participa\u00e7\u00e3o de 28 classes trabalhadoras, consolidando-se como um [&hellip;]\" \/>\n<meta property=\"og:url\" content=\"https:\/\/radiolifefm.com.br\/noticias\/adamantina-realiza-63a-edicao-do-torneio-da-liberdade-no-dia-do-trabalhador\/\" \/>\n<meta property=\"og:site_name\" content=\"R\u00e1dio Life FM\" \/>\n<meta property=\"article:publisher\" content=\"https:\/\/www.facebook.com\/radiolifefm\/\" \/>\n<meta property=\"article:published_time\" content=\"2026-04-23T02:34:39+00:00\" \/>\n<meta property=\"article:modified_time\" content=\"2026-04-24T18:45:24+00:00\" \/>\n<meta property=\"og:image\" content=\"https:\/\/radiolifefm.com.br\/noticias\/wp-content\/uploads\/2026\/04\/WhatsApp-Image-2026-04-22-at-14.30.10.jpeg\" \/>\n\t<meta property=\"og:image:width\" content=\"960\" \/>\n\t<meta property=\"og:image:height\" content=\"540\" \/>\n\t<meta property=\"og:image:type\" content=\"image\/jpeg\" \/>\n<meta name=\"author\" content=\"ritanery\" \/>\n<meta name=\"twitter:card\" content=\"summary_large_image\" \/>\n<meta name=\"twitter:label1\" content=\"Escrito por\" \/>\n\t<meta name=\"twitter:data1\" content=\"ritanery\" \/>\n\t<meta name=\"twitter:label2\" content=\"Est. tempo de leitura\" \/>\n\t<meta name=\"twitter:data2\" content=\"2 minutos\" \/>\n<script type=\"application\/ld+json\" class=\"yoast-schema-graph\">{\"@context\":\"https:\/\/schema.org\",\"@graph\":[{\"@type\":\"Article\",\"@id\":\"https:\/\/radiolifefm.com.br\/noticias\/adamantina-realiza-63a-edicao-do-torneio-da-liberdade-no-dia-do-trabalhador\/#article\",\"isPartOf\":{\"@id\":\"https:\/\/radiolifefm.com.br\/noticias\/adamantina-realiza-63a-edicao-do-torneio-da-liberdade-no-dia-do-trabalhador\/\"},\"author\":{\"name\":\"ritanery\",\"@id\":\"https:\/\/radiolifefm.com.br\/noticias\/#\/schema\/person\/6339b9fac59d12b071dec680d7375d87\"},\"headline\":\"Adamantina realiza 63\u00aa edi\u00e7\u00e3o do Torneio da Liberdade no Dia do Trabalhador\",\"datePublished\":\"2026-04-23T02:34:39+00:00\",\"dateModified\":\"2026-04-24T18:45:24+00:00\",\"mainEntityOfPage\":{\"@id\":\"https:\/\/radiolifefm.com.br\/noticias\/adamantina-realiza-63a-edicao-do-torneio-da-liberdade-no-dia-do-trabalhador\/\"},\"wordCount\":286,\"publisher\":{\"@id\":\"https:\/\/radiolifefm.com.br\/noticias\/#organization\"},\"image\":{\"@id\":\"https:\/\/radiolifefm.com.br\/noticias\/adamantina-realiza-63a-edicao-do-torneio-da-liberdade-no-dia-do-trabalhador\/#primaryimage\"},\"thumbnailUrl\":\"https:\/\/radiolifefm.com.br\/noticias\/wp-content\/uploads\/2026\/04\/WhatsApp-Image-2026-04-22-at-14.30.10.jpeg\",\"articleSection\":[\"Adamantina\",\"Esporte\"],\"inLanguage\":\"pt-BR\"},{\"@type\":\"WebPage\",\"@id\":\"https:\/\/radiolifefm.com.br\/noticias\/adamantina-realiza-63a-edicao-do-torneio-da-liberdade-no-dia-do-trabalhador\/\",\"url\":\"https:\/\/radiolifefm.com.br\/noticias\/adamantina-realiza-63a-edicao-do-torneio-da-liberdade-no-dia-do-trabalhador\/\",\"name\":\"Adamantina realiza 63\u00aa edi\u00e7\u00e3o do Torneio da Liberdade no Dia do Trabalhador - R\u00e1dio Life FM\",\"isPartOf\":{\"@id\":\"https:\/\/radiolifefm.com.br\/noticias\/#website\"},\"primaryImageOfPage\":{\"@id\":\"https:\/\/radiolifefm.com.br\/noticias\/adamantina-realiza-63a-edicao-do-torneio-da-liberdade-no-dia-do-trabalhador\/#primaryimage\"},\"image\":{\"@id\":\"https:\/\/radiolifefm.com.br\/noticias\/adamantina-realiza-63a-edicao-do-torneio-da-liberdade-no-dia-do-trabalhador\/#primaryimage\"},\"thumbnailUrl\":\"https:\/\/radiolifefm.com.br\/noticias\/wp-content\/uploads\/2026\/04\/WhatsApp-Image-2026-04-22-at-14.30.10.jpeg\",\"datePublished\":\"2026-04-23T02:34:39+00:00\",\"dateModified\":\"2026-04-24T18:45:24+00:00\",\"breadcrumb\":{\"@id\":\"https:\/\/radiolifefm.com.br\/noticias\/adamantina-realiza-63a-edicao-do-torneio-da-liberdade-no-dia-do-trabalhador\/#breadcrumb\"},\"inLanguage\":\"pt-BR\",\"potentialAction\":[{\"@type\":\"ReadAction\",\"target\":[\"https:\/\/radiolifefm.com.br\/noticias\/adamantina-realiza-63a-edicao-do-torneio-da-liberdade-no-dia-do-trabalhador\/\"]}]},{\"@type\":\"ImageObject\",\"inLanguage\":\"pt-BR\",\"@id\":\"https:\/\/radiolifefm.com.br\/noticias\/adamantina-realiza-63a-edicao-do-torneio-da-liberdade-no-dia-do-trabalhador\/#primaryimage\",\"url\":\"https:\/\/radiolifefm.com.br\/noticias\/wp-content\/uploads\/2026\/04\/WhatsApp-Image-2026-04-22-at-14.30.10.jpeg\",\"contentUrl\":\"https:\/\/radiolifefm.com.br\/noticias\/wp-content\/uploads\/2026\/04\/WhatsApp-Image-2026-04-22-at-14.30.10.jpeg\",\"width\":960,\"height\":540},{\"@type\":\"BreadcrumbList\",\"@id\":\"https:\/\/radiolifefm.com.br\/noticias\/adamantina-realiza-63a-edicao-do-torneio-da-liberdade-no-dia-do-trabalhador\/#breadcrumb\",\"itemListElement\":[{\"@type\":\"ListItem\",\"position\":1,\"name\":\"In\u00edcio\",\"item\":\"https:\/\/radiolifefm.com.br\/noticias\/\"},{\"@type\":\"ListItem\",\"position\":2,\"name\":\"Adamantina realiza 63\u00aa edi\u00e7\u00e3o do Torneio da Liberdade no Dia do Trabalhador\"}]},{\"@type\":\"WebSite\",\"@id\":\"https:\/\/radiolifefm.com.br\/noticias\/#website\",\"url\":\"https:\/\/radiolifefm.com.br\/noticias\/\",\"name\":\"R\u00e1dio Life FM\",\"description\":\"O Portal de Not\u00edcias de Adamantina\",\"publisher\":{\"@id\":\"https:\/\/radiolifefm.com.br\/noticias\/#organization\"},\"alternateName\":\"Life FM\",\"potentialAction\":[{\"@type\":\"SearchAction\",\"target\":{\"@type\":\"EntryPoint\",\"urlTemplate\":\"https:\/\/radiolifefm.com.br\/noticias\/?s={search_term_string}\"},\"query-input\":{\"@type\":\"PropertyValueSpecification\",\"valueRequired\":true,\"valueName\":\"search_term_string\"}}],\"inLanguage\":\"pt-BR\"},{\"@type\":\"Organization\",\"@id\":\"https:\/\/radiolifefm.com.br\/noticias\/#organization\",\"name\":\"R\u00e1dio Life FM\",\"alternateName\":\"Life FM\",\"url\":\"https:\/\/radiolifefm.com.br\/noticias\/\",\"logo\":{\"@type\":\"ImageObject\",\"inLanguage\":\"pt-BR\",\"@id\":\"https:\/\/radiolifefm.com.br\/noticias\/#\/schema\/logo\/image\/\",\"url\":\"https:\/\/static.radiolifefm.com.br\/noticias\/wp-content\/uploads\/2019\/10\/logo-lifefm.png\",\"contentUrl\":\"https:\/\/static.radiolifefm.com.br\/noticias\/wp-content\/uploads\/2019\/10\/logo-lifefm.png\",\"width\":196,\"height\":47,\"caption\":\"R\u00e1dio Life FM\"},\"image\":{\"@id\":\"https:\/\/radiolifefm.com.br\/noticias\/#\/schema\/logo\/image\/\"},\"sameAs\":[\"https:\/\/www.facebook.com\/radiolifefm\/\",\"https:\/\/www.instagram.com\/life1079fm\/\"]},{\"@type\":\"Person\",\"@id\":\"https:\/\/radiolifefm.com.br\/noticias\/#\/schema\/person\/6339b9fac59d12b071dec680d7375d87\",\"name\":\"ritanery\",\"image\":{\"@type\":\"ImageObject\",\"inLanguage\":\"pt-BR\",\"@id\":\"https:\/\/secure.gravatar.com\/avatar\/0e37bb19071f47c0b8a23f62a903df117c5a0e75f65a0c2901562f97cd41cf86?s=96&d=mm&r=g\",\"url\":\"https:\/\/secure.gravatar.com\/avatar\/0e37bb19071f47c0b8a23f62a903df117c5a0e75f65a0c2901562f97cd41cf86?s=96&d=mm&r=g\",\"contentUrl\":\"https:\/\/secure.gravatar.com\/avatar\/0e37bb19071f47c0b8a23f62a903df117c5a0e75f65a0c2901562f97cd41cf86?s=96&d=mm&r=g\",\"caption\":\"ritanery\"}}]}<\/script>\n<!-- \/ Yoast SEO plugin. -->","yoast_head_json":{"title":"Adamantina realiza 63\u00aa edi\u00e7\u00e3o do Torneio da Liberdade no Dia do Trabalhador - R\u00e1dio Life FM","robots":{"index":"index","follow":"follow","max-snippet":"max-snippet:-1","max-image-preview":"max-image-preview:large","max-video-preview":"max-video-preview:-1"},"canonical":"https:\/\/radiolifefm.com.br\/noticias\/adamantina-realiza-63a-edicao-do-torneio-da-liberdade-no-dia-do-trabalhador\/","og_locale":"pt_BR","og_type":"article","og_title":"Adamantina realiza 63\u00aa edi\u00e7\u00e3o do Torneio da Liberdade no Dia do Trabalhador - R\u00e1dio Life FM","og_description":"No pr\u00f3ximo dia 1\u00ba de maio de 2026, data em que se comemora o Dia do Trabalhador, Adamantina sediar\u00e1 a 63\u00aa edi\u00e7\u00e3o do tradicional Torneio da Liberdade, reunindo diversas categorias profissionais do munic\u00edpio. A competi\u00e7\u00e3o ser\u00e1 realizada no Est\u00e1dio Municipal Ant\u00f4nio Goulart Marmo e contar\u00e1 com a participa\u00e7\u00e3o de 28 classes trabalhadoras, consolidando-se como um [&hellip;]","og_url":"https:\/\/radiolifefm.com.br\/noticias\/adamantina-realiza-63a-edicao-do-torneio-da-liberdade-no-dia-do-trabalhador\/","og_site_name":"R\u00e1dio Life FM","article_publisher":"https:\/\/www.facebook.com\/radiolifefm\/","article_published_time":"2026-04-23T02:34:39+00:00","article_modified_time":"2026-04-24T18:45:24+00:00","og_image":[{"width":960,"height":540,"url":"https:\/\/radiolifefm.com.br\/noticias\/wp-content\/uploads\/2026\/04\/WhatsApp-Image-2026-04-22-at-14.30.10.jpeg","type":"image\/jpeg"}],"author":"ritanery","twitter_card":"summary_large_image","twitter_misc":{"Escrito por":"ritanery","Est. tempo de leitura":"2 minutos"},"schema":{"@context":"https:\/\/schema.org","@graph":[{"@type":"Article","@id":"https:\/\/radiolifefm.com.br\/noticias\/adamantina-realiza-63a-edicao-do-torneio-da-liberdade-no-dia-do-trabalhador\/#article","isPartOf":{"@id":"https:\/\/radiolifefm.com.br\/noticias\/adamantina-realiza-63a-edicao-do-torneio-da-liberdade-no-dia-do-trabalhador\/"},"author":{"name":"ritanery","@id":"https:\/\/radiolifefm.com.br\/noticias\/#\/schema\/person\/6339b9fac59d12b071dec680d7375d87"},"headline":"Adamantina realiza 63\u00aa edi\u00e7\u00e3o do Torneio da Liberdade no Dia do Trabalhador","datePublished":"2026-04-23T02:34:39+00:00","dateModified":"2026-04-24T18:45:24+00:00","mainEntityOfPage":{"@id":"https:\/\/radiolifefm.com.br\/noticias\/adamantina-realiza-63a-edicao-do-torneio-da-liberdade-no-dia-do-trabalhador\/"},"wordCount":286,"publisher":{"@id":"https:\/\/radiolifefm.com.br\/noticias\/#organization"},"image":{"@id":"https:\/\/radiolifefm.com.br\/noticias\/adamantina-realiza-63a-edicao-do-torneio-da-liberdade-no-dia-do-trabalhador\/#primaryimage"},"thumbnailUrl":"https:\/\/radiolifefm.com.br\/noticias\/wp-content\/uploads\/2026\/04\/WhatsApp-Image-2026-04-22-at-14.30.10.jpeg","articleSection":["Adamantina","Esporte"],"inLanguage":"pt-BR"},{"@type":"WebPage","@id":"https:\/\/radiolifefm.com.br\/noticias\/adamantina-realiza-63a-edicao-do-torneio-da-liberdade-no-dia-do-trabalhador\/","url":"https:\/\/radiolifefm.com.br\/noticias\/adamantina-realiza-63a-edicao-do-torneio-da-liberdade-no-dia-do-trabalhador\/","name":"Adamantina realiza 63\u00aa edi\u00e7\u00e3o do Torneio da Liberdade no Dia do Trabalhador - R\u00e1dio Life FM","isPartOf":{"@id":"https:\/\/radiolifefm.com.br\/noticias\/#website"},"primaryImageOfPage":{"@id":"https:\/\/radiolifefm.com.br\/noticias\/adamantina-realiza-63a-edicao-do-torneio-da-liberdade-no-dia-do-trabalhador\/#primaryimage"},"image":{"@id":"https:\/\/radiolifefm.com.br\/noticias\/adamantina-realiza-63a-edicao-do-torneio-da-liberdade-no-dia-do-trabalhador\/#primaryimage"},"thumbnailUrl":"https:\/\/radiolifefm.com.br\/noticias\/wp-content\/uploads\/2026\/04\/WhatsApp-Image-2026-04-22-at-14.30.10.jpeg","datePublished":"2026-04-23T02:34:39+00:00","dateModified":"2026-04-24T18:45:24+00:00","breadcrumb":{"@id":"https:\/\/radiolifefm.com.br\/noticias\/adamantina-realiza-63a-edicao-do-torneio-da-liberdade-no-dia-do-trabalhador\/#breadcrumb"},"inLanguage":"pt-BR","potentialAction":[{"@type":"ReadAction","target":["https:\/\/radiolifefm.com.br\/noticias\/adamantina-realiza-63a-edicao-do-torneio-da-liberdade-no-dia-do-trabalhador\/"]}]},{"@type":"ImageObject","inLanguage":"pt-BR","@id":"https:\/\/radiolifefm.com.br\/noticias\/adamantina-realiza-63a-edicao-do-torneio-da-liberdade-no-dia-do-trabalhador\/#primaryimage","url":"https:\/\/radiolifefm.com.br\/noticias\/wp-content\/uploads\/2026\/04\/WhatsApp-Image-2026-04-22-at-14.30.10.jpeg","contentUrl":"https:\/\/radiolifefm.com.br\/noticias\/wp-content\/uploads\/2026\/04\/WhatsApp-Image-2026-04-22-at-14.30.10.jpeg","width":960,"height":540},{"@type":"BreadcrumbList","@id":"https:\/\/radiolifefm.com.br\/noticias\/adamantina-realiza-63a-edicao-do-torneio-da-liberdade-no-dia-do-trabalhador\/#breadcrumb","itemListElement":[{"@type":"ListItem","position":1,"name":"In\u00edcio","item":"https:\/\/radiolifefm.com.br\/noticias\/"},{"@type":"ListItem","position":2,"name":"Adamantina realiza 63\u00aa edi\u00e7\u00e3o do Torneio da Liberdade no Dia do Trabalhador"}]},{"@type":"WebSite","@id":"https:\/\/radiolifefm.com.br\/noticias\/#website","url":"https:\/\/radiolifefm.com.br\/noticias\/","name":"R\u00e1dio Life FM","description":"O Portal de Not\u00edcias de Adamantina","publisher":{"@id":"https:\/\/radiolifefm.com.br\/noticias\/#organization"},"alternateName":"Life FM","potentialAction":[{"@type":"SearchAction","target":{"@type":"EntryPoint","urlTemplate":"https:\/\/radiolifefm.com.br\/noticias\/?s={search_term_string}"},"query-input":{"@type":"PropertyValueSpecification","valueRequired":true,"valueName":"search_term_string"}}],"inLanguage":"pt-BR"},{"@type":"Organization","@id":"https:\/\/radiolifefm.com.br\/noticias\/#organization","name":"R\u00e1dio Life FM","alternateName":"Life FM","url":"https:\/\/radiolifefm.com.br\/noticias\/","logo":{"@type":"ImageObject","inLanguage":"pt-BR","@id":"https:\/\/radiolifefm.com.br\/noticias\/#\/schema\/logo\/image\/","url":"https:\/\/static.radiolifefm.com.br\/noticias\/wp-content\/uploads\/2019\/10\/logo-lifefm.png","contentUrl":"https:\/\/static.radiolifefm.com.br\/noticias\/wp-content\/uploads\/2019\/10\/logo-lifefm.png","width":196,"height":47,"caption":"R\u00e1dio Life FM"},"image":{"@id":"https:\/\/radiolifefm.com.br\/noticias\/#\/schema\/logo\/image\/"},"sameAs":["https:\/\/www.facebook.com\/radiolifefm\/","https:\/\/www.instagram.com\/life1079fm\/"]},{"@type":"Person","@id":"https:\/\/radiolifefm.com.br\/noticias\/#\/schema\/person\/6339b9fac59d12b071dec680d7375d87","name":"ritanery","image":{"@type":"ImageObject","inLanguage":"pt-BR","@id":"https:\/\/secure.gravatar.com\/avatar\/0e37bb19071f47c0b8a23f62a903df117c5a0e75f65a0c2901562f97cd41cf86?s=96&d=mm&r=g","url":"https:\/\/secure.gravatar.com\/avatar\/0e37bb19071f47c0b8a23f62a903df117c5a0e75f65a0c2901562f97cd41cf86?s=96&d=mm&r=g","contentUrl":"https:\/\/secure.gravatar.com\/avatar\/0e37bb19071f47c0b8a23f62a903df117c5a0e75f65a0c2901562f97cd41cf86?s=96&d=mm&r=g","caption":"ritanery"}}]}},"amp_enabled":true,"_links":{"self":[{"href":"https:\/\/radiolifefm.com.br\/noticias\/wp-json\/wp\/v2\/posts\/119269","targetHints":{"allow":["GET"]}}],"collection":[{"href":"https:\/\/radiolifefm.com.br\/noticias\/wp-json\/wp\/v2\/posts"}],"about":[{"href":"https:\/\/radiolifefm.com.br\/noticias\/wp-json\/wp\/v2\/types\/post"}],"author":[{"embeddable":true,"href":"https:\/\/radiolifefm.com.br\/noticias\/wp-json\/wp\/v2\/users\/13"}],"replies":[{"embeddable":true,"href":"https:\/\/radiolifefm.com.br\/noticias\/wp-json\/wp\/v2\/comments?post=119269"}],"version-history":[{"count":2,"href":"https:\/\/radiolifefm.com.br\/noticias\/wp-json\/wp\/v2\/posts\/119269\/revisions"}],"predecessor-version":[{"id":119272,"href":"https:\/\/radiolifefm.com.br\/noticias\/wp-json\/wp\/v2\/posts\/119269\/revisions\/119272"}],"wp:featuredmedia":[{"embeddable":true,"href":"https:\/\/radiolifefm.com.br\/noticias\/wp-json\/wp\/v2\/media\/119270"}],"wp:attachment":[{"href":"https:\/\/radiolifefm.com.br\/noticias\/wp-json\/wp\/v2\/media?parent=119269"}],"wp:term":[{"taxonomy":"category","embeddable":true,"href":"https:\/\/radiolifefm.com.br\/noticias\/wp-json\/wp\/v2\/categories?post=119269"},{"taxonomy":"post_tag","embeddable":true,"href":"https:\/\/radiolifefm.com.br\/noticias\/wp-json\/wp\/v2\/tags?post=119269"}],"curies":[{"name":"wp","href":"https:\/\/api.w.org\/{rel}","templated":true}]}}