{"id":119266,"date":"2026-04-22T23:32:52","date_gmt":"2026-04-23T02:32:52","guid":{"rendered":"https:\/\/radiolifefm.com.br\/noticias\/?p=119266"},"modified":"2026-04-23T13:24:26","modified_gmt":"2026-04-23T16:24:26","slug":"alunos-de-publicidade-da-fai-marcam-presenca-no-festup-lins","status":"publish","type":"post","link":"https:\/\/radiolifefm.com.br\/noticias\/alunos-de-publicidade-da-fai-marcam-presenca-no-festup-lins\/","title":{"rendered":"Alunos de Publicidade da FAI marcam presen\u00e7a no FestUp Lins"},"content":{"rendered":"<div id=\"fb-root\"><\/div>\n<p dir=\"ltr\">Alunos de Publicidade e Propaganda do Centro Universit\u00e1rio de Adamantina (FAI) participaram da edi\u00e7\u00e3o regional do Fest\u2019Up, um dos mais tradicionais festivais de propaganda do pa\u00eds. O evento, promovido pela APP (Associa\u00e7\u00e3o dos Profissionais de Propaganda), aconteceu dia 11 de abril, na faculdade UniSalesiano em Lins, e marca uma nova fase de descentraliza\u00e7\u00e3o do conhecimento publicit\u00e1rio.<\/p>\n<p dir=\"ltr\">A participa\u00e7\u00e3o nesta edi\u00e7\u00e3o regional foi apenas o come\u00e7o de uma agenda intensa para os alunos da FAI. O cronograma de 2026 inclui novas edi\u00e7\u00f5es regionais em Mar\u00edlia (maio) e Ara\u00e7atuba (agosto), culminando no grande evento nacional em S\u00e3o Paulo, em setembro.<\/p>\n<p dir=\"ltr\">Um dos pontos altos desta edi\u00e7\u00e3o \u00e9 a consolida\u00e7\u00e3o do formato regional, implantado em 2025. Essas edi\u00e7\u00f5es s\u00e3o fundamentais para democratizar o acesso ao mercado, permitindo que estudantes do interior tenham o mesmo n\u00edvel de atualiza\u00e7\u00e3o que os da capital, valorizando a for\u00e7a criativa regional.<\/p>\n<p dir=\"ltr\">Para Amanda Bissi, aluna do terceiro ano, a experi\u00eancia foi transformadora: \u201cParticipar do Fest\u2019Up foi uma experi\u00eancia muito v\u00e1lida para entender melhor o mercado. As palestras trouxeram vis\u00f5es reais de quem j\u00e1 est\u00e1 na \u00e1rea\u201d, destaca.<\/p>\n<p dir=\"ltr\">O calouro Pedro Teixeira tamb\u00e9m refor\u00e7ou como o evento amplia horizontes. \u201cParticipar do Fest\u2019Up Lins \u00e9 uma experi\u00eancia que conecta voc\u00ea a profissionais da comunica\u00e7\u00e3o e expande sua percep\u00e7\u00e3o na \u00e1rea. Assistir a palestras e workshops \u00e9 fundamental para sair da bolha em que estamos inseridos. Al\u00e9m disso, o evento possibilita o contato com estudantes de outras cidades\u201d, afirma.<\/p>\n<p dir=\"ltr\">A coordena\u00e7\u00e3o do curso ressalta o valor estrat\u00e9gico de manter os alunos nesse circuito. Segundo a Prof\u00aa Dra. Ieda Borges, \u00e9 essencial que as turmas tenham \u201co conhecimento e contato com as realidades do mercado publicit\u00e1rio regional e com os profissionais da APP\u201d, garantindo uma forma\u00e7\u00e3o alinhada \u00e0s demandas atuais.<\/p>\n<p dir=\"ltr\">\n<p dir=\"ltr\">Por Prof\u00aa Dra. Ieda Borges<\/p>\n","protected":false},"excerpt":{"rendered":"<p>Alunos de Publicidade e Propaganda do Centro Universit\u00e1rio de Adamantina (FAI) participaram da edi\u00e7\u00e3o regional do Fest\u2019Up, um dos mais tradicionais festivais de propaganda do pa\u00eds. O evento, promovido pela APP (Associa\u00e7\u00e3o dos Profissionais de Propaganda), aconteceu dia 11 de abril, na faculdade UniSalesiano em Lins, e marca uma nova fase de descentraliza\u00e7\u00e3o do conhecimento [&hellip;]<\/p>\n","protected":false},"author":13,"featured_media":119267,"comment_status":"closed","ping_status":"open","sticky":false,"template":"","format":"standard","meta":{"_acf_changed":false,"_exactmetrics_skip_tracking":false,"_exactmetrics_sitenote_active":false,"_exactmetrics_sitenote_note":"","_exactmetrics_sitenote_category":0,"footnotes":""},"categories":[21],"tags":[],"class_list":["post-119266","post","type-post","status-publish","format-standard","has-post-thumbnail","hentry","category-adamantina"],"acf":[],"yoast_head":"<!-- This site is optimized with the Yoast SEO plugin v27.2 - https:\/\/yoast.com\/product\/yoast-seo-wordpress\/ -->\n<title>Alunos de Publicidade da FAI marcam presen\u00e7a no FestUp Lins - R\u00e1dio Life FM<\/title>\n<meta name=\"robots\" content=\"index, follow, max-snippet:-1, max-image-preview:large, max-video-preview:-1\" \/>\n<link rel=\"canonical\" href=\"https:\/\/radiolifefm.com.br\/noticias\/alunos-de-publicidade-da-fai-marcam-presenca-no-festup-lins\/\" \/>\n<meta property=\"og:locale\" content=\"pt_BR\" \/>\n<meta property=\"og:type\" content=\"article\" \/>\n<meta property=\"og:title\" content=\"Alunos de Publicidade da FAI marcam presen\u00e7a no FestUp Lins - R\u00e1dio Life FM\" \/>\n<meta property=\"og:description\" content=\"Alunos de Publicidade e Propaganda do Centro Universit\u00e1rio de Adamantina (FAI) participaram da edi\u00e7\u00e3o regional do Fest\u2019Up, um dos mais tradicionais festivais de propaganda do pa\u00eds. O evento, promovido pela APP (Associa\u00e7\u00e3o dos Profissionais de Propaganda), aconteceu dia 11 de abril, na faculdade UniSalesiano em Lins, e marca uma nova fase de descentraliza\u00e7\u00e3o do conhecimento [&hellip;]\" \/>\n<meta property=\"og:url\" content=\"https:\/\/radiolifefm.com.br\/noticias\/alunos-de-publicidade-da-fai-marcam-presenca-no-festup-lins\/\" \/>\n<meta property=\"og:site_name\" content=\"R\u00e1dio Life FM\" \/>\n<meta property=\"article:publisher\" content=\"https:\/\/www.facebook.com\/radiolifefm\/\" \/>\n<meta property=\"article:published_time\" content=\"2026-04-23T02:32:52+00:00\" \/>\n<meta property=\"article:modified_time\" content=\"2026-04-23T16:24:26+00:00\" \/>\n<meta property=\"og:image\" content=\"https:\/\/radiolifefm.com.br\/noticias\/wp-content\/uploads\/2026\/04\/Festup3-scaled.jpeg\" \/>\n\t<meta property=\"og:image:width\" content=\"2560\" \/>\n\t<meta property=\"og:image:height\" content=\"1440\" \/>\n\t<meta property=\"og:image:type\" content=\"image\/jpeg\" \/>\n<meta name=\"author\" content=\"ritanery\" \/>\n<meta name=\"twitter:card\" content=\"summary_large_image\" \/>\n<meta name=\"twitter:label1\" content=\"Escrito por\" \/>\n\t<meta name=\"twitter:data1\" content=\"ritanery\" \/>\n\t<meta name=\"twitter:label2\" content=\"Est. tempo de leitura\" \/>\n\t<meta name=\"twitter:data2\" content=\"2 minutos\" \/>\n<script type=\"application\/ld+json\" class=\"yoast-schema-graph\">{\"@context\":\"https:\/\/schema.org\",\"@graph\":[{\"@type\":\"Article\",\"@id\":\"https:\/\/radiolifefm.com.br\/noticias\/alunos-de-publicidade-da-fai-marcam-presenca-no-festup-lins\/#article\",\"isPartOf\":{\"@id\":\"https:\/\/radiolifefm.com.br\/noticias\/alunos-de-publicidade-da-fai-marcam-presenca-no-festup-lins\/\"},\"author\":{\"name\":\"ritanery\",\"@id\":\"https:\/\/radiolifefm.com.br\/noticias\/#\/schema\/person\/6339b9fac59d12b071dec680d7375d87\"},\"headline\":\"Alunos de Publicidade da FAI marcam presen\u00e7a no FestUp Lins\",\"datePublished\":\"2026-04-23T02:32:52+00:00\",\"dateModified\":\"2026-04-23T16:24:26+00:00\",\"mainEntityOfPage\":{\"@id\":\"https:\/\/radiolifefm.com.br\/noticias\/alunos-de-publicidade-da-fai-marcam-presenca-no-festup-lins\/\"},\"wordCount\":334,\"publisher\":{\"@id\":\"https:\/\/radiolifefm.com.br\/noticias\/#organization\"},\"image\":{\"@id\":\"https:\/\/radiolifefm.com.br\/noticias\/alunos-de-publicidade-da-fai-marcam-presenca-no-festup-lins\/#primaryimage\"},\"thumbnailUrl\":\"https:\/\/radiolifefm.com.br\/noticias\/wp-content\/uploads\/2026\/04\/Festup3-scaled.jpeg\",\"articleSection\":[\"Adamantina\"],\"inLanguage\":\"pt-BR\"},{\"@type\":\"WebPage\",\"@id\":\"https:\/\/radiolifefm.com.br\/noticias\/alunos-de-publicidade-da-fai-marcam-presenca-no-festup-lins\/\",\"url\":\"https:\/\/radiolifefm.com.br\/noticias\/alunos-de-publicidade-da-fai-marcam-presenca-no-festup-lins\/\",\"name\":\"Alunos de Publicidade da FAI marcam presen\u00e7a no FestUp Lins - R\u00e1dio Life FM\",\"isPartOf\":{\"@id\":\"https:\/\/radiolifefm.com.br\/noticias\/#website\"},\"primaryImageOfPage\":{\"@id\":\"https:\/\/radiolifefm.com.br\/noticias\/alunos-de-publicidade-da-fai-marcam-presenca-no-festup-lins\/#primaryimage\"},\"image\":{\"@id\":\"https:\/\/radiolifefm.com.br\/noticias\/alunos-de-publicidade-da-fai-marcam-presenca-no-festup-lins\/#primaryimage\"},\"thumbnailUrl\":\"https:\/\/radiolifefm.com.br\/noticias\/wp-content\/uploads\/2026\/04\/Festup3-scaled.jpeg\",\"datePublished\":\"2026-04-23T02:32:52+00:00\",\"dateModified\":\"2026-04-23T16:24:26+00:00\",\"breadcrumb\":{\"@id\":\"https:\/\/radiolifefm.com.br\/noticias\/alunos-de-publicidade-da-fai-marcam-presenca-no-festup-lins\/#breadcrumb\"},\"inLanguage\":\"pt-BR\",\"potentialAction\":[{\"@type\":\"ReadAction\",\"target\":[\"https:\/\/radiolifefm.com.br\/noticias\/alunos-de-publicidade-da-fai-marcam-presenca-no-festup-lins\/\"]}]},{\"@type\":\"ImageObject\",\"inLanguage\":\"pt-BR\",\"@id\":\"https:\/\/radiolifefm.com.br\/noticias\/alunos-de-publicidade-da-fai-marcam-presenca-no-festup-lins\/#primaryimage\",\"url\":\"https:\/\/radiolifefm.com.br\/noticias\/wp-content\/uploads\/2026\/04\/Festup3-scaled.jpeg\",\"contentUrl\":\"https:\/\/radiolifefm.com.br\/noticias\/wp-content\/uploads\/2026\/04\/Festup3-scaled.jpeg\",\"width\":2560,\"height\":1440,\"caption\":\"Evento aconteceu no \u00faltimo dia 11 e iniciou o circuito de eventos da APP\"},{\"@type\":\"BreadcrumbList\",\"@id\":\"https:\/\/radiolifefm.com.br\/noticias\/alunos-de-publicidade-da-fai-marcam-presenca-no-festup-lins\/#breadcrumb\",\"itemListElement\":[{\"@type\":\"ListItem\",\"position\":1,\"name\":\"In\u00edcio\",\"item\":\"https:\/\/radiolifefm.com.br\/noticias\/\"},{\"@type\":\"ListItem\",\"position\":2,\"name\":\"Alunos de Publicidade da FAI marcam presen\u00e7a no FestUp Lins\"}]},{\"@type\":\"WebSite\",\"@id\":\"https:\/\/radiolifefm.com.br\/noticias\/#website\",\"url\":\"https:\/\/radiolifefm.com.br\/noticias\/\",\"name\":\"R\u00e1dio Life FM\",\"description\":\"O Portal de Not\u00edcias de Adamantina\",\"publisher\":{\"@id\":\"https:\/\/radiolifefm.com.br\/noticias\/#organization\"},\"alternateName\":\"Life FM\",\"potentialAction\":[{\"@type\":\"SearchAction\",\"target\":{\"@type\":\"EntryPoint\",\"urlTemplate\":\"https:\/\/radiolifefm.com.br\/noticias\/?s={search_term_string}\"},\"query-input\":{\"@type\":\"PropertyValueSpecification\",\"valueRequired\":true,\"valueName\":\"search_term_string\"}}],\"inLanguage\":\"pt-BR\"},{\"@type\":\"Organization\",\"@id\":\"https:\/\/radiolifefm.com.br\/noticias\/#organization\",\"name\":\"R\u00e1dio Life FM\",\"alternateName\":\"Life FM\",\"url\":\"https:\/\/radiolifefm.com.br\/noticias\/\",\"logo\":{\"@type\":\"ImageObject\",\"inLanguage\":\"pt-BR\",\"@id\":\"https:\/\/radiolifefm.com.br\/noticias\/#\/schema\/logo\/image\/\",\"url\":\"https:\/\/static.radiolifefm.com.br\/noticias\/wp-content\/uploads\/2019\/10\/logo-lifefm.png\",\"contentUrl\":\"https:\/\/static.radiolifefm.com.br\/noticias\/wp-content\/uploads\/2019\/10\/logo-lifefm.png\",\"width\":196,\"height\":47,\"caption\":\"R\u00e1dio Life FM\"},\"image\":{\"@id\":\"https:\/\/radiolifefm.com.br\/noticias\/#\/schema\/logo\/image\/\"},\"sameAs\":[\"https:\/\/www.facebook.com\/radiolifefm\/\",\"https:\/\/www.instagram.com\/life1079fm\/\"]},{\"@type\":\"Person\",\"@id\":\"https:\/\/radiolifefm.com.br\/noticias\/#\/schema\/person\/6339b9fac59d12b071dec680d7375d87\",\"name\":\"ritanery\",\"image\":{\"@type\":\"ImageObject\",\"inLanguage\":\"pt-BR\",\"@id\":\"https:\/\/secure.gravatar.com\/avatar\/0e37bb19071f47c0b8a23f62a903df117c5a0e75f65a0c2901562f97cd41cf86?s=96&d=mm&r=g\",\"url\":\"https:\/\/secure.gravatar.com\/avatar\/0e37bb19071f47c0b8a23f62a903df117c5a0e75f65a0c2901562f97cd41cf86?s=96&d=mm&r=g\",\"contentUrl\":\"https:\/\/secure.gravatar.com\/avatar\/0e37bb19071f47c0b8a23f62a903df117c5a0e75f65a0c2901562f97cd41cf86?s=96&d=mm&r=g\",\"caption\":\"ritanery\"}}]}<\/script>\n<!-- \/ Yoast SEO plugin. -->","yoast_head_json":{"title":"Alunos de Publicidade da FAI marcam presen\u00e7a no FestUp Lins - R\u00e1dio Life FM","robots":{"index":"index","follow":"follow","max-snippet":"max-snippet:-1","max-image-preview":"max-image-preview:large","max-video-preview":"max-video-preview:-1"},"canonical":"https:\/\/radiolifefm.com.br\/noticias\/alunos-de-publicidade-da-fai-marcam-presenca-no-festup-lins\/","og_locale":"pt_BR","og_type":"article","og_title":"Alunos de Publicidade da FAI marcam presen\u00e7a no FestUp Lins - R\u00e1dio Life FM","og_description":"Alunos de Publicidade e Propaganda do Centro Universit\u00e1rio de Adamantina (FAI) participaram da edi\u00e7\u00e3o regional do Fest\u2019Up, um dos mais tradicionais festivais de propaganda do pa\u00eds. O evento, promovido pela APP (Associa\u00e7\u00e3o dos Profissionais de Propaganda), aconteceu dia 11 de abril, na faculdade UniSalesiano em Lins, e marca uma nova fase de descentraliza\u00e7\u00e3o do conhecimento [&hellip;]","og_url":"https:\/\/radiolifefm.com.br\/noticias\/alunos-de-publicidade-da-fai-marcam-presenca-no-festup-lins\/","og_site_name":"R\u00e1dio Life FM","article_publisher":"https:\/\/www.facebook.com\/radiolifefm\/","article_published_time":"2026-04-23T02:32:52+00:00","article_modified_time":"2026-04-23T16:24:26+00:00","og_image":[{"width":2560,"height":1440,"url":"https:\/\/radiolifefm.com.br\/noticias\/wp-content\/uploads\/2026\/04\/Festup3-scaled.jpeg","type":"image\/jpeg"}],"author":"ritanery","twitter_card":"summary_large_image","twitter_misc":{"Escrito por":"ritanery","Est. tempo de leitura":"2 minutos"},"schema":{"@context":"https:\/\/schema.org","@graph":[{"@type":"Article","@id":"https:\/\/radiolifefm.com.br\/noticias\/alunos-de-publicidade-da-fai-marcam-presenca-no-festup-lins\/#article","isPartOf":{"@id":"https:\/\/radiolifefm.com.br\/noticias\/alunos-de-publicidade-da-fai-marcam-presenca-no-festup-lins\/"},"author":{"name":"ritanery","@id":"https:\/\/radiolifefm.com.br\/noticias\/#\/schema\/person\/6339b9fac59d12b071dec680d7375d87"},"headline":"Alunos de Publicidade da FAI marcam presen\u00e7a no FestUp Lins","datePublished":"2026-04-23T02:32:52+00:00","dateModified":"2026-04-23T16:24:26+00:00","mainEntityOfPage":{"@id":"https:\/\/radiolifefm.com.br\/noticias\/alunos-de-publicidade-da-fai-marcam-presenca-no-festup-lins\/"},"wordCount":334,"publisher":{"@id":"https:\/\/radiolifefm.com.br\/noticias\/#organization"},"image":{"@id":"https:\/\/radiolifefm.com.br\/noticias\/alunos-de-publicidade-da-fai-marcam-presenca-no-festup-lins\/#primaryimage"},"thumbnailUrl":"https:\/\/radiolifefm.com.br\/noticias\/wp-content\/uploads\/2026\/04\/Festup3-scaled.jpeg","articleSection":["Adamantina"],"inLanguage":"pt-BR"},{"@type":"WebPage","@id":"https:\/\/radiolifefm.com.br\/noticias\/alunos-de-publicidade-da-fai-marcam-presenca-no-festup-lins\/","url":"https:\/\/radiolifefm.com.br\/noticias\/alunos-de-publicidade-da-fai-marcam-presenca-no-festup-lins\/","name":"Alunos de Publicidade da FAI marcam presen\u00e7a no FestUp Lins - R\u00e1dio Life FM","isPartOf":{"@id":"https:\/\/radiolifefm.com.br\/noticias\/#website"},"primaryImageOfPage":{"@id":"https:\/\/radiolifefm.com.br\/noticias\/alunos-de-publicidade-da-fai-marcam-presenca-no-festup-lins\/#primaryimage"},"image":{"@id":"https:\/\/radiolifefm.com.br\/noticias\/alunos-de-publicidade-da-fai-marcam-presenca-no-festup-lins\/#primaryimage"},"thumbnailUrl":"https:\/\/radiolifefm.com.br\/noticias\/wp-content\/uploads\/2026\/04\/Festup3-scaled.jpeg","datePublished":"2026-04-23T02:32:52+00:00","dateModified":"2026-04-23T16:24:26+00:00","breadcrumb":{"@id":"https:\/\/radiolifefm.com.br\/noticias\/alunos-de-publicidade-da-fai-marcam-presenca-no-festup-lins\/#breadcrumb"},"inLanguage":"pt-BR","potentialAction":[{"@type":"ReadAction","target":["https:\/\/radiolifefm.com.br\/noticias\/alunos-de-publicidade-da-fai-marcam-presenca-no-festup-lins\/"]}]},{"@type":"ImageObject","inLanguage":"pt-BR","@id":"https:\/\/radiolifefm.com.br\/noticias\/alunos-de-publicidade-da-fai-marcam-presenca-no-festup-lins\/#primaryimage","url":"https:\/\/radiolifefm.com.br\/noticias\/wp-content\/uploads\/2026\/04\/Festup3-scaled.jpeg","contentUrl":"https:\/\/radiolifefm.com.br\/noticias\/wp-content\/uploads\/2026\/04\/Festup3-scaled.jpeg","width":2560,"height":1440,"caption":"Evento aconteceu no \u00faltimo dia 11 e iniciou o circuito de eventos da APP"},{"@type":"BreadcrumbList","@id":"https:\/\/radiolifefm.com.br\/noticias\/alunos-de-publicidade-da-fai-marcam-presenca-no-festup-lins\/#breadcrumb","itemListElement":[{"@type":"ListItem","position":1,"name":"In\u00edcio","item":"https:\/\/radiolifefm.com.br\/noticias\/"},{"@type":"ListItem","position":2,"name":"Alunos de Publicidade da FAI marcam presen\u00e7a no FestUp Lins"}]},{"@type":"WebSite","@id":"https:\/\/radiolifefm.com.br\/noticias\/#website","url":"https:\/\/radiolifefm.com.br\/noticias\/","name":"R\u00e1dio Life FM","description":"O Portal de Not\u00edcias de Adamantina","publisher":{"@id":"https:\/\/radiolifefm.com.br\/noticias\/#organization"},"alternateName":"Life FM","potentialAction":[{"@type":"SearchAction","target":{"@type":"EntryPoint","urlTemplate":"https:\/\/radiolifefm.com.br\/noticias\/?s={search_term_string}"},"query-input":{"@type":"PropertyValueSpecification","valueRequired":true,"valueName":"search_term_string"}}],"inLanguage":"pt-BR"},{"@type":"Organization","@id":"https:\/\/radiolifefm.com.br\/noticias\/#organization","name":"R\u00e1dio Life FM","alternateName":"Life FM","url":"https:\/\/radiolifefm.com.br\/noticias\/","logo":{"@type":"ImageObject","inLanguage":"pt-BR","@id":"https:\/\/radiolifefm.com.br\/noticias\/#\/schema\/logo\/image\/","url":"https:\/\/static.radiolifefm.com.br\/noticias\/wp-content\/uploads\/2019\/10\/logo-lifefm.png","contentUrl":"https:\/\/static.radiolifefm.com.br\/noticias\/wp-content\/uploads\/2019\/10\/logo-lifefm.png","width":196,"height":47,"caption":"R\u00e1dio Life FM"},"image":{"@id":"https:\/\/radiolifefm.com.br\/noticias\/#\/schema\/logo\/image\/"},"sameAs":["https:\/\/www.facebook.com\/radiolifefm\/","https:\/\/www.instagram.com\/life1079fm\/"]},{"@type":"Person","@id":"https:\/\/radiolifefm.com.br\/noticias\/#\/schema\/person\/6339b9fac59d12b071dec680d7375d87","name":"ritanery","image":{"@type":"ImageObject","inLanguage":"pt-BR","@id":"https:\/\/secure.gravatar.com\/avatar\/0e37bb19071f47c0b8a23f62a903df117c5a0e75f65a0c2901562f97cd41cf86?s=96&d=mm&r=g","url":"https:\/\/secure.gravatar.com\/avatar\/0e37bb19071f47c0b8a23f62a903df117c5a0e75f65a0c2901562f97cd41cf86?s=96&d=mm&r=g","contentUrl":"https:\/\/secure.gravatar.com\/avatar\/0e37bb19071f47c0b8a23f62a903df117c5a0e75f65a0c2901562f97cd41cf86?s=96&d=mm&r=g","caption":"ritanery"}}]}},"amp_enabled":true,"_links":{"self":[{"href":"https:\/\/radiolifefm.com.br\/noticias\/wp-json\/wp\/v2\/posts\/119266","targetHints":{"allow":["GET"]}}],"collection":[{"href":"https:\/\/radiolifefm.com.br\/noticias\/wp-json\/wp\/v2\/posts"}],"about":[{"href":"https:\/\/radiolifefm.com.br\/noticias\/wp-json\/wp\/v2\/types\/post"}],"author":[{"embeddable":true,"href":"https:\/\/radiolifefm.com.br\/noticias\/wp-json\/wp\/v2\/users\/13"}],"replies":[{"embeddable":true,"href":"https:\/\/radiolifefm.com.br\/noticias\/wp-json\/wp\/v2\/comments?post=119266"}],"version-history":[{"count":1,"href":"https:\/\/radiolifefm.com.br\/noticias\/wp-json\/wp\/v2\/posts\/119266\/revisions"}],"predecessor-version":[{"id":119268,"href":"https:\/\/radiolifefm.com.br\/noticias\/wp-json\/wp\/v2\/posts\/119266\/revisions\/119268"}],"wp:featuredmedia":[{"embeddable":true,"href":"https:\/\/radiolifefm.com.br\/noticias\/wp-json\/wp\/v2\/media\/119267"}],"wp:attachment":[{"href":"https:\/\/radiolifefm.com.br\/noticias\/wp-json\/wp\/v2\/media?parent=119266"}],"wp:term":[{"taxonomy":"category","embeddable":true,"href":"https:\/\/radiolifefm.com.br\/noticias\/wp-json\/wp\/v2\/categories?post=119266"},{"taxonomy":"post_tag","embeddable":true,"href":"https:\/\/radiolifefm.com.br\/noticias\/wp-json\/wp\/v2\/tags?post=119266"}],"curies":[{"name":"wp","href":"https:\/\/api.w.org\/{rel}","templated":true}]}}