{"id":119258,"date":"2026-04-22T23:27:41","date_gmt":"2026-04-23T02:27:41","guid":{"rendered":"https:\/\/radiolifefm.com.br\/noticias\/?p=119258"},"modified":"2026-04-24T13:34:38","modified_gmt":"2026-04-24T16:34:38","slug":"prefeito-tiveron-e-vice-prefeita-lucia-haga-reunem-secretariado-para-alinhar-acoes-da-administracao-municipal","status":"publish","type":"post","link":"https:\/\/radiolifefm.com.br\/noticias\/prefeito-tiveron-e-vice-prefeita-lucia-haga-reunem-secretariado-para-alinhar-acoes-da-administracao-municipal\/","title":{"rendered":"Prefeito Tiveron e vice-prefeita L\u00facia Haga re\u00fanem secretariado para alinhar a\u00e7\u00f5es da administra\u00e7\u00e3o municipal"},"content":{"rendered":"<div id=\"fb-root\"><\/div>\n<div>O prefeito de Adamantina, Jos\u00e9 Carlos Martins Tiveron, e a vice-prefeita L\u00facia Haga realizaram mais uma reuni\u00e3o peri\u00f3dica com os secret\u00e1rios municipais com o objetivo de alinhar as a\u00e7\u00f5es da administra\u00e7\u00e3o e fortalecer a integra\u00e7\u00e3o entre as diferentes \u00e1reas da Prefeitura.<\/p>\n<p>Os encontros, realizados regularmente, fazem parte da estrat\u00e9gia de gest\u00e3o adotada pela administra\u00e7\u00e3o municipal para aprimorar o acompanhamento das pol\u00edticas p\u00fablicas, promover maior articula\u00e7\u00e3o entre as secretarias e garantir mais efici\u00eancia na execu\u00e7\u00e3o dos servi\u00e7os prestados \u00e0 popula\u00e7\u00e3o.<\/p>\n<p>Durante a reuni\u00e3o, foram apresentadas e discutidas as principais a\u00e7\u00f5es em andamento em cada pasta, al\u00e9m do planejamento de novas iniciativas voltadas ao desenvolvimento do munic\u00edpio e \u00e0 melhoria da qualidade de vida dos moradores.<\/p>\n<p>A realiza\u00e7\u00e3o desses encontros refor\u00e7a o compromisso da gest\u00e3o com uma administra\u00e7\u00e3o organizada, integrada e orientada por planejamento e resultados, fortalecendo o di\u00e1logo interno e contribuindo para a constru\u00e7\u00e3o de solu\u00e7\u00f5es que atendam \u00e0s necessidades da popula\u00e7\u00e3o de Adamantina.<\/p><\/div>\n<div><\/div>\n<p><span style=\"color: #888888\"><span class=\"gmail_signature_prefix\">&#8212;<\/span><br \/>\n<\/span><\/p>\n<div class=\"gmail_signature\" dir=\"ltr\" data-smartmail=\"gmail_signature\">\n<div dir=\"ltr\">\n<div dir=\"ltr\">\n<div dir=\"ltr\">\n<div dir=\"ltr\">\n<div dir=\"ltr\">\n<div dir=\"ltr\">\n<div dir=\"ltr\">\n<div>\n<div><\/div>\n<div><span style=\"font-family: tahoma, sans-serif;font-size: xx-small\">PREFEITURA DO MUNIC\u00cdPIO DE ADAMANTINA<br \/>\n<\/span><\/div>\n<\/div>\n<div>\n<div><span style=\"font-family: tahoma, sans-serif;font-size: xx-small\">Diretor de Comunica\u00e7\u00e3o<\/span><\/div>\n<div>Caio Vasques<\/div>\n<div><\/div>\n<div>Jornalista<\/div>\n<div><span style=\"font-family: tahoma, sans-serif;font-size: xx-small\">Natacha Dominato\u00a0\u00a0<\/span><\/div>\n<\/div>\n<\/div>\n<\/div>\n<\/div>\n<\/div>\n<\/div>\n<\/div>\n<\/div>\n<\/div>\n","protected":false},"excerpt":{"rendered":"<p>O prefeito de Adamantina, Jos\u00e9 Carlos Martins Tiveron, e a vice-prefeita L\u00facia Haga realizaram mais uma reuni\u00e3o peri\u00f3dica com os secret\u00e1rios municipais com o objetivo de alinhar as a\u00e7\u00f5es da administra\u00e7\u00e3o e fortalecer a integra\u00e7\u00e3o entre as diferentes \u00e1reas da Prefeitura. Os encontros, realizados regularmente, fazem parte da estrat\u00e9gia de gest\u00e3o adotada pela administra\u00e7\u00e3o municipal [&hellip;]<\/p>\n","protected":false},"author":13,"featured_media":119259,"comment_status":"closed","ping_status":"open","sticky":false,"template":"","format":"standard","meta":{"_acf_changed":false,"_exactmetrics_skip_tracking":false,"_exactmetrics_sitenote_active":false,"_exactmetrics_sitenote_note":"","_exactmetrics_sitenote_category":0,"footnotes":""},"categories":[21],"tags":[],"class_list":["post-119258","post","type-post","status-publish","format-standard","has-post-thumbnail","hentry","category-adamantina"],"acf":[],"yoast_head":"<!-- This site is optimized with the Yoast SEO plugin v27.2 - https:\/\/yoast.com\/product\/yoast-seo-wordpress\/ -->\n<title>Prefeito Tiveron e vice-prefeita L\u00facia Haga re\u00fanem secretariado para alinhar a\u00e7\u00f5es da administra\u00e7\u00e3o municipal - R\u00e1dio Life FM<\/title>\n<meta name=\"robots\" content=\"index, follow, max-snippet:-1, max-image-preview:large, max-video-preview:-1\" \/>\n<link rel=\"canonical\" href=\"https:\/\/radiolifefm.com.br\/noticias\/prefeito-tiveron-e-vice-prefeita-lucia-haga-reunem-secretariado-para-alinhar-acoes-da-administracao-municipal\/\" \/>\n<meta property=\"og:locale\" content=\"pt_BR\" \/>\n<meta property=\"og:type\" content=\"article\" \/>\n<meta property=\"og:title\" content=\"Prefeito Tiveron e vice-prefeita L\u00facia Haga re\u00fanem secretariado para alinhar a\u00e7\u00f5es da administra\u00e7\u00e3o municipal - R\u00e1dio Life FM\" \/>\n<meta property=\"og:description\" content=\"O prefeito de Adamantina, Jos\u00e9 Carlos Martins Tiveron, e a vice-prefeita L\u00facia Haga realizaram mais uma reuni\u00e3o peri\u00f3dica com os secret\u00e1rios municipais com o objetivo de alinhar as a\u00e7\u00f5es da administra\u00e7\u00e3o e fortalecer a integra\u00e7\u00e3o entre as diferentes \u00e1reas da Prefeitura. Os encontros, realizados regularmente, fazem parte da estrat\u00e9gia de gest\u00e3o adotada pela administra\u00e7\u00e3o municipal [&hellip;]\" \/>\n<meta property=\"og:url\" content=\"https:\/\/radiolifefm.com.br\/noticias\/prefeito-tiveron-e-vice-prefeita-lucia-haga-reunem-secretariado-para-alinhar-acoes-da-administracao-municipal\/\" \/>\n<meta property=\"og:site_name\" content=\"R\u00e1dio Life FM\" \/>\n<meta property=\"article:publisher\" content=\"https:\/\/www.facebook.com\/radiolifefm\/\" \/>\n<meta property=\"article:published_time\" content=\"2026-04-23T02:27:41+00:00\" \/>\n<meta property=\"article:modified_time\" content=\"2026-04-24T16:34:38+00:00\" \/>\n<meta property=\"og:image\" content=\"https:\/\/radiolifefm.com.br\/noticias\/wp-content\/uploads\/2026\/04\/WhatsApp-Image-2026-04-22-at-12.52.30-1.jpeg\" \/>\n\t<meta property=\"og:image:width\" content=\"1524\" \/>\n\t<meta property=\"og:image:height\" content=\"1074\" \/>\n\t<meta property=\"og:image:type\" content=\"image\/jpeg\" \/>\n<meta name=\"author\" content=\"ritanery\" \/>\n<meta name=\"twitter:card\" content=\"summary_large_image\" \/>\n<meta name=\"twitter:label1\" content=\"Escrito por\" \/>\n\t<meta name=\"twitter:data1\" content=\"ritanery\" \/>\n\t<meta name=\"twitter:label2\" content=\"Est. tempo de leitura\" \/>\n\t<meta name=\"twitter:data2\" content=\"2 minutos\" \/>\n<script type=\"application\/ld+json\" class=\"yoast-schema-graph\">{\"@context\":\"https:\/\/schema.org\",\"@graph\":[{\"@type\":\"Article\",\"@id\":\"https:\/\/radiolifefm.com.br\/noticias\/prefeito-tiveron-e-vice-prefeita-lucia-haga-reunem-secretariado-para-alinhar-acoes-da-administracao-municipal\/#article\",\"isPartOf\":{\"@id\":\"https:\/\/radiolifefm.com.br\/noticias\/prefeito-tiveron-e-vice-prefeita-lucia-haga-reunem-secretariado-para-alinhar-acoes-da-administracao-municipal\/\"},\"author\":{\"name\":\"ritanery\",\"@id\":\"https:\/\/radiolifefm.com.br\/noticias\/#\/schema\/person\/6339b9fac59d12b071dec680d7375d87\"},\"headline\":\"Prefeito Tiveron e vice-prefeita L\u00facia Haga re\u00fanem secretariado para alinhar a\u00e7\u00f5es da administra\u00e7\u00e3o municipal\",\"datePublished\":\"2026-04-23T02:27:41+00:00\",\"dateModified\":\"2026-04-24T16:34:38+00:00\",\"mainEntityOfPage\":{\"@id\":\"https:\/\/radiolifefm.com.br\/noticias\/prefeito-tiveron-e-vice-prefeita-lucia-haga-reunem-secretariado-para-alinhar-acoes-da-administracao-municipal\/\"},\"wordCount\":214,\"publisher\":{\"@id\":\"https:\/\/radiolifefm.com.br\/noticias\/#organization\"},\"image\":{\"@id\":\"https:\/\/radiolifefm.com.br\/noticias\/prefeito-tiveron-e-vice-prefeita-lucia-haga-reunem-secretariado-para-alinhar-acoes-da-administracao-municipal\/#primaryimage\"},\"thumbnailUrl\":\"https:\/\/radiolifefm.com.br\/noticias\/wp-content\/uploads\/2026\/04\/WhatsApp-Image-2026-04-22-at-12.52.30-1.jpeg\",\"articleSection\":[\"Adamantina\"],\"inLanguage\":\"pt-BR\"},{\"@type\":\"WebPage\",\"@id\":\"https:\/\/radiolifefm.com.br\/noticias\/prefeito-tiveron-e-vice-prefeita-lucia-haga-reunem-secretariado-para-alinhar-acoes-da-administracao-municipal\/\",\"url\":\"https:\/\/radiolifefm.com.br\/noticias\/prefeito-tiveron-e-vice-prefeita-lucia-haga-reunem-secretariado-para-alinhar-acoes-da-administracao-municipal\/\",\"name\":\"Prefeito Tiveron e vice-prefeita L\u00facia Haga re\u00fanem secretariado para alinhar a\u00e7\u00f5es da administra\u00e7\u00e3o municipal - R\u00e1dio Life FM\",\"isPartOf\":{\"@id\":\"https:\/\/radiolifefm.com.br\/noticias\/#website\"},\"primaryImageOfPage\":{\"@id\":\"https:\/\/radiolifefm.com.br\/noticias\/prefeito-tiveron-e-vice-prefeita-lucia-haga-reunem-secretariado-para-alinhar-acoes-da-administracao-municipal\/#primaryimage\"},\"image\":{\"@id\":\"https:\/\/radiolifefm.com.br\/noticias\/prefeito-tiveron-e-vice-prefeita-lucia-haga-reunem-secretariado-para-alinhar-acoes-da-administracao-municipal\/#primaryimage\"},\"thumbnailUrl\":\"https:\/\/radiolifefm.com.br\/noticias\/wp-content\/uploads\/2026\/04\/WhatsApp-Image-2026-04-22-at-12.52.30-1.jpeg\",\"datePublished\":\"2026-04-23T02:27:41+00:00\",\"dateModified\":\"2026-04-24T16:34:38+00:00\",\"breadcrumb\":{\"@id\":\"https:\/\/radiolifefm.com.br\/noticias\/prefeito-tiveron-e-vice-prefeita-lucia-haga-reunem-secretariado-para-alinhar-acoes-da-administracao-municipal\/#breadcrumb\"},\"inLanguage\":\"pt-BR\",\"potentialAction\":[{\"@type\":\"ReadAction\",\"target\":[\"https:\/\/radiolifefm.com.br\/noticias\/prefeito-tiveron-e-vice-prefeita-lucia-haga-reunem-secretariado-para-alinhar-acoes-da-administracao-municipal\/\"]}]},{\"@type\":\"ImageObject\",\"inLanguage\":\"pt-BR\",\"@id\":\"https:\/\/radiolifefm.com.br\/noticias\/prefeito-tiveron-e-vice-prefeita-lucia-haga-reunem-secretariado-para-alinhar-acoes-da-administracao-municipal\/#primaryimage\",\"url\":\"https:\/\/radiolifefm.com.br\/noticias\/wp-content\/uploads\/2026\/04\/WhatsApp-Image-2026-04-22-at-12.52.30-1.jpeg\",\"contentUrl\":\"https:\/\/radiolifefm.com.br\/noticias\/wp-content\/uploads\/2026\/04\/WhatsApp-Image-2026-04-22-at-12.52.30-1.jpeg\",\"width\":1524,\"height\":1074},{\"@type\":\"BreadcrumbList\",\"@id\":\"https:\/\/radiolifefm.com.br\/noticias\/prefeito-tiveron-e-vice-prefeita-lucia-haga-reunem-secretariado-para-alinhar-acoes-da-administracao-municipal\/#breadcrumb\",\"itemListElement\":[{\"@type\":\"ListItem\",\"position\":1,\"name\":\"In\u00edcio\",\"item\":\"https:\/\/radiolifefm.com.br\/noticias\/\"},{\"@type\":\"ListItem\",\"position\":2,\"name\":\"Prefeito Tiveron e vice-prefeita L\u00facia Haga re\u00fanem secretariado para alinhar a\u00e7\u00f5es da administra\u00e7\u00e3o municipal\"}]},{\"@type\":\"WebSite\",\"@id\":\"https:\/\/radiolifefm.com.br\/noticias\/#website\",\"url\":\"https:\/\/radiolifefm.com.br\/noticias\/\",\"name\":\"R\u00e1dio Life FM\",\"description\":\"O Portal de Not\u00edcias de Adamantina\",\"publisher\":{\"@id\":\"https:\/\/radiolifefm.com.br\/noticias\/#organization\"},\"alternateName\":\"Life FM\",\"potentialAction\":[{\"@type\":\"SearchAction\",\"target\":{\"@type\":\"EntryPoint\",\"urlTemplate\":\"https:\/\/radiolifefm.com.br\/noticias\/?s={search_term_string}\"},\"query-input\":{\"@type\":\"PropertyValueSpecification\",\"valueRequired\":true,\"valueName\":\"search_term_string\"}}],\"inLanguage\":\"pt-BR\"},{\"@type\":\"Organization\",\"@id\":\"https:\/\/radiolifefm.com.br\/noticias\/#organization\",\"name\":\"R\u00e1dio Life FM\",\"alternateName\":\"Life FM\",\"url\":\"https:\/\/radiolifefm.com.br\/noticias\/\",\"logo\":{\"@type\":\"ImageObject\",\"inLanguage\":\"pt-BR\",\"@id\":\"https:\/\/radiolifefm.com.br\/noticias\/#\/schema\/logo\/image\/\",\"url\":\"https:\/\/static.radiolifefm.com.br\/noticias\/wp-content\/uploads\/2019\/10\/logo-lifefm.png\",\"contentUrl\":\"https:\/\/static.radiolifefm.com.br\/noticias\/wp-content\/uploads\/2019\/10\/logo-lifefm.png\",\"width\":196,\"height\":47,\"caption\":\"R\u00e1dio Life FM\"},\"image\":{\"@id\":\"https:\/\/radiolifefm.com.br\/noticias\/#\/schema\/logo\/image\/\"},\"sameAs\":[\"https:\/\/www.facebook.com\/radiolifefm\/\",\"https:\/\/www.instagram.com\/life1079fm\/\"]},{\"@type\":\"Person\",\"@id\":\"https:\/\/radiolifefm.com.br\/noticias\/#\/schema\/person\/6339b9fac59d12b071dec680d7375d87\",\"name\":\"ritanery\",\"image\":{\"@type\":\"ImageObject\",\"inLanguage\":\"pt-BR\",\"@id\":\"https:\/\/secure.gravatar.com\/avatar\/0e37bb19071f47c0b8a23f62a903df117c5a0e75f65a0c2901562f97cd41cf86?s=96&d=mm&r=g\",\"url\":\"https:\/\/secure.gravatar.com\/avatar\/0e37bb19071f47c0b8a23f62a903df117c5a0e75f65a0c2901562f97cd41cf86?s=96&d=mm&r=g\",\"contentUrl\":\"https:\/\/secure.gravatar.com\/avatar\/0e37bb19071f47c0b8a23f62a903df117c5a0e75f65a0c2901562f97cd41cf86?s=96&d=mm&r=g\",\"caption\":\"ritanery\"}}]}<\/script>\n<!-- \/ Yoast SEO plugin. -->","yoast_head_json":{"title":"Prefeito Tiveron e vice-prefeita L\u00facia Haga re\u00fanem secretariado para alinhar a\u00e7\u00f5es da administra\u00e7\u00e3o municipal - R\u00e1dio Life FM","robots":{"index":"index","follow":"follow","max-snippet":"max-snippet:-1","max-image-preview":"max-image-preview:large","max-video-preview":"max-video-preview:-1"},"canonical":"https:\/\/radiolifefm.com.br\/noticias\/prefeito-tiveron-e-vice-prefeita-lucia-haga-reunem-secretariado-para-alinhar-acoes-da-administracao-municipal\/","og_locale":"pt_BR","og_type":"article","og_title":"Prefeito Tiveron e vice-prefeita L\u00facia Haga re\u00fanem secretariado para alinhar a\u00e7\u00f5es da administra\u00e7\u00e3o municipal - R\u00e1dio Life FM","og_description":"O prefeito de Adamantina, Jos\u00e9 Carlos Martins Tiveron, e a vice-prefeita L\u00facia Haga realizaram mais uma reuni\u00e3o peri\u00f3dica com os secret\u00e1rios municipais com o objetivo de alinhar as a\u00e7\u00f5es da administra\u00e7\u00e3o e fortalecer a integra\u00e7\u00e3o entre as diferentes \u00e1reas da Prefeitura. Os encontros, realizados regularmente, fazem parte da estrat\u00e9gia de gest\u00e3o adotada pela administra\u00e7\u00e3o municipal [&hellip;]","og_url":"https:\/\/radiolifefm.com.br\/noticias\/prefeito-tiveron-e-vice-prefeita-lucia-haga-reunem-secretariado-para-alinhar-acoes-da-administracao-municipal\/","og_site_name":"R\u00e1dio Life FM","article_publisher":"https:\/\/www.facebook.com\/radiolifefm\/","article_published_time":"2026-04-23T02:27:41+00:00","article_modified_time":"2026-04-24T16:34:38+00:00","og_image":[{"width":1524,"height":1074,"url":"https:\/\/radiolifefm.com.br\/noticias\/wp-content\/uploads\/2026\/04\/WhatsApp-Image-2026-04-22-at-12.52.30-1.jpeg","type":"image\/jpeg"}],"author":"ritanery","twitter_card":"summary_large_image","twitter_misc":{"Escrito por":"ritanery","Est. tempo de leitura":"2 minutos"},"schema":{"@context":"https:\/\/schema.org","@graph":[{"@type":"Article","@id":"https:\/\/radiolifefm.com.br\/noticias\/prefeito-tiveron-e-vice-prefeita-lucia-haga-reunem-secretariado-para-alinhar-acoes-da-administracao-municipal\/#article","isPartOf":{"@id":"https:\/\/radiolifefm.com.br\/noticias\/prefeito-tiveron-e-vice-prefeita-lucia-haga-reunem-secretariado-para-alinhar-acoes-da-administracao-municipal\/"},"author":{"name":"ritanery","@id":"https:\/\/radiolifefm.com.br\/noticias\/#\/schema\/person\/6339b9fac59d12b071dec680d7375d87"},"headline":"Prefeito Tiveron e vice-prefeita L\u00facia Haga re\u00fanem secretariado para alinhar a\u00e7\u00f5es da administra\u00e7\u00e3o municipal","datePublished":"2026-04-23T02:27:41+00:00","dateModified":"2026-04-24T16:34:38+00:00","mainEntityOfPage":{"@id":"https:\/\/radiolifefm.com.br\/noticias\/prefeito-tiveron-e-vice-prefeita-lucia-haga-reunem-secretariado-para-alinhar-acoes-da-administracao-municipal\/"},"wordCount":214,"publisher":{"@id":"https:\/\/radiolifefm.com.br\/noticias\/#organization"},"image":{"@id":"https:\/\/radiolifefm.com.br\/noticias\/prefeito-tiveron-e-vice-prefeita-lucia-haga-reunem-secretariado-para-alinhar-acoes-da-administracao-municipal\/#primaryimage"},"thumbnailUrl":"https:\/\/radiolifefm.com.br\/noticias\/wp-content\/uploads\/2026\/04\/WhatsApp-Image-2026-04-22-at-12.52.30-1.jpeg","articleSection":["Adamantina"],"inLanguage":"pt-BR"},{"@type":"WebPage","@id":"https:\/\/radiolifefm.com.br\/noticias\/prefeito-tiveron-e-vice-prefeita-lucia-haga-reunem-secretariado-para-alinhar-acoes-da-administracao-municipal\/","url":"https:\/\/radiolifefm.com.br\/noticias\/prefeito-tiveron-e-vice-prefeita-lucia-haga-reunem-secretariado-para-alinhar-acoes-da-administracao-municipal\/","name":"Prefeito Tiveron e vice-prefeita L\u00facia Haga re\u00fanem secretariado para alinhar a\u00e7\u00f5es da administra\u00e7\u00e3o municipal - R\u00e1dio Life FM","isPartOf":{"@id":"https:\/\/radiolifefm.com.br\/noticias\/#website"},"primaryImageOfPage":{"@id":"https:\/\/radiolifefm.com.br\/noticias\/prefeito-tiveron-e-vice-prefeita-lucia-haga-reunem-secretariado-para-alinhar-acoes-da-administracao-municipal\/#primaryimage"},"image":{"@id":"https:\/\/radiolifefm.com.br\/noticias\/prefeito-tiveron-e-vice-prefeita-lucia-haga-reunem-secretariado-para-alinhar-acoes-da-administracao-municipal\/#primaryimage"},"thumbnailUrl":"https:\/\/radiolifefm.com.br\/noticias\/wp-content\/uploads\/2026\/04\/WhatsApp-Image-2026-04-22-at-12.52.30-1.jpeg","datePublished":"2026-04-23T02:27:41+00:00","dateModified":"2026-04-24T16:34:38+00:00","breadcrumb":{"@id":"https:\/\/radiolifefm.com.br\/noticias\/prefeito-tiveron-e-vice-prefeita-lucia-haga-reunem-secretariado-para-alinhar-acoes-da-administracao-municipal\/#breadcrumb"},"inLanguage":"pt-BR","potentialAction":[{"@type":"ReadAction","target":["https:\/\/radiolifefm.com.br\/noticias\/prefeito-tiveron-e-vice-prefeita-lucia-haga-reunem-secretariado-para-alinhar-acoes-da-administracao-municipal\/"]}]},{"@type":"ImageObject","inLanguage":"pt-BR","@id":"https:\/\/radiolifefm.com.br\/noticias\/prefeito-tiveron-e-vice-prefeita-lucia-haga-reunem-secretariado-para-alinhar-acoes-da-administracao-municipal\/#primaryimage","url":"https:\/\/radiolifefm.com.br\/noticias\/wp-content\/uploads\/2026\/04\/WhatsApp-Image-2026-04-22-at-12.52.30-1.jpeg","contentUrl":"https:\/\/radiolifefm.com.br\/noticias\/wp-content\/uploads\/2026\/04\/WhatsApp-Image-2026-04-22-at-12.52.30-1.jpeg","width":1524,"height":1074},{"@type":"BreadcrumbList","@id":"https:\/\/radiolifefm.com.br\/noticias\/prefeito-tiveron-e-vice-prefeita-lucia-haga-reunem-secretariado-para-alinhar-acoes-da-administracao-municipal\/#breadcrumb","itemListElement":[{"@type":"ListItem","position":1,"name":"In\u00edcio","item":"https:\/\/radiolifefm.com.br\/noticias\/"},{"@type":"ListItem","position":2,"name":"Prefeito Tiveron e vice-prefeita L\u00facia Haga re\u00fanem secretariado para alinhar a\u00e7\u00f5es da administra\u00e7\u00e3o municipal"}]},{"@type":"WebSite","@id":"https:\/\/radiolifefm.com.br\/noticias\/#website","url":"https:\/\/radiolifefm.com.br\/noticias\/","name":"R\u00e1dio Life FM","description":"O Portal de Not\u00edcias de Adamantina","publisher":{"@id":"https:\/\/radiolifefm.com.br\/noticias\/#organization"},"alternateName":"Life FM","potentialAction":[{"@type":"SearchAction","target":{"@type":"EntryPoint","urlTemplate":"https:\/\/radiolifefm.com.br\/noticias\/?s={search_term_string}"},"query-input":{"@type":"PropertyValueSpecification","valueRequired":true,"valueName":"search_term_string"}}],"inLanguage":"pt-BR"},{"@type":"Organization","@id":"https:\/\/radiolifefm.com.br\/noticias\/#organization","name":"R\u00e1dio Life FM","alternateName":"Life FM","url":"https:\/\/radiolifefm.com.br\/noticias\/","logo":{"@type":"ImageObject","inLanguage":"pt-BR","@id":"https:\/\/radiolifefm.com.br\/noticias\/#\/schema\/logo\/image\/","url":"https:\/\/static.radiolifefm.com.br\/noticias\/wp-content\/uploads\/2019\/10\/logo-lifefm.png","contentUrl":"https:\/\/static.radiolifefm.com.br\/noticias\/wp-content\/uploads\/2019\/10\/logo-lifefm.png","width":196,"height":47,"caption":"R\u00e1dio Life FM"},"image":{"@id":"https:\/\/radiolifefm.com.br\/noticias\/#\/schema\/logo\/image\/"},"sameAs":["https:\/\/www.facebook.com\/radiolifefm\/","https:\/\/www.instagram.com\/life1079fm\/"]},{"@type":"Person","@id":"https:\/\/radiolifefm.com.br\/noticias\/#\/schema\/person\/6339b9fac59d12b071dec680d7375d87","name":"ritanery","image":{"@type":"ImageObject","inLanguage":"pt-BR","@id":"https:\/\/secure.gravatar.com\/avatar\/0e37bb19071f47c0b8a23f62a903df117c5a0e75f65a0c2901562f97cd41cf86?s=96&d=mm&r=g","url":"https:\/\/secure.gravatar.com\/avatar\/0e37bb19071f47c0b8a23f62a903df117c5a0e75f65a0c2901562f97cd41cf86?s=96&d=mm&r=g","contentUrl":"https:\/\/secure.gravatar.com\/avatar\/0e37bb19071f47c0b8a23f62a903df117c5a0e75f65a0c2901562f97cd41cf86?s=96&d=mm&r=g","caption":"ritanery"}}]}},"amp_enabled":true,"_links":{"self":[{"href":"https:\/\/radiolifefm.com.br\/noticias\/wp-json\/wp\/v2\/posts\/119258","targetHints":{"allow":["GET"]}}],"collection":[{"href":"https:\/\/radiolifefm.com.br\/noticias\/wp-json\/wp\/v2\/posts"}],"about":[{"href":"https:\/\/radiolifefm.com.br\/noticias\/wp-json\/wp\/v2\/types\/post"}],"author":[{"embeddable":true,"href":"https:\/\/radiolifefm.com.br\/noticias\/wp-json\/wp\/v2\/users\/13"}],"replies":[{"embeddable":true,"href":"https:\/\/radiolifefm.com.br\/noticias\/wp-json\/wp\/v2\/comments?post=119258"}],"version-history":[{"count":3,"href":"https:\/\/radiolifefm.com.br\/noticias\/wp-json\/wp\/v2\/posts\/119258\/revisions"}],"predecessor-version":[{"id":119262,"href":"https:\/\/radiolifefm.com.br\/noticias\/wp-json\/wp\/v2\/posts\/119258\/revisions\/119262"}],"wp:featuredmedia":[{"embeddable":true,"href":"https:\/\/radiolifefm.com.br\/noticias\/wp-json\/wp\/v2\/media\/119259"}],"wp:attachment":[{"href":"https:\/\/radiolifefm.com.br\/noticias\/wp-json\/wp\/v2\/media?parent=119258"}],"wp:term":[{"taxonomy":"category","embeddable":true,"href":"https:\/\/radiolifefm.com.br\/noticias\/wp-json\/wp\/v2\/categories?post=119258"},{"taxonomy":"post_tag","embeddable":true,"href":"https:\/\/radiolifefm.com.br\/noticias\/wp-json\/wp\/v2\/tags?post=119258"}],"curies":[{"name":"wp","href":"https:\/\/api.w.org\/{rel}","templated":true}]}}