{"id":119255,"date":"2026-04-22T23:24:42","date_gmt":"2026-04-23T02:24:42","guid":{"rendered":"https:\/\/radiolifefm.com.br\/noticias\/?p=119255"},"modified":"2026-04-23T09:46:57","modified_gmt":"2026-04-23T12:46:57","slug":"12a-turma-de-medicina-da-fai-recebe-jalecos-em-noite-de-emocao-e-compromisso-etico","status":"publish","type":"post","link":"https:\/\/radiolifefm.com.br\/noticias\/12a-turma-de-medicina-da-fai-recebe-jalecos-em-noite-de-emocao-e-compromisso-etico\/","title":{"rendered":"12\u00aa Turma de Medicina da FAI recebe jalecos em noite de emo\u00e7\u00e3o e compromisso \u00e9tico"},"content":{"rendered":"<div id=\"fb-root\"><\/div>\n<p>O Centro Universit\u00e1rio de Adamantina (FAI) realizou, na sexta-feira (17), a solenidade de Entrega dos Jalecos da 12\u00aa Turma do curso de Medicina.<\/p>\n<p>O evento, organizado pela Pr\u00f3-Reitoria de Extens\u00e3o em parceria com o Centro Acad\u00eamico Dr. C\u00e9sar Marinho, reuniu autoridades acad\u00eamicas, familiares e novos discentes para simbolizar o compromisso \u00e9tico com a futura pr\u00e1tica profissional.<\/p>\n<p>A mesa de honra contou com a presen\u00e7a da diretora de Sa\u00fade Liliane Oliveira Sakano, da coordenadora do Ciclo B\u00e1sico do curso Prof.\u00aa Dra. Mayra Paio Mon\u00e7\u00e3o e do coordenador do curso, Prof. Dr. Alessandro Ferrari Jacinto, al\u00e9m dos representantes das entidades acad\u00eamicas, os discentes: Alexandre Jos\u00e9, vice-tesoureiro da Associa\u00e7\u00e3o Atl\u00e9tica de Medicina;\u00a0 Renan Correa Capoia, vice-presidente da Comiss\u00e3o Organizadora das Ligas Acad\u00eamicas de Medicina \u2013 COLAM, Rian Fabr\u00edcio do Nascimento, presidente da IFMSA Brazil FAI e Samuel de Sousa Morais, presidente do Centro Acad\u00eamico de Medicina Dr. C\u00e9sar Marinho.<\/p>\n<p>A programa\u00e7\u00e3o incluiu ainda uma Aula Magna ministrada pela Dra.\u00a0Nath\u00e1lia Gasparotto, especialista em Terapia Intensiva e Gest\u00e3o Hospitalar, que compartilhou sua experi\u00eancia na linha de frente da sa\u00fade, especialmente durante a pandemia de COVID-19.<\/p>\n<p>O ponto alto da noite foi o chamado nominal dos acad\u00eamicos, que receberam a vestimenta das m\u00e3os de seus familiares, marcando oficialmente o in\u00edcio da viv\u00eancia pr\u00e1tica no curso.<\/p>\n<p>Ao final, os representantes do Centro Acad\u00eamico e das entidades estudantis prestaram homenagens \u00e0 palestrante e aos novos alunos.<\/p>\n<p>O coordenador Alessandro Jacinto destacou a import\u00e2ncia da jornada que se inicia. &#8220;Este jaleco \u00e9 o s\u00edmbolo de uma responsabilidade que vai al\u00e9m da t\u00e9cnica; ele representa o juramento impl\u00edcito de cuidado e respeito absoluto \u00e0 vida humana que cada um de voc\u00eas assume hoje perante a sociedade&#8221;, ressalta.<\/p>\n<p>&nbsp;<\/p>\n<p><i>Por J\u00e9ssica Nakadaira<\/i><\/p>\n","protected":false},"excerpt":{"rendered":"<p>O Centro Universit\u00e1rio de Adamantina (FAI) realizou, na sexta-feira (17), a solenidade de Entrega dos Jalecos da 12\u00aa Turma do curso de Medicina. O evento, organizado pela Pr\u00f3-Reitoria de Extens\u00e3o em parceria com o Centro Acad\u00eamico Dr. C\u00e9sar Marinho, reuniu autoridades acad\u00eamicas, familiares e novos discentes para simbolizar o compromisso \u00e9tico com a futura pr\u00e1tica [&hellip;]<\/p>\n","protected":false},"author":13,"featured_media":119256,"comment_status":"closed","ping_status":"open","sticky":false,"template":"","format":"standard","meta":{"_acf_changed":false,"_exactmetrics_skip_tracking":false,"_exactmetrics_sitenote_active":false,"_exactmetrics_sitenote_note":"","_exactmetrics_sitenote_category":0,"footnotes":""},"categories":[21,42],"tags":[],"class_list":["post-119255","post","type-post","status-publish","format-standard","has-post-thumbnail","hentry","category-adamantina","category-educacao"],"acf":[],"yoast_head":"<!-- This site is optimized with the Yoast SEO plugin v27.2 - https:\/\/yoast.com\/product\/yoast-seo-wordpress\/ -->\n<title>12\u00aa Turma de Medicina da FAI recebe jalecos em noite de emo\u00e7\u00e3o e compromisso \u00e9tico - R\u00e1dio Life FM<\/title>\n<meta name=\"robots\" content=\"index, follow, max-snippet:-1, max-image-preview:large, max-video-preview:-1\" \/>\n<link rel=\"canonical\" href=\"https:\/\/radiolifefm.com.br\/noticias\/12a-turma-de-medicina-da-fai-recebe-jalecos-em-noite-de-emocao-e-compromisso-etico\/\" \/>\n<meta property=\"og:locale\" content=\"pt_BR\" \/>\n<meta property=\"og:type\" content=\"article\" \/>\n<meta property=\"og:title\" content=\"12\u00aa Turma de Medicina da FAI recebe jalecos em noite de emo\u00e7\u00e3o e compromisso \u00e9tico - R\u00e1dio Life FM\" \/>\n<meta property=\"og:description\" content=\"O Centro Universit\u00e1rio de Adamantina (FAI) realizou, na sexta-feira (17), a solenidade de Entrega dos Jalecos da 12\u00aa Turma do curso de Medicina. O evento, organizado pela Pr\u00f3-Reitoria de Extens\u00e3o em parceria com o Centro Acad\u00eamico Dr. C\u00e9sar Marinho, reuniu autoridades acad\u00eamicas, familiares e novos discentes para simbolizar o compromisso \u00e9tico com a futura pr\u00e1tica [&hellip;]\" \/>\n<meta property=\"og:url\" content=\"https:\/\/radiolifefm.com.br\/noticias\/12a-turma-de-medicina-da-fai-recebe-jalecos-em-noite-de-emocao-e-compromisso-etico\/\" \/>\n<meta property=\"og:site_name\" content=\"R\u00e1dio Life FM\" \/>\n<meta property=\"article:publisher\" content=\"https:\/\/www.facebook.com\/radiolifefm\/\" \/>\n<meta property=\"article:published_time\" content=\"2026-04-23T02:24:42+00:00\" \/>\n<meta property=\"article:modified_time\" content=\"2026-04-23T12:46:57+00:00\" \/>\n<meta property=\"og:image\" content=\"https:\/\/radiolifefm.com.br\/noticias\/wp-content\/uploads\/2026\/04\/jaleco-7.jpeg\" \/>\n\t<meta property=\"og:image:width\" content=\"1600\" \/>\n\t<meta property=\"og:image:height\" content=\"1200\" \/>\n\t<meta property=\"og:image:type\" content=\"image\/jpeg\" \/>\n<meta name=\"author\" content=\"ritanery\" \/>\n<meta name=\"twitter:card\" content=\"summary_large_image\" \/>\n<meta name=\"twitter:label1\" content=\"Escrito por\" \/>\n\t<meta name=\"twitter:data1\" content=\"ritanery\" \/>\n\t<meta name=\"twitter:label2\" content=\"Est. tempo de leitura\" \/>\n\t<meta name=\"twitter:data2\" content=\"2 minutos\" \/>\n<script type=\"application\/ld+json\" class=\"yoast-schema-graph\">{\"@context\":\"https:\/\/schema.org\",\"@graph\":[{\"@type\":\"Article\",\"@id\":\"https:\/\/radiolifefm.com.br\/noticias\/12a-turma-de-medicina-da-fai-recebe-jalecos-em-noite-de-emocao-e-compromisso-etico\/#article\",\"isPartOf\":{\"@id\":\"https:\/\/radiolifefm.com.br\/noticias\/12a-turma-de-medicina-da-fai-recebe-jalecos-em-noite-de-emocao-e-compromisso-etico\/\"},\"author\":{\"name\":\"ritanery\",\"@id\":\"https:\/\/radiolifefm.com.br\/noticias\/#\/schema\/person\/6339b9fac59d12b071dec680d7375d87\"},\"headline\":\"12\u00aa Turma de Medicina da FAI recebe jalecos em noite de emo\u00e7\u00e3o e compromisso \u00e9tico\",\"datePublished\":\"2026-04-23T02:24:42+00:00\",\"dateModified\":\"2026-04-23T12:46:57+00:00\",\"mainEntityOfPage\":{\"@id\":\"https:\/\/radiolifefm.com.br\/noticias\/12a-turma-de-medicina-da-fai-recebe-jalecos-em-noite-de-emocao-e-compromisso-etico\/\"},\"wordCount\":329,\"publisher\":{\"@id\":\"https:\/\/radiolifefm.com.br\/noticias\/#organization\"},\"image\":{\"@id\":\"https:\/\/radiolifefm.com.br\/noticias\/12a-turma-de-medicina-da-fai-recebe-jalecos-em-noite-de-emocao-e-compromisso-etico\/#primaryimage\"},\"thumbnailUrl\":\"https:\/\/radiolifefm.com.br\/noticias\/wp-content\/uploads\/2026\/04\/jaleco-7.jpeg\",\"articleSection\":[\"Adamantina\",\"Educa\u00e7\u00e3o\"],\"inLanguage\":\"pt-BR\"},{\"@type\":\"WebPage\",\"@id\":\"https:\/\/radiolifefm.com.br\/noticias\/12a-turma-de-medicina-da-fai-recebe-jalecos-em-noite-de-emocao-e-compromisso-etico\/\",\"url\":\"https:\/\/radiolifefm.com.br\/noticias\/12a-turma-de-medicina-da-fai-recebe-jalecos-em-noite-de-emocao-e-compromisso-etico\/\",\"name\":\"12\u00aa Turma de Medicina da FAI recebe jalecos em noite de emo\u00e7\u00e3o e compromisso \u00e9tico - R\u00e1dio Life FM\",\"isPartOf\":{\"@id\":\"https:\/\/radiolifefm.com.br\/noticias\/#website\"},\"primaryImageOfPage\":{\"@id\":\"https:\/\/radiolifefm.com.br\/noticias\/12a-turma-de-medicina-da-fai-recebe-jalecos-em-noite-de-emocao-e-compromisso-etico\/#primaryimage\"},\"image\":{\"@id\":\"https:\/\/radiolifefm.com.br\/noticias\/12a-turma-de-medicina-da-fai-recebe-jalecos-em-noite-de-emocao-e-compromisso-etico\/#primaryimage\"},\"thumbnailUrl\":\"https:\/\/radiolifefm.com.br\/noticias\/wp-content\/uploads\/2026\/04\/jaleco-7.jpeg\",\"datePublished\":\"2026-04-23T02:24:42+00:00\",\"dateModified\":\"2026-04-23T12:46:57+00:00\",\"breadcrumb\":{\"@id\":\"https:\/\/radiolifefm.com.br\/noticias\/12a-turma-de-medicina-da-fai-recebe-jalecos-em-noite-de-emocao-e-compromisso-etico\/#breadcrumb\"},\"inLanguage\":\"pt-BR\",\"potentialAction\":[{\"@type\":\"ReadAction\",\"target\":[\"https:\/\/radiolifefm.com.br\/noticias\/12a-turma-de-medicina-da-fai-recebe-jalecos-em-noite-de-emocao-e-compromisso-etico\/\"]}]},{\"@type\":\"ImageObject\",\"inLanguage\":\"pt-BR\",\"@id\":\"https:\/\/radiolifefm.com.br\/noticias\/12a-turma-de-medicina-da-fai-recebe-jalecos-em-noite-de-emocao-e-compromisso-etico\/#primaryimage\",\"url\":\"https:\/\/radiolifefm.com.br\/noticias\/wp-content\/uploads\/2026\/04\/jaleco-7.jpeg\",\"contentUrl\":\"https:\/\/radiolifefm.com.br\/noticias\/wp-content\/uploads\/2026\/04\/jaleco-7.jpeg\",\"width\":1600,\"height\":1200,\"caption\":\"A programa\u00e7\u00e3o incluiu uma Aula Magna ministrada pela Dra. Nath\u00e1lia Gasparotto, especialista em Terapia Intensiva e Gest\u00e3o Hospitalar\"},{\"@type\":\"BreadcrumbList\",\"@id\":\"https:\/\/radiolifefm.com.br\/noticias\/12a-turma-de-medicina-da-fai-recebe-jalecos-em-noite-de-emocao-e-compromisso-etico\/#breadcrumb\",\"itemListElement\":[{\"@type\":\"ListItem\",\"position\":1,\"name\":\"In\u00edcio\",\"item\":\"https:\/\/radiolifefm.com.br\/noticias\/\"},{\"@type\":\"ListItem\",\"position\":2,\"name\":\"12\u00aa Turma de Medicina da FAI recebe jalecos em noite de emo\u00e7\u00e3o e compromisso \u00e9tico\"}]},{\"@type\":\"WebSite\",\"@id\":\"https:\/\/radiolifefm.com.br\/noticias\/#website\",\"url\":\"https:\/\/radiolifefm.com.br\/noticias\/\",\"name\":\"R\u00e1dio Life FM\",\"description\":\"O Portal de Not\u00edcias de Adamantina\",\"publisher\":{\"@id\":\"https:\/\/radiolifefm.com.br\/noticias\/#organization\"},\"alternateName\":\"Life FM\",\"potentialAction\":[{\"@type\":\"SearchAction\",\"target\":{\"@type\":\"EntryPoint\",\"urlTemplate\":\"https:\/\/radiolifefm.com.br\/noticias\/?s={search_term_string}\"},\"query-input\":{\"@type\":\"PropertyValueSpecification\",\"valueRequired\":true,\"valueName\":\"search_term_string\"}}],\"inLanguage\":\"pt-BR\"},{\"@type\":\"Organization\",\"@id\":\"https:\/\/radiolifefm.com.br\/noticias\/#organization\",\"name\":\"R\u00e1dio Life FM\",\"alternateName\":\"Life FM\",\"url\":\"https:\/\/radiolifefm.com.br\/noticias\/\",\"logo\":{\"@type\":\"ImageObject\",\"inLanguage\":\"pt-BR\",\"@id\":\"https:\/\/radiolifefm.com.br\/noticias\/#\/schema\/logo\/image\/\",\"url\":\"https:\/\/static.radiolifefm.com.br\/noticias\/wp-content\/uploads\/2019\/10\/logo-lifefm.png\",\"contentUrl\":\"https:\/\/static.radiolifefm.com.br\/noticias\/wp-content\/uploads\/2019\/10\/logo-lifefm.png\",\"width\":196,\"height\":47,\"caption\":\"R\u00e1dio Life FM\"},\"image\":{\"@id\":\"https:\/\/radiolifefm.com.br\/noticias\/#\/schema\/logo\/image\/\"},\"sameAs\":[\"https:\/\/www.facebook.com\/radiolifefm\/\",\"https:\/\/www.instagram.com\/life1079fm\/\"]},{\"@type\":\"Person\",\"@id\":\"https:\/\/radiolifefm.com.br\/noticias\/#\/schema\/person\/6339b9fac59d12b071dec680d7375d87\",\"name\":\"ritanery\",\"image\":{\"@type\":\"ImageObject\",\"inLanguage\":\"pt-BR\",\"@id\":\"https:\/\/secure.gravatar.com\/avatar\/0e37bb19071f47c0b8a23f62a903df117c5a0e75f65a0c2901562f97cd41cf86?s=96&d=mm&r=g\",\"url\":\"https:\/\/secure.gravatar.com\/avatar\/0e37bb19071f47c0b8a23f62a903df117c5a0e75f65a0c2901562f97cd41cf86?s=96&d=mm&r=g\",\"contentUrl\":\"https:\/\/secure.gravatar.com\/avatar\/0e37bb19071f47c0b8a23f62a903df117c5a0e75f65a0c2901562f97cd41cf86?s=96&d=mm&r=g\",\"caption\":\"ritanery\"}}]}<\/script>\n<!-- \/ Yoast SEO plugin. -->","yoast_head_json":{"title":"12\u00aa Turma de Medicina da FAI recebe jalecos em noite de emo\u00e7\u00e3o e compromisso \u00e9tico - R\u00e1dio Life FM","robots":{"index":"index","follow":"follow","max-snippet":"max-snippet:-1","max-image-preview":"max-image-preview:large","max-video-preview":"max-video-preview:-1"},"canonical":"https:\/\/radiolifefm.com.br\/noticias\/12a-turma-de-medicina-da-fai-recebe-jalecos-em-noite-de-emocao-e-compromisso-etico\/","og_locale":"pt_BR","og_type":"article","og_title":"12\u00aa Turma de Medicina da FAI recebe jalecos em noite de emo\u00e7\u00e3o e compromisso \u00e9tico - R\u00e1dio Life FM","og_description":"O Centro Universit\u00e1rio de Adamantina (FAI) realizou, na sexta-feira (17), a solenidade de Entrega dos Jalecos da 12\u00aa Turma do curso de Medicina. O evento, organizado pela Pr\u00f3-Reitoria de Extens\u00e3o em parceria com o Centro Acad\u00eamico Dr. C\u00e9sar Marinho, reuniu autoridades acad\u00eamicas, familiares e novos discentes para simbolizar o compromisso \u00e9tico com a futura pr\u00e1tica [&hellip;]","og_url":"https:\/\/radiolifefm.com.br\/noticias\/12a-turma-de-medicina-da-fai-recebe-jalecos-em-noite-de-emocao-e-compromisso-etico\/","og_site_name":"R\u00e1dio Life FM","article_publisher":"https:\/\/www.facebook.com\/radiolifefm\/","article_published_time":"2026-04-23T02:24:42+00:00","article_modified_time":"2026-04-23T12:46:57+00:00","og_image":[{"width":1600,"height":1200,"url":"https:\/\/radiolifefm.com.br\/noticias\/wp-content\/uploads\/2026\/04\/jaleco-7.jpeg","type":"image\/jpeg"}],"author":"ritanery","twitter_card":"summary_large_image","twitter_misc":{"Escrito por":"ritanery","Est. tempo de leitura":"2 minutos"},"schema":{"@context":"https:\/\/schema.org","@graph":[{"@type":"Article","@id":"https:\/\/radiolifefm.com.br\/noticias\/12a-turma-de-medicina-da-fai-recebe-jalecos-em-noite-de-emocao-e-compromisso-etico\/#article","isPartOf":{"@id":"https:\/\/radiolifefm.com.br\/noticias\/12a-turma-de-medicina-da-fai-recebe-jalecos-em-noite-de-emocao-e-compromisso-etico\/"},"author":{"name":"ritanery","@id":"https:\/\/radiolifefm.com.br\/noticias\/#\/schema\/person\/6339b9fac59d12b071dec680d7375d87"},"headline":"12\u00aa Turma de Medicina da FAI recebe jalecos em noite de emo\u00e7\u00e3o e compromisso \u00e9tico","datePublished":"2026-04-23T02:24:42+00:00","dateModified":"2026-04-23T12:46:57+00:00","mainEntityOfPage":{"@id":"https:\/\/radiolifefm.com.br\/noticias\/12a-turma-de-medicina-da-fai-recebe-jalecos-em-noite-de-emocao-e-compromisso-etico\/"},"wordCount":329,"publisher":{"@id":"https:\/\/radiolifefm.com.br\/noticias\/#organization"},"image":{"@id":"https:\/\/radiolifefm.com.br\/noticias\/12a-turma-de-medicina-da-fai-recebe-jalecos-em-noite-de-emocao-e-compromisso-etico\/#primaryimage"},"thumbnailUrl":"https:\/\/radiolifefm.com.br\/noticias\/wp-content\/uploads\/2026\/04\/jaleco-7.jpeg","articleSection":["Adamantina","Educa\u00e7\u00e3o"],"inLanguage":"pt-BR"},{"@type":"WebPage","@id":"https:\/\/radiolifefm.com.br\/noticias\/12a-turma-de-medicina-da-fai-recebe-jalecos-em-noite-de-emocao-e-compromisso-etico\/","url":"https:\/\/radiolifefm.com.br\/noticias\/12a-turma-de-medicina-da-fai-recebe-jalecos-em-noite-de-emocao-e-compromisso-etico\/","name":"12\u00aa Turma de Medicina da FAI recebe jalecos em noite de emo\u00e7\u00e3o e compromisso \u00e9tico - R\u00e1dio Life FM","isPartOf":{"@id":"https:\/\/radiolifefm.com.br\/noticias\/#website"},"primaryImageOfPage":{"@id":"https:\/\/radiolifefm.com.br\/noticias\/12a-turma-de-medicina-da-fai-recebe-jalecos-em-noite-de-emocao-e-compromisso-etico\/#primaryimage"},"image":{"@id":"https:\/\/radiolifefm.com.br\/noticias\/12a-turma-de-medicina-da-fai-recebe-jalecos-em-noite-de-emocao-e-compromisso-etico\/#primaryimage"},"thumbnailUrl":"https:\/\/radiolifefm.com.br\/noticias\/wp-content\/uploads\/2026\/04\/jaleco-7.jpeg","datePublished":"2026-04-23T02:24:42+00:00","dateModified":"2026-04-23T12:46:57+00:00","breadcrumb":{"@id":"https:\/\/radiolifefm.com.br\/noticias\/12a-turma-de-medicina-da-fai-recebe-jalecos-em-noite-de-emocao-e-compromisso-etico\/#breadcrumb"},"inLanguage":"pt-BR","potentialAction":[{"@type":"ReadAction","target":["https:\/\/radiolifefm.com.br\/noticias\/12a-turma-de-medicina-da-fai-recebe-jalecos-em-noite-de-emocao-e-compromisso-etico\/"]}]},{"@type":"ImageObject","inLanguage":"pt-BR","@id":"https:\/\/radiolifefm.com.br\/noticias\/12a-turma-de-medicina-da-fai-recebe-jalecos-em-noite-de-emocao-e-compromisso-etico\/#primaryimage","url":"https:\/\/radiolifefm.com.br\/noticias\/wp-content\/uploads\/2026\/04\/jaleco-7.jpeg","contentUrl":"https:\/\/radiolifefm.com.br\/noticias\/wp-content\/uploads\/2026\/04\/jaleco-7.jpeg","width":1600,"height":1200,"caption":"A programa\u00e7\u00e3o incluiu uma Aula Magna ministrada pela Dra. Nath\u00e1lia Gasparotto, especialista em Terapia Intensiva e Gest\u00e3o Hospitalar"},{"@type":"BreadcrumbList","@id":"https:\/\/radiolifefm.com.br\/noticias\/12a-turma-de-medicina-da-fai-recebe-jalecos-em-noite-de-emocao-e-compromisso-etico\/#breadcrumb","itemListElement":[{"@type":"ListItem","position":1,"name":"In\u00edcio","item":"https:\/\/radiolifefm.com.br\/noticias\/"},{"@type":"ListItem","position":2,"name":"12\u00aa Turma de Medicina da FAI recebe jalecos em noite de emo\u00e7\u00e3o e compromisso \u00e9tico"}]},{"@type":"WebSite","@id":"https:\/\/radiolifefm.com.br\/noticias\/#website","url":"https:\/\/radiolifefm.com.br\/noticias\/","name":"R\u00e1dio Life FM","description":"O Portal de Not\u00edcias de Adamantina","publisher":{"@id":"https:\/\/radiolifefm.com.br\/noticias\/#organization"},"alternateName":"Life FM","potentialAction":[{"@type":"SearchAction","target":{"@type":"EntryPoint","urlTemplate":"https:\/\/radiolifefm.com.br\/noticias\/?s={search_term_string}"},"query-input":{"@type":"PropertyValueSpecification","valueRequired":true,"valueName":"search_term_string"}}],"inLanguage":"pt-BR"},{"@type":"Organization","@id":"https:\/\/radiolifefm.com.br\/noticias\/#organization","name":"R\u00e1dio Life FM","alternateName":"Life FM","url":"https:\/\/radiolifefm.com.br\/noticias\/","logo":{"@type":"ImageObject","inLanguage":"pt-BR","@id":"https:\/\/radiolifefm.com.br\/noticias\/#\/schema\/logo\/image\/","url":"https:\/\/static.radiolifefm.com.br\/noticias\/wp-content\/uploads\/2019\/10\/logo-lifefm.png","contentUrl":"https:\/\/static.radiolifefm.com.br\/noticias\/wp-content\/uploads\/2019\/10\/logo-lifefm.png","width":196,"height":47,"caption":"R\u00e1dio Life FM"},"image":{"@id":"https:\/\/radiolifefm.com.br\/noticias\/#\/schema\/logo\/image\/"},"sameAs":["https:\/\/www.facebook.com\/radiolifefm\/","https:\/\/www.instagram.com\/life1079fm\/"]},{"@type":"Person","@id":"https:\/\/radiolifefm.com.br\/noticias\/#\/schema\/person\/6339b9fac59d12b071dec680d7375d87","name":"ritanery","image":{"@type":"ImageObject","inLanguage":"pt-BR","@id":"https:\/\/secure.gravatar.com\/avatar\/0e37bb19071f47c0b8a23f62a903df117c5a0e75f65a0c2901562f97cd41cf86?s=96&d=mm&r=g","url":"https:\/\/secure.gravatar.com\/avatar\/0e37bb19071f47c0b8a23f62a903df117c5a0e75f65a0c2901562f97cd41cf86?s=96&d=mm&r=g","contentUrl":"https:\/\/secure.gravatar.com\/avatar\/0e37bb19071f47c0b8a23f62a903df117c5a0e75f65a0c2901562f97cd41cf86?s=96&d=mm&r=g","caption":"ritanery"}}]}},"amp_enabled":true,"_links":{"self":[{"href":"https:\/\/radiolifefm.com.br\/noticias\/wp-json\/wp\/v2\/posts\/119255","targetHints":{"allow":["GET"]}}],"collection":[{"href":"https:\/\/radiolifefm.com.br\/noticias\/wp-json\/wp\/v2\/posts"}],"about":[{"href":"https:\/\/radiolifefm.com.br\/noticias\/wp-json\/wp\/v2\/types\/post"}],"author":[{"embeddable":true,"href":"https:\/\/radiolifefm.com.br\/noticias\/wp-json\/wp\/v2\/users\/13"}],"replies":[{"embeddable":true,"href":"https:\/\/radiolifefm.com.br\/noticias\/wp-json\/wp\/v2\/comments?post=119255"}],"version-history":[{"count":1,"href":"https:\/\/radiolifefm.com.br\/noticias\/wp-json\/wp\/v2\/posts\/119255\/revisions"}],"predecessor-version":[{"id":119257,"href":"https:\/\/radiolifefm.com.br\/noticias\/wp-json\/wp\/v2\/posts\/119255\/revisions\/119257"}],"wp:featuredmedia":[{"embeddable":true,"href":"https:\/\/radiolifefm.com.br\/noticias\/wp-json\/wp\/v2\/media\/119256"}],"wp:attachment":[{"href":"https:\/\/radiolifefm.com.br\/noticias\/wp-json\/wp\/v2\/media?parent=119255"}],"wp:term":[{"taxonomy":"category","embeddable":true,"href":"https:\/\/radiolifefm.com.br\/noticias\/wp-json\/wp\/v2\/categories?post=119255"},{"taxonomy":"post_tag","embeddable":true,"href":"https:\/\/radiolifefm.com.br\/noticias\/wp-json\/wp\/v2\/tags?post=119255"}],"curies":[{"name":"wp","href":"https:\/\/api.w.org\/{rel}","templated":true}]}}