{"id":11893,"date":"2019-04-10T21:09:00","date_gmt":"2019-04-11T00:09:00","guid":{"rendered":"https:\/\/radiolifefm.com.br\/noticias\/?p=11893"},"modified":"2026-01-28T17:20:44","modified_gmt":"2026-01-28T20:20:44","slug":"mulheres-se-envolvem-em-colisao-e-um-dos-veiculos-invade-uma-residencia-em-dracena","status":"publish","type":"post","link":"https:\/\/radiolifefm.com.br\/noticias\/mulheres-se-envolvem-em-colisao-e-um-dos-veiculos-invade-uma-residencia-em-dracena\/","title":{"rendered":"Mulheres se envolvem em colis\u00e3o e um dos ve\u00edculos invade uma resid\u00eancia em Dracena"},"content":{"rendered":"<div id=\"fb-root\"><\/div>\n<p>Morador do im\u00f3vel atingido disse que foi surpreendido quando ouviu um forte barulho<\/p>\n<p>Nesta quarta-feira (10), por volta das 10h, a Pol\u00edcia Militar de Dracena registrou um acidente de tr\u00e2nsito, no cruzamento das ruas Magid Zacarias e S\u00e3o Paulo, no Centro, em Dracena. O local fica pr\u00f3ximo \u00e0 Santa Casa.<\/p>\n<p>Conforme a corpora\u00e7\u00e3o, houve uma colis\u00e3o entre dois carros.<\/p>\n<p>De acordo com a PM, uma mulher de 36 anos, que conduzia um dos carros, no sentido bairro\u2013Centro, pela Rua Magid Zacarias (preferencial), foi atingida por outra motorista, de 33 anos, que dirigia um ve\u00edculo pela Rua S\u00e3o Paulo, no sentido bairro\u2013Centro.<\/p>\n<p>Com o impacto da batida, um dos carros atingiu o muro de uma resid\u00eancia.<\/p>\n<p>A PM informou que n\u00e3o houve feridos e o Corpo de Bombeiros n\u00e3o precisou ser acionado.<\/p>\n<p>Segundo a PM, um homem de 72 anos, morador da casa atingida pelo carro, disse que estava dentro do im\u00f3vel quando ouviu um barulho forte e se deparou com o ve\u00edculo invadindo o muro.<\/p>\n<p>Fonte: Carlos Volpi _ TV Fronteira<\/p>\n<p>Reda\u00e7\u00e3o &#8211; Kako de Oliveira<\/p>\n<div class='flex flex-wrap items-center -mx-1'>\r\n<a class='thumbnail gallery p-1 w-1\/2 md:w-1\/4' href='https:\/\/radiolifefm.com.br\/noticias\/wp-content\/uploads\/2019\/04\/Mulher-acidente-Dracena-1.jpg'><img class='border border-white' src='https:\/\/radiolifefm.com.br\/noticias\/wp-content\/uploads\/2019\/04\/Mulher-acidente-Dracena-1-200x200.jpg' alt='Mulher Acidente   Dracena   1' \/><\/a><\/div>\n","protected":false},"excerpt":{"rendered":"<p>Morador do im\u00f3vel atingido disse que foi surpreendido quando ouviu um forte barulho Nesta quarta-feira (10), por volta das 10h, a Pol\u00edcia Militar de Dracena registrou um acidente de tr\u00e2nsito, no cruzamento das ruas Magid Zacarias e S\u00e3o Paulo, no Centro, em Dracena. O local fica pr\u00f3ximo \u00e0 Santa Casa. Conforme a corpora\u00e7\u00e3o, houve uma [&hellip;]<\/p>\n","protected":false},"author":8,"featured_media":11894,"comment_status":"closed","ping_status":"open","sticky":false,"template":"","format":"standard","meta":{"_acf_changed":false,"_exactmetrics_skip_tracking":false,"_exactmetrics_sitenote_active":false,"_exactmetrics_sitenote_note":"","_exactmetrics_sitenote_category":0,"footnotes":""},"categories":[24],"tags":[],"class_list":["post-11893","post","type-post","status-publish","format-standard","has-post-thumbnail","hentry","category-regiao"],"acf":[],"yoast_head":"<!-- This site is optimized with the Yoast SEO plugin v27.2 - https:\/\/yoast.com\/product\/yoast-seo-wordpress\/ -->\n<title>Mulheres se envolvem em colis\u00e3o e um dos ve\u00edculos invade uma resid\u00eancia em Dracena - R\u00e1dio Life FM<\/title>\n<meta name=\"robots\" content=\"index, follow, max-snippet:-1, max-image-preview:large, max-video-preview:-1\" \/>\n<link rel=\"canonical\" href=\"https:\/\/radiolifefm.com.br\/noticias\/mulheres-se-envolvem-em-colisao-e-um-dos-veiculos-invade-uma-residencia-em-dracena\/\" \/>\n<meta property=\"og:locale\" content=\"pt_BR\" \/>\n<meta property=\"og:type\" content=\"article\" \/>\n<meta property=\"og:title\" content=\"Mulheres se envolvem em colis\u00e3o e um dos ve\u00edculos invade uma resid\u00eancia em Dracena - R\u00e1dio Life FM\" \/>\n<meta property=\"og:description\" content=\"Morador do im\u00f3vel atingido disse que foi surpreendido quando ouviu um forte barulho Nesta quarta-feira (10), por volta das 10h, a Pol\u00edcia Militar de Dracena registrou um acidente de tr\u00e2nsito, no cruzamento das ruas Magid Zacarias e S\u00e3o Paulo, no Centro, em Dracena. O local fica pr\u00f3ximo \u00e0 Santa Casa. Conforme a corpora\u00e7\u00e3o, houve uma [&hellip;]\" \/>\n<meta property=\"og:url\" content=\"https:\/\/radiolifefm.com.br\/noticias\/mulheres-se-envolvem-em-colisao-e-um-dos-veiculos-invade-uma-residencia-em-dracena\/\" \/>\n<meta property=\"og:site_name\" content=\"R\u00e1dio Life FM\" \/>\n<meta property=\"article:publisher\" content=\"https:\/\/www.facebook.com\/radiolifefm\/\" \/>\n<meta property=\"article:published_time\" content=\"2019-04-11T00:09:00+00:00\" \/>\n<meta property=\"article:modified_time\" content=\"2026-01-28T20:20:44+00:00\" \/>\n<meta property=\"og:image\" content=\"https:\/\/radiolifefm.com.br\/noticias\/wp-content\/uploads\/2019\/04\/Mulher-acidente-Dracena.jpg\" \/>\n\t<meta property=\"og:image:width\" content=\"620\" \/>\n\t<meta property=\"og:image:height\" content=\"424\" \/>\n\t<meta property=\"og:image:type\" content=\"image\/jpeg\" \/>\n<meta name=\"author\" content=\"joaograndao\" \/>\n<meta name=\"twitter:card\" content=\"summary_large_image\" \/>\n<meta name=\"twitter:label1\" content=\"Escrito por\" \/>\n\t<meta name=\"twitter:data1\" content=\"joaograndao\" \/>\n\t<meta name=\"twitter:label2\" content=\"Est. tempo de leitura\" \/>\n\t<meta name=\"twitter:data2\" content=\"1 minuto\" \/>\n<script type=\"application\/ld+json\" class=\"yoast-schema-graph\">{\"@context\":\"https:\/\/schema.org\",\"@graph\":[{\"@type\":\"Article\",\"@id\":\"https:\/\/radiolifefm.com.br\/noticias\/mulheres-se-envolvem-em-colisao-e-um-dos-veiculos-invade-uma-residencia-em-dracena\/#article\",\"isPartOf\":{\"@id\":\"https:\/\/radiolifefm.com.br\/noticias\/mulheres-se-envolvem-em-colisao-e-um-dos-veiculos-invade-uma-residencia-em-dracena\/\"},\"author\":{\"name\":\"joaograndao\",\"@id\":\"https:\/\/radiolifefm.com.br\/noticias\/#\/schema\/person\/6876e1240feffe6e1b63fd5cb85abf28\"},\"headline\":\"Mulheres se envolvem em colis\u00e3o e um dos ve\u00edculos invade uma resid\u00eancia em Dracena\",\"datePublished\":\"2019-04-11T00:09:00+00:00\",\"dateModified\":\"2026-01-28T20:20:44+00:00\",\"mainEntityOfPage\":{\"@id\":\"https:\/\/radiolifefm.com.br\/noticias\/mulheres-se-envolvem-em-colisao-e-um-dos-veiculos-invade-uma-residencia-em-dracena\/\"},\"wordCount\":206,\"publisher\":{\"@id\":\"https:\/\/radiolifefm.com.br\/noticias\/#organization\"},\"image\":{\"@id\":\"https:\/\/radiolifefm.com.br\/noticias\/mulheres-se-envolvem-em-colisao-e-um-dos-veiculos-invade-uma-residencia-em-dracena\/#primaryimage\"},\"thumbnailUrl\":\"https:\/\/radiolifefm.com.br\/noticias\/wp-content\/uploads\/2019\/04\/Mulher-acidente-Dracena.jpg\",\"articleSection\":[\"Regi\u00e3o\"],\"inLanguage\":\"pt-BR\"},{\"@type\":\"WebPage\",\"@id\":\"https:\/\/radiolifefm.com.br\/noticias\/mulheres-se-envolvem-em-colisao-e-um-dos-veiculos-invade-uma-residencia-em-dracena\/\",\"url\":\"https:\/\/radiolifefm.com.br\/noticias\/mulheres-se-envolvem-em-colisao-e-um-dos-veiculos-invade-uma-residencia-em-dracena\/\",\"name\":\"Mulheres se envolvem em colis\u00e3o e um dos ve\u00edculos invade uma resid\u00eancia em Dracena - R\u00e1dio Life FM\",\"isPartOf\":{\"@id\":\"https:\/\/radiolifefm.com.br\/noticias\/#website\"},\"primaryImageOfPage\":{\"@id\":\"https:\/\/radiolifefm.com.br\/noticias\/mulheres-se-envolvem-em-colisao-e-um-dos-veiculos-invade-uma-residencia-em-dracena\/#primaryimage\"},\"image\":{\"@id\":\"https:\/\/radiolifefm.com.br\/noticias\/mulheres-se-envolvem-em-colisao-e-um-dos-veiculos-invade-uma-residencia-em-dracena\/#primaryimage\"},\"thumbnailUrl\":\"https:\/\/radiolifefm.com.br\/noticias\/wp-content\/uploads\/2019\/04\/Mulher-acidente-Dracena.jpg\",\"datePublished\":\"2019-04-11T00:09:00+00:00\",\"dateModified\":\"2026-01-28T20:20:44+00:00\",\"breadcrumb\":{\"@id\":\"https:\/\/radiolifefm.com.br\/noticias\/mulheres-se-envolvem-em-colisao-e-um-dos-veiculos-invade-uma-residencia-em-dracena\/#breadcrumb\"},\"inLanguage\":\"pt-BR\",\"potentialAction\":[{\"@type\":\"ReadAction\",\"target\":[\"https:\/\/radiolifefm.com.br\/noticias\/mulheres-se-envolvem-em-colisao-e-um-dos-veiculos-invade-uma-residencia-em-dracena\/\"]}]},{\"@type\":\"ImageObject\",\"inLanguage\":\"pt-BR\",\"@id\":\"https:\/\/radiolifefm.com.br\/noticias\/mulheres-se-envolvem-em-colisao-e-um-dos-veiculos-invade-uma-residencia-em-dracena\/#primaryimage\",\"url\":\"https:\/\/radiolifefm.com.br\/noticias\/wp-content\/uploads\/2019\/04\/Mulher-acidente-Dracena.jpg\",\"contentUrl\":\"https:\/\/radiolifefm.com.br\/noticias\/wp-content\/uploads\/2019\/04\/Mulher-acidente-Dracena.jpg\",\"width\":620,\"height\":424,\"caption\":\"Mulheres se envolveram em acidente no centro de Dracena e um dos ve\u00edculos atingiu a parede de uma resid\u00eancia\"},{\"@type\":\"BreadcrumbList\",\"@id\":\"https:\/\/radiolifefm.com.br\/noticias\/mulheres-se-envolvem-em-colisao-e-um-dos-veiculos-invade-uma-residencia-em-dracena\/#breadcrumb\",\"itemListElement\":[{\"@type\":\"ListItem\",\"position\":1,\"name\":\"In\u00edcio\",\"item\":\"https:\/\/radiolifefm.com.br\/noticias\/\"},{\"@type\":\"ListItem\",\"position\":2,\"name\":\"Mulheres se envolvem em colis\u00e3o e um dos ve\u00edculos invade uma resid\u00eancia em Dracena\"}]},{\"@type\":\"WebSite\",\"@id\":\"https:\/\/radiolifefm.com.br\/noticias\/#website\",\"url\":\"https:\/\/radiolifefm.com.br\/noticias\/\",\"name\":\"R\u00e1dio Life FM\",\"description\":\"O Portal de Not\u00edcias de Adamantina\",\"publisher\":{\"@id\":\"https:\/\/radiolifefm.com.br\/noticias\/#organization\"},\"alternateName\":\"Life FM\",\"potentialAction\":[{\"@type\":\"SearchAction\",\"target\":{\"@type\":\"EntryPoint\",\"urlTemplate\":\"https:\/\/radiolifefm.com.br\/noticias\/?s={search_term_string}\"},\"query-input\":{\"@type\":\"PropertyValueSpecification\",\"valueRequired\":true,\"valueName\":\"search_term_string\"}}],\"inLanguage\":\"pt-BR\"},{\"@type\":\"Organization\",\"@id\":\"https:\/\/radiolifefm.com.br\/noticias\/#organization\",\"name\":\"R\u00e1dio Life FM\",\"alternateName\":\"Life FM\",\"url\":\"https:\/\/radiolifefm.com.br\/noticias\/\",\"logo\":{\"@type\":\"ImageObject\",\"inLanguage\":\"pt-BR\",\"@id\":\"https:\/\/radiolifefm.com.br\/noticias\/#\/schema\/logo\/image\/\",\"url\":\"https:\/\/static.radiolifefm.com.br\/noticias\/wp-content\/uploads\/2019\/10\/logo-lifefm.png\",\"contentUrl\":\"https:\/\/static.radiolifefm.com.br\/noticias\/wp-content\/uploads\/2019\/10\/logo-lifefm.png\",\"width\":196,\"height\":47,\"caption\":\"R\u00e1dio Life FM\"},\"image\":{\"@id\":\"https:\/\/radiolifefm.com.br\/noticias\/#\/schema\/logo\/image\/\"},\"sameAs\":[\"https:\/\/www.facebook.com\/radiolifefm\/\",\"https:\/\/www.instagram.com\/life1079fm\/\"]},{\"@type\":\"Person\",\"@id\":\"https:\/\/radiolifefm.com.br\/noticias\/#\/schema\/person\/6876e1240feffe6e1b63fd5cb85abf28\",\"name\":\"joaograndao\",\"image\":{\"@type\":\"ImageObject\",\"inLanguage\":\"pt-BR\",\"@id\":\"https:\/\/secure.gravatar.com\/avatar\/d5b1a3cf357ed9c50404e256a1294083aa8ab5d2a994001567302786016cb32c?s=96&d=mm&r=g\",\"url\":\"https:\/\/secure.gravatar.com\/avatar\/d5b1a3cf357ed9c50404e256a1294083aa8ab5d2a994001567302786016cb32c?s=96&d=mm&r=g\",\"contentUrl\":\"https:\/\/secure.gravatar.com\/avatar\/d5b1a3cf357ed9c50404e256a1294083aa8ab5d2a994001567302786016cb32c?s=96&d=mm&r=g\",\"caption\":\"joaograndao\"}}]}<\/script>\n<!-- \/ Yoast SEO plugin. -->","yoast_head_json":{"title":"Mulheres se envolvem em colis\u00e3o e um dos ve\u00edculos invade uma resid\u00eancia em Dracena - R\u00e1dio Life FM","robots":{"index":"index","follow":"follow","max-snippet":"max-snippet:-1","max-image-preview":"max-image-preview:large","max-video-preview":"max-video-preview:-1"},"canonical":"https:\/\/radiolifefm.com.br\/noticias\/mulheres-se-envolvem-em-colisao-e-um-dos-veiculos-invade-uma-residencia-em-dracena\/","og_locale":"pt_BR","og_type":"article","og_title":"Mulheres se envolvem em colis\u00e3o e um dos ve\u00edculos invade uma resid\u00eancia em Dracena - R\u00e1dio Life FM","og_description":"Morador do im\u00f3vel atingido disse que foi surpreendido quando ouviu um forte barulho Nesta quarta-feira (10), por volta das 10h, a Pol\u00edcia Militar de Dracena registrou um acidente de tr\u00e2nsito, no cruzamento das ruas Magid Zacarias e S\u00e3o Paulo, no Centro, em Dracena. O local fica pr\u00f3ximo \u00e0 Santa Casa. Conforme a corpora\u00e7\u00e3o, houve uma [&hellip;]","og_url":"https:\/\/radiolifefm.com.br\/noticias\/mulheres-se-envolvem-em-colisao-e-um-dos-veiculos-invade-uma-residencia-em-dracena\/","og_site_name":"R\u00e1dio Life FM","article_publisher":"https:\/\/www.facebook.com\/radiolifefm\/","article_published_time":"2019-04-11T00:09:00+00:00","article_modified_time":"2026-01-28T20:20:44+00:00","og_image":[{"width":620,"height":424,"url":"https:\/\/radiolifefm.com.br\/noticias\/wp-content\/uploads\/2019\/04\/Mulher-acidente-Dracena.jpg","type":"image\/jpeg"}],"author":"joaograndao","twitter_card":"summary_large_image","twitter_misc":{"Escrito por":"joaograndao","Est. tempo de leitura":"1 minuto"},"schema":{"@context":"https:\/\/schema.org","@graph":[{"@type":"Article","@id":"https:\/\/radiolifefm.com.br\/noticias\/mulheres-se-envolvem-em-colisao-e-um-dos-veiculos-invade-uma-residencia-em-dracena\/#article","isPartOf":{"@id":"https:\/\/radiolifefm.com.br\/noticias\/mulheres-se-envolvem-em-colisao-e-um-dos-veiculos-invade-uma-residencia-em-dracena\/"},"author":{"name":"joaograndao","@id":"https:\/\/radiolifefm.com.br\/noticias\/#\/schema\/person\/6876e1240feffe6e1b63fd5cb85abf28"},"headline":"Mulheres se envolvem em colis\u00e3o e um dos ve\u00edculos invade uma resid\u00eancia em Dracena","datePublished":"2019-04-11T00:09:00+00:00","dateModified":"2026-01-28T20:20:44+00:00","mainEntityOfPage":{"@id":"https:\/\/radiolifefm.com.br\/noticias\/mulheres-se-envolvem-em-colisao-e-um-dos-veiculos-invade-uma-residencia-em-dracena\/"},"wordCount":206,"publisher":{"@id":"https:\/\/radiolifefm.com.br\/noticias\/#organization"},"image":{"@id":"https:\/\/radiolifefm.com.br\/noticias\/mulheres-se-envolvem-em-colisao-e-um-dos-veiculos-invade-uma-residencia-em-dracena\/#primaryimage"},"thumbnailUrl":"https:\/\/radiolifefm.com.br\/noticias\/wp-content\/uploads\/2019\/04\/Mulher-acidente-Dracena.jpg","articleSection":["Regi\u00e3o"],"inLanguage":"pt-BR"},{"@type":"WebPage","@id":"https:\/\/radiolifefm.com.br\/noticias\/mulheres-se-envolvem-em-colisao-e-um-dos-veiculos-invade-uma-residencia-em-dracena\/","url":"https:\/\/radiolifefm.com.br\/noticias\/mulheres-se-envolvem-em-colisao-e-um-dos-veiculos-invade-uma-residencia-em-dracena\/","name":"Mulheres se envolvem em colis\u00e3o e um dos ve\u00edculos invade uma resid\u00eancia em Dracena - R\u00e1dio Life FM","isPartOf":{"@id":"https:\/\/radiolifefm.com.br\/noticias\/#website"},"primaryImageOfPage":{"@id":"https:\/\/radiolifefm.com.br\/noticias\/mulheres-se-envolvem-em-colisao-e-um-dos-veiculos-invade-uma-residencia-em-dracena\/#primaryimage"},"image":{"@id":"https:\/\/radiolifefm.com.br\/noticias\/mulheres-se-envolvem-em-colisao-e-um-dos-veiculos-invade-uma-residencia-em-dracena\/#primaryimage"},"thumbnailUrl":"https:\/\/radiolifefm.com.br\/noticias\/wp-content\/uploads\/2019\/04\/Mulher-acidente-Dracena.jpg","datePublished":"2019-04-11T00:09:00+00:00","dateModified":"2026-01-28T20:20:44+00:00","breadcrumb":{"@id":"https:\/\/radiolifefm.com.br\/noticias\/mulheres-se-envolvem-em-colisao-e-um-dos-veiculos-invade-uma-residencia-em-dracena\/#breadcrumb"},"inLanguage":"pt-BR","potentialAction":[{"@type":"ReadAction","target":["https:\/\/radiolifefm.com.br\/noticias\/mulheres-se-envolvem-em-colisao-e-um-dos-veiculos-invade-uma-residencia-em-dracena\/"]}]},{"@type":"ImageObject","inLanguage":"pt-BR","@id":"https:\/\/radiolifefm.com.br\/noticias\/mulheres-se-envolvem-em-colisao-e-um-dos-veiculos-invade-uma-residencia-em-dracena\/#primaryimage","url":"https:\/\/radiolifefm.com.br\/noticias\/wp-content\/uploads\/2019\/04\/Mulher-acidente-Dracena.jpg","contentUrl":"https:\/\/radiolifefm.com.br\/noticias\/wp-content\/uploads\/2019\/04\/Mulher-acidente-Dracena.jpg","width":620,"height":424,"caption":"Mulheres se envolveram em acidente no centro de Dracena e um dos ve\u00edculos atingiu a parede de uma resid\u00eancia"},{"@type":"BreadcrumbList","@id":"https:\/\/radiolifefm.com.br\/noticias\/mulheres-se-envolvem-em-colisao-e-um-dos-veiculos-invade-uma-residencia-em-dracena\/#breadcrumb","itemListElement":[{"@type":"ListItem","position":1,"name":"In\u00edcio","item":"https:\/\/radiolifefm.com.br\/noticias\/"},{"@type":"ListItem","position":2,"name":"Mulheres se envolvem em colis\u00e3o e um dos ve\u00edculos invade uma resid\u00eancia em Dracena"}]},{"@type":"WebSite","@id":"https:\/\/radiolifefm.com.br\/noticias\/#website","url":"https:\/\/radiolifefm.com.br\/noticias\/","name":"R\u00e1dio Life FM","description":"O Portal de Not\u00edcias de Adamantina","publisher":{"@id":"https:\/\/radiolifefm.com.br\/noticias\/#organization"},"alternateName":"Life FM","potentialAction":[{"@type":"SearchAction","target":{"@type":"EntryPoint","urlTemplate":"https:\/\/radiolifefm.com.br\/noticias\/?s={search_term_string}"},"query-input":{"@type":"PropertyValueSpecification","valueRequired":true,"valueName":"search_term_string"}}],"inLanguage":"pt-BR"},{"@type":"Organization","@id":"https:\/\/radiolifefm.com.br\/noticias\/#organization","name":"R\u00e1dio Life FM","alternateName":"Life FM","url":"https:\/\/radiolifefm.com.br\/noticias\/","logo":{"@type":"ImageObject","inLanguage":"pt-BR","@id":"https:\/\/radiolifefm.com.br\/noticias\/#\/schema\/logo\/image\/","url":"https:\/\/static.radiolifefm.com.br\/noticias\/wp-content\/uploads\/2019\/10\/logo-lifefm.png","contentUrl":"https:\/\/static.radiolifefm.com.br\/noticias\/wp-content\/uploads\/2019\/10\/logo-lifefm.png","width":196,"height":47,"caption":"R\u00e1dio Life FM"},"image":{"@id":"https:\/\/radiolifefm.com.br\/noticias\/#\/schema\/logo\/image\/"},"sameAs":["https:\/\/www.facebook.com\/radiolifefm\/","https:\/\/www.instagram.com\/life1079fm\/"]},{"@type":"Person","@id":"https:\/\/radiolifefm.com.br\/noticias\/#\/schema\/person\/6876e1240feffe6e1b63fd5cb85abf28","name":"joaograndao","image":{"@type":"ImageObject","inLanguage":"pt-BR","@id":"https:\/\/secure.gravatar.com\/avatar\/d5b1a3cf357ed9c50404e256a1294083aa8ab5d2a994001567302786016cb32c?s=96&d=mm&r=g","url":"https:\/\/secure.gravatar.com\/avatar\/d5b1a3cf357ed9c50404e256a1294083aa8ab5d2a994001567302786016cb32c?s=96&d=mm&r=g","contentUrl":"https:\/\/secure.gravatar.com\/avatar\/d5b1a3cf357ed9c50404e256a1294083aa8ab5d2a994001567302786016cb32c?s=96&d=mm&r=g","caption":"joaograndao"}}]}},"amp_enabled":true,"_links":{"self":[{"href":"https:\/\/radiolifefm.com.br\/noticias\/wp-json\/wp\/v2\/posts\/11893","targetHints":{"allow":["GET"]}}],"collection":[{"href":"https:\/\/radiolifefm.com.br\/noticias\/wp-json\/wp\/v2\/posts"}],"about":[{"href":"https:\/\/radiolifefm.com.br\/noticias\/wp-json\/wp\/v2\/types\/post"}],"author":[{"embeddable":true,"href":"https:\/\/radiolifefm.com.br\/noticias\/wp-json\/wp\/v2\/users\/8"}],"replies":[{"embeddable":true,"href":"https:\/\/radiolifefm.com.br\/noticias\/wp-json\/wp\/v2\/comments?post=11893"}],"version-history":[{"count":3,"href":"https:\/\/radiolifefm.com.br\/noticias\/wp-json\/wp\/v2\/posts\/11893\/revisions"}],"predecessor-version":[{"id":11898,"href":"https:\/\/radiolifefm.com.br\/noticias\/wp-json\/wp\/v2\/posts\/11893\/revisions\/11898"}],"wp:featuredmedia":[{"embeddable":true,"href":"https:\/\/radiolifefm.com.br\/noticias\/wp-json\/wp\/v2\/media\/11894"}],"wp:attachment":[{"href":"https:\/\/radiolifefm.com.br\/noticias\/wp-json\/wp\/v2\/media?parent=11893"}],"wp:term":[{"taxonomy":"category","embeddable":true,"href":"https:\/\/radiolifefm.com.br\/noticias\/wp-json\/wp\/v2\/categories?post=11893"},{"taxonomy":"post_tag","embeddable":true,"href":"https:\/\/radiolifefm.com.br\/noticias\/wp-json\/wp\/v2\/tags?post=11893"}],"curies":[{"name":"wp","href":"https:\/\/api.w.org\/{rel}","templated":true}]}}