{"id":11884,"date":"2019-04-10T11:38:54","date_gmt":"2019-04-10T14:38:54","guid":{"rendered":"https:\/\/radiolifefm.com.br\/noticias\/?p=11884"},"modified":"2026-01-03T11:14:29","modified_gmt":"2026-01-03T14:14:29","slug":"coordenador-de-seguranca-e-saude-da-energisa-alerta-para-os-cuidados-com-e-rede-eletrica-na-area-rural","status":"publish","type":"post","link":"https:\/\/radiolifefm.com.br\/noticias\/coordenador-de-seguranca-e-saude-da-energisa-alerta-para-os-cuidados-com-e-rede-eletrica-na-area-rural\/","title":{"rendered":"Coordenador de Seguran\u00e7a e Sa\u00fade da Energisa alerta para os cuidados com e rede el\u00e9trica na \u00e1rea rural"},"content":{"rendered":"<div id=\"fb-root\"><\/div>\n<p><em>O uso de equipamentos e m\u00e1quinas cada vez mais altas implicam em risco aos operadores<\/em><\/p>\n<p>\u00c9 crescente a moderniza\u00e7\u00e3o nas atividades do setor agr\u00edcola em toda a regi\u00e3o, seguindo uma tend\u00eancia nacional e mundial para a utiliza\u00e7\u00e3o da tecnologia no desenvolvimento de equipamentos e m\u00e1quinas agr\u00edcolas.<br \/>\nCada vez mais se utiliza m\u00e1quinas agr\u00edcolas de \u00faltima gera\u00e7\u00e3o no cultivo de solo, plantio, conserva\u00e7\u00e3o e colheita de gr\u00e3os diversos e no setor sucroalcooleiro, o cultivo da cana de a\u00e7\u00facar.<br \/>\nCom a crescente onda de moderniza\u00e7\u00e3o e investimentos em tecnologia voltada para as atividades do agroneg\u00f3cio, cada vez mais se fabrica m\u00e1quinas maiores, com estrutura alta e com as redes de energia el\u00e9trica atravessando as \u00e1reas de cultivo, cresce o risco de acidentes envolvendo a rede el\u00e9trica.<br \/>\nO coordenador de seguran\u00e7a e sa\u00fade da empresa Energisa Sul Sudeste, Fernando Bombarda, destacou os cuidados que se deve ter ao trabalhar em \u00e1reas cortadas por rede el\u00e9trica, as dist\u00e2ncias regulamentares de seguran\u00e7a das redes que precisam ser respeitadas, que \u00e9 de 6 metros, os riscos envolvendo os cabos de a\u00e7o de sustenta\u00e7\u00e3o de postes e o fato de que n\u00e3o \u00e9 preciso tocar nos fios e cabos para ser atingido por uma descarga el\u00e9trica em redes de alta tens\u00e3o, bastando para isso uma aproxima\u00e7\u00e3o al\u00e9m das dist\u00e2ncias de seguran\u00e7a regulamentares,<br \/>\nFernando Bombarda alerta para todos os procedimentos de seguran\u00e7a e os protocolos regulamentares para a utiliza\u00e7\u00e3o desses equipamentos em \u00e1reas de cultivo cortadas por redes de energia e orienta os operadores de m\u00e1quinas e implementos agr\u00edcolas no sentido de evitar acidentes que podem ser fatais.<\/p>\n<p>Reda\u00e7\u00e3o &#8211; Kako de Oliveira<\/p>\n","protected":false},"excerpt":{"rendered":"<p>O uso de equipamentos e m\u00e1quinas cada vez mais altas implicam em risco aos operadores \u00c9 crescente a moderniza\u00e7\u00e3o nas atividades do setor agr\u00edcola em toda a regi\u00e3o, seguindo uma tend\u00eancia nacional e mundial para a utiliza\u00e7\u00e3o da tecnologia no desenvolvimento de equipamentos e m\u00e1quinas agr\u00edcolas. Cada vez mais se utiliza m\u00e1quinas agr\u00edcolas de \u00faltima [&hellip;]<\/p>\n","protected":false},"author":8,"featured_media":11885,"comment_status":"closed","ping_status":"open","sticky":false,"template":"","format":"standard","meta":{"_acf_changed":false,"_exactmetrics_skip_tracking":false,"_exactmetrics_sitenote_active":false,"_exactmetrics_sitenote_note":"","_exactmetrics_sitenote_category":0,"footnotes":""},"categories":[24],"tags":[],"class_list":["post-11884","post","type-post","status-publish","format-standard","has-post-thumbnail","hentry","category-regiao"],"acf":[],"yoast_head":"<!-- This site is optimized with the Yoast SEO plugin v27.2 - https:\/\/yoast.com\/product\/yoast-seo-wordpress\/ -->\n<title>Coordenador de Seguran\u00e7a e Sa\u00fade da Energisa alerta para os cuidados com e rede el\u00e9trica na \u00e1rea rural - R\u00e1dio Life FM<\/title>\n<meta name=\"robots\" content=\"index, follow, max-snippet:-1, max-image-preview:large, max-video-preview:-1\" \/>\n<link rel=\"canonical\" href=\"https:\/\/radiolifefm.com.br\/noticias\/coordenador-de-seguranca-e-saude-da-energisa-alerta-para-os-cuidados-com-e-rede-eletrica-na-area-rural\/\" \/>\n<meta property=\"og:locale\" content=\"pt_BR\" \/>\n<meta property=\"og:type\" content=\"article\" \/>\n<meta property=\"og:title\" content=\"Coordenador de Seguran\u00e7a e Sa\u00fade da Energisa alerta para os cuidados com e rede el\u00e9trica na \u00e1rea rural - R\u00e1dio Life FM\" \/>\n<meta property=\"og:description\" content=\"O uso de equipamentos e m\u00e1quinas cada vez mais altas implicam em risco aos operadores \u00c9 crescente a moderniza\u00e7\u00e3o nas atividades do setor agr\u00edcola em toda a regi\u00e3o, seguindo uma tend\u00eancia nacional e mundial para a utiliza\u00e7\u00e3o da tecnologia no desenvolvimento de equipamentos e m\u00e1quinas agr\u00edcolas. Cada vez mais se utiliza m\u00e1quinas agr\u00edcolas de \u00faltima [&hellip;]\" \/>\n<meta property=\"og:url\" content=\"https:\/\/radiolifefm.com.br\/noticias\/coordenador-de-seguranca-e-saude-da-energisa-alerta-para-os-cuidados-com-e-rede-eletrica-na-area-rural\/\" \/>\n<meta property=\"og:site_name\" content=\"R\u00e1dio Life FM\" \/>\n<meta property=\"article:publisher\" content=\"https:\/\/www.facebook.com\/radiolifefm\/\" \/>\n<meta property=\"article:published_time\" content=\"2019-04-10T14:38:54+00:00\" \/>\n<meta property=\"article:modified_time\" content=\"2026-01-03T14:14:29+00:00\" \/>\n<meta property=\"og:image\" content=\"https:\/\/radiolifefm.com.br\/noticias\/wp-content\/uploads\/2019\/04\/M\u00e1quina-de-cortar-cana.jpg\" \/>\n\t<meta property=\"og:image:width\" content=\"275\" \/>\n\t<meta property=\"og:image:height\" content=\"183\" \/>\n\t<meta property=\"og:image:type\" content=\"image\/jpeg\" \/>\n<meta name=\"author\" content=\"joaograndao\" \/>\n<meta name=\"twitter:card\" content=\"summary_large_image\" \/>\n<meta name=\"twitter:label1\" content=\"Escrito por\" \/>\n\t<meta name=\"twitter:data1\" content=\"joaograndao\" \/>\n\t<meta name=\"twitter:label2\" content=\"Est. tempo de leitura\" \/>\n\t<meta name=\"twitter:data2\" content=\"1 minuto\" \/>\n<script type=\"application\/ld+json\" class=\"yoast-schema-graph\">{\"@context\":\"https:\/\/schema.org\",\"@graph\":[{\"@type\":\"Article\",\"@id\":\"https:\/\/radiolifefm.com.br\/noticias\/coordenador-de-seguranca-e-saude-da-energisa-alerta-para-os-cuidados-com-e-rede-eletrica-na-area-rural\/#article\",\"isPartOf\":{\"@id\":\"https:\/\/radiolifefm.com.br\/noticias\/coordenador-de-seguranca-e-saude-da-energisa-alerta-para-os-cuidados-com-e-rede-eletrica-na-area-rural\/\"},\"author\":{\"name\":\"joaograndao\",\"@id\":\"https:\/\/radiolifefm.com.br\/noticias\/#\/schema\/person\/6876e1240feffe6e1b63fd5cb85abf28\"},\"headline\":\"Coordenador de Seguran\u00e7a e Sa\u00fade da Energisa alerta para os cuidados com e rede el\u00e9trica na \u00e1rea rural\",\"datePublished\":\"2019-04-10T14:38:54+00:00\",\"dateModified\":\"2026-01-03T14:14:29+00:00\",\"mainEntityOfPage\":{\"@id\":\"https:\/\/radiolifefm.com.br\/noticias\/coordenador-de-seguranca-e-saude-da-energisa-alerta-para-os-cuidados-com-e-rede-eletrica-na-area-rural\/\"},\"wordCount\":320,\"publisher\":{\"@id\":\"https:\/\/radiolifefm.com.br\/noticias\/#organization\"},\"image\":{\"@id\":\"https:\/\/radiolifefm.com.br\/noticias\/coordenador-de-seguranca-e-saude-da-energisa-alerta-para-os-cuidados-com-e-rede-eletrica-na-area-rural\/#primaryimage\"},\"thumbnailUrl\":\"https:\/\/radiolifefm.com.br\/noticias\/wp-content\/uploads\/2019\/04\/M\u00e1quina-de-cortar-cana.jpg\",\"articleSection\":[\"Regi\u00e3o\"],\"inLanguage\":\"pt-BR\"},{\"@type\":\"WebPage\",\"@id\":\"https:\/\/radiolifefm.com.br\/noticias\/coordenador-de-seguranca-e-saude-da-energisa-alerta-para-os-cuidados-com-e-rede-eletrica-na-area-rural\/\",\"url\":\"https:\/\/radiolifefm.com.br\/noticias\/coordenador-de-seguranca-e-saude-da-energisa-alerta-para-os-cuidados-com-e-rede-eletrica-na-area-rural\/\",\"name\":\"Coordenador de Seguran\u00e7a e Sa\u00fade da Energisa alerta para os cuidados com e rede el\u00e9trica na \u00e1rea rural - R\u00e1dio Life FM\",\"isPartOf\":{\"@id\":\"https:\/\/radiolifefm.com.br\/noticias\/#website\"},\"primaryImageOfPage\":{\"@id\":\"https:\/\/radiolifefm.com.br\/noticias\/coordenador-de-seguranca-e-saude-da-energisa-alerta-para-os-cuidados-com-e-rede-eletrica-na-area-rural\/#primaryimage\"},\"image\":{\"@id\":\"https:\/\/radiolifefm.com.br\/noticias\/coordenador-de-seguranca-e-saude-da-energisa-alerta-para-os-cuidados-com-e-rede-eletrica-na-area-rural\/#primaryimage\"},\"thumbnailUrl\":\"https:\/\/radiolifefm.com.br\/noticias\/wp-content\/uploads\/2019\/04\/M\u00e1quina-de-cortar-cana.jpg\",\"datePublished\":\"2019-04-10T14:38:54+00:00\",\"dateModified\":\"2026-01-03T14:14:29+00:00\",\"breadcrumb\":{\"@id\":\"https:\/\/radiolifefm.com.br\/noticias\/coordenador-de-seguranca-e-saude-da-energisa-alerta-para-os-cuidados-com-e-rede-eletrica-na-area-rural\/#breadcrumb\"},\"inLanguage\":\"pt-BR\",\"potentialAction\":[{\"@type\":\"ReadAction\",\"target\":[\"https:\/\/radiolifefm.com.br\/noticias\/coordenador-de-seguranca-e-saude-da-energisa-alerta-para-os-cuidados-com-e-rede-eletrica-na-area-rural\/\"]}]},{\"@type\":\"ImageObject\",\"inLanguage\":\"pt-BR\",\"@id\":\"https:\/\/radiolifefm.com.br\/noticias\/coordenador-de-seguranca-e-saude-da-energisa-alerta-para-os-cuidados-com-e-rede-eletrica-na-area-rural\/#primaryimage\",\"url\":\"https:\/\/radiolifefm.com.br\/noticias\/wp-content\/uploads\/2019\/04\/M\u00e1quina-de-cortar-cana.jpg\",\"contentUrl\":\"https:\/\/radiolifefm.com.br\/noticias\/wp-content\/uploads\/2019\/04\/M\u00e1quina-de-cortar-cana.jpg\",\"width\":275,\"height\":183,\"caption\":\"M\u00e1quinas agr\u00edcolas grandes e altas implica em risco aos operadores em \u00e1reas cortadas por redes de energia de alta tens\u00e3o\"},{\"@type\":\"BreadcrumbList\",\"@id\":\"https:\/\/radiolifefm.com.br\/noticias\/coordenador-de-seguranca-e-saude-da-energisa-alerta-para-os-cuidados-com-e-rede-eletrica-na-area-rural\/#breadcrumb\",\"itemListElement\":[{\"@type\":\"ListItem\",\"position\":1,\"name\":\"In\u00edcio\",\"item\":\"https:\/\/radiolifefm.com.br\/noticias\/\"},{\"@type\":\"ListItem\",\"position\":2,\"name\":\"Coordenador de Seguran\u00e7a e Sa\u00fade da Energisa alerta para os cuidados com e rede el\u00e9trica na \u00e1rea rural\"}]},{\"@type\":\"WebSite\",\"@id\":\"https:\/\/radiolifefm.com.br\/noticias\/#website\",\"url\":\"https:\/\/radiolifefm.com.br\/noticias\/\",\"name\":\"R\u00e1dio Life FM\",\"description\":\"O Portal de Not\u00edcias de Adamantina\",\"publisher\":{\"@id\":\"https:\/\/radiolifefm.com.br\/noticias\/#organization\"},\"alternateName\":\"Life FM\",\"potentialAction\":[{\"@type\":\"SearchAction\",\"target\":{\"@type\":\"EntryPoint\",\"urlTemplate\":\"https:\/\/radiolifefm.com.br\/noticias\/?s={search_term_string}\"},\"query-input\":{\"@type\":\"PropertyValueSpecification\",\"valueRequired\":true,\"valueName\":\"search_term_string\"}}],\"inLanguage\":\"pt-BR\"},{\"@type\":\"Organization\",\"@id\":\"https:\/\/radiolifefm.com.br\/noticias\/#organization\",\"name\":\"R\u00e1dio Life FM\",\"alternateName\":\"Life FM\",\"url\":\"https:\/\/radiolifefm.com.br\/noticias\/\",\"logo\":{\"@type\":\"ImageObject\",\"inLanguage\":\"pt-BR\",\"@id\":\"https:\/\/radiolifefm.com.br\/noticias\/#\/schema\/logo\/image\/\",\"url\":\"https:\/\/static.radiolifefm.com.br\/noticias\/wp-content\/uploads\/2019\/10\/logo-lifefm.png\",\"contentUrl\":\"https:\/\/static.radiolifefm.com.br\/noticias\/wp-content\/uploads\/2019\/10\/logo-lifefm.png\",\"width\":196,\"height\":47,\"caption\":\"R\u00e1dio Life FM\"},\"image\":{\"@id\":\"https:\/\/radiolifefm.com.br\/noticias\/#\/schema\/logo\/image\/\"},\"sameAs\":[\"https:\/\/www.facebook.com\/radiolifefm\/\",\"https:\/\/www.instagram.com\/life1079fm\/\"]},{\"@type\":\"Person\",\"@id\":\"https:\/\/radiolifefm.com.br\/noticias\/#\/schema\/person\/6876e1240feffe6e1b63fd5cb85abf28\",\"name\":\"joaograndao\",\"image\":{\"@type\":\"ImageObject\",\"inLanguage\":\"pt-BR\",\"@id\":\"https:\/\/secure.gravatar.com\/avatar\/d5b1a3cf357ed9c50404e256a1294083aa8ab5d2a994001567302786016cb32c?s=96&d=mm&r=g\",\"url\":\"https:\/\/secure.gravatar.com\/avatar\/d5b1a3cf357ed9c50404e256a1294083aa8ab5d2a994001567302786016cb32c?s=96&d=mm&r=g\",\"contentUrl\":\"https:\/\/secure.gravatar.com\/avatar\/d5b1a3cf357ed9c50404e256a1294083aa8ab5d2a994001567302786016cb32c?s=96&d=mm&r=g\",\"caption\":\"joaograndao\"}}]}<\/script>\n<!-- \/ Yoast SEO plugin. -->","yoast_head_json":{"title":"Coordenador de Seguran\u00e7a e Sa\u00fade da Energisa alerta para os cuidados com e rede el\u00e9trica na \u00e1rea rural - R\u00e1dio Life FM","robots":{"index":"index","follow":"follow","max-snippet":"max-snippet:-1","max-image-preview":"max-image-preview:large","max-video-preview":"max-video-preview:-1"},"canonical":"https:\/\/radiolifefm.com.br\/noticias\/coordenador-de-seguranca-e-saude-da-energisa-alerta-para-os-cuidados-com-e-rede-eletrica-na-area-rural\/","og_locale":"pt_BR","og_type":"article","og_title":"Coordenador de Seguran\u00e7a e Sa\u00fade da Energisa alerta para os cuidados com e rede el\u00e9trica na \u00e1rea rural - R\u00e1dio Life FM","og_description":"O uso de equipamentos e m\u00e1quinas cada vez mais altas implicam em risco aos operadores \u00c9 crescente a moderniza\u00e7\u00e3o nas atividades do setor agr\u00edcola em toda a regi\u00e3o, seguindo uma tend\u00eancia nacional e mundial para a utiliza\u00e7\u00e3o da tecnologia no desenvolvimento de equipamentos e m\u00e1quinas agr\u00edcolas. Cada vez mais se utiliza m\u00e1quinas agr\u00edcolas de \u00faltima [&hellip;]","og_url":"https:\/\/radiolifefm.com.br\/noticias\/coordenador-de-seguranca-e-saude-da-energisa-alerta-para-os-cuidados-com-e-rede-eletrica-na-area-rural\/","og_site_name":"R\u00e1dio Life FM","article_publisher":"https:\/\/www.facebook.com\/radiolifefm\/","article_published_time":"2019-04-10T14:38:54+00:00","article_modified_time":"2026-01-03T14:14:29+00:00","og_image":[{"width":275,"height":183,"url":"https:\/\/radiolifefm.com.br\/noticias\/wp-content\/uploads\/2019\/04\/M\u00e1quina-de-cortar-cana.jpg","type":"image\/jpeg"}],"author":"joaograndao","twitter_card":"summary_large_image","twitter_misc":{"Escrito por":"joaograndao","Est. tempo de leitura":"1 minuto"},"schema":{"@context":"https:\/\/schema.org","@graph":[{"@type":"Article","@id":"https:\/\/radiolifefm.com.br\/noticias\/coordenador-de-seguranca-e-saude-da-energisa-alerta-para-os-cuidados-com-e-rede-eletrica-na-area-rural\/#article","isPartOf":{"@id":"https:\/\/radiolifefm.com.br\/noticias\/coordenador-de-seguranca-e-saude-da-energisa-alerta-para-os-cuidados-com-e-rede-eletrica-na-area-rural\/"},"author":{"name":"joaograndao","@id":"https:\/\/radiolifefm.com.br\/noticias\/#\/schema\/person\/6876e1240feffe6e1b63fd5cb85abf28"},"headline":"Coordenador de Seguran\u00e7a e Sa\u00fade da Energisa alerta para os cuidados com e rede el\u00e9trica na \u00e1rea rural","datePublished":"2019-04-10T14:38:54+00:00","dateModified":"2026-01-03T14:14:29+00:00","mainEntityOfPage":{"@id":"https:\/\/radiolifefm.com.br\/noticias\/coordenador-de-seguranca-e-saude-da-energisa-alerta-para-os-cuidados-com-e-rede-eletrica-na-area-rural\/"},"wordCount":320,"publisher":{"@id":"https:\/\/radiolifefm.com.br\/noticias\/#organization"},"image":{"@id":"https:\/\/radiolifefm.com.br\/noticias\/coordenador-de-seguranca-e-saude-da-energisa-alerta-para-os-cuidados-com-e-rede-eletrica-na-area-rural\/#primaryimage"},"thumbnailUrl":"https:\/\/radiolifefm.com.br\/noticias\/wp-content\/uploads\/2019\/04\/M\u00e1quina-de-cortar-cana.jpg","articleSection":["Regi\u00e3o"],"inLanguage":"pt-BR"},{"@type":"WebPage","@id":"https:\/\/radiolifefm.com.br\/noticias\/coordenador-de-seguranca-e-saude-da-energisa-alerta-para-os-cuidados-com-e-rede-eletrica-na-area-rural\/","url":"https:\/\/radiolifefm.com.br\/noticias\/coordenador-de-seguranca-e-saude-da-energisa-alerta-para-os-cuidados-com-e-rede-eletrica-na-area-rural\/","name":"Coordenador de Seguran\u00e7a e Sa\u00fade da Energisa alerta para os cuidados com e rede el\u00e9trica na \u00e1rea rural - R\u00e1dio Life FM","isPartOf":{"@id":"https:\/\/radiolifefm.com.br\/noticias\/#website"},"primaryImageOfPage":{"@id":"https:\/\/radiolifefm.com.br\/noticias\/coordenador-de-seguranca-e-saude-da-energisa-alerta-para-os-cuidados-com-e-rede-eletrica-na-area-rural\/#primaryimage"},"image":{"@id":"https:\/\/radiolifefm.com.br\/noticias\/coordenador-de-seguranca-e-saude-da-energisa-alerta-para-os-cuidados-com-e-rede-eletrica-na-area-rural\/#primaryimage"},"thumbnailUrl":"https:\/\/radiolifefm.com.br\/noticias\/wp-content\/uploads\/2019\/04\/M\u00e1quina-de-cortar-cana.jpg","datePublished":"2019-04-10T14:38:54+00:00","dateModified":"2026-01-03T14:14:29+00:00","breadcrumb":{"@id":"https:\/\/radiolifefm.com.br\/noticias\/coordenador-de-seguranca-e-saude-da-energisa-alerta-para-os-cuidados-com-e-rede-eletrica-na-area-rural\/#breadcrumb"},"inLanguage":"pt-BR","potentialAction":[{"@type":"ReadAction","target":["https:\/\/radiolifefm.com.br\/noticias\/coordenador-de-seguranca-e-saude-da-energisa-alerta-para-os-cuidados-com-e-rede-eletrica-na-area-rural\/"]}]},{"@type":"ImageObject","inLanguage":"pt-BR","@id":"https:\/\/radiolifefm.com.br\/noticias\/coordenador-de-seguranca-e-saude-da-energisa-alerta-para-os-cuidados-com-e-rede-eletrica-na-area-rural\/#primaryimage","url":"https:\/\/radiolifefm.com.br\/noticias\/wp-content\/uploads\/2019\/04\/M\u00e1quina-de-cortar-cana.jpg","contentUrl":"https:\/\/radiolifefm.com.br\/noticias\/wp-content\/uploads\/2019\/04\/M\u00e1quina-de-cortar-cana.jpg","width":275,"height":183,"caption":"M\u00e1quinas agr\u00edcolas grandes e altas implica em risco aos operadores em \u00e1reas cortadas por redes de energia de alta tens\u00e3o"},{"@type":"BreadcrumbList","@id":"https:\/\/radiolifefm.com.br\/noticias\/coordenador-de-seguranca-e-saude-da-energisa-alerta-para-os-cuidados-com-e-rede-eletrica-na-area-rural\/#breadcrumb","itemListElement":[{"@type":"ListItem","position":1,"name":"In\u00edcio","item":"https:\/\/radiolifefm.com.br\/noticias\/"},{"@type":"ListItem","position":2,"name":"Coordenador de Seguran\u00e7a e Sa\u00fade da Energisa alerta para os cuidados com e rede el\u00e9trica na \u00e1rea rural"}]},{"@type":"WebSite","@id":"https:\/\/radiolifefm.com.br\/noticias\/#website","url":"https:\/\/radiolifefm.com.br\/noticias\/","name":"R\u00e1dio Life FM","description":"O Portal de Not\u00edcias de Adamantina","publisher":{"@id":"https:\/\/radiolifefm.com.br\/noticias\/#organization"},"alternateName":"Life FM","potentialAction":[{"@type":"SearchAction","target":{"@type":"EntryPoint","urlTemplate":"https:\/\/radiolifefm.com.br\/noticias\/?s={search_term_string}"},"query-input":{"@type":"PropertyValueSpecification","valueRequired":true,"valueName":"search_term_string"}}],"inLanguage":"pt-BR"},{"@type":"Organization","@id":"https:\/\/radiolifefm.com.br\/noticias\/#organization","name":"R\u00e1dio Life FM","alternateName":"Life FM","url":"https:\/\/radiolifefm.com.br\/noticias\/","logo":{"@type":"ImageObject","inLanguage":"pt-BR","@id":"https:\/\/radiolifefm.com.br\/noticias\/#\/schema\/logo\/image\/","url":"https:\/\/static.radiolifefm.com.br\/noticias\/wp-content\/uploads\/2019\/10\/logo-lifefm.png","contentUrl":"https:\/\/static.radiolifefm.com.br\/noticias\/wp-content\/uploads\/2019\/10\/logo-lifefm.png","width":196,"height":47,"caption":"R\u00e1dio Life FM"},"image":{"@id":"https:\/\/radiolifefm.com.br\/noticias\/#\/schema\/logo\/image\/"},"sameAs":["https:\/\/www.facebook.com\/radiolifefm\/","https:\/\/www.instagram.com\/life1079fm\/"]},{"@type":"Person","@id":"https:\/\/radiolifefm.com.br\/noticias\/#\/schema\/person\/6876e1240feffe6e1b63fd5cb85abf28","name":"joaograndao","image":{"@type":"ImageObject","inLanguage":"pt-BR","@id":"https:\/\/secure.gravatar.com\/avatar\/d5b1a3cf357ed9c50404e256a1294083aa8ab5d2a994001567302786016cb32c?s=96&d=mm&r=g","url":"https:\/\/secure.gravatar.com\/avatar\/d5b1a3cf357ed9c50404e256a1294083aa8ab5d2a994001567302786016cb32c?s=96&d=mm&r=g","contentUrl":"https:\/\/secure.gravatar.com\/avatar\/d5b1a3cf357ed9c50404e256a1294083aa8ab5d2a994001567302786016cb32c?s=96&d=mm&r=g","caption":"joaograndao"}}]}},"amp_enabled":true,"_links":{"self":[{"href":"https:\/\/radiolifefm.com.br\/noticias\/wp-json\/wp\/v2\/posts\/11884","targetHints":{"allow":["GET"]}}],"collection":[{"href":"https:\/\/radiolifefm.com.br\/noticias\/wp-json\/wp\/v2\/posts"}],"about":[{"href":"https:\/\/radiolifefm.com.br\/noticias\/wp-json\/wp\/v2\/types\/post"}],"author":[{"embeddable":true,"href":"https:\/\/radiolifefm.com.br\/noticias\/wp-json\/wp\/v2\/users\/8"}],"replies":[{"embeddable":true,"href":"https:\/\/radiolifefm.com.br\/noticias\/wp-json\/wp\/v2\/comments?post=11884"}],"version-history":[{"count":2,"href":"https:\/\/radiolifefm.com.br\/noticias\/wp-json\/wp\/v2\/posts\/11884\/revisions"}],"predecessor-version":[{"id":11887,"href":"https:\/\/radiolifefm.com.br\/noticias\/wp-json\/wp\/v2\/posts\/11884\/revisions\/11887"}],"wp:featuredmedia":[{"embeddable":true,"href":"https:\/\/radiolifefm.com.br\/noticias\/wp-json\/wp\/v2\/media\/11885"}],"wp:attachment":[{"href":"https:\/\/radiolifefm.com.br\/noticias\/wp-json\/wp\/v2\/media?parent=11884"}],"wp:term":[{"taxonomy":"category","embeddable":true,"href":"https:\/\/radiolifefm.com.br\/noticias\/wp-json\/wp\/v2\/categories?post=11884"},{"taxonomy":"post_tag","embeddable":true,"href":"https:\/\/radiolifefm.com.br\/noticias\/wp-json\/wp\/v2\/tags?post=11884"}],"curies":[{"name":"wp","href":"https:\/\/api.w.org\/{rel}","templated":true}]}}