{"id":11881,"date":"2019-04-10T09:26:31","date_gmt":"2019-04-10T12:26:31","guid":{"rendered":"https:\/\/radiolifefm.com.br\/noticias\/?p=11881"},"modified":"2026-04-17T10:23:03","modified_gmt":"2026-04-17T13:23:03","slug":"homem-com-nome-no-sistema-prisional-como-preso-por-crime-de-roubo-e-detido-pela-policia-militar-de-osvaldo-cruz","status":"publish","type":"post","link":"https:\/\/radiolifefm.com.br\/noticias\/homem-com-nome-no-sistema-prisional-como-preso-por-crime-de-roubo-e-detido-pela-policia-militar-de-osvaldo-cruz\/","title":{"rendered":"Homem com nome no sistema prisional como preso por crime de roubo \u00e9 detido pela Pol\u00edcia Militar de Osvaldo Cruz"},"content":{"rendered":"<div id=\"fb-root\"><\/div>\n<p><em>O nome do indiciado constava no sistema como preso pelo crime de roubo<\/em><\/p>\n<p><span style=\"font-weight: inherit;font-style: inherit\">Policiais militares de Osvaldo Cruz em patrulhamento pela Rua Armando Sales, no centro da cidade, se deparam com um Ve\u00edculo Fiat Tipo, azul, transitando pela contram\u00e3o de dire\u00e7\u00e3o em atitude suspeita, conduzido por P.C. B. M.<\/span><\/p>\n<p style=\"font-weight: inherit;font-style: inherit\"><span style=\"font-weight: inherit;font-style: inherit\">O condutor passou pela abordagem e nada de il\u00edcito foi encontrado, por\u00e9m, ao realizar consulta no sistema sobre sua situa\u00e7\u00e3o perante a justi\u00e7a, foi constatado que P.C. B. M., j\u00e1 constava como preso pelo crime roubo e n\u00e3o possu\u00eda CNH (Carteira Nacional de Habilita\u00e7\u00e3o).<\/span><\/p>\n<p style=\"font-weight: inherit;font-style: inherit\"><span style=\"font-weight: inherit;font-style: inherit\">P.C. B. M. foi conduzido para o Plant\u00e3o Policial ,onde a autoridade de plant\u00e3o tomou as devidas provid\u00eancias.<\/span><\/p>\n<p>Fonte &#8211; Tudo Local<\/p>\n<p>Reda\u00e7\u00e3o &#8211; Kako de Oliveira<\/p>\n","protected":false},"excerpt":{"rendered":"<p>O nome do indiciado constava no sistema como preso pelo crime de roubo Policiais militares de Osvaldo Cruz em patrulhamento pela Rua Armando Sales, no centro da cidade, se deparam com um Ve\u00edculo Fiat Tipo, azul, transitando pela contram\u00e3o de dire\u00e7\u00e3o em atitude suspeita, conduzido por P.C. B. M. O condutor passou pela abordagem e [&hellip;]<\/p>\n","protected":false},"author":8,"featured_media":11533,"comment_status":"closed","ping_status":"open","sticky":false,"template":"","format":"standard","meta":{"_acf_changed":false,"_exactmetrics_skip_tracking":false,"_exactmetrics_sitenote_active":false,"_exactmetrics_sitenote_note":"","_exactmetrics_sitenote_category":0,"footnotes":""},"categories":[24],"tags":[],"class_list":["post-11881","post","type-post","status-publish","format-standard","has-post-thumbnail","hentry","category-regiao"],"acf":[],"yoast_head":"<!-- This site is optimized with the Yoast SEO plugin v27.2 - https:\/\/yoast.com\/product\/yoast-seo-wordpress\/ -->\n<title>Homem com nome no sistema prisional como preso por crime de roubo \u00e9 detido pela Pol\u00edcia Militar de Osvaldo Cruz - R\u00e1dio Life FM<\/title>\n<meta name=\"robots\" content=\"index, follow, max-snippet:-1, max-image-preview:large, max-video-preview:-1\" \/>\n<link rel=\"canonical\" href=\"https:\/\/radiolifefm.com.br\/noticias\/homem-com-nome-no-sistema-prisional-como-preso-por-crime-de-roubo-e-detido-pela-policia-militar-de-osvaldo-cruz\/\" \/>\n<meta property=\"og:locale\" content=\"pt_BR\" \/>\n<meta property=\"og:type\" content=\"article\" \/>\n<meta property=\"og:title\" content=\"Homem com nome no sistema prisional como preso por crime de roubo \u00e9 detido pela Pol\u00edcia Militar de Osvaldo Cruz - R\u00e1dio Life FM\" \/>\n<meta property=\"og:description\" content=\"O nome do indiciado constava no sistema como preso pelo crime de roubo Policiais militares de Osvaldo Cruz em patrulhamento pela Rua Armando Sales, no centro da cidade, se deparam com um Ve\u00edculo Fiat Tipo, azul, transitando pela contram\u00e3o de dire\u00e7\u00e3o em atitude suspeita, conduzido por P.C. B. M. O condutor passou pela abordagem e [&hellip;]\" \/>\n<meta property=\"og:url\" content=\"https:\/\/radiolifefm.com.br\/noticias\/homem-com-nome-no-sistema-prisional-como-preso-por-crime-de-roubo-e-detido-pela-policia-militar-de-osvaldo-cruz\/\" \/>\n<meta property=\"og:site_name\" content=\"R\u00e1dio Life FM\" \/>\n<meta property=\"article:publisher\" content=\"https:\/\/www.facebook.com\/radiolifefm\/\" \/>\n<meta property=\"article:published_time\" content=\"2019-04-10T12:26:31+00:00\" \/>\n<meta property=\"article:modified_time\" content=\"2026-04-17T13:23:03+00:00\" \/>\n<meta property=\"og:image\" content=\"https:\/\/radiolifefm.com.br\/noticias\/wp-content\/uploads\/2019\/04\/Algemas.jpg\" \/>\n\t<meta property=\"og:image:width\" content=\"300\" \/>\n\t<meta property=\"og:image:height\" content=\"168\" \/>\n\t<meta property=\"og:image:type\" content=\"image\/jpeg\" \/>\n<meta name=\"author\" content=\"joaograndao\" \/>\n<meta name=\"twitter:card\" content=\"summary_large_image\" \/>\n<meta name=\"twitter:label1\" content=\"Escrito por\" \/>\n\t<meta name=\"twitter:data1\" content=\"joaograndao\" \/>\n\t<meta name=\"twitter:label2\" content=\"Est. tempo de leitura\" \/>\n\t<meta name=\"twitter:data2\" content=\"1 minuto\" \/>\n<script type=\"application\/ld+json\" class=\"yoast-schema-graph\">{\"@context\":\"https:\/\/schema.org\",\"@graph\":[{\"@type\":\"Article\",\"@id\":\"https:\/\/radiolifefm.com.br\/noticias\/homem-com-nome-no-sistema-prisional-como-preso-por-crime-de-roubo-e-detido-pela-policia-militar-de-osvaldo-cruz\/#article\",\"isPartOf\":{\"@id\":\"https:\/\/radiolifefm.com.br\/noticias\/homem-com-nome-no-sistema-prisional-como-preso-por-crime-de-roubo-e-detido-pela-policia-militar-de-osvaldo-cruz\/\"},\"author\":{\"name\":\"joaograndao\",\"@id\":\"https:\/\/radiolifefm.com.br\/noticias\/#\/schema\/person\/6876e1240feffe6e1b63fd5cb85abf28\"},\"headline\":\"Homem com nome no sistema prisional como preso por crime de roubo \u00e9 detido pela Pol\u00edcia Militar de Osvaldo Cruz\",\"datePublished\":\"2019-04-10T12:26:31+00:00\",\"dateModified\":\"2026-04-17T13:23:03+00:00\",\"mainEntityOfPage\":{\"@id\":\"https:\/\/radiolifefm.com.br\/noticias\/homem-com-nome-no-sistema-prisional-como-preso-por-crime-de-roubo-e-detido-pela-policia-militar-de-osvaldo-cruz\/\"},\"wordCount\":157,\"publisher\":{\"@id\":\"https:\/\/radiolifefm.com.br\/noticias\/#organization\"},\"image\":{\"@id\":\"https:\/\/radiolifefm.com.br\/noticias\/homem-com-nome-no-sistema-prisional-como-preso-por-crime-de-roubo-e-detido-pela-policia-militar-de-osvaldo-cruz\/#primaryimage\"},\"thumbnailUrl\":\"https:\/\/radiolifefm.com.br\/noticias\/wp-content\/uploads\/2019\/04\/Algemas.jpg\",\"articleSection\":[\"Regi\u00e3o\"],\"inLanguage\":\"pt-BR\"},{\"@type\":\"WebPage\",\"@id\":\"https:\/\/radiolifefm.com.br\/noticias\/homem-com-nome-no-sistema-prisional-como-preso-por-crime-de-roubo-e-detido-pela-policia-militar-de-osvaldo-cruz\/\",\"url\":\"https:\/\/radiolifefm.com.br\/noticias\/homem-com-nome-no-sistema-prisional-como-preso-por-crime-de-roubo-e-detido-pela-policia-militar-de-osvaldo-cruz\/\",\"name\":\"Homem com nome no sistema prisional como preso por crime de roubo \u00e9 detido pela Pol\u00edcia Militar de Osvaldo Cruz - R\u00e1dio Life FM\",\"isPartOf\":{\"@id\":\"https:\/\/radiolifefm.com.br\/noticias\/#website\"},\"primaryImageOfPage\":{\"@id\":\"https:\/\/radiolifefm.com.br\/noticias\/homem-com-nome-no-sistema-prisional-como-preso-por-crime-de-roubo-e-detido-pela-policia-militar-de-osvaldo-cruz\/#primaryimage\"},\"image\":{\"@id\":\"https:\/\/radiolifefm.com.br\/noticias\/homem-com-nome-no-sistema-prisional-como-preso-por-crime-de-roubo-e-detido-pela-policia-militar-de-osvaldo-cruz\/#primaryimage\"},\"thumbnailUrl\":\"https:\/\/radiolifefm.com.br\/noticias\/wp-content\/uploads\/2019\/04\/Algemas.jpg\",\"datePublished\":\"2019-04-10T12:26:31+00:00\",\"dateModified\":\"2026-04-17T13:23:03+00:00\",\"breadcrumb\":{\"@id\":\"https:\/\/radiolifefm.com.br\/noticias\/homem-com-nome-no-sistema-prisional-como-preso-por-crime-de-roubo-e-detido-pela-policia-militar-de-osvaldo-cruz\/#breadcrumb\"},\"inLanguage\":\"pt-BR\",\"potentialAction\":[{\"@type\":\"ReadAction\",\"target\":[\"https:\/\/radiolifefm.com.br\/noticias\/homem-com-nome-no-sistema-prisional-como-preso-por-crime-de-roubo-e-detido-pela-policia-militar-de-osvaldo-cruz\/\"]}]},{\"@type\":\"ImageObject\",\"inLanguage\":\"pt-BR\",\"@id\":\"https:\/\/radiolifefm.com.br\/noticias\/homem-com-nome-no-sistema-prisional-como-preso-por-crime-de-roubo-e-detido-pela-policia-militar-de-osvaldo-cruz\/#primaryimage\",\"url\":\"https:\/\/radiolifefm.com.br\/noticias\/wp-content\/uploads\/2019\/04\/Algemas.jpg\",\"contentUrl\":\"https:\/\/radiolifefm.com.br\/noticias\/wp-content\/uploads\/2019\/04\/Algemas.jpg\",\"width\":300,\"height\":168,\"caption\":\"Homem procurado da justi\u00e7a foi preso pela Pol\u00edcia Militar de Osvaldo Cruz\"},{\"@type\":\"BreadcrumbList\",\"@id\":\"https:\/\/radiolifefm.com.br\/noticias\/homem-com-nome-no-sistema-prisional-como-preso-por-crime-de-roubo-e-detido-pela-policia-militar-de-osvaldo-cruz\/#breadcrumb\",\"itemListElement\":[{\"@type\":\"ListItem\",\"position\":1,\"name\":\"In\u00edcio\",\"item\":\"https:\/\/radiolifefm.com.br\/noticias\/\"},{\"@type\":\"ListItem\",\"position\":2,\"name\":\"Homem com nome no sistema prisional como preso por crime de roubo \u00e9 detido pela Pol\u00edcia Militar de Osvaldo Cruz\"}]},{\"@type\":\"WebSite\",\"@id\":\"https:\/\/radiolifefm.com.br\/noticias\/#website\",\"url\":\"https:\/\/radiolifefm.com.br\/noticias\/\",\"name\":\"R\u00e1dio Life FM\",\"description\":\"O Portal de Not\u00edcias de Adamantina\",\"publisher\":{\"@id\":\"https:\/\/radiolifefm.com.br\/noticias\/#organization\"},\"alternateName\":\"Life FM\",\"potentialAction\":[{\"@type\":\"SearchAction\",\"target\":{\"@type\":\"EntryPoint\",\"urlTemplate\":\"https:\/\/radiolifefm.com.br\/noticias\/?s={search_term_string}\"},\"query-input\":{\"@type\":\"PropertyValueSpecification\",\"valueRequired\":true,\"valueName\":\"search_term_string\"}}],\"inLanguage\":\"pt-BR\"},{\"@type\":\"Organization\",\"@id\":\"https:\/\/radiolifefm.com.br\/noticias\/#organization\",\"name\":\"R\u00e1dio Life FM\",\"alternateName\":\"Life FM\",\"url\":\"https:\/\/radiolifefm.com.br\/noticias\/\",\"logo\":{\"@type\":\"ImageObject\",\"inLanguage\":\"pt-BR\",\"@id\":\"https:\/\/radiolifefm.com.br\/noticias\/#\/schema\/logo\/image\/\",\"url\":\"https:\/\/static.radiolifefm.com.br\/noticias\/wp-content\/uploads\/2019\/10\/logo-lifefm.png\",\"contentUrl\":\"https:\/\/static.radiolifefm.com.br\/noticias\/wp-content\/uploads\/2019\/10\/logo-lifefm.png\",\"width\":196,\"height\":47,\"caption\":\"R\u00e1dio Life FM\"},\"image\":{\"@id\":\"https:\/\/radiolifefm.com.br\/noticias\/#\/schema\/logo\/image\/\"},\"sameAs\":[\"https:\/\/www.facebook.com\/radiolifefm\/\",\"https:\/\/www.instagram.com\/life1079fm\/\"]},{\"@type\":\"Person\",\"@id\":\"https:\/\/radiolifefm.com.br\/noticias\/#\/schema\/person\/6876e1240feffe6e1b63fd5cb85abf28\",\"name\":\"joaograndao\",\"image\":{\"@type\":\"ImageObject\",\"inLanguage\":\"pt-BR\",\"@id\":\"https:\/\/secure.gravatar.com\/avatar\/d5b1a3cf357ed9c50404e256a1294083aa8ab5d2a994001567302786016cb32c?s=96&d=mm&r=g\",\"url\":\"https:\/\/secure.gravatar.com\/avatar\/d5b1a3cf357ed9c50404e256a1294083aa8ab5d2a994001567302786016cb32c?s=96&d=mm&r=g\",\"contentUrl\":\"https:\/\/secure.gravatar.com\/avatar\/d5b1a3cf357ed9c50404e256a1294083aa8ab5d2a994001567302786016cb32c?s=96&d=mm&r=g\",\"caption\":\"joaograndao\"}}]}<\/script>\n<!-- \/ Yoast SEO plugin. -->","yoast_head_json":{"title":"Homem com nome no sistema prisional como preso por crime de roubo \u00e9 detido pela Pol\u00edcia Militar de Osvaldo Cruz - R\u00e1dio Life FM","robots":{"index":"index","follow":"follow","max-snippet":"max-snippet:-1","max-image-preview":"max-image-preview:large","max-video-preview":"max-video-preview:-1"},"canonical":"https:\/\/radiolifefm.com.br\/noticias\/homem-com-nome-no-sistema-prisional-como-preso-por-crime-de-roubo-e-detido-pela-policia-militar-de-osvaldo-cruz\/","og_locale":"pt_BR","og_type":"article","og_title":"Homem com nome no sistema prisional como preso por crime de roubo \u00e9 detido pela Pol\u00edcia Militar de Osvaldo Cruz - R\u00e1dio Life FM","og_description":"O nome do indiciado constava no sistema como preso pelo crime de roubo Policiais militares de Osvaldo Cruz em patrulhamento pela Rua Armando Sales, no centro da cidade, se deparam com um Ve\u00edculo Fiat Tipo, azul, transitando pela contram\u00e3o de dire\u00e7\u00e3o em atitude suspeita, conduzido por P.C. B. M. O condutor passou pela abordagem e [&hellip;]","og_url":"https:\/\/radiolifefm.com.br\/noticias\/homem-com-nome-no-sistema-prisional-como-preso-por-crime-de-roubo-e-detido-pela-policia-militar-de-osvaldo-cruz\/","og_site_name":"R\u00e1dio Life FM","article_publisher":"https:\/\/www.facebook.com\/radiolifefm\/","article_published_time":"2019-04-10T12:26:31+00:00","article_modified_time":"2026-04-17T13:23:03+00:00","og_image":[{"width":300,"height":168,"url":"https:\/\/radiolifefm.com.br\/noticias\/wp-content\/uploads\/2019\/04\/Algemas.jpg","type":"image\/jpeg"}],"author":"joaograndao","twitter_card":"summary_large_image","twitter_misc":{"Escrito por":"joaograndao","Est. tempo de leitura":"1 minuto"},"schema":{"@context":"https:\/\/schema.org","@graph":[{"@type":"Article","@id":"https:\/\/radiolifefm.com.br\/noticias\/homem-com-nome-no-sistema-prisional-como-preso-por-crime-de-roubo-e-detido-pela-policia-militar-de-osvaldo-cruz\/#article","isPartOf":{"@id":"https:\/\/radiolifefm.com.br\/noticias\/homem-com-nome-no-sistema-prisional-como-preso-por-crime-de-roubo-e-detido-pela-policia-militar-de-osvaldo-cruz\/"},"author":{"name":"joaograndao","@id":"https:\/\/radiolifefm.com.br\/noticias\/#\/schema\/person\/6876e1240feffe6e1b63fd5cb85abf28"},"headline":"Homem com nome no sistema prisional como preso por crime de roubo \u00e9 detido pela Pol\u00edcia Militar de Osvaldo Cruz","datePublished":"2019-04-10T12:26:31+00:00","dateModified":"2026-04-17T13:23:03+00:00","mainEntityOfPage":{"@id":"https:\/\/radiolifefm.com.br\/noticias\/homem-com-nome-no-sistema-prisional-como-preso-por-crime-de-roubo-e-detido-pela-policia-militar-de-osvaldo-cruz\/"},"wordCount":157,"publisher":{"@id":"https:\/\/radiolifefm.com.br\/noticias\/#organization"},"image":{"@id":"https:\/\/radiolifefm.com.br\/noticias\/homem-com-nome-no-sistema-prisional-como-preso-por-crime-de-roubo-e-detido-pela-policia-militar-de-osvaldo-cruz\/#primaryimage"},"thumbnailUrl":"https:\/\/radiolifefm.com.br\/noticias\/wp-content\/uploads\/2019\/04\/Algemas.jpg","articleSection":["Regi\u00e3o"],"inLanguage":"pt-BR"},{"@type":"WebPage","@id":"https:\/\/radiolifefm.com.br\/noticias\/homem-com-nome-no-sistema-prisional-como-preso-por-crime-de-roubo-e-detido-pela-policia-militar-de-osvaldo-cruz\/","url":"https:\/\/radiolifefm.com.br\/noticias\/homem-com-nome-no-sistema-prisional-como-preso-por-crime-de-roubo-e-detido-pela-policia-militar-de-osvaldo-cruz\/","name":"Homem com nome no sistema prisional como preso por crime de roubo \u00e9 detido pela Pol\u00edcia Militar de Osvaldo Cruz - R\u00e1dio Life FM","isPartOf":{"@id":"https:\/\/radiolifefm.com.br\/noticias\/#website"},"primaryImageOfPage":{"@id":"https:\/\/radiolifefm.com.br\/noticias\/homem-com-nome-no-sistema-prisional-como-preso-por-crime-de-roubo-e-detido-pela-policia-militar-de-osvaldo-cruz\/#primaryimage"},"image":{"@id":"https:\/\/radiolifefm.com.br\/noticias\/homem-com-nome-no-sistema-prisional-como-preso-por-crime-de-roubo-e-detido-pela-policia-militar-de-osvaldo-cruz\/#primaryimage"},"thumbnailUrl":"https:\/\/radiolifefm.com.br\/noticias\/wp-content\/uploads\/2019\/04\/Algemas.jpg","datePublished":"2019-04-10T12:26:31+00:00","dateModified":"2026-04-17T13:23:03+00:00","breadcrumb":{"@id":"https:\/\/radiolifefm.com.br\/noticias\/homem-com-nome-no-sistema-prisional-como-preso-por-crime-de-roubo-e-detido-pela-policia-militar-de-osvaldo-cruz\/#breadcrumb"},"inLanguage":"pt-BR","potentialAction":[{"@type":"ReadAction","target":["https:\/\/radiolifefm.com.br\/noticias\/homem-com-nome-no-sistema-prisional-como-preso-por-crime-de-roubo-e-detido-pela-policia-militar-de-osvaldo-cruz\/"]}]},{"@type":"ImageObject","inLanguage":"pt-BR","@id":"https:\/\/radiolifefm.com.br\/noticias\/homem-com-nome-no-sistema-prisional-como-preso-por-crime-de-roubo-e-detido-pela-policia-militar-de-osvaldo-cruz\/#primaryimage","url":"https:\/\/radiolifefm.com.br\/noticias\/wp-content\/uploads\/2019\/04\/Algemas.jpg","contentUrl":"https:\/\/radiolifefm.com.br\/noticias\/wp-content\/uploads\/2019\/04\/Algemas.jpg","width":300,"height":168,"caption":"Homem procurado da justi\u00e7a foi preso pela Pol\u00edcia Militar de Osvaldo Cruz"},{"@type":"BreadcrumbList","@id":"https:\/\/radiolifefm.com.br\/noticias\/homem-com-nome-no-sistema-prisional-como-preso-por-crime-de-roubo-e-detido-pela-policia-militar-de-osvaldo-cruz\/#breadcrumb","itemListElement":[{"@type":"ListItem","position":1,"name":"In\u00edcio","item":"https:\/\/radiolifefm.com.br\/noticias\/"},{"@type":"ListItem","position":2,"name":"Homem com nome no sistema prisional como preso por crime de roubo \u00e9 detido pela Pol\u00edcia Militar de Osvaldo Cruz"}]},{"@type":"WebSite","@id":"https:\/\/radiolifefm.com.br\/noticias\/#website","url":"https:\/\/radiolifefm.com.br\/noticias\/","name":"R\u00e1dio Life FM","description":"O Portal de Not\u00edcias de Adamantina","publisher":{"@id":"https:\/\/radiolifefm.com.br\/noticias\/#organization"},"alternateName":"Life FM","potentialAction":[{"@type":"SearchAction","target":{"@type":"EntryPoint","urlTemplate":"https:\/\/radiolifefm.com.br\/noticias\/?s={search_term_string}"},"query-input":{"@type":"PropertyValueSpecification","valueRequired":true,"valueName":"search_term_string"}}],"inLanguage":"pt-BR"},{"@type":"Organization","@id":"https:\/\/radiolifefm.com.br\/noticias\/#organization","name":"R\u00e1dio Life FM","alternateName":"Life FM","url":"https:\/\/radiolifefm.com.br\/noticias\/","logo":{"@type":"ImageObject","inLanguage":"pt-BR","@id":"https:\/\/radiolifefm.com.br\/noticias\/#\/schema\/logo\/image\/","url":"https:\/\/static.radiolifefm.com.br\/noticias\/wp-content\/uploads\/2019\/10\/logo-lifefm.png","contentUrl":"https:\/\/static.radiolifefm.com.br\/noticias\/wp-content\/uploads\/2019\/10\/logo-lifefm.png","width":196,"height":47,"caption":"R\u00e1dio Life FM"},"image":{"@id":"https:\/\/radiolifefm.com.br\/noticias\/#\/schema\/logo\/image\/"},"sameAs":["https:\/\/www.facebook.com\/radiolifefm\/","https:\/\/www.instagram.com\/life1079fm\/"]},{"@type":"Person","@id":"https:\/\/radiolifefm.com.br\/noticias\/#\/schema\/person\/6876e1240feffe6e1b63fd5cb85abf28","name":"joaograndao","image":{"@type":"ImageObject","inLanguage":"pt-BR","@id":"https:\/\/secure.gravatar.com\/avatar\/d5b1a3cf357ed9c50404e256a1294083aa8ab5d2a994001567302786016cb32c?s=96&d=mm&r=g","url":"https:\/\/secure.gravatar.com\/avatar\/d5b1a3cf357ed9c50404e256a1294083aa8ab5d2a994001567302786016cb32c?s=96&d=mm&r=g","contentUrl":"https:\/\/secure.gravatar.com\/avatar\/d5b1a3cf357ed9c50404e256a1294083aa8ab5d2a994001567302786016cb32c?s=96&d=mm&r=g","caption":"joaograndao"}}]}},"amp_enabled":true,"_links":{"self":[{"href":"https:\/\/radiolifefm.com.br\/noticias\/wp-json\/wp\/v2\/posts\/11881","targetHints":{"allow":["GET"]}}],"collection":[{"href":"https:\/\/radiolifefm.com.br\/noticias\/wp-json\/wp\/v2\/posts"}],"about":[{"href":"https:\/\/radiolifefm.com.br\/noticias\/wp-json\/wp\/v2\/types\/post"}],"author":[{"embeddable":true,"href":"https:\/\/radiolifefm.com.br\/noticias\/wp-json\/wp\/v2\/users\/8"}],"replies":[{"embeddable":true,"href":"https:\/\/radiolifefm.com.br\/noticias\/wp-json\/wp\/v2\/comments?post=11881"}],"version-history":[{"count":2,"href":"https:\/\/radiolifefm.com.br\/noticias\/wp-json\/wp\/v2\/posts\/11881\/revisions"}],"predecessor-version":[{"id":18887,"href":"https:\/\/radiolifefm.com.br\/noticias\/wp-json\/wp\/v2\/posts\/11881\/revisions\/18887"}],"wp:featuredmedia":[{"embeddable":true,"href":"https:\/\/radiolifefm.com.br\/noticias\/wp-json\/wp\/v2\/media\/11533"}],"wp:attachment":[{"href":"https:\/\/radiolifefm.com.br\/noticias\/wp-json\/wp\/v2\/media?parent=11881"}],"wp:term":[{"taxonomy":"category","embeddable":true,"href":"https:\/\/radiolifefm.com.br\/noticias\/wp-json\/wp\/v2\/categories?post=11881"},{"taxonomy":"post_tag","embeddable":true,"href":"https:\/\/radiolifefm.com.br\/noticias\/wp-json\/wp\/v2\/tags?post=11881"}],"curies":[{"name":"wp","href":"https:\/\/api.w.org\/{rel}","templated":true}]}}