{"id":11867,"date":"2019-04-09T21:31:30","date_gmt":"2019-04-10T00:31:30","guid":{"rendered":"https:\/\/radiolifefm.com.br\/noticias\/?p=11867"},"modified":"2026-04-26T19:53:49","modified_gmt":"2026-04-26T22:53:49","slug":"agente-penitenciario-e-ferido-com-estilete-improvisado-durante-contagem-de-presos-em-junqueiropolis","status":"publish","type":"post","link":"https:\/\/radiolifefm.com.br\/noticias\/agente-penitenciario-e-ferido-com-estilete-improvisado-durante-contagem-de-presos-em-junqueiropolis\/","title":{"rendered":"Agente penitenci\u00e1rio \u00e9 ferido com estilete improvisado durante contagem de presos, em Junqueir\u00f3polis"},"content":{"rendered":"<div id=\"fb-root\"><\/div>\n<p>Detento atingiu o funcion\u00e1rio nas regi\u00f5es das costas, bra\u00e7os, ombros e m\u00e3os. Fato foi registrado na Pol\u00edcia Civil nesta segunda-feira (8) como tentativa de homic\u00eddio<\/p>\n<p>Um agente de seguran\u00e7a penitenci\u00e1ria, de 47 anos, foi ferido por um detento durante a contagem dos presos, na unidade prisional de Junqueir\u00f3polis. O fato foi registrado na Pol\u00edcia Civil nesta segunda-feira (8), como tentativa de homic\u00eddio.<\/p>\n<p>De acordo com o delegado Eliandro Renato dos Santos, o caso ocorreu ap\u00f3s os detentos voltarem do p\u00e1tio para adentrarem \u00e0s celas, momento em que um dos indiv\u00edduos utilizou um objeto pontiagudo para golpear o funcion\u00e1rio por v\u00e1rias vezes.<\/p>\n<p>Ainda conforme Santos, o agente sofreu ferimentos na regi\u00e3o das costas, dos bra\u00e7os, dos ombros e das m\u00e3os.<\/p>\n<p>O delegado informou que o agente e o detento entraram em luta corporal. O motivo do ataque seria \u201cdar uma li\u00e7\u00e3o na dire\u00e7\u00e3o da penitenci\u00e1ria\u201d.<\/p>\n<p>O agente penitenci\u00e1rio precisou ser socorrido e levado ao Pronto-socorro de Junqueir\u00f3polis, onde foi medicado e liberado posteriormente, segundo o delegado.<\/p>\n<p>J\u00e1 o detento foi recolhido para uma unidade prisional disciplinar, onde responder\u00e1 por san\u00e7\u00f5es administrativas.<\/p>\n<p>O G1 solicitou um posicionamento da Secretaria da Administra\u00e7\u00e3o Penitenci\u00e1ria do Estado de S\u00e3o Paulo (SAP), mas n\u00e3o obteve resposta.<\/p>\n<p>At\u00e9 o dia 4 de abril, a Penitenci\u00e1ria de Junqueir\u00f3polis possu\u00eda uma popula\u00e7\u00e3o carcer\u00e1ria de 2.204 pessoas. O espa\u00e7o, segundo a SAP, tem capacidade para 873 presos.<\/p>\n<p>Fonte: G1 Presidente Prudente<\/p>\n<p>Reda\u00e7\u00e3o &#8211; Kako de Oliveira<\/p>\n","protected":false},"excerpt":{"rendered":"<p>Detento atingiu o funcion\u00e1rio nas regi\u00f5es das costas, bra\u00e7os, ombros e m\u00e3os. Fato foi registrado na Pol\u00edcia Civil nesta segunda-feira (8) como tentativa de homic\u00eddio Um agente de seguran\u00e7a penitenci\u00e1ria, de 47 anos, foi ferido por um detento durante a contagem dos presos, na unidade prisional de Junqueir\u00f3polis. O fato foi registrado na Pol\u00edcia Civil [&hellip;]<\/p>\n","protected":false},"author":8,"featured_media":11868,"comment_status":"open","ping_status":"open","sticky":false,"template":"","format":"standard","meta":{"_acf_changed":false,"_exactmetrics_skip_tracking":false,"_exactmetrics_sitenote_active":false,"_exactmetrics_sitenote_note":"","_exactmetrics_sitenote_category":0,"footnotes":""},"categories":[24],"tags":[],"class_list":["post-11867","post","type-post","status-publish","format-standard","has-post-thumbnail","hentry","category-regiao"],"acf":[],"yoast_head":"<!-- This site is optimized with the Yoast SEO plugin v27.2 - https:\/\/yoast.com\/product\/yoast-seo-wordpress\/ -->\n<title>Agente penitenci\u00e1rio \u00e9 ferido com estilete improvisado durante contagem de presos, em Junqueir\u00f3polis - R\u00e1dio Life FM<\/title>\n<meta name=\"robots\" content=\"index, follow, max-snippet:-1, max-image-preview:large, max-video-preview:-1\" \/>\n<link rel=\"canonical\" href=\"https:\/\/radiolifefm.com.br\/noticias\/agente-penitenciario-e-ferido-com-estilete-improvisado-durante-contagem-de-presos-em-junqueiropolis\/\" \/>\n<meta property=\"og:locale\" content=\"pt_BR\" \/>\n<meta property=\"og:type\" content=\"article\" \/>\n<meta property=\"og:title\" content=\"Agente penitenci\u00e1rio \u00e9 ferido com estilete improvisado durante contagem de presos, em Junqueir\u00f3polis - R\u00e1dio Life FM\" \/>\n<meta property=\"og:description\" content=\"Detento atingiu o funcion\u00e1rio nas regi\u00f5es das costas, bra\u00e7os, ombros e m\u00e3os. Fato foi registrado na Pol\u00edcia Civil nesta segunda-feira (8) como tentativa de homic\u00eddio Um agente de seguran\u00e7a penitenci\u00e1ria, de 47 anos, foi ferido por um detento durante a contagem dos presos, na unidade prisional de Junqueir\u00f3polis. O fato foi registrado na Pol\u00edcia Civil [&hellip;]\" \/>\n<meta property=\"og:url\" content=\"https:\/\/radiolifefm.com.br\/noticias\/agente-penitenciario-e-ferido-com-estilete-improvisado-durante-contagem-de-presos-em-junqueiropolis\/\" \/>\n<meta property=\"og:site_name\" content=\"R\u00e1dio Life FM\" \/>\n<meta property=\"article:publisher\" content=\"https:\/\/www.facebook.com\/radiolifefm\/\" \/>\n<meta property=\"article:published_time\" content=\"2019-04-10T00:31:30+00:00\" \/>\n<meta property=\"article:modified_time\" content=\"2026-04-26T22:53:49+00:00\" \/>\n<meta property=\"og:image\" content=\"https:\/\/radiolifefm.com.br\/noticias\/wp-content\/uploads\/2019\/04\/Estilete-Junqueir\u00f3polis.jpg\" \/>\n\t<meta property=\"og:image:width\" content=\"479\" \/>\n\t<meta property=\"og:image:height\" content=\"533\" \/>\n\t<meta property=\"og:image:type\" content=\"image\/jpeg\" \/>\n<meta name=\"author\" content=\"joaograndao\" \/>\n<meta name=\"twitter:card\" content=\"summary_large_image\" \/>\n<meta name=\"twitter:label1\" content=\"Escrito por\" \/>\n\t<meta name=\"twitter:data1\" content=\"joaograndao\" \/>\n\t<meta name=\"twitter:label2\" content=\"Est. tempo de leitura\" \/>\n\t<meta name=\"twitter:data2\" content=\"1 minuto\" \/>\n<script type=\"application\/ld+json\" class=\"yoast-schema-graph\">{\"@context\":\"https:\/\/schema.org\",\"@graph\":[{\"@type\":\"Article\",\"@id\":\"https:\/\/radiolifefm.com.br\/noticias\/agente-penitenciario-e-ferido-com-estilete-improvisado-durante-contagem-de-presos-em-junqueiropolis\/#article\",\"isPartOf\":{\"@id\":\"https:\/\/radiolifefm.com.br\/noticias\/agente-penitenciario-e-ferido-com-estilete-improvisado-durante-contagem-de-presos-em-junqueiropolis\/\"},\"author\":{\"name\":\"joaograndao\",\"@id\":\"https:\/\/radiolifefm.com.br\/noticias\/#\/schema\/person\/6876e1240feffe6e1b63fd5cb85abf28\"},\"headline\":\"Agente penitenci\u00e1rio \u00e9 ferido com estilete improvisado durante contagem de presos, em Junqueir\u00f3polis\",\"datePublished\":\"2019-04-10T00:31:30+00:00\",\"dateModified\":\"2026-04-26T22:53:49+00:00\",\"mainEntityOfPage\":{\"@id\":\"https:\/\/radiolifefm.com.br\/noticias\/agente-penitenciario-e-ferido-com-estilete-improvisado-durante-contagem-de-presos-em-junqueiropolis\/\"},\"wordCount\":280,\"commentCount\":0,\"publisher\":{\"@id\":\"https:\/\/radiolifefm.com.br\/noticias\/#organization\"},\"image\":{\"@id\":\"https:\/\/radiolifefm.com.br\/noticias\/agente-penitenciario-e-ferido-com-estilete-improvisado-durante-contagem-de-presos-em-junqueiropolis\/#primaryimage\"},\"thumbnailUrl\":\"https:\/\/radiolifefm.com.br\/noticias\/wp-content\/uploads\/2019\/04\/Estilete-Junqueir\u00f3polis.jpg\",\"articleSection\":[\"Regi\u00e3o\"],\"inLanguage\":\"pt-BR\",\"potentialAction\":[{\"@type\":\"CommentAction\",\"name\":\"Comment\",\"target\":[\"https:\/\/radiolifefm.com.br\/noticias\/agente-penitenciario-e-ferido-com-estilete-improvisado-durante-contagem-de-presos-em-junqueiropolis\/#respond\"]}]},{\"@type\":\"WebPage\",\"@id\":\"https:\/\/radiolifefm.com.br\/noticias\/agente-penitenciario-e-ferido-com-estilete-improvisado-durante-contagem-de-presos-em-junqueiropolis\/\",\"url\":\"https:\/\/radiolifefm.com.br\/noticias\/agente-penitenciario-e-ferido-com-estilete-improvisado-durante-contagem-de-presos-em-junqueiropolis\/\",\"name\":\"Agente penitenci\u00e1rio \u00e9 ferido com estilete improvisado durante contagem de presos, em Junqueir\u00f3polis - R\u00e1dio Life FM\",\"isPartOf\":{\"@id\":\"https:\/\/radiolifefm.com.br\/noticias\/#website\"},\"primaryImageOfPage\":{\"@id\":\"https:\/\/radiolifefm.com.br\/noticias\/agente-penitenciario-e-ferido-com-estilete-improvisado-durante-contagem-de-presos-em-junqueiropolis\/#primaryimage\"},\"image\":{\"@id\":\"https:\/\/radiolifefm.com.br\/noticias\/agente-penitenciario-e-ferido-com-estilete-improvisado-durante-contagem-de-presos-em-junqueiropolis\/#primaryimage\"},\"thumbnailUrl\":\"https:\/\/radiolifefm.com.br\/noticias\/wp-content\/uploads\/2019\/04\/Estilete-Junqueir\u00f3polis.jpg\",\"datePublished\":\"2019-04-10T00:31:30+00:00\",\"dateModified\":\"2026-04-26T22:53:49+00:00\",\"breadcrumb\":{\"@id\":\"https:\/\/radiolifefm.com.br\/noticias\/agente-penitenciario-e-ferido-com-estilete-improvisado-durante-contagem-de-presos-em-junqueiropolis\/#breadcrumb\"},\"inLanguage\":\"pt-BR\",\"potentialAction\":[{\"@type\":\"ReadAction\",\"target\":[\"https:\/\/radiolifefm.com.br\/noticias\/agente-penitenciario-e-ferido-com-estilete-improvisado-durante-contagem-de-presos-em-junqueiropolis\/\"]}]},{\"@type\":\"ImageObject\",\"inLanguage\":\"pt-BR\",\"@id\":\"https:\/\/radiolifefm.com.br\/noticias\/agente-penitenciario-e-ferido-com-estilete-improvisado-durante-contagem-de-presos-em-junqueiropolis\/#primaryimage\",\"url\":\"https:\/\/radiolifefm.com.br\/noticias\/wp-content\/uploads\/2019\/04\/Estilete-Junqueir\u00f3polis.jpg\",\"contentUrl\":\"https:\/\/radiolifefm.com.br\/noticias\/wp-content\/uploads\/2019\/04\/Estilete-Junqueir\u00f3polis.jpg\",\"width\":479,\"height\":533,\"caption\":\"Detento agrediu agente penitenci\u00e1rio com estilete improvisado em unidade prisional de Junqueir\u00f3polis\"},{\"@type\":\"BreadcrumbList\",\"@id\":\"https:\/\/radiolifefm.com.br\/noticias\/agente-penitenciario-e-ferido-com-estilete-improvisado-durante-contagem-de-presos-em-junqueiropolis\/#breadcrumb\",\"itemListElement\":[{\"@type\":\"ListItem\",\"position\":1,\"name\":\"In\u00edcio\",\"item\":\"https:\/\/radiolifefm.com.br\/noticias\/\"},{\"@type\":\"ListItem\",\"position\":2,\"name\":\"Agente penitenci\u00e1rio \u00e9 ferido com estilete improvisado durante contagem de presos, em Junqueir\u00f3polis\"}]},{\"@type\":\"WebSite\",\"@id\":\"https:\/\/radiolifefm.com.br\/noticias\/#website\",\"url\":\"https:\/\/radiolifefm.com.br\/noticias\/\",\"name\":\"R\u00e1dio Life FM\",\"description\":\"O Portal de Not\u00edcias de Adamantina\",\"publisher\":{\"@id\":\"https:\/\/radiolifefm.com.br\/noticias\/#organization\"},\"alternateName\":\"Life FM\",\"potentialAction\":[{\"@type\":\"SearchAction\",\"target\":{\"@type\":\"EntryPoint\",\"urlTemplate\":\"https:\/\/radiolifefm.com.br\/noticias\/?s={search_term_string}\"},\"query-input\":{\"@type\":\"PropertyValueSpecification\",\"valueRequired\":true,\"valueName\":\"search_term_string\"}}],\"inLanguage\":\"pt-BR\"},{\"@type\":\"Organization\",\"@id\":\"https:\/\/radiolifefm.com.br\/noticias\/#organization\",\"name\":\"R\u00e1dio Life FM\",\"alternateName\":\"Life FM\",\"url\":\"https:\/\/radiolifefm.com.br\/noticias\/\",\"logo\":{\"@type\":\"ImageObject\",\"inLanguage\":\"pt-BR\",\"@id\":\"https:\/\/radiolifefm.com.br\/noticias\/#\/schema\/logo\/image\/\",\"url\":\"https:\/\/static.radiolifefm.com.br\/noticias\/wp-content\/uploads\/2019\/10\/logo-lifefm.png\",\"contentUrl\":\"https:\/\/static.radiolifefm.com.br\/noticias\/wp-content\/uploads\/2019\/10\/logo-lifefm.png\",\"width\":196,\"height\":47,\"caption\":\"R\u00e1dio Life FM\"},\"image\":{\"@id\":\"https:\/\/radiolifefm.com.br\/noticias\/#\/schema\/logo\/image\/\"},\"sameAs\":[\"https:\/\/www.facebook.com\/radiolifefm\/\",\"https:\/\/www.instagram.com\/life1079fm\/\"]},{\"@type\":\"Person\",\"@id\":\"https:\/\/radiolifefm.com.br\/noticias\/#\/schema\/person\/6876e1240feffe6e1b63fd5cb85abf28\",\"name\":\"joaograndao\",\"image\":{\"@type\":\"ImageObject\",\"inLanguage\":\"pt-BR\",\"@id\":\"https:\/\/secure.gravatar.com\/avatar\/d5b1a3cf357ed9c50404e256a1294083aa8ab5d2a994001567302786016cb32c?s=96&d=mm&r=g\",\"url\":\"https:\/\/secure.gravatar.com\/avatar\/d5b1a3cf357ed9c50404e256a1294083aa8ab5d2a994001567302786016cb32c?s=96&d=mm&r=g\",\"contentUrl\":\"https:\/\/secure.gravatar.com\/avatar\/d5b1a3cf357ed9c50404e256a1294083aa8ab5d2a994001567302786016cb32c?s=96&d=mm&r=g\",\"caption\":\"joaograndao\"}}]}<\/script>\n<!-- \/ Yoast SEO plugin. -->","yoast_head_json":{"title":"Agente penitenci\u00e1rio \u00e9 ferido com estilete improvisado durante contagem de presos, em Junqueir\u00f3polis - R\u00e1dio Life FM","robots":{"index":"index","follow":"follow","max-snippet":"max-snippet:-1","max-image-preview":"max-image-preview:large","max-video-preview":"max-video-preview:-1"},"canonical":"https:\/\/radiolifefm.com.br\/noticias\/agente-penitenciario-e-ferido-com-estilete-improvisado-durante-contagem-de-presos-em-junqueiropolis\/","og_locale":"pt_BR","og_type":"article","og_title":"Agente penitenci\u00e1rio \u00e9 ferido com estilete improvisado durante contagem de presos, em Junqueir\u00f3polis - R\u00e1dio Life FM","og_description":"Detento atingiu o funcion\u00e1rio nas regi\u00f5es das costas, bra\u00e7os, ombros e m\u00e3os. Fato foi registrado na Pol\u00edcia Civil nesta segunda-feira (8) como tentativa de homic\u00eddio Um agente de seguran\u00e7a penitenci\u00e1ria, de 47 anos, foi ferido por um detento durante a contagem dos presos, na unidade prisional de Junqueir\u00f3polis. O fato foi registrado na Pol\u00edcia Civil [&hellip;]","og_url":"https:\/\/radiolifefm.com.br\/noticias\/agente-penitenciario-e-ferido-com-estilete-improvisado-durante-contagem-de-presos-em-junqueiropolis\/","og_site_name":"R\u00e1dio Life FM","article_publisher":"https:\/\/www.facebook.com\/radiolifefm\/","article_published_time":"2019-04-10T00:31:30+00:00","article_modified_time":"2026-04-26T22:53:49+00:00","og_image":[{"width":479,"height":533,"url":"https:\/\/radiolifefm.com.br\/noticias\/wp-content\/uploads\/2019\/04\/Estilete-Junqueir\u00f3polis.jpg","type":"image\/jpeg"}],"author":"joaograndao","twitter_card":"summary_large_image","twitter_misc":{"Escrito por":"joaograndao","Est. tempo de leitura":"1 minuto"},"schema":{"@context":"https:\/\/schema.org","@graph":[{"@type":"Article","@id":"https:\/\/radiolifefm.com.br\/noticias\/agente-penitenciario-e-ferido-com-estilete-improvisado-durante-contagem-de-presos-em-junqueiropolis\/#article","isPartOf":{"@id":"https:\/\/radiolifefm.com.br\/noticias\/agente-penitenciario-e-ferido-com-estilete-improvisado-durante-contagem-de-presos-em-junqueiropolis\/"},"author":{"name":"joaograndao","@id":"https:\/\/radiolifefm.com.br\/noticias\/#\/schema\/person\/6876e1240feffe6e1b63fd5cb85abf28"},"headline":"Agente penitenci\u00e1rio \u00e9 ferido com estilete improvisado durante contagem de presos, em Junqueir\u00f3polis","datePublished":"2019-04-10T00:31:30+00:00","dateModified":"2026-04-26T22:53:49+00:00","mainEntityOfPage":{"@id":"https:\/\/radiolifefm.com.br\/noticias\/agente-penitenciario-e-ferido-com-estilete-improvisado-durante-contagem-de-presos-em-junqueiropolis\/"},"wordCount":280,"commentCount":0,"publisher":{"@id":"https:\/\/radiolifefm.com.br\/noticias\/#organization"},"image":{"@id":"https:\/\/radiolifefm.com.br\/noticias\/agente-penitenciario-e-ferido-com-estilete-improvisado-durante-contagem-de-presos-em-junqueiropolis\/#primaryimage"},"thumbnailUrl":"https:\/\/radiolifefm.com.br\/noticias\/wp-content\/uploads\/2019\/04\/Estilete-Junqueir\u00f3polis.jpg","articleSection":["Regi\u00e3o"],"inLanguage":"pt-BR","potentialAction":[{"@type":"CommentAction","name":"Comment","target":["https:\/\/radiolifefm.com.br\/noticias\/agente-penitenciario-e-ferido-com-estilete-improvisado-durante-contagem-de-presos-em-junqueiropolis\/#respond"]}]},{"@type":"WebPage","@id":"https:\/\/radiolifefm.com.br\/noticias\/agente-penitenciario-e-ferido-com-estilete-improvisado-durante-contagem-de-presos-em-junqueiropolis\/","url":"https:\/\/radiolifefm.com.br\/noticias\/agente-penitenciario-e-ferido-com-estilete-improvisado-durante-contagem-de-presos-em-junqueiropolis\/","name":"Agente penitenci\u00e1rio \u00e9 ferido com estilete improvisado durante contagem de presos, em Junqueir\u00f3polis - R\u00e1dio Life FM","isPartOf":{"@id":"https:\/\/radiolifefm.com.br\/noticias\/#website"},"primaryImageOfPage":{"@id":"https:\/\/radiolifefm.com.br\/noticias\/agente-penitenciario-e-ferido-com-estilete-improvisado-durante-contagem-de-presos-em-junqueiropolis\/#primaryimage"},"image":{"@id":"https:\/\/radiolifefm.com.br\/noticias\/agente-penitenciario-e-ferido-com-estilete-improvisado-durante-contagem-de-presos-em-junqueiropolis\/#primaryimage"},"thumbnailUrl":"https:\/\/radiolifefm.com.br\/noticias\/wp-content\/uploads\/2019\/04\/Estilete-Junqueir\u00f3polis.jpg","datePublished":"2019-04-10T00:31:30+00:00","dateModified":"2026-04-26T22:53:49+00:00","breadcrumb":{"@id":"https:\/\/radiolifefm.com.br\/noticias\/agente-penitenciario-e-ferido-com-estilete-improvisado-durante-contagem-de-presos-em-junqueiropolis\/#breadcrumb"},"inLanguage":"pt-BR","potentialAction":[{"@type":"ReadAction","target":["https:\/\/radiolifefm.com.br\/noticias\/agente-penitenciario-e-ferido-com-estilete-improvisado-durante-contagem-de-presos-em-junqueiropolis\/"]}]},{"@type":"ImageObject","inLanguage":"pt-BR","@id":"https:\/\/radiolifefm.com.br\/noticias\/agente-penitenciario-e-ferido-com-estilete-improvisado-durante-contagem-de-presos-em-junqueiropolis\/#primaryimage","url":"https:\/\/radiolifefm.com.br\/noticias\/wp-content\/uploads\/2019\/04\/Estilete-Junqueir\u00f3polis.jpg","contentUrl":"https:\/\/radiolifefm.com.br\/noticias\/wp-content\/uploads\/2019\/04\/Estilete-Junqueir\u00f3polis.jpg","width":479,"height":533,"caption":"Detento agrediu agente penitenci\u00e1rio com estilete improvisado em unidade prisional de Junqueir\u00f3polis"},{"@type":"BreadcrumbList","@id":"https:\/\/radiolifefm.com.br\/noticias\/agente-penitenciario-e-ferido-com-estilete-improvisado-durante-contagem-de-presos-em-junqueiropolis\/#breadcrumb","itemListElement":[{"@type":"ListItem","position":1,"name":"In\u00edcio","item":"https:\/\/radiolifefm.com.br\/noticias\/"},{"@type":"ListItem","position":2,"name":"Agente penitenci\u00e1rio \u00e9 ferido com estilete improvisado durante contagem de presos, em Junqueir\u00f3polis"}]},{"@type":"WebSite","@id":"https:\/\/radiolifefm.com.br\/noticias\/#website","url":"https:\/\/radiolifefm.com.br\/noticias\/","name":"R\u00e1dio Life FM","description":"O Portal de Not\u00edcias de Adamantina","publisher":{"@id":"https:\/\/radiolifefm.com.br\/noticias\/#organization"},"alternateName":"Life FM","potentialAction":[{"@type":"SearchAction","target":{"@type":"EntryPoint","urlTemplate":"https:\/\/radiolifefm.com.br\/noticias\/?s={search_term_string}"},"query-input":{"@type":"PropertyValueSpecification","valueRequired":true,"valueName":"search_term_string"}}],"inLanguage":"pt-BR"},{"@type":"Organization","@id":"https:\/\/radiolifefm.com.br\/noticias\/#organization","name":"R\u00e1dio Life FM","alternateName":"Life FM","url":"https:\/\/radiolifefm.com.br\/noticias\/","logo":{"@type":"ImageObject","inLanguage":"pt-BR","@id":"https:\/\/radiolifefm.com.br\/noticias\/#\/schema\/logo\/image\/","url":"https:\/\/static.radiolifefm.com.br\/noticias\/wp-content\/uploads\/2019\/10\/logo-lifefm.png","contentUrl":"https:\/\/static.radiolifefm.com.br\/noticias\/wp-content\/uploads\/2019\/10\/logo-lifefm.png","width":196,"height":47,"caption":"R\u00e1dio Life FM"},"image":{"@id":"https:\/\/radiolifefm.com.br\/noticias\/#\/schema\/logo\/image\/"},"sameAs":["https:\/\/www.facebook.com\/radiolifefm\/","https:\/\/www.instagram.com\/life1079fm\/"]},{"@type":"Person","@id":"https:\/\/radiolifefm.com.br\/noticias\/#\/schema\/person\/6876e1240feffe6e1b63fd5cb85abf28","name":"joaograndao","image":{"@type":"ImageObject","inLanguage":"pt-BR","@id":"https:\/\/secure.gravatar.com\/avatar\/d5b1a3cf357ed9c50404e256a1294083aa8ab5d2a994001567302786016cb32c?s=96&d=mm&r=g","url":"https:\/\/secure.gravatar.com\/avatar\/d5b1a3cf357ed9c50404e256a1294083aa8ab5d2a994001567302786016cb32c?s=96&d=mm&r=g","contentUrl":"https:\/\/secure.gravatar.com\/avatar\/d5b1a3cf357ed9c50404e256a1294083aa8ab5d2a994001567302786016cb32c?s=96&d=mm&r=g","caption":"joaograndao"}}]}},"amp_enabled":true,"_links":{"self":[{"href":"https:\/\/radiolifefm.com.br\/noticias\/wp-json\/wp\/v2\/posts\/11867","targetHints":{"allow":["GET"]}}],"collection":[{"href":"https:\/\/radiolifefm.com.br\/noticias\/wp-json\/wp\/v2\/posts"}],"about":[{"href":"https:\/\/radiolifefm.com.br\/noticias\/wp-json\/wp\/v2\/types\/post"}],"author":[{"embeddable":true,"href":"https:\/\/radiolifefm.com.br\/noticias\/wp-json\/wp\/v2\/users\/8"}],"replies":[{"embeddable":true,"href":"https:\/\/radiolifefm.com.br\/noticias\/wp-json\/wp\/v2\/comments?post=11867"}],"version-history":[{"count":3,"href":"https:\/\/radiolifefm.com.br\/noticias\/wp-json\/wp\/v2\/posts\/11867\/revisions"}],"predecessor-version":[{"id":11930,"href":"https:\/\/radiolifefm.com.br\/noticias\/wp-json\/wp\/v2\/posts\/11867\/revisions\/11930"}],"wp:featuredmedia":[{"embeddable":true,"href":"https:\/\/radiolifefm.com.br\/noticias\/wp-json\/wp\/v2\/media\/11868"}],"wp:attachment":[{"href":"https:\/\/radiolifefm.com.br\/noticias\/wp-json\/wp\/v2\/media?parent=11867"}],"wp:term":[{"taxonomy":"category","embeddable":true,"href":"https:\/\/radiolifefm.com.br\/noticias\/wp-json\/wp\/v2\/categories?post=11867"},{"taxonomy":"post_tag","embeddable":true,"href":"https:\/\/radiolifefm.com.br\/noticias\/wp-json\/wp\/v2\/tags?post=11867"}],"curies":[{"name":"wp","href":"https:\/\/api.w.org\/{rel}","templated":true}]}}