{"id":11863,"date":"2019-04-09T21:26:49","date_gmt":"2019-04-10T00:26:49","guid":{"rendered":"https:\/\/radiolifefm.com.br\/noticias\/?p=11863"},"modified":"2026-04-24T01:06:58","modified_gmt":"2026-04-24T04:06:58","slug":"moradora-de-rua-ganha-festa-de-aniversario-em-osvaldo-cruz","status":"publish","type":"post","link":"https:\/\/radiolifefm.com.br\/noticias\/moradora-de-rua-ganha-festa-de-aniversario-em-osvaldo-cruz\/","title":{"rendered":"Moradora de rua ganha festa de anivers\u00e1rio em Osvaldo Cruz"},"content":{"rendered":"<div id=\"fb-root\"><\/div>\n<p><em>Comemora\u00e7\u00e3o aconteceu na Vila Esperan\u00e7a<\/em><\/p>\n<p>O balc\u00e3o que normalmente recebe amigos para um bom churrasco e bate papo, deu lugar a um lindo bolo com direito a bombons.<\/p>\n<p>Uma mulher em situa\u00e7\u00e3o de rua ganhou de presente uma simples festa de anivers\u00e1rio, com direito a um jantar, acompanhado de churrasco.<\/p>\n<p>A celebra\u00e7\u00e3o surpresa aconteceu na Vila Esperan\u00e7a, ap\u00f3s uma conversa informal entre a aniversariante, Joice Helena e a dona de casa, Joice Cristina Colluci.<\/p>\n<p>A moradora de rua Joice Helena, como faz todos dias, passou em frente a rua da dona de casa e puxou conversa. Desta vez, ela disse que no dia 8 de abril era seu anivers\u00e1rio.<\/p>\n<p>Por brincadeira, a dona de casa disse que iria quebrar um ovo em sua cabe\u00e7a e Joice Helena logo respondeu que se tivesse um ovo ela faria um bolo para comemorar.<\/p>\n<p>A resposta comoveu a dona de casa, que juntamente com seu esposo, prepararam uma festa para Joice Helena, que completou 26 anos.<\/p>\n<p>Joice Cristina Colluci, disse que as palavras da mo\u00e7a, t\u00e3o jovem em uma situa\u00e7\u00e3o dif\u00edcil, fizeram com que ela se comovesse. \u201cSenti que deveria fazer algo, foi um simples bolo e um jantar, mas a felicidade dela valeu como aprendizado para minha fam\u00edlia.\u201d, finalizou.<\/p>\n<p>Portal Metr\u00f3pole<\/p>\n<p>Reda\u00e7\u00e3o &#8211; Kako de Oliveira<\/p>\n","protected":false},"excerpt":{"rendered":"<p>Comemora\u00e7\u00e3o aconteceu na Vila Esperan\u00e7a O balc\u00e3o que normalmente recebe amigos para um bom churrasco e bate papo, deu lugar a um lindo bolo com direito a bombons. Uma mulher em situa\u00e7\u00e3o de rua ganhou de presente uma simples festa de anivers\u00e1rio, com direito a um jantar, acompanhado de churrasco. A celebra\u00e7\u00e3o surpresa aconteceu na [&hellip;]<\/p>\n","protected":false},"author":8,"featured_media":11864,"comment_status":"open","ping_status":"open","sticky":false,"template":"","format":"standard","meta":{"_acf_changed":false,"_exactmetrics_skip_tracking":false,"_exactmetrics_sitenote_active":false,"_exactmetrics_sitenote_note":"","_exactmetrics_sitenote_category":0,"footnotes":""},"categories":[24],"tags":[],"class_list":["post-11863","post","type-post","status-publish","format-standard","has-post-thumbnail","hentry","category-regiao"],"acf":[],"yoast_head":"<!-- This site is optimized with the Yoast SEO plugin v27.2 - https:\/\/yoast.com\/product\/yoast-seo-wordpress\/ -->\n<title>Moradora de rua ganha festa de anivers\u00e1rio em Osvaldo Cruz - R\u00e1dio Life FM<\/title>\n<meta name=\"robots\" content=\"index, follow, max-snippet:-1, max-image-preview:large, max-video-preview:-1\" \/>\n<link rel=\"canonical\" href=\"https:\/\/radiolifefm.com.br\/noticias\/moradora-de-rua-ganha-festa-de-aniversario-em-osvaldo-cruz\/\" \/>\n<meta property=\"og:locale\" content=\"pt_BR\" \/>\n<meta property=\"og:type\" content=\"article\" \/>\n<meta property=\"og:title\" content=\"Moradora de rua ganha festa de anivers\u00e1rio em Osvaldo Cruz - R\u00e1dio Life FM\" \/>\n<meta property=\"og:description\" content=\"Comemora\u00e7\u00e3o aconteceu na Vila Esperan\u00e7a O balc\u00e3o que normalmente recebe amigos para um bom churrasco e bate papo, deu lugar a um lindo bolo com direito a bombons. Uma mulher em situa\u00e7\u00e3o de rua ganhou de presente uma simples festa de anivers\u00e1rio, com direito a um jantar, acompanhado de churrasco. A celebra\u00e7\u00e3o surpresa aconteceu na [&hellip;]\" \/>\n<meta property=\"og:url\" content=\"https:\/\/radiolifefm.com.br\/noticias\/moradora-de-rua-ganha-festa-de-aniversario-em-osvaldo-cruz\/\" \/>\n<meta property=\"og:site_name\" content=\"R\u00e1dio Life FM\" \/>\n<meta property=\"article:publisher\" content=\"https:\/\/www.facebook.com\/radiolifefm\/\" \/>\n<meta property=\"article:published_time\" content=\"2019-04-10T00:26:49+00:00\" \/>\n<meta property=\"article:modified_time\" content=\"2026-04-24T04:06:58+00:00\" \/>\n<meta property=\"og:image\" content=\"https:\/\/radiolifefm.com.br\/noticias\/wp-content\/uploads\/2019\/04\/Aniversariante.jpg\" \/>\n\t<meta property=\"og:image:width\" content=\"605\" \/>\n\t<meta property=\"og:image:height\" content=\"1075\" \/>\n\t<meta property=\"og:image:type\" content=\"image\/jpeg\" \/>\n<meta name=\"author\" content=\"joaograndao\" \/>\n<meta name=\"twitter:card\" content=\"summary_large_image\" \/>\n<meta name=\"twitter:label1\" content=\"Escrito por\" \/>\n\t<meta name=\"twitter:data1\" content=\"joaograndao\" \/>\n\t<meta name=\"twitter:label2\" content=\"Est. tempo de leitura\" \/>\n\t<meta name=\"twitter:data2\" content=\"1 minuto\" \/>\n<script type=\"application\/ld+json\" class=\"yoast-schema-graph\">{\"@context\":\"https:\/\/schema.org\",\"@graph\":[{\"@type\":\"Article\",\"@id\":\"https:\/\/radiolifefm.com.br\/noticias\/moradora-de-rua-ganha-festa-de-aniversario-em-osvaldo-cruz\/#article\",\"isPartOf\":{\"@id\":\"https:\/\/radiolifefm.com.br\/noticias\/moradora-de-rua-ganha-festa-de-aniversario-em-osvaldo-cruz\/\"},\"author\":{\"name\":\"joaograndao\",\"@id\":\"https:\/\/radiolifefm.com.br\/noticias\/#\/schema\/person\/6876e1240feffe6e1b63fd5cb85abf28\"},\"headline\":\"Moradora de rua ganha festa de anivers\u00e1rio em Osvaldo Cruz\",\"datePublished\":\"2019-04-10T00:26:49+00:00\",\"dateModified\":\"2026-04-24T04:06:58+00:00\",\"mainEntityOfPage\":{\"@id\":\"https:\/\/radiolifefm.com.br\/noticias\/moradora-de-rua-ganha-festa-de-aniversario-em-osvaldo-cruz\/\"},\"wordCount\":239,\"commentCount\":0,\"publisher\":{\"@id\":\"https:\/\/radiolifefm.com.br\/noticias\/#organization\"},\"image\":{\"@id\":\"https:\/\/radiolifefm.com.br\/noticias\/moradora-de-rua-ganha-festa-de-aniversario-em-osvaldo-cruz\/#primaryimage\"},\"thumbnailUrl\":\"https:\/\/radiolifefm.com.br\/noticias\/wp-content\/uploads\/2019\/04\/Aniversariante.jpg\",\"articleSection\":[\"Regi\u00e3o\"],\"inLanguage\":\"pt-BR\",\"potentialAction\":[{\"@type\":\"CommentAction\",\"name\":\"Comment\",\"target\":[\"https:\/\/radiolifefm.com.br\/noticias\/moradora-de-rua-ganha-festa-de-aniversario-em-osvaldo-cruz\/#respond\"]}]},{\"@type\":\"WebPage\",\"@id\":\"https:\/\/radiolifefm.com.br\/noticias\/moradora-de-rua-ganha-festa-de-aniversario-em-osvaldo-cruz\/\",\"url\":\"https:\/\/radiolifefm.com.br\/noticias\/moradora-de-rua-ganha-festa-de-aniversario-em-osvaldo-cruz\/\",\"name\":\"Moradora de rua ganha festa de anivers\u00e1rio em Osvaldo Cruz - R\u00e1dio Life FM\",\"isPartOf\":{\"@id\":\"https:\/\/radiolifefm.com.br\/noticias\/#website\"},\"primaryImageOfPage\":{\"@id\":\"https:\/\/radiolifefm.com.br\/noticias\/moradora-de-rua-ganha-festa-de-aniversario-em-osvaldo-cruz\/#primaryimage\"},\"image\":{\"@id\":\"https:\/\/radiolifefm.com.br\/noticias\/moradora-de-rua-ganha-festa-de-aniversario-em-osvaldo-cruz\/#primaryimage\"},\"thumbnailUrl\":\"https:\/\/radiolifefm.com.br\/noticias\/wp-content\/uploads\/2019\/04\/Aniversariante.jpg\",\"datePublished\":\"2019-04-10T00:26:49+00:00\",\"dateModified\":\"2026-04-24T04:06:58+00:00\",\"breadcrumb\":{\"@id\":\"https:\/\/radiolifefm.com.br\/noticias\/moradora-de-rua-ganha-festa-de-aniversario-em-osvaldo-cruz\/#breadcrumb\"},\"inLanguage\":\"pt-BR\",\"potentialAction\":[{\"@type\":\"ReadAction\",\"target\":[\"https:\/\/radiolifefm.com.br\/noticias\/moradora-de-rua-ganha-festa-de-aniversario-em-osvaldo-cruz\/\"]}]},{\"@type\":\"ImageObject\",\"inLanguage\":\"pt-BR\",\"@id\":\"https:\/\/radiolifefm.com.br\/noticias\/moradora-de-rua-ganha-festa-de-aniversario-em-osvaldo-cruz\/#primaryimage\",\"url\":\"https:\/\/radiolifefm.com.br\/noticias\/wp-content\/uploads\/2019\/04\/Aniversariante.jpg\",\"contentUrl\":\"https:\/\/radiolifefm.com.br\/noticias\/wp-content\/uploads\/2019\/04\/Aniversariante.jpg\",\"width\":605,\"height\":1075,\"caption\":\"Joice Helena completou 26 anos nesta semana\"},{\"@type\":\"BreadcrumbList\",\"@id\":\"https:\/\/radiolifefm.com.br\/noticias\/moradora-de-rua-ganha-festa-de-aniversario-em-osvaldo-cruz\/#breadcrumb\",\"itemListElement\":[{\"@type\":\"ListItem\",\"position\":1,\"name\":\"In\u00edcio\",\"item\":\"https:\/\/radiolifefm.com.br\/noticias\/\"},{\"@type\":\"ListItem\",\"position\":2,\"name\":\"Moradora de rua ganha festa de anivers\u00e1rio em Osvaldo Cruz\"}]},{\"@type\":\"WebSite\",\"@id\":\"https:\/\/radiolifefm.com.br\/noticias\/#website\",\"url\":\"https:\/\/radiolifefm.com.br\/noticias\/\",\"name\":\"R\u00e1dio Life FM\",\"description\":\"O Portal de Not\u00edcias de Adamantina\",\"publisher\":{\"@id\":\"https:\/\/radiolifefm.com.br\/noticias\/#organization\"},\"alternateName\":\"Life FM\",\"potentialAction\":[{\"@type\":\"SearchAction\",\"target\":{\"@type\":\"EntryPoint\",\"urlTemplate\":\"https:\/\/radiolifefm.com.br\/noticias\/?s={search_term_string}\"},\"query-input\":{\"@type\":\"PropertyValueSpecification\",\"valueRequired\":true,\"valueName\":\"search_term_string\"}}],\"inLanguage\":\"pt-BR\"},{\"@type\":\"Organization\",\"@id\":\"https:\/\/radiolifefm.com.br\/noticias\/#organization\",\"name\":\"R\u00e1dio Life FM\",\"alternateName\":\"Life FM\",\"url\":\"https:\/\/radiolifefm.com.br\/noticias\/\",\"logo\":{\"@type\":\"ImageObject\",\"inLanguage\":\"pt-BR\",\"@id\":\"https:\/\/radiolifefm.com.br\/noticias\/#\/schema\/logo\/image\/\",\"url\":\"https:\/\/static.radiolifefm.com.br\/noticias\/wp-content\/uploads\/2019\/10\/logo-lifefm.png\",\"contentUrl\":\"https:\/\/static.radiolifefm.com.br\/noticias\/wp-content\/uploads\/2019\/10\/logo-lifefm.png\",\"width\":196,\"height\":47,\"caption\":\"R\u00e1dio Life FM\"},\"image\":{\"@id\":\"https:\/\/radiolifefm.com.br\/noticias\/#\/schema\/logo\/image\/\"},\"sameAs\":[\"https:\/\/www.facebook.com\/radiolifefm\/\",\"https:\/\/www.instagram.com\/life1079fm\/\"]},{\"@type\":\"Person\",\"@id\":\"https:\/\/radiolifefm.com.br\/noticias\/#\/schema\/person\/6876e1240feffe6e1b63fd5cb85abf28\",\"name\":\"joaograndao\",\"image\":{\"@type\":\"ImageObject\",\"inLanguage\":\"pt-BR\",\"@id\":\"https:\/\/secure.gravatar.com\/avatar\/d5b1a3cf357ed9c50404e256a1294083aa8ab5d2a994001567302786016cb32c?s=96&d=mm&r=g\",\"url\":\"https:\/\/secure.gravatar.com\/avatar\/d5b1a3cf357ed9c50404e256a1294083aa8ab5d2a994001567302786016cb32c?s=96&d=mm&r=g\",\"contentUrl\":\"https:\/\/secure.gravatar.com\/avatar\/d5b1a3cf357ed9c50404e256a1294083aa8ab5d2a994001567302786016cb32c?s=96&d=mm&r=g\",\"caption\":\"joaograndao\"}}]}<\/script>\n<!-- \/ Yoast SEO plugin. -->","yoast_head_json":{"title":"Moradora de rua ganha festa de anivers\u00e1rio em Osvaldo Cruz - R\u00e1dio Life FM","robots":{"index":"index","follow":"follow","max-snippet":"max-snippet:-1","max-image-preview":"max-image-preview:large","max-video-preview":"max-video-preview:-1"},"canonical":"https:\/\/radiolifefm.com.br\/noticias\/moradora-de-rua-ganha-festa-de-aniversario-em-osvaldo-cruz\/","og_locale":"pt_BR","og_type":"article","og_title":"Moradora de rua ganha festa de anivers\u00e1rio em Osvaldo Cruz - R\u00e1dio Life FM","og_description":"Comemora\u00e7\u00e3o aconteceu na Vila Esperan\u00e7a O balc\u00e3o que normalmente recebe amigos para um bom churrasco e bate papo, deu lugar a um lindo bolo com direito a bombons. Uma mulher em situa\u00e7\u00e3o de rua ganhou de presente uma simples festa de anivers\u00e1rio, com direito a um jantar, acompanhado de churrasco. A celebra\u00e7\u00e3o surpresa aconteceu na [&hellip;]","og_url":"https:\/\/radiolifefm.com.br\/noticias\/moradora-de-rua-ganha-festa-de-aniversario-em-osvaldo-cruz\/","og_site_name":"R\u00e1dio Life FM","article_publisher":"https:\/\/www.facebook.com\/radiolifefm\/","article_published_time":"2019-04-10T00:26:49+00:00","article_modified_time":"2026-04-24T04:06:58+00:00","og_image":[{"width":605,"height":1075,"url":"https:\/\/radiolifefm.com.br\/noticias\/wp-content\/uploads\/2019\/04\/Aniversariante.jpg","type":"image\/jpeg"}],"author":"joaograndao","twitter_card":"summary_large_image","twitter_misc":{"Escrito por":"joaograndao","Est. tempo de leitura":"1 minuto"},"schema":{"@context":"https:\/\/schema.org","@graph":[{"@type":"Article","@id":"https:\/\/radiolifefm.com.br\/noticias\/moradora-de-rua-ganha-festa-de-aniversario-em-osvaldo-cruz\/#article","isPartOf":{"@id":"https:\/\/radiolifefm.com.br\/noticias\/moradora-de-rua-ganha-festa-de-aniversario-em-osvaldo-cruz\/"},"author":{"name":"joaograndao","@id":"https:\/\/radiolifefm.com.br\/noticias\/#\/schema\/person\/6876e1240feffe6e1b63fd5cb85abf28"},"headline":"Moradora de rua ganha festa de anivers\u00e1rio em Osvaldo Cruz","datePublished":"2019-04-10T00:26:49+00:00","dateModified":"2026-04-24T04:06:58+00:00","mainEntityOfPage":{"@id":"https:\/\/radiolifefm.com.br\/noticias\/moradora-de-rua-ganha-festa-de-aniversario-em-osvaldo-cruz\/"},"wordCount":239,"commentCount":0,"publisher":{"@id":"https:\/\/radiolifefm.com.br\/noticias\/#organization"},"image":{"@id":"https:\/\/radiolifefm.com.br\/noticias\/moradora-de-rua-ganha-festa-de-aniversario-em-osvaldo-cruz\/#primaryimage"},"thumbnailUrl":"https:\/\/radiolifefm.com.br\/noticias\/wp-content\/uploads\/2019\/04\/Aniversariante.jpg","articleSection":["Regi\u00e3o"],"inLanguage":"pt-BR","potentialAction":[{"@type":"CommentAction","name":"Comment","target":["https:\/\/radiolifefm.com.br\/noticias\/moradora-de-rua-ganha-festa-de-aniversario-em-osvaldo-cruz\/#respond"]}]},{"@type":"WebPage","@id":"https:\/\/radiolifefm.com.br\/noticias\/moradora-de-rua-ganha-festa-de-aniversario-em-osvaldo-cruz\/","url":"https:\/\/radiolifefm.com.br\/noticias\/moradora-de-rua-ganha-festa-de-aniversario-em-osvaldo-cruz\/","name":"Moradora de rua ganha festa de anivers\u00e1rio em Osvaldo Cruz - R\u00e1dio Life FM","isPartOf":{"@id":"https:\/\/radiolifefm.com.br\/noticias\/#website"},"primaryImageOfPage":{"@id":"https:\/\/radiolifefm.com.br\/noticias\/moradora-de-rua-ganha-festa-de-aniversario-em-osvaldo-cruz\/#primaryimage"},"image":{"@id":"https:\/\/radiolifefm.com.br\/noticias\/moradora-de-rua-ganha-festa-de-aniversario-em-osvaldo-cruz\/#primaryimage"},"thumbnailUrl":"https:\/\/radiolifefm.com.br\/noticias\/wp-content\/uploads\/2019\/04\/Aniversariante.jpg","datePublished":"2019-04-10T00:26:49+00:00","dateModified":"2026-04-24T04:06:58+00:00","breadcrumb":{"@id":"https:\/\/radiolifefm.com.br\/noticias\/moradora-de-rua-ganha-festa-de-aniversario-em-osvaldo-cruz\/#breadcrumb"},"inLanguage":"pt-BR","potentialAction":[{"@type":"ReadAction","target":["https:\/\/radiolifefm.com.br\/noticias\/moradora-de-rua-ganha-festa-de-aniversario-em-osvaldo-cruz\/"]}]},{"@type":"ImageObject","inLanguage":"pt-BR","@id":"https:\/\/radiolifefm.com.br\/noticias\/moradora-de-rua-ganha-festa-de-aniversario-em-osvaldo-cruz\/#primaryimage","url":"https:\/\/radiolifefm.com.br\/noticias\/wp-content\/uploads\/2019\/04\/Aniversariante.jpg","contentUrl":"https:\/\/radiolifefm.com.br\/noticias\/wp-content\/uploads\/2019\/04\/Aniversariante.jpg","width":605,"height":1075,"caption":"Joice Helena completou 26 anos nesta semana"},{"@type":"BreadcrumbList","@id":"https:\/\/radiolifefm.com.br\/noticias\/moradora-de-rua-ganha-festa-de-aniversario-em-osvaldo-cruz\/#breadcrumb","itemListElement":[{"@type":"ListItem","position":1,"name":"In\u00edcio","item":"https:\/\/radiolifefm.com.br\/noticias\/"},{"@type":"ListItem","position":2,"name":"Moradora de rua ganha festa de anivers\u00e1rio em Osvaldo Cruz"}]},{"@type":"WebSite","@id":"https:\/\/radiolifefm.com.br\/noticias\/#website","url":"https:\/\/radiolifefm.com.br\/noticias\/","name":"R\u00e1dio Life FM","description":"O Portal de Not\u00edcias de Adamantina","publisher":{"@id":"https:\/\/radiolifefm.com.br\/noticias\/#organization"},"alternateName":"Life FM","potentialAction":[{"@type":"SearchAction","target":{"@type":"EntryPoint","urlTemplate":"https:\/\/radiolifefm.com.br\/noticias\/?s={search_term_string}"},"query-input":{"@type":"PropertyValueSpecification","valueRequired":true,"valueName":"search_term_string"}}],"inLanguage":"pt-BR"},{"@type":"Organization","@id":"https:\/\/radiolifefm.com.br\/noticias\/#organization","name":"R\u00e1dio Life FM","alternateName":"Life FM","url":"https:\/\/radiolifefm.com.br\/noticias\/","logo":{"@type":"ImageObject","inLanguage":"pt-BR","@id":"https:\/\/radiolifefm.com.br\/noticias\/#\/schema\/logo\/image\/","url":"https:\/\/static.radiolifefm.com.br\/noticias\/wp-content\/uploads\/2019\/10\/logo-lifefm.png","contentUrl":"https:\/\/static.radiolifefm.com.br\/noticias\/wp-content\/uploads\/2019\/10\/logo-lifefm.png","width":196,"height":47,"caption":"R\u00e1dio Life FM"},"image":{"@id":"https:\/\/radiolifefm.com.br\/noticias\/#\/schema\/logo\/image\/"},"sameAs":["https:\/\/www.facebook.com\/radiolifefm\/","https:\/\/www.instagram.com\/life1079fm\/"]},{"@type":"Person","@id":"https:\/\/radiolifefm.com.br\/noticias\/#\/schema\/person\/6876e1240feffe6e1b63fd5cb85abf28","name":"joaograndao","image":{"@type":"ImageObject","inLanguage":"pt-BR","@id":"https:\/\/secure.gravatar.com\/avatar\/d5b1a3cf357ed9c50404e256a1294083aa8ab5d2a994001567302786016cb32c?s=96&d=mm&r=g","url":"https:\/\/secure.gravatar.com\/avatar\/d5b1a3cf357ed9c50404e256a1294083aa8ab5d2a994001567302786016cb32c?s=96&d=mm&r=g","contentUrl":"https:\/\/secure.gravatar.com\/avatar\/d5b1a3cf357ed9c50404e256a1294083aa8ab5d2a994001567302786016cb32c?s=96&d=mm&r=g","caption":"joaograndao"}}]}},"amp_enabled":true,"_links":{"self":[{"href":"https:\/\/radiolifefm.com.br\/noticias\/wp-json\/wp\/v2\/posts\/11863","targetHints":{"allow":["GET"]}}],"collection":[{"href":"https:\/\/radiolifefm.com.br\/noticias\/wp-json\/wp\/v2\/posts"}],"about":[{"href":"https:\/\/radiolifefm.com.br\/noticias\/wp-json\/wp\/v2\/types\/post"}],"author":[{"embeddable":true,"href":"https:\/\/radiolifefm.com.br\/noticias\/wp-json\/wp\/v2\/users\/8"}],"replies":[{"embeddable":true,"href":"https:\/\/radiolifefm.com.br\/noticias\/wp-json\/wp\/v2\/comments?post=11863"}],"version-history":[{"count":2,"href":"https:\/\/radiolifefm.com.br\/noticias\/wp-json\/wp\/v2\/posts\/11863\/revisions"}],"predecessor-version":[{"id":11866,"href":"https:\/\/radiolifefm.com.br\/noticias\/wp-json\/wp\/v2\/posts\/11863\/revisions\/11866"}],"wp:featuredmedia":[{"embeddable":true,"href":"https:\/\/radiolifefm.com.br\/noticias\/wp-json\/wp\/v2\/media\/11864"}],"wp:attachment":[{"href":"https:\/\/radiolifefm.com.br\/noticias\/wp-json\/wp\/v2\/media?parent=11863"}],"wp:term":[{"taxonomy":"category","embeddable":true,"href":"https:\/\/radiolifefm.com.br\/noticias\/wp-json\/wp\/v2\/categories?post=11863"},{"taxonomy":"post_tag","embeddable":true,"href":"https:\/\/radiolifefm.com.br\/noticias\/wp-json\/wp\/v2\/tags?post=11863"}],"curies":[{"name":"wp","href":"https:\/\/api.w.org\/{rel}","templated":true}]}}