{"id":11822,"date":"2019-04-08T23:18:21","date_gmt":"2019-04-09T02:18:21","guid":{"rendered":"https:\/\/radiolifefm.com.br\/noticias\/?p=11822"},"modified":"2026-04-28T05:01:51","modified_gmt":"2026-04-28T08:01:51","slug":"com-capacidade-para-16-mil-presos-estado-inaugura-nesta-quinta-feira-dois-novos-presidios-em-pacaembu","status":"publish","type":"post","link":"https:\/\/radiolifefm.com.br\/noticias\/com-capacidade-para-16-mil-presos-estado-inaugura-nesta-quinta-feira-dois-novos-presidios-em-pacaembu\/","title":{"rendered":"Com capacidade para 1,6 mil presos, Estado inaugura nesta quinta-feira dois novos pres\u00eddios em Pacaembu"},"content":{"rendered":"<div id=\"fb-root\"><\/div>\n<p><em>Valor investido supera R$ 91 milh\u00f5es, com R$ 43 milh\u00f5es provenientes do Departamento Penitenci\u00e1rio Nacional, vinculado ao Minist\u00e9rio da Justi\u00e7a e Seguran\u00e7a P\u00fablica<\/em><\/p>\n<p>O governo do Estado de S\u00e3o Paulo vai inaugurar nesta quinta-feira (11), os Centros de Deten\u00e7\u00e3o Provis\u00f3ria (CDPs), I e II de Pacaembu. As novas unidades prisionais, capazes de receber juntas, 1.646 detentos, localizam-se no km 7,600 da Rodovia Vicinal Prefeito Kouitiro Sato.<\/p>\n<p>O valor investido no empreendimento foi de mais de R$ R$ 91 milh\u00f5es, com R$ 43 milh\u00f5es provenientes do governo federal, atrav\u00e9s do Departamento Penitenci\u00e1rio Nacional, vinculado ao Minist\u00e9rio da Justi\u00e7a e Seguran\u00e7a P\u00fablica.<\/p>\n<p>Cada CDP tem \u00e1rea constru\u00edda de 11.514,18 m\u00b2 e capacidade para abrigar 823 detentos.<\/p>\n<p>A cerim\u00f4nia simb\u00f3lica de inaugura\u00e7\u00e3o ocorrer\u00e1, \u00e0s 11h, na sede do 8\u00ba Comando de Policiamento do Interior (CPI-8), em Presidente Prudente, com a presen\u00e7a do governador Jo\u00e3o Doria Junior (PSDB), que tamb\u00e9m entregar\u00e1 o 8\u00ba Batalh\u00e3o de A\u00e7\u00f5es Especiais de Pol\u00edcia (Baep), para a atua\u00e7\u00e3o no Oeste Paulista.<\/p>\n<p>As unidades prisionais ser\u00e3o entregues j\u00e1 totalmente automatizadas. Desenvolvido integralmente por t\u00e9cnicos da Secretaria da Administra\u00e7\u00e3o Penitenci\u00e1ria do Estado de S\u00e3o Paulo (SAP), trata-se de um sistema autom\u00e1tico para a abertura e o fechamento das portas sem que os funcion\u00e1rios tenham contato direto com a popula\u00e7\u00e3o carcer\u00e1ria.<\/p>\n<p>As novas unidades ser\u00e3o inauguradas tamb\u00e9m com equipamentos de seguran\u00e7a que incluem aparelho de raios-x, portal detector de metal e esc\u00e2ner corporal.<\/p>\n<p>O Centro de Deten\u00e7\u00e3o Provis\u00f3ria \u00e9 um estabelecimento para presos que ainda aguardam julgamento. Ele foi projetado com caracter\u00edsticas diferenciadas, aproveitando as experi\u00eancias dos que j\u00e1 estavam em funcionamento.<\/p>\n<p>A grande novidade nos novos CDPs s\u00e3o os pavilh\u00f5es de trabalho e de servi\u00e7o, como cozinha industrial, onde os pr\u00f3prios presos preparam os alimentos , salas de aula, al\u00e9m de inclus\u00e3o, sa\u00fade, lavanderia e padaria (setores j\u00e1 existentes nas penitenci\u00e1rias), incluindo sistema de rampas de acessibilidade a portadores de mobilidade reduzida e banheiros acess\u00edveis.<\/p>\n<p>G 1<\/p>\n<p>Reda\u00e7\u00e3o &#8211; Kako de Oliveira<\/p>\n<div class='flex flex-wrap items-center -mx-1'>\r\n<a class='thumbnail gallery p-1 w-1\/2 md:w-1\/4' href='https:\/\/radiolifefm.com.br\/noticias\/wp-content\/uploads\/2019\/04\/Pres\u00eddio-Pacaembu-1.jpg'><img class='border border-white' src='https:\/\/radiolifefm.com.br\/noticias\/wp-content\/uploads\/2019\/04\/Pres\u00eddio-Pacaembu-1-200x200.jpg' alt='Pres\u00eddio   Pacaembu   1' \/><\/a><\/div>\n","protected":false},"excerpt":{"rendered":"<p>Valor investido supera R$ 91 milh\u00f5es, com R$ 43 milh\u00f5es provenientes do Departamento Penitenci\u00e1rio Nacional, vinculado ao Minist\u00e9rio da Justi\u00e7a e Seguran\u00e7a P\u00fablica O governo do Estado de S\u00e3o Paulo vai inaugurar nesta quinta-feira (11), os Centros de Deten\u00e7\u00e3o Provis\u00f3ria (CDPs), I e II de Pacaembu. As novas unidades prisionais, capazes de receber juntas, 1.646 [&hellip;]<\/p>\n","protected":false},"author":8,"featured_media":11823,"comment_status":"open","ping_status":"open","sticky":false,"template":"","format":"standard","meta":{"_acf_changed":false,"_exactmetrics_skip_tracking":false,"_exactmetrics_sitenote_active":false,"_exactmetrics_sitenote_note":"","_exactmetrics_sitenote_category":0,"footnotes":""},"categories":[24],"tags":[],"class_list":["post-11822","post","type-post","status-publish","format-standard","has-post-thumbnail","hentry","category-regiao"],"acf":[],"yoast_head":"<!-- This site is optimized with the Yoast SEO plugin v27.2 - https:\/\/yoast.com\/product\/yoast-seo-wordpress\/ -->\n<title>Com capacidade para 1,6 mil presos, Estado inaugura nesta quinta-feira dois novos pres\u00eddios em Pacaembu - R\u00e1dio Life FM<\/title>\n<meta name=\"robots\" content=\"index, follow, max-snippet:-1, max-image-preview:large, max-video-preview:-1\" \/>\n<link rel=\"canonical\" href=\"https:\/\/radiolifefm.com.br\/noticias\/com-capacidade-para-16-mil-presos-estado-inaugura-nesta-quinta-feira-dois-novos-presidios-em-pacaembu\/\" \/>\n<meta property=\"og:locale\" content=\"pt_BR\" \/>\n<meta property=\"og:type\" content=\"article\" \/>\n<meta property=\"og:title\" content=\"Com capacidade para 1,6 mil presos, Estado inaugura nesta quinta-feira dois novos pres\u00eddios em Pacaembu - R\u00e1dio Life FM\" \/>\n<meta property=\"og:description\" content=\"Valor investido supera R$ 91 milh\u00f5es, com R$ 43 milh\u00f5es provenientes do Departamento Penitenci\u00e1rio Nacional, vinculado ao Minist\u00e9rio da Justi\u00e7a e Seguran\u00e7a P\u00fablica O governo do Estado de S\u00e3o Paulo vai inaugurar nesta quinta-feira (11), os Centros de Deten\u00e7\u00e3o Provis\u00f3ria (CDPs), I e II de Pacaembu. As novas unidades prisionais, capazes de receber juntas, 1.646 [&hellip;]\" \/>\n<meta property=\"og:url\" content=\"https:\/\/radiolifefm.com.br\/noticias\/com-capacidade-para-16-mil-presos-estado-inaugura-nesta-quinta-feira-dois-novos-presidios-em-pacaembu\/\" \/>\n<meta property=\"og:site_name\" content=\"R\u00e1dio Life FM\" \/>\n<meta property=\"article:publisher\" content=\"https:\/\/www.facebook.com\/radiolifefm\/\" \/>\n<meta property=\"article:published_time\" content=\"2019-04-09T02:18:21+00:00\" \/>\n<meta property=\"article:modified_time\" content=\"2026-04-28T08:01:51+00:00\" \/>\n<meta property=\"og:image\" content=\"https:\/\/radiolifefm.com.br\/noticias\/wp-content\/uploads\/2019\/04\/Pres\u00eddio-Pacaembu.jpg\" \/>\n\t<meta property=\"og:image:width\" content=\"620\" \/>\n\t<meta property=\"og:image:height\" content=\"309\" \/>\n\t<meta property=\"og:image:type\" content=\"image\/jpeg\" \/>\n<meta name=\"author\" content=\"joaograndao\" \/>\n<meta name=\"twitter:card\" content=\"summary_large_image\" \/>\n<meta name=\"twitter:label1\" content=\"Escrito por\" \/>\n\t<meta name=\"twitter:data1\" content=\"joaograndao\" \/>\n\t<meta name=\"twitter:label2\" content=\"Est. tempo de leitura\" \/>\n\t<meta name=\"twitter:data2\" content=\"2 minutos\" \/>\n<script type=\"application\/ld+json\" class=\"yoast-schema-graph\">{\"@context\":\"https:\/\/schema.org\",\"@graph\":[{\"@type\":\"Article\",\"@id\":\"https:\/\/radiolifefm.com.br\/noticias\/com-capacidade-para-16-mil-presos-estado-inaugura-nesta-quinta-feira-dois-novos-presidios-em-pacaembu\/#article\",\"isPartOf\":{\"@id\":\"https:\/\/radiolifefm.com.br\/noticias\/com-capacidade-para-16-mil-presos-estado-inaugura-nesta-quinta-feira-dois-novos-presidios-em-pacaembu\/\"},\"author\":{\"name\":\"joaograndao\",\"@id\":\"https:\/\/radiolifefm.com.br\/noticias\/#\/schema\/person\/6876e1240feffe6e1b63fd5cb85abf28\"},\"headline\":\"Com capacidade para 1,6 mil presos, Estado inaugura nesta quinta-feira dois novos pres\u00eddios em Pacaembu\",\"datePublished\":\"2019-04-09T02:18:21+00:00\",\"dateModified\":\"2026-04-28T08:01:51+00:00\",\"mainEntityOfPage\":{\"@id\":\"https:\/\/radiolifefm.com.br\/noticias\/com-capacidade-para-16-mil-presos-estado-inaugura-nesta-quinta-feira-dois-novos-presidios-em-pacaembu\/\"},\"wordCount\":380,\"commentCount\":0,\"publisher\":{\"@id\":\"https:\/\/radiolifefm.com.br\/noticias\/#organization\"},\"image\":{\"@id\":\"https:\/\/radiolifefm.com.br\/noticias\/com-capacidade-para-16-mil-presos-estado-inaugura-nesta-quinta-feira-dois-novos-presidios-em-pacaembu\/#primaryimage\"},\"thumbnailUrl\":\"https:\/\/radiolifefm.com.br\/noticias\/wp-content\/uploads\/2019\/04\/Pres\u00eddio-Pacaembu.jpg\",\"articleSection\":[\"Regi\u00e3o\"],\"inLanguage\":\"pt-BR\",\"potentialAction\":[{\"@type\":\"CommentAction\",\"name\":\"Comment\",\"target\":[\"https:\/\/radiolifefm.com.br\/noticias\/com-capacidade-para-16-mil-presos-estado-inaugura-nesta-quinta-feira-dois-novos-presidios-em-pacaembu\/#respond\"]}]},{\"@type\":\"WebPage\",\"@id\":\"https:\/\/radiolifefm.com.br\/noticias\/com-capacidade-para-16-mil-presos-estado-inaugura-nesta-quinta-feira-dois-novos-presidios-em-pacaembu\/\",\"url\":\"https:\/\/radiolifefm.com.br\/noticias\/com-capacidade-para-16-mil-presos-estado-inaugura-nesta-quinta-feira-dois-novos-presidios-em-pacaembu\/\",\"name\":\"Com capacidade para 1,6 mil presos, Estado inaugura nesta quinta-feira dois novos pres\u00eddios em Pacaembu - R\u00e1dio Life FM\",\"isPartOf\":{\"@id\":\"https:\/\/radiolifefm.com.br\/noticias\/#website\"},\"primaryImageOfPage\":{\"@id\":\"https:\/\/radiolifefm.com.br\/noticias\/com-capacidade-para-16-mil-presos-estado-inaugura-nesta-quinta-feira-dois-novos-presidios-em-pacaembu\/#primaryimage\"},\"image\":{\"@id\":\"https:\/\/radiolifefm.com.br\/noticias\/com-capacidade-para-16-mil-presos-estado-inaugura-nesta-quinta-feira-dois-novos-presidios-em-pacaembu\/#primaryimage\"},\"thumbnailUrl\":\"https:\/\/radiolifefm.com.br\/noticias\/wp-content\/uploads\/2019\/04\/Pres\u00eddio-Pacaembu.jpg\",\"datePublished\":\"2019-04-09T02:18:21+00:00\",\"dateModified\":\"2026-04-28T08:01:51+00:00\",\"breadcrumb\":{\"@id\":\"https:\/\/radiolifefm.com.br\/noticias\/com-capacidade-para-16-mil-presos-estado-inaugura-nesta-quinta-feira-dois-novos-presidios-em-pacaembu\/#breadcrumb\"},\"inLanguage\":\"pt-BR\",\"potentialAction\":[{\"@type\":\"ReadAction\",\"target\":[\"https:\/\/radiolifefm.com.br\/noticias\/com-capacidade-para-16-mil-presos-estado-inaugura-nesta-quinta-feira-dois-novos-presidios-em-pacaembu\/\"]}]},{\"@type\":\"ImageObject\",\"inLanguage\":\"pt-BR\",\"@id\":\"https:\/\/radiolifefm.com.br\/noticias\/com-capacidade-para-16-mil-presos-estado-inaugura-nesta-quinta-feira-dois-novos-presidios-em-pacaembu\/#primaryimage\",\"url\":\"https:\/\/radiolifefm.com.br\/noticias\/wp-content\/uploads\/2019\/04\/Pres\u00eddio-Pacaembu.jpg\",\"contentUrl\":\"https:\/\/radiolifefm.com.br\/noticias\/wp-content\/uploads\/2019\/04\/Pres\u00eddio-Pacaembu.jpg\",\"width\":620,\"height\":309,\"caption\":\"Novas unidades prisionais ser\u00e3o inauguradas na pr\u00f3xima quinta feira em Pacaembu - Foto - Governo do Estado - Divulga\u00e7\u00e3o\"},{\"@type\":\"BreadcrumbList\",\"@id\":\"https:\/\/radiolifefm.com.br\/noticias\/com-capacidade-para-16-mil-presos-estado-inaugura-nesta-quinta-feira-dois-novos-presidios-em-pacaembu\/#breadcrumb\",\"itemListElement\":[{\"@type\":\"ListItem\",\"position\":1,\"name\":\"In\u00edcio\",\"item\":\"https:\/\/radiolifefm.com.br\/noticias\/\"},{\"@type\":\"ListItem\",\"position\":2,\"name\":\"Com capacidade para 1,6 mil presos, Estado inaugura nesta quinta-feira dois novos pres\u00eddios em Pacaembu\"}]},{\"@type\":\"WebSite\",\"@id\":\"https:\/\/radiolifefm.com.br\/noticias\/#website\",\"url\":\"https:\/\/radiolifefm.com.br\/noticias\/\",\"name\":\"R\u00e1dio Life FM\",\"description\":\"O Portal de Not\u00edcias de Adamantina\",\"publisher\":{\"@id\":\"https:\/\/radiolifefm.com.br\/noticias\/#organization\"},\"alternateName\":\"Life FM\",\"potentialAction\":[{\"@type\":\"SearchAction\",\"target\":{\"@type\":\"EntryPoint\",\"urlTemplate\":\"https:\/\/radiolifefm.com.br\/noticias\/?s={search_term_string}\"},\"query-input\":{\"@type\":\"PropertyValueSpecification\",\"valueRequired\":true,\"valueName\":\"search_term_string\"}}],\"inLanguage\":\"pt-BR\"},{\"@type\":\"Organization\",\"@id\":\"https:\/\/radiolifefm.com.br\/noticias\/#organization\",\"name\":\"R\u00e1dio Life FM\",\"alternateName\":\"Life FM\",\"url\":\"https:\/\/radiolifefm.com.br\/noticias\/\",\"logo\":{\"@type\":\"ImageObject\",\"inLanguage\":\"pt-BR\",\"@id\":\"https:\/\/radiolifefm.com.br\/noticias\/#\/schema\/logo\/image\/\",\"url\":\"https:\/\/static.radiolifefm.com.br\/noticias\/wp-content\/uploads\/2019\/10\/logo-lifefm.png\",\"contentUrl\":\"https:\/\/static.radiolifefm.com.br\/noticias\/wp-content\/uploads\/2019\/10\/logo-lifefm.png\",\"width\":196,\"height\":47,\"caption\":\"R\u00e1dio Life FM\"},\"image\":{\"@id\":\"https:\/\/radiolifefm.com.br\/noticias\/#\/schema\/logo\/image\/\"},\"sameAs\":[\"https:\/\/www.facebook.com\/radiolifefm\/\",\"https:\/\/www.instagram.com\/life1079fm\/\"]},{\"@type\":\"Person\",\"@id\":\"https:\/\/radiolifefm.com.br\/noticias\/#\/schema\/person\/6876e1240feffe6e1b63fd5cb85abf28\",\"name\":\"joaograndao\",\"image\":{\"@type\":\"ImageObject\",\"inLanguage\":\"pt-BR\",\"@id\":\"https:\/\/secure.gravatar.com\/avatar\/d5b1a3cf357ed9c50404e256a1294083aa8ab5d2a994001567302786016cb32c?s=96&d=mm&r=g\",\"url\":\"https:\/\/secure.gravatar.com\/avatar\/d5b1a3cf357ed9c50404e256a1294083aa8ab5d2a994001567302786016cb32c?s=96&d=mm&r=g\",\"contentUrl\":\"https:\/\/secure.gravatar.com\/avatar\/d5b1a3cf357ed9c50404e256a1294083aa8ab5d2a994001567302786016cb32c?s=96&d=mm&r=g\",\"caption\":\"joaograndao\"}}]}<\/script>\n<!-- \/ Yoast SEO plugin. -->","yoast_head_json":{"title":"Com capacidade para 1,6 mil presos, Estado inaugura nesta quinta-feira dois novos pres\u00eddios em Pacaembu - R\u00e1dio Life FM","robots":{"index":"index","follow":"follow","max-snippet":"max-snippet:-1","max-image-preview":"max-image-preview:large","max-video-preview":"max-video-preview:-1"},"canonical":"https:\/\/radiolifefm.com.br\/noticias\/com-capacidade-para-16-mil-presos-estado-inaugura-nesta-quinta-feira-dois-novos-presidios-em-pacaembu\/","og_locale":"pt_BR","og_type":"article","og_title":"Com capacidade para 1,6 mil presos, Estado inaugura nesta quinta-feira dois novos pres\u00eddios em Pacaembu - R\u00e1dio Life FM","og_description":"Valor investido supera R$ 91 milh\u00f5es, com R$ 43 milh\u00f5es provenientes do Departamento Penitenci\u00e1rio Nacional, vinculado ao Minist\u00e9rio da Justi\u00e7a e Seguran\u00e7a P\u00fablica O governo do Estado de S\u00e3o Paulo vai inaugurar nesta quinta-feira (11), os Centros de Deten\u00e7\u00e3o Provis\u00f3ria (CDPs), I e II de Pacaembu. As novas unidades prisionais, capazes de receber juntas, 1.646 [&hellip;]","og_url":"https:\/\/radiolifefm.com.br\/noticias\/com-capacidade-para-16-mil-presos-estado-inaugura-nesta-quinta-feira-dois-novos-presidios-em-pacaembu\/","og_site_name":"R\u00e1dio Life FM","article_publisher":"https:\/\/www.facebook.com\/radiolifefm\/","article_published_time":"2019-04-09T02:18:21+00:00","article_modified_time":"2026-04-28T08:01:51+00:00","og_image":[{"width":620,"height":309,"url":"https:\/\/radiolifefm.com.br\/noticias\/wp-content\/uploads\/2019\/04\/Pres\u00eddio-Pacaembu.jpg","type":"image\/jpeg"}],"author":"joaograndao","twitter_card":"summary_large_image","twitter_misc":{"Escrito por":"joaograndao","Est. tempo de leitura":"2 minutos"},"schema":{"@context":"https:\/\/schema.org","@graph":[{"@type":"Article","@id":"https:\/\/radiolifefm.com.br\/noticias\/com-capacidade-para-16-mil-presos-estado-inaugura-nesta-quinta-feira-dois-novos-presidios-em-pacaembu\/#article","isPartOf":{"@id":"https:\/\/radiolifefm.com.br\/noticias\/com-capacidade-para-16-mil-presos-estado-inaugura-nesta-quinta-feira-dois-novos-presidios-em-pacaembu\/"},"author":{"name":"joaograndao","@id":"https:\/\/radiolifefm.com.br\/noticias\/#\/schema\/person\/6876e1240feffe6e1b63fd5cb85abf28"},"headline":"Com capacidade para 1,6 mil presos, Estado inaugura nesta quinta-feira dois novos pres\u00eddios em Pacaembu","datePublished":"2019-04-09T02:18:21+00:00","dateModified":"2026-04-28T08:01:51+00:00","mainEntityOfPage":{"@id":"https:\/\/radiolifefm.com.br\/noticias\/com-capacidade-para-16-mil-presos-estado-inaugura-nesta-quinta-feira-dois-novos-presidios-em-pacaembu\/"},"wordCount":380,"commentCount":0,"publisher":{"@id":"https:\/\/radiolifefm.com.br\/noticias\/#organization"},"image":{"@id":"https:\/\/radiolifefm.com.br\/noticias\/com-capacidade-para-16-mil-presos-estado-inaugura-nesta-quinta-feira-dois-novos-presidios-em-pacaembu\/#primaryimage"},"thumbnailUrl":"https:\/\/radiolifefm.com.br\/noticias\/wp-content\/uploads\/2019\/04\/Pres\u00eddio-Pacaembu.jpg","articleSection":["Regi\u00e3o"],"inLanguage":"pt-BR","potentialAction":[{"@type":"CommentAction","name":"Comment","target":["https:\/\/radiolifefm.com.br\/noticias\/com-capacidade-para-16-mil-presos-estado-inaugura-nesta-quinta-feira-dois-novos-presidios-em-pacaembu\/#respond"]}]},{"@type":"WebPage","@id":"https:\/\/radiolifefm.com.br\/noticias\/com-capacidade-para-16-mil-presos-estado-inaugura-nesta-quinta-feira-dois-novos-presidios-em-pacaembu\/","url":"https:\/\/radiolifefm.com.br\/noticias\/com-capacidade-para-16-mil-presos-estado-inaugura-nesta-quinta-feira-dois-novos-presidios-em-pacaembu\/","name":"Com capacidade para 1,6 mil presos, Estado inaugura nesta quinta-feira dois novos pres\u00eddios em Pacaembu - R\u00e1dio Life FM","isPartOf":{"@id":"https:\/\/radiolifefm.com.br\/noticias\/#website"},"primaryImageOfPage":{"@id":"https:\/\/radiolifefm.com.br\/noticias\/com-capacidade-para-16-mil-presos-estado-inaugura-nesta-quinta-feira-dois-novos-presidios-em-pacaembu\/#primaryimage"},"image":{"@id":"https:\/\/radiolifefm.com.br\/noticias\/com-capacidade-para-16-mil-presos-estado-inaugura-nesta-quinta-feira-dois-novos-presidios-em-pacaembu\/#primaryimage"},"thumbnailUrl":"https:\/\/radiolifefm.com.br\/noticias\/wp-content\/uploads\/2019\/04\/Pres\u00eddio-Pacaembu.jpg","datePublished":"2019-04-09T02:18:21+00:00","dateModified":"2026-04-28T08:01:51+00:00","breadcrumb":{"@id":"https:\/\/radiolifefm.com.br\/noticias\/com-capacidade-para-16-mil-presos-estado-inaugura-nesta-quinta-feira-dois-novos-presidios-em-pacaembu\/#breadcrumb"},"inLanguage":"pt-BR","potentialAction":[{"@type":"ReadAction","target":["https:\/\/radiolifefm.com.br\/noticias\/com-capacidade-para-16-mil-presos-estado-inaugura-nesta-quinta-feira-dois-novos-presidios-em-pacaembu\/"]}]},{"@type":"ImageObject","inLanguage":"pt-BR","@id":"https:\/\/radiolifefm.com.br\/noticias\/com-capacidade-para-16-mil-presos-estado-inaugura-nesta-quinta-feira-dois-novos-presidios-em-pacaembu\/#primaryimage","url":"https:\/\/radiolifefm.com.br\/noticias\/wp-content\/uploads\/2019\/04\/Pres\u00eddio-Pacaembu.jpg","contentUrl":"https:\/\/radiolifefm.com.br\/noticias\/wp-content\/uploads\/2019\/04\/Pres\u00eddio-Pacaembu.jpg","width":620,"height":309,"caption":"Novas unidades prisionais ser\u00e3o inauguradas na pr\u00f3xima quinta feira em Pacaembu - Foto - Governo do Estado - Divulga\u00e7\u00e3o"},{"@type":"BreadcrumbList","@id":"https:\/\/radiolifefm.com.br\/noticias\/com-capacidade-para-16-mil-presos-estado-inaugura-nesta-quinta-feira-dois-novos-presidios-em-pacaembu\/#breadcrumb","itemListElement":[{"@type":"ListItem","position":1,"name":"In\u00edcio","item":"https:\/\/radiolifefm.com.br\/noticias\/"},{"@type":"ListItem","position":2,"name":"Com capacidade para 1,6 mil presos, Estado inaugura nesta quinta-feira dois novos pres\u00eddios em Pacaembu"}]},{"@type":"WebSite","@id":"https:\/\/radiolifefm.com.br\/noticias\/#website","url":"https:\/\/radiolifefm.com.br\/noticias\/","name":"R\u00e1dio Life FM","description":"O Portal de Not\u00edcias de Adamantina","publisher":{"@id":"https:\/\/radiolifefm.com.br\/noticias\/#organization"},"alternateName":"Life FM","potentialAction":[{"@type":"SearchAction","target":{"@type":"EntryPoint","urlTemplate":"https:\/\/radiolifefm.com.br\/noticias\/?s={search_term_string}"},"query-input":{"@type":"PropertyValueSpecification","valueRequired":true,"valueName":"search_term_string"}}],"inLanguage":"pt-BR"},{"@type":"Organization","@id":"https:\/\/radiolifefm.com.br\/noticias\/#organization","name":"R\u00e1dio Life FM","alternateName":"Life FM","url":"https:\/\/radiolifefm.com.br\/noticias\/","logo":{"@type":"ImageObject","inLanguage":"pt-BR","@id":"https:\/\/radiolifefm.com.br\/noticias\/#\/schema\/logo\/image\/","url":"https:\/\/static.radiolifefm.com.br\/noticias\/wp-content\/uploads\/2019\/10\/logo-lifefm.png","contentUrl":"https:\/\/static.radiolifefm.com.br\/noticias\/wp-content\/uploads\/2019\/10\/logo-lifefm.png","width":196,"height":47,"caption":"R\u00e1dio Life FM"},"image":{"@id":"https:\/\/radiolifefm.com.br\/noticias\/#\/schema\/logo\/image\/"},"sameAs":["https:\/\/www.facebook.com\/radiolifefm\/","https:\/\/www.instagram.com\/life1079fm\/"]},{"@type":"Person","@id":"https:\/\/radiolifefm.com.br\/noticias\/#\/schema\/person\/6876e1240feffe6e1b63fd5cb85abf28","name":"joaograndao","image":{"@type":"ImageObject","inLanguage":"pt-BR","@id":"https:\/\/secure.gravatar.com\/avatar\/d5b1a3cf357ed9c50404e256a1294083aa8ab5d2a994001567302786016cb32c?s=96&d=mm&r=g","url":"https:\/\/secure.gravatar.com\/avatar\/d5b1a3cf357ed9c50404e256a1294083aa8ab5d2a994001567302786016cb32c?s=96&d=mm&r=g","contentUrl":"https:\/\/secure.gravatar.com\/avatar\/d5b1a3cf357ed9c50404e256a1294083aa8ab5d2a994001567302786016cb32c?s=96&d=mm&r=g","caption":"joaograndao"}}]}},"amp_enabled":true,"_links":{"self":[{"href":"https:\/\/radiolifefm.com.br\/noticias\/wp-json\/wp\/v2\/posts\/11822","targetHints":{"allow":["GET"]}}],"collection":[{"href":"https:\/\/radiolifefm.com.br\/noticias\/wp-json\/wp\/v2\/posts"}],"about":[{"href":"https:\/\/radiolifefm.com.br\/noticias\/wp-json\/wp\/v2\/types\/post"}],"author":[{"embeddable":true,"href":"https:\/\/radiolifefm.com.br\/noticias\/wp-json\/wp\/v2\/users\/8"}],"replies":[{"embeddable":true,"href":"https:\/\/radiolifefm.com.br\/noticias\/wp-json\/wp\/v2\/comments?post=11822"}],"version-history":[{"count":3,"href":"https:\/\/radiolifefm.com.br\/noticias\/wp-json\/wp\/v2\/posts\/11822\/revisions"}],"predecessor-version":[{"id":11829,"href":"https:\/\/radiolifefm.com.br\/noticias\/wp-json\/wp\/v2\/posts\/11822\/revisions\/11829"}],"wp:featuredmedia":[{"embeddable":true,"href":"https:\/\/radiolifefm.com.br\/noticias\/wp-json\/wp\/v2\/media\/11823"}],"wp:attachment":[{"href":"https:\/\/radiolifefm.com.br\/noticias\/wp-json\/wp\/v2\/media?parent=11822"}],"wp:term":[{"taxonomy":"category","embeddable":true,"href":"https:\/\/radiolifefm.com.br\/noticias\/wp-json\/wp\/v2\/categories?post=11822"},{"taxonomy":"post_tag","embeddable":true,"href":"https:\/\/radiolifefm.com.br\/noticias\/wp-json\/wp\/v2\/tags?post=11822"}],"curies":[{"name":"wp","href":"https:\/\/api.w.org\/{rel}","templated":true}]}}