{"id":11752,"date":"2019-04-06T16:15:51","date_gmt":"2019-04-06T19:15:51","guid":{"rendered":"https:\/\/radiolifefm.com.br\/noticias\/?p=11752"},"modified":"2026-03-29T09:40:55","modified_gmt":"2026-03-29T12:40:55","slug":"corpo-de-homem-assassinado-e-encontrado-queimado-em-veiculo","status":"publish","type":"post","link":"https:\/\/radiolifefm.com.br\/noticias\/corpo-de-homem-assassinado-e-encontrado-queimado-em-veiculo\/","title":{"rendered":"Corpo de homem assassinado \u00e9 encontrado queimado em ve\u00edculo"},"content":{"rendered":"<div id=\"fb-root\"><\/div>\n<p>Um homem de 28 anos foi assassinado neste s\u00e1bado (6), no bairro Terras de Imoplan, na zona rural, em Regente Feij\u00f3.<br \/>\nO corpo dele foi encontrado carbonizado no compartimento de carga de uma picape que lhe pertencia e que estava em uma via do bairro. O ve\u00edculo tamb\u00e9m estava parcialmente queimado.<br \/>\nSegundo a Pol\u00edcia Civil, um morador do bairro acionou a Pol\u00edcia Militar durante a madrugada deste s\u00e1bado (6), para comparecer ao local em raz\u00e3o do inc\u00eandio ao ve\u00edculo.<br \/>\nO Corpo de Bombeiros tamb\u00e9m foi acionado para o atendimento da ocorr\u00eancia no local.<br \/>\nO delegado Claudinei Alves, da Pol\u00edcia Civil, contou que o homem morava com os pais em uma propriedade rural no bairro, onde cuidava da cria\u00e7\u00e3o de gado leiteiro e era bastante conhecido no local.<br \/>\nA Pol\u00edcia Civil j\u00e1 deu in\u00edcio \u00e0s investiga\u00e7\u00f5es para o esclarecimento do caso e conseguiu apurar que a v\u00edtima esteve at\u00e9 durante a madrugada com amigos em um bar no bairro.<br \/>\n\u201cAinda n\u00e3o temos suspeitos, mas trabalhamos com v\u00e1rias linhas de investiga\u00e7\u00e3o. Estamos no local fazendo o levantamento de dados\u201d, salientou Alves. A Pol\u00edcia Civil trata o caso como homic\u00eddio.<br \/>\nO delegado explicou que, como a v\u00edtima era moradora do bairro e o corpo estava em seu pr\u00f3prio ve\u00edculo, n\u00e3o houve dificuldade na identifica\u00e7\u00e3o.<br \/>\nNa avalia\u00e7\u00e3o de Alves, o fato de o carro ter sido incendiado pode representar uma tentativa de dificultar a identificar da autoria do crime.<br \/>\nAl\u00e9m disso, o delegado tamb\u00e9m pontuou que a presen\u00e7a do corpo no compartimento da carga da picape pode indicar que a v\u00edtima tenha sido morta em um ponto diferente de onde o ve\u00edculo foi deixado.<br \/>\nO corpo foi encaminhado ao Instituto M\u00e9dico Legal (IML), em Presidente Prudente, para a elabora\u00e7\u00e3o de laudos periciais que ir\u00e3o tentar identificar, inclusive, eventuais les\u00f5es na v\u00edtima.<br \/>\nAs investiga\u00e7\u00f5es seguem em andamento. Ningu\u00e9m havia sido preso.<\/p>\n<p>FONTE: G1 Presidente Prudente<\/p>\n<p>Reda\u00e7\u00e3o \u2013 Kako de Oliveira<\/p>\n<div class='flex flex-wrap items-center -mx-1'>\r\n<a class='thumbnail gallery p-1 w-1\/2 md:w-1\/4' href='https:\/\/radiolifefm.com.br\/noticias\/wp-content\/uploads\/2019\/04\/Homem-assassinado-3.jpg'><img class='border border-white' src='https:\/\/radiolifefm.com.br\/noticias\/wp-content\/uploads\/2019\/04\/Homem-assassinado-3-200x200.jpg' alt='Homem Assassinado   3' \/><\/a><a class='thumbnail gallery p-1 w-1\/2 md:w-1\/4' href='https:\/\/radiolifefm.com.br\/noticias\/wp-content\/uploads\/2019\/04\/Homem-assassinado-2.jpg'><img class='border border-white' src='https:\/\/radiolifefm.com.br\/noticias\/wp-content\/uploads\/2019\/04\/Homem-assassinado-2-200x200.jpg' alt='Homem Assassinado   2' \/><\/a><a class='thumbnail gallery p-1 w-1\/2 md:w-1\/4' href='https:\/\/radiolifefm.com.br\/noticias\/wp-content\/uploads\/2019\/04\/Homem-assassinado.jpg'><img class='border border-white' src='https:\/\/radiolifefm.com.br\/noticias\/wp-content\/uploads\/2019\/04\/Homem-assassinado-200x200.jpg' alt='Homem Assassinado' \/><\/a><\/div>\n","protected":false},"excerpt":{"rendered":"<p>Um homem de 28 anos foi assassinado neste s\u00e1bado (6), no bairro Terras de Imoplan, na zona rural, em Regente Feij\u00f3. O corpo dele foi encontrado carbonizado no compartimento de carga de uma picape que lhe pertencia e que estava em uma via do bairro. O ve\u00edculo tamb\u00e9m estava parcialmente queimado. Segundo a Pol\u00edcia Civil, [&hellip;]<\/p>\n","protected":false},"author":8,"featured_media":11754,"comment_status":"open","ping_status":"open","sticky":false,"template":"","format":"standard","meta":{"_acf_changed":false,"_exactmetrics_skip_tracking":false,"_exactmetrics_sitenote_active":false,"_exactmetrics_sitenote_note":"","_exactmetrics_sitenote_category":0,"footnotes":""},"categories":[24],"tags":[],"class_list":["post-11752","post","type-post","status-publish","format-standard","has-post-thumbnail","hentry","category-regiao"],"acf":[],"yoast_head":"<!-- This site is optimized with the Yoast SEO plugin v27.2 - https:\/\/yoast.com\/product\/yoast-seo-wordpress\/ -->\n<title>Corpo de homem assassinado \u00e9 encontrado queimado em ve\u00edculo - R\u00e1dio Life FM<\/title>\n<meta name=\"robots\" content=\"index, follow, max-snippet:-1, max-image-preview:large, max-video-preview:-1\" \/>\n<link rel=\"canonical\" href=\"https:\/\/radiolifefm.com.br\/noticias\/corpo-de-homem-assassinado-e-encontrado-queimado-em-veiculo\/\" \/>\n<meta property=\"og:locale\" content=\"pt_BR\" \/>\n<meta property=\"og:type\" content=\"article\" \/>\n<meta property=\"og:title\" content=\"Corpo de homem assassinado \u00e9 encontrado queimado em ve\u00edculo - R\u00e1dio Life FM\" \/>\n<meta property=\"og:description\" content=\"Um homem de 28 anos foi assassinado neste s\u00e1bado (6), no bairro Terras de Imoplan, na zona rural, em Regente Feij\u00f3. O corpo dele foi encontrado carbonizado no compartimento de carga de uma picape que lhe pertencia e que estava em uma via do bairro. O ve\u00edculo tamb\u00e9m estava parcialmente queimado. Segundo a Pol\u00edcia Civil, [&hellip;]\" \/>\n<meta property=\"og:url\" content=\"https:\/\/radiolifefm.com.br\/noticias\/corpo-de-homem-assassinado-e-encontrado-queimado-em-veiculo\/\" \/>\n<meta property=\"og:site_name\" content=\"R\u00e1dio Life FM\" \/>\n<meta property=\"article:publisher\" content=\"https:\/\/www.facebook.com\/radiolifefm\/\" \/>\n<meta property=\"article:published_time\" content=\"2019-04-06T19:15:51+00:00\" \/>\n<meta property=\"article:modified_time\" content=\"2026-03-29T12:40:55+00:00\" \/>\n<meta property=\"og:image\" content=\"https:\/\/radiolifefm.com.br\/noticias\/wp-content\/uploads\/2019\/04\/Homem-assassinado-1.jpg\" \/>\n\t<meta property=\"og:image:width\" content=\"870\" \/>\n\t<meta property=\"og:image:height\" content=\"522\" \/>\n\t<meta property=\"og:image:type\" content=\"image\/jpeg\" \/>\n<meta name=\"author\" content=\"joaograndao\" \/>\n<meta name=\"twitter:card\" content=\"summary_large_image\" \/>\n<meta name=\"twitter:label1\" content=\"Escrito por\" \/>\n\t<meta name=\"twitter:data1\" content=\"joaograndao\" \/>\n\t<meta name=\"twitter:label2\" content=\"Est. tempo de leitura\" \/>\n\t<meta name=\"twitter:data2\" content=\"2 minutos\" \/>\n<script type=\"application\/ld+json\" class=\"yoast-schema-graph\">{\"@context\":\"https:\/\/schema.org\",\"@graph\":[{\"@type\":\"Article\",\"@id\":\"https:\/\/radiolifefm.com.br\/noticias\/corpo-de-homem-assassinado-e-encontrado-queimado-em-veiculo\/#article\",\"isPartOf\":{\"@id\":\"https:\/\/radiolifefm.com.br\/noticias\/corpo-de-homem-assassinado-e-encontrado-queimado-em-veiculo\/\"},\"author\":{\"name\":\"joaograndao\",\"@id\":\"https:\/\/radiolifefm.com.br\/noticias\/#\/schema\/person\/6876e1240feffe6e1b63fd5cb85abf28\"},\"headline\":\"Corpo de homem assassinado \u00e9 encontrado queimado em ve\u00edculo\",\"datePublished\":\"2019-04-06T19:15:51+00:00\",\"dateModified\":\"2026-03-29T12:40:55+00:00\",\"mainEntityOfPage\":{\"@id\":\"https:\/\/radiolifefm.com.br\/noticias\/corpo-de-homem-assassinado-e-encontrado-queimado-em-veiculo\/\"},\"wordCount\":363,\"commentCount\":0,\"publisher\":{\"@id\":\"https:\/\/radiolifefm.com.br\/noticias\/#organization\"},\"image\":{\"@id\":\"https:\/\/radiolifefm.com.br\/noticias\/corpo-de-homem-assassinado-e-encontrado-queimado-em-veiculo\/#primaryimage\"},\"thumbnailUrl\":\"https:\/\/radiolifefm.com.br\/noticias\/wp-content\/uploads\/2019\/04\/Homem-assassinado-1.jpg\",\"articleSection\":[\"Regi\u00e3o\"],\"inLanguage\":\"pt-BR\",\"potentialAction\":[{\"@type\":\"CommentAction\",\"name\":\"Comment\",\"target\":[\"https:\/\/radiolifefm.com.br\/noticias\/corpo-de-homem-assassinado-e-encontrado-queimado-em-veiculo\/#respond\"]}]},{\"@type\":\"WebPage\",\"@id\":\"https:\/\/radiolifefm.com.br\/noticias\/corpo-de-homem-assassinado-e-encontrado-queimado-em-veiculo\/\",\"url\":\"https:\/\/radiolifefm.com.br\/noticias\/corpo-de-homem-assassinado-e-encontrado-queimado-em-veiculo\/\",\"name\":\"Corpo de homem assassinado \u00e9 encontrado queimado em ve\u00edculo - R\u00e1dio Life FM\",\"isPartOf\":{\"@id\":\"https:\/\/radiolifefm.com.br\/noticias\/#website\"},\"primaryImageOfPage\":{\"@id\":\"https:\/\/radiolifefm.com.br\/noticias\/corpo-de-homem-assassinado-e-encontrado-queimado-em-veiculo\/#primaryimage\"},\"image\":{\"@id\":\"https:\/\/radiolifefm.com.br\/noticias\/corpo-de-homem-assassinado-e-encontrado-queimado-em-veiculo\/#primaryimage\"},\"thumbnailUrl\":\"https:\/\/radiolifefm.com.br\/noticias\/wp-content\/uploads\/2019\/04\/Homem-assassinado-1.jpg\",\"datePublished\":\"2019-04-06T19:15:51+00:00\",\"dateModified\":\"2026-03-29T12:40:55+00:00\",\"breadcrumb\":{\"@id\":\"https:\/\/radiolifefm.com.br\/noticias\/corpo-de-homem-assassinado-e-encontrado-queimado-em-veiculo\/#breadcrumb\"},\"inLanguage\":\"pt-BR\",\"potentialAction\":[{\"@type\":\"ReadAction\",\"target\":[\"https:\/\/radiolifefm.com.br\/noticias\/corpo-de-homem-assassinado-e-encontrado-queimado-em-veiculo\/\"]}]},{\"@type\":\"ImageObject\",\"inLanguage\":\"pt-BR\",\"@id\":\"https:\/\/radiolifefm.com.br\/noticias\/corpo-de-homem-assassinado-e-encontrado-queimado-em-veiculo\/#primaryimage\",\"url\":\"https:\/\/radiolifefm.com.br\/noticias\/wp-content\/uploads\/2019\/04\/Homem-assassinado-1.jpg\",\"contentUrl\":\"https:\/\/radiolifefm.com.br\/noticias\/wp-content\/uploads\/2019\/04\/Homem-assassinado-1.jpg\",\"width\":870,\"height\":522,\"caption\":\"Corpo de homem assassinado foi encontrado em sua caminhonete com marcas de inc\u00eancdio em regente Feij\u00f3\"},{\"@type\":\"BreadcrumbList\",\"@id\":\"https:\/\/radiolifefm.com.br\/noticias\/corpo-de-homem-assassinado-e-encontrado-queimado-em-veiculo\/#breadcrumb\",\"itemListElement\":[{\"@type\":\"ListItem\",\"position\":1,\"name\":\"In\u00edcio\",\"item\":\"https:\/\/radiolifefm.com.br\/noticias\/\"},{\"@type\":\"ListItem\",\"position\":2,\"name\":\"Corpo de homem assassinado \u00e9 encontrado queimado em ve\u00edculo\"}]},{\"@type\":\"WebSite\",\"@id\":\"https:\/\/radiolifefm.com.br\/noticias\/#website\",\"url\":\"https:\/\/radiolifefm.com.br\/noticias\/\",\"name\":\"R\u00e1dio Life FM\",\"description\":\"O Portal de Not\u00edcias de Adamantina\",\"publisher\":{\"@id\":\"https:\/\/radiolifefm.com.br\/noticias\/#organization\"},\"alternateName\":\"Life FM\",\"potentialAction\":[{\"@type\":\"SearchAction\",\"target\":{\"@type\":\"EntryPoint\",\"urlTemplate\":\"https:\/\/radiolifefm.com.br\/noticias\/?s={search_term_string}\"},\"query-input\":{\"@type\":\"PropertyValueSpecification\",\"valueRequired\":true,\"valueName\":\"search_term_string\"}}],\"inLanguage\":\"pt-BR\"},{\"@type\":\"Organization\",\"@id\":\"https:\/\/radiolifefm.com.br\/noticias\/#organization\",\"name\":\"R\u00e1dio Life FM\",\"alternateName\":\"Life FM\",\"url\":\"https:\/\/radiolifefm.com.br\/noticias\/\",\"logo\":{\"@type\":\"ImageObject\",\"inLanguage\":\"pt-BR\",\"@id\":\"https:\/\/radiolifefm.com.br\/noticias\/#\/schema\/logo\/image\/\",\"url\":\"https:\/\/static.radiolifefm.com.br\/noticias\/wp-content\/uploads\/2019\/10\/logo-lifefm.png\",\"contentUrl\":\"https:\/\/static.radiolifefm.com.br\/noticias\/wp-content\/uploads\/2019\/10\/logo-lifefm.png\",\"width\":196,\"height\":47,\"caption\":\"R\u00e1dio Life FM\"},\"image\":{\"@id\":\"https:\/\/radiolifefm.com.br\/noticias\/#\/schema\/logo\/image\/\"},\"sameAs\":[\"https:\/\/www.facebook.com\/radiolifefm\/\",\"https:\/\/www.instagram.com\/life1079fm\/\"]},{\"@type\":\"Person\",\"@id\":\"https:\/\/radiolifefm.com.br\/noticias\/#\/schema\/person\/6876e1240feffe6e1b63fd5cb85abf28\",\"name\":\"joaograndao\",\"image\":{\"@type\":\"ImageObject\",\"inLanguage\":\"pt-BR\",\"@id\":\"https:\/\/secure.gravatar.com\/avatar\/d5b1a3cf357ed9c50404e256a1294083aa8ab5d2a994001567302786016cb32c?s=96&d=mm&r=g\",\"url\":\"https:\/\/secure.gravatar.com\/avatar\/d5b1a3cf357ed9c50404e256a1294083aa8ab5d2a994001567302786016cb32c?s=96&d=mm&r=g\",\"contentUrl\":\"https:\/\/secure.gravatar.com\/avatar\/d5b1a3cf357ed9c50404e256a1294083aa8ab5d2a994001567302786016cb32c?s=96&d=mm&r=g\",\"caption\":\"joaograndao\"}}]}<\/script>\n<!-- \/ Yoast SEO plugin. -->","yoast_head_json":{"title":"Corpo de homem assassinado \u00e9 encontrado queimado em ve\u00edculo - R\u00e1dio Life FM","robots":{"index":"index","follow":"follow","max-snippet":"max-snippet:-1","max-image-preview":"max-image-preview:large","max-video-preview":"max-video-preview:-1"},"canonical":"https:\/\/radiolifefm.com.br\/noticias\/corpo-de-homem-assassinado-e-encontrado-queimado-em-veiculo\/","og_locale":"pt_BR","og_type":"article","og_title":"Corpo de homem assassinado \u00e9 encontrado queimado em ve\u00edculo - R\u00e1dio Life FM","og_description":"Um homem de 28 anos foi assassinado neste s\u00e1bado (6), no bairro Terras de Imoplan, na zona rural, em Regente Feij\u00f3. O corpo dele foi encontrado carbonizado no compartimento de carga de uma picape que lhe pertencia e que estava em uma via do bairro. O ve\u00edculo tamb\u00e9m estava parcialmente queimado. Segundo a Pol\u00edcia Civil, [&hellip;]","og_url":"https:\/\/radiolifefm.com.br\/noticias\/corpo-de-homem-assassinado-e-encontrado-queimado-em-veiculo\/","og_site_name":"R\u00e1dio Life FM","article_publisher":"https:\/\/www.facebook.com\/radiolifefm\/","article_published_time":"2019-04-06T19:15:51+00:00","article_modified_time":"2026-03-29T12:40:55+00:00","og_image":[{"width":870,"height":522,"url":"https:\/\/radiolifefm.com.br\/noticias\/wp-content\/uploads\/2019\/04\/Homem-assassinado-1.jpg","type":"image\/jpeg"}],"author":"joaograndao","twitter_card":"summary_large_image","twitter_misc":{"Escrito por":"joaograndao","Est. tempo de leitura":"2 minutos"},"schema":{"@context":"https:\/\/schema.org","@graph":[{"@type":"Article","@id":"https:\/\/radiolifefm.com.br\/noticias\/corpo-de-homem-assassinado-e-encontrado-queimado-em-veiculo\/#article","isPartOf":{"@id":"https:\/\/radiolifefm.com.br\/noticias\/corpo-de-homem-assassinado-e-encontrado-queimado-em-veiculo\/"},"author":{"name":"joaograndao","@id":"https:\/\/radiolifefm.com.br\/noticias\/#\/schema\/person\/6876e1240feffe6e1b63fd5cb85abf28"},"headline":"Corpo de homem assassinado \u00e9 encontrado queimado em ve\u00edculo","datePublished":"2019-04-06T19:15:51+00:00","dateModified":"2026-03-29T12:40:55+00:00","mainEntityOfPage":{"@id":"https:\/\/radiolifefm.com.br\/noticias\/corpo-de-homem-assassinado-e-encontrado-queimado-em-veiculo\/"},"wordCount":363,"commentCount":0,"publisher":{"@id":"https:\/\/radiolifefm.com.br\/noticias\/#organization"},"image":{"@id":"https:\/\/radiolifefm.com.br\/noticias\/corpo-de-homem-assassinado-e-encontrado-queimado-em-veiculo\/#primaryimage"},"thumbnailUrl":"https:\/\/radiolifefm.com.br\/noticias\/wp-content\/uploads\/2019\/04\/Homem-assassinado-1.jpg","articleSection":["Regi\u00e3o"],"inLanguage":"pt-BR","potentialAction":[{"@type":"CommentAction","name":"Comment","target":["https:\/\/radiolifefm.com.br\/noticias\/corpo-de-homem-assassinado-e-encontrado-queimado-em-veiculo\/#respond"]}]},{"@type":"WebPage","@id":"https:\/\/radiolifefm.com.br\/noticias\/corpo-de-homem-assassinado-e-encontrado-queimado-em-veiculo\/","url":"https:\/\/radiolifefm.com.br\/noticias\/corpo-de-homem-assassinado-e-encontrado-queimado-em-veiculo\/","name":"Corpo de homem assassinado \u00e9 encontrado queimado em ve\u00edculo - R\u00e1dio Life FM","isPartOf":{"@id":"https:\/\/radiolifefm.com.br\/noticias\/#website"},"primaryImageOfPage":{"@id":"https:\/\/radiolifefm.com.br\/noticias\/corpo-de-homem-assassinado-e-encontrado-queimado-em-veiculo\/#primaryimage"},"image":{"@id":"https:\/\/radiolifefm.com.br\/noticias\/corpo-de-homem-assassinado-e-encontrado-queimado-em-veiculo\/#primaryimage"},"thumbnailUrl":"https:\/\/radiolifefm.com.br\/noticias\/wp-content\/uploads\/2019\/04\/Homem-assassinado-1.jpg","datePublished":"2019-04-06T19:15:51+00:00","dateModified":"2026-03-29T12:40:55+00:00","breadcrumb":{"@id":"https:\/\/radiolifefm.com.br\/noticias\/corpo-de-homem-assassinado-e-encontrado-queimado-em-veiculo\/#breadcrumb"},"inLanguage":"pt-BR","potentialAction":[{"@type":"ReadAction","target":["https:\/\/radiolifefm.com.br\/noticias\/corpo-de-homem-assassinado-e-encontrado-queimado-em-veiculo\/"]}]},{"@type":"ImageObject","inLanguage":"pt-BR","@id":"https:\/\/radiolifefm.com.br\/noticias\/corpo-de-homem-assassinado-e-encontrado-queimado-em-veiculo\/#primaryimage","url":"https:\/\/radiolifefm.com.br\/noticias\/wp-content\/uploads\/2019\/04\/Homem-assassinado-1.jpg","contentUrl":"https:\/\/radiolifefm.com.br\/noticias\/wp-content\/uploads\/2019\/04\/Homem-assassinado-1.jpg","width":870,"height":522,"caption":"Corpo de homem assassinado foi encontrado em sua caminhonete com marcas de inc\u00eancdio em regente Feij\u00f3"},{"@type":"BreadcrumbList","@id":"https:\/\/radiolifefm.com.br\/noticias\/corpo-de-homem-assassinado-e-encontrado-queimado-em-veiculo\/#breadcrumb","itemListElement":[{"@type":"ListItem","position":1,"name":"In\u00edcio","item":"https:\/\/radiolifefm.com.br\/noticias\/"},{"@type":"ListItem","position":2,"name":"Corpo de homem assassinado \u00e9 encontrado queimado em ve\u00edculo"}]},{"@type":"WebSite","@id":"https:\/\/radiolifefm.com.br\/noticias\/#website","url":"https:\/\/radiolifefm.com.br\/noticias\/","name":"R\u00e1dio Life FM","description":"O Portal de Not\u00edcias de Adamantina","publisher":{"@id":"https:\/\/radiolifefm.com.br\/noticias\/#organization"},"alternateName":"Life FM","potentialAction":[{"@type":"SearchAction","target":{"@type":"EntryPoint","urlTemplate":"https:\/\/radiolifefm.com.br\/noticias\/?s={search_term_string}"},"query-input":{"@type":"PropertyValueSpecification","valueRequired":true,"valueName":"search_term_string"}}],"inLanguage":"pt-BR"},{"@type":"Organization","@id":"https:\/\/radiolifefm.com.br\/noticias\/#organization","name":"R\u00e1dio Life FM","alternateName":"Life FM","url":"https:\/\/radiolifefm.com.br\/noticias\/","logo":{"@type":"ImageObject","inLanguage":"pt-BR","@id":"https:\/\/radiolifefm.com.br\/noticias\/#\/schema\/logo\/image\/","url":"https:\/\/static.radiolifefm.com.br\/noticias\/wp-content\/uploads\/2019\/10\/logo-lifefm.png","contentUrl":"https:\/\/static.radiolifefm.com.br\/noticias\/wp-content\/uploads\/2019\/10\/logo-lifefm.png","width":196,"height":47,"caption":"R\u00e1dio Life FM"},"image":{"@id":"https:\/\/radiolifefm.com.br\/noticias\/#\/schema\/logo\/image\/"},"sameAs":["https:\/\/www.facebook.com\/radiolifefm\/","https:\/\/www.instagram.com\/life1079fm\/"]},{"@type":"Person","@id":"https:\/\/radiolifefm.com.br\/noticias\/#\/schema\/person\/6876e1240feffe6e1b63fd5cb85abf28","name":"joaograndao","image":{"@type":"ImageObject","inLanguage":"pt-BR","@id":"https:\/\/secure.gravatar.com\/avatar\/d5b1a3cf357ed9c50404e256a1294083aa8ab5d2a994001567302786016cb32c?s=96&d=mm&r=g","url":"https:\/\/secure.gravatar.com\/avatar\/d5b1a3cf357ed9c50404e256a1294083aa8ab5d2a994001567302786016cb32c?s=96&d=mm&r=g","contentUrl":"https:\/\/secure.gravatar.com\/avatar\/d5b1a3cf357ed9c50404e256a1294083aa8ab5d2a994001567302786016cb32c?s=96&d=mm&r=g","caption":"joaograndao"}}]}},"amp_enabled":true,"_links":{"self":[{"href":"https:\/\/radiolifefm.com.br\/noticias\/wp-json\/wp\/v2\/posts\/11752","targetHints":{"allow":["GET"]}}],"collection":[{"href":"https:\/\/radiolifefm.com.br\/noticias\/wp-json\/wp\/v2\/posts"}],"about":[{"href":"https:\/\/radiolifefm.com.br\/noticias\/wp-json\/wp\/v2\/types\/post"}],"author":[{"embeddable":true,"href":"https:\/\/radiolifefm.com.br\/noticias\/wp-json\/wp\/v2\/users\/8"}],"replies":[{"embeddable":true,"href":"https:\/\/radiolifefm.com.br\/noticias\/wp-json\/wp\/v2\/comments?post=11752"}],"version-history":[{"count":2,"href":"https:\/\/radiolifefm.com.br\/noticias\/wp-json\/wp\/v2\/posts\/11752\/revisions"}],"predecessor-version":[{"id":11794,"href":"https:\/\/radiolifefm.com.br\/noticias\/wp-json\/wp\/v2\/posts\/11752\/revisions\/11794"}],"wp:featuredmedia":[{"embeddable":true,"href":"https:\/\/radiolifefm.com.br\/noticias\/wp-json\/wp\/v2\/media\/11754"}],"wp:attachment":[{"href":"https:\/\/radiolifefm.com.br\/noticias\/wp-json\/wp\/v2\/media?parent=11752"}],"wp:term":[{"taxonomy":"category","embeddable":true,"href":"https:\/\/radiolifefm.com.br\/noticias\/wp-json\/wp\/v2\/categories?post=11752"},{"taxonomy":"post_tag","embeddable":true,"href":"https:\/\/radiolifefm.com.br\/noticias\/wp-json\/wp\/v2\/tags?post=11752"}],"curies":[{"name":"wp","href":"https:\/\/api.w.org\/{rel}","templated":true}]}}