{"id":11749,"date":"2019-04-06T16:10:42","date_gmt":"2019-04-06T19:10:42","guid":{"rendered":"https:\/\/radiolifefm.com.br\/noticias\/?p=11749"},"modified":"2026-04-29T08:24:41","modified_gmt":"2026-04-29T11:24:41","slug":"bomba-de-poco-canos-e-fios-furtados-sao-recuperados-pela-policia-militar-no-indaia-em-florida-paulista","status":"publish","type":"post","link":"https:\/\/radiolifefm.com.br\/noticias\/bomba-de-poco-canos-e-fios-furtados-sao-recuperados-pela-policia-militar-no-indaia-em-florida-paulista\/","title":{"rendered":"Bomba de po\u00e7o, canos e fios furtados s\u00e3o recuperados pela Pol\u00edcia Militar no Indai\u00e1 em Fl\u00f3rida Paulista"},"content":{"rendered":"<div id=\"fb-root\"><\/div>\n<p>Dois indiv\u00edduos foram levados para a Delegacia<\/p>\n<p>A Pol\u00edcia Militar de Fl\u00f3rida Paulista esclareceu e recuperou na tarde desta sexta-feira (5), alguns produtos de furto ocorrido em uma propriedade rural do munic\u00edpio.<\/p>\n<p>Segundo informa\u00e7\u00f5es do comandante do 4\u00ba Grupamento de Fl\u00f3rida Paulista, Sargento D\u2019Aquino, a Pol\u00edcia Militar, ap\u00f3s receber em sua sede, diversas den\u00fancias de que em uma resid\u00eancia no Distrito de Indai\u00e1 do Aguape\u00ed haveriam produtos provenientes de furto, se deslocou at\u00e9 o local e com autoriza\u00e7\u00e3o do propriet\u00e1rio, foi realizada a vistoria no interior do im\u00f3vel, onde nada de il\u00edcito foi encontrado.<\/p>\n<p>\u201cJ\u00e1 no quintal da resid\u00eancia, foram localizados 60 metros de cano, 48 mil\u00edmetros, 144 metros de cano de 3\/4, 60 metros de fios e uma bomba de po\u00e7o artesiano, sendo que, ao serem indagados sobre a origem dos objetos, os dois indiv\u00edduos afirmaram que haviam adquirido em troca de servi\u00e7os prestados a um propriet\u00e1rio rural da cidade\u201d, explicou o Sargento D\u2019Aquino.<\/p>\n<p>A Pol\u00edcia Militar tamb\u00e9m encontrou uma arara que estava em um viveiro e acionou a Pol\u00edcia Ambiental para os procedimentos de praxe, onde foi lavrado o boletim de ocorr\u00eancia de crime ambiental.<\/p>\n<p>As partes envolvidas foram conduzidas para a Delegacia de Pol\u00edcia onde o propriet\u00e1rio rural citado tamb\u00e9m foi acionado e acabou por reconhecer os objetos que haviam sido furtados em data anterior de sua fazenda.<\/p>\n<p>Ap\u00f3s a elabora\u00e7\u00e3o da ocorr\u00eancia, as partes foram liberadas. A Pol\u00edcia Civil abriu inqu\u00e9rito e investiga o caso.<\/p>\n<p>Folha Regional<br \/>\nReda\u00e7\u00e3o &#8211; Kako de Oliveira<\/p>\n<div class='flex flex-wrap items-center -mx-1'>\r\n<a class='thumbnail gallery p-1 w-1\/2 md:w-1\/4' href='https:\/\/radiolifefm.com.br\/noticias\/wp-content\/uploads\/2019\/04\/Furto-Fl\u00f3rida-2.jpg'><img class='border border-white' src='https:\/\/radiolifefm.com.br\/noticias\/wp-content\/uploads\/2019\/04\/Furto-Fl\u00f3rida-2-200x200.jpg' alt='Furto Fl\u00f3rida   2' \/><\/a><a class='thumbnail gallery p-1 w-1\/2 md:w-1\/4' href='https:\/\/radiolifefm.com.br\/noticias\/wp-content\/uploads\/2019\/04\/Furto-Fl\u00f3rida-1.jpg'><img class='border border-white' src='https:\/\/radiolifefm.com.br\/noticias\/wp-content\/uploads\/2019\/04\/Furto-Fl\u00f3rida-1-200x200.jpg' alt='Furto Fl\u00f3rida   1' \/><\/a><\/div>\n","protected":false},"excerpt":{"rendered":"<p>Dois indiv\u00edduos foram levados para a Delegacia A Pol\u00edcia Militar de Fl\u00f3rida Paulista esclareceu e recuperou na tarde desta sexta-feira (5), alguns produtos de furto ocorrido em uma propriedade rural do munic\u00edpio. Segundo informa\u00e7\u00f5es do comandante do 4\u00ba Grupamento de Fl\u00f3rida Paulista, Sargento D\u2019Aquino, a Pol\u00edcia Militar, ap\u00f3s receber em sua sede, diversas den\u00fancias de [&hellip;]<\/p>\n","protected":false},"author":8,"featured_media":11743,"comment_status":"closed","ping_status":"open","sticky":false,"template":"","format":"standard","meta":{"_acf_changed":false,"_exactmetrics_skip_tracking":false,"_exactmetrics_sitenote_active":false,"_exactmetrics_sitenote_note":"","_exactmetrics_sitenote_category":0,"footnotes":""},"categories":[24],"tags":[],"class_list":["post-11749","post","type-post","status-publish","format-standard","has-post-thumbnail","hentry","category-regiao"],"acf":[],"yoast_head":"<!-- This site is optimized with the Yoast SEO plugin v27.2 - https:\/\/yoast.com\/product\/yoast-seo-wordpress\/ -->\n<title>Bomba de po\u00e7o, canos e fios furtados s\u00e3o recuperados pela Pol\u00edcia Militar no Indai\u00e1 em Fl\u00f3rida Paulista - R\u00e1dio Life FM<\/title>\n<meta name=\"robots\" content=\"index, follow, max-snippet:-1, max-image-preview:large, max-video-preview:-1\" \/>\n<link rel=\"canonical\" href=\"https:\/\/radiolifefm.com.br\/noticias\/bomba-de-poco-canos-e-fios-furtados-sao-recuperados-pela-policia-militar-no-indaia-em-florida-paulista\/\" \/>\n<meta property=\"og:locale\" content=\"pt_BR\" \/>\n<meta property=\"og:type\" content=\"article\" \/>\n<meta property=\"og:title\" content=\"Bomba de po\u00e7o, canos e fios furtados s\u00e3o recuperados pela Pol\u00edcia Militar no Indai\u00e1 em Fl\u00f3rida Paulista - R\u00e1dio Life FM\" \/>\n<meta property=\"og:description\" content=\"Dois indiv\u00edduos foram levados para a Delegacia A Pol\u00edcia Militar de Fl\u00f3rida Paulista esclareceu e recuperou na tarde desta sexta-feira (5), alguns produtos de furto ocorrido em uma propriedade rural do munic\u00edpio. Segundo informa\u00e7\u00f5es do comandante do 4\u00ba Grupamento de Fl\u00f3rida Paulista, Sargento D\u2019Aquino, a Pol\u00edcia Militar, ap\u00f3s receber em sua sede, diversas den\u00fancias de [&hellip;]\" \/>\n<meta property=\"og:url\" content=\"https:\/\/radiolifefm.com.br\/noticias\/bomba-de-poco-canos-e-fios-furtados-sao-recuperados-pela-policia-militar-no-indaia-em-florida-paulista\/\" \/>\n<meta property=\"og:site_name\" content=\"R\u00e1dio Life FM\" \/>\n<meta property=\"article:publisher\" content=\"https:\/\/www.facebook.com\/radiolifefm\/\" \/>\n<meta property=\"article:published_time\" content=\"2019-04-06T19:10:42+00:00\" \/>\n<meta property=\"article:modified_time\" content=\"2026-04-29T11:24:41+00:00\" \/>\n<meta property=\"og:image\" content=\"https:\/\/radiolifefm.com.br\/noticias\/wp-content\/uploads\/2019\/04\/Furto-Fl\u00f3rida.jpg\" \/>\n\t<meta property=\"og:image:width\" content=\"720\" \/>\n\t<meta property=\"og:image:height\" content=\"522\" \/>\n\t<meta property=\"og:image:type\" content=\"image\/jpeg\" \/>\n<meta name=\"author\" content=\"joaograndao\" \/>\n<meta name=\"twitter:card\" content=\"summary_large_image\" \/>\n<meta name=\"twitter:label1\" content=\"Escrito por\" \/>\n\t<meta name=\"twitter:data1\" content=\"joaograndao\" \/>\n\t<meta name=\"twitter:label2\" content=\"Est. tempo de leitura\" \/>\n\t<meta name=\"twitter:data2\" content=\"1 minuto\" \/>\n<script type=\"application\/ld+json\" class=\"yoast-schema-graph\">{\"@context\":\"https:\/\/schema.org\",\"@graph\":[{\"@type\":\"Article\",\"@id\":\"https:\/\/radiolifefm.com.br\/noticias\/bomba-de-poco-canos-e-fios-furtados-sao-recuperados-pela-policia-militar-no-indaia-em-florida-paulista\/#article\",\"isPartOf\":{\"@id\":\"https:\/\/radiolifefm.com.br\/noticias\/bomba-de-poco-canos-e-fios-furtados-sao-recuperados-pela-policia-militar-no-indaia-em-florida-paulista\/\"},\"author\":{\"name\":\"joaograndao\",\"@id\":\"https:\/\/radiolifefm.com.br\/noticias\/#\/schema\/person\/6876e1240feffe6e1b63fd5cb85abf28\"},\"headline\":\"Bomba de po\u00e7o, canos e fios furtados s\u00e3o recuperados pela Pol\u00edcia Militar no Indai\u00e1 em Fl\u00f3rida Paulista\",\"datePublished\":\"2019-04-06T19:10:42+00:00\",\"dateModified\":\"2026-04-29T11:24:41+00:00\",\"mainEntityOfPage\":{\"@id\":\"https:\/\/radiolifefm.com.br\/noticias\/bomba-de-poco-canos-e-fios-furtados-sao-recuperados-pela-policia-militar-no-indaia-em-florida-paulista\/\"},\"wordCount\":297,\"publisher\":{\"@id\":\"https:\/\/radiolifefm.com.br\/noticias\/#organization\"},\"image\":{\"@id\":\"https:\/\/radiolifefm.com.br\/noticias\/bomba-de-poco-canos-e-fios-furtados-sao-recuperados-pela-policia-militar-no-indaia-em-florida-paulista\/#primaryimage\"},\"thumbnailUrl\":\"https:\/\/radiolifefm.com.br\/noticias\/wp-content\/uploads\/2019\/04\/Furto-Fl\u00f3rida.jpg\",\"articleSection\":[\"Regi\u00e3o\"],\"inLanguage\":\"pt-BR\"},{\"@type\":\"WebPage\",\"@id\":\"https:\/\/radiolifefm.com.br\/noticias\/bomba-de-poco-canos-e-fios-furtados-sao-recuperados-pela-policia-militar-no-indaia-em-florida-paulista\/\",\"url\":\"https:\/\/radiolifefm.com.br\/noticias\/bomba-de-poco-canos-e-fios-furtados-sao-recuperados-pela-policia-militar-no-indaia-em-florida-paulista\/\",\"name\":\"Bomba de po\u00e7o, canos e fios furtados s\u00e3o recuperados pela Pol\u00edcia Militar no Indai\u00e1 em Fl\u00f3rida Paulista - R\u00e1dio Life FM\",\"isPartOf\":{\"@id\":\"https:\/\/radiolifefm.com.br\/noticias\/#website\"},\"primaryImageOfPage\":{\"@id\":\"https:\/\/radiolifefm.com.br\/noticias\/bomba-de-poco-canos-e-fios-furtados-sao-recuperados-pela-policia-militar-no-indaia-em-florida-paulista\/#primaryimage\"},\"image\":{\"@id\":\"https:\/\/radiolifefm.com.br\/noticias\/bomba-de-poco-canos-e-fios-furtados-sao-recuperados-pela-policia-militar-no-indaia-em-florida-paulista\/#primaryimage\"},\"thumbnailUrl\":\"https:\/\/radiolifefm.com.br\/noticias\/wp-content\/uploads\/2019\/04\/Furto-Fl\u00f3rida.jpg\",\"datePublished\":\"2019-04-06T19:10:42+00:00\",\"dateModified\":\"2026-04-29T11:24:41+00:00\",\"breadcrumb\":{\"@id\":\"https:\/\/radiolifefm.com.br\/noticias\/bomba-de-poco-canos-e-fios-furtados-sao-recuperados-pela-policia-militar-no-indaia-em-florida-paulista\/#breadcrumb\"},\"inLanguage\":\"pt-BR\",\"potentialAction\":[{\"@type\":\"ReadAction\",\"target\":[\"https:\/\/radiolifefm.com.br\/noticias\/bomba-de-poco-canos-e-fios-furtados-sao-recuperados-pela-policia-militar-no-indaia-em-florida-paulista\/\"]}]},{\"@type\":\"ImageObject\",\"inLanguage\":\"pt-BR\",\"@id\":\"https:\/\/radiolifefm.com.br\/noticias\/bomba-de-poco-canos-e-fios-furtados-sao-recuperados-pela-policia-militar-no-indaia-em-florida-paulista\/#primaryimage\",\"url\":\"https:\/\/radiolifefm.com.br\/noticias\/wp-content\/uploads\/2019\/04\/Furto-Fl\u00f3rida.jpg\",\"contentUrl\":\"https:\/\/radiolifefm.com.br\/noticias\/wp-content\/uploads\/2019\/04\/Furto-Fl\u00f3rida.jpg\",\"width\":720,\"height\":522,\"caption\":\"V\u00e1rios objetos furtados de propriedade rural foram recuperados pela Pol\u00edcia Militar de Fl\u00f3rida Paulista\"},{\"@type\":\"BreadcrumbList\",\"@id\":\"https:\/\/radiolifefm.com.br\/noticias\/bomba-de-poco-canos-e-fios-furtados-sao-recuperados-pela-policia-militar-no-indaia-em-florida-paulista\/#breadcrumb\",\"itemListElement\":[{\"@type\":\"ListItem\",\"position\":1,\"name\":\"In\u00edcio\",\"item\":\"https:\/\/radiolifefm.com.br\/noticias\/\"},{\"@type\":\"ListItem\",\"position\":2,\"name\":\"Bomba de po\u00e7o, canos e fios furtados s\u00e3o recuperados pela Pol\u00edcia Militar no Indai\u00e1 em Fl\u00f3rida Paulista\"}]},{\"@type\":\"WebSite\",\"@id\":\"https:\/\/radiolifefm.com.br\/noticias\/#website\",\"url\":\"https:\/\/radiolifefm.com.br\/noticias\/\",\"name\":\"R\u00e1dio Life FM\",\"description\":\"O Portal de Not\u00edcias de Adamantina\",\"publisher\":{\"@id\":\"https:\/\/radiolifefm.com.br\/noticias\/#organization\"},\"alternateName\":\"Life FM\",\"potentialAction\":[{\"@type\":\"SearchAction\",\"target\":{\"@type\":\"EntryPoint\",\"urlTemplate\":\"https:\/\/radiolifefm.com.br\/noticias\/?s={search_term_string}\"},\"query-input\":{\"@type\":\"PropertyValueSpecification\",\"valueRequired\":true,\"valueName\":\"search_term_string\"}}],\"inLanguage\":\"pt-BR\"},{\"@type\":\"Organization\",\"@id\":\"https:\/\/radiolifefm.com.br\/noticias\/#organization\",\"name\":\"R\u00e1dio Life FM\",\"alternateName\":\"Life FM\",\"url\":\"https:\/\/radiolifefm.com.br\/noticias\/\",\"logo\":{\"@type\":\"ImageObject\",\"inLanguage\":\"pt-BR\",\"@id\":\"https:\/\/radiolifefm.com.br\/noticias\/#\/schema\/logo\/image\/\",\"url\":\"https:\/\/static.radiolifefm.com.br\/noticias\/wp-content\/uploads\/2019\/10\/logo-lifefm.png\",\"contentUrl\":\"https:\/\/static.radiolifefm.com.br\/noticias\/wp-content\/uploads\/2019\/10\/logo-lifefm.png\",\"width\":196,\"height\":47,\"caption\":\"R\u00e1dio Life FM\"},\"image\":{\"@id\":\"https:\/\/radiolifefm.com.br\/noticias\/#\/schema\/logo\/image\/\"},\"sameAs\":[\"https:\/\/www.facebook.com\/radiolifefm\/\",\"https:\/\/www.instagram.com\/life1079fm\/\"]},{\"@type\":\"Person\",\"@id\":\"https:\/\/radiolifefm.com.br\/noticias\/#\/schema\/person\/6876e1240feffe6e1b63fd5cb85abf28\",\"name\":\"joaograndao\",\"image\":{\"@type\":\"ImageObject\",\"inLanguage\":\"pt-BR\",\"@id\":\"https:\/\/secure.gravatar.com\/avatar\/d5b1a3cf357ed9c50404e256a1294083aa8ab5d2a994001567302786016cb32c?s=96&d=mm&r=g\",\"url\":\"https:\/\/secure.gravatar.com\/avatar\/d5b1a3cf357ed9c50404e256a1294083aa8ab5d2a994001567302786016cb32c?s=96&d=mm&r=g\",\"contentUrl\":\"https:\/\/secure.gravatar.com\/avatar\/d5b1a3cf357ed9c50404e256a1294083aa8ab5d2a994001567302786016cb32c?s=96&d=mm&r=g\",\"caption\":\"joaograndao\"}}]}<\/script>\n<!-- \/ Yoast SEO plugin. -->","yoast_head_json":{"title":"Bomba de po\u00e7o, canos e fios furtados s\u00e3o recuperados pela Pol\u00edcia Militar no Indai\u00e1 em Fl\u00f3rida Paulista - R\u00e1dio Life FM","robots":{"index":"index","follow":"follow","max-snippet":"max-snippet:-1","max-image-preview":"max-image-preview:large","max-video-preview":"max-video-preview:-1"},"canonical":"https:\/\/radiolifefm.com.br\/noticias\/bomba-de-poco-canos-e-fios-furtados-sao-recuperados-pela-policia-militar-no-indaia-em-florida-paulista\/","og_locale":"pt_BR","og_type":"article","og_title":"Bomba de po\u00e7o, canos e fios furtados s\u00e3o recuperados pela Pol\u00edcia Militar no Indai\u00e1 em Fl\u00f3rida Paulista - R\u00e1dio Life FM","og_description":"Dois indiv\u00edduos foram levados para a Delegacia A Pol\u00edcia Militar de Fl\u00f3rida Paulista esclareceu e recuperou na tarde desta sexta-feira (5), alguns produtos de furto ocorrido em uma propriedade rural do munic\u00edpio. Segundo informa\u00e7\u00f5es do comandante do 4\u00ba Grupamento de Fl\u00f3rida Paulista, Sargento D\u2019Aquino, a Pol\u00edcia Militar, ap\u00f3s receber em sua sede, diversas den\u00fancias de [&hellip;]","og_url":"https:\/\/radiolifefm.com.br\/noticias\/bomba-de-poco-canos-e-fios-furtados-sao-recuperados-pela-policia-militar-no-indaia-em-florida-paulista\/","og_site_name":"R\u00e1dio Life FM","article_publisher":"https:\/\/www.facebook.com\/radiolifefm\/","article_published_time":"2019-04-06T19:10:42+00:00","article_modified_time":"2026-04-29T11:24:41+00:00","og_image":[{"width":720,"height":522,"url":"https:\/\/radiolifefm.com.br\/noticias\/wp-content\/uploads\/2019\/04\/Furto-Fl\u00f3rida.jpg","type":"image\/jpeg"}],"author":"joaograndao","twitter_card":"summary_large_image","twitter_misc":{"Escrito por":"joaograndao","Est. tempo de leitura":"1 minuto"},"schema":{"@context":"https:\/\/schema.org","@graph":[{"@type":"Article","@id":"https:\/\/radiolifefm.com.br\/noticias\/bomba-de-poco-canos-e-fios-furtados-sao-recuperados-pela-policia-militar-no-indaia-em-florida-paulista\/#article","isPartOf":{"@id":"https:\/\/radiolifefm.com.br\/noticias\/bomba-de-poco-canos-e-fios-furtados-sao-recuperados-pela-policia-militar-no-indaia-em-florida-paulista\/"},"author":{"name":"joaograndao","@id":"https:\/\/radiolifefm.com.br\/noticias\/#\/schema\/person\/6876e1240feffe6e1b63fd5cb85abf28"},"headline":"Bomba de po\u00e7o, canos e fios furtados s\u00e3o recuperados pela Pol\u00edcia Militar no Indai\u00e1 em Fl\u00f3rida Paulista","datePublished":"2019-04-06T19:10:42+00:00","dateModified":"2026-04-29T11:24:41+00:00","mainEntityOfPage":{"@id":"https:\/\/radiolifefm.com.br\/noticias\/bomba-de-poco-canos-e-fios-furtados-sao-recuperados-pela-policia-militar-no-indaia-em-florida-paulista\/"},"wordCount":297,"publisher":{"@id":"https:\/\/radiolifefm.com.br\/noticias\/#organization"},"image":{"@id":"https:\/\/radiolifefm.com.br\/noticias\/bomba-de-poco-canos-e-fios-furtados-sao-recuperados-pela-policia-militar-no-indaia-em-florida-paulista\/#primaryimage"},"thumbnailUrl":"https:\/\/radiolifefm.com.br\/noticias\/wp-content\/uploads\/2019\/04\/Furto-Fl\u00f3rida.jpg","articleSection":["Regi\u00e3o"],"inLanguage":"pt-BR"},{"@type":"WebPage","@id":"https:\/\/radiolifefm.com.br\/noticias\/bomba-de-poco-canos-e-fios-furtados-sao-recuperados-pela-policia-militar-no-indaia-em-florida-paulista\/","url":"https:\/\/radiolifefm.com.br\/noticias\/bomba-de-poco-canos-e-fios-furtados-sao-recuperados-pela-policia-militar-no-indaia-em-florida-paulista\/","name":"Bomba de po\u00e7o, canos e fios furtados s\u00e3o recuperados pela Pol\u00edcia Militar no Indai\u00e1 em Fl\u00f3rida Paulista - R\u00e1dio Life FM","isPartOf":{"@id":"https:\/\/radiolifefm.com.br\/noticias\/#website"},"primaryImageOfPage":{"@id":"https:\/\/radiolifefm.com.br\/noticias\/bomba-de-poco-canos-e-fios-furtados-sao-recuperados-pela-policia-militar-no-indaia-em-florida-paulista\/#primaryimage"},"image":{"@id":"https:\/\/radiolifefm.com.br\/noticias\/bomba-de-poco-canos-e-fios-furtados-sao-recuperados-pela-policia-militar-no-indaia-em-florida-paulista\/#primaryimage"},"thumbnailUrl":"https:\/\/radiolifefm.com.br\/noticias\/wp-content\/uploads\/2019\/04\/Furto-Fl\u00f3rida.jpg","datePublished":"2019-04-06T19:10:42+00:00","dateModified":"2026-04-29T11:24:41+00:00","breadcrumb":{"@id":"https:\/\/radiolifefm.com.br\/noticias\/bomba-de-poco-canos-e-fios-furtados-sao-recuperados-pela-policia-militar-no-indaia-em-florida-paulista\/#breadcrumb"},"inLanguage":"pt-BR","potentialAction":[{"@type":"ReadAction","target":["https:\/\/radiolifefm.com.br\/noticias\/bomba-de-poco-canos-e-fios-furtados-sao-recuperados-pela-policia-militar-no-indaia-em-florida-paulista\/"]}]},{"@type":"ImageObject","inLanguage":"pt-BR","@id":"https:\/\/radiolifefm.com.br\/noticias\/bomba-de-poco-canos-e-fios-furtados-sao-recuperados-pela-policia-militar-no-indaia-em-florida-paulista\/#primaryimage","url":"https:\/\/radiolifefm.com.br\/noticias\/wp-content\/uploads\/2019\/04\/Furto-Fl\u00f3rida.jpg","contentUrl":"https:\/\/radiolifefm.com.br\/noticias\/wp-content\/uploads\/2019\/04\/Furto-Fl\u00f3rida.jpg","width":720,"height":522,"caption":"V\u00e1rios objetos furtados de propriedade rural foram recuperados pela Pol\u00edcia Militar de Fl\u00f3rida Paulista"},{"@type":"BreadcrumbList","@id":"https:\/\/radiolifefm.com.br\/noticias\/bomba-de-poco-canos-e-fios-furtados-sao-recuperados-pela-policia-militar-no-indaia-em-florida-paulista\/#breadcrumb","itemListElement":[{"@type":"ListItem","position":1,"name":"In\u00edcio","item":"https:\/\/radiolifefm.com.br\/noticias\/"},{"@type":"ListItem","position":2,"name":"Bomba de po\u00e7o, canos e fios furtados s\u00e3o recuperados pela Pol\u00edcia Militar no Indai\u00e1 em Fl\u00f3rida Paulista"}]},{"@type":"WebSite","@id":"https:\/\/radiolifefm.com.br\/noticias\/#website","url":"https:\/\/radiolifefm.com.br\/noticias\/","name":"R\u00e1dio Life FM","description":"O Portal de Not\u00edcias de Adamantina","publisher":{"@id":"https:\/\/radiolifefm.com.br\/noticias\/#organization"},"alternateName":"Life FM","potentialAction":[{"@type":"SearchAction","target":{"@type":"EntryPoint","urlTemplate":"https:\/\/radiolifefm.com.br\/noticias\/?s={search_term_string}"},"query-input":{"@type":"PropertyValueSpecification","valueRequired":true,"valueName":"search_term_string"}}],"inLanguage":"pt-BR"},{"@type":"Organization","@id":"https:\/\/radiolifefm.com.br\/noticias\/#organization","name":"R\u00e1dio Life FM","alternateName":"Life FM","url":"https:\/\/radiolifefm.com.br\/noticias\/","logo":{"@type":"ImageObject","inLanguage":"pt-BR","@id":"https:\/\/radiolifefm.com.br\/noticias\/#\/schema\/logo\/image\/","url":"https:\/\/static.radiolifefm.com.br\/noticias\/wp-content\/uploads\/2019\/10\/logo-lifefm.png","contentUrl":"https:\/\/static.radiolifefm.com.br\/noticias\/wp-content\/uploads\/2019\/10\/logo-lifefm.png","width":196,"height":47,"caption":"R\u00e1dio Life FM"},"image":{"@id":"https:\/\/radiolifefm.com.br\/noticias\/#\/schema\/logo\/image\/"},"sameAs":["https:\/\/www.facebook.com\/radiolifefm\/","https:\/\/www.instagram.com\/life1079fm\/"]},{"@type":"Person","@id":"https:\/\/radiolifefm.com.br\/noticias\/#\/schema\/person\/6876e1240feffe6e1b63fd5cb85abf28","name":"joaograndao","image":{"@type":"ImageObject","inLanguage":"pt-BR","@id":"https:\/\/secure.gravatar.com\/avatar\/d5b1a3cf357ed9c50404e256a1294083aa8ab5d2a994001567302786016cb32c?s=96&d=mm&r=g","url":"https:\/\/secure.gravatar.com\/avatar\/d5b1a3cf357ed9c50404e256a1294083aa8ab5d2a994001567302786016cb32c?s=96&d=mm&r=g","contentUrl":"https:\/\/secure.gravatar.com\/avatar\/d5b1a3cf357ed9c50404e256a1294083aa8ab5d2a994001567302786016cb32c?s=96&d=mm&r=g","caption":"joaograndao"}}]}},"amp_enabled":true,"_links":{"self":[{"href":"https:\/\/radiolifefm.com.br\/noticias\/wp-json\/wp\/v2\/posts\/11749","targetHints":{"allow":["GET"]}}],"collection":[{"href":"https:\/\/radiolifefm.com.br\/noticias\/wp-json\/wp\/v2\/posts"}],"about":[{"href":"https:\/\/radiolifefm.com.br\/noticias\/wp-json\/wp\/v2\/types\/post"}],"author":[{"embeddable":true,"href":"https:\/\/radiolifefm.com.br\/noticias\/wp-json\/wp\/v2\/users\/8"}],"replies":[{"embeddable":true,"href":"https:\/\/radiolifefm.com.br\/noticias\/wp-json\/wp\/v2\/comments?post=11749"}],"version-history":[{"count":2,"href":"https:\/\/radiolifefm.com.br\/noticias\/wp-json\/wp\/v2\/posts\/11749\/revisions"}],"predecessor-version":[{"id":11751,"href":"https:\/\/radiolifefm.com.br\/noticias\/wp-json\/wp\/v2\/posts\/11749\/revisions\/11751"}],"wp:featuredmedia":[{"embeddable":true,"href":"https:\/\/radiolifefm.com.br\/noticias\/wp-json\/wp\/v2\/media\/11743"}],"wp:attachment":[{"href":"https:\/\/radiolifefm.com.br\/noticias\/wp-json\/wp\/v2\/media?parent=11749"}],"wp:term":[{"taxonomy":"category","embeddable":true,"href":"https:\/\/radiolifefm.com.br\/noticias\/wp-json\/wp\/v2\/categories?post=11749"},{"taxonomy":"post_tag","embeddable":true,"href":"https:\/\/radiolifefm.com.br\/noticias\/wp-json\/wp\/v2\/tags?post=11749"}],"curies":[{"name":"wp","href":"https:\/\/api.w.org\/{rel}","templated":true}]}}