{"id":117476,"date":"2026-03-18T11:57:23","date_gmt":"2026-03-18T14:57:23","guid":{"rendered":"https:\/\/radiolifefm.com.br\/noticias\/?p=117476"},"modified":"2026-04-29T02:41:47","modified_gmt":"2026-04-29T05:41:47","slug":"publicitario-adamantinense-abre-a-3a-temporada-do-pauta-aberta","status":"publish","type":"post","link":"https:\/\/radiolifefm.com.br\/noticias\/publicitario-adamantinense-abre-a-3a-temporada-do-pauta-aberta\/","title":{"rendered":"Publicit\u00e1rio adamantinense abre a 3\u00aa temporada do Pauta Aberta."},"content":{"rendered":"<div id=\"fb-root\"><\/div>\n<p>&nbsp;<\/p>\n<p><strong>\u00a0<\/strong><\/p>\n<p>Em 17 de mar\u00e7o de 2026, o publicit\u00e1rio Alessandro Dias, participou da terceira temporada do programa Pauta Aberta exibido nas plataformas digitais da R\u00e1dio Life FM\u00a0 e frequ\u00eancia radiof\u00f4nica 107,9MHz.<\/p>\n<p>Abrindo a grade de conversa\u00e7\u00f5es do programa, Alessandro compartilhou com o p\u00fablico, hist\u00f3rias do passado, ainda, que o motivaram em diversas atividades profissionais.<\/p>\n<p>Formado em Publicidade e Propaganda no ano de 2008 pelo Centro Universit\u00e1rio de Adamantina, j\u00e1 atuou em m\u00eddias locais, tamb\u00e9m esteve se destacando profissionalmente na regi\u00e3o.<\/p>\n<div class='flex flex-wrap items-center -mx-1'>\r\n<a class='thumbnail gallery p-1 w-1\/2 md:w-1\/4' href='https:\/\/radiolifefm.com.br\/noticias\/wp-content\/uploads\/2026\/03\/WhatsApp-Image-2026-03-17-at-13.27.55-1.jpeg'><img class='border border-white' src='https:\/\/radiolifefm.com.br\/noticias\/wp-content\/uploads\/2026\/03\/WhatsApp-Image-2026-03-17-at-13.27.55-1-200x200.jpeg' alt='WhatsApp Image 2026 03 17 At 13.27.55 (1)' \/><\/a><a class='thumbnail gallery p-1 w-1\/2 md:w-1\/4' href='https:\/\/radiolifefm.com.br\/noticias\/wp-content\/uploads\/2026\/03\/WhatsApp-Image-2026-03-17-at-13.27.55.jpeg'><img class='border border-white' src='https:\/\/radiolifefm.com.br\/noticias\/wp-content\/uploads\/2026\/03\/WhatsApp-Image-2026-03-17-at-13.27.55-200x200.jpeg' alt='WhatsApp Image 2026 03 17 At 13.27.55' \/><\/a><\/div>\n<p><strong>Entrelinhas:<\/strong><\/p>\n<p>Indagado por Barbosa, o publicit\u00e1rio Alessandro \u00e9 musico, por\u00e9m, segundo o mesmo, tais atividades s\u00e3o paralelas ao trabalho profissional.<\/p>\n<p>Dias tamb\u00e9m \u00e9 ligado a \u00e1rea cultural, reafirmando assim a paix\u00e3o em suas atividades.<\/p>\n<p>Autor do livro, \u201cJ\u00e1 fui pra Marte\u201d (2.024), o publicit\u00e1rio continua com novos projetos para o futuro, ainda, buscando marcar presen\u00e7a nas \u00e1reas da m\u00fasica e redatorial.<\/p>\n<p>S\u00e3o muitas hist\u00f3rias e baseadas em vivencias e conceitos, proporcionando diversas atua\u00e7\u00f5es no mercado.<\/p>\n<div class='flex flex-wrap items-center -mx-1'>\r\n<a class='thumbnail gallery p-1 w-1\/2 md:w-1\/4' href='https:\/\/radiolifefm.com.br\/noticias\/wp-content\/uploads\/2026\/03\/WhatsApp-Image-2026-03-17-at-13.27.54-1.jpeg'><img class='border border-white' src='https:\/\/radiolifefm.com.br\/noticias\/wp-content\/uploads\/2026\/03\/WhatsApp-Image-2026-03-17-at-13.27.54-1-200x200.jpeg' alt='WhatsApp Image 2026 03 17 At 13.27.54 (1)' \/><\/a><a class='thumbnail gallery p-1 w-1\/2 md:w-1\/4' href='https:\/\/radiolifefm.com.br\/noticias\/wp-content\/uploads\/2026\/03\/WhatsApp-Image-2026-03-17-at-13.27.54.jpeg'><img class='border border-white' src='https:\/\/radiolifefm.com.br\/noticias\/wp-content\/uploads\/2026\/03\/WhatsApp-Image-2026-03-17-at-13.27.54-200x200.jpeg' alt='WhatsApp Image 2026 03 17 At 13.27.54' \/><\/a><\/div>\n<p><strong>Aspectos<\/strong><\/p>\n<p>Da Ag\u00eancia Marte para as salas de aula, Dias foi atuante por 4 anos como professor universit\u00e1rio, por\u00e9m, cursou o ensino m\u00e9dio no Col\u00e9gio Objetivo, ainda, onde teve os primeiros contatos com a m\u00fasica.<\/p>\n<p>Antes de atuar como publicit\u00e1rio, Alessandro cursou dois anos de Psicologia na FAI, por\u00e9m, acabou desistindo do curso e escolheu entrar no curso de Publicidade e Propaganda da mesma institui\u00e7\u00e3o.<\/p>\n<div class='flex flex-wrap items-center -mx-1'>\r\n<a class='thumbnail gallery p-1 w-1\/2 md:w-1\/4' href='https:\/\/radiolifefm.com.br\/noticias\/wp-content\/uploads\/2026\/03\/WhatsApp-Image-2026-03-17-at-13.27.53-1.jpeg'><img class='border border-white' src='https:\/\/radiolifefm.com.br\/noticias\/wp-content\/uploads\/2026\/03\/WhatsApp-Image-2026-03-17-at-13.27.53-1-200x200.jpeg' alt='WhatsApp Image 2026 03 17 At 13.27.53 (1)' \/><\/a><a class='thumbnail gallery p-1 w-1\/2 md:w-1\/4' href='https:\/\/radiolifefm.com.br\/noticias\/wp-content\/uploads\/2026\/03\/WhatsApp-Image-2026-03-17-at-13.27.52.jpeg'><img class='border border-white' src='https:\/\/radiolifefm.com.br\/noticias\/wp-content\/uploads\/2026\/03\/WhatsApp-Image-2026-03-17-at-13.27.52-200x200.jpeg' alt='WhatsApp Image 2026 03 17 At 13.27.52' \/><\/a><\/div>\n<p>&nbsp;<\/p>\n<p>&nbsp;<\/p>\n<p><em>Por: jornalista Gilson Leandro- MTB: 0099875\/SP<\/em><\/p>\n","protected":false},"excerpt":{"rendered":"<p>&nbsp; \u00a0 Em 17 de mar\u00e7o de 2026, o publicit\u00e1rio Alessandro Dias, participou da terceira temporada do programa Pauta Aberta exibido nas plataformas digitais da R\u00e1dio Life FM\u00a0 e frequ\u00eancia radiof\u00f4nica 107,9MHz. Abrindo a grade de conversa\u00e7\u00f5es do programa, Alessandro compartilhou com o p\u00fablico, hist\u00f3rias do passado, ainda, que o motivaram em diversas atividades profissionais. [&hellip;]<\/p>\n","protected":false},"author":8,"featured_media":117477,"comment_status":"closed","ping_status":"open","sticky":false,"template":"","format":"standard","meta":{"_acf_changed":false,"_exactmetrics_skip_tracking":false,"_exactmetrics_sitenote_active":false,"_exactmetrics_sitenote_note":"","_exactmetrics_sitenote_category":0,"footnotes":""},"categories":[126],"tags":[],"class_list":["post-117476","post","type-post","status-publish","format-standard","has-post-thumbnail","hentry","category-pauta-aberta"],"acf":[],"yoast_head":"<!-- This site is optimized with the Yoast SEO plugin v27.2 - https:\/\/yoast.com\/product\/yoast-seo-wordpress\/ -->\n<title>Publicit\u00e1rio adamantinense abre a 3\u00aa temporada do Pauta Aberta. - R\u00e1dio Life FM<\/title>\n<meta name=\"robots\" content=\"index, follow, max-snippet:-1, max-image-preview:large, max-video-preview:-1\" \/>\n<link rel=\"canonical\" href=\"https:\/\/radiolifefm.com.br\/noticias\/publicitario-adamantinense-abre-a-3a-temporada-do-pauta-aberta\/\" \/>\n<meta property=\"og:locale\" content=\"pt_BR\" \/>\n<meta property=\"og:type\" content=\"article\" \/>\n<meta property=\"og:title\" content=\"Publicit\u00e1rio adamantinense abre a 3\u00aa temporada do Pauta Aberta. - R\u00e1dio Life FM\" \/>\n<meta property=\"og:description\" content=\"&nbsp; \u00a0 Em 17 de mar\u00e7o de 2026, o publicit\u00e1rio Alessandro Dias, participou da terceira temporada do programa Pauta Aberta exibido nas plataformas digitais da R\u00e1dio Life FM\u00a0 e frequ\u00eancia radiof\u00f4nica 107,9MHz. Abrindo a grade de conversa\u00e7\u00f5es do programa, Alessandro compartilhou com o p\u00fablico, hist\u00f3rias do passado, ainda, que o motivaram em diversas atividades profissionais. [&hellip;]\" \/>\n<meta property=\"og:url\" content=\"https:\/\/radiolifefm.com.br\/noticias\/publicitario-adamantinense-abre-a-3a-temporada-do-pauta-aberta\/\" \/>\n<meta property=\"og:site_name\" content=\"R\u00e1dio Life FM\" \/>\n<meta property=\"article:publisher\" content=\"https:\/\/www.facebook.com\/radiolifefm\/\" \/>\n<meta property=\"article:published_time\" content=\"2026-03-18T14:57:23+00:00\" \/>\n<meta property=\"article:modified_time\" content=\"2026-04-29T05:41:47+00:00\" \/>\n<meta property=\"og:image\" content=\"https:\/\/radiolifefm.com.br\/noticias\/wp-content\/uploads\/2026\/03\/WhatsApp-Image-2026-03-17-at-13.27.55-2.jpeg\" \/>\n\t<meta property=\"og:image:width\" content=\"1366\" \/>\n\t<meta property=\"og:image:height\" content=\"768\" \/>\n\t<meta property=\"og:image:type\" content=\"image\/jpeg\" \/>\n<meta name=\"author\" content=\"joaograndao\" \/>\n<meta name=\"twitter:card\" content=\"summary_large_image\" \/>\n<meta name=\"twitter:label1\" content=\"Escrito por\" \/>\n\t<meta name=\"twitter:data1\" content=\"joaograndao\" \/>\n\t<meta name=\"twitter:label2\" content=\"Est. tempo de leitura\" \/>\n\t<meta name=\"twitter:data2\" content=\"2 minutos\" \/>\n<script type=\"application\/ld+json\" class=\"yoast-schema-graph\">{\"@context\":\"https:\/\/schema.org\",\"@graph\":[{\"@type\":\"Article\",\"@id\":\"https:\/\/radiolifefm.com.br\/noticias\/publicitario-adamantinense-abre-a-3a-temporada-do-pauta-aberta\/#article\",\"isPartOf\":{\"@id\":\"https:\/\/radiolifefm.com.br\/noticias\/publicitario-adamantinense-abre-a-3a-temporada-do-pauta-aberta\/\"},\"author\":{\"name\":\"joaograndao\",\"@id\":\"https:\/\/radiolifefm.com.br\/noticias\/#\/schema\/person\/6876e1240feffe6e1b63fd5cb85abf28\"},\"headline\":\"Publicit\u00e1rio adamantinense abre a 3\u00aa temporada do Pauta Aberta.\",\"datePublished\":\"2026-03-18T14:57:23+00:00\",\"dateModified\":\"2026-04-29T05:41:47+00:00\",\"mainEntityOfPage\":{\"@id\":\"https:\/\/radiolifefm.com.br\/noticias\/publicitario-adamantinense-abre-a-3a-temporada-do-pauta-aberta\/\"},\"wordCount\":270,\"publisher\":{\"@id\":\"https:\/\/radiolifefm.com.br\/noticias\/#organization\"},\"image\":{\"@id\":\"https:\/\/radiolifefm.com.br\/noticias\/publicitario-adamantinense-abre-a-3a-temporada-do-pauta-aberta\/#primaryimage\"},\"thumbnailUrl\":\"https:\/\/radiolifefm.com.br\/noticias\/wp-content\/uploads\/2026\/03\/WhatsApp-Image-2026-03-17-at-13.27.55-2.jpeg\",\"articleSection\":[\"Pauta Aberta\"],\"inLanguage\":\"pt-BR\"},{\"@type\":\"WebPage\",\"@id\":\"https:\/\/radiolifefm.com.br\/noticias\/publicitario-adamantinense-abre-a-3a-temporada-do-pauta-aberta\/\",\"url\":\"https:\/\/radiolifefm.com.br\/noticias\/publicitario-adamantinense-abre-a-3a-temporada-do-pauta-aberta\/\",\"name\":\"Publicit\u00e1rio adamantinense abre a 3\u00aa temporada do Pauta Aberta. - R\u00e1dio Life FM\",\"isPartOf\":{\"@id\":\"https:\/\/radiolifefm.com.br\/noticias\/#website\"},\"primaryImageOfPage\":{\"@id\":\"https:\/\/radiolifefm.com.br\/noticias\/publicitario-adamantinense-abre-a-3a-temporada-do-pauta-aberta\/#primaryimage\"},\"image\":{\"@id\":\"https:\/\/radiolifefm.com.br\/noticias\/publicitario-adamantinense-abre-a-3a-temporada-do-pauta-aberta\/#primaryimage\"},\"thumbnailUrl\":\"https:\/\/radiolifefm.com.br\/noticias\/wp-content\/uploads\/2026\/03\/WhatsApp-Image-2026-03-17-at-13.27.55-2.jpeg\",\"datePublished\":\"2026-03-18T14:57:23+00:00\",\"dateModified\":\"2026-04-29T05:41:47+00:00\",\"breadcrumb\":{\"@id\":\"https:\/\/radiolifefm.com.br\/noticias\/publicitario-adamantinense-abre-a-3a-temporada-do-pauta-aberta\/#breadcrumb\"},\"inLanguage\":\"pt-BR\",\"potentialAction\":[{\"@type\":\"ReadAction\",\"target\":[\"https:\/\/radiolifefm.com.br\/noticias\/publicitario-adamantinense-abre-a-3a-temporada-do-pauta-aberta\/\"]}]},{\"@type\":\"ImageObject\",\"inLanguage\":\"pt-BR\",\"@id\":\"https:\/\/radiolifefm.com.br\/noticias\/publicitario-adamantinense-abre-a-3a-temporada-do-pauta-aberta\/#primaryimage\",\"url\":\"https:\/\/radiolifefm.com.br\/noticias\/wp-content\/uploads\/2026\/03\/WhatsApp-Image-2026-03-17-at-13.27.55-2.jpeg\",\"contentUrl\":\"https:\/\/radiolifefm.com.br\/noticias\/wp-content\/uploads\/2026\/03\/WhatsApp-Image-2026-03-17-at-13.27.55-2.jpeg\",\"width\":1366,\"height\":768,\"caption\":\"S\u00e9rgio Barbosa, Jornalista Diplomado e Alessandro Dias, publicit\u00e1rio\"},{\"@type\":\"BreadcrumbList\",\"@id\":\"https:\/\/radiolifefm.com.br\/noticias\/publicitario-adamantinense-abre-a-3a-temporada-do-pauta-aberta\/#breadcrumb\",\"itemListElement\":[{\"@type\":\"ListItem\",\"position\":1,\"name\":\"In\u00edcio\",\"item\":\"https:\/\/radiolifefm.com.br\/noticias\/\"},{\"@type\":\"ListItem\",\"position\":2,\"name\":\"Publicit\u00e1rio adamantinense abre a 3\u00aa temporada do Pauta Aberta.\"}]},{\"@type\":\"WebSite\",\"@id\":\"https:\/\/radiolifefm.com.br\/noticias\/#website\",\"url\":\"https:\/\/radiolifefm.com.br\/noticias\/\",\"name\":\"R\u00e1dio Life FM\",\"description\":\"O Portal de Not\u00edcias de Adamantina\",\"publisher\":{\"@id\":\"https:\/\/radiolifefm.com.br\/noticias\/#organization\"},\"alternateName\":\"Life FM\",\"potentialAction\":[{\"@type\":\"SearchAction\",\"target\":{\"@type\":\"EntryPoint\",\"urlTemplate\":\"https:\/\/radiolifefm.com.br\/noticias\/?s={search_term_string}\"},\"query-input\":{\"@type\":\"PropertyValueSpecification\",\"valueRequired\":true,\"valueName\":\"search_term_string\"}}],\"inLanguage\":\"pt-BR\"},{\"@type\":\"Organization\",\"@id\":\"https:\/\/radiolifefm.com.br\/noticias\/#organization\",\"name\":\"R\u00e1dio Life FM\",\"alternateName\":\"Life FM\",\"url\":\"https:\/\/radiolifefm.com.br\/noticias\/\",\"logo\":{\"@type\":\"ImageObject\",\"inLanguage\":\"pt-BR\",\"@id\":\"https:\/\/radiolifefm.com.br\/noticias\/#\/schema\/logo\/image\/\",\"url\":\"https:\/\/static.radiolifefm.com.br\/noticias\/wp-content\/uploads\/2019\/10\/logo-lifefm.png\",\"contentUrl\":\"https:\/\/static.radiolifefm.com.br\/noticias\/wp-content\/uploads\/2019\/10\/logo-lifefm.png\",\"width\":196,\"height\":47,\"caption\":\"R\u00e1dio Life FM\"},\"image\":{\"@id\":\"https:\/\/radiolifefm.com.br\/noticias\/#\/schema\/logo\/image\/\"},\"sameAs\":[\"https:\/\/www.facebook.com\/radiolifefm\/\",\"https:\/\/www.instagram.com\/life1079fm\/\"]},{\"@type\":\"Person\",\"@id\":\"https:\/\/radiolifefm.com.br\/noticias\/#\/schema\/person\/6876e1240feffe6e1b63fd5cb85abf28\",\"name\":\"joaograndao\",\"image\":{\"@type\":\"ImageObject\",\"inLanguage\":\"pt-BR\",\"@id\":\"https:\/\/secure.gravatar.com\/avatar\/d5b1a3cf357ed9c50404e256a1294083aa8ab5d2a994001567302786016cb32c?s=96&d=mm&r=g\",\"url\":\"https:\/\/secure.gravatar.com\/avatar\/d5b1a3cf357ed9c50404e256a1294083aa8ab5d2a994001567302786016cb32c?s=96&d=mm&r=g\",\"contentUrl\":\"https:\/\/secure.gravatar.com\/avatar\/d5b1a3cf357ed9c50404e256a1294083aa8ab5d2a994001567302786016cb32c?s=96&d=mm&r=g\",\"caption\":\"joaograndao\"}}]}<\/script>\n<!-- \/ Yoast SEO plugin. -->","yoast_head_json":{"title":"Publicit\u00e1rio adamantinense abre a 3\u00aa temporada do Pauta Aberta. - R\u00e1dio Life FM","robots":{"index":"index","follow":"follow","max-snippet":"max-snippet:-1","max-image-preview":"max-image-preview:large","max-video-preview":"max-video-preview:-1"},"canonical":"https:\/\/radiolifefm.com.br\/noticias\/publicitario-adamantinense-abre-a-3a-temporada-do-pauta-aberta\/","og_locale":"pt_BR","og_type":"article","og_title":"Publicit\u00e1rio adamantinense abre a 3\u00aa temporada do Pauta Aberta. - R\u00e1dio Life FM","og_description":"&nbsp; \u00a0 Em 17 de mar\u00e7o de 2026, o publicit\u00e1rio Alessandro Dias, participou da terceira temporada do programa Pauta Aberta exibido nas plataformas digitais da R\u00e1dio Life FM\u00a0 e frequ\u00eancia radiof\u00f4nica 107,9MHz. Abrindo a grade de conversa\u00e7\u00f5es do programa, Alessandro compartilhou com o p\u00fablico, hist\u00f3rias do passado, ainda, que o motivaram em diversas atividades profissionais. [&hellip;]","og_url":"https:\/\/radiolifefm.com.br\/noticias\/publicitario-adamantinense-abre-a-3a-temporada-do-pauta-aberta\/","og_site_name":"R\u00e1dio Life FM","article_publisher":"https:\/\/www.facebook.com\/radiolifefm\/","article_published_time":"2026-03-18T14:57:23+00:00","article_modified_time":"2026-04-29T05:41:47+00:00","og_image":[{"width":1366,"height":768,"url":"https:\/\/radiolifefm.com.br\/noticias\/wp-content\/uploads\/2026\/03\/WhatsApp-Image-2026-03-17-at-13.27.55-2.jpeg","type":"image\/jpeg"}],"author":"joaograndao","twitter_card":"summary_large_image","twitter_misc":{"Escrito por":"joaograndao","Est. tempo de leitura":"2 minutos"},"schema":{"@context":"https:\/\/schema.org","@graph":[{"@type":"Article","@id":"https:\/\/radiolifefm.com.br\/noticias\/publicitario-adamantinense-abre-a-3a-temporada-do-pauta-aberta\/#article","isPartOf":{"@id":"https:\/\/radiolifefm.com.br\/noticias\/publicitario-adamantinense-abre-a-3a-temporada-do-pauta-aberta\/"},"author":{"name":"joaograndao","@id":"https:\/\/radiolifefm.com.br\/noticias\/#\/schema\/person\/6876e1240feffe6e1b63fd5cb85abf28"},"headline":"Publicit\u00e1rio adamantinense abre a 3\u00aa temporada do Pauta Aberta.","datePublished":"2026-03-18T14:57:23+00:00","dateModified":"2026-04-29T05:41:47+00:00","mainEntityOfPage":{"@id":"https:\/\/radiolifefm.com.br\/noticias\/publicitario-adamantinense-abre-a-3a-temporada-do-pauta-aberta\/"},"wordCount":270,"publisher":{"@id":"https:\/\/radiolifefm.com.br\/noticias\/#organization"},"image":{"@id":"https:\/\/radiolifefm.com.br\/noticias\/publicitario-adamantinense-abre-a-3a-temporada-do-pauta-aberta\/#primaryimage"},"thumbnailUrl":"https:\/\/radiolifefm.com.br\/noticias\/wp-content\/uploads\/2026\/03\/WhatsApp-Image-2026-03-17-at-13.27.55-2.jpeg","articleSection":["Pauta Aberta"],"inLanguage":"pt-BR"},{"@type":"WebPage","@id":"https:\/\/radiolifefm.com.br\/noticias\/publicitario-adamantinense-abre-a-3a-temporada-do-pauta-aberta\/","url":"https:\/\/radiolifefm.com.br\/noticias\/publicitario-adamantinense-abre-a-3a-temporada-do-pauta-aberta\/","name":"Publicit\u00e1rio adamantinense abre a 3\u00aa temporada do Pauta Aberta. - R\u00e1dio Life FM","isPartOf":{"@id":"https:\/\/radiolifefm.com.br\/noticias\/#website"},"primaryImageOfPage":{"@id":"https:\/\/radiolifefm.com.br\/noticias\/publicitario-adamantinense-abre-a-3a-temporada-do-pauta-aberta\/#primaryimage"},"image":{"@id":"https:\/\/radiolifefm.com.br\/noticias\/publicitario-adamantinense-abre-a-3a-temporada-do-pauta-aberta\/#primaryimage"},"thumbnailUrl":"https:\/\/radiolifefm.com.br\/noticias\/wp-content\/uploads\/2026\/03\/WhatsApp-Image-2026-03-17-at-13.27.55-2.jpeg","datePublished":"2026-03-18T14:57:23+00:00","dateModified":"2026-04-29T05:41:47+00:00","breadcrumb":{"@id":"https:\/\/radiolifefm.com.br\/noticias\/publicitario-adamantinense-abre-a-3a-temporada-do-pauta-aberta\/#breadcrumb"},"inLanguage":"pt-BR","potentialAction":[{"@type":"ReadAction","target":["https:\/\/radiolifefm.com.br\/noticias\/publicitario-adamantinense-abre-a-3a-temporada-do-pauta-aberta\/"]}]},{"@type":"ImageObject","inLanguage":"pt-BR","@id":"https:\/\/radiolifefm.com.br\/noticias\/publicitario-adamantinense-abre-a-3a-temporada-do-pauta-aberta\/#primaryimage","url":"https:\/\/radiolifefm.com.br\/noticias\/wp-content\/uploads\/2026\/03\/WhatsApp-Image-2026-03-17-at-13.27.55-2.jpeg","contentUrl":"https:\/\/radiolifefm.com.br\/noticias\/wp-content\/uploads\/2026\/03\/WhatsApp-Image-2026-03-17-at-13.27.55-2.jpeg","width":1366,"height":768,"caption":"S\u00e9rgio Barbosa, Jornalista Diplomado e Alessandro Dias, publicit\u00e1rio"},{"@type":"BreadcrumbList","@id":"https:\/\/radiolifefm.com.br\/noticias\/publicitario-adamantinense-abre-a-3a-temporada-do-pauta-aberta\/#breadcrumb","itemListElement":[{"@type":"ListItem","position":1,"name":"In\u00edcio","item":"https:\/\/radiolifefm.com.br\/noticias\/"},{"@type":"ListItem","position":2,"name":"Publicit\u00e1rio adamantinense abre a 3\u00aa temporada do Pauta Aberta."}]},{"@type":"WebSite","@id":"https:\/\/radiolifefm.com.br\/noticias\/#website","url":"https:\/\/radiolifefm.com.br\/noticias\/","name":"R\u00e1dio Life FM","description":"O Portal de Not\u00edcias de Adamantina","publisher":{"@id":"https:\/\/radiolifefm.com.br\/noticias\/#organization"},"alternateName":"Life FM","potentialAction":[{"@type":"SearchAction","target":{"@type":"EntryPoint","urlTemplate":"https:\/\/radiolifefm.com.br\/noticias\/?s={search_term_string}"},"query-input":{"@type":"PropertyValueSpecification","valueRequired":true,"valueName":"search_term_string"}}],"inLanguage":"pt-BR"},{"@type":"Organization","@id":"https:\/\/radiolifefm.com.br\/noticias\/#organization","name":"R\u00e1dio Life FM","alternateName":"Life FM","url":"https:\/\/radiolifefm.com.br\/noticias\/","logo":{"@type":"ImageObject","inLanguage":"pt-BR","@id":"https:\/\/radiolifefm.com.br\/noticias\/#\/schema\/logo\/image\/","url":"https:\/\/static.radiolifefm.com.br\/noticias\/wp-content\/uploads\/2019\/10\/logo-lifefm.png","contentUrl":"https:\/\/static.radiolifefm.com.br\/noticias\/wp-content\/uploads\/2019\/10\/logo-lifefm.png","width":196,"height":47,"caption":"R\u00e1dio Life FM"},"image":{"@id":"https:\/\/radiolifefm.com.br\/noticias\/#\/schema\/logo\/image\/"},"sameAs":["https:\/\/www.facebook.com\/radiolifefm\/","https:\/\/www.instagram.com\/life1079fm\/"]},{"@type":"Person","@id":"https:\/\/radiolifefm.com.br\/noticias\/#\/schema\/person\/6876e1240feffe6e1b63fd5cb85abf28","name":"joaograndao","image":{"@type":"ImageObject","inLanguage":"pt-BR","@id":"https:\/\/secure.gravatar.com\/avatar\/d5b1a3cf357ed9c50404e256a1294083aa8ab5d2a994001567302786016cb32c?s=96&d=mm&r=g","url":"https:\/\/secure.gravatar.com\/avatar\/d5b1a3cf357ed9c50404e256a1294083aa8ab5d2a994001567302786016cb32c?s=96&d=mm&r=g","contentUrl":"https:\/\/secure.gravatar.com\/avatar\/d5b1a3cf357ed9c50404e256a1294083aa8ab5d2a994001567302786016cb32c?s=96&d=mm&r=g","caption":"joaograndao"}}]}},"amp_enabled":true,"_links":{"self":[{"href":"https:\/\/radiolifefm.com.br\/noticias\/wp-json\/wp\/v2\/posts\/117476","targetHints":{"allow":["GET"]}}],"collection":[{"href":"https:\/\/radiolifefm.com.br\/noticias\/wp-json\/wp\/v2\/posts"}],"about":[{"href":"https:\/\/radiolifefm.com.br\/noticias\/wp-json\/wp\/v2\/types\/post"}],"author":[{"embeddable":true,"href":"https:\/\/radiolifefm.com.br\/noticias\/wp-json\/wp\/v2\/users\/8"}],"replies":[{"embeddable":true,"href":"https:\/\/radiolifefm.com.br\/noticias\/wp-json\/wp\/v2\/comments?post=117476"}],"version-history":[{"count":4,"href":"https:\/\/radiolifefm.com.br\/noticias\/wp-json\/wp\/v2\/posts\/117476\/revisions"}],"predecessor-version":[{"id":117867,"href":"https:\/\/radiolifefm.com.br\/noticias\/wp-json\/wp\/v2\/posts\/117476\/revisions\/117867"}],"wp:featuredmedia":[{"embeddable":true,"href":"https:\/\/radiolifefm.com.br\/noticias\/wp-json\/wp\/v2\/media\/117477"}],"wp:attachment":[{"href":"https:\/\/radiolifefm.com.br\/noticias\/wp-json\/wp\/v2\/media?parent=117476"}],"wp:term":[{"taxonomy":"category","embeddable":true,"href":"https:\/\/radiolifefm.com.br\/noticias\/wp-json\/wp\/v2\/categories?post=117476"},{"taxonomy":"post_tag","embeddable":true,"href":"https:\/\/radiolifefm.com.br\/noticias\/wp-json\/wp\/v2\/tags?post=117476"}],"curies":[{"name":"wp","href":"https:\/\/api.w.org\/{rel}","templated":true}]}}