{"id":117373,"date":"2026-03-16T16:24:46","date_gmt":"2026-03-16T19:24:46","guid":{"rendered":"https:\/\/radiolifefm.com.br\/noticias\/?p=117373"},"modified":"2026-04-29T18:42:45","modified_gmt":"2026-04-29T21:42:45","slug":"a-batalha-pela-vida-continua-fora-dos-tribunais-familia-pede-ajuda-para-tratamento-de-alexandre-borsuk","status":"publish","type":"post","link":"https:\/\/radiolifefm.com.br\/noticias\/a-batalha-pela-vida-continua-fora-dos-tribunais-familia-pede-ajuda-para-tratamento-de-alexandre-borsuk\/","title":{"rendered":"A batalha pela vida continua fora dos tribunais: fam\u00edlia pede ajuda para tratamento de Alexandre Borsuk."},"content":{"rendered":"<div id=\"fb-root\"><\/div>\n<p data-start=\"88\" data-end=\"488\">A Justi\u00e7a Federal da 3\u00aa Regi\u00e3o negou o pedido do morador de Adamantina <strong data-start=\"159\" data-end=\"179\">Alexandre Borsuk<\/strong>, que buscava na Justi\u00e7a o fornecimento gratuito de medicamentos de alto custo para o tratamento de melanoma. Os rem\u00e9dios solicitados, <strong data-start=\"314\" data-end=\"343\">Dabrafenibe e Trametinibe<\/strong>, possuem custo anual estimado em mais de <strong data-start=\"385\" data-end=\"399\">R$ 542 mil<\/strong> e n\u00e3o fazem parte da lista de medicamentos fornecidos pelo Sistema \u00danico de Sa\u00fade (SUS).<\/p>\n<p data-start=\"490\" data-end=\"766\">Na decis\u00e3o, a Justi\u00e7a entendeu que, apesar de terem registro na Anvisa, os medicamentos n\u00e3o foram incorporados ao SUS e n\u00e3o atenderam a todos os crit\u00e9rios definidos pelo Supremo Tribunal Federal para concess\u00e3o judicial. A decis\u00e3o ainda pode ser contestada por meio de recurso.<\/p>\n<p data-start=\"768\" data-end=\"1046\">Mesmo diante da negativa, a esperan\u00e7a da fam\u00edlia segue viva por meio da solidariedade da comunidade. Amigos, familiares e volunt\u00e1rios continuam organizando <strong data-start=\"924\" data-end=\"977\">campanhas, vendas solid\u00e1rias e a\u00e7\u00f5es beneficentes<\/strong> para arrecadar recursos e ajudar Alexandre a continuar o tratamento.<\/p>\n<div class='flex flex-wrap items-center -mx-1'>\r\n<a class='thumbnail gallery p-1 w-1\/2 md:w-1\/4' href='https:\/\/radiolifefm.com.br\/noticias\/wp-content\/uploads\/2026\/03\/WhatsApp-Image-2026-03-16-at-14.42.45.jpeg'><img class='border border-white' src='https:\/\/radiolifefm.com.br\/noticias\/wp-content\/uploads\/2026\/03\/WhatsApp-Image-2026-03-16-at-14.42.45-200x200.jpeg' alt='WhatsApp Image 2026 03 16 At 14.42.45' \/><\/a><a class='thumbnail gallery p-1 w-1\/2 md:w-1\/4' href='https:\/\/radiolifefm.com.br\/noticias\/wp-content\/uploads\/2026\/03\/WhatsApp-Image-2026-03-16-at-14.42.44-1-e1773686825173.jpeg'><img class='border border-white' src='https:\/\/radiolifefm.com.br\/noticias\/wp-content\/uploads\/2026\/03\/WhatsApp-Image-2026-03-16-at-14.42.44-1-e1773686825173-200x200.jpeg' alt='WhatsApp Image 2026 03 16 At 14.42.44 (1)' \/><\/a><a class='thumbnail gallery p-1 w-1\/2 md:w-1\/4' href='https:\/\/radiolifefm.com.br\/noticias\/wp-content\/uploads\/2026\/03\/WhatsApp-Image-2026-03-16-at-14.42.44.jpeg'><img class='border border-white' src='https:\/\/radiolifefm.com.br\/noticias\/wp-content\/uploads\/2026\/03\/WhatsApp-Image-2026-03-16-at-14.42.44-200x200.jpeg' alt='WhatsApp Image 2026 03 16 At 14.42.44' \/><\/a><\/div>\n<p data-start=\"1048\" data-end=\"1200\">Entre as iniciativas est\u00e1 uma <strong data-start=\"1078\" data-end=\"1106\">rifa solid\u00e1ria de P\u00e1scoa<\/strong>, com n\u00fameros vendidos a <strong data-start=\"1131\" data-end=\"1140\">R$ 10<\/strong>, dispon\u00edvel pelo link:<\/p>\n<p><a href=\"https:\/\/rifa.digital\/s\/UfChN74V7lh\">https:\/\/rifa.digital\/s\/UfChN74V7lh<\/a><\/p>\n<p>dispon\u00edvel pelo link:<\/p>\n<p><a href=\"https:\/\/rifa.digital\/s\/UfChN74V7lh\">https:\/\/rifa.digital\/s\/UfChN74V7lh<\/a><\/p>\n<p>dispon\u00edvel pelo link:<\/p>\n<p><a href=\"https:\/\/rifa.digital\/s\/rx81Tuv8cgA\">https:\/\/rifa.digital\/s\/rx81Tuv8cgA<\/a><\/p>\n","protected":false},"excerpt":{"rendered":"<p>A Justi\u00e7a Federal da 3\u00aa Regi\u00e3o negou o pedido do morador de Adamantina Alexandre Borsuk, que buscava na Justi\u00e7a o fornecimento gratuito de medicamentos de alto custo para o tratamento de melanoma. Os rem\u00e9dios solicitados, Dabrafenibe e Trametinibe, possuem custo anual estimado em mais de R$ 542 mil e n\u00e3o fazem parte da lista de [&hellip;]<\/p>\n","protected":false},"author":8,"featured_media":117380,"comment_status":"closed","ping_status":"open","sticky":false,"template":"","format":"standard","meta":{"_acf_changed":false,"_exactmetrics_skip_tracking":false,"_exactmetrics_sitenote_active":false,"_exactmetrics_sitenote_note":"","_exactmetrics_sitenote_category":0,"footnotes":""},"categories":[1],"tags":[],"class_list":["post-117373","post","type-post","status-publish","format-standard","has-post-thumbnail","hentry","category-geral"],"acf":[],"yoast_head":"<!-- This site is optimized with the Yoast SEO plugin v27.2 - https:\/\/yoast.com\/product\/yoast-seo-wordpress\/ -->\n<title>A batalha pela vida continua fora dos tribunais: fam\u00edlia pede ajuda para tratamento de Alexandre Borsuk. - R\u00e1dio Life FM<\/title>\n<meta name=\"robots\" content=\"index, follow, max-snippet:-1, max-image-preview:large, max-video-preview:-1\" \/>\n<link rel=\"canonical\" href=\"https:\/\/radiolifefm.com.br\/noticias\/a-batalha-pela-vida-continua-fora-dos-tribunais-familia-pede-ajuda-para-tratamento-de-alexandre-borsuk\/\" \/>\n<meta property=\"og:locale\" content=\"pt_BR\" \/>\n<meta property=\"og:type\" content=\"article\" \/>\n<meta property=\"og:title\" content=\"A batalha pela vida continua fora dos tribunais: fam\u00edlia pede ajuda para tratamento de Alexandre Borsuk. - R\u00e1dio Life FM\" \/>\n<meta property=\"og:description\" content=\"A Justi\u00e7a Federal da 3\u00aa Regi\u00e3o negou o pedido do morador de Adamantina Alexandre Borsuk, que buscava na Justi\u00e7a o fornecimento gratuito de medicamentos de alto custo para o tratamento de melanoma. Os rem\u00e9dios solicitados, Dabrafenibe e Trametinibe, possuem custo anual estimado em mais de R$ 542 mil e n\u00e3o fazem parte da lista de [&hellip;]\" \/>\n<meta property=\"og:url\" content=\"https:\/\/radiolifefm.com.br\/noticias\/a-batalha-pela-vida-continua-fora-dos-tribunais-familia-pede-ajuda-para-tratamento-de-alexandre-borsuk\/\" \/>\n<meta property=\"og:site_name\" content=\"R\u00e1dio Life FM\" \/>\n<meta property=\"article:publisher\" content=\"https:\/\/www.facebook.com\/radiolifefm\/\" \/>\n<meta property=\"article:published_time\" content=\"2026-03-16T19:24:46+00:00\" \/>\n<meta property=\"article:modified_time\" content=\"2026-04-29T21:42:45+00:00\" \/>\n<meta property=\"og:image\" content=\"https:\/\/radiolifefm.com.br\/noticias\/wp-content\/uploads\/2026\/03\/Capa-Site-2026-03-16T162247.928.jpg\" \/>\n\t<meta property=\"og:image:width\" content=\"1366\" \/>\n\t<meta property=\"og:image:height\" content=\"768\" \/>\n\t<meta property=\"og:image:type\" content=\"image\/jpeg\" \/>\n<meta name=\"author\" content=\"joaograndao\" \/>\n<meta name=\"twitter:card\" content=\"summary_large_image\" \/>\n<meta name=\"twitter:label1\" content=\"Escrito por\" \/>\n\t<meta name=\"twitter:data1\" content=\"joaograndao\" \/>\n\t<meta name=\"twitter:label2\" content=\"Est. tempo de leitura\" \/>\n\t<meta name=\"twitter:data2\" content=\"2 minutos\" \/>\n<script type=\"application\/ld+json\" class=\"yoast-schema-graph\">{\"@context\":\"https:\/\/schema.org\",\"@graph\":[{\"@type\":\"Article\",\"@id\":\"https:\/\/radiolifefm.com.br\/noticias\/a-batalha-pela-vida-continua-fora-dos-tribunais-familia-pede-ajuda-para-tratamento-de-alexandre-borsuk\/#article\",\"isPartOf\":{\"@id\":\"https:\/\/radiolifefm.com.br\/noticias\/a-batalha-pela-vida-continua-fora-dos-tribunais-familia-pede-ajuda-para-tratamento-de-alexandre-borsuk\/\"},\"author\":{\"name\":\"joaograndao\",\"@id\":\"https:\/\/radiolifefm.com.br\/noticias\/#\/schema\/person\/6876e1240feffe6e1b63fd5cb85abf28\"},\"headline\":\"A batalha pela vida continua fora dos tribunais: fam\u00edlia pede ajuda para tratamento de Alexandre Borsuk.\",\"datePublished\":\"2026-03-16T19:24:46+00:00\",\"dateModified\":\"2026-04-29T21:42:45+00:00\",\"mainEntityOfPage\":{\"@id\":\"https:\/\/radiolifefm.com.br\/noticias\/a-batalha-pela-vida-continua-fora-dos-tribunais-familia-pede-ajuda-para-tratamento-de-alexandre-borsuk\/\"},\"wordCount\":230,\"publisher\":{\"@id\":\"https:\/\/radiolifefm.com.br\/noticias\/#organization\"},\"image\":{\"@id\":\"https:\/\/radiolifefm.com.br\/noticias\/a-batalha-pela-vida-continua-fora-dos-tribunais-familia-pede-ajuda-para-tratamento-de-alexandre-borsuk\/#primaryimage\"},\"thumbnailUrl\":\"https:\/\/radiolifefm.com.br\/noticias\/wp-content\/uploads\/2026\/03\/Capa-Site-2026-03-16T162247.928.jpg\",\"articleSection\":[\"Geral\"],\"inLanguage\":\"pt-BR\"},{\"@type\":\"WebPage\",\"@id\":\"https:\/\/radiolifefm.com.br\/noticias\/a-batalha-pela-vida-continua-fora-dos-tribunais-familia-pede-ajuda-para-tratamento-de-alexandre-borsuk\/\",\"url\":\"https:\/\/radiolifefm.com.br\/noticias\/a-batalha-pela-vida-continua-fora-dos-tribunais-familia-pede-ajuda-para-tratamento-de-alexandre-borsuk\/\",\"name\":\"A batalha pela vida continua fora dos tribunais: fam\u00edlia pede ajuda para tratamento de Alexandre Borsuk. - R\u00e1dio Life FM\",\"isPartOf\":{\"@id\":\"https:\/\/radiolifefm.com.br\/noticias\/#website\"},\"primaryImageOfPage\":{\"@id\":\"https:\/\/radiolifefm.com.br\/noticias\/a-batalha-pela-vida-continua-fora-dos-tribunais-familia-pede-ajuda-para-tratamento-de-alexandre-borsuk\/#primaryimage\"},\"image\":{\"@id\":\"https:\/\/radiolifefm.com.br\/noticias\/a-batalha-pela-vida-continua-fora-dos-tribunais-familia-pede-ajuda-para-tratamento-de-alexandre-borsuk\/#primaryimage\"},\"thumbnailUrl\":\"https:\/\/radiolifefm.com.br\/noticias\/wp-content\/uploads\/2026\/03\/Capa-Site-2026-03-16T162247.928.jpg\",\"datePublished\":\"2026-03-16T19:24:46+00:00\",\"dateModified\":\"2026-04-29T21:42:45+00:00\",\"breadcrumb\":{\"@id\":\"https:\/\/radiolifefm.com.br\/noticias\/a-batalha-pela-vida-continua-fora-dos-tribunais-familia-pede-ajuda-para-tratamento-de-alexandre-borsuk\/#breadcrumb\"},\"inLanguage\":\"pt-BR\",\"potentialAction\":[{\"@type\":\"ReadAction\",\"target\":[\"https:\/\/radiolifefm.com.br\/noticias\/a-batalha-pela-vida-continua-fora-dos-tribunais-familia-pede-ajuda-para-tratamento-de-alexandre-borsuk\/\"]}]},{\"@type\":\"ImageObject\",\"inLanguage\":\"pt-BR\",\"@id\":\"https:\/\/radiolifefm.com.br\/noticias\/a-batalha-pela-vida-continua-fora-dos-tribunais-familia-pede-ajuda-para-tratamento-de-alexandre-borsuk\/#primaryimage\",\"url\":\"https:\/\/radiolifefm.com.br\/noticias\/wp-content\/uploads\/2026\/03\/Capa-Site-2026-03-16T162247.928.jpg\",\"contentUrl\":\"https:\/\/radiolifefm.com.br\/noticias\/wp-content\/uploads\/2026\/03\/Capa-Site-2026-03-16T162247.928.jpg\",\"width\":1366,\"height\":768},{\"@type\":\"BreadcrumbList\",\"@id\":\"https:\/\/radiolifefm.com.br\/noticias\/a-batalha-pela-vida-continua-fora-dos-tribunais-familia-pede-ajuda-para-tratamento-de-alexandre-borsuk\/#breadcrumb\",\"itemListElement\":[{\"@type\":\"ListItem\",\"position\":1,\"name\":\"In\u00edcio\",\"item\":\"https:\/\/radiolifefm.com.br\/noticias\/\"},{\"@type\":\"ListItem\",\"position\":2,\"name\":\"A batalha pela vida continua fora dos tribunais: fam\u00edlia pede ajuda para tratamento de Alexandre Borsuk.\"}]},{\"@type\":\"WebSite\",\"@id\":\"https:\/\/radiolifefm.com.br\/noticias\/#website\",\"url\":\"https:\/\/radiolifefm.com.br\/noticias\/\",\"name\":\"R\u00e1dio Life FM\",\"description\":\"O Portal de Not\u00edcias de Adamantina\",\"publisher\":{\"@id\":\"https:\/\/radiolifefm.com.br\/noticias\/#organization\"},\"alternateName\":\"Life FM\",\"potentialAction\":[{\"@type\":\"SearchAction\",\"target\":{\"@type\":\"EntryPoint\",\"urlTemplate\":\"https:\/\/radiolifefm.com.br\/noticias\/?s={search_term_string}\"},\"query-input\":{\"@type\":\"PropertyValueSpecification\",\"valueRequired\":true,\"valueName\":\"search_term_string\"}}],\"inLanguage\":\"pt-BR\"},{\"@type\":\"Organization\",\"@id\":\"https:\/\/radiolifefm.com.br\/noticias\/#organization\",\"name\":\"R\u00e1dio Life FM\",\"alternateName\":\"Life FM\",\"url\":\"https:\/\/radiolifefm.com.br\/noticias\/\",\"logo\":{\"@type\":\"ImageObject\",\"inLanguage\":\"pt-BR\",\"@id\":\"https:\/\/radiolifefm.com.br\/noticias\/#\/schema\/logo\/image\/\",\"url\":\"https:\/\/static.radiolifefm.com.br\/noticias\/wp-content\/uploads\/2019\/10\/logo-lifefm.png\",\"contentUrl\":\"https:\/\/static.radiolifefm.com.br\/noticias\/wp-content\/uploads\/2019\/10\/logo-lifefm.png\",\"width\":196,\"height\":47,\"caption\":\"R\u00e1dio Life FM\"},\"image\":{\"@id\":\"https:\/\/radiolifefm.com.br\/noticias\/#\/schema\/logo\/image\/\"},\"sameAs\":[\"https:\/\/www.facebook.com\/radiolifefm\/\",\"https:\/\/www.instagram.com\/life1079fm\/\"]},{\"@type\":\"Person\",\"@id\":\"https:\/\/radiolifefm.com.br\/noticias\/#\/schema\/person\/6876e1240feffe6e1b63fd5cb85abf28\",\"name\":\"joaograndao\",\"image\":{\"@type\":\"ImageObject\",\"inLanguage\":\"pt-BR\",\"@id\":\"https:\/\/secure.gravatar.com\/avatar\/d5b1a3cf357ed9c50404e256a1294083aa8ab5d2a994001567302786016cb32c?s=96&d=mm&r=g\",\"url\":\"https:\/\/secure.gravatar.com\/avatar\/d5b1a3cf357ed9c50404e256a1294083aa8ab5d2a994001567302786016cb32c?s=96&d=mm&r=g\",\"contentUrl\":\"https:\/\/secure.gravatar.com\/avatar\/d5b1a3cf357ed9c50404e256a1294083aa8ab5d2a994001567302786016cb32c?s=96&d=mm&r=g\",\"caption\":\"joaograndao\"}}]}<\/script>\n<!-- \/ Yoast SEO plugin. -->","yoast_head_json":{"title":"A batalha pela vida continua fora dos tribunais: fam\u00edlia pede ajuda para tratamento de Alexandre Borsuk. - R\u00e1dio Life FM","robots":{"index":"index","follow":"follow","max-snippet":"max-snippet:-1","max-image-preview":"max-image-preview:large","max-video-preview":"max-video-preview:-1"},"canonical":"https:\/\/radiolifefm.com.br\/noticias\/a-batalha-pela-vida-continua-fora-dos-tribunais-familia-pede-ajuda-para-tratamento-de-alexandre-borsuk\/","og_locale":"pt_BR","og_type":"article","og_title":"A batalha pela vida continua fora dos tribunais: fam\u00edlia pede ajuda para tratamento de Alexandre Borsuk. - R\u00e1dio Life FM","og_description":"A Justi\u00e7a Federal da 3\u00aa Regi\u00e3o negou o pedido do morador de Adamantina Alexandre Borsuk, que buscava na Justi\u00e7a o fornecimento gratuito de medicamentos de alto custo para o tratamento de melanoma. Os rem\u00e9dios solicitados, Dabrafenibe e Trametinibe, possuem custo anual estimado em mais de R$ 542 mil e n\u00e3o fazem parte da lista de [&hellip;]","og_url":"https:\/\/radiolifefm.com.br\/noticias\/a-batalha-pela-vida-continua-fora-dos-tribunais-familia-pede-ajuda-para-tratamento-de-alexandre-borsuk\/","og_site_name":"R\u00e1dio Life FM","article_publisher":"https:\/\/www.facebook.com\/radiolifefm\/","article_published_time":"2026-03-16T19:24:46+00:00","article_modified_time":"2026-04-29T21:42:45+00:00","og_image":[{"width":1366,"height":768,"url":"https:\/\/radiolifefm.com.br\/noticias\/wp-content\/uploads\/2026\/03\/Capa-Site-2026-03-16T162247.928.jpg","type":"image\/jpeg"}],"author":"joaograndao","twitter_card":"summary_large_image","twitter_misc":{"Escrito por":"joaograndao","Est. tempo de leitura":"2 minutos"},"schema":{"@context":"https:\/\/schema.org","@graph":[{"@type":"Article","@id":"https:\/\/radiolifefm.com.br\/noticias\/a-batalha-pela-vida-continua-fora-dos-tribunais-familia-pede-ajuda-para-tratamento-de-alexandre-borsuk\/#article","isPartOf":{"@id":"https:\/\/radiolifefm.com.br\/noticias\/a-batalha-pela-vida-continua-fora-dos-tribunais-familia-pede-ajuda-para-tratamento-de-alexandre-borsuk\/"},"author":{"name":"joaograndao","@id":"https:\/\/radiolifefm.com.br\/noticias\/#\/schema\/person\/6876e1240feffe6e1b63fd5cb85abf28"},"headline":"A batalha pela vida continua fora dos tribunais: fam\u00edlia pede ajuda para tratamento de Alexandre Borsuk.","datePublished":"2026-03-16T19:24:46+00:00","dateModified":"2026-04-29T21:42:45+00:00","mainEntityOfPage":{"@id":"https:\/\/radiolifefm.com.br\/noticias\/a-batalha-pela-vida-continua-fora-dos-tribunais-familia-pede-ajuda-para-tratamento-de-alexandre-borsuk\/"},"wordCount":230,"publisher":{"@id":"https:\/\/radiolifefm.com.br\/noticias\/#organization"},"image":{"@id":"https:\/\/radiolifefm.com.br\/noticias\/a-batalha-pela-vida-continua-fora-dos-tribunais-familia-pede-ajuda-para-tratamento-de-alexandre-borsuk\/#primaryimage"},"thumbnailUrl":"https:\/\/radiolifefm.com.br\/noticias\/wp-content\/uploads\/2026\/03\/Capa-Site-2026-03-16T162247.928.jpg","articleSection":["Geral"],"inLanguage":"pt-BR"},{"@type":"WebPage","@id":"https:\/\/radiolifefm.com.br\/noticias\/a-batalha-pela-vida-continua-fora-dos-tribunais-familia-pede-ajuda-para-tratamento-de-alexandre-borsuk\/","url":"https:\/\/radiolifefm.com.br\/noticias\/a-batalha-pela-vida-continua-fora-dos-tribunais-familia-pede-ajuda-para-tratamento-de-alexandre-borsuk\/","name":"A batalha pela vida continua fora dos tribunais: fam\u00edlia pede ajuda para tratamento de Alexandre Borsuk. - R\u00e1dio Life FM","isPartOf":{"@id":"https:\/\/radiolifefm.com.br\/noticias\/#website"},"primaryImageOfPage":{"@id":"https:\/\/radiolifefm.com.br\/noticias\/a-batalha-pela-vida-continua-fora-dos-tribunais-familia-pede-ajuda-para-tratamento-de-alexandre-borsuk\/#primaryimage"},"image":{"@id":"https:\/\/radiolifefm.com.br\/noticias\/a-batalha-pela-vida-continua-fora-dos-tribunais-familia-pede-ajuda-para-tratamento-de-alexandre-borsuk\/#primaryimage"},"thumbnailUrl":"https:\/\/radiolifefm.com.br\/noticias\/wp-content\/uploads\/2026\/03\/Capa-Site-2026-03-16T162247.928.jpg","datePublished":"2026-03-16T19:24:46+00:00","dateModified":"2026-04-29T21:42:45+00:00","breadcrumb":{"@id":"https:\/\/radiolifefm.com.br\/noticias\/a-batalha-pela-vida-continua-fora-dos-tribunais-familia-pede-ajuda-para-tratamento-de-alexandre-borsuk\/#breadcrumb"},"inLanguage":"pt-BR","potentialAction":[{"@type":"ReadAction","target":["https:\/\/radiolifefm.com.br\/noticias\/a-batalha-pela-vida-continua-fora-dos-tribunais-familia-pede-ajuda-para-tratamento-de-alexandre-borsuk\/"]}]},{"@type":"ImageObject","inLanguage":"pt-BR","@id":"https:\/\/radiolifefm.com.br\/noticias\/a-batalha-pela-vida-continua-fora-dos-tribunais-familia-pede-ajuda-para-tratamento-de-alexandre-borsuk\/#primaryimage","url":"https:\/\/radiolifefm.com.br\/noticias\/wp-content\/uploads\/2026\/03\/Capa-Site-2026-03-16T162247.928.jpg","contentUrl":"https:\/\/radiolifefm.com.br\/noticias\/wp-content\/uploads\/2026\/03\/Capa-Site-2026-03-16T162247.928.jpg","width":1366,"height":768},{"@type":"BreadcrumbList","@id":"https:\/\/radiolifefm.com.br\/noticias\/a-batalha-pela-vida-continua-fora-dos-tribunais-familia-pede-ajuda-para-tratamento-de-alexandre-borsuk\/#breadcrumb","itemListElement":[{"@type":"ListItem","position":1,"name":"In\u00edcio","item":"https:\/\/radiolifefm.com.br\/noticias\/"},{"@type":"ListItem","position":2,"name":"A batalha pela vida continua fora dos tribunais: fam\u00edlia pede ajuda para tratamento de Alexandre Borsuk."}]},{"@type":"WebSite","@id":"https:\/\/radiolifefm.com.br\/noticias\/#website","url":"https:\/\/radiolifefm.com.br\/noticias\/","name":"R\u00e1dio Life FM","description":"O Portal de Not\u00edcias de Adamantina","publisher":{"@id":"https:\/\/radiolifefm.com.br\/noticias\/#organization"},"alternateName":"Life FM","potentialAction":[{"@type":"SearchAction","target":{"@type":"EntryPoint","urlTemplate":"https:\/\/radiolifefm.com.br\/noticias\/?s={search_term_string}"},"query-input":{"@type":"PropertyValueSpecification","valueRequired":true,"valueName":"search_term_string"}}],"inLanguage":"pt-BR"},{"@type":"Organization","@id":"https:\/\/radiolifefm.com.br\/noticias\/#organization","name":"R\u00e1dio Life FM","alternateName":"Life FM","url":"https:\/\/radiolifefm.com.br\/noticias\/","logo":{"@type":"ImageObject","inLanguage":"pt-BR","@id":"https:\/\/radiolifefm.com.br\/noticias\/#\/schema\/logo\/image\/","url":"https:\/\/static.radiolifefm.com.br\/noticias\/wp-content\/uploads\/2019\/10\/logo-lifefm.png","contentUrl":"https:\/\/static.radiolifefm.com.br\/noticias\/wp-content\/uploads\/2019\/10\/logo-lifefm.png","width":196,"height":47,"caption":"R\u00e1dio Life FM"},"image":{"@id":"https:\/\/radiolifefm.com.br\/noticias\/#\/schema\/logo\/image\/"},"sameAs":["https:\/\/www.facebook.com\/radiolifefm\/","https:\/\/www.instagram.com\/life1079fm\/"]},{"@type":"Person","@id":"https:\/\/radiolifefm.com.br\/noticias\/#\/schema\/person\/6876e1240feffe6e1b63fd5cb85abf28","name":"joaograndao","image":{"@type":"ImageObject","inLanguage":"pt-BR","@id":"https:\/\/secure.gravatar.com\/avatar\/d5b1a3cf357ed9c50404e256a1294083aa8ab5d2a994001567302786016cb32c?s=96&d=mm&r=g","url":"https:\/\/secure.gravatar.com\/avatar\/d5b1a3cf357ed9c50404e256a1294083aa8ab5d2a994001567302786016cb32c?s=96&d=mm&r=g","contentUrl":"https:\/\/secure.gravatar.com\/avatar\/d5b1a3cf357ed9c50404e256a1294083aa8ab5d2a994001567302786016cb32c?s=96&d=mm&r=g","caption":"joaograndao"}}]}},"amp_enabled":true,"_links":{"self":[{"href":"https:\/\/radiolifefm.com.br\/noticias\/wp-json\/wp\/v2\/posts\/117373","targetHints":{"allow":["GET"]}}],"collection":[{"href":"https:\/\/radiolifefm.com.br\/noticias\/wp-json\/wp\/v2\/posts"}],"about":[{"href":"https:\/\/radiolifefm.com.br\/noticias\/wp-json\/wp\/v2\/types\/post"}],"author":[{"embeddable":true,"href":"https:\/\/radiolifefm.com.br\/noticias\/wp-json\/wp\/v2\/users\/8"}],"replies":[{"embeddable":true,"href":"https:\/\/radiolifefm.com.br\/noticias\/wp-json\/wp\/v2\/comments?post=117373"}],"version-history":[{"count":2,"href":"https:\/\/radiolifefm.com.br\/noticias\/wp-json\/wp\/v2\/posts\/117373\/revisions"}],"predecessor-version":[{"id":117381,"href":"https:\/\/radiolifefm.com.br\/noticias\/wp-json\/wp\/v2\/posts\/117373\/revisions\/117381"}],"wp:featuredmedia":[{"embeddable":true,"href":"https:\/\/radiolifefm.com.br\/noticias\/wp-json\/wp\/v2\/media\/117380"}],"wp:attachment":[{"href":"https:\/\/radiolifefm.com.br\/noticias\/wp-json\/wp\/v2\/media?parent=117373"}],"wp:term":[{"taxonomy":"category","embeddable":true,"href":"https:\/\/radiolifefm.com.br\/noticias\/wp-json\/wp\/v2\/categories?post=117373"},{"taxonomy":"post_tag","embeddable":true,"href":"https:\/\/radiolifefm.com.br\/noticias\/wp-json\/wp\/v2\/tags?post=117373"}],"curies":[{"name":"wp","href":"https:\/\/api.w.org\/{rel}","templated":true}]}}