{"id":117355,"date":"2026-03-16T11:52:31","date_gmt":"2026-03-16T14:52:31","guid":{"rendered":"https:\/\/radiolifefm.com.br\/noticias\/?p=117355"},"modified":"2026-04-21T09:17:51","modified_gmt":"2026-04-21T12:17:51","slug":"policia-militar-prende-homem-em-flagrante-por-furto-tentado-em-dracena","status":"publish","type":"post","link":"https:\/\/radiolifefm.com.br\/noticias\/policia-militar-prende-homem-em-flagrante-por-furto-tentado-em-dracena\/","title":{"rendered":"Pol\u00edcia Militar em a\u00e7\u00e3o em toda a regi\u00e3o"},"content":{"rendered":"<div id=\"fb-root\"><\/div>\n<p data-start=\"49\" data-end=\"205\">A atua\u00e7\u00e3o da Pol\u00edcia Militar segue intensa nos munic\u00edpios da regi\u00e3o, com a\u00e7\u00f5es que resultaram em <strong data-start=\"146\" data-end=\"170\">pris\u00f5es e apreens\u00f5es<\/strong> nas cidades de Pacaembu e Dracena.<\/p>\n<p data-start=\"207\" data-end=\"902\">\ud83d\udccd <strong data-start=\"210\" data-end=\"235\">Na cidade de Pacaembu<\/strong>, a Pol\u00edcia Militar <strong data-start=\"255\" data-end=\"307\">capturou um homem por roubo e tentativa de furto<\/strong>. A v\u00edtima relatou que o indiv\u00edduo invadiu sua resid\u00eancia durante a madrugada, armado com uma faca, fazendo amea\u00e7as e exigindo dinheiro. O autor levou <strong data-start=\"458\" data-end=\"488\">R$ 550,00 e alguns cart\u00f5es<\/strong>, al\u00e9m de ter tentado cometer outros crimes contra a v\u00edtima.<br data-start=\"548\" data-end=\"551\" \/>Com o apoio de imagens de seguran\u00e7a da vizinhan\u00e7a, os policiais conseguiram identificar e abordar o suspeito, sendo localizada parte do dinheiro subtra\u00eddo. Ele tamb\u00e9m foi reconhecido como autor de <strong data-start=\"748\" data-end=\"798\">tentativa de furto a um ve\u00edculo na mesma noite<\/strong>. A ocorr\u00eancia foi encaminhada ao <strong data-start=\"832\" data-end=\"866\">Plant\u00e3o Policial de Adamantina<\/strong>, onde o indiv\u00edduo permaneceu preso.<img loading=\"lazy\" decoding=\"async\" class=\"aligncenter size-medium wp-image-117356\" src=\"https:\/\/radiolifefm.com.br\/noticias\/wp-content\/uploads\/2026\/03\/Capa-Site-4-300x169.jpg\" alt=\"\" width=\"300\" height=\"169\" srcset=\"https:\/\/radiolifefm.com.br\/noticias\/wp-content\/uploads\/2026\/03\/Capa-Site-4-300x169.jpg 300w, https:\/\/radiolifefm.com.br\/noticias\/wp-content\/uploads\/2026\/03\/Capa-Site-4-1024x576.jpg 1024w, https:\/\/radiolifefm.com.br\/noticias\/wp-content\/uploads\/2026\/03\/Capa-Site-4-768x432.jpg 768w, https:\/\/radiolifefm.com.br\/noticias\/wp-content\/uploads\/2026\/03\/Capa-Site-4.jpg 1366w\" sizes=\"auto, (max-width: 300px) 100vw, 300px\" \/><\/p>\n<p>\ud83d\udccd <strong data-start=\"907\" data-end=\"931\">Na cidade de Dracena<\/strong>, a Pol\u00edcia Militar <strong data-start=\"951\" data-end=\"1004\">apreendeu um homem em flagrante por furto tentado<\/strong>. Ap\u00f3s solicita\u00e7\u00e3o ao COPOM, os policiais foram informados que um indiv\u00edduo havia entrado na laje de uma constru\u00e7\u00e3o utilizando uma escada e furtado cerca de <strong data-start=\"1161\" data-end=\"1196\">quatro quilos de fios el\u00e9tricos<\/strong>.<br data-start=\"1197\" data-end=\"1200\" \/>Com o apoio de outras equipes, o autor foi localizado e abordado durante a fuga. No terreno ao lado da constru\u00e7\u00e3o, os policiais encontraram <strong data-start=\"1340\" data-end=\"1388\">um balde com uma faca e as fia\u00e7\u00f5es el\u00e9tricas<\/strong>. O suspeito foi conduzido ao <strong data-start=\"1418\" data-end=\"1437\">Plant\u00e3o Central<\/strong>, permanecendo \u00e0 disposi\u00e7\u00e3o da Justi\u00e7a, e os objetos foram devolvidos \u00e0 v\u00edtima.<\/p>\n<div class='flex flex-wrap items-center -mx-1'>\r\n<a class='thumbnail gallery p-1 w-1\/2 md:w-1\/4' href='https:\/\/radiolifefm.com.br\/noticias\/wp-content\/uploads\/2026\/03\/WhatsApp-Image-2026-03-16-at-09.29.06.jpeg'><img class='border border-white' src='https:\/\/radiolifefm.com.br\/noticias\/wp-content\/uploads\/2026\/03\/WhatsApp-Image-2026-03-16-at-09.29.06-200x200.jpeg' alt='WhatsApp Image 2026 03 16 At 09.29.06' \/><\/a><a class='thumbnail gallery p-1 w-1\/2 md:w-1\/4' href='https:\/\/radiolifefm.com.br\/noticias\/wp-content\/uploads\/2026\/03\/WhatsApp-Image-2026-03-16-at-09.28.50.jpeg'><img class='border border-white' src='https:\/\/radiolifefm.com.br\/noticias\/wp-content\/uploads\/2026\/03\/WhatsApp-Image-2026-03-16-at-09.28.50-200x200.jpeg' alt='WhatsApp Image 2026 03 16 At 09.28.50' \/><\/a><\/div>\n<p data-start=\"904\" data-end=\"1516\" data-is-last-node=\"\" data-is-only-node=\"\">\n","protected":false},"excerpt":{"rendered":"<p>A atua\u00e7\u00e3o da Pol\u00edcia Militar segue intensa nos munic\u00edpios da regi\u00e3o, com a\u00e7\u00f5es que resultaram em pris\u00f5es e apreens\u00f5es nas cidades de Pacaembu e Dracena. \ud83d\udccd Na cidade de Pacaembu, a Pol\u00edcia Militar capturou um homem por roubo e tentativa de furto. A v\u00edtima relatou que o indiv\u00edduo invadiu sua resid\u00eancia durante a madrugada, armado [&hellip;]<\/p>\n","protected":false},"author":8,"featured_media":117370,"comment_status":"closed","ping_status":"open","sticky":false,"template":"","format":"standard","meta":{"_acf_changed":false,"_exactmetrics_skip_tracking":false,"_exactmetrics_sitenote_active":false,"_exactmetrics_sitenote_note":"","_exactmetrics_sitenote_category":0,"footnotes":""},"categories":[66],"tags":[],"class_list":["post-117355","post","type-post","status-publish","format-standard","has-post-thumbnail","hentry","category-policia"],"acf":[],"yoast_head":"<!-- This site is optimized with the Yoast SEO plugin v27.2 - https:\/\/yoast.com\/product\/yoast-seo-wordpress\/ -->\n<title>Pol\u00edcia Militar em a\u00e7\u00e3o em toda a regi\u00e3o - R\u00e1dio Life FM<\/title>\n<meta name=\"robots\" content=\"index, follow, max-snippet:-1, max-image-preview:large, max-video-preview:-1\" \/>\n<link rel=\"canonical\" href=\"https:\/\/radiolifefm.com.br\/noticias\/policia-militar-prende-homem-em-flagrante-por-furto-tentado-em-dracena\/\" \/>\n<meta property=\"og:locale\" content=\"pt_BR\" \/>\n<meta property=\"og:type\" content=\"article\" \/>\n<meta property=\"og:title\" content=\"Pol\u00edcia Militar em a\u00e7\u00e3o em toda a regi\u00e3o - R\u00e1dio Life FM\" \/>\n<meta property=\"og:description\" content=\"A atua\u00e7\u00e3o da Pol\u00edcia Militar segue intensa nos munic\u00edpios da regi\u00e3o, com a\u00e7\u00f5es que resultaram em pris\u00f5es e apreens\u00f5es nas cidades de Pacaembu e Dracena. \ud83d\udccd Na cidade de Pacaembu, a Pol\u00edcia Militar capturou um homem por roubo e tentativa de furto. A v\u00edtima relatou que o indiv\u00edduo invadiu sua resid\u00eancia durante a madrugada, armado [&hellip;]\" \/>\n<meta property=\"og:url\" content=\"https:\/\/radiolifefm.com.br\/noticias\/policia-militar-prende-homem-em-flagrante-por-furto-tentado-em-dracena\/\" \/>\n<meta property=\"og:site_name\" content=\"R\u00e1dio Life FM\" \/>\n<meta property=\"article:publisher\" content=\"https:\/\/www.facebook.com\/radiolifefm\/\" \/>\n<meta property=\"article:published_time\" content=\"2026-03-16T14:52:31+00:00\" \/>\n<meta property=\"article:modified_time\" content=\"2026-04-21T12:17:51+00:00\" \/>\n<meta property=\"og:image\" content=\"https:\/\/radiolifefm.com.br\/noticias\/wp-content\/uploads\/2026\/03\/WhatsApp-Image-2026-03-16-at-12.19.37.jpeg\" \/>\n\t<meta property=\"og:image:width\" content=\"1366\" \/>\n\t<meta property=\"og:image:height\" content=\"768\" \/>\n\t<meta property=\"og:image:type\" content=\"image\/jpeg\" \/>\n<meta name=\"author\" content=\"joaograndao\" \/>\n<meta name=\"twitter:card\" content=\"summary_large_image\" \/>\n<meta name=\"twitter:label1\" content=\"Escrito por\" \/>\n\t<meta name=\"twitter:data1\" content=\"joaograndao\" \/>\n\t<meta name=\"twitter:label2\" content=\"Est. tempo de leitura\" \/>\n\t<meta name=\"twitter:data2\" content=\"2 minutos\" \/>\n<script type=\"application\/ld+json\" class=\"yoast-schema-graph\">{\"@context\":\"https:\/\/schema.org\",\"@graph\":[{\"@type\":\"Article\",\"@id\":\"https:\/\/radiolifefm.com.br\/noticias\/policia-militar-prende-homem-em-flagrante-por-furto-tentado-em-dracena\/#article\",\"isPartOf\":{\"@id\":\"https:\/\/radiolifefm.com.br\/noticias\/policia-militar-prende-homem-em-flagrante-por-furto-tentado-em-dracena\/\"},\"author\":{\"name\":\"joaograndao\",\"@id\":\"https:\/\/radiolifefm.com.br\/noticias\/#\/schema\/person\/6876e1240feffe6e1b63fd5cb85abf28\"},\"headline\":\"Pol\u00edcia Militar em a\u00e7\u00e3o em toda a regi\u00e3o\",\"datePublished\":\"2026-03-16T14:52:31+00:00\",\"dateModified\":\"2026-04-21T12:17:51+00:00\",\"mainEntityOfPage\":{\"@id\":\"https:\/\/radiolifefm.com.br\/noticias\/policia-militar-prende-homem-em-flagrante-por-furto-tentado-em-dracena\/\"},\"wordCount\":276,\"publisher\":{\"@id\":\"https:\/\/radiolifefm.com.br\/noticias\/#organization\"},\"image\":{\"@id\":\"https:\/\/radiolifefm.com.br\/noticias\/policia-militar-prende-homem-em-flagrante-por-furto-tentado-em-dracena\/#primaryimage\"},\"thumbnailUrl\":\"https:\/\/radiolifefm.com.br\/noticias\/wp-content\/uploads\/2026\/03\/WhatsApp-Image-2026-03-16-at-12.19.37.jpeg\",\"articleSection\":[\"Pol\u00edcia\"],\"inLanguage\":\"pt-BR\"},{\"@type\":\"WebPage\",\"@id\":\"https:\/\/radiolifefm.com.br\/noticias\/policia-militar-prende-homem-em-flagrante-por-furto-tentado-em-dracena\/\",\"url\":\"https:\/\/radiolifefm.com.br\/noticias\/policia-militar-prende-homem-em-flagrante-por-furto-tentado-em-dracena\/\",\"name\":\"Pol\u00edcia Militar em a\u00e7\u00e3o em toda a regi\u00e3o - R\u00e1dio Life FM\",\"isPartOf\":{\"@id\":\"https:\/\/radiolifefm.com.br\/noticias\/#website\"},\"primaryImageOfPage\":{\"@id\":\"https:\/\/radiolifefm.com.br\/noticias\/policia-militar-prende-homem-em-flagrante-por-furto-tentado-em-dracena\/#primaryimage\"},\"image\":{\"@id\":\"https:\/\/radiolifefm.com.br\/noticias\/policia-militar-prende-homem-em-flagrante-por-furto-tentado-em-dracena\/#primaryimage\"},\"thumbnailUrl\":\"https:\/\/radiolifefm.com.br\/noticias\/wp-content\/uploads\/2026\/03\/WhatsApp-Image-2026-03-16-at-12.19.37.jpeg\",\"datePublished\":\"2026-03-16T14:52:31+00:00\",\"dateModified\":\"2026-04-21T12:17:51+00:00\",\"breadcrumb\":{\"@id\":\"https:\/\/radiolifefm.com.br\/noticias\/policia-militar-prende-homem-em-flagrante-por-furto-tentado-em-dracena\/#breadcrumb\"},\"inLanguage\":\"pt-BR\",\"potentialAction\":[{\"@type\":\"ReadAction\",\"target\":[\"https:\/\/radiolifefm.com.br\/noticias\/policia-militar-prende-homem-em-flagrante-por-furto-tentado-em-dracena\/\"]}]},{\"@type\":\"ImageObject\",\"inLanguage\":\"pt-BR\",\"@id\":\"https:\/\/radiolifefm.com.br\/noticias\/policia-militar-prende-homem-em-flagrante-por-furto-tentado-em-dracena\/#primaryimage\",\"url\":\"https:\/\/radiolifefm.com.br\/noticias\/wp-content\/uploads\/2026\/03\/WhatsApp-Image-2026-03-16-at-12.19.37.jpeg\",\"contentUrl\":\"https:\/\/radiolifefm.com.br\/noticias\/wp-content\/uploads\/2026\/03\/WhatsApp-Image-2026-03-16-at-12.19.37.jpeg\",\"width\":1366,\"height\":768},{\"@type\":\"BreadcrumbList\",\"@id\":\"https:\/\/radiolifefm.com.br\/noticias\/policia-militar-prende-homem-em-flagrante-por-furto-tentado-em-dracena\/#breadcrumb\",\"itemListElement\":[{\"@type\":\"ListItem\",\"position\":1,\"name\":\"In\u00edcio\",\"item\":\"https:\/\/radiolifefm.com.br\/noticias\/\"},{\"@type\":\"ListItem\",\"position\":2,\"name\":\"Pol\u00edcia Militar em a\u00e7\u00e3o em toda a regi\u00e3o\"}]},{\"@type\":\"WebSite\",\"@id\":\"https:\/\/radiolifefm.com.br\/noticias\/#website\",\"url\":\"https:\/\/radiolifefm.com.br\/noticias\/\",\"name\":\"R\u00e1dio Life FM\",\"description\":\"O Portal de Not\u00edcias de Adamantina\",\"publisher\":{\"@id\":\"https:\/\/radiolifefm.com.br\/noticias\/#organization\"},\"alternateName\":\"Life FM\",\"potentialAction\":[{\"@type\":\"SearchAction\",\"target\":{\"@type\":\"EntryPoint\",\"urlTemplate\":\"https:\/\/radiolifefm.com.br\/noticias\/?s={search_term_string}\"},\"query-input\":{\"@type\":\"PropertyValueSpecification\",\"valueRequired\":true,\"valueName\":\"search_term_string\"}}],\"inLanguage\":\"pt-BR\"},{\"@type\":\"Organization\",\"@id\":\"https:\/\/radiolifefm.com.br\/noticias\/#organization\",\"name\":\"R\u00e1dio Life FM\",\"alternateName\":\"Life FM\",\"url\":\"https:\/\/radiolifefm.com.br\/noticias\/\",\"logo\":{\"@type\":\"ImageObject\",\"inLanguage\":\"pt-BR\",\"@id\":\"https:\/\/radiolifefm.com.br\/noticias\/#\/schema\/logo\/image\/\",\"url\":\"https:\/\/static.radiolifefm.com.br\/noticias\/wp-content\/uploads\/2019\/10\/logo-lifefm.png\",\"contentUrl\":\"https:\/\/static.radiolifefm.com.br\/noticias\/wp-content\/uploads\/2019\/10\/logo-lifefm.png\",\"width\":196,\"height\":47,\"caption\":\"R\u00e1dio Life FM\"},\"image\":{\"@id\":\"https:\/\/radiolifefm.com.br\/noticias\/#\/schema\/logo\/image\/\"},\"sameAs\":[\"https:\/\/www.facebook.com\/radiolifefm\/\",\"https:\/\/www.instagram.com\/life1079fm\/\"]},{\"@type\":\"Person\",\"@id\":\"https:\/\/radiolifefm.com.br\/noticias\/#\/schema\/person\/6876e1240feffe6e1b63fd5cb85abf28\",\"name\":\"joaograndao\",\"image\":{\"@type\":\"ImageObject\",\"inLanguage\":\"pt-BR\",\"@id\":\"https:\/\/secure.gravatar.com\/avatar\/d5b1a3cf357ed9c50404e256a1294083aa8ab5d2a994001567302786016cb32c?s=96&d=mm&r=g\",\"url\":\"https:\/\/secure.gravatar.com\/avatar\/d5b1a3cf357ed9c50404e256a1294083aa8ab5d2a994001567302786016cb32c?s=96&d=mm&r=g\",\"contentUrl\":\"https:\/\/secure.gravatar.com\/avatar\/d5b1a3cf357ed9c50404e256a1294083aa8ab5d2a994001567302786016cb32c?s=96&d=mm&r=g\",\"caption\":\"joaograndao\"}}]}<\/script>\n<!-- \/ Yoast SEO plugin. -->","yoast_head_json":{"title":"Pol\u00edcia Militar em a\u00e7\u00e3o em toda a regi\u00e3o - R\u00e1dio Life FM","robots":{"index":"index","follow":"follow","max-snippet":"max-snippet:-1","max-image-preview":"max-image-preview:large","max-video-preview":"max-video-preview:-1"},"canonical":"https:\/\/radiolifefm.com.br\/noticias\/policia-militar-prende-homem-em-flagrante-por-furto-tentado-em-dracena\/","og_locale":"pt_BR","og_type":"article","og_title":"Pol\u00edcia Militar em a\u00e7\u00e3o em toda a regi\u00e3o - R\u00e1dio Life FM","og_description":"A atua\u00e7\u00e3o da Pol\u00edcia Militar segue intensa nos munic\u00edpios da regi\u00e3o, com a\u00e7\u00f5es que resultaram em pris\u00f5es e apreens\u00f5es nas cidades de Pacaembu e Dracena. \ud83d\udccd Na cidade de Pacaembu, a Pol\u00edcia Militar capturou um homem por roubo e tentativa de furto. A v\u00edtima relatou que o indiv\u00edduo invadiu sua resid\u00eancia durante a madrugada, armado [&hellip;]","og_url":"https:\/\/radiolifefm.com.br\/noticias\/policia-militar-prende-homem-em-flagrante-por-furto-tentado-em-dracena\/","og_site_name":"R\u00e1dio Life FM","article_publisher":"https:\/\/www.facebook.com\/radiolifefm\/","article_published_time":"2026-03-16T14:52:31+00:00","article_modified_time":"2026-04-21T12:17:51+00:00","og_image":[{"width":1366,"height":768,"url":"https:\/\/radiolifefm.com.br\/noticias\/wp-content\/uploads\/2026\/03\/WhatsApp-Image-2026-03-16-at-12.19.37.jpeg","type":"image\/jpeg"}],"author":"joaograndao","twitter_card":"summary_large_image","twitter_misc":{"Escrito por":"joaograndao","Est. tempo de leitura":"2 minutos"},"schema":{"@context":"https:\/\/schema.org","@graph":[{"@type":"Article","@id":"https:\/\/radiolifefm.com.br\/noticias\/policia-militar-prende-homem-em-flagrante-por-furto-tentado-em-dracena\/#article","isPartOf":{"@id":"https:\/\/radiolifefm.com.br\/noticias\/policia-militar-prende-homem-em-flagrante-por-furto-tentado-em-dracena\/"},"author":{"name":"joaograndao","@id":"https:\/\/radiolifefm.com.br\/noticias\/#\/schema\/person\/6876e1240feffe6e1b63fd5cb85abf28"},"headline":"Pol\u00edcia Militar em a\u00e7\u00e3o em toda a regi\u00e3o","datePublished":"2026-03-16T14:52:31+00:00","dateModified":"2026-04-21T12:17:51+00:00","mainEntityOfPage":{"@id":"https:\/\/radiolifefm.com.br\/noticias\/policia-militar-prende-homem-em-flagrante-por-furto-tentado-em-dracena\/"},"wordCount":276,"publisher":{"@id":"https:\/\/radiolifefm.com.br\/noticias\/#organization"},"image":{"@id":"https:\/\/radiolifefm.com.br\/noticias\/policia-militar-prende-homem-em-flagrante-por-furto-tentado-em-dracena\/#primaryimage"},"thumbnailUrl":"https:\/\/radiolifefm.com.br\/noticias\/wp-content\/uploads\/2026\/03\/WhatsApp-Image-2026-03-16-at-12.19.37.jpeg","articleSection":["Pol\u00edcia"],"inLanguage":"pt-BR"},{"@type":"WebPage","@id":"https:\/\/radiolifefm.com.br\/noticias\/policia-militar-prende-homem-em-flagrante-por-furto-tentado-em-dracena\/","url":"https:\/\/radiolifefm.com.br\/noticias\/policia-militar-prende-homem-em-flagrante-por-furto-tentado-em-dracena\/","name":"Pol\u00edcia Militar em a\u00e7\u00e3o em toda a regi\u00e3o - R\u00e1dio Life FM","isPartOf":{"@id":"https:\/\/radiolifefm.com.br\/noticias\/#website"},"primaryImageOfPage":{"@id":"https:\/\/radiolifefm.com.br\/noticias\/policia-militar-prende-homem-em-flagrante-por-furto-tentado-em-dracena\/#primaryimage"},"image":{"@id":"https:\/\/radiolifefm.com.br\/noticias\/policia-militar-prende-homem-em-flagrante-por-furto-tentado-em-dracena\/#primaryimage"},"thumbnailUrl":"https:\/\/radiolifefm.com.br\/noticias\/wp-content\/uploads\/2026\/03\/WhatsApp-Image-2026-03-16-at-12.19.37.jpeg","datePublished":"2026-03-16T14:52:31+00:00","dateModified":"2026-04-21T12:17:51+00:00","breadcrumb":{"@id":"https:\/\/radiolifefm.com.br\/noticias\/policia-militar-prende-homem-em-flagrante-por-furto-tentado-em-dracena\/#breadcrumb"},"inLanguage":"pt-BR","potentialAction":[{"@type":"ReadAction","target":["https:\/\/radiolifefm.com.br\/noticias\/policia-militar-prende-homem-em-flagrante-por-furto-tentado-em-dracena\/"]}]},{"@type":"ImageObject","inLanguage":"pt-BR","@id":"https:\/\/radiolifefm.com.br\/noticias\/policia-militar-prende-homem-em-flagrante-por-furto-tentado-em-dracena\/#primaryimage","url":"https:\/\/radiolifefm.com.br\/noticias\/wp-content\/uploads\/2026\/03\/WhatsApp-Image-2026-03-16-at-12.19.37.jpeg","contentUrl":"https:\/\/radiolifefm.com.br\/noticias\/wp-content\/uploads\/2026\/03\/WhatsApp-Image-2026-03-16-at-12.19.37.jpeg","width":1366,"height":768},{"@type":"BreadcrumbList","@id":"https:\/\/radiolifefm.com.br\/noticias\/policia-militar-prende-homem-em-flagrante-por-furto-tentado-em-dracena\/#breadcrumb","itemListElement":[{"@type":"ListItem","position":1,"name":"In\u00edcio","item":"https:\/\/radiolifefm.com.br\/noticias\/"},{"@type":"ListItem","position":2,"name":"Pol\u00edcia Militar em a\u00e7\u00e3o em toda a regi\u00e3o"}]},{"@type":"WebSite","@id":"https:\/\/radiolifefm.com.br\/noticias\/#website","url":"https:\/\/radiolifefm.com.br\/noticias\/","name":"R\u00e1dio Life FM","description":"O Portal de Not\u00edcias de Adamantina","publisher":{"@id":"https:\/\/radiolifefm.com.br\/noticias\/#organization"},"alternateName":"Life FM","potentialAction":[{"@type":"SearchAction","target":{"@type":"EntryPoint","urlTemplate":"https:\/\/radiolifefm.com.br\/noticias\/?s={search_term_string}"},"query-input":{"@type":"PropertyValueSpecification","valueRequired":true,"valueName":"search_term_string"}}],"inLanguage":"pt-BR"},{"@type":"Organization","@id":"https:\/\/radiolifefm.com.br\/noticias\/#organization","name":"R\u00e1dio Life FM","alternateName":"Life FM","url":"https:\/\/radiolifefm.com.br\/noticias\/","logo":{"@type":"ImageObject","inLanguage":"pt-BR","@id":"https:\/\/radiolifefm.com.br\/noticias\/#\/schema\/logo\/image\/","url":"https:\/\/static.radiolifefm.com.br\/noticias\/wp-content\/uploads\/2019\/10\/logo-lifefm.png","contentUrl":"https:\/\/static.radiolifefm.com.br\/noticias\/wp-content\/uploads\/2019\/10\/logo-lifefm.png","width":196,"height":47,"caption":"R\u00e1dio Life FM"},"image":{"@id":"https:\/\/radiolifefm.com.br\/noticias\/#\/schema\/logo\/image\/"},"sameAs":["https:\/\/www.facebook.com\/radiolifefm\/","https:\/\/www.instagram.com\/life1079fm\/"]},{"@type":"Person","@id":"https:\/\/radiolifefm.com.br\/noticias\/#\/schema\/person\/6876e1240feffe6e1b63fd5cb85abf28","name":"joaograndao","image":{"@type":"ImageObject","inLanguage":"pt-BR","@id":"https:\/\/secure.gravatar.com\/avatar\/d5b1a3cf357ed9c50404e256a1294083aa8ab5d2a994001567302786016cb32c?s=96&d=mm&r=g","url":"https:\/\/secure.gravatar.com\/avatar\/d5b1a3cf357ed9c50404e256a1294083aa8ab5d2a994001567302786016cb32c?s=96&d=mm&r=g","contentUrl":"https:\/\/secure.gravatar.com\/avatar\/d5b1a3cf357ed9c50404e256a1294083aa8ab5d2a994001567302786016cb32c?s=96&d=mm&r=g","caption":"joaograndao"}}]}},"amp_enabled":true,"_links":{"self":[{"href":"https:\/\/radiolifefm.com.br\/noticias\/wp-json\/wp\/v2\/posts\/117355","targetHints":{"allow":["GET"]}}],"collection":[{"href":"https:\/\/radiolifefm.com.br\/noticias\/wp-json\/wp\/v2\/posts"}],"about":[{"href":"https:\/\/radiolifefm.com.br\/noticias\/wp-json\/wp\/v2\/types\/post"}],"author":[{"embeddable":true,"href":"https:\/\/radiolifefm.com.br\/noticias\/wp-json\/wp\/v2\/users\/8"}],"replies":[{"embeddable":true,"href":"https:\/\/radiolifefm.com.br\/noticias\/wp-json\/wp\/v2\/comments?post=117355"}],"version-history":[{"count":4,"href":"https:\/\/radiolifefm.com.br\/noticias\/wp-json\/wp\/v2\/posts\/117355\/revisions"}],"predecessor-version":[{"id":117371,"href":"https:\/\/radiolifefm.com.br\/noticias\/wp-json\/wp\/v2\/posts\/117355\/revisions\/117371"}],"wp:featuredmedia":[{"embeddable":true,"href":"https:\/\/radiolifefm.com.br\/noticias\/wp-json\/wp\/v2\/media\/117370"}],"wp:attachment":[{"href":"https:\/\/radiolifefm.com.br\/noticias\/wp-json\/wp\/v2\/media?parent=117355"}],"wp:term":[{"taxonomy":"category","embeddable":true,"href":"https:\/\/radiolifefm.com.br\/noticias\/wp-json\/wp\/v2\/categories?post=117355"},{"taxonomy":"post_tag","embeddable":true,"href":"https:\/\/radiolifefm.com.br\/noticias\/wp-json\/wp\/v2\/tags?post=117355"}],"curies":[{"name":"wp","href":"https:\/\/api.w.org\/{rel}","templated":true}]}}