{"id":117352,"date":"2026-03-16T09:52:47","date_gmt":"2026-03-16T12:52:47","guid":{"rendered":"https:\/\/radiolifefm.com.br\/noticias\/?p=117352"},"modified":"2026-04-30T22:11:39","modified_gmt":"2026-05-01T01:11:39","slug":"livolb-abre-temporada-2026-com-etapa-em-adamantina","status":"publish","type":"post","link":"https:\/\/radiolifefm.com.br\/noticias\/livolb-abre-temporada-2026-com-etapa-em-adamantina\/","title":{"rendered":"LIVOLB abre temporada 2026 com etapa em Adamantina"},"content":{"rendered":"<div id=\"fb-root\"><\/div>\n<p data-start=\"55\" data-end=\"408\">A temporada 2026 da <span class=\"hover:entity-accent entity-underline inline cursor-pointer align-baseline\"><span class=\"whitespace-normal\">LIVOLB (Liga de Voleibol Barros)<\/span><\/span> come\u00e7ou no \u00faltimo fim de semana com uma grande etapa realizada no gin\u00e1sio do Navarro, na cidade de <span class=\"hover:entity-accent entity-underline inline cursor-pointer align-baseline\"><span class=\"whitespace-normal\">Adamantina<\/span><\/span>. A competi\u00e7\u00e3o reuniu equipes de diversas cidades do interior paulista e marcou o in\u00edcio das disputas que devem movimentar o voleibol regional ao longo do ano.<\/p>\n<h3 data-section-id=\"1fnd3tx\" data-start=\"410\" data-end=\"453\">S\u00e1bado teve disputas do Sub-14 feminino<\/h3>\n<p data-start=\"455\" data-end=\"600\">No s\u00e1bado, a quadra recebeu jogos da categoria <strong data-start=\"502\" data-end=\"521\">Sub-14 feminino<\/strong>, reunindo jovens atletas de v\u00e1rias cidades da regi\u00e3o. Participaram equipes de:<\/p>\n<ul data-start=\"602\" data-end=\"937\">\n<li data-section-id=\"1gcjogl\" data-start=\"602\" data-end=\"643\">\n<p data-start=\"604\" data-end=\"643\"><span class=\"hover:entity-accent entity-underline inline cursor-pointer align-baseline\"><span class=\"whitespace-normal\">Adamantina<\/span><\/span><\/p>\n<\/li>\n<li data-section-id=\"cgv1px\" data-start=\"644\" data-end=\"685\">\n<p data-start=\"646\" data-end=\"685\"><span class=\"hover:entity-accent entity-underline inline cursor-pointer align-baseline\"><span class=\"whitespace-normal\">Bastos<\/span><\/span><\/p>\n<\/li>\n<li data-section-id=\"eyrt5h\" data-start=\"686\" data-end=\"727\">\n<p data-start=\"688\" data-end=\"727\"><span class=\"hover:entity-accent entity-underline inline cursor-pointer align-baseline\"><span class=\"whitespace-normal\">Rancharia<\/span><\/span><\/p>\n<\/li>\n<li data-section-id=\"hjs5dh\" data-start=\"728\" data-end=\"769\">\n<p data-start=\"730\" data-end=\"769\"><span class=\"hover:entity-accent entity-underline inline cursor-pointer align-baseline\"><span class=\"whitespace-normal\">Monte Castelo<\/span><\/span><\/p>\n<\/li>\n<li data-section-id=\"pzvh1x\" data-start=\"770\" data-end=\"811\">\n<p data-start=\"772\" data-end=\"811\"><span class=\"hover:entity-accent entity-underline inline cursor-pointer align-baseline\"><span class=\"whitespace-normal\">Junqueir\u00f3polis<\/span><\/span><\/p>\n<\/li>\n<li data-section-id=\"1l5awad\" data-start=\"812\" data-end=\"853\">\n<p data-start=\"814\" data-end=\"853\"><span class=\"hover:entity-accent entity-underline inline cursor-pointer align-baseline\"><span class=\"whitespace-normal\">Rin\u00f3polis<\/span><\/span><\/p>\n<\/li>\n<li data-section-id=\"1upsd79\" data-start=\"854\" data-end=\"895\">\n<p data-start=\"856\" data-end=\"895\"><span class=\"hover:entity-accent entity-underline inline cursor-pointer align-baseline\"><span class=\"whitespace-normal\">Panorama<\/span><\/span><\/p>\n<\/li>\n<li data-section-id=\"1xaspf9\" data-start=\"896\" data-end=\"937\">\n<p data-start=\"898\" data-end=\"937\"><span class=\"hover:entity-accent entity-underline inline cursor-pointer align-baseline\"><span class=\"whitespace-normal\">In\u00fabia Paulista<\/span><\/span><\/p>\n<\/li>\n<\/ul>\n<p data-start=\"939\" data-end=\"1135\">Os confrontos movimentaram o gin\u00e1sio durante todo o dia, com presen\u00e7a de familiares, treinadores e apoiadores das equipes, refor\u00e7ando a import\u00e2ncia do esporte de base na forma\u00e7\u00e3o de novos atletas.<\/p>\n<h3 data-section-id=\"1n72r64\" data-start=\"1137\" data-end=\"1189\">Domingo com Sub-16 e Sub-18 masculino e feminino<\/h3>\n<p data-start=\"1191\" data-end=\"1371\">J\u00e1 no domingo, a programa\u00e7\u00e3o contou com partidas das categorias <strong data-start=\"1255\" data-end=\"1274\">Sub-16 e Sub-18<\/strong>, tanto no masculino quanto no feminino. As disputas reuniram equipes representando cidades como:<\/p>\n<ul data-start=\"1373\" data-end=\"1724\">\n<li data-section-id=\"x79p85\" data-start=\"1373\" data-end=\"1416\">\n<p data-start=\"1375\" data-end=\"1416\"><span class=\"hover:entity-accent entity-underline inline cursor-pointer align-baseline\"><span class=\"whitespace-normal\">Junqueir\u00f3polis<\/span><\/span><\/p>\n<\/li>\n<li data-section-id=\"bgd20l\" data-start=\"1417\" data-end=\"1460\">\n<p data-start=\"1419\" data-end=\"1460\"><span class=\"hover:entity-accent entity-underline inline cursor-pointer align-baseline\"><span class=\"whitespace-normal\">S\u00e3o Jo\u00e3o do Pau d&#8217;Alho<\/span><\/span><\/p>\n<\/li>\n<li data-section-id=\"1y51851\" data-start=\"1461\" data-end=\"1504\">\n<p data-start=\"1463\" data-end=\"1504\"><span class=\"hover:entity-accent entity-underline inline cursor-pointer align-baseline\"><span class=\"whitespace-normal\">Tup\u00e3<\/span><\/span><\/p>\n<\/li>\n<li data-section-id=\"1ce4kxh\" data-start=\"1505\" data-end=\"1548\">\n<p data-start=\"1507\" data-end=\"1548\"><span class=\"hover:entity-accent entity-underline inline cursor-pointer align-baseline\"><span class=\"whitespace-normal\">Dracena<\/span><\/span><\/p>\n<\/li>\n<li data-section-id=\"g165th\" data-start=\"1549\" data-end=\"1592\">\n<p data-start=\"1551\" data-end=\"1592\"><span class=\"hover:entity-accent entity-underline inline cursor-pointer align-baseline\"><span class=\"whitespace-normal\">Adamantina<\/span><\/span><\/p>\n<\/li>\n<li data-section-id=\"1tbdkl1\" data-start=\"1593\" data-end=\"1636\">\n<p data-start=\"1595\" data-end=\"1636\"><span class=\"hover:entity-accent entity-underline inline cursor-pointer align-baseline\"><span class=\"whitespace-normal\">Quat\u00e1<\/span><\/span><\/p>\n<\/li>\n<li data-section-id=\"1gyxoqd\" data-start=\"1637\" data-end=\"1680\">\n<p data-start=\"1639\" data-end=\"1680\"><span class=\"hover:entity-accent entity-underline inline cursor-pointer align-baseline\"><span class=\"whitespace-normal\">Pacaembu<\/span><\/span><\/p>\n<\/li>\n<li data-section-id=\"v811it\" data-start=\"1681\" data-end=\"1724\">\n<p data-start=\"1683\" data-end=\"1724\"><span class=\"hover:entity-accent entity-underline inline cursor-pointer align-baseline\"><span class=\"whitespace-normal\">Luc\u00e9lia<\/span><\/span><\/p>\n<\/li>\n<\/ul>\n<p data-start=\"1726\" data-end=\"1870\">As partidas foram marcadas por jogos equilibrados e alto n\u00edvel t\u00e9cnico, demonstrando o crescimento do voleibol nas categorias de base na regi\u00e3o.<\/p>\n<h3 data-section-id=\"pa8ovw\" data-start=\"1872\" data-end=\"1905\">Incentivo ao esporte regional<\/h3>\n<p data-start=\"1907\" data-end=\"2302\">A <span class=\"hover:entity-accent entity-underline inline cursor-pointer align-baseline\"><span class=\"whitespace-normal\">LIVOLB (Liga de Voleibol Barros)<\/span><\/span> tem se consolidado como uma importante competi\u00e7\u00e3o regional, promovendo o interc\u00e2mbio entre equipes e incentivando a pr\u00e1tica esportiva entre crian\u00e7as e adolescentes. A liga organiza etapas ao longo da temporada em diferentes cidades, reunindo categorias que v\u00e3o do <strong data-start=\"2213\" data-end=\"2233\">Sub-12 ao Sub-18<\/strong>, al\u00e9m da categoria <strong data-start=\"2253\" data-end=\"2262\">Livre<\/strong>, tanto no masculino quanto no feminino.<\/p>\n<p data-start=\"2304\" data-end=\"2506\">Al\u00e9m do aspecto esportivo, as etapas da liga tamb\u00e9m costumam desenvolver <strong data-start=\"2377\" data-end=\"2394\">a\u00e7\u00f5es sociais<\/strong>, como arrecada\u00e7\u00e3o de alimentos para entidades assistenciais, fortalecendo o v\u00ednculo entre esporte e comunidade.<\/p>\n<p data-start=\"2508\" data-end=\"2697\" data-is-last-node=\"\" data-is-only-node=\"\">A expectativa \u00e9 que novas etapas da competi\u00e7\u00e3o aconte\u00e7am nos pr\u00f3ximos meses em outras cidades da regi\u00e3o, mantendo o calend\u00e1rio ativo e estimulando o desenvolvimento do voleibol regional. \ud83c\udfd0<\/p>\n<p>Por Rita Nery<\/p>\n","protected":false},"excerpt":{"rendered":"<p>A temporada 2026 da LIVOLB (Liga de Voleibol Barros) come\u00e7ou no \u00faltimo fim de semana com uma grande etapa realizada no gin\u00e1sio do Navarro, na cidade de Adamantina. A competi\u00e7\u00e3o reuniu equipes de diversas cidades do interior paulista e marcou o in\u00edcio das disputas que devem movimentar o voleibol regional ao longo do ano. S\u00e1bado [&hellip;]<\/p>\n","protected":false},"author":13,"featured_media":117353,"comment_status":"closed","ping_status":"open","sticky":false,"template":"","format":"standard","meta":{"_acf_changed":false,"_exactmetrics_skip_tracking":false,"_exactmetrics_sitenote_active":false,"_exactmetrics_sitenote_note":"","_exactmetrics_sitenote_category":0,"footnotes":""},"categories":[21,56,24],"tags":[],"class_list":["post-117352","post","type-post","status-publish","format-standard","has-post-thumbnail","hentry","category-adamantina","category-esporte","category-regiao"],"acf":[],"yoast_head":"<!-- This site is optimized with the Yoast SEO plugin v27.2 - https:\/\/yoast.com\/product\/yoast-seo-wordpress\/ -->\n<title>LIVOLB abre temporada 2026 com etapa em Adamantina - R\u00e1dio Life FM<\/title>\n<meta name=\"robots\" content=\"index, follow, max-snippet:-1, max-image-preview:large, max-video-preview:-1\" \/>\n<link rel=\"canonical\" href=\"https:\/\/radiolifefm.com.br\/noticias\/livolb-abre-temporada-2026-com-etapa-em-adamantina\/\" \/>\n<meta property=\"og:locale\" content=\"pt_BR\" \/>\n<meta property=\"og:type\" content=\"article\" \/>\n<meta property=\"og:title\" content=\"LIVOLB abre temporada 2026 com etapa em Adamantina - R\u00e1dio Life FM\" \/>\n<meta property=\"og:description\" content=\"A temporada 2026 da LIVOLB (Liga de Voleibol Barros) come\u00e7ou no \u00faltimo fim de semana com uma grande etapa realizada no gin\u00e1sio do Navarro, na cidade de Adamantina. A competi\u00e7\u00e3o reuniu equipes de diversas cidades do interior paulista e marcou o in\u00edcio das disputas que devem movimentar o voleibol regional ao longo do ano. S\u00e1bado [&hellip;]\" \/>\n<meta property=\"og:url\" content=\"https:\/\/radiolifefm.com.br\/noticias\/livolb-abre-temporada-2026-com-etapa-em-adamantina\/\" \/>\n<meta property=\"og:site_name\" content=\"R\u00e1dio Life FM\" \/>\n<meta property=\"article:publisher\" content=\"https:\/\/www.facebook.com\/radiolifefm\/\" \/>\n<meta property=\"article:published_time\" content=\"2026-03-16T12:52:47+00:00\" \/>\n<meta property=\"article:modified_time\" content=\"2026-05-01T01:11:39+00:00\" \/>\n<meta property=\"og:image\" content=\"https:\/\/radiolifefm.com.br\/noticias\/wp-content\/uploads\/2026\/03\/WhatsApp-Image-2026-03-15-at-16.08.34.jpeg\" \/>\n\t<meta property=\"og:image:width\" content=\"1280\" \/>\n\t<meta property=\"og:image:height\" content=\"854\" \/>\n\t<meta property=\"og:image:type\" content=\"image\/jpeg\" \/>\n<meta name=\"author\" content=\"ritanery\" \/>\n<meta name=\"twitter:card\" content=\"summary_large_image\" \/>\n<meta name=\"twitter:label1\" content=\"Escrito por\" \/>\n\t<meta name=\"twitter:data1\" content=\"ritanery\" \/>\n\t<meta name=\"twitter:label2\" content=\"Est. tempo de leitura\" \/>\n\t<meta name=\"twitter:data2\" content=\"2 minutos\" \/>\n<script type=\"application\/ld+json\" class=\"yoast-schema-graph\">{\"@context\":\"https:\/\/schema.org\",\"@graph\":[{\"@type\":\"Article\",\"@id\":\"https:\/\/radiolifefm.com.br\/noticias\/livolb-abre-temporada-2026-com-etapa-em-adamantina\/#article\",\"isPartOf\":{\"@id\":\"https:\/\/radiolifefm.com.br\/noticias\/livolb-abre-temporada-2026-com-etapa-em-adamantina\/\"},\"author\":{\"name\":\"ritanery\",\"@id\":\"https:\/\/radiolifefm.com.br\/noticias\/#\/schema\/person\/6339b9fac59d12b071dec680d7375d87\"},\"headline\":\"LIVOLB abre temporada 2026 com etapa em Adamantina\",\"datePublished\":\"2026-03-16T12:52:47+00:00\",\"dateModified\":\"2026-05-01T01:11:39+00:00\",\"mainEntityOfPage\":{\"@id\":\"https:\/\/radiolifefm.com.br\/noticias\/livolb-abre-temporada-2026-com-etapa-em-adamantina\/\"},\"wordCount\":354,\"publisher\":{\"@id\":\"https:\/\/radiolifefm.com.br\/noticias\/#organization\"},\"image\":{\"@id\":\"https:\/\/radiolifefm.com.br\/noticias\/livolb-abre-temporada-2026-com-etapa-em-adamantina\/#primaryimage\"},\"thumbnailUrl\":\"https:\/\/radiolifefm.com.br\/noticias\/wp-content\/uploads\/2026\/03\/WhatsApp-Image-2026-03-15-at-16.08.34.jpeg\",\"articleSection\":[\"Adamantina\",\"Esporte\",\"Regi\u00e3o\"],\"inLanguage\":\"pt-BR\"},{\"@type\":\"WebPage\",\"@id\":\"https:\/\/radiolifefm.com.br\/noticias\/livolb-abre-temporada-2026-com-etapa-em-adamantina\/\",\"url\":\"https:\/\/radiolifefm.com.br\/noticias\/livolb-abre-temporada-2026-com-etapa-em-adamantina\/\",\"name\":\"LIVOLB abre temporada 2026 com etapa em Adamantina - R\u00e1dio Life FM\",\"isPartOf\":{\"@id\":\"https:\/\/radiolifefm.com.br\/noticias\/#website\"},\"primaryImageOfPage\":{\"@id\":\"https:\/\/radiolifefm.com.br\/noticias\/livolb-abre-temporada-2026-com-etapa-em-adamantina\/#primaryimage\"},\"image\":{\"@id\":\"https:\/\/radiolifefm.com.br\/noticias\/livolb-abre-temporada-2026-com-etapa-em-adamantina\/#primaryimage\"},\"thumbnailUrl\":\"https:\/\/radiolifefm.com.br\/noticias\/wp-content\/uploads\/2026\/03\/WhatsApp-Image-2026-03-15-at-16.08.34.jpeg\",\"datePublished\":\"2026-03-16T12:52:47+00:00\",\"dateModified\":\"2026-05-01T01:11:39+00:00\",\"breadcrumb\":{\"@id\":\"https:\/\/radiolifefm.com.br\/noticias\/livolb-abre-temporada-2026-com-etapa-em-adamantina\/#breadcrumb\"},\"inLanguage\":\"pt-BR\",\"potentialAction\":[{\"@type\":\"ReadAction\",\"target\":[\"https:\/\/radiolifefm.com.br\/noticias\/livolb-abre-temporada-2026-com-etapa-em-adamantina\/\"]}]},{\"@type\":\"ImageObject\",\"inLanguage\":\"pt-BR\",\"@id\":\"https:\/\/radiolifefm.com.br\/noticias\/livolb-abre-temporada-2026-com-etapa-em-adamantina\/#primaryimage\",\"url\":\"https:\/\/radiolifefm.com.br\/noticias\/wp-content\/uploads\/2026\/03\/WhatsApp-Image-2026-03-15-at-16.08.34.jpeg\",\"contentUrl\":\"https:\/\/radiolifefm.com.br\/noticias\/wp-content\/uploads\/2026\/03\/WhatsApp-Image-2026-03-15-at-16.08.34.jpeg\",\"width\":1280,\"height\":854,\"caption\":\"Foto representada pela equipe de Inubia Paulista (Foto: Rita Nery)\"},{\"@type\":\"BreadcrumbList\",\"@id\":\"https:\/\/radiolifefm.com.br\/noticias\/livolb-abre-temporada-2026-com-etapa-em-adamantina\/#breadcrumb\",\"itemListElement\":[{\"@type\":\"ListItem\",\"position\":1,\"name\":\"In\u00edcio\",\"item\":\"https:\/\/radiolifefm.com.br\/noticias\/\"},{\"@type\":\"ListItem\",\"position\":2,\"name\":\"LIVOLB abre temporada 2026 com etapa em Adamantina\"}]},{\"@type\":\"WebSite\",\"@id\":\"https:\/\/radiolifefm.com.br\/noticias\/#website\",\"url\":\"https:\/\/radiolifefm.com.br\/noticias\/\",\"name\":\"R\u00e1dio Life FM\",\"description\":\"O Portal de Not\u00edcias de Adamantina\",\"publisher\":{\"@id\":\"https:\/\/radiolifefm.com.br\/noticias\/#organization\"},\"alternateName\":\"Life FM\",\"potentialAction\":[{\"@type\":\"SearchAction\",\"target\":{\"@type\":\"EntryPoint\",\"urlTemplate\":\"https:\/\/radiolifefm.com.br\/noticias\/?s={search_term_string}\"},\"query-input\":{\"@type\":\"PropertyValueSpecification\",\"valueRequired\":true,\"valueName\":\"search_term_string\"}}],\"inLanguage\":\"pt-BR\"},{\"@type\":\"Organization\",\"@id\":\"https:\/\/radiolifefm.com.br\/noticias\/#organization\",\"name\":\"R\u00e1dio Life FM\",\"alternateName\":\"Life FM\",\"url\":\"https:\/\/radiolifefm.com.br\/noticias\/\",\"logo\":{\"@type\":\"ImageObject\",\"inLanguage\":\"pt-BR\",\"@id\":\"https:\/\/radiolifefm.com.br\/noticias\/#\/schema\/logo\/image\/\",\"url\":\"https:\/\/static.radiolifefm.com.br\/noticias\/wp-content\/uploads\/2019\/10\/logo-lifefm.png\",\"contentUrl\":\"https:\/\/static.radiolifefm.com.br\/noticias\/wp-content\/uploads\/2019\/10\/logo-lifefm.png\",\"width\":196,\"height\":47,\"caption\":\"R\u00e1dio Life FM\"},\"image\":{\"@id\":\"https:\/\/radiolifefm.com.br\/noticias\/#\/schema\/logo\/image\/\"},\"sameAs\":[\"https:\/\/www.facebook.com\/radiolifefm\/\",\"https:\/\/www.instagram.com\/life1079fm\/\"]},{\"@type\":\"Person\",\"@id\":\"https:\/\/radiolifefm.com.br\/noticias\/#\/schema\/person\/6339b9fac59d12b071dec680d7375d87\",\"name\":\"ritanery\",\"image\":{\"@type\":\"ImageObject\",\"inLanguage\":\"pt-BR\",\"@id\":\"https:\/\/secure.gravatar.com\/avatar\/0e37bb19071f47c0b8a23f62a903df117c5a0e75f65a0c2901562f97cd41cf86?s=96&d=mm&r=g\",\"url\":\"https:\/\/secure.gravatar.com\/avatar\/0e37bb19071f47c0b8a23f62a903df117c5a0e75f65a0c2901562f97cd41cf86?s=96&d=mm&r=g\",\"contentUrl\":\"https:\/\/secure.gravatar.com\/avatar\/0e37bb19071f47c0b8a23f62a903df117c5a0e75f65a0c2901562f97cd41cf86?s=96&d=mm&r=g\",\"caption\":\"ritanery\"}}]}<\/script>\n<!-- \/ Yoast SEO plugin. -->","yoast_head_json":{"title":"LIVOLB abre temporada 2026 com etapa em Adamantina - R\u00e1dio Life FM","robots":{"index":"index","follow":"follow","max-snippet":"max-snippet:-1","max-image-preview":"max-image-preview:large","max-video-preview":"max-video-preview:-1"},"canonical":"https:\/\/radiolifefm.com.br\/noticias\/livolb-abre-temporada-2026-com-etapa-em-adamantina\/","og_locale":"pt_BR","og_type":"article","og_title":"LIVOLB abre temporada 2026 com etapa em Adamantina - R\u00e1dio Life FM","og_description":"A temporada 2026 da LIVOLB (Liga de Voleibol Barros) come\u00e7ou no \u00faltimo fim de semana com uma grande etapa realizada no gin\u00e1sio do Navarro, na cidade de Adamantina. A competi\u00e7\u00e3o reuniu equipes de diversas cidades do interior paulista e marcou o in\u00edcio das disputas que devem movimentar o voleibol regional ao longo do ano. S\u00e1bado [&hellip;]","og_url":"https:\/\/radiolifefm.com.br\/noticias\/livolb-abre-temporada-2026-com-etapa-em-adamantina\/","og_site_name":"R\u00e1dio Life FM","article_publisher":"https:\/\/www.facebook.com\/radiolifefm\/","article_published_time":"2026-03-16T12:52:47+00:00","article_modified_time":"2026-05-01T01:11:39+00:00","og_image":[{"width":1280,"height":854,"url":"https:\/\/radiolifefm.com.br\/noticias\/wp-content\/uploads\/2026\/03\/WhatsApp-Image-2026-03-15-at-16.08.34.jpeg","type":"image\/jpeg"}],"author":"ritanery","twitter_card":"summary_large_image","twitter_misc":{"Escrito por":"ritanery","Est. tempo de leitura":"2 minutos"},"schema":{"@context":"https:\/\/schema.org","@graph":[{"@type":"Article","@id":"https:\/\/radiolifefm.com.br\/noticias\/livolb-abre-temporada-2026-com-etapa-em-adamantina\/#article","isPartOf":{"@id":"https:\/\/radiolifefm.com.br\/noticias\/livolb-abre-temporada-2026-com-etapa-em-adamantina\/"},"author":{"name":"ritanery","@id":"https:\/\/radiolifefm.com.br\/noticias\/#\/schema\/person\/6339b9fac59d12b071dec680d7375d87"},"headline":"LIVOLB abre temporada 2026 com etapa em Adamantina","datePublished":"2026-03-16T12:52:47+00:00","dateModified":"2026-05-01T01:11:39+00:00","mainEntityOfPage":{"@id":"https:\/\/radiolifefm.com.br\/noticias\/livolb-abre-temporada-2026-com-etapa-em-adamantina\/"},"wordCount":354,"publisher":{"@id":"https:\/\/radiolifefm.com.br\/noticias\/#organization"},"image":{"@id":"https:\/\/radiolifefm.com.br\/noticias\/livolb-abre-temporada-2026-com-etapa-em-adamantina\/#primaryimage"},"thumbnailUrl":"https:\/\/radiolifefm.com.br\/noticias\/wp-content\/uploads\/2026\/03\/WhatsApp-Image-2026-03-15-at-16.08.34.jpeg","articleSection":["Adamantina","Esporte","Regi\u00e3o"],"inLanguage":"pt-BR"},{"@type":"WebPage","@id":"https:\/\/radiolifefm.com.br\/noticias\/livolb-abre-temporada-2026-com-etapa-em-adamantina\/","url":"https:\/\/radiolifefm.com.br\/noticias\/livolb-abre-temporada-2026-com-etapa-em-adamantina\/","name":"LIVOLB abre temporada 2026 com etapa em Adamantina - R\u00e1dio Life FM","isPartOf":{"@id":"https:\/\/radiolifefm.com.br\/noticias\/#website"},"primaryImageOfPage":{"@id":"https:\/\/radiolifefm.com.br\/noticias\/livolb-abre-temporada-2026-com-etapa-em-adamantina\/#primaryimage"},"image":{"@id":"https:\/\/radiolifefm.com.br\/noticias\/livolb-abre-temporada-2026-com-etapa-em-adamantina\/#primaryimage"},"thumbnailUrl":"https:\/\/radiolifefm.com.br\/noticias\/wp-content\/uploads\/2026\/03\/WhatsApp-Image-2026-03-15-at-16.08.34.jpeg","datePublished":"2026-03-16T12:52:47+00:00","dateModified":"2026-05-01T01:11:39+00:00","breadcrumb":{"@id":"https:\/\/radiolifefm.com.br\/noticias\/livolb-abre-temporada-2026-com-etapa-em-adamantina\/#breadcrumb"},"inLanguage":"pt-BR","potentialAction":[{"@type":"ReadAction","target":["https:\/\/radiolifefm.com.br\/noticias\/livolb-abre-temporada-2026-com-etapa-em-adamantina\/"]}]},{"@type":"ImageObject","inLanguage":"pt-BR","@id":"https:\/\/radiolifefm.com.br\/noticias\/livolb-abre-temporada-2026-com-etapa-em-adamantina\/#primaryimage","url":"https:\/\/radiolifefm.com.br\/noticias\/wp-content\/uploads\/2026\/03\/WhatsApp-Image-2026-03-15-at-16.08.34.jpeg","contentUrl":"https:\/\/radiolifefm.com.br\/noticias\/wp-content\/uploads\/2026\/03\/WhatsApp-Image-2026-03-15-at-16.08.34.jpeg","width":1280,"height":854,"caption":"Foto representada pela equipe de Inubia Paulista (Foto: Rita Nery)"},{"@type":"BreadcrumbList","@id":"https:\/\/radiolifefm.com.br\/noticias\/livolb-abre-temporada-2026-com-etapa-em-adamantina\/#breadcrumb","itemListElement":[{"@type":"ListItem","position":1,"name":"In\u00edcio","item":"https:\/\/radiolifefm.com.br\/noticias\/"},{"@type":"ListItem","position":2,"name":"LIVOLB abre temporada 2026 com etapa em Adamantina"}]},{"@type":"WebSite","@id":"https:\/\/radiolifefm.com.br\/noticias\/#website","url":"https:\/\/radiolifefm.com.br\/noticias\/","name":"R\u00e1dio Life FM","description":"O Portal de Not\u00edcias de Adamantina","publisher":{"@id":"https:\/\/radiolifefm.com.br\/noticias\/#organization"},"alternateName":"Life FM","potentialAction":[{"@type":"SearchAction","target":{"@type":"EntryPoint","urlTemplate":"https:\/\/radiolifefm.com.br\/noticias\/?s={search_term_string}"},"query-input":{"@type":"PropertyValueSpecification","valueRequired":true,"valueName":"search_term_string"}}],"inLanguage":"pt-BR"},{"@type":"Organization","@id":"https:\/\/radiolifefm.com.br\/noticias\/#organization","name":"R\u00e1dio Life FM","alternateName":"Life FM","url":"https:\/\/radiolifefm.com.br\/noticias\/","logo":{"@type":"ImageObject","inLanguage":"pt-BR","@id":"https:\/\/radiolifefm.com.br\/noticias\/#\/schema\/logo\/image\/","url":"https:\/\/static.radiolifefm.com.br\/noticias\/wp-content\/uploads\/2019\/10\/logo-lifefm.png","contentUrl":"https:\/\/static.radiolifefm.com.br\/noticias\/wp-content\/uploads\/2019\/10\/logo-lifefm.png","width":196,"height":47,"caption":"R\u00e1dio Life FM"},"image":{"@id":"https:\/\/radiolifefm.com.br\/noticias\/#\/schema\/logo\/image\/"},"sameAs":["https:\/\/www.facebook.com\/radiolifefm\/","https:\/\/www.instagram.com\/life1079fm\/"]},{"@type":"Person","@id":"https:\/\/radiolifefm.com.br\/noticias\/#\/schema\/person\/6339b9fac59d12b071dec680d7375d87","name":"ritanery","image":{"@type":"ImageObject","inLanguage":"pt-BR","@id":"https:\/\/secure.gravatar.com\/avatar\/0e37bb19071f47c0b8a23f62a903df117c5a0e75f65a0c2901562f97cd41cf86?s=96&d=mm&r=g","url":"https:\/\/secure.gravatar.com\/avatar\/0e37bb19071f47c0b8a23f62a903df117c5a0e75f65a0c2901562f97cd41cf86?s=96&d=mm&r=g","contentUrl":"https:\/\/secure.gravatar.com\/avatar\/0e37bb19071f47c0b8a23f62a903df117c5a0e75f65a0c2901562f97cd41cf86?s=96&d=mm&r=g","caption":"ritanery"}}]}},"amp_enabled":true,"_links":{"self":[{"href":"https:\/\/radiolifefm.com.br\/noticias\/wp-json\/wp\/v2\/posts\/117352","targetHints":{"allow":["GET"]}}],"collection":[{"href":"https:\/\/radiolifefm.com.br\/noticias\/wp-json\/wp\/v2\/posts"}],"about":[{"href":"https:\/\/radiolifefm.com.br\/noticias\/wp-json\/wp\/v2\/types\/post"}],"author":[{"embeddable":true,"href":"https:\/\/radiolifefm.com.br\/noticias\/wp-json\/wp\/v2\/users\/13"}],"replies":[{"embeddable":true,"href":"https:\/\/radiolifefm.com.br\/noticias\/wp-json\/wp\/v2\/comments?post=117352"}],"version-history":[{"count":1,"href":"https:\/\/radiolifefm.com.br\/noticias\/wp-json\/wp\/v2\/posts\/117352\/revisions"}],"predecessor-version":[{"id":117354,"href":"https:\/\/radiolifefm.com.br\/noticias\/wp-json\/wp\/v2\/posts\/117352\/revisions\/117354"}],"wp:featuredmedia":[{"embeddable":true,"href":"https:\/\/radiolifefm.com.br\/noticias\/wp-json\/wp\/v2\/media\/117353"}],"wp:attachment":[{"href":"https:\/\/radiolifefm.com.br\/noticias\/wp-json\/wp\/v2\/media?parent=117352"}],"wp:term":[{"taxonomy":"category","embeddable":true,"href":"https:\/\/radiolifefm.com.br\/noticias\/wp-json\/wp\/v2\/categories?post=117352"},{"taxonomy":"post_tag","embeddable":true,"href":"https:\/\/radiolifefm.com.br\/noticias\/wp-json\/wp\/v2\/tags?post=117352"}],"curies":[{"name":"wp","href":"https:\/\/api.w.org\/{rel}","templated":true}]}}