{"id":117317,"date":"2026-03-13T23:35:59","date_gmt":"2026-03-14T02:35:59","guid":{"rendered":"https:\/\/radiolifefm.com.br\/noticias\/?p=117317"},"modified":"2026-04-28T09:33:44","modified_gmt":"2026-04-28T12:33:44","slug":"programa-zera-fila-na-saude-amplia-atendimentos-em-adamantina-com-centenas-de-exames-e-consultas-realizados-em-8-meses","status":"publish","type":"post","link":"https:\/\/radiolifefm.com.br\/noticias\/programa-zera-fila-na-saude-amplia-atendimentos-em-adamantina-com-centenas-de-exames-e-consultas-realizados-em-8-meses\/","title":{"rendered":"Programa Zera Fila na Sa\u00fade amplia atendimentos em Adamantina com centenas de exames e consultas realizados em 8 meses"},"content":{"rendered":"<div id=\"fb-root\"><\/div>\n<p style=\"font-weight: 400\">A Prefeitura de Adamantina, por meio da Secretaria Municipal de Sa\u00fade, desenvolve o Programa Zera Fila, iniciativa voltada \u00e0 redu\u00e7\u00e3o do tempo de espera por consultas, exames e procedimentos na rede p\u00fablica de sa\u00fade do munic\u00edpio.<\/p>\n<p style=\"font-weight: 400\">O objetivo do programa \u00e9 agilizar o atendimento \u00e0 popula\u00e7\u00e3o, ampliando a oferta de servi\u00e7os e organizando a demanda reprimida existente em algumas especialidades m\u00e9dicas e exames de m\u00e9dia complexidade.<\/p>\n<p style=\"font-weight: 400\">\n<p style=\"font-weight: 400\"><strong><em>Amplia\u00e7\u00e3o de atendimentos<\/em><\/strong><\/p>\n<p style=\"font-weight: 400\">\n<p style=\"font-weight: 400\">Com a implementa\u00e7\u00e3o do programa, a Secretaria de Sa\u00fade tem promovido mutir\u00f5es e amplia\u00e7\u00e3o de agendas, permitindo que mais pacientes sejam atendidos em um per\u00edodo menor. A a\u00e7\u00e3o busca garantir maior rapidez no acesso aos servi\u00e7os e melhorar a qualidade do atendimento prestado aos moradores.<\/p>\n<p style=\"font-weight: 400\">Em oito meses de trabalho, diversos procedimentos tiveram redu\u00e7\u00e3o significativa ou elimina\u00e7\u00e3o da fila de espera. Em julho de 2025, os n\u00fameros registrados eram:<\/p>\n<p style=\"font-weight: 400\">\n<p style=\"font-weight: 400\">. 650 exames de resson\u00e2ncia magn\u00e9tica \u2014 fila zerada em fevereiro de 2026<\/p>\n<p style=\"font-weight: 400\">\n<p style=\"font-weight: 400\">. 534 exames de mamografia \u2014 fila zerada em fevereiro de 2026<\/p>\n<p style=\"font-weight: 400\">\n<p style=\"font-weight: 400\">. 320 exames de tomografia \u2014 fila zerada em fevereiro de 2026<\/p>\n<p style=\"font-weight: 400\">\n<p style=\"font-weight: 400\">. 120 exames de densitometria \u00f3ssea \u2014 fila zerada em fevereiro de 2026<\/p>\n<p style=\"font-weight: 400\">\n<p style=\"font-weight: 400\">. 90 exames de ecocardiograma \u2014 fila zerada em fevereiro de 2026<\/p>\n<p style=\"font-weight: 400\">\n<p style=\"font-weight: 400\">. 380 cirurgias de catarata \u2014 fila zerada em fevereiro de 2026<\/p>\n<p style=\"font-weight: 400\">\n<p style=\"font-weight: 400\"><strong><em>Outros procedimentos tamb\u00e9m tiveram redu\u00e7\u00e3o significativa da demanda:<\/em><\/strong><\/p>\n<p style=\"font-weight: 400\">\n<p style=\"font-weight: 400\">. 450 exames de colonoscopia \u2014 atualmente 190 aguardando<\/p>\n<p style=\"font-weight: 400\">\n<p style=\"font-weight: 400\">. 110 exames de endoscopia \u2014 atualmente 20 aguardando<\/p>\n<p style=\"font-weight: 400\">\n<p style=\"font-weight: 400\">Al\u00e9m disso, os exames de raio-X tamb\u00e9m tiveram a fila zerada. A Secretaria Municipal de Sa\u00fade deve anunciar nos pr\u00f3ximos dias um novo mutir\u00e3o para exames de ultrassonografia.<\/p>\n<p style=\"font-weight: 400\">\n<p style=\"font-weight: 400\"><strong><em>Estrat\u00e9gias do programa<\/em><\/strong><\/p>\n<p style=\"font-weight: 400\">\n<p style=\"font-weight: 400\">Entre as principais a\u00e7\u00f5es adotadas pelo Programa Zera Fila est\u00e3o:<\/p>\n<p style=\"font-weight: 400\">\n<p style=\"font-weight: 400\">&#8211; amplia\u00e7\u00e3o da oferta de consultas especializadas<\/p>\n<p style=\"font-weight: 400\">&#8211; realiza\u00e7\u00e3o de mutir\u00f5es de exames e procedimentos<\/p>\n<p style=\"font-weight: 400\">&#8211; reorganiza\u00e7\u00e3o das filas de espera do sistema de regula\u00e7\u00e3o<\/p>\n<p style=\"font-weight: 400\">&#8211; otimiza\u00e7\u00e3o do agendamento e acompanhamento dos pacientes.<\/p>\n<p style=\"font-weight: 400\"><strong><em>\u00a0<\/em><\/strong><\/p>\n<p style=\"font-weight: 400\"><strong><em>Organiza\u00e7\u00e3o e efici\u00eancia<\/em><\/strong><\/p>\n<p style=\"font-weight: 400\">\n<p style=\"font-weight: 400\">O programa tamb\u00e9m atua na organiza\u00e7\u00e3o e atualiza\u00e7\u00e3o dos cadastros de pacientes, permitindo identificar demandas antigas e priorizar casos que necessitam de atendimento mais r\u00e1pido.<\/p>\n<p style=\"font-weight: 400\">A iniciativa integra as a\u00e7\u00f5es de fortalecimento da rede municipal de sa\u00fade, buscando reduzir filas, melhorar o fluxo de atendimento e garantir mais efici\u00eancia no acesso aos servi\u00e7os p\u00fablicos.<\/p>\n<p style=\"font-weight: 400\">A Prefeitura de Adamantina refor\u00e7a que os moradores devem manter seus dados atualizados nas unidades de sa\u00fade e comparecer \u00e0s consultas e exames agendados ou avisar com anteced\u00eancia em caso de impossibilidade, contribuindo para que outras pessoas possam ser atendidas.<\/p>\n<p style=\"font-weight: 400\">\n<p style=\"font-weight: 400\"><strong><em>Intensifica\u00e7\u00e3o nas consultas<\/em><\/strong><\/p>\n<p style=\"font-weight: 400\">\n<p style=\"font-weight: 400\">Com a inaugura\u00e7\u00e3o do Centro Integrado de Especialidades em Sa\u00fade (CIES), ser\u00e1 poss\u00edvel intensificar o atendimento \u00e0 popula\u00e7\u00e3o, ampliando o n\u00famero de consultas m\u00e9dicas especializadas.<\/p>\n<p style=\"font-weight: 400\">Al\u00e9m das especialidades cl\u00ednicas e cir\u00fargicas j\u00e1 existentes, o conv\u00eanio com a Santa Casa de Miseric\u00f3rdia de Adamantina permitir\u00e1 ampliar significativamente a oferta de atendimento nas \u00e1reas de:<\/p>\n<p style=\"font-weight: 400\">\n<p style=\"font-weight: 400\">Cl\u00ednica M\u00e9dica<\/p>\n<p style=\"font-weight: 400\">Cardiologia<\/p>\n<p style=\"font-weight: 400\">Neurologia<\/p>\n<p style=\"font-weight: 400\">Pneumologia<\/p>\n<p style=\"font-weight: 400\">Endocrinologia<\/p>\n<p style=\"font-weight: 400\">Geriatria<\/p>\n<p style=\"font-weight: 400\">Nefrologia<\/p>\n<p style=\"font-weight: 400\">Cirurgia Vascular<\/p>\n<p style=\"font-weight: 400\">Urologia<\/p>\n<p style=\"font-weight: 400\">Ortopedia<\/p>\n<p style=\"font-weight: 400\">Otorrinolaringologia<\/p>\n<p style=\"font-weight: 400\">Ginecologia<\/p>\n<p style=\"font-weight: 400\">Pediatria<\/p>\n<p style=\"font-weight: 400\">\n<p style=\"font-weight: 400\">Tamb\u00e9m ser\u00e1 implantado o servi\u00e7o de Psicologia Ambulatorial, com oferta mensal de atendimentos.<\/p>\n<p style=\"font-weight: 400\">Entre as metas est\u00e3o reduzir a demanda reprimida por especialidades, ampliar o n\u00famero de consultas mensais, diminuir o tempo de espera dos pacientes, evitar deslocamentos para outros munic\u00edpios e fortalecer a organiza\u00e7\u00e3o da rede municipal de sa\u00fade.<\/p>\n<p>&nbsp;<\/p>\n<div>\n<div><span style=\"font-family: tahoma, sans-serif;font-size: xx-small\"><b>PREFEITURA DO MUNIC\u00cdPIO DE ADAMANTINA<br \/>\n<\/b><\/span><\/div>\n<\/div>\n<div>\n<div><span style=\"font-family: tahoma, sans-serif;font-size: xx-small\"><b>Diretor de Comunica\u00e7\u00e3o<\/b><\/span><\/div>\n<div><b>Caio Vasques<\/b><\/div>\n<div><b>\u00a0<\/b><\/div>\n<div><b>Jornalista\u00a0<\/b><b><\/b><\/div>\n<div><span style=\"font-family: tahoma, sans-serif;font-size: xx-small\"><b>Natacha Dominato\u00a0\u00a0<\/b><\/span><\/div>\n<\/div>\n","protected":false},"excerpt":{"rendered":"<p>A Prefeitura de Adamantina, por meio da Secretaria Municipal de Sa\u00fade, desenvolve o Programa Zera Fila, iniciativa voltada \u00e0 redu\u00e7\u00e3o do tempo de espera por consultas, exames e procedimentos na rede p\u00fablica de sa\u00fade do munic\u00edpio. O objetivo do programa \u00e9 agilizar o atendimento \u00e0 popula\u00e7\u00e3o, ampliando a oferta de servi\u00e7os e organizando a demanda [&hellip;]<\/p>\n","protected":false},"author":13,"featured_media":117318,"comment_status":"closed","ping_status":"open","sticky":false,"template":"","format":"standard","meta":{"_acf_changed":false,"_exactmetrics_skip_tracking":false,"_exactmetrics_sitenote_active":false,"_exactmetrics_sitenote_note":"","_exactmetrics_sitenote_category":0,"footnotes":""},"categories":[21],"tags":[],"class_list":["post-117317","post","type-post","status-publish","format-standard","has-post-thumbnail","hentry","category-adamantina"],"acf":[],"yoast_head":"<!-- This site is optimized with the Yoast SEO plugin v27.2 - https:\/\/yoast.com\/product\/yoast-seo-wordpress\/ -->\n<title>Programa Zera Fila na Sa\u00fade amplia atendimentos em Adamantina com centenas de exames e consultas realizados em 8 meses - R\u00e1dio Life FM<\/title>\n<meta name=\"robots\" content=\"index, follow, max-snippet:-1, max-image-preview:large, max-video-preview:-1\" \/>\n<link rel=\"canonical\" href=\"https:\/\/radiolifefm.com.br\/noticias\/programa-zera-fila-na-saude-amplia-atendimentos-em-adamantina-com-centenas-de-exames-e-consultas-realizados-em-8-meses\/\" \/>\n<meta property=\"og:locale\" content=\"pt_BR\" \/>\n<meta property=\"og:type\" content=\"article\" \/>\n<meta property=\"og:title\" content=\"Programa Zera Fila na Sa\u00fade amplia atendimentos em Adamantina com centenas de exames e consultas realizados em 8 meses - R\u00e1dio Life FM\" \/>\n<meta property=\"og:description\" content=\"A Prefeitura de Adamantina, por meio da Secretaria Municipal de Sa\u00fade, desenvolve o Programa Zera Fila, iniciativa voltada \u00e0 redu\u00e7\u00e3o do tempo de espera por consultas, exames e procedimentos na rede p\u00fablica de sa\u00fade do munic\u00edpio. O objetivo do programa \u00e9 agilizar o atendimento \u00e0 popula\u00e7\u00e3o, ampliando a oferta de servi\u00e7os e organizando a demanda [&hellip;]\" \/>\n<meta property=\"og:url\" content=\"https:\/\/radiolifefm.com.br\/noticias\/programa-zera-fila-na-saude-amplia-atendimentos-em-adamantina-com-centenas-de-exames-e-consultas-realizados-em-8-meses\/\" \/>\n<meta property=\"og:site_name\" content=\"R\u00e1dio Life FM\" \/>\n<meta property=\"article:publisher\" content=\"https:\/\/www.facebook.com\/radiolifefm\/\" \/>\n<meta property=\"article:published_time\" content=\"2026-03-14T02:35:59+00:00\" \/>\n<meta property=\"article:modified_time\" content=\"2026-04-28T12:33:44+00:00\" \/>\n<meta property=\"og:image\" content=\"https:\/\/radiolifefm.com.br\/noticias\/wp-content\/uploads\/2026\/03\/WhatsApp-Image-2026-03-13-at-15.29.29.jpeg\" \/>\n\t<meta property=\"og:image:width\" content=\"1154\" \/>\n\t<meta property=\"og:image:height\" content=\"1111\" \/>\n\t<meta property=\"og:image:type\" content=\"image\/jpeg\" \/>\n<meta name=\"author\" content=\"ritanery\" \/>\n<meta name=\"twitter:card\" content=\"summary_large_image\" \/>\n<meta name=\"twitter:label1\" content=\"Escrito por\" \/>\n\t<meta name=\"twitter:data1\" content=\"ritanery\" \/>\n\t<meta name=\"twitter:label2\" content=\"Est. tempo de leitura\" \/>\n\t<meta name=\"twitter:data2\" content=\"3 minutos\" \/>\n<script type=\"application\/ld+json\" class=\"yoast-schema-graph\">{\"@context\":\"https:\/\/schema.org\",\"@graph\":[{\"@type\":\"Article\",\"@id\":\"https:\/\/radiolifefm.com.br\/noticias\/programa-zera-fila-na-saude-amplia-atendimentos-em-adamantina-com-centenas-de-exames-e-consultas-realizados-em-8-meses\/#article\",\"isPartOf\":{\"@id\":\"https:\/\/radiolifefm.com.br\/noticias\/programa-zera-fila-na-saude-amplia-atendimentos-em-adamantina-com-centenas-de-exames-e-consultas-realizados-em-8-meses\/\"},\"author\":{\"name\":\"ritanery\",\"@id\":\"https:\/\/radiolifefm.com.br\/noticias\/#\/schema\/person\/6339b9fac59d12b071dec680d7375d87\"},\"headline\":\"Programa Zera Fila na Sa\u00fade amplia atendimentos em Adamantina com centenas de exames e consultas realizados em 8 meses\",\"datePublished\":\"2026-03-14T02:35:59+00:00\",\"dateModified\":\"2026-04-28T12:33:44+00:00\",\"mainEntityOfPage\":{\"@id\":\"https:\/\/radiolifefm.com.br\/noticias\/programa-zera-fila-na-saude-amplia-atendimentos-em-adamantina-com-centenas-de-exames-e-consultas-realizados-em-8-meses\/\"},\"wordCount\":601,\"publisher\":{\"@id\":\"https:\/\/radiolifefm.com.br\/noticias\/#organization\"},\"image\":{\"@id\":\"https:\/\/radiolifefm.com.br\/noticias\/programa-zera-fila-na-saude-amplia-atendimentos-em-adamantina-com-centenas-de-exames-e-consultas-realizados-em-8-meses\/#primaryimage\"},\"thumbnailUrl\":\"https:\/\/radiolifefm.com.br\/noticias\/wp-content\/uploads\/2026\/03\/WhatsApp-Image-2026-03-13-at-15.29.29.jpeg\",\"articleSection\":[\"Adamantina\"],\"inLanguage\":\"pt-BR\"},{\"@type\":\"WebPage\",\"@id\":\"https:\/\/radiolifefm.com.br\/noticias\/programa-zera-fila-na-saude-amplia-atendimentos-em-adamantina-com-centenas-de-exames-e-consultas-realizados-em-8-meses\/\",\"url\":\"https:\/\/radiolifefm.com.br\/noticias\/programa-zera-fila-na-saude-amplia-atendimentos-em-adamantina-com-centenas-de-exames-e-consultas-realizados-em-8-meses\/\",\"name\":\"Programa Zera Fila na Sa\u00fade amplia atendimentos em Adamantina com centenas de exames e consultas realizados em 8 meses - R\u00e1dio Life FM\",\"isPartOf\":{\"@id\":\"https:\/\/radiolifefm.com.br\/noticias\/#website\"},\"primaryImageOfPage\":{\"@id\":\"https:\/\/radiolifefm.com.br\/noticias\/programa-zera-fila-na-saude-amplia-atendimentos-em-adamantina-com-centenas-de-exames-e-consultas-realizados-em-8-meses\/#primaryimage\"},\"image\":{\"@id\":\"https:\/\/radiolifefm.com.br\/noticias\/programa-zera-fila-na-saude-amplia-atendimentos-em-adamantina-com-centenas-de-exames-e-consultas-realizados-em-8-meses\/#primaryimage\"},\"thumbnailUrl\":\"https:\/\/radiolifefm.com.br\/noticias\/wp-content\/uploads\/2026\/03\/WhatsApp-Image-2026-03-13-at-15.29.29.jpeg\",\"datePublished\":\"2026-03-14T02:35:59+00:00\",\"dateModified\":\"2026-04-28T12:33:44+00:00\",\"breadcrumb\":{\"@id\":\"https:\/\/radiolifefm.com.br\/noticias\/programa-zera-fila-na-saude-amplia-atendimentos-em-adamantina-com-centenas-de-exames-e-consultas-realizados-em-8-meses\/#breadcrumb\"},\"inLanguage\":\"pt-BR\",\"potentialAction\":[{\"@type\":\"ReadAction\",\"target\":[\"https:\/\/radiolifefm.com.br\/noticias\/programa-zera-fila-na-saude-amplia-atendimentos-em-adamantina-com-centenas-de-exames-e-consultas-realizados-em-8-meses\/\"]}]},{\"@type\":\"ImageObject\",\"inLanguage\":\"pt-BR\",\"@id\":\"https:\/\/radiolifefm.com.br\/noticias\/programa-zera-fila-na-saude-amplia-atendimentos-em-adamantina-com-centenas-de-exames-e-consultas-realizados-em-8-meses\/#primaryimage\",\"url\":\"https:\/\/radiolifefm.com.br\/noticias\/wp-content\/uploads\/2026\/03\/WhatsApp-Image-2026-03-13-at-15.29.29.jpeg\",\"contentUrl\":\"https:\/\/radiolifefm.com.br\/noticias\/wp-content\/uploads\/2026\/03\/WhatsApp-Image-2026-03-13-at-15.29.29.jpeg\",\"width\":1154,\"height\":1111},{\"@type\":\"BreadcrumbList\",\"@id\":\"https:\/\/radiolifefm.com.br\/noticias\/programa-zera-fila-na-saude-amplia-atendimentos-em-adamantina-com-centenas-de-exames-e-consultas-realizados-em-8-meses\/#breadcrumb\",\"itemListElement\":[{\"@type\":\"ListItem\",\"position\":1,\"name\":\"In\u00edcio\",\"item\":\"https:\/\/radiolifefm.com.br\/noticias\/\"},{\"@type\":\"ListItem\",\"position\":2,\"name\":\"Programa Zera Fila na Sa\u00fade amplia atendimentos em Adamantina com centenas de exames e consultas realizados em 8 meses\"}]},{\"@type\":\"WebSite\",\"@id\":\"https:\/\/radiolifefm.com.br\/noticias\/#website\",\"url\":\"https:\/\/radiolifefm.com.br\/noticias\/\",\"name\":\"R\u00e1dio Life FM\",\"description\":\"O Portal de Not\u00edcias de Adamantina\",\"publisher\":{\"@id\":\"https:\/\/radiolifefm.com.br\/noticias\/#organization\"},\"alternateName\":\"Life FM\",\"potentialAction\":[{\"@type\":\"SearchAction\",\"target\":{\"@type\":\"EntryPoint\",\"urlTemplate\":\"https:\/\/radiolifefm.com.br\/noticias\/?s={search_term_string}\"},\"query-input\":{\"@type\":\"PropertyValueSpecification\",\"valueRequired\":true,\"valueName\":\"search_term_string\"}}],\"inLanguage\":\"pt-BR\"},{\"@type\":\"Organization\",\"@id\":\"https:\/\/radiolifefm.com.br\/noticias\/#organization\",\"name\":\"R\u00e1dio Life FM\",\"alternateName\":\"Life FM\",\"url\":\"https:\/\/radiolifefm.com.br\/noticias\/\",\"logo\":{\"@type\":\"ImageObject\",\"inLanguage\":\"pt-BR\",\"@id\":\"https:\/\/radiolifefm.com.br\/noticias\/#\/schema\/logo\/image\/\",\"url\":\"https:\/\/static.radiolifefm.com.br\/noticias\/wp-content\/uploads\/2019\/10\/logo-lifefm.png\",\"contentUrl\":\"https:\/\/static.radiolifefm.com.br\/noticias\/wp-content\/uploads\/2019\/10\/logo-lifefm.png\",\"width\":196,\"height\":47,\"caption\":\"R\u00e1dio Life FM\"},\"image\":{\"@id\":\"https:\/\/radiolifefm.com.br\/noticias\/#\/schema\/logo\/image\/\"},\"sameAs\":[\"https:\/\/www.facebook.com\/radiolifefm\/\",\"https:\/\/www.instagram.com\/life1079fm\/\"]},{\"@type\":\"Person\",\"@id\":\"https:\/\/radiolifefm.com.br\/noticias\/#\/schema\/person\/6339b9fac59d12b071dec680d7375d87\",\"name\":\"ritanery\",\"image\":{\"@type\":\"ImageObject\",\"inLanguage\":\"pt-BR\",\"@id\":\"https:\/\/secure.gravatar.com\/avatar\/0e37bb19071f47c0b8a23f62a903df117c5a0e75f65a0c2901562f97cd41cf86?s=96&d=mm&r=g\",\"url\":\"https:\/\/secure.gravatar.com\/avatar\/0e37bb19071f47c0b8a23f62a903df117c5a0e75f65a0c2901562f97cd41cf86?s=96&d=mm&r=g\",\"contentUrl\":\"https:\/\/secure.gravatar.com\/avatar\/0e37bb19071f47c0b8a23f62a903df117c5a0e75f65a0c2901562f97cd41cf86?s=96&d=mm&r=g\",\"caption\":\"ritanery\"}}]}<\/script>\n<!-- \/ Yoast SEO plugin. -->","yoast_head_json":{"title":"Programa Zera Fila na Sa\u00fade amplia atendimentos em Adamantina com centenas de exames e consultas realizados em 8 meses - R\u00e1dio Life FM","robots":{"index":"index","follow":"follow","max-snippet":"max-snippet:-1","max-image-preview":"max-image-preview:large","max-video-preview":"max-video-preview:-1"},"canonical":"https:\/\/radiolifefm.com.br\/noticias\/programa-zera-fila-na-saude-amplia-atendimentos-em-adamantina-com-centenas-de-exames-e-consultas-realizados-em-8-meses\/","og_locale":"pt_BR","og_type":"article","og_title":"Programa Zera Fila na Sa\u00fade amplia atendimentos em Adamantina com centenas de exames e consultas realizados em 8 meses - R\u00e1dio Life FM","og_description":"A Prefeitura de Adamantina, por meio da Secretaria Municipal de Sa\u00fade, desenvolve o Programa Zera Fila, iniciativa voltada \u00e0 redu\u00e7\u00e3o do tempo de espera por consultas, exames e procedimentos na rede p\u00fablica de sa\u00fade do munic\u00edpio. O objetivo do programa \u00e9 agilizar o atendimento \u00e0 popula\u00e7\u00e3o, ampliando a oferta de servi\u00e7os e organizando a demanda [&hellip;]","og_url":"https:\/\/radiolifefm.com.br\/noticias\/programa-zera-fila-na-saude-amplia-atendimentos-em-adamantina-com-centenas-de-exames-e-consultas-realizados-em-8-meses\/","og_site_name":"R\u00e1dio Life FM","article_publisher":"https:\/\/www.facebook.com\/radiolifefm\/","article_published_time":"2026-03-14T02:35:59+00:00","article_modified_time":"2026-04-28T12:33:44+00:00","og_image":[{"width":1154,"height":1111,"url":"https:\/\/radiolifefm.com.br\/noticias\/wp-content\/uploads\/2026\/03\/WhatsApp-Image-2026-03-13-at-15.29.29.jpeg","type":"image\/jpeg"}],"author":"ritanery","twitter_card":"summary_large_image","twitter_misc":{"Escrito por":"ritanery","Est. tempo de leitura":"3 minutos"},"schema":{"@context":"https:\/\/schema.org","@graph":[{"@type":"Article","@id":"https:\/\/radiolifefm.com.br\/noticias\/programa-zera-fila-na-saude-amplia-atendimentos-em-adamantina-com-centenas-de-exames-e-consultas-realizados-em-8-meses\/#article","isPartOf":{"@id":"https:\/\/radiolifefm.com.br\/noticias\/programa-zera-fila-na-saude-amplia-atendimentos-em-adamantina-com-centenas-de-exames-e-consultas-realizados-em-8-meses\/"},"author":{"name":"ritanery","@id":"https:\/\/radiolifefm.com.br\/noticias\/#\/schema\/person\/6339b9fac59d12b071dec680d7375d87"},"headline":"Programa Zera Fila na Sa\u00fade amplia atendimentos em Adamantina com centenas de exames e consultas realizados em 8 meses","datePublished":"2026-03-14T02:35:59+00:00","dateModified":"2026-04-28T12:33:44+00:00","mainEntityOfPage":{"@id":"https:\/\/radiolifefm.com.br\/noticias\/programa-zera-fila-na-saude-amplia-atendimentos-em-adamantina-com-centenas-de-exames-e-consultas-realizados-em-8-meses\/"},"wordCount":601,"publisher":{"@id":"https:\/\/radiolifefm.com.br\/noticias\/#organization"},"image":{"@id":"https:\/\/radiolifefm.com.br\/noticias\/programa-zera-fila-na-saude-amplia-atendimentos-em-adamantina-com-centenas-de-exames-e-consultas-realizados-em-8-meses\/#primaryimage"},"thumbnailUrl":"https:\/\/radiolifefm.com.br\/noticias\/wp-content\/uploads\/2026\/03\/WhatsApp-Image-2026-03-13-at-15.29.29.jpeg","articleSection":["Adamantina"],"inLanguage":"pt-BR"},{"@type":"WebPage","@id":"https:\/\/radiolifefm.com.br\/noticias\/programa-zera-fila-na-saude-amplia-atendimentos-em-adamantina-com-centenas-de-exames-e-consultas-realizados-em-8-meses\/","url":"https:\/\/radiolifefm.com.br\/noticias\/programa-zera-fila-na-saude-amplia-atendimentos-em-adamantina-com-centenas-de-exames-e-consultas-realizados-em-8-meses\/","name":"Programa Zera Fila na Sa\u00fade amplia atendimentos em Adamantina com centenas de exames e consultas realizados em 8 meses - R\u00e1dio Life FM","isPartOf":{"@id":"https:\/\/radiolifefm.com.br\/noticias\/#website"},"primaryImageOfPage":{"@id":"https:\/\/radiolifefm.com.br\/noticias\/programa-zera-fila-na-saude-amplia-atendimentos-em-adamantina-com-centenas-de-exames-e-consultas-realizados-em-8-meses\/#primaryimage"},"image":{"@id":"https:\/\/radiolifefm.com.br\/noticias\/programa-zera-fila-na-saude-amplia-atendimentos-em-adamantina-com-centenas-de-exames-e-consultas-realizados-em-8-meses\/#primaryimage"},"thumbnailUrl":"https:\/\/radiolifefm.com.br\/noticias\/wp-content\/uploads\/2026\/03\/WhatsApp-Image-2026-03-13-at-15.29.29.jpeg","datePublished":"2026-03-14T02:35:59+00:00","dateModified":"2026-04-28T12:33:44+00:00","breadcrumb":{"@id":"https:\/\/radiolifefm.com.br\/noticias\/programa-zera-fila-na-saude-amplia-atendimentos-em-adamantina-com-centenas-de-exames-e-consultas-realizados-em-8-meses\/#breadcrumb"},"inLanguage":"pt-BR","potentialAction":[{"@type":"ReadAction","target":["https:\/\/radiolifefm.com.br\/noticias\/programa-zera-fila-na-saude-amplia-atendimentos-em-adamantina-com-centenas-de-exames-e-consultas-realizados-em-8-meses\/"]}]},{"@type":"ImageObject","inLanguage":"pt-BR","@id":"https:\/\/radiolifefm.com.br\/noticias\/programa-zera-fila-na-saude-amplia-atendimentos-em-adamantina-com-centenas-de-exames-e-consultas-realizados-em-8-meses\/#primaryimage","url":"https:\/\/radiolifefm.com.br\/noticias\/wp-content\/uploads\/2026\/03\/WhatsApp-Image-2026-03-13-at-15.29.29.jpeg","contentUrl":"https:\/\/radiolifefm.com.br\/noticias\/wp-content\/uploads\/2026\/03\/WhatsApp-Image-2026-03-13-at-15.29.29.jpeg","width":1154,"height":1111},{"@type":"BreadcrumbList","@id":"https:\/\/radiolifefm.com.br\/noticias\/programa-zera-fila-na-saude-amplia-atendimentos-em-adamantina-com-centenas-de-exames-e-consultas-realizados-em-8-meses\/#breadcrumb","itemListElement":[{"@type":"ListItem","position":1,"name":"In\u00edcio","item":"https:\/\/radiolifefm.com.br\/noticias\/"},{"@type":"ListItem","position":2,"name":"Programa Zera Fila na Sa\u00fade amplia atendimentos em Adamantina com centenas de exames e consultas realizados em 8 meses"}]},{"@type":"WebSite","@id":"https:\/\/radiolifefm.com.br\/noticias\/#website","url":"https:\/\/radiolifefm.com.br\/noticias\/","name":"R\u00e1dio Life FM","description":"O Portal de Not\u00edcias de Adamantina","publisher":{"@id":"https:\/\/radiolifefm.com.br\/noticias\/#organization"},"alternateName":"Life FM","potentialAction":[{"@type":"SearchAction","target":{"@type":"EntryPoint","urlTemplate":"https:\/\/radiolifefm.com.br\/noticias\/?s={search_term_string}"},"query-input":{"@type":"PropertyValueSpecification","valueRequired":true,"valueName":"search_term_string"}}],"inLanguage":"pt-BR"},{"@type":"Organization","@id":"https:\/\/radiolifefm.com.br\/noticias\/#organization","name":"R\u00e1dio Life FM","alternateName":"Life FM","url":"https:\/\/radiolifefm.com.br\/noticias\/","logo":{"@type":"ImageObject","inLanguage":"pt-BR","@id":"https:\/\/radiolifefm.com.br\/noticias\/#\/schema\/logo\/image\/","url":"https:\/\/static.radiolifefm.com.br\/noticias\/wp-content\/uploads\/2019\/10\/logo-lifefm.png","contentUrl":"https:\/\/static.radiolifefm.com.br\/noticias\/wp-content\/uploads\/2019\/10\/logo-lifefm.png","width":196,"height":47,"caption":"R\u00e1dio Life FM"},"image":{"@id":"https:\/\/radiolifefm.com.br\/noticias\/#\/schema\/logo\/image\/"},"sameAs":["https:\/\/www.facebook.com\/radiolifefm\/","https:\/\/www.instagram.com\/life1079fm\/"]},{"@type":"Person","@id":"https:\/\/radiolifefm.com.br\/noticias\/#\/schema\/person\/6339b9fac59d12b071dec680d7375d87","name":"ritanery","image":{"@type":"ImageObject","inLanguage":"pt-BR","@id":"https:\/\/secure.gravatar.com\/avatar\/0e37bb19071f47c0b8a23f62a903df117c5a0e75f65a0c2901562f97cd41cf86?s=96&d=mm&r=g","url":"https:\/\/secure.gravatar.com\/avatar\/0e37bb19071f47c0b8a23f62a903df117c5a0e75f65a0c2901562f97cd41cf86?s=96&d=mm&r=g","contentUrl":"https:\/\/secure.gravatar.com\/avatar\/0e37bb19071f47c0b8a23f62a903df117c5a0e75f65a0c2901562f97cd41cf86?s=96&d=mm&r=g","caption":"ritanery"}}]}},"amp_enabled":true,"_links":{"self":[{"href":"https:\/\/radiolifefm.com.br\/noticias\/wp-json\/wp\/v2\/posts\/117317","targetHints":{"allow":["GET"]}}],"collection":[{"href":"https:\/\/radiolifefm.com.br\/noticias\/wp-json\/wp\/v2\/posts"}],"about":[{"href":"https:\/\/radiolifefm.com.br\/noticias\/wp-json\/wp\/v2\/types\/post"}],"author":[{"embeddable":true,"href":"https:\/\/radiolifefm.com.br\/noticias\/wp-json\/wp\/v2\/users\/13"}],"replies":[{"embeddable":true,"href":"https:\/\/radiolifefm.com.br\/noticias\/wp-json\/wp\/v2\/comments?post=117317"}],"version-history":[{"count":4,"href":"https:\/\/radiolifefm.com.br\/noticias\/wp-json\/wp\/v2\/posts\/117317\/revisions"}],"predecessor-version":[{"id":117322,"href":"https:\/\/radiolifefm.com.br\/noticias\/wp-json\/wp\/v2\/posts\/117317\/revisions\/117322"}],"wp:featuredmedia":[{"embeddable":true,"href":"https:\/\/radiolifefm.com.br\/noticias\/wp-json\/wp\/v2\/media\/117318"}],"wp:attachment":[{"href":"https:\/\/radiolifefm.com.br\/noticias\/wp-json\/wp\/v2\/media?parent=117317"}],"wp:term":[{"taxonomy":"category","embeddable":true,"href":"https:\/\/radiolifefm.com.br\/noticias\/wp-json\/wp\/v2\/categories?post=117317"},{"taxonomy":"post_tag","embeddable":true,"href":"https:\/\/radiolifefm.com.br\/noticias\/wp-json\/wp\/v2\/tags?post=117317"}],"curies":[{"name":"wp","href":"https:\/\/api.w.org\/{rel}","templated":true}]}}