{"id":117314,"date":"2026-03-13T23:34:30","date_gmt":"2026-03-14T02:34:30","guid":{"rendered":"https:\/\/radiolifefm.com.br\/noticias\/?p=117314"},"modified":"2026-04-26T18:17:28","modified_gmt":"2026-04-26T21:17:28","slug":"problema-telefone-saude","status":"publish","type":"post","link":"https:\/\/radiolifefm.com.br\/noticias\/problema-telefone-saude\/","title":{"rendered":"Problema telefone sa\u00fade"},"content":{"rendered":"<div id=\"fb-root\"><\/div>\n<p>A Prefeitura de Adamantina informa que os telefones de diversos \u00f3rg\u00e3os municipais, assim como de estabelecimentos comerciais da cidade, continuam apresentando dificuldades tempor\u00e1rias de funcionamento em raz\u00e3o de uma interven\u00e7\u00e3o t\u00e9cnica realizada pela concession\u00e1ria respons\u00e1vel pela rede de telefonia no munic\u00edpio.<\/p>\n<p>De acordo com a empresa, est\u00e3o sendo executados ajustes t\u00e9cnicos no sistema, incluindo a migra\u00e7\u00e3o da estrutura de rede para tecnologia de fibra \u00f3ptica e altera\u00e7\u00f5es no sistema operacional de atendimento. As melhorias fazem parte de um processo de moderniza\u00e7\u00e3o da infraestrutura de telecomunica\u00e7\u00f5es, com o objetivo de ampliar a qualidade e a estabilidade dos servi\u00e7os.<\/p>\n<p>&nbsp;<\/p>\n<p><strong><em>Atendimento na \u00e1rea da Sa\u00fade<\/em><\/strong><\/p>\n<p>&nbsp;<\/p>\n<p>A Secretaria Municipal de Sa\u00fade orienta que moradores que precisarem agendar, desmarcar consultas ou exames utilizem os n\u00fameros abaixo exclusivamente por mensagem de texto, pois essas linhas n\u00e3o est\u00e3o recebendo liga\u00e7\u00f5es no momento:<\/p>\n<p>&nbsp;<\/p>\n<p><strong>(18) 99142-0644 \u2014 apenas mensagem de texto<\/strong><\/p>\n<p><strong>\u00a0(18) 99145-5618 \u2014 apenas mensagem de texto<\/strong><\/p>\n<p><strong>\u00a0(18) 99117-1681 \u2014 apenas mensagem de texto<\/strong><\/p>\n<p>&nbsp;<\/p>\n<p>J\u00e1 o telefone\u00a0<strong>(18) 3502-3130\u00a0<em>est\u00e1 atendendo normalmente chamadas telef\u00f4nicas.<\/em><\/strong><\/p>\n<p>&nbsp;<\/p>\n<p><strong><em>Atendimento de urg\u00eancia<\/em><\/strong><\/p>\n<p>&nbsp;<\/p>\n<p>Devido aos trabalhos na rede, o telefone 192, utilizado para atendimentos de urg\u00eancia na \u00e1rea da sa\u00fade, encontra-se temporariamente fora de funcionamento, pois a linha n\u00e3o est\u00e1 recebendo chamadas durante o per\u00edodo de adequa\u00e7\u00e3o t\u00e9cnica.<\/p>\n<p>&nbsp;<\/p>\n<p>Enquanto o servi\u00e7o n\u00e3o \u00e9 restabelecido, a orienta\u00e7\u00e3o \u00e0 popula\u00e7\u00e3o \u00e9 que, em caso de urg\u00eancia, utilize provisoriamente o n\u00famero:<\/p>\n<p>&nbsp;<\/p>\n<p><strong>\u00a0(18) 99701-0658<\/strong><\/p>\n<p>&nbsp;<\/p>\n<p>A concession\u00e1ria respons\u00e1vel j\u00e1 foi acionada e informou que os servi\u00e7os est\u00e3o em andamento, com previs\u00e3o de normaliza\u00e7\u00e3o em breve.<\/p>\n<p>&nbsp;<\/p>\n<p><strong><em>Aviso importante sobre consultas e exames<\/em><\/strong><\/p>\n<p>&nbsp;<\/p>\n<p>A Secretaria Municipal de Sa\u00fade tamb\u00e9m solicita a colabora\u00e7\u00e3o da popula\u00e7\u00e3o para que, caso n\u00e3o possa comparecer a consultas ou exames agendados, o morador avise com anteced\u00eancia utilizando os n\u00fameros informados.<\/p>\n<p>&nbsp;<\/p>\n<p>A medida \u00e9 importante para que a vaga possa ser destinada a outro paciente, evitando preju\u00edzos no atendimento e garantindo melhor organiza\u00e7\u00e3o dos servi\u00e7os de sa\u00fade.<\/p>\n<p>&nbsp;<\/p>\n<p>A Prefeitura de Adamantina agradece a compreens\u00e3o da popula\u00e7\u00e3o e refor\u00e7a que a situa\u00e7\u00e3o decorre das interven\u00e7\u00f5es t\u00e9cnicas realizadas pela concession\u00e1ria de telefonia, que visam modernizar e melhorar a qualidade do sistema de comunica\u00e7\u00e3o no munic\u00edpio.<\/p>\n<p>&#8212;<\/p>\n<p><strong>PREFEITURA DO MUNIC\u00cdPIO DE ADAMANTINA<br \/>\n<\/strong><\/p>\n<p><strong>Diretor de Comunica\u00e7\u00e3o<\/strong><\/p>\n<p><strong>Caio Vasques<\/strong><\/p>\n<p><strong>Jornalista\u00a0<\/strong><\/p>\n<p><strong>Natacha Dominato\u00a0\u00a0<\/strong><\/p>\n","protected":false},"excerpt":{"rendered":"<p>A Prefeitura de Adamantina informa que os telefones de diversos \u00f3rg\u00e3os municipais, assim como de estabelecimentos comerciais da cidade, continuam apresentando dificuldades tempor\u00e1rias de funcionamento em raz\u00e3o de uma interven\u00e7\u00e3o t\u00e9cnica realizada pela concession\u00e1ria respons\u00e1vel pela rede de telefonia no munic\u00edpio. De acordo com a empresa, est\u00e3o sendo executados ajustes t\u00e9cnicos no sistema, incluindo a [&hellip;]<\/p>\n","protected":false},"author":13,"featured_media":117315,"comment_status":"closed","ping_status":"open","sticky":false,"template":"","format":"standard","meta":{"_acf_changed":false,"_exactmetrics_skip_tracking":false,"_exactmetrics_sitenote_active":false,"_exactmetrics_sitenote_note":"","_exactmetrics_sitenote_category":0,"footnotes":""},"categories":[21,35],"tags":[],"class_list":["post-117314","post","type-post","status-publish","format-standard","has-post-thumbnail","hentry","category-adamantina","category-saude"],"acf":[],"yoast_head":"<!-- This site is optimized with the Yoast SEO plugin v27.2 - https:\/\/yoast.com\/product\/yoast-seo-wordpress\/ -->\n<title>Problema telefone sa\u00fade - R\u00e1dio Life FM<\/title>\n<meta name=\"robots\" content=\"index, follow, max-snippet:-1, max-image-preview:large, max-video-preview:-1\" \/>\n<link rel=\"canonical\" href=\"https:\/\/radiolifefm.com.br\/noticias\/problema-telefone-saude\/\" \/>\n<meta property=\"og:locale\" content=\"pt_BR\" \/>\n<meta property=\"og:type\" content=\"article\" \/>\n<meta property=\"og:title\" content=\"Problema telefone sa\u00fade - R\u00e1dio Life FM\" \/>\n<meta property=\"og:description\" content=\"A Prefeitura de Adamantina informa que os telefones de diversos \u00f3rg\u00e3os municipais, assim como de estabelecimentos comerciais da cidade, continuam apresentando dificuldades tempor\u00e1rias de funcionamento em raz\u00e3o de uma interven\u00e7\u00e3o t\u00e9cnica realizada pela concession\u00e1ria respons\u00e1vel pela rede de telefonia no munic\u00edpio. De acordo com a empresa, est\u00e3o sendo executados ajustes t\u00e9cnicos no sistema, incluindo a [&hellip;]\" \/>\n<meta property=\"og:url\" content=\"https:\/\/radiolifefm.com.br\/noticias\/problema-telefone-saude\/\" \/>\n<meta property=\"og:site_name\" content=\"R\u00e1dio Life FM\" \/>\n<meta property=\"article:publisher\" content=\"https:\/\/www.facebook.com\/radiolifefm\/\" \/>\n<meta property=\"article:published_time\" content=\"2026-03-14T02:34:30+00:00\" \/>\n<meta property=\"article:modified_time\" content=\"2026-04-26T21:17:28+00:00\" \/>\n<meta property=\"og:image\" content=\"https:\/\/radiolifefm.com.br\/noticias\/wp-content\/uploads\/2026\/03\/WhatsApp-Image-2026-03-09-at-15.55.23.jpeg\" \/>\n\t<meta property=\"og:image:width\" content=\"853\" \/>\n\t<meta property=\"og:image:height\" content=\"1280\" \/>\n\t<meta property=\"og:image:type\" content=\"image\/jpeg\" \/>\n<meta name=\"author\" content=\"ritanery\" \/>\n<meta name=\"twitter:card\" content=\"summary_large_image\" \/>\n<meta name=\"twitter:label1\" content=\"Escrito por\" \/>\n\t<meta name=\"twitter:data1\" content=\"ritanery\" \/>\n\t<meta name=\"twitter:label2\" content=\"Est. tempo de leitura\" \/>\n\t<meta name=\"twitter:data2\" content=\"2 minutos\" \/>\n<script type=\"application\/ld+json\" class=\"yoast-schema-graph\">{\"@context\":\"https:\/\/schema.org\",\"@graph\":[{\"@type\":\"Article\",\"@id\":\"https:\/\/radiolifefm.com.br\/noticias\/problema-telefone-saude\/#article\",\"isPartOf\":{\"@id\":\"https:\/\/radiolifefm.com.br\/noticias\/problema-telefone-saude\/\"},\"author\":{\"name\":\"ritanery\",\"@id\":\"https:\/\/radiolifefm.com.br\/noticias\/#\/schema\/person\/6339b9fac59d12b071dec680d7375d87\"},\"headline\":\"Problema telefone sa\u00fade\",\"datePublished\":\"2026-03-14T02:34:30+00:00\",\"dateModified\":\"2026-04-26T21:17:28+00:00\",\"mainEntityOfPage\":{\"@id\":\"https:\/\/radiolifefm.com.br\/noticias\/problema-telefone-saude\/\"},\"wordCount\":426,\"publisher\":{\"@id\":\"https:\/\/radiolifefm.com.br\/noticias\/#organization\"},\"image\":{\"@id\":\"https:\/\/radiolifefm.com.br\/noticias\/problema-telefone-saude\/#primaryimage\"},\"thumbnailUrl\":\"https:\/\/radiolifefm.com.br\/noticias\/wp-content\/uploads\/2026\/03\/WhatsApp-Image-2026-03-09-at-15.55.23.jpeg\",\"articleSection\":[\"Adamantina\",\"Sa\u00fade\"],\"inLanguage\":\"pt-BR\"},{\"@type\":\"WebPage\",\"@id\":\"https:\/\/radiolifefm.com.br\/noticias\/problema-telefone-saude\/\",\"url\":\"https:\/\/radiolifefm.com.br\/noticias\/problema-telefone-saude\/\",\"name\":\"Problema telefone sa\u00fade - R\u00e1dio Life FM\",\"isPartOf\":{\"@id\":\"https:\/\/radiolifefm.com.br\/noticias\/#website\"},\"primaryImageOfPage\":{\"@id\":\"https:\/\/radiolifefm.com.br\/noticias\/problema-telefone-saude\/#primaryimage\"},\"image\":{\"@id\":\"https:\/\/radiolifefm.com.br\/noticias\/problema-telefone-saude\/#primaryimage\"},\"thumbnailUrl\":\"https:\/\/radiolifefm.com.br\/noticias\/wp-content\/uploads\/2026\/03\/WhatsApp-Image-2026-03-09-at-15.55.23.jpeg\",\"datePublished\":\"2026-03-14T02:34:30+00:00\",\"dateModified\":\"2026-04-26T21:17:28+00:00\",\"breadcrumb\":{\"@id\":\"https:\/\/radiolifefm.com.br\/noticias\/problema-telefone-saude\/#breadcrumb\"},\"inLanguage\":\"pt-BR\",\"potentialAction\":[{\"@type\":\"ReadAction\",\"target\":[\"https:\/\/radiolifefm.com.br\/noticias\/problema-telefone-saude\/\"]}]},{\"@type\":\"ImageObject\",\"inLanguage\":\"pt-BR\",\"@id\":\"https:\/\/radiolifefm.com.br\/noticias\/problema-telefone-saude\/#primaryimage\",\"url\":\"https:\/\/radiolifefm.com.br\/noticias\/wp-content\/uploads\/2026\/03\/WhatsApp-Image-2026-03-09-at-15.55.23.jpeg\",\"contentUrl\":\"https:\/\/radiolifefm.com.br\/noticias\/wp-content\/uploads\/2026\/03\/WhatsApp-Image-2026-03-09-at-15.55.23.jpeg\",\"width\":853,\"height\":1280,\"caption\":\"Ajustes na rede continuam afetando linhas telef\u00f4nicas em Adamantina\"},{\"@type\":\"BreadcrumbList\",\"@id\":\"https:\/\/radiolifefm.com.br\/noticias\/problema-telefone-saude\/#breadcrumb\",\"itemListElement\":[{\"@type\":\"ListItem\",\"position\":1,\"name\":\"In\u00edcio\",\"item\":\"https:\/\/radiolifefm.com.br\/noticias\/\"},{\"@type\":\"ListItem\",\"position\":2,\"name\":\"Problema telefone sa\u00fade\"}]},{\"@type\":\"WebSite\",\"@id\":\"https:\/\/radiolifefm.com.br\/noticias\/#website\",\"url\":\"https:\/\/radiolifefm.com.br\/noticias\/\",\"name\":\"R\u00e1dio Life FM\",\"description\":\"O Portal de Not\u00edcias de Adamantina\",\"publisher\":{\"@id\":\"https:\/\/radiolifefm.com.br\/noticias\/#organization\"},\"alternateName\":\"Life FM\",\"potentialAction\":[{\"@type\":\"SearchAction\",\"target\":{\"@type\":\"EntryPoint\",\"urlTemplate\":\"https:\/\/radiolifefm.com.br\/noticias\/?s={search_term_string}\"},\"query-input\":{\"@type\":\"PropertyValueSpecification\",\"valueRequired\":true,\"valueName\":\"search_term_string\"}}],\"inLanguage\":\"pt-BR\"},{\"@type\":\"Organization\",\"@id\":\"https:\/\/radiolifefm.com.br\/noticias\/#organization\",\"name\":\"R\u00e1dio Life FM\",\"alternateName\":\"Life FM\",\"url\":\"https:\/\/radiolifefm.com.br\/noticias\/\",\"logo\":{\"@type\":\"ImageObject\",\"inLanguage\":\"pt-BR\",\"@id\":\"https:\/\/radiolifefm.com.br\/noticias\/#\/schema\/logo\/image\/\",\"url\":\"https:\/\/static.radiolifefm.com.br\/noticias\/wp-content\/uploads\/2019\/10\/logo-lifefm.png\",\"contentUrl\":\"https:\/\/static.radiolifefm.com.br\/noticias\/wp-content\/uploads\/2019\/10\/logo-lifefm.png\",\"width\":196,\"height\":47,\"caption\":\"R\u00e1dio Life FM\"},\"image\":{\"@id\":\"https:\/\/radiolifefm.com.br\/noticias\/#\/schema\/logo\/image\/\"},\"sameAs\":[\"https:\/\/www.facebook.com\/radiolifefm\/\",\"https:\/\/www.instagram.com\/life1079fm\/\"]},{\"@type\":\"Person\",\"@id\":\"https:\/\/radiolifefm.com.br\/noticias\/#\/schema\/person\/6339b9fac59d12b071dec680d7375d87\",\"name\":\"ritanery\",\"image\":{\"@type\":\"ImageObject\",\"inLanguage\":\"pt-BR\",\"@id\":\"https:\/\/secure.gravatar.com\/avatar\/0e37bb19071f47c0b8a23f62a903df117c5a0e75f65a0c2901562f97cd41cf86?s=96&d=mm&r=g\",\"url\":\"https:\/\/secure.gravatar.com\/avatar\/0e37bb19071f47c0b8a23f62a903df117c5a0e75f65a0c2901562f97cd41cf86?s=96&d=mm&r=g\",\"contentUrl\":\"https:\/\/secure.gravatar.com\/avatar\/0e37bb19071f47c0b8a23f62a903df117c5a0e75f65a0c2901562f97cd41cf86?s=96&d=mm&r=g\",\"caption\":\"ritanery\"}}]}<\/script>\n<!-- \/ Yoast SEO plugin. -->","yoast_head_json":{"title":"Problema telefone sa\u00fade - R\u00e1dio Life FM","robots":{"index":"index","follow":"follow","max-snippet":"max-snippet:-1","max-image-preview":"max-image-preview:large","max-video-preview":"max-video-preview:-1"},"canonical":"https:\/\/radiolifefm.com.br\/noticias\/problema-telefone-saude\/","og_locale":"pt_BR","og_type":"article","og_title":"Problema telefone sa\u00fade - R\u00e1dio Life FM","og_description":"A Prefeitura de Adamantina informa que os telefones de diversos \u00f3rg\u00e3os municipais, assim como de estabelecimentos comerciais da cidade, continuam apresentando dificuldades tempor\u00e1rias de funcionamento em raz\u00e3o de uma interven\u00e7\u00e3o t\u00e9cnica realizada pela concession\u00e1ria respons\u00e1vel pela rede de telefonia no munic\u00edpio. De acordo com a empresa, est\u00e3o sendo executados ajustes t\u00e9cnicos no sistema, incluindo a [&hellip;]","og_url":"https:\/\/radiolifefm.com.br\/noticias\/problema-telefone-saude\/","og_site_name":"R\u00e1dio Life FM","article_publisher":"https:\/\/www.facebook.com\/radiolifefm\/","article_published_time":"2026-03-14T02:34:30+00:00","article_modified_time":"2026-04-26T21:17:28+00:00","og_image":[{"width":853,"height":1280,"url":"https:\/\/radiolifefm.com.br\/noticias\/wp-content\/uploads\/2026\/03\/WhatsApp-Image-2026-03-09-at-15.55.23.jpeg","type":"image\/jpeg"}],"author":"ritanery","twitter_card":"summary_large_image","twitter_misc":{"Escrito por":"ritanery","Est. tempo de leitura":"2 minutos"},"schema":{"@context":"https:\/\/schema.org","@graph":[{"@type":"Article","@id":"https:\/\/radiolifefm.com.br\/noticias\/problema-telefone-saude\/#article","isPartOf":{"@id":"https:\/\/radiolifefm.com.br\/noticias\/problema-telefone-saude\/"},"author":{"name":"ritanery","@id":"https:\/\/radiolifefm.com.br\/noticias\/#\/schema\/person\/6339b9fac59d12b071dec680d7375d87"},"headline":"Problema telefone sa\u00fade","datePublished":"2026-03-14T02:34:30+00:00","dateModified":"2026-04-26T21:17:28+00:00","mainEntityOfPage":{"@id":"https:\/\/radiolifefm.com.br\/noticias\/problema-telefone-saude\/"},"wordCount":426,"publisher":{"@id":"https:\/\/radiolifefm.com.br\/noticias\/#organization"},"image":{"@id":"https:\/\/radiolifefm.com.br\/noticias\/problema-telefone-saude\/#primaryimage"},"thumbnailUrl":"https:\/\/radiolifefm.com.br\/noticias\/wp-content\/uploads\/2026\/03\/WhatsApp-Image-2026-03-09-at-15.55.23.jpeg","articleSection":["Adamantina","Sa\u00fade"],"inLanguage":"pt-BR"},{"@type":"WebPage","@id":"https:\/\/radiolifefm.com.br\/noticias\/problema-telefone-saude\/","url":"https:\/\/radiolifefm.com.br\/noticias\/problema-telefone-saude\/","name":"Problema telefone sa\u00fade - R\u00e1dio Life FM","isPartOf":{"@id":"https:\/\/radiolifefm.com.br\/noticias\/#website"},"primaryImageOfPage":{"@id":"https:\/\/radiolifefm.com.br\/noticias\/problema-telefone-saude\/#primaryimage"},"image":{"@id":"https:\/\/radiolifefm.com.br\/noticias\/problema-telefone-saude\/#primaryimage"},"thumbnailUrl":"https:\/\/radiolifefm.com.br\/noticias\/wp-content\/uploads\/2026\/03\/WhatsApp-Image-2026-03-09-at-15.55.23.jpeg","datePublished":"2026-03-14T02:34:30+00:00","dateModified":"2026-04-26T21:17:28+00:00","breadcrumb":{"@id":"https:\/\/radiolifefm.com.br\/noticias\/problema-telefone-saude\/#breadcrumb"},"inLanguage":"pt-BR","potentialAction":[{"@type":"ReadAction","target":["https:\/\/radiolifefm.com.br\/noticias\/problema-telefone-saude\/"]}]},{"@type":"ImageObject","inLanguage":"pt-BR","@id":"https:\/\/radiolifefm.com.br\/noticias\/problema-telefone-saude\/#primaryimage","url":"https:\/\/radiolifefm.com.br\/noticias\/wp-content\/uploads\/2026\/03\/WhatsApp-Image-2026-03-09-at-15.55.23.jpeg","contentUrl":"https:\/\/radiolifefm.com.br\/noticias\/wp-content\/uploads\/2026\/03\/WhatsApp-Image-2026-03-09-at-15.55.23.jpeg","width":853,"height":1280,"caption":"Ajustes na rede continuam afetando linhas telef\u00f4nicas em Adamantina"},{"@type":"BreadcrumbList","@id":"https:\/\/radiolifefm.com.br\/noticias\/problema-telefone-saude\/#breadcrumb","itemListElement":[{"@type":"ListItem","position":1,"name":"In\u00edcio","item":"https:\/\/radiolifefm.com.br\/noticias\/"},{"@type":"ListItem","position":2,"name":"Problema telefone sa\u00fade"}]},{"@type":"WebSite","@id":"https:\/\/radiolifefm.com.br\/noticias\/#website","url":"https:\/\/radiolifefm.com.br\/noticias\/","name":"R\u00e1dio Life FM","description":"O Portal de Not\u00edcias de Adamantina","publisher":{"@id":"https:\/\/radiolifefm.com.br\/noticias\/#organization"},"alternateName":"Life FM","potentialAction":[{"@type":"SearchAction","target":{"@type":"EntryPoint","urlTemplate":"https:\/\/radiolifefm.com.br\/noticias\/?s={search_term_string}"},"query-input":{"@type":"PropertyValueSpecification","valueRequired":true,"valueName":"search_term_string"}}],"inLanguage":"pt-BR"},{"@type":"Organization","@id":"https:\/\/radiolifefm.com.br\/noticias\/#organization","name":"R\u00e1dio Life FM","alternateName":"Life FM","url":"https:\/\/radiolifefm.com.br\/noticias\/","logo":{"@type":"ImageObject","inLanguage":"pt-BR","@id":"https:\/\/radiolifefm.com.br\/noticias\/#\/schema\/logo\/image\/","url":"https:\/\/static.radiolifefm.com.br\/noticias\/wp-content\/uploads\/2019\/10\/logo-lifefm.png","contentUrl":"https:\/\/static.radiolifefm.com.br\/noticias\/wp-content\/uploads\/2019\/10\/logo-lifefm.png","width":196,"height":47,"caption":"R\u00e1dio Life FM"},"image":{"@id":"https:\/\/radiolifefm.com.br\/noticias\/#\/schema\/logo\/image\/"},"sameAs":["https:\/\/www.facebook.com\/radiolifefm\/","https:\/\/www.instagram.com\/life1079fm\/"]},{"@type":"Person","@id":"https:\/\/radiolifefm.com.br\/noticias\/#\/schema\/person\/6339b9fac59d12b071dec680d7375d87","name":"ritanery","image":{"@type":"ImageObject","inLanguage":"pt-BR","@id":"https:\/\/secure.gravatar.com\/avatar\/0e37bb19071f47c0b8a23f62a903df117c5a0e75f65a0c2901562f97cd41cf86?s=96&d=mm&r=g","url":"https:\/\/secure.gravatar.com\/avatar\/0e37bb19071f47c0b8a23f62a903df117c5a0e75f65a0c2901562f97cd41cf86?s=96&d=mm&r=g","contentUrl":"https:\/\/secure.gravatar.com\/avatar\/0e37bb19071f47c0b8a23f62a903df117c5a0e75f65a0c2901562f97cd41cf86?s=96&d=mm&r=g","caption":"ritanery"}}]}},"amp_enabled":true,"_links":{"self":[{"href":"https:\/\/radiolifefm.com.br\/noticias\/wp-json\/wp\/v2\/posts\/117314","targetHints":{"allow":["GET"]}}],"collection":[{"href":"https:\/\/radiolifefm.com.br\/noticias\/wp-json\/wp\/v2\/posts"}],"about":[{"href":"https:\/\/radiolifefm.com.br\/noticias\/wp-json\/wp\/v2\/types\/post"}],"author":[{"embeddable":true,"href":"https:\/\/radiolifefm.com.br\/noticias\/wp-json\/wp\/v2\/users\/13"}],"replies":[{"embeddable":true,"href":"https:\/\/radiolifefm.com.br\/noticias\/wp-json\/wp\/v2\/comments?post=117314"}],"version-history":[{"count":1,"href":"https:\/\/radiolifefm.com.br\/noticias\/wp-json\/wp\/v2\/posts\/117314\/revisions"}],"predecessor-version":[{"id":117316,"href":"https:\/\/radiolifefm.com.br\/noticias\/wp-json\/wp\/v2\/posts\/117314\/revisions\/117316"}],"wp:featuredmedia":[{"embeddable":true,"href":"https:\/\/radiolifefm.com.br\/noticias\/wp-json\/wp\/v2\/media\/117315"}],"wp:attachment":[{"href":"https:\/\/radiolifefm.com.br\/noticias\/wp-json\/wp\/v2\/media?parent=117314"}],"wp:term":[{"taxonomy":"category","embeddable":true,"href":"https:\/\/radiolifefm.com.br\/noticias\/wp-json\/wp\/v2\/categories?post=117314"},{"taxonomy":"post_tag","embeddable":true,"href":"https:\/\/radiolifefm.com.br\/noticias\/wp-json\/wp\/v2\/tags?post=117314"}],"curies":[{"name":"wp","href":"https:\/\/api.w.org\/{rel}","templated":true}]}}