{"id":117289,"date":"2026-03-12T22:22:12","date_gmt":"2026-03-13T01:22:12","guid":{"rendered":"https:\/\/radiolifefm.com.br\/noticias\/?p=117289"},"modified":"2026-04-29T21:32:48","modified_gmt":"2026-04-30T00:32:48","slug":"ex-jogador-kakinha-doa-livro-ao-museu-e-arquivo-historico-setsu-onishi-em-adamantina","status":"publish","type":"post","link":"https:\/\/radiolifefm.com.br\/noticias\/ex-jogador-kakinha-doa-livro-ao-museu-e-arquivo-historico-setsu-onishi-em-adamantina\/","title":{"rendered":"Ex-jogador Kakinha doa livro ao Museu e Arquivo Hist\u00f3rico \u201cSetsu Onishi\u201d em Adamantina"},"content":{"rendered":"<div id=\"fb-root\"><\/div>\n<p style=\"font-weight: 400\">O ex-jogador do futebol adamantinense Kakinha prestigiou o Museu e Arquivo Hist\u00f3rico Setsu Onishi, em Adamantina, com a doa\u00e7\u00e3o de um exemplar de seu livro \u201cGera\u00e7\u00e3o Dourada do Futebol Adamantinense\u201d.<\/p>\n<p style=\"font-weight: 400\">A obra passa a integrar o acervo do museu e far\u00e1 parte de uma ala dedicada exclusivamente ao futebol e a outras modalidades esportivas de destaque no munic\u00edpio, contribuindo para a preserva\u00e7\u00e3o da mem\u00f3ria esportiva local.<\/p>\n<p style=\"font-weight: 400\">Kakinha, conhecido no futebol de Adamantina, \u00e9 o ex-jogador Orlando Rodrigues Daniel, que atuou no futebol profissional e amador da regi\u00e3o da Alta Paulista.<\/p>\n<p style=\"font-weight: 400\">\n<p style=\"font-weight: 400\"><strong>Hist\u00f3rico<\/strong><\/p>\n<p style=\"font-weight: 400\">\n<p style=\"font-weight: 400\">Orlando Rodrigues Daniel, o Kakinha, nasceu em 1959, no distrito de Iubatinga, munic\u00edpio de Caiabu, no estado de S\u00e3o Paulo. Em 1971, mudou-se para Adamantina, onde iniciou sua trajet\u00f3ria no esporte e construiu sua hist\u00f3ria no futebol regional.<\/p>\n<p style=\"font-weight: 400\">Kakinha come\u00e7ou a carreira ainda jovem e assinou seu primeiro contrato profissional em 1979 com o Guarani Futebol Clube de Adamantina. Ao longo de sua trajet\u00f3ria tamb\u00e9m atuou em clubes da regi\u00e3o, como o Fernand\u00f3polis Futebol Clube e o Clube Atl\u00e9tico Votuporanguense.<\/p>\n<p style=\"font-weight: 400\">Durante as d\u00e9cadas de 1970 e 1980, integrou equipes que disputaram campeonatos organizados pela Federa\u00e7\u00e3o Paulista de Futebol, participando de competi\u00e7\u00f5es importantes do futebol paulista.<\/p>\n<p style=\"font-weight: 400\">\n<p style=\"font-weight: 400\"><strong>Ap\u00f3s o futebol<\/strong><\/p>\n<p style=\"font-weight: 400\">\n<p style=\"font-weight: 400\">Em 1986, Kakinha encerrou a carreira esportiva ao ingressar, por meio de concurso p\u00fablico, na \u00e1rea de telecomunica\u00e7\u00f5es, onde atuou profissionalmente at\u00e9 sua aposentadoria, em 2010. Ap\u00f3s esse per\u00edodo, retornou definitivamente para Adamantina.<\/p>\n<p style=\"font-weight: 400\">\n<p style=\"font-weight: 400\"><strong>Mem\u00f3ria do futebol<\/strong><\/p>\n<p style=\"font-weight: 400\">\n<p style=\"font-weight: 400\">Al\u00e9m da trajet\u00f3ria como atleta, Kakinha tamb\u00e9m se dedicou \u00e0 preserva\u00e7\u00e3o da hist\u00f3ria do esporte local. Em 2026, lan\u00e7ou o livro \u201cGera\u00e7\u00e3o Dourada do Futebol Adamantinense\u201d, resultado de aproximadamente seis anos de pesquisa, reunindo estat\u00edsticas, fotografias e registros hist\u00f3ricos do futebol da cidade entre 1950 e 2013.<\/p>\n<p style=\"font-weight: 400\">A obra documenta clubes, atletas e competi\u00e7\u00f5es que marcaram \u00e9poca em Adamantina e contribui para manter viva a mem\u00f3ria esportiva do munic\u00edpio.<\/p>\n<p style=\"font-weight: 400\">Com a doa\u00e7\u00e3o do exemplar ao Museu e Arquivo Hist\u00f3rico \u201cSetsu Onishi\u201d, o acervo passa a contar com mais um importante registro da hist\u00f3ria do esporte local.<\/p>\n<p style=\"font-weight: 400\">\n<p style=\"font-weight: 400\"><strong>Sobre o Museu<\/strong><\/p>\n<p style=\"font-weight: 400\">\n<p style=\"font-weight: 400\">O museu \u00e9 uma institui\u00e7\u00e3o permanente, sem fins lucrativos e aberta ao p\u00fablico, dedicada \u00e0 pesquisa, coleta, conserva\u00e7\u00e3o, interpreta\u00e7\u00e3o e exposi\u00e7\u00e3o do patrim\u00f4nio material e imaterial. A servi\u00e7o da sociedade, atua nas \u00e1reas de educa\u00e7\u00e3o, estudo e entretenimento, promovendo diversidade, sustentabilidade e valoriza\u00e7\u00e3o cultural.<\/p>\n<p style=\"font-weight: 400\">O Museu e Arquivo Hist\u00f3rico de Adamantina \u201cSetsu Onishi\u201d possui identidade voltada ao pioneirismo e \u00e0 funda\u00e7\u00e3o do munic\u00edpio, preservando registros e objetos relacionados a fatos marcantes da hist\u00f3ria local, como a inaugura\u00e7\u00e3o da Esta\u00e7\u00e3o Ferrovi\u00e1ria em 20 de abril de 1950.<\/p>\n<p style=\"font-weight: 400\">O espa\u00e7o est\u00e1 aberto ao p\u00fablico de segunda a sexta-feira, das 9h \u00e0s 17h, com entrada gratuita. Entidades p\u00fablicas e privadas, bem como escolas municipais, estaduais e particulares, podem agendar visitas pelo telefone (18) 99146-9012.<\/p>\n<p style=\"font-weight: 400\">A dire\u00e7\u00e3o do Museu solicita que os mun\u00edcipes que possuam em suas resid\u00eancias trajes antigos, pe\u00e7as hist\u00f3ricas, equipamentos, ferramentas ou outros objetos anteriores ao ano de 1960 entrem em contato pelo telefone (18) 99146-9012, por liga\u00e7\u00e3o ou mensagem de texto, para avalia\u00e7\u00e3o e poss\u00edvel doa\u00e7\u00e3o.<\/p>\n<p>&nbsp;<\/p>\n<div>\n<div><span style=\"font-family: tahoma, sans-serif;font-size: xx-small\">PREFEITURA DO MUNIC\u00cdPIO DE ADAMANTINA<br \/>\n<\/span><\/div>\n<\/div>\n<div>\n<div><span style=\"font-family: tahoma, sans-serif;font-size: xx-small\">Diretor de Comunica\u00e7\u00e3o<\/span><\/div>\n<div>Caio Vasques<\/div>\n<div><\/div>\n<div>Jornalista<\/div>\n<div><span style=\"font-family: tahoma, sans-serif;font-size: xx-small\">Natacha Dominato\u00a0\u00a0<\/span><\/div>\n<\/div>\n","protected":false},"excerpt":{"rendered":"<p>O ex-jogador do futebol adamantinense Kakinha prestigiou o Museu e Arquivo Hist\u00f3rico Setsu Onishi, em Adamantina, com a doa\u00e7\u00e3o de um exemplar de seu livro \u201cGera\u00e7\u00e3o Dourada do Futebol Adamantinense\u201d. A obra passa a integrar o acervo do museu e far\u00e1 parte de uma ala dedicada exclusivamente ao futebol e a outras modalidades esportivas de [&hellip;]<\/p>\n","protected":false},"author":13,"featured_media":117290,"comment_status":"closed","ping_status":"open","sticky":false,"template":"","format":"standard","meta":{"_acf_changed":false,"_exactmetrics_skip_tracking":false,"_exactmetrics_sitenote_active":false,"_exactmetrics_sitenote_note":"","_exactmetrics_sitenote_category":0,"footnotes":""},"categories":[21,56],"tags":[],"class_list":["post-117289","post","type-post","status-publish","format-standard","has-post-thumbnail","hentry","category-adamantina","category-esporte"],"acf":[],"yoast_head":"<!-- This site is optimized with the Yoast SEO plugin v27.2 - https:\/\/yoast.com\/product\/yoast-seo-wordpress\/ -->\n<title>Ex-jogador Kakinha doa livro ao Museu e Arquivo Hist\u00f3rico \u201cSetsu Onishi\u201d em Adamantina - R\u00e1dio Life FM<\/title>\n<meta name=\"robots\" content=\"index, follow, max-snippet:-1, max-image-preview:large, max-video-preview:-1\" \/>\n<link rel=\"canonical\" href=\"https:\/\/radiolifefm.com.br\/noticias\/ex-jogador-kakinha-doa-livro-ao-museu-e-arquivo-historico-setsu-onishi-em-adamantina\/\" \/>\n<meta property=\"og:locale\" content=\"pt_BR\" \/>\n<meta property=\"og:type\" content=\"article\" \/>\n<meta property=\"og:title\" content=\"Ex-jogador Kakinha doa livro ao Museu e Arquivo Hist\u00f3rico \u201cSetsu Onishi\u201d em Adamantina - R\u00e1dio Life FM\" \/>\n<meta property=\"og:description\" content=\"O ex-jogador do futebol adamantinense Kakinha prestigiou o Museu e Arquivo Hist\u00f3rico Setsu Onishi, em Adamantina, com a doa\u00e7\u00e3o de um exemplar de seu livro \u201cGera\u00e7\u00e3o Dourada do Futebol Adamantinense\u201d. A obra passa a integrar o acervo do museu e far\u00e1 parte de uma ala dedicada exclusivamente ao futebol e a outras modalidades esportivas de [&hellip;]\" \/>\n<meta property=\"og:url\" content=\"https:\/\/radiolifefm.com.br\/noticias\/ex-jogador-kakinha-doa-livro-ao-museu-e-arquivo-historico-setsu-onishi-em-adamantina\/\" \/>\n<meta property=\"og:site_name\" content=\"R\u00e1dio Life FM\" \/>\n<meta property=\"article:publisher\" content=\"https:\/\/www.facebook.com\/radiolifefm\/\" \/>\n<meta property=\"article:published_time\" content=\"2026-03-13T01:22:12+00:00\" \/>\n<meta property=\"article:modified_time\" content=\"2026-04-30T00:32:48+00:00\" \/>\n<meta property=\"og:image\" content=\"https:\/\/radiolifefm.com.br\/noticias\/wp-content\/uploads\/2026\/03\/WhatsApp-Image-2026-03-12-at-08.05.43.jpeg\" \/>\n\t<meta property=\"og:image:width\" content=\"960\" \/>\n\t<meta property=\"og:image:height\" content=\"1170\" \/>\n\t<meta property=\"og:image:type\" content=\"image\/jpeg\" \/>\n<meta name=\"author\" content=\"ritanery\" \/>\n<meta name=\"twitter:card\" content=\"summary_large_image\" \/>\n<meta name=\"twitter:label1\" content=\"Escrito por\" \/>\n\t<meta name=\"twitter:data1\" content=\"ritanery\" \/>\n\t<meta name=\"twitter:label2\" content=\"Est. tempo de leitura\" \/>\n\t<meta name=\"twitter:data2\" content=\"4 minutos\" \/>\n<script type=\"application\/ld+json\" class=\"yoast-schema-graph\">{\"@context\":\"https:\/\/schema.org\",\"@graph\":[{\"@type\":\"Article\",\"@id\":\"https:\/\/radiolifefm.com.br\/noticias\/ex-jogador-kakinha-doa-livro-ao-museu-e-arquivo-historico-setsu-onishi-em-adamantina\/#article\",\"isPartOf\":{\"@id\":\"https:\/\/radiolifefm.com.br\/noticias\/ex-jogador-kakinha-doa-livro-ao-museu-e-arquivo-historico-setsu-onishi-em-adamantina\/\"},\"author\":{\"name\":\"ritanery\",\"@id\":\"https:\/\/radiolifefm.com.br\/noticias\/#\/schema\/person\/6339b9fac59d12b071dec680d7375d87\"},\"headline\":\"Ex-jogador Kakinha doa livro ao Museu e Arquivo Hist\u00f3rico \u201cSetsu Onishi\u201d em Adamantina\",\"datePublished\":\"2026-03-13T01:22:12+00:00\",\"dateModified\":\"2026-04-30T00:32:48+00:00\",\"mainEntityOfPage\":{\"@id\":\"https:\/\/radiolifefm.com.br\/noticias\/ex-jogador-kakinha-doa-livro-ao-museu-e-arquivo-historico-setsu-onishi-em-adamantina\/\"},\"wordCount\":580,\"publisher\":{\"@id\":\"https:\/\/radiolifefm.com.br\/noticias\/#organization\"},\"image\":{\"@id\":\"https:\/\/radiolifefm.com.br\/noticias\/ex-jogador-kakinha-doa-livro-ao-museu-e-arquivo-historico-setsu-onishi-em-adamantina\/#primaryimage\"},\"thumbnailUrl\":\"https:\/\/radiolifefm.com.br\/noticias\/wp-content\/uploads\/2026\/03\/WhatsApp-Image-2026-03-12-at-08.05.43.jpeg\",\"articleSection\":[\"Adamantina\",\"Esporte\"],\"inLanguage\":\"pt-BR\"},{\"@type\":\"WebPage\",\"@id\":\"https:\/\/radiolifefm.com.br\/noticias\/ex-jogador-kakinha-doa-livro-ao-museu-e-arquivo-historico-setsu-onishi-em-adamantina\/\",\"url\":\"https:\/\/radiolifefm.com.br\/noticias\/ex-jogador-kakinha-doa-livro-ao-museu-e-arquivo-historico-setsu-onishi-em-adamantina\/\",\"name\":\"Ex-jogador Kakinha doa livro ao Museu e Arquivo Hist\u00f3rico \u201cSetsu Onishi\u201d em Adamantina - R\u00e1dio Life FM\",\"isPartOf\":{\"@id\":\"https:\/\/radiolifefm.com.br\/noticias\/#website\"},\"primaryImageOfPage\":{\"@id\":\"https:\/\/radiolifefm.com.br\/noticias\/ex-jogador-kakinha-doa-livro-ao-museu-e-arquivo-historico-setsu-onishi-em-adamantina\/#primaryimage\"},\"image\":{\"@id\":\"https:\/\/radiolifefm.com.br\/noticias\/ex-jogador-kakinha-doa-livro-ao-museu-e-arquivo-historico-setsu-onishi-em-adamantina\/#primaryimage\"},\"thumbnailUrl\":\"https:\/\/radiolifefm.com.br\/noticias\/wp-content\/uploads\/2026\/03\/WhatsApp-Image-2026-03-12-at-08.05.43.jpeg\",\"datePublished\":\"2026-03-13T01:22:12+00:00\",\"dateModified\":\"2026-04-30T00:32:48+00:00\",\"breadcrumb\":{\"@id\":\"https:\/\/radiolifefm.com.br\/noticias\/ex-jogador-kakinha-doa-livro-ao-museu-e-arquivo-historico-setsu-onishi-em-adamantina\/#breadcrumb\"},\"inLanguage\":\"pt-BR\",\"potentialAction\":[{\"@type\":\"ReadAction\",\"target\":[\"https:\/\/radiolifefm.com.br\/noticias\/ex-jogador-kakinha-doa-livro-ao-museu-e-arquivo-historico-setsu-onishi-em-adamantina\/\"]}]},{\"@type\":\"ImageObject\",\"inLanguage\":\"pt-BR\",\"@id\":\"https:\/\/radiolifefm.com.br\/noticias\/ex-jogador-kakinha-doa-livro-ao-museu-e-arquivo-historico-setsu-onishi-em-adamantina\/#primaryimage\",\"url\":\"https:\/\/radiolifefm.com.br\/noticias\/wp-content\/uploads\/2026\/03\/WhatsApp-Image-2026-03-12-at-08.05.43.jpeg\",\"contentUrl\":\"https:\/\/radiolifefm.com.br\/noticias\/wp-content\/uploads\/2026\/03\/WhatsApp-Image-2026-03-12-at-08.05.43.jpeg\",\"width\":960,\"height\":1170},{\"@type\":\"BreadcrumbList\",\"@id\":\"https:\/\/radiolifefm.com.br\/noticias\/ex-jogador-kakinha-doa-livro-ao-museu-e-arquivo-historico-setsu-onishi-em-adamantina\/#breadcrumb\",\"itemListElement\":[{\"@type\":\"ListItem\",\"position\":1,\"name\":\"In\u00edcio\",\"item\":\"https:\/\/radiolifefm.com.br\/noticias\/\"},{\"@type\":\"ListItem\",\"position\":2,\"name\":\"Ex-jogador Kakinha doa livro ao Museu e Arquivo Hist\u00f3rico \u201cSetsu Onishi\u201d em Adamantina\"}]},{\"@type\":\"WebSite\",\"@id\":\"https:\/\/radiolifefm.com.br\/noticias\/#website\",\"url\":\"https:\/\/radiolifefm.com.br\/noticias\/\",\"name\":\"R\u00e1dio Life FM\",\"description\":\"O Portal de Not\u00edcias de Adamantina\",\"publisher\":{\"@id\":\"https:\/\/radiolifefm.com.br\/noticias\/#organization\"},\"alternateName\":\"Life FM\",\"potentialAction\":[{\"@type\":\"SearchAction\",\"target\":{\"@type\":\"EntryPoint\",\"urlTemplate\":\"https:\/\/radiolifefm.com.br\/noticias\/?s={search_term_string}\"},\"query-input\":{\"@type\":\"PropertyValueSpecification\",\"valueRequired\":true,\"valueName\":\"search_term_string\"}}],\"inLanguage\":\"pt-BR\"},{\"@type\":\"Organization\",\"@id\":\"https:\/\/radiolifefm.com.br\/noticias\/#organization\",\"name\":\"R\u00e1dio Life FM\",\"alternateName\":\"Life FM\",\"url\":\"https:\/\/radiolifefm.com.br\/noticias\/\",\"logo\":{\"@type\":\"ImageObject\",\"inLanguage\":\"pt-BR\",\"@id\":\"https:\/\/radiolifefm.com.br\/noticias\/#\/schema\/logo\/image\/\",\"url\":\"https:\/\/static.radiolifefm.com.br\/noticias\/wp-content\/uploads\/2019\/10\/logo-lifefm.png\",\"contentUrl\":\"https:\/\/static.radiolifefm.com.br\/noticias\/wp-content\/uploads\/2019\/10\/logo-lifefm.png\",\"width\":196,\"height\":47,\"caption\":\"R\u00e1dio Life FM\"},\"image\":{\"@id\":\"https:\/\/radiolifefm.com.br\/noticias\/#\/schema\/logo\/image\/\"},\"sameAs\":[\"https:\/\/www.facebook.com\/radiolifefm\/\",\"https:\/\/www.instagram.com\/life1079fm\/\"]},{\"@type\":\"Person\",\"@id\":\"https:\/\/radiolifefm.com.br\/noticias\/#\/schema\/person\/6339b9fac59d12b071dec680d7375d87\",\"name\":\"ritanery\",\"image\":{\"@type\":\"ImageObject\",\"inLanguage\":\"pt-BR\",\"@id\":\"https:\/\/secure.gravatar.com\/avatar\/0e37bb19071f47c0b8a23f62a903df117c5a0e75f65a0c2901562f97cd41cf86?s=96&d=mm&r=g\",\"url\":\"https:\/\/secure.gravatar.com\/avatar\/0e37bb19071f47c0b8a23f62a903df117c5a0e75f65a0c2901562f97cd41cf86?s=96&d=mm&r=g\",\"contentUrl\":\"https:\/\/secure.gravatar.com\/avatar\/0e37bb19071f47c0b8a23f62a903df117c5a0e75f65a0c2901562f97cd41cf86?s=96&d=mm&r=g\",\"caption\":\"ritanery\"}}]}<\/script>\n<!-- \/ Yoast SEO plugin. -->","yoast_head_json":{"title":"Ex-jogador Kakinha doa livro ao Museu e Arquivo Hist\u00f3rico \u201cSetsu Onishi\u201d em Adamantina - R\u00e1dio Life FM","robots":{"index":"index","follow":"follow","max-snippet":"max-snippet:-1","max-image-preview":"max-image-preview:large","max-video-preview":"max-video-preview:-1"},"canonical":"https:\/\/radiolifefm.com.br\/noticias\/ex-jogador-kakinha-doa-livro-ao-museu-e-arquivo-historico-setsu-onishi-em-adamantina\/","og_locale":"pt_BR","og_type":"article","og_title":"Ex-jogador Kakinha doa livro ao Museu e Arquivo Hist\u00f3rico \u201cSetsu Onishi\u201d em Adamantina - R\u00e1dio Life FM","og_description":"O ex-jogador do futebol adamantinense Kakinha prestigiou o Museu e Arquivo Hist\u00f3rico Setsu Onishi, em Adamantina, com a doa\u00e7\u00e3o de um exemplar de seu livro \u201cGera\u00e7\u00e3o Dourada do Futebol Adamantinense\u201d. A obra passa a integrar o acervo do museu e far\u00e1 parte de uma ala dedicada exclusivamente ao futebol e a outras modalidades esportivas de [&hellip;]","og_url":"https:\/\/radiolifefm.com.br\/noticias\/ex-jogador-kakinha-doa-livro-ao-museu-e-arquivo-historico-setsu-onishi-em-adamantina\/","og_site_name":"R\u00e1dio Life FM","article_publisher":"https:\/\/www.facebook.com\/radiolifefm\/","article_published_time":"2026-03-13T01:22:12+00:00","article_modified_time":"2026-04-30T00:32:48+00:00","og_image":[{"width":960,"height":1170,"url":"https:\/\/radiolifefm.com.br\/noticias\/wp-content\/uploads\/2026\/03\/WhatsApp-Image-2026-03-12-at-08.05.43.jpeg","type":"image\/jpeg"}],"author":"ritanery","twitter_card":"summary_large_image","twitter_misc":{"Escrito por":"ritanery","Est. tempo de leitura":"4 minutos"},"schema":{"@context":"https:\/\/schema.org","@graph":[{"@type":"Article","@id":"https:\/\/radiolifefm.com.br\/noticias\/ex-jogador-kakinha-doa-livro-ao-museu-e-arquivo-historico-setsu-onishi-em-adamantina\/#article","isPartOf":{"@id":"https:\/\/radiolifefm.com.br\/noticias\/ex-jogador-kakinha-doa-livro-ao-museu-e-arquivo-historico-setsu-onishi-em-adamantina\/"},"author":{"name":"ritanery","@id":"https:\/\/radiolifefm.com.br\/noticias\/#\/schema\/person\/6339b9fac59d12b071dec680d7375d87"},"headline":"Ex-jogador Kakinha doa livro ao Museu e Arquivo Hist\u00f3rico \u201cSetsu Onishi\u201d em Adamantina","datePublished":"2026-03-13T01:22:12+00:00","dateModified":"2026-04-30T00:32:48+00:00","mainEntityOfPage":{"@id":"https:\/\/radiolifefm.com.br\/noticias\/ex-jogador-kakinha-doa-livro-ao-museu-e-arquivo-historico-setsu-onishi-em-adamantina\/"},"wordCount":580,"publisher":{"@id":"https:\/\/radiolifefm.com.br\/noticias\/#organization"},"image":{"@id":"https:\/\/radiolifefm.com.br\/noticias\/ex-jogador-kakinha-doa-livro-ao-museu-e-arquivo-historico-setsu-onishi-em-adamantina\/#primaryimage"},"thumbnailUrl":"https:\/\/radiolifefm.com.br\/noticias\/wp-content\/uploads\/2026\/03\/WhatsApp-Image-2026-03-12-at-08.05.43.jpeg","articleSection":["Adamantina","Esporte"],"inLanguage":"pt-BR"},{"@type":"WebPage","@id":"https:\/\/radiolifefm.com.br\/noticias\/ex-jogador-kakinha-doa-livro-ao-museu-e-arquivo-historico-setsu-onishi-em-adamantina\/","url":"https:\/\/radiolifefm.com.br\/noticias\/ex-jogador-kakinha-doa-livro-ao-museu-e-arquivo-historico-setsu-onishi-em-adamantina\/","name":"Ex-jogador Kakinha doa livro ao Museu e Arquivo Hist\u00f3rico \u201cSetsu Onishi\u201d em Adamantina - R\u00e1dio Life FM","isPartOf":{"@id":"https:\/\/radiolifefm.com.br\/noticias\/#website"},"primaryImageOfPage":{"@id":"https:\/\/radiolifefm.com.br\/noticias\/ex-jogador-kakinha-doa-livro-ao-museu-e-arquivo-historico-setsu-onishi-em-adamantina\/#primaryimage"},"image":{"@id":"https:\/\/radiolifefm.com.br\/noticias\/ex-jogador-kakinha-doa-livro-ao-museu-e-arquivo-historico-setsu-onishi-em-adamantina\/#primaryimage"},"thumbnailUrl":"https:\/\/radiolifefm.com.br\/noticias\/wp-content\/uploads\/2026\/03\/WhatsApp-Image-2026-03-12-at-08.05.43.jpeg","datePublished":"2026-03-13T01:22:12+00:00","dateModified":"2026-04-30T00:32:48+00:00","breadcrumb":{"@id":"https:\/\/radiolifefm.com.br\/noticias\/ex-jogador-kakinha-doa-livro-ao-museu-e-arquivo-historico-setsu-onishi-em-adamantina\/#breadcrumb"},"inLanguage":"pt-BR","potentialAction":[{"@type":"ReadAction","target":["https:\/\/radiolifefm.com.br\/noticias\/ex-jogador-kakinha-doa-livro-ao-museu-e-arquivo-historico-setsu-onishi-em-adamantina\/"]}]},{"@type":"ImageObject","inLanguage":"pt-BR","@id":"https:\/\/radiolifefm.com.br\/noticias\/ex-jogador-kakinha-doa-livro-ao-museu-e-arquivo-historico-setsu-onishi-em-adamantina\/#primaryimage","url":"https:\/\/radiolifefm.com.br\/noticias\/wp-content\/uploads\/2026\/03\/WhatsApp-Image-2026-03-12-at-08.05.43.jpeg","contentUrl":"https:\/\/radiolifefm.com.br\/noticias\/wp-content\/uploads\/2026\/03\/WhatsApp-Image-2026-03-12-at-08.05.43.jpeg","width":960,"height":1170},{"@type":"BreadcrumbList","@id":"https:\/\/radiolifefm.com.br\/noticias\/ex-jogador-kakinha-doa-livro-ao-museu-e-arquivo-historico-setsu-onishi-em-adamantina\/#breadcrumb","itemListElement":[{"@type":"ListItem","position":1,"name":"In\u00edcio","item":"https:\/\/radiolifefm.com.br\/noticias\/"},{"@type":"ListItem","position":2,"name":"Ex-jogador Kakinha doa livro ao Museu e Arquivo Hist\u00f3rico \u201cSetsu Onishi\u201d em Adamantina"}]},{"@type":"WebSite","@id":"https:\/\/radiolifefm.com.br\/noticias\/#website","url":"https:\/\/radiolifefm.com.br\/noticias\/","name":"R\u00e1dio Life FM","description":"O Portal de Not\u00edcias de Adamantina","publisher":{"@id":"https:\/\/radiolifefm.com.br\/noticias\/#organization"},"alternateName":"Life FM","potentialAction":[{"@type":"SearchAction","target":{"@type":"EntryPoint","urlTemplate":"https:\/\/radiolifefm.com.br\/noticias\/?s={search_term_string}"},"query-input":{"@type":"PropertyValueSpecification","valueRequired":true,"valueName":"search_term_string"}}],"inLanguage":"pt-BR"},{"@type":"Organization","@id":"https:\/\/radiolifefm.com.br\/noticias\/#organization","name":"R\u00e1dio Life FM","alternateName":"Life FM","url":"https:\/\/radiolifefm.com.br\/noticias\/","logo":{"@type":"ImageObject","inLanguage":"pt-BR","@id":"https:\/\/radiolifefm.com.br\/noticias\/#\/schema\/logo\/image\/","url":"https:\/\/static.radiolifefm.com.br\/noticias\/wp-content\/uploads\/2019\/10\/logo-lifefm.png","contentUrl":"https:\/\/static.radiolifefm.com.br\/noticias\/wp-content\/uploads\/2019\/10\/logo-lifefm.png","width":196,"height":47,"caption":"R\u00e1dio Life FM"},"image":{"@id":"https:\/\/radiolifefm.com.br\/noticias\/#\/schema\/logo\/image\/"},"sameAs":["https:\/\/www.facebook.com\/radiolifefm\/","https:\/\/www.instagram.com\/life1079fm\/"]},{"@type":"Person","@id":"https:\/\/radiolifefm.com.br\/noticias\/#\/schema\/person\/6339b9fac59d12b071dec680d7375d87","name":"ritanery","image":{"@type":"ImageObject","inLanguage":"pt-BR","@id":"https:\/\/secure.gravatar.com\/avatar\/0e37bb19071f47c0b8a23f62a903df117c5a0e75f65a0c2901562f97cd41cf86?s=96&d=mm&r=g","url":"https:\/\/secure.gravatar.com\/avatar\/0e37bb19071f47c0b8a23f62a903df117c5a0e75f65a0c2901562f97cd41cf86?s=96&d=mm&r=g","contentUrl":"https:\/\/secure.gravatar.com\/avatar\/0e37bb19071f47c0b8a23f62a903df117c5a0e75f65a0c2901562f97cd41cf86?s=96&d=mm&r=g","caption":"ritanery"}}]}},"amp_enabled":true,"_links":{"self":[{"href":"https:\/\/radiolifefm.com.br\/noticias\/wp-json\/wp\/v2\/posts\/117289","targetHints":{"allow":["GET"]}}],"collection":[{"href":"https:\/\/radiolifefm.com.br\/noticias\/wp-json\/wp\/v2\/posts"}],"about":[{"href":"https:\/\/radiolifefm.com.br\/noticias\/wp-json\/wp\/v2\/types\/post"}],"author":[{"embeddable":true,"href":"https:\/\/radiolifefm.com.br\/noticias\/wp-json\/wp\/v2\/users\/13"}],"replies":[{"embeddable":true,"href":"https:\/\/radiolifefm.com.br\/noticias\/wp-json\/wp\/v2\/comments?post=117289"}],"version-history":[{"count":2,"href":"https:\/\/radiolifefm.com.br\/noticias\/wp-json\/wp\/v2\/posts\/117289\/revisions"}],"predecessor-version":[{"id":117294,"href":"https:\/\/radiolifefm.com.br\/noticias\/wp-json\/wp\/v2\/posts\/117289\/revisions\/117294"}],"wp:featuredmedia":[{"embeddable":true,"href":"https:\/\/radiolifefm.com.br\/noticias\/wp-json\/wp\/v2\/media\/117290"}],"wp:attachment":[{"href":"https:\/\/radiolifefm.com.br\/noticias\/wp-json\/wp\/v2\/media?parent=117289"}],"wp:term":[{"taxonomy":"category","embeddable":true,"href":"https:\/\/radiolifefm.com.br\/noticias\/wp-json\/wp\/v2\/categories?post=117289"},{"taxonomy":"post_tag","embeddable":true,"href":"https:\/\/radiolifefm.com.br\/noticias\/wp-json\/wp\/v2\/tags?post=117289"}],"curies":[{"name":"wp","href":"https:\/\/api.w.org\/{rel}","templated":true}]}}