{"id":117272,"date":"2026-03-12T22:08:17","date_gmt":"2026-03-13T01:08:17","guid":{"rendered":"https:\/\/radiolifefm.com.br\/noticias\/?p=117272"},"modified":"2026-04-27T20:32:56","modified_gmt":"2026-04-27T23:32:56","slug":"policia-militar-recupera-produtos-de-furto-em-adamantina-e-localiza-autores-que-sao-detidos","status":"publish","type":"post","link":"https:\/\/radiolifefm.com.br\/noticias\/policia-militar-recupera-produtos-de-furto-em-adamantina-e-localiza-autores-que-sao-detidos\/","title":{"rendered":"Pol\u00edcia Militar recupera produtos de furto em Adamantina e localiza autores que s\u00e3o detidos"},"content":{"rendered":"<div id=\"fb-root\"><\/div>\n<p data-start=\"210\" data-end=\"517\">Na tarde de ontem (11), por volta das 16h20, policiais militares do 25\u00ba Batalh\u00e3o de Pol\u00edcia Militar do Interior, durante patrulhamento pelo munic\u00edpio de Adamantina, receberam informa\u00e7\u00f5es de que indiv\u00edduos envolvidos em um furto a resid\u00eancia, ocorrido durante a madrugada, estariam pelo bairro Jardim Brasil.<\/p>\n<p data-start=\"519\" data-end=\"858\">Diante das informa\u00e7\u00f5es, as equipes realizaram dilig\u00eancias no local e conseguiram abordar um adolescente de 16 anos e um indiv\u00edduo de 20 anos. Durante a busca pessoal, nada de il\u00edcito foi localizado com os abordados. Contudo, em entrevista, ambos confessaram a pr\u00e1tica do furto de tr\u00eas botij\u00f5es de g\u00e1s em uma resid\u00eancia durante a madrugada.<\/p>\n<p data-start=\"860\" data-end=\"1061\">Os indiv\u00edduos informaram ainda que os botij\u00f5es estariam escondidos em um pasto, pr\u00f3ximo ao cruzamento da Rua Bahia com a Rua Pernambuco. No local indicado, os policiais localizaram os objetos furtados.<\/p>\n<p data-start=\"1063\" data-end=\"1345\">Os abordados tamb\u00e9m relataram a participa\u00e7\u00e3o de um terceiro envolvido, tamb\u00e9m adolescente, de 16 anos, que estaria em sua resid\u00eancia na Vila Jamil. As equipes deslocaram-se at\u00e9 o endere\u00e7o e, com autoriza\u00e7\u00e3o de sua av\u00f3 materna, o adolescente foi localizado no interior da resid\u00eancia.<\/p>\n<p data-start=\"1347\" data-end=\"1489\">Diante dos fatos, os tr\u00eas envolvidos foram conduzidos \u00e0 DIG de Adamantina para as provid\u00eancias cab\u00edveis, permanecendo \u00e0 disposi\u00e7\u00e3o da Justi\u00e7a.<\/p>\n<p data-start=\"1347\" data-end=\"1489\">\n<p data-start=\"1347\" data-end=\"1489\">Fonte: PM<\/p>\n","protected":false},"excerpt":{"rendered":"<p>Na tarde de ontem (11), por volta das 16h20, policiais militares do 25\u00ba Batalh\u00e3o de Pol\u00edcia Militar do Interior, durante patrulhamento pelo munic\u00edpio de Adamantina, receberam informa\u00e7\u00f5es de que indiv\u00edduos envolvidos em um furto a resid\u00eancia, ocorrido durante a madrugada, estariam pelo bairro Jardim Brasil. Diante das informa\u00e7\u00f5es, as equipes realizaram dilig\u00eancias no local e [&hellip;]<\/p>\n","protected":false},"author":13,"featured_media":117273,"comment_status":"closed","ping_status":"open","sticky":false,"template":"","format":"standard","meta":{"_acf_changed":false,"_exactmetrics_skip_tracking":false,"_exactmetrics_sitenote_active":false,"_exactmetrics_sitenote_note":"","_exactmetrics_sitenote_category":0,"footnotes":""},"categories":[66],"tags":[],"class_list":["post-117272","post","type-post","status-publish","format-standard","has-post-thumbnail","hentry","category-policia"],"acf":[],"yoast_head":"<!-- This site is optimized with the Yoast SEO plugin v27.2 - https:\/\/yoast.com\/product\/yoast-seo-wordpress\/ -->\n<title>Pol\u00edcia Militar recupera produtos de furto em Adamantina e localiza autores que s\u00e3o detidos - R\u00e1dio Life FM<\/title>\n<meta name=\"robots\" content=\"index, follow, max-snippet:-1, max-image-preview:large, max-video-preview:-1\" \/>\n<link rel=\"canonical\" href=\"https:\/\/radiolifefm.com.br\/noticias\/policia-militar-recupera-produtos-de-furto-em-adamantina-e-localiza-autores-que-sao-detidos\/\" \/>\n<meta property=\"og:locale\" content=\"pt_BR\" \/>\n<meta property=\"og:type\" content=\"article\" \/>\n<meta property=\"og:title\" content=\"Pol\u00edcia Militar recupera produtos de furto em Adamantina e localiza autores que s\u00e3o detidos - R\u00e1dio Life FM\" \/>\n<meta property=\"og:description\" content=\"Na tarde de ontem (11), por volta das 16h20, policiais militares do 25\u00ba Batalh\u00e3o de Pol\u00edcia Militar do Interior, durante patrulhamento pelo munic\u00edpio de Adamantina, receberam informa\u00e7\u00f5es de que indiv\u00edduos envolvidos em um furto a resid\u00eancia, ocorrido durante a madrugada, estariam pelo bairro Jardim Brasil. Diante das informa\u00e7\u00f5es, as equipes realizaram dilig\u00eancias no local e [&hellip;]\" \/>\n<meta property=\"og:url\" content=\"https:\/\/radiolifefm.com.br\/noticias\/policia-militar-recupera-produtos-de-furto-em-adamantina-e-localiza-autores-que-sao-detidos\/\" \/>\n<meta property=\"og:site_name\" content=\"R\u00e1dio Life FM\" \/>\n<meta property=\"article:publisher\" content=\"https:\/\/www.facebook.com\/radiolifefm\/\" \/>\n<meta property=\"article:published_time\" content=\"2026-03-13T01:08:17+00:00\" \/>\n<meta property=\"article:modified_time\" content=\"2026-04-27T23:32:56+00:00\" \/>\n<meta property=\"og:image\" content=\"https:\/\/radiolifefm.com.br\/noticias\/wp-content\/uploads\/2026\/03\/WhatsApp-Image-2026-03-12-at-17.59.32.jpeg\" \/>\n\t<meta property=\"og:image:width\" content=\"1200\" \/>\n\t<meta property=\"og:image:height\" content=\"1600\" \/>\n\t<meta property=\"og:image:type\" content=\"image\/jpeg\" \/>\n<meta name=\"author\" content=\"ritanery\" \/>\n<meta name=\"twitter:card\" content=\"summary_large_image\" \/>\n<meta name=\"twitter:label1\" content=\"Escrito por\" \/>\n\t<meta name=\"twitter:data1\" content=\"ritanery\" \/>\n\t<meta name=\"twitter:label2\" content=\"Est. tempo de leitura\" \/>\n\t<meta name=\"twitter:data2\" content=\"2 minutos\" \/>\n<script type=\"application\/ld+json\" class=\"yoast-schema-graph\">{\"@context\":\"https:\/\/schema.org\",\"@graph\":[{\"@type\":\"Article\",\"@id\":\"https:\/\/radiolifefm.com.br\/noticias\/policia-militar-recupera-produtos-de-furto-em-adamantina-e-localiza-autores-que-sao-detidos\/#article\",\"isPartOf\":{\"@id\":\"https:\/\/radiolifefm.com.br\/noticias\/policia-militar-recupera-produtos-de-furto-em-adamantina-e-localiza-autores-que-sao-detidos\/\"},\"author\":{\"name\":\"ritanery\",\"@id\":\"https:\/\/radiolifefm.com.br\/noticias\/#\/schema\/person\/6339b9fac59d12b071dec680d7375d87\"},\"headline\":\"Pol\u00edcia Militar recupera produtos de furto em Adamantina e localiza autores que s\u00e3o detidos\",\"datePublished\":\"2026-03-13T01:08:17+00:00\",\"dateModified\":\"2026-04-27T23:32:56+00:00\",\"mainEntityOfPage\":{\"@id\":\"https:\/\/radiolifefm.com.br\/noticias\/policia-militar-recupera-produtos-de-furto-em-adamantina-e-localiza-autores-que-sao-detidos\/\"},\"wordCount\":237,\"publisher\":{\"@id\":\"https:\/\/radiolifefm.com.br\/noticias\/#organization\"},\"image\":{\"@id\":\"https:\/\/radiolifefm.com.br\/noticias\/policia-militar-recupera-produtos-de-furto-em-adamantina-e-localiza-autores-que-sao-detidos\/#primaryimage\"},\"thumbnailUrl\":\"https:\/\/radiolifefm.com.br\/noticias\/wp-content\/uploads\/2026\/03\/WhatsApp-Image-2026-03-12-at-17.59.32.jpeg\",\"articleSection\":[\"Pol\u00edcia\"],\"inLanguage\":\"pt-BR\"},{\"@type\":\"WebPage\",\"@id\":\"https:\/\/radiolifefm.com.br\/noticias\/policia-militar-recupera-produtos-de-furto-em-adamantina-e-localiza-autores-que-sao-detidos\/\",\"url\":\"https:\/\/radiolifefm.com.br\/noticias\/policia-militar-recupera-produtos-de-furto-em-adamantina-e-localiza-autores-que-sao-detidos\/\",\"name\":\"Pol\u00edcia Militar recupera produtos de furto em Adamantina e localiza autores que s\u00e3o detidos - R\u00e1dio Life FM\",\"isPartOf\":{\"@id\":\"https:\/\/radiolifefm.com.br\/noticias\/#website\"},\"primaryImageOfPage\":{\"@id\":\"https:\/\/radiolifefm.com.br\/noticias\/policia-militar-recupera-produtos-de-furto-em-adamantina-e-localiza-autores-que-sao-detidos\/#primaryimage\"},\"image\":{\"@id\":\"https:\/\/radiolifefm.com.br\/noticias\/policia-militar-recupera-produtos-de-furto-em-adamantina-e-localiza-autores-que-sao-detidos\/#primaryimage\"},\"thumbnailUrl\":\"https:\/\/radiolifefm.com.br\/noticias\/wp-content\/uploads\/2026\/03\/WhatsApp-Image-2026-03-12-at-17.59.32.jpeg\",\"datePublished\":\"2026-03-13T01:08:17+00:00\",\"dateModified\":\"2026-04-27T23:32:56+00:00\",\"breadcrumb\":{\"@id\":\"https:\/\/radiolifefm.com.br\/noticias\/policia-militar-recupera-produtos-de-furto-em-adamantina-e-localiza-autores-que-sao-detidos\/#breadcrumb\"},\"inLanguage\":\"pt-BR\",\"potentialAction\":[{\"@type\":\"ReadAction\",\"target\":[\"https:\/\/radiolifefm.com.br\/noticias\/policia-militar-recupera-produtos-de-furto-em-adamantina-e-localiza-autores-que-sao-detidos\/\"]}]},{\"@type\":\"ImageObject\",\"inLanguage\":\"pt-BR\",\"@id\":\"https:\/\/radiolifefm.com.br\/noticias\/policia-militar-recupera-produtos-de-furto-em-adamantina-e-localiza-autores-que-sao-detidos\/#primaryimage\",\"url\":\"https:\/\/radiolifefm.com.br\/noticias\/wp-content\/uploads\/2026\/03\/WhatsApp-Image-2026-03-12-at-17.59.32.jpeg\",\"contentUrl\":\"https:\/\/radiolifefm.com.br\/noticias\/wp-content\/uploads\/2026\/03\/WhatsApp-Image-2026-03-12-at-17.59.32.jpeg\",\"width\":1200,\"height\":1600},{\"@type\":\"BreadcrumbList\",\"@id\":\"https:\/\/radiolifefm.com.br\/noticias\/policia-militar-recupera-produtos-de-furto-em-adamantina-e-localiza-autores-que-sao-detidos\/#breadcrumb\",\"itemListElement\":[{\"@type\":\"ListItem\",\"position\":1,\"name\":\"In\u00edcio\",\"item\":\"https:\/\/radiolifefm.com.br\/noticias\/\"},{\"@type\":\"ListItem\",\"position\":2,\"name\":\"Pol\u00edcia Militar recupera produtos de furto em Adamantina e localiza autores que s\u00e3o detidos\"}]},{\"@type\":\"WebSite\",\"@id\":\"https:\/\/radiolifefm.com.br\/noticias\/#website\",\"url\":\"https:\/\/radiolifefm.com.br\/noticias\/\",\"name\":\"R\u00e1dio Life FM\",\"description\":\"O Portal de Not\u00edcias de Adamantina\",\"publisher\":{\"@id\":\"https:\/\/radiolifefm.com.br\/noticias\/#organization\"},\"alternateName\":\"Life FM\",\"potentialAction\":[{\"@type\":\"SearchAction\",\"target\":{\"@type\":\"EntryPoint\",\"urlTemplate\":\"https:\/\/radiolifefm.com.br\/noticias\/?s={search_term_string}\"},\"query-input\":{\"@type\":\"PropertyValueSpecification\",\"valueRequired\":true,\"valueName\":\"search_term_string\"}}],\"inLanguage\":\"pt-BR\"},{\"@type\":\"Organization\",\"@id\":\"https:\/\/radiolifefm.com.br\/noticias\/#organization\",\"name\":\"R\u00e1dio Life FM\",\"alternateName\":\"Life FM\",\"url\":\"https:\/\/radiolifefm.com.br\/noticias\/\",\"logo\":{\"@type\":\"ImageObject\",\"inLanguage\":\"pt-BR\",\"@id\":\"https:\/\/radiolifefm.com.br\/noticias\/#\/schema\/logo\/image\/\",\"url\":\"https:\/\/static.radiolifefm.com.br\/noticias\/wp-content\/uploads\/2019\/10\/logo-lifefm.png\",\"contentUrl\":\"https:\/\/static.radiolifefm.com.br\/noticias\/wp-content\/uploads\/2019\/10\/logo-lifefm.png\",\"width\":196,\"height\":47,\"caption\":\"R\u00e1dio Life FM\"},\"image\":{\"@id\":\"https:\/\/radiolifefm.com.br\/noticias\/#\/schema\/logo\/image\/\"},\"sameAs\":[\"https:\/\/www.facebook.com\/radiolifefm\/\",\"https:\/\/www.instagram.com\/life1079fm\/\"]},{\"@type\":\"Person\",\"@id\":\"https:\/\/radiolifefm.com.br\/noticias\/#\/schema\/person\/6339b9fac59d12b071dec680d7375d87\",\"name\":\"ritanery\",\"image\":{\"@type\":\"ImageObject\",\"inLanguage\":\"pt-BR\",\"@id\":\"https:\/\/secure.gravatar.com\/avatar\/0e37bb19071f47c0b8a23f62a903df117c5a0e75f65a0c2901562f97cd41cf86?s=96&d=mm&r=g\",\"url\":\"https:\/\/secure.gravatar.com\/avatar\/0e37bb19071f47c0b8a23f62a903df117c5a0e75f65a0c2901562f97cd41cf86?s=96&d=mm&r=g\",\"contentUrl\":\"https:\/\/secure.gravatar.com\/avatar\/0e37bb19071f47c0b8a23f62a903df117c5a0e75f65a0c2901562f97cd41cf86?s=96&d=mm&r=g\",\"caption\":\"ritanery\"}}]}<\/script>\n<!-- \/ Yoast SEO plugin. -->","yoast_head_json":{"title":"Pol\u00edcia Militar recupera produtos de furto em Adamantina e localiza autores que s\u00e3o detidos - R\u00e1dio Life FM","robots":{"index":"index","follow":"follow","max-snippet":"max-snippet:-1","max-image-preview":"max-image-preview:large","max-video-preview":"max-video-preview:-1"},"canonical":"https:\/\/radiolifefm.com.br\/noticias\/policia-militar-recupera-produtos-de-furto-em-adamantina-e-localiza-autores-que-sao-detidos\/","og_locale":"pt_BR","og_type":"article","og_title":"Pol\u00edcia Militar recupera produtos de furto em Adamantina e localiza autores que s\u00e3o detidos - R\u00e1dio Life FM","og_description":"Na tarde de ontem (11), por volta das 16h20, policiais militares do 25\u00ba Batalh\u00e3o de Pol\u00edcia Militar do Interior, durante patrulhamento pelo munic\u00edpio de Adamantina, receberam informa\u00e7\u00f5es de que indiv\u00edduos envolvidos em um furto a resid\u00eancia, ocorrido durante a madrugada, estariam pelo bairro Jardim Brasil. Diante das informa\u00e7\u00f5es, as equipes realizaram dilig\u00eancias no local e [&hellip;]","og_url":"https:\/\/radiolifefm.com.br\/noticias\/policia-militar-recupera-produtos-de-furto-em-adamantina-e-localiza-autores-que-sao-detidos\/","og_site_name":"R\u00e1dio Life FM","article_publisher":"https:\/\/www.facebook.com\/radiolifefm\/","article_published_time":"2026-03-13T01:08:17+00:00","article_modified_time":"2026-04-27T23:32:56+00:00","og_image":[{"width":1200,"height":1600,"url":"https:\/\/radiolifefm.com.br\/noticias\/wp-content\/uploads\/2026\/03\/WhatsApp-Image-2026-03-12-at-17.59.32.jpeg","type":"image\/jpeg"}],"author":"ritanery","twitter_card":"summary_large_image","twitter_misc":{"Escrito por":"ritanery","Est. tempo de leitura":"2 minutos"},"schema":{"@context":"https:\/\/schema.org","@graph":[{"@type":"Article","@id":"https:\/\/radiolifefm.com.br\/noticias\/policia-militar-recupera-produtos-de-furto-em-adamantina-e-localiza-autores-que-sao-detidos\/#article","isPartOf":{"@id":"https:\/\/radiolifefm.com.br\/noticias\/policia-militar-recupera-produtos-de-furto-em-adamantina-e-localiza-autores-que-sao-detidos\/"},"author":{"name":"ritanery","@id":"https:\/\/radiolifefm.com.br\/noticias\/#\/schema\/person\/6339b9fac59d12b071dec680d7375d87"},"headline":"Pol\u00edcia Militar recupera produtos de furto em Adamantina e localiza autores que s\u00e3o detidos","datePublished":"2026-03-13T01:08:17+00:00","dateModified":"2026-04-27T23:32:56+00:00","mainEntityOfPage":{"@id":"https:\/\/radiolifefm.com.br\/noticias\/policia-militar-recupera-produtos-de-furto-em-adamantina-e-localiza-autores-que-sao-detidos\/"},"wordCount":237,"publisher":{"@id":"https:\/\/radiolifefm.com.br\/noticias\/#organization"},"image":{"@id":"https:\/\/radiolifefm.com.br\/noticias\/policia-militar-recupera-produtos-de-furto-em-adamantina-e-localiza-autores-que-sao-detidos\/#primaryimage"},"thumbnailUrl":"https:\/\/radiolifefm.com.br\/noticias\/wp-content\/uploads\/2026\/03\/WhatsApp-Image-2026-03-12-at-17.59.32.jpeg","articleSection":["Pol\u00edcia"],"inLanguage":"pt-BR"},{"@type":"WebPage","@id":"https:\/\/radiolifefm.com.br\/noticias\/policia-militar-recupera-produtos-de-furto-em-adamantina-e-localiza-autores-que-sao-detidos\/","url":"https:\/\/radiolifefm.com.br\/noticias\/policia-militar-recupera-produtos-de-furto-em-adamantina-e-localiza-autores-que-sao-detidos\/","name":"Pol\u00edcia Militar recupera produtos de furto em Adamantina e localiza autores que s\u00e3o detidos - R\u00e1dio Life FM","isPartOf":{"@id":"https:\/\/radiolifefm.com.br\/noticias\/#website"},"primaryImageOfPage":{"@id":"https:\/\/radiolifefm.com.br\/noticias\/policia-militar-recupera-produtos-de-furto-em-adamantina-e-localiza-autores-que-sao-detidos\/#primaryimage"},"image":{"@id":"https:\/\/radiolifefm.com.br\/noticias\/policia-militar-recupera-produtos-de-furto-em-adamantina-e-localiza-autores-que-sao-detidos\/#primaryimage"},"thumbnailUrl":"https:\/\/radiolifefm.com.br\/noticias\/wp-content\/uploads\/2026\/03\/WhatsApp-Image-2026-03-12-at-17.59.32.jpeg","datePublished":"2026-03-13T01:08:17+00:00","dateModified":"2026-04-27T23:32:56+00:00","breadcrumb":{"@id":"https:\/\/radiolifefm.com.br\/noticias\/policia-militar-recupera-produtos-de-furto-em-adamantina-e-localiza-autores-que-sao-detidos\/#breadcrumb"},"inLanguage":"pt-BR","potentialAction":[{"@type":"ReadAction","target":["https:\/\/radiolifefm.com.br\/noticias\/policia-militar-recupera-produtos-de-furto-em-adamantina-e-localiza-autores-que-sao-detidos\/"]}]},{"@type":"ImageObject","inLanguage":"pt-BR","@id":"https:\/\/radiolifefm.com.br\/noticias\/policia-militar-recupera-produtos-de-furto-em-adamantina-e-localiza-autores-que-sao-detidos\/#primaryimage","url":"https:\/\/radiolifefm.com.br\/noticias\/wp-content\/uploads\/2026\/03\/WhatsApp-Image-2026-03-12-at-17.59.32.jpeg","contentUrl":"https:\/\/radiolifefm.com.br\/noticias\/wp-content\/uploads\/2026\/03\/WhatsApp-Image-2026-03-12-at-17.59.32.jpeg","width":1200,"height":1600},{"@type":"BreadcrumbList","@id":"https:\/\/radiolifefm.com.br\/noticias\/policia-militar-recupera-produtos-de-furto-em-adamantina-e-localiza-autores-que-sao-detidos\/#breadcrumb","itemListElement":[{"@type":"ListItem","position":1,"name":"In\u00edcio","item":"https:\/\/radiolifefm.com.br\/noticias\/"},{"@type":"ListItem","position":2,"name":"Pol\u00edcia Militar recupera produtos de furto em Adamantina e localiza autores que s\u00e3o detidos"}]},{"@type":"WebSite","@id":"https:\/\/radiolifefm.com.br\/noticias\/#website","url":"https:\/\/radiolifefm.com.br\/noticias\/","name":"R\u00e1dio Life FM","description":"O Portal de Not\u00edcias de Adamantina","publisher":{"@id":"https:\/\/radiolifefm.com.br\/noticias\/#organization"},"alternateName":"Life FM","potentialAction":[{"@type":"SearchAction","target":{"@type":"EntryPoint","urlTemplate":"https:\/\/radiolifefm.com.br\/noticias\/?s={search_term_string}"},"query-input":{"@type":"PropertyValueSpecification","valueRequired":true,"valueName":"search_term_string"}}],"inLanguage":"pt-BR"},{"@type":"Organization","@id":"https:\/\/radiolifefm.com.br\/noticias\/#organization","name":"R\u00e1dio Life FM","alternateName":"Life FM","url":"https:\/\/radiolifefm.com.br\/noticias\/","logo":{"@type":"ImageObject","inLanguage":"pt-BR","@id":"https:\/\/radiolifefm.com.br\/noticias\/#\/schema\/logo\/image\/","url":"https:\/\/static.radiolifefm.com.br\/noticias\/wp-content\/uploads\/2019\/10\/logo-lifefm.png","contentUrl":"https:\/\/static.radiolifefm.com.br\/noticias\/wp-content\/uploads\/2019\/10\/logo-lifefm.png","width":196,"height":47,"caption":"R\u00e1dio Life FM"},"image":{"@id":"https:\/\/radiolifefm.com.br\/noticias\/#\/schema\/logo\/image\/"},"sameAs":["https:\/\/www.facebook.com\/radiolifefm\/","https:\/\/www.instagram.com\/life1079fm\/"]},{"@type":"Person","@id":"https:\/\/radiolifefm.com.br\/noticias\/#\/schema\/person\/6339b9fac59d12b071dec680d7375d87","name":"ritanery","image":{"@type":"ImageObject","inLanguage":"pt-BR","@id":"https:\/\/secure.gravatar.com\/avatar\/0e37bb19071f47c0b8a23f62a903df117c5a0e75f65a0c2901562f97cd41cf86?s=96&d=mm&r=g","url":"https:\/\/secure.gravatar.com\/avatar\/0e37bb19071f47c0b8a23f62a903df117c5a0e75f65a0c2901562f97cd41cf86?s=96&d=mm&r=g","contentUrl":"https:\/\/secure.gravatar.com\/avatar\/0e37bb19071f47c0b8a23f62a903df117c5a0e75f65a0c2901562f97cd41cf86?s=96&d=mm&r=g","caption":"ritanery"}}]}},"amp_enabled":true,"_links":{"self":[{"href":"https:\/\/radiolifefm.com.br\/noticias\/wp-json\/wp\/v2\/posts\/117272","targetHints":{"allow":["GET"]}}],"collection":[{"href":"https:\/\/radiolifefm.com.br\/noticias\/wp-json\/wp\/v2\/posts"}],"about":[{"href":"https:\/\/radiolifefm.com.br\/noticias\/wp-json\/wp\/v2\/types\/post"}],"author":[{"embeddable":true,"href":"https:\/\/radiolifefm.com.br\/noticias\/wp-json\/wp\/v2\/users\/13"}],"replies":[{"embeddable":true,"href":"https:\/\/radiolifefm.com.br\/noticias\/wp-json\/wp\/v2\/comments?post=117272"}],"version-history":[{"count":1,"href":"https:\/\/radiolifefm.com.br\/noticias\/wp-json\/wp\/v2\/posts\/117272\/revisions"}],"predecessor-version":[{"id":117274,"href":"https:\/\/radiolifefm.com.br\/noticias\/wp-json\/wp\/v2\/posts\/117272\/revisions\/117274"}],"wp:featuredmedia":[{"embeddable":true,"href":"https:\/\/radiolifefm.com.br\/noticias\/wp-json\/wp\/v2\/media\/117273"}],"wp:attachment":[{"href":"https:\/\/radiolifefm.com.br\/noticias\/wp-json\/wp\/v2\/media?parent=117272"}],"wp:term":[{"taxonomy":"category","embeddable":true,"href":"https:\/\/radiolifefm.com.br\/noticias\/wp-json\/wp\/v2\/categories?post=117272"},{"taxonomy":"post_tag","embeddable":true,"href":"https:\/\/radiolifefm.com.br\/noticias\/wp-json\/wp\/v2\/tags?post=117272"}],"curies":[{"name":"wp","href":"https:\/\/api.w.org\/{rel}","templated":true}]}}