{"id":117254,"date":"2026-03-12T08:13:59","date_gmt":"2026-03-12T11:13:59","guid":{"rendered":"https:\/\/radiolifefm.com.br\/noticias\/?p=117254"},"modified":"2026-04-21T10:58:54","modified_gmt":"2026-04-21T13:58:54","slug":"copa-fai-de-futsal-define-classificados-e-inicia-segunda-fase-nesta-sexta-feira","status":"publish","type":"post","link":"https:\/\/radiolifefm.com.br\/noticias\/copa-fai-de-futsal-define-classificados-e-inicia-segunda-fase-nesta-sexta-feira\/","title":{"rendered":"Copa FAI de Futsal define classificados e inicia segunda fase nesta sexta-feira"},"content":{"rendered":"<div id=\"fb-root\"><\/div>\n<p>A 18\u00aa Copa FAI de Futsal 2026 chegou ao fim de sua primeira fase na \u00faltima quarta-feira (11), com a realiza\u00e7\u00e3o da 8\u00aa rodada, disputada no Gin\u00e1sio Paulo Camargo, em Adamantina.<br \/>\nOs confrontos foram marcados por muitos gols e definiram as equipes classificadas para a pr\u00f3xima etapa da competi\u00e7\u00e3o.<\/p>\n<p>No primeiro jogo da noite, Inove \/ Z\u00e9 Gordo e Panela Caipira Morro fizeram um duelo equilibrado que terminou empatado em 2 a 2, resultado importante na briga por posi\u00e7\u00f5es dentro da tabela.<\/p>\n<p>Na sequ\u00eancia, Os Primos FC mostraram for\u00e7a ofensiva e conquistaram uma vit\u00f3ria convincente sobre o Adamantina City, vencendo por 4 a 1.<\/p>\n<p>Fechando a rodada, o p\u00fablico presente acompanhou uma partida movimentada entre Omnitrix\/Caf\u00e9 e Bastos, com muitos gols. Melhor para o Omnitrix, que venceu por 7 a 4, garantindo um resultado expressivo no encerramento da fase inicial.<\/p>\n<p>Com o t\u00e9rmino da primeira fase, a competi\u00e7\u00e3o entra agora em um novo momento: a segunda fase, que come\u00e7a j\u00e1 nesta sexta-feira (13), novamente no Gin\u00e1sio Paulo Camargo.<\/p>\n<p><strong>Jogos da 1\u00aa rodada da segunda fase<\/strong><br \/>\n19h30 \u2014 Inove \/ Z\u00e9 Gordo x Fhenix<br \/>\n20h30 \u2014 S.E. 4 Amigos x Panela Caipira Morro<br \/>\n21h30 \u2014 Os Primos FC x Rangers Rovers<\/p>\n<p>A segunda fase promete confrontos ainda mais equilibrados, reunindo equipes que se destacaram na etapa inicial. A expectativa \u00e9 de grandes jogos e gin\u00e1sio cheio para acompanhar a sequ\u00eancia da competi\u00e7\u00e3o, que \u00e9 uma das mais tradicionais do futsal regional.<br \/>\nA 18\u00aa Copa FAI de Futsal conta com o apoio da FAI \u2013 Centro Universit\u00e1rio de Adamantina, Prefeitura de Adamantina e Secretaria Municipal de Esportes, Lazer e Recrea\u00e7\u00e3o.<\/p>\n<div class='flex flex-wrap items-center -mx-1'>\r\n<a class='thumbnail gallery p-1 w-1\/2 md:w-1\/4' href='https:\/\/radiolifefm.com.br\/noticias\/wp-content\/uploads\/2026\/03\/WhatsApp-Image-2026-03-12-at-07.28.12-2-scaled.jpeg'><img class='border border-white' src='https:\/\/radiolifefm.com.br\/noticias\/wp-content\/uploads\/2026\/03\/WhatsApp-Image-2026-03-12-at-07.28.12-2-200x200.jpeg' alt='WhatsApp Image 2026 03 12 At 07.28.12 (2)' \/><\/a><a class='thumbnail gallery p-1 w-1\/2 md:w-1\/4' href='https:\/\/radiolifefm.com.br\/noticias\/wp-content\/uploads\/2026\/03\/WhatsApp-Image-2026-03-12-at-07.28.12-scaled.jpeg'><img class='border border-white' src='https:\/\/radiolifefm.com.br\/noticias\/wp-content\/uploads\/2026\/03\/WhatsApp-Image-2026-03-12-at-07.28.12-200x200.jpeg' alt='WhatsApp Image 2026 03 12 At 07.28.12' \/><\/a><\/div>\n<p>Por Rita Nery<\/p>\n","protected":false},"excerpt":{"rendered":"<p>A 18\u00aa Copa FAI de Futsal 2026 chegou ao fim de sua primeira fase na \u00faltima quarta-feira (11), com a realiza\u00e7\u00e3o da 8\u00aa rodada, disputada no Gin\u00e1sio Paulo Camargo, em Adamantina. Os confrontos foram marcados por muitos gols e definiram as equipes classificadas para a pr\u00f3xima etapa da competi\u00e7\u00e3o. No primeiro jogo da noite, Inove [&hellip;]<\/p>\n","protected":false},"author":13,"featured_media":117256,"comment_status":"closed","ping_status":"open","sticky":false,"template":"","format":"standard","meta":{"_acf_changed":false,"_exactmetrics_skip_tracking":false,"_exactmetrics_sitenote_active":false,"_exactmetrics_sitenote_note":"","_exactmetrics_sitenote_category":0,"footnotes":""},"categories":[21,56],"tags":[],"class_list":["post-117254","post","type-post","status-publish","format-standard","has-post-thumbnail","hentry","category-adamantina","category-esporte"],"acf":[],"yoast_head":"<!-- This site is optimized with the Yoast SEO plugin v27.2 - https:\/\/yoast.com\/product\/yoast-seo-wordpress\/ -->\n<title>Copa FAI de Futsal define classificados e inicia segunda fase nesta sexta-feira - R\u00e1dio Life FM<\/title>\n<meta name=\"robots\" content=\"index, follow, max-snippet:-1, max-image-preview:large, max-video-preview:-1\" \/>\n<link rel=\"canonical\" href=\"https:\/\/radiolifefm.com.br\/noticias\/copa-fai-de-futsal-define-classificados-e-inicia-segunda-fase-nesta-sexta-feira\/\" \/>\n<meta property=\"og:locale\" content=\"pt_BR\" \/>\n<meta property=\"og:type\" content=\"article\" \/>\n<meta property=\"og:title\" content=\"Copa FAI de Futsal define classificados e inicia segunda fase nesta sexta-feira - R\u00e1dio Life FM\" \/>\n<meta property=\"og:description\" content=\"A 18\u00aa Copa FAI de Futsal 2026 chegou ao fim de sua primeira fase na \u00faltima quarta-feira (11), com a realiza\u00e7\u00e3o da 8\u00aa rodada, disputada no Gin\u00e1sio Paulo Camargo, em Adamantina. Os confrontos foram marcados por muitos gols e definiram as equipes classificadas para a pr\u00f3xima etapa da competi\u00e7\u00e3o. No primeiro jogo da noite, Inove [&hellip;]\" \/>\n<meta property=\"og:url\" content=\"https:\/\/radiolifefm.com.br\/noticias\/copa-fai-de-futsal-define-classificados-e-inicia-segunda-fase-nesta-sexta-feira\/\" \/>\n<meta property=\"og:site_name\" content=\"R\u00e1dio Life FM\" \/>\n<meta property=\"article:publisher\" content=\"https:\/\/www.facebook.com\/radiolifefm\/\" \/>\n<meta property=\"article:published_time\" content=\"2026-03-12T11:13:59+00:00\" \/>\n<meta property=\"article:modified_time\" content=\"2026-04-21T13:58:54+00:00\" \/>\n<meta property=\"og:image\" content=\"https:\/\/radiolifefm.com.br\/noticias\/wp-content\/uploads\/2026\/03\/WhatsApp-Image-2026-03-12-at-07.28.12-3.jpeg\" \/>\n\t<meta property=\"og:image:width\" content=\"960\" \/>\n\t<meta property=\"og:image:height\" content=\"1440\" \/>\n\t<meta property=\"og:image:type\" content=\"image\/jpeg\" \/>\n<meta name=\"author\" content=\"ritanery\" \/>\n<meta name=\"twitter:card\" content=\"summary_large_image\" \/>\n<meta name=\"twitter:label1\" content=\"Escrito por\" \/>\n\t<meta name=\"twitter:data1\" content=\"ritanery\" \/>\n\t<meta name=\"twitter:label2\" content=\"Est. tempo de leitura\" \/>\n\t<meta name=\"twitter:data2\" content=\"2 minutos\" \/>\n<script type=\"application\/ld+json\" class=\"yoast-schema-graph\">{\"@context\":\"https:\/\/schema.org\",\"@graph\":[{\"@type\":\"Article\",\"@id\":\"https:\/\/radiolifefm.com.br\/noticias\/copa-fai-de-futsal-define-classificados-e-inicia-segunda-fase-nesta-sexta-feira\/#article\",\"isPartOf\":{\"@id\":\"https:\/\/radiolifefm.com.br\/noticias\/copa-fai-de-futsal-define-classificados-e-inicia-segunda-fase-nesta-sexta-feira\/\"},\"author\":{\"name\":\"ritanery\",\"@id\":\"https:\/\/radiolifefm.com.br\/noticias\/#\/schema\/person\/6339b9fac59d12b071dec680d7375d87\"},\"headline\":\"Copa FAI de Futsal define classificados e inicia segunda fase nesta sexta-feira\",\"datePublished\":\"2026-03-12T11:13:59+00:00\",\"dateModified\":\"2026-04-21T13:58:54+00:00\",\"mainEntityOfPage\":{\"@id\":\"https:\/\/radiolifefm.com.br\/noticias\/copa-fai-de-futsal-define-classificados-e-inicia-segunda-fase-nesta-sexta-feira\/\"},\"wordCount\":286,\"publisher\":{\"@id\":\"https:\/\/radiolifefm.com.br\/noticias\/#organization\"},\"image\":{\"@id\":\"https:\/\/radiolifefm.com.br\/noticias\/copa-fai-de-futsal-define-classificados-e-inicia-segunda-fase-nesta-sexta-feira\/#primaryimage\"},\"thumbnailUrl\":\"https:\/\/radiolifefm.com.br\/noticias\/wp-content\/uploads\/2026\/03\/WhatsApp-Image-2026-03-12-at-07.28.12-3.jpeg\",\"articleSection\":[\"Adamantina\",\"Esporte\"],\"inLanguage\":\"pt-BR\"},{\"@type\":\"WebPage\",\"@id\":\"https:\/\/radiolifefm.com.br\/noticias\/copa-fai-de-futsal-define-classificados-e-inicia-segunda-fase-nesta-sexta-feira\/\",\"url\":\"https:\/\/radiolifefm.com.br\/noticias\/copa-fai-de-futsal-define-classificados-e-inicia-segunda-fase-nesta-sexta-feira\/\",\"name\":\"Copa FAI de Futsal define classificados e inicia segunda fase nesta sexta-feira - R\u00e1dio Life FM\",\"isPartOf\":{\"@id\":\"https:\/\/radiolifefm.com.br\/noticias\/#website\"},\"primaryImageOfPage\":{\"@id\":\"https:\/\/radiolifefm.com.br\/noticias\/copa-fai-de-futsal-define-classificados-e-inicia-segunda-fase-nesta-sexta-feira\/#primaryimage\"},\"image\":{\"@id\":\"https:\/\/radiolifefm.com.br\/noticias\/copa-fai-de-futsal-define-classificados-e-inicia-segunda-fase-nesta-sexta-feira\/#primaryimage\"},\"thumbnailUrl\":\"https:\/\/radiolifefm.com.br\/noticias\/wp-content\/uploads\/2026\/03\/WhatsApp-Image-2026-03-12-at-07.28.12-3.jpeg\",\"datePublished\":\"2026-03-12T11:13:59+00:00\",\"dateModified\":\"2026-04-21T13:58:54+00:00\",\"breadcrumb\":{\"@id\":\"https:\/\/radiolifefm.com.br\/noticias\/copa-fai-de-futsal-define-classificados-e-inicia-segunda-fase-nesta-sexta-feira\/#breadcrumb\"},\"inLanguage\":\"pt-BR\",\"potentialAction\":[{\"@type\":\"ReadAction\",\"target\":[\"https:\/\/radiolifefm.com.br\/noticias\/copa-fai-de-futsal-define-classificados-e-inicia-segunda-fase-nesta-sexta-feira\/\"]}]},{\"@type\":\"ImageObject\",\"inLanguage\":\"pt-BR\",\"@id\":\"https:\/\/radiolifefm.com.br\/noticias\/copa-fai-de-futsal-define-classificados-e-inicia-segunda-fase-nesta-sexta-feira\/#primaryimage\",\"url\":\"https:\/\/radiolifefm.com.br\/noticias\/wp-content\/uploads\/2026\/03\/WhatsApp-Image-2026-03-12-at-07.28.12-3.jpeg\",\"contentUrl\":\"https:\/\/radiolifefm.com.br\/noticias\/wp-content\/uploads\/2026\/03\/WhatsApp-Image-2026-03-12-at-07.28.12-3.jpeg\",\"width\":960,\"height\":1440,\"caption\":\"Vitor Natan, na partida entre Os Primos FC x Adamantina City (Por Rita Nery)\"},{\"@type\":\"BreadcrumbList\",\"@id\":\"https:\/\/radiolifefm.com.br\/noticias\/copa-fai-de-futsal-define-classificados-e-inicia-segunda-fase-nesta-sexta-feira\/#breadcrumb\",\"itemListElement\":[{\"@type\":\"ListItem\",\"position\":1,\"name\":\"In\u00edcio\",\"item\":\"https:\/\/radiolifefm.com.br\/noticias\/\"},{\"@type\":\"ListItem\",\"position\":2,\"name\":\"Copa FAI de Futsal define classificados e inicia segunda fase nesta sexta-feira\"}]},{\"@type\":\"WebSite\",\"@id\":\"https:\/\/radiolifefm.com.br\/noticias\/#website\",\"url\":\"https:\/\/radiolifefm.com.br\/noticias\/\",\"name\":\"R\u00e1dio Life FM\",\"description\":\"O Portal de Not\u00edcias de Adamantina\",\"publisher\":{\"@id\":\"https:\/\/radiolifefm.com.br\/noticias\/#organization\"},\"alternateName\":\"Life FM\",\"potentialAction\":[{\"@type\":\"SearchAction\",\"target\":{\"@type\":\"EntryPoint\",\"urlTemplate\":\"https:\/\/radiolifefm.com.br\/noticias\/?s={search_term_string}\"},\"query-input\":{\"@type\":\"PropertyValueSpecification\",\"valueRequired\":true,\"valueName\":\"search_term_string\"}}],\"inLanguage\":\"pt-BR\"},{\"@type\":\"Organization\",\"@id\":\"https:\/\/radiolifefm.com.br\/noticias\/#organization\",\"name\":\"R\u00e1dio Life FM\",\"alternateName\":\"Life FM\",\"url\":\"https:\/\/radiolifefm.com.br\/noticias\/\",\"logo\":{\"@type\":\"ImageObject\",\"inLanguage\":\"pt-BR\",\"@id\":\"https:\/\/radiolifefm.com.br\/noticias\/#\/schema\/logo\/image\/\",\"url\":\"https:\/\/static.radiolifefm.com.br\/noticias\/wp-content\/uploads\/2019\/10\/logo-lifefm.png\",\"contentUrl\":\"https:\/\/static.radiolifefm.com.br\/noticias\/wp-content\/uploads\/2019\/10\/logo-lifefm.png\",\"width\":196,\"height\":47,\"caption\":\"R\u00e1dio Life FM\"},\"image\":{\"@id\":\"https:\/\/radiolifefm.com.br\/noticias\/#\/schema\/logo\/image\/\"},\"sameAs\":[\"https:\/\/www.facebook.com\/radiolifefm\/\",\"https:\/\/www.instagram.com\/life1079fm\/\"]},{\"@type\":\"Person\",\"@id\":\"https:\/\/radiolifefm.com.br\/noticias\/#\/schema\/person\/6339b9fac59d12b071dec680d7375d87\",\"name\":\"ritanery\",\"image\":{\"@type\":\"ImageObject\",\"inLanguage\":\"pt-BR\",\"@id\":\"https:\/\/secure.gravatar.com\/avatar\/0e37bb19071f47c0b8a23f62a903df117c5a0e75f65a0c2901562f97cd41cf86?s=96&d=mm&r=g\",\"url\":\"https:\/\/secure.gravatar.com\/avatar\/0e37bb19071f47c0b8a23f62a903df117c5a0e75f65a0c2901562f97cd41cf86?s=96&d=mm&r=g\",\"contentUrl\":\"https:\/\/secure.gravatar.com\/avatar\/0e37bb19071f47c0b8a23f62a903df117c5a0e75f65a0c2901562f97cd41cf86?s=96&d=mm&r=g\",\"caption\":\"ritanery\"}}]}<\/script>\n<!-- \/ Yoast SEO plugin. -->","yoast_head_json":{"title":"Copa FAI de Futsal define classificados e inicia segunda fase nesta sexta-feira - R\u00e1dio Life FM","robots":{"index":"index","follow":"follow","max-snippet":"max-snippet:-1","max-image-preview":"max-image-preview:large","max-video-preview":"max-video-preview:-1"},"canonical":"https:\/\/radiolifefm.com.br\/noticias\/copa-fai-de-futsal-define-classificados-e-inicia-segunda-fase-nesta-sexta-feira\/","og_locale":"pt_BR","og_type":"article","og_title":"Copa FAI de Futsal define classificados e inicia segunda fase nesta sexta-feira - R\u00e1dio Life FM","og_description":"A 18\u00aa Copa FAI de Futsal 2026 chegou ao fim de sua primeira fase na \u00faltima quarta-feira (11), com a realiza\u00e7\u00e3o da 8\u00aa rodada, disputada no Gin\u00e1sio Paulo Camargo, em Adamantina. Os confrontos foram marcados por muitos gols e definiram as equipes classificadas para a pr\u00f3xima etapa da competi\u00e7\u00e3o. No primeiro jogo da noite, Inove [&hellip;]","og_url":"https:\/\/radiolifefm.com.br\/noticias\/copa-fai-de-futsal-define-classificados-e-inicia-segunda-fase-nesta-sexta-feira\/","og_site_name":"R\u00e1dio Life FM","article_publisher":"https:\/\/www.facebook.com\/radiolifefm\/","article_published_time":"2026-03-12T11:13:59+00:00","article_modified_time":"2026-04-21T13:58:54+00:00","og_image":[{"width":960,"height":1440,"url":"https:\/\/radiolifefm.com.br\/noticias\/wp-content\/uploads\/2026\/03\/WhatsApp-Image-2026-03-12-at-07.28.12-3.jpeg","type":"image\/jpeg"}],"author":"ritanery","twitter_card":"summary_large_image","twitter_misc":{"Escrito por":"ritanery","Est. tempo de leitura":"2 minutos"},"schema":{"@context":"https:\/\/schema.org","@graph":[{"@type":"Article","@id":"https:\/\/radiolifefm.com.br\/noticias\/copa-fai-de-futsal-define-classificados-e-inicia-segunda-fase-nesta-sexta-feira\/#article","isPartOf":{"@id":"https:\/\/radiolifefm.com.br\/noticias\/copa-fai-de-futsal-define-classificados-e-inicia-segunda-fase-nesta-sexta-feira\/"},"author":{"name":"ritanery","@id":"https:\/\/radiolifefm.com.br\/noticias\/#\/schema\/person\/6339b9fac59d12b071dec680d7375d87"},"headline":"Copa FAI de Futsal define classificados e inicia segunda fase nesta sexta-feira","datePublished":"2026-03-12T11:13:59+00:00","dateModified":"2026-04-21T13:58:54+00:00","mainEntityOfPage":{"@id":"https:\/\/radiolifefm.com.br\/noticias\/copa-fai-de-futsal-define-classificados-e-inicia-segunda-fase-nesta-sexta-feira\/"},"wordCount":286,"publisher":{"@id":"https:\/\/radiolifefm.com.br\/noticias\/#organization"},"image":{"@id":"https:\/\/radiolifefm.com.br\/noticias\/copa-fai-de-futsal-define-classificados-e-inicia-segunda-fase-nesta-sexta-feira\/#primaryimage"},"thumbnailUrl":"https:\/\/radiolifefm.com.br\/noticias\/wp-content\/uploads\/2026\/03\/WhatsApp-Image-2026-03-12-at-07.28.12-3.jpeg","articleSection":["Adamantina","Esporte"],"inLanguage":"pt-BR"},{"@type":"WebPage","@id":"https:\/\/radiolifefm.com.br\/noticias\/copa-fai-de-futsal-define-classificados-e-inicia-segunda-fase-nesta-sexta-feira\/","url":"https:\/\/radiolifefm.com.br\/noticias\/copa-fai-de-futsal-define-classificados-e-inicia-segunda-fase-nesta-sexta-feira\/","name":"Copa FAI de Futsal define classificados e inicia segunda fase nesta sexta-feira - R\u00e1dio Life FM","isPartOf":{"@id":"https:\/\/radiolifefm.com.br\/noticias\/#website"},"primaryImageOfPage":{"@id":"https:\/\/radiolifefm.com.br\/noticias\/copa-fai-de-futsal-define-classificados-e-inicia-segunda-fase-nesta-sexta-feira\/#primaryimage"},"image":{"@id":"https:\/\/radiolifefm.com.br\/noticias\/copa-fai-de-futsal-define-classificados-e-inicia-segunda-fase-nesta-sexta-feira\/#primaryimage"},"thumbnailUrl":"https:\/\/radiolifefm.com.br\/noticias\/wp-content\/uploads\/2026\/03\/WhatsApp-Image-2026-03-12-at-07.28.12-3.jpeg","datePublished":"2026-03-12T11:13:59+00:00","dateModified":"2026-04-21T13:58:54+00:00","breadcrumb":{"@id":"https:\/\/radiolifefm.com.br\/noticias\/copa-fai-de-futsal-define-classificados-e-inicia-segunda-fase-nesta-sexta-feira\/#breadcrumb"},"inLanguage":"pt-BR","potentialAction":[{"@type":"ReadAction","target":["https:\/\/radiolifefm.com.br\/noticias\/copa-fai-de-futsal-define-classificados-e-inicia-segunda-fase-nesta-sexta-feira\/"]}]},{"@type":"ImageObject","inLanguage":"pt-BR","@id":"https:\/\/radiolifefm.com.br\/noticias\/copa-fai-de-futsal-define-classificados-e-inicia-segunda-fase-nesta-sexta-feira\/#primaryimage","url":"https:\/\/radiolifefm.com.br\/noticias\/wp-content\/uploads\/2026\/03\/WhatsApp-Image-2026-03-12-at-07.28.12-3.jpeg","contentUrl":"https:\/\/radiolifefm.com.br\/noticias\/wp-content\/uploads\/2026\/03\/WhatsApp-Image-2026-03-12-at-07.28.12-3.jpeg","width":960,"height":1440,"caption":"Vitor Natan, na partida entre Os Primos FC x Adamantina City (Por Rita Nery)"},{"@type":"BreadcrumbList","@id":"https:\/\/radiolifefm.com.br\/noticias\/copa-fai-de-futsal-define-classificados-e-inicia-segunda-fase-nesta-sexta-feira\/#breadcrumb","itemListElement":[{"@type":"ListItem","position":1,"name":"In\u00edcio","item":"https:\/\/radiolifefm.com.br\/noticias\/"},{"@type":"ListItem","position":2,"name":"Copa FAI de Futsal define classificados e inicia segunda fase nesta sexta-feira"}]},{"@type":"WebSite","@id":"https:\/\/radiolifefm.com.br\/noticias\/#website","url":"https:\/\/radiolifefm.com.br\/noticias\/","name":"R\u00e1dio Life FM","description":"O Portal de Not\u00edcias de Adamantina","publisher":{"@id":"https:\/\/radiolifefm.com.br\/noticias\/#organization"},"alternateName":"Life FM","potentialAction":[{"@type":"SearchAction","target":{"@type":"EntryPoint","urlTemplate":"https:\/\/radiolifefm.com.br\/noticias\/?s={search_term_string}"},"query-input":{"@type":"PropertyValueSpecification","valueRequired":true,"valueName":"search_term_string"}}],"inLanguage":"pt-BR"},{"@type":"Organization","@id":"https:\/\/radiolifefm.com.br\/noticias\/#organization","name":"R\u00e1dio Life FM","alternateName":"Life FM","url":"https:\/\/radiolifefm.com.br\/noticias\/","logo":{"@type":"ImageObject","inLanguage":"pt-BR","@id":"https:\/\/radiolifefm.com.br\/noticias\/#\/schema\/logo\/image\/","url":"https:\/\/static.radiolifefm.com.br\/noticias\/wp-content\/uploads\/2019\/10\/logo-lifefm.png","contentUrl":"https:\/\/static.radiolifefm.com.br\/noticias\/wp-content\/uploads\/2019\/10\/logo-lifefm.png","width":196,"height":47,"caption":"R\u00e1dio Life FM"},"image":{"@id":"https:\/\/radiolifefm.com.br\/noticias\/#\/schema\/logo\/image\/"},"sameAs":["https:\/\/www.facebook.com\/radiolifefm\/","https:\/\/www.instagram.com\/life1079fm\/"]},{"@type":"Person","@id":"https:\/\/radiolifefm.com.br\/noticias\/#\/schema\/person\/6339b9fac59d12b071dec680d7375d87","name":"ritanery","image":{"@type":"ImageObject","inLanguage":"pt-BR","@id":"https:\/\/secure.gravatar.com\/avatar\/0e37bb19071f47c0b8a23f62a903df117c5a0e75f65a0c2901562f97cd41cf86?s=96&d=mm&r=g","url":"https:\/\/secure.gravatar.com\/avatar\/0e37bb19071f47c0b8a23f62a903df117c5a0e75f65a0c2901562f97cd41cf86?s=96&d=mm&r=g","contentUrl":"https:\/\/secure.gravatar.com\/avatar\/0e37bb19071f47c0b8a23f62a903df117c5a0e75f65a0c2901562f97cd41cf86?s=96&d=mm&r=g","caption":"ritanery"}}]}},"amp_enabled":true,"_links":{"self":[{"href":"https:\/\/radiolifefm.com.br\/noticias\/wp-json\/wp\/v2\/posts\/117254","targetHints":{"allow":["GET"]}}],"collection":[{"href":"https:\/\/radiolifefm.com.br\/noticias\/wp-json\/wp\/v2\/posts"}],"about":[{"href":"https:\/\/radiolifefm.com.br\/noticias\/wp-json\/wp\/v2\/types\/post"}],"author":[{"embeddable":true,"href":"https:\/\/radiolifefm.com.br\/noticias\/wp-json\/wp\/v2\/users\/13"}],"replies":[{"embeddable":true,"href":"https:\/\/radiolifefm.com.br\/noticias\/wp-json\/wp\/v2\/comments?post=117254"}],"version-history":[{"count":4,"href":"https:\/\/radiolifefm.com.br\/noticias\/wp-json\/wp\/v2\/posts\/117254\/revisions"}],"predecessor-version":[{"id":117262,"href":"https:\/\/radiolifefm.com.br\/noticias\/wp-json\/wp\/v2\/posts\/117254\/revisions\/117262"}],"wp:featuredmedia":[{"embeddable":true,"href":"https:\/\/radiolifefm.com.br\/noticias\/wp-json\/wp\/v2\/media\/117256"}],"wp:attachment":[{"href":"https:\/\/radiolifefm.com.br\/noticias\/wp-json\/wp\/v2\/media?parent=117254"}],"wp:term":[{"taxonomy":"category","embeddable":true,"href":"https:\/\/radiolifefm.com.br\/noticias\/wp-json\/wp\/v2\/categories?post=117254"},{"taxonomy":"post_tag","embeddable":true,"href":"https:\/\/radiolifefm.com.br\/noticias\/wp-json\/wp\/v2\/tags?post=117254"}],"curies":[{"name":"wp","href":"https:\/\/api.w.org\/{rel}","templated":true}]}}