{"id":117203,"date":"2026-03-11T22:53:34","date_gmt":"2026-03-12T01:53:34","guid":{"rendered":"https:\/\/radiolifefm.com.br\/noticias\/?p=117203"},"modified":"2026-04-27T12:14:35","modified_gmt":"2026-04-27T15:14:35","slug":"64a-festa-do-ovo-e-lancada-com-125-dias-de-antecedencia-e-reforca-potencial-de-desenvolvimento-para-bastos-e-toda-a-regiao","status":"publish","type":"post","link":"https:\/\/radiolifefm.com.br\/noticias\/64a-festa-do-ovo-e-lancada-com-125-dias-de-antecedencia-e-reforca-potencial-de-desenvolvimento-para-bastos-e-toda-a-regiao\/","title":{"rendered":"64\u00aa Festa do Ovo \u00e9 lan\u00e7ada com 125 dias de anteced\u00eancia e refor\u00e7a potencial de desenvolvimento para Bastos e toda a regi\u00e3o"},"content":{"rendered":"<div id=\"fb-root\"><\/div>\n<p>A cidade de Bastos deu um importante passo na organiza\u00e7\u00e3o de um dos eventos mais tradicionais do pa\u00eds. Com 125 dias de anteced\u00eancia, a programa\u00e7\u00e3o oficial da Festa do Ovo de Bastos foi anunciada durante coletiva de imprensa realizada no gabinete do prefeito Kleber Lopes, reunindo representantes da imprensa regional.<br \/>\nA decis\u00e3o de antecipar o an\u00fancio n\u00e3o \u00e9 apenas estrat\u00e9gica para o evento, mas representa uma oportunidade concreta de desenvolvimento econ\u00f4mico, tur\u00edstico e cultural para Bastos e toda a regi\u00e3o.<br \/>\nSegundo o prefeito Kleber Lopes, divulgar a festa com mais de quatro meses de anteced\u00eancia permite que com\u00e9rcio, hot\u00e9is, restaurantes e prestadores de servi\u00e7os se organizem com planejamento, fortalecendo toda a cadeia econ\u00f4mica que gira em torno do evento.<br \/>\nDurante a coletiva, a mesa de autoridades foi composta tendo como principal representante o prefeito Kleber Lopes, ao lado de importantes lideran\u00e7as ligadas \u00e0 organiza\u00e7\u00e3o e ao desenvolvimento do munic\u00edpio. Estiveram presentes Rog\u00e9rio Macedo, secret\u00e1rio de Turismo e Desenvolvimento Econ\u00f4mico de Bastos; Tanaharu Ebisawa, presidente da ACEMBA; Francisco Oura, diretor de patrim\u00f4nio da ACEMBA; e Ivanilton Bagagi, secret\u00e1rio de Cultura de Bastos.<br \/>\nTamb\u00e9m marcou presen\u00e7a Edgar, empres\u00e1rio e vice-prefeito da cidade de In\u00fabia Paulista, refor\u00e7ando o car\u00e1ter regional do evento e a integra\u00e7\u00e3o entre os munic\u00edpios da regi\u00e3o.<br \/>\nA Life FM Adamantina esteve presente na coletiva como ve\u00edculo convidado, realizando transmiss\u00e3o ao vivo em suas plataformas digitais, al\u00e9m de entrevistas exclusivas com as autoridades e organizadores do evento, ampliando o alcance das informa\u00e7\u00f5es para toda a regi\u00e3o.<br \/>\nA Festa do Ovo, reconhecida nacionalmente, atrai milhares de visitantes de diferentes estados do Brasil e transforma Bastos em um verdadeiro polo de turismo durante os dias de evento. O impacto \u00e9 direto em diversos setores, desde hotelaria e gastronomia at\u00e9 com\u00e9rcio, entretenimento e presta\u00e7\u00e3o de servi\u00e7os.<br \/>\nAl\u00e9m disso, a festa tamb\u00e9m abre grandes oportunidades para empresas e empreendedores. J\u00e1 est\u00e3o abertas as negocia\u00e7\u00f5es para os espa\u00e7os de exposi\u00e7\u00e3o, onde marcas e neg\u00f3cios podem apresentar produtos e servi\u00e7os para um p\u00fablico expressivo. Outro destaque \u00e9 a \u00e1rea de camarotes e boate, que tamb\u00e9m come\u00e7a a ser comercializada com anteced\u00eancia, permitindo que grupos e empresas planejem a experi\u00eancia com tranquilidade.<\/p>\n<p>A programa\u00e7\u00e3o musical da edi\u00e7\u00e3o de 2026 promete atrair grande p\u00fablico. Entre as atra\u00e7\u00f5es confirmadas est\u00e3o:<br \/>\n16 de julho: Ana Castela<br \/>\n17 de julho: Tony Allysson e Aline Barros<br \/>\n18 de julho: Michel Tel\u00f3 e Lenda 67<br \/>\n19 de julho: Roupa Nova<\/p>\n<p>Outro ponto destacado pela organiza\u00e7\u00e3o \u00e9 a nova pol\u00edtica de pre\u00e7os das bebidas, que nesta edi\u00e7\u00e3o ter\u00e3o valores mais populares, uma decis\u00e3o tomada em conjunto com a diretoria do evento para tornar a festa ainda mais acess\u00edvel ao p\u00fablico.<br \/>\nMuito mais do que um evento de entretenimento, a Festa do Ovo se consolida como um grande motor de desenvolvimento regional, fortalecendo o turismo, valorizando a cultura local e impulsionando a gastronomia que tem como protagonista o produto s\u00edmbolo da cidade: o ovo.<br \/>\nEmpres\u00e1rios interessados em participar da \u00e1rea de exposi\u00e7\u00e3o, al\u00e9m do p\u00fablico que deseja garantir espa\u00e7os em camarotes, j\u00e1 podem buscar informa\u00e7\u00f5es atrav\u00e9s das redes oficiais do evento.<\/p>\n<p>\ud83d\udcf1 <strong>Mais informa\u00e7\u00f5es:<\/strong><br \/>\nInstagram da Prefeitura: @prefeituradebastos<br \/>\nInstagram oficial do evento: @festadoovobastos<br \/>\nA contagem regressiva j\u00e1 come\u00e7ou. Em julho, Bastos volta a receber visitantes de todo o Brasil para celebrar tradi\u00e7\u00e3o, cultura, m\u00fasica e desenvolvimento.<\/p>\n<p>&nbsp;<\/p>\n<div class='flex flex-wrap items-center -mx-1'>\r\n<a class='thumbnail gallery p-1 w-1\/2 md:w-1\/4' href='https:\/\/radiolifefm.com.br\/noticias\/wp-content\/uploads\/2026\/03\/WhatsApp-Image-2026-03-11-at-19.07.29-1.jpeg'><img class='border border-white' src='https:\/\/radiolifefm.com.br\/noticias\/wp-content\/uploads\/2026\/03\/WhatsApp-Image-2026-03-11-at-19.07.29-1-200x200.jpeg' alt='WhatsApp Image 2026 03 11 At 19.07.29 (1)' \/><\/a><a class='thumbnail gallery p-1 w-1\/2 md:w-1\/4' href='https:\/\/radiolifefm.com.br\/noticias\/wp-content\/uploads\/2026\/03\/WhatsApp-Image-2026-03-11-at-19.07.29.jpeg'><img class='border border-white' src='https:\/\/radiolifefm.com.br\/noticias\/wp-content\/uploads\/2026\/03\/WhatsApp-Image-2026-03-11-at-19.07.29-200x200.jpeg' alt='WhatsApp Image 2026 03 11 At 19.07.29' \/><\/a><a class='thumbnail gallery p-1 w-1\/2 md:w-1\/4' href='https:\/\/radiolifefm.com.br\/noticias\/wp-content\/uploads\/2026\/03\/WhatsApp-Image-2026-03-11-at-19.07.28-2.jpeg'><img class='border border-white' src='https:\/\/radiolifefm.com.br\/noticias\/wp-content\/uploads\/2026\/03\/WhatsApp-Image-2026-03-11-at-19.07.28-2-200x200.jpeg' alt='WhatsApp Image 2026 03 11 At 19.07.28 (2)' \/><\/a><a class='thumbnail gallery p-1 w-1\/2 md:w-1\/4' href='https:\/\/radiolifefm.com.br\/noticias\/wp-content\/uploads\/2026\/03\/WhatsApp-Image-2026-03-11-at-19.07.28-1.jpeg'><img class='border border-white' src='https:\/\/radiolifefm.com.br\/noticias\/wp-content\/uploads\/2026\/03\/WhatsApp-Image-2026-03-11-at-19.07.28-1-200x200.jpeg' alt='WhatsApp Image 2026 03 11 At 19.07.28 (1)' \/><\/a><a class='thumbnail gallery p-1 w-1\/2 md:w-1\/4' href='https:\/\/radiolifefm.com.br\/noticias\/wp-content\/uploads\/2026\/03\/WhatsApp-Image-2026-03-11-at-19.07.28.jpeg'><img class='border border-white' src='https:\/\/radiolifefm.com.br\/noticias\/wp-content\/uploads\/2026\/03\/WhatsApp-Image-2026-03-11-at-19.07.28-200x200.jpeg' alt='WhatsApp Image 2026 03 11 At 19.07.28' \/><\/a><a class='thumbnail gallery p-1 w-1\/2 md:w-1\/4' href='https:\/\/radiolifefm.com.br\/noticias\/wp-content\/uploads\/2026\/03\/WhatsApp-Image-2026-03-11-at-19.07.27-3.jpeg'><img class='border border-white' src='https:\/\/radiolifefm.com.br\/noticias\/wp-content\/uploads\/2026\/03\/WhatsApp-Image-2026-03-11-at-19.07.27-3-200x200.jpeg' alt='WhatsApp Image 2026 03 11 At 19.07.27 (3)' \/><\/a><a class='thumbnail gallery p-1 w-1\/2 md:w-1\/4' href='https:\/\/radiolifefm.com.br\/noticias\/wp-content\/uploads\/2026\/03\/WhatsApp-Image-2026-03-11-at-19.07.27-2.jpeg'><img class='border border-white' src='https:\/\/radiolifefm.com.br\/noticias\/wp-content\/uploads\/2026\/03\/WhatsApp-Image-2026-03-11-at-19.07.27-2-200x200.jpeg' alt='WhatsApp Image 2026 03 11 At 19.07.27 (2)' \/><\/a><a class='thumbnail gallery p-1 w-1\/2 md:w-1\/4' href='https:\/\/radiolifefm.com.br\/noticias\/wp-content\/uploads\/2026\/03\/WhatsApp-Image-2026-03-11-at-19.07.27-1.jpeg'><img class='border border-white' src='https:\/\/radiolifefm.com.br\/noticias\/wp-content\/uploads\/2026\/03\/WhatsApp-Image-2026-03-11-at-19.07.27-1-200x200.jpeg' alt='WhatsApp Image 2026 03 11 At 19.07.27 (1)' \/><\/a><a class='thumbnail gallery p-1 w-1\/2 md:w-1\/4' href='https:\/\/radiolifefm.com.br\/noticias\/wp-content\/uploads\/2026\/03\/WhatsApp-Image-2026-03-11-at-19.07.27.jpeg'><img class='border border-white' src='https:\/\/radiolifefm.com.br\/noticias\/wp-content\/uploads\/2026\/03\/WhatsApp-Image-2026-03-11-at-19.07.27-200x200.jpeg' alt='WhatsApp Image 2026 03 11 At 19.07.27' \/><\/a><\/div>\n","protected":false},"excerpt":{"rendered":"<p>A cidade de Bastos deu um importante passo na organiza\u00e7\u00e3o de um dos eventos mais tradicionais do pa\u00eds. Com 125 dias de anteced\u00eancia, a programa\u00e7\u00e3o oficial da Festa do Ovo de Bastos foi anunciada durante coletiva de imprensa realizada no gabinete do prefeito Kleber Lopes, reunindo representantes da imprensa regional. A decis\u00e3o de antecipar o [&hellip;]<\/p>\n","protected":false},"author":13,"featured_media":117204,"comment_status":"closed","ping_status":"open","sticky":false,"template":"","format":"standard","meta":{"_acf_changed":false,"_exactmetrics_skip_tracking":false,"_exactmetrics_sitenote_active":false,"_exactmetrics_sitenote_note":"","_exactmetrics_sitenote_category":0,"footnotes":""},"categories":[24],"tags":[],"class_list":["post-117203","post","type-post","status-publish","format-standard","has-post-thumbnail","hentry","category-regiao"],"acf":[],"yoast_head":"<!-- This site is optimized with the Yoast SEO plugin v27.2 - https:\/\/yoast.com\/product\/yoast-seo-wordpress\/ -->\n<title>64\u00aa Festa do Ovo \u00e9 lan\u00e7ada com 125 dias de anteced\u00eancia e refor\u00e7a potencial de desenvolvimento para Bastos e toda a regi\u00e3o - R\u00e1dio Life FM<\/title>\n<meta name=\"robots\" content=\"index, follow, max-snippet:-1, max-image-preview:large, max-video-preview:-1\" \/>\n<link rel=\"canonical\" href=\"https:\/\/radiolifefm.com.br\/noticias\/64a-festa-do-ovo-e-lancada-com-125-dias-de-antecedencia-e-reforca-potencial-de-desenvolvimento-para-bastos-e-toda-a-regiao\/\" \/>\n<meta property=\"og:locale\" content=\"pt_BR\" \/>\n<meta property=\"og:type\" content=\"article\" \/>\n<meta property=\"og:title\" content=\"64\u00aa Festa do Ovo \u00e9 lan\u00e7ada com 125 dias de anteced\u00eancia e refor\u00e7a potencial de desenvolvimento para Bastos e toda a regi\u00e3o - R\u00e1dio Life FM\" \/>\n<meta property=\"og:description\" content=\"A cidade de Bastos deu um importante passo na organiza\u00e7\u00e3o de um dos eventos mais tradicionais do pa\u00eds. Com 125 dias de anteced\u00eancia, a programa\u00e7\u00e3o oficial da Festa do Ovo de Bastos foi anunciada durante coletiva de imprensa realizada no gabinete do prefeito Kleber Lopes, reunindo representantes da imprensa regional. A decis\u00e3o de antecipar o [&hellip;]\" \/>\n<meta property=\"og:url\" content=\"https:\/\/radiolifefm.com.br\/noticias\/64a-festa-do-ovo-e-lancada-com-125-dias-de-antecedencia-e-reforca-potencial-de-desenvolvimento-para-bastos-e-toda-a-regiao\/\" \/>\n<meta property=\"og:site_name\" content=\"R\u00e1dio Life FM\" \/>\n<meta property=\"article:publisher\" content=\"https:\/\/www.facebook.com\/radiolifefm\/\" \/>\n<meta property=\"article:published_time\" content=\"2026-03-12T01:53:34+00:00\" \/>\n<meta property=\"article:modified_time\" content=\"2026-04-27T15:14:35+00:00\" \/>\n<meta property=\"og:image\" content=\"https:\/\/radiolifefm.com.br\/noticias\/wp-content\/uploads\/2026\/03\/WhatsApp-Image-2026-03-11-at-19.06.01.jpeg\" \/>\n\t<meta property=\"og:image:width\" content=\"1161\" \/>\n\t<meta property=\"og:image:height\" content=\"952\" \/>\n\t<meta property=\"og:image:type\" content=\"image\/jpeg\" \/>\n<meta name=\"author\" content=\"ritanery\" \/>\n<meta name=\"twitter:card\" content=\"summary_large_image\" \/>\n<meta name=\"twitter:label1\" content=\"Escrito por\" \/>\n\t<meta name=\"twitter:data1\" content=\"ritanery\" \/>\n\t<meta name=\"twitter:label2\" content=\"Est. tempo de leitura\" \/>\n\t<meta name=\"twitter:data2\" content=\"4 minutos\" \/>\n<script type=\"application\/ld+json\" class=\"yoast-schema-graph\">{\"@context\":\"https:\/\/schema.org\",\"@graph\":[{\"@type\":\"Article\",\"@id\":\"https:\/\/radiolifefm.com.br\/noticias\/64a-festa-do-ovo-e-lancada-com-125-dias-de-antecedencia-e-reforca-potencial-de-desenvolvimento-para-bastos-e-toda-a-regiao\/#article\",\"isPartOf\":{\"@id\":\"https:\/\/radiolifefm.com.br\/noticias\/64a-festa-do-ovo-e-lancada-com-125-dias-de-antecedencia-e-reforca-potencial-de-desenvolvimento-para-bastos-e-toda-a-regiao\/\"},\"author\":{\"name\":\"ritanery\",\"@id\":\"https:\/\/radiolifefm.com.br\/noticias\/#\/schema\/person\/6339b9fac59d12b071dec680d7375d87\"},\"headline\":\"64\u00aa Festa do Ovo \u00e9 lan\u00e7ada com 125 dias de anteced\u00eancia e refor\u00e7a potencial de desenvolvimento para Bastos e toda a regi\u00e3o\",\"datePublished\":\"2026-03-12T01:53:34+00:00\",\"dateModified\":\"2026-04-27T15:14:35+00:00\",\"mainEntityOfPage\":{\"@id\":\"https:\/\/radiolifefm.com.br\/noticias\/64a-festa-do-ovo-e-lancada-com-125-dias-de-antecedencia-e-reforca-potencial-de-desenvolvimento-para-bastos-e-toda-a-regiao\/\"},\"wordCount\":635,\"publisher\":{\"@id\":\"https:\/\/radiolifefm.com.br\/noticias\/#organization\"},\"image\":{\"@id\":\"https:\/\/radiolifefm.com.br\/noticias\/64a-festa-do-ovo-e-lancada-com-125-dias-de-antecedencia-e-reforca-potencial-de-desenvolvimento-para-bastos-e-toda-a-regiao\/#primaryimage\"},\"thumbnailUrl\":\"https:\/\/radiolifefm.com.br\/noticias\/wp-content\/uploads\/2026\/03\/WhatsApp-Image-2026-03-11-at-19.06.01.jpeg\",\"articleSection\":[\"Regi\u00e3o\"],\"inLanguage\":\"pt-BR\"},{\"@type\":\"WebPage\",\"@id\":\"https:\/\/radiolifefm.com.br\/noticias\/64a-festa-do-ovo-e-lancada-com-125-dias-de-antecedencia-e-reforca-potencial-de-desenvolvimento-para-bastos-e-toda-a-regiao\/\",\"url\":\"https:\/\/radiolifefm.com.br\/noticias\/64a-festa-do-ovo-e-lancada-com-125-dias-de-antecedencia-e-reforca-potencial-de-desenvolvimento-para-bastos-e-toda-a-regiao\/\",\"name\":\"64\u00aa Festa do Ovo \u00e9 lan\u00e7ada com 125 dias de anteced\u00eancia e refor\u00e7a potencial de desenvolvimento para Bastos e toda a regi\u00e3o - R\u00e1dio Life FM\",\"isPartOf\":{\"@id\":\"https:\/\/radiolifefm.com.br\/noticias\/#website\"},\"primaryImageOfPage\":{\"@id\":\"https:\/\/radiolifefm.com.br\/noticias\/64a-festa-do-ovo-e-lancada-com-125-dias-de-antecedencia-e-reforca-potencial-de-desenvolvimento-para-bastos-e-toda-a-regiao\/#primaryimage\"},\"image\":{\"@id\":\"https:\/\/radiolifefm.com.br\/noticias\/64a-festa-do-ovo-e-lancada-com-125-dias-de-antecedencia-e-reforca-potencial-de-desenvolvimento-para-bastos-e-toda-a-regiao\/#primaryimage\"},\"thumbnailUrl\":\"https:\/\/radiolifefm.com.br\/noticias\/wp-content\/uploads\/2026\/03\/WhatsApp-Image-2026-03-11-at-19.06.01.jpeg\",\"datePublished\":\"2026-03-12T01:53:34+00:00\",\"dateModified\":\"2026-04-27T15:14:35+00:00\",\"breadcrumb\":{\"@id\":\"https:\/\/radiolifefm.com.br\/noticias\/64a-festa-do-ovo-e-lancada-com-125-dias-de-antecedencia-e-reforca-potencial-de-desenvolvimento-para-bastos-e-toda-a-regiao\/#breadcrumb\"},\"inLanguage\":\"pt-BR\",\"potentialAction\":[{\"@type\":\"ReadAction\",\"target\":[\"https:\/\/radiolifefm.com.br\/noticias\/64a-festa-do-ovo-e-lancada-com-125-dias-de-antecedencia-e-reforca-potencial-de-desenvolvimento-para-bastos-e-toda-a-regiao\/\"]}]},{\"@type\":\"ImageObject\",\"inLanguage\":\"pt-BR\",\"@id\":\"https:\/\/radiolifefm.com.br\/noticias\/64a-festa-do-ovo-e-lancada-com-125-dias-de-antecedencia-e-reforca-potencial-de-desenvolvimento-para-bastos-e-toda-a-regiao\/#primaryimage\",\"url\":\"https:\/\/radiolifefm.com.br\/noticias\/wp-content\/uploads\/2026\/03\/WhatsApp-Image-2026-03-11-at-19.06.01.jpeg\",\"contentUrl\":\"https:\/\/radiolifefm.com.br\/noticias\/wp-content\/uploads\/2026\/03\/WhatsApp-Image-2026-03-11-at-19.06.01.jpeg\",\"width\":1161,\"height\":952},{\"@type\":\"BreadcrumbList\",\"@id\":\"https:\/\/radiolifefm.com.br\/noticias\/64a-festa-do-ovo-e-lancada-com-125-dias-de-antecedencia-e-reforca-potencial-de-desenvolvimento-para-bastos-e-toda-a-regiao\/#breadcrumb\",\"itemListElement\":[{\"@type\":\"ListItem\",\"position\":1,\"name\":\"In\u00edcio\",\"item\":\"https:\/\/radiolifefm.com.br\/noticias\/\"},{\"@type\":\"ListItem\",\"position\":2,\"name\":\"64\u00aa Festa do Ovo \u00e9 lan\u00e7ada com 125 dias de anteced\u00eancia e refor\u00e7a potencial de desenvolvimento para Bastos e toda a regi\u00e3o\"}]},{\"@type\":\"WebSite\",\"@id\":\"https:\/\/radiolifefm.com.br\/noticias\/#website\",\"url\":\"https:\/\/radiolifefm.com.br\/noticias\/\",\"name\":\"R\u00e1dio Life FM\",\"description\":\"O Portal de Not\u00edcias de Adamantina\",\"publisher\":{\"@id\":\"https:\/\/radiolifefm.com.br\/noticias\/#organization\"},\"alternateName\":\"Life FM\",\"potentialAction\":[{\"@type\":\"SearchAction\",\"target\":{\"@type\":\"EntryPoint\",\"urlTemplate\":\"https:\/\/radiolifefm.com.br\/noticias\/?s={search_term_string}\"},\"query-input\":{\"@type\":\"PropertyValueSpecification\",\"valueRequired\":true,\"valueName\":\"search_term_string\"}}],\"inLanguage\":\"pt-BR\"},{\"@type\":\"Organization\",\"@id\":\"https:\/\/radiolifefm.com.br\/noticias\/#organization\",\"name\":\"R\u00e1dio Life FM\",\"alternateName\":\"Life FM\",\"url\":\"https:\/\/radiolifefm.com.br\/noticias\/\",\"logo\":{\"@type\":\"ImageObject\",\"inLanguage\":\"pt-BR\",\"@id\":\"https:\/\/radiolifefm.com.br\/noticias\/#\/schema\/logo\/image\/\",\"url\":\"https:\/\/static.radiolifefm.com.br\/noticias\/wp-content\/uploads\/2019\/10\/logo-lifefm.png\",\"contentUrl\":\"https:\/\/static.radiolifefm.com.br\/noticias\/wp-content\/uploads\/2019\/10\/logo-lifefm.png\",\"width\":196,\"height\":47,\"caption\":\"R\u00e1dio Life FM\"},\"image\":{\"@id\":\"https:\/\/radiolifefm.com.br\/noticias\/#\/schema\/logo\/image\/\"},\"sameAs\":[\"https:\/\/www.facebook.com\/radiolifefm\/\",\"https:\/\/www.instagram.com\/life1079fm\/\"]},{\"@type\":\"Person\",\"@id\":\"https:\/\/radiolifefm.com.br\/noticias\/#\/schema\/person\/6339b9fac59d12b071dec680d7375d87\",\"name\":\"ritanery\",\"image\":{\"@type\":\"ImageObject\",\"inLanguage\":\"pt-BR\",\"@id\":\"https:\/\/secure.gravatar.com\/avatar\/0e37bb19071f47c0b8a23f62a903df117c5a0e75f65a0c2901562f97cd41cf86?s=96&d=mm&r=g\",\"url\":\"https:\/\/secure.gravatar.com\/avatar\/0e37bb19071f47c0b8a23f62a903df117c5a0e75f65a0c2901562f97cd41cf86?s=96&d=mm&r=g\",\"contentUrl\":\"https:\/\/secure.gravatar.com\/avatar\/0e37bb19071f47c0b8a23f62a903df117c5a0e75f65a0c2901562f97cd41cf86?s=96&d=mm&r=g\",\"caption\":\"ritanery\"}}]}<\/script>\n<!-- \/ Yoast SEO plugin. -->","yoast_head_json":{"title":"64\u00aa Festa do Ovo \u00e9 lan\u00e7ada com 125 dias de anteced\u00eancia e refor\u00e7a potencial de desenvolvimento para Bastos e toda a regi\u00e3o - R\u00e1dio Life FM","robots":{"index":"index","follow":"follow","max-snippet":"max-snippet:-1","max-image-preview":"max-image-preview:large","max-video-preview":"max-video-preview:-1"},"canonical":"https:\/\/radiolifefm.com.br\/noticias\/64a-festa-do-ovo-e-lancada-com-125-dias-de-antecedencia-e-reforca-potencial-de-desenvolvimento-para-bastos-e-toda-a-regiao\/","og_locale":"pt_BR","og_type":"article","og_title":"64\u00aa Festa do Ovo \u00e9 lan\u00e7ada com 125 dias de anteced\u00eancia e refor\u00e7a potencial de desenvolvimento para Bastos e toda a regi\u00e3o - R\u00e1dio Life FM","og_description":"A cidade de Bastos deu um importante passo na organiza\u00e7\u00e3o de um dos eventos mais tradicionais do pa\u00eds. Com 125 dias de anteced\u00eancia, a programa\u00e7\u00e3o oficial da Festa do Ovo de Bastos foi anunciada durante coletiva de imprensa realizada no gabinete do prefeito Kleber Lopes, reunindo representantes da imprensa regional. A decis\u00e3o de antecipar o [&hellip;]","og_url":"https:\/\/radiolifefm.com.br\/noticias\/64a-festa-do-ovo-e-lancada-com-125-dias-de-antecedencia-e-reforca-potencial-de-desenvolvimento-para-bastos-e-toda-a-regiao\/","og_site_name":"R\u00e1dio Life FM","article_publisher":"https:\/\/www.facebook.com\/radiolifefm\/","article_published_time":"2026-03-12T01:53:34+00:00","article_modified_time":"2026-04-27T15:14:35+00:00","og_image":[{"width":1161,"height":952,"url":"https:\/\/radiolifefm.com.br\/noticias\/wp-content\/uploads\/2026\/03\/WhatsApp-Image-2026-03-11-at-19.06.01.jpeg","type":"image\/jpeg"}],"author":"ritanery","twitter_card":"summary_large_image","twitter_misc":{"Escrito por":"ritanery","Est. tempo de leitura":"4 minutos"},"schema":{"@context":"https:\/\/schema.org","@graph":[{"@type":"Article","@id":"https:\/\/radiolifefm.com.br\/noticias\/64a-festa-do-ovo-e-lancada-com-125-dias-de-antecedencia-e-reforca-potencial-de-desenvolvimento-para-bastos-e-toda-a-regiao\/#article","isPartOf":{"@id":"https:\/\/radiolifefm.com.br\/noticias\/64a-festa-do-ovo-e-lancada-com-125-dias-de-antecedencia-e-reforca-potencial-de-desenvolvimento-para-bastos-e-toda-a-regiao\/"},"author":{"name":"ritanery","@id":"https:\/\/radiolifefm.com.br\/noticias\/#\/schema\/person\/6339b9fac59d12b071dec680d7375d87"},"headline":"64\u00aa Festa do Ovo \u00e9 lan\u00e7ada com 125 dias de anteced\u00eancia e refor\u00e7a potencial de desenvolvimento para Bastos e toda a regi\u00e3o","datePublished":"2026-03-12T01:53:34+00:00","dateModified":"2026-04-27T15:14:35+00:00","mainEntityOfPage":{"@id":"https:\/\/radiolifefm.com.br\/noticias\/64a-festa-do-ovo-e-lancada-com-125-dias-de-antecedencia-e-reforca-potencial-de-desenvolvimento-para-bastos-e-toda-a-regiao\/"},"wordCount":635,"publisher":{"@id":"https:\/\/radiolifefm.com.br\/noticias\/#organization"},"image":{"@id":"https:\/\/radiolifefm.com.br\/noticias\/64a-festa-do-ovo-e-lancada-com-125-dias-de-antecedencia-e-reforca-potencial-de-desenvolvimento-para-bastos-e-toda-a-regiao\/#primaryimage"},"thumbnailUrl":"https:\/\/radiolifefm.com.br\/noticias\/wp-content\/uploads\/2026\/03\/WhatsApp-Image-2026-03-11-at-19.06.01.jpeg","articleSection":["Regi\u00e3o"],"inLanguage":"pt-BR"},{"@type":"WebPage","@id":"https:\/\/radiolifefm.com.br\/noticias\/64a-festa-do-ovo-e-lancada-com-125-dias-de-antecedencia-e-reforca-potencial-de-desenvolvimento-para-bastos-e-toda-a-regiao\/","url":"https:\/\/radiolifefm.com.br\/noticias\/64a-festa-do-ovo-e-lancada-com-125-dias-de-antecedencia-e-reforca-potencial-de-desenvolvimento-para-bastos-e-toda-a-regiao\/","name":"64\u00aa Festa do Ovo \u00e9 lan\u00e7ada com 125 dias de anteced\u00eancia e refor\u00e7a potencial de desenvolvimento para Bastos e toda a regi\u00e3o - R\u00e1dio Life FM","isPartOf":{"@id":"https:\/\/radiolifefm.com.br\/noticias\/#website"},"primaryImageOfPage":{"@id":"https:\/\/radiolifefm.com.br\/noticias\/64a-festa-do-ovo-e-lancada-com-125-dias-de-antecedencia-e-reforca-potencial-de-desenvolvimento-para-bastos-e-toda-a-regiao\/#primaryimage"},"image":{"@id":"https:\/\/radiolifefm.com.br\/noticias\/64a-festa-do-ovo-e-lancada-com-125-dias-de-antecedencia-e-reforca-potencial-de-desenvolvimento-para-bastos-e-toda-a-regiao\/#primaryimage"},"thumbnailUrl":"https:\/\/radiolifefm.com.br\/noticias\/wp-content\/uploads\/2026\/03\/WhatsApp-Image-2026-03-11-at-19.06.01.jpeg","datePublished":"2026-03-12T01:53:34+00:00","dateModified":"2026-04-27T15:14:35+00:00","breadcrumb":{"@id":"https:\/\/radiolifefm.com.br\/noticias\/64a-festa-do-ovo-e-lancada-com-125-dias-de-antecedencia-e-reforca-potencial-de-desenvolvimento-para-bastos-e-toda-a-regiao\/#breadcrumb"},"inLanguage":"pt-BR","potentialAction":[{"@type":"ReadAction","target":["https:\/\/radiolifefm.com.br\/noticias\/64a-festa-do-ovo-e-lancada-com-125-dias-de-antecedencia-e-reforca-potencial-de-desenvolvimento-para-bastos-e-toda-a-regiao\/"]}]},{"@type":"ImageObject","inLanguage":"pt-BR","@id":"https:\/\/radiolifefm.com.br\/noticias\/64a-festa-do-ovo-e-lancada-com-125-dias-de-antecedencia-e-reforca-potencial-de-desenvolvimento-para-bastos-e-toda-a-regiao\/#primaryimage","url":"https:\/\/radiolifefm.com.br\/noticias\/wp-content\/uploads\/2026\/03\/WhatsApp-Image-2026-03-11-at-19.06.01.jpeg","contentUrl":"https:\/\/radiolifefm.com.br\/noticias\/wp-content\/uploads\/2026\/03\/WhatsApp-Image-2026-03-11-at-19.06.01.jpeg","width":1161,"height":952},{"@type":"BreadcrumbList","@id":"https:\/\/radiolifefm.com.br\/noticias\/64a-festa-do-ovo-e-lancada-com-125-dias-de-antecedencia-e-reforca-potencial-de-desenvolvimento-para-bastos-e-toda-a-regiao\/#breadcrumb","itemListElement":[{"@type":"ListItem","position":1,"name":"In\u00edcio","item":"https:\/\/radiolifefm.com.br\/noticias\/"},{"@type":"ListItem","position":2,"name":"64\u00aa Festa do Ovo \u00e9 lan\u00e7ada com 125 dias de anteced\u00eancia e refor\u00e7a potencial de desenvolvimento para Bastos e toda a regi\u00e3o"}]},{"@type":"WebSite","@id":"https:\/\/radiolifefm.com.br\/noticias\/#website","url":"https:\/\/radiolifefm.com.br\/noticias\/","name":"R\u00e1dio Life FM","description":"O Portal de Not\u00edcias de Adamantina","publisher":{"@id":"https:\/\/radiolifefm.com.br\/noticias\/#organization"},"alternateName":"Life FM","potentialAction":[{"@type":"SearchAction","target":{"@type":"EntryPoint","urlTemplate":"https:\/\/radiolifefm.com.br\/noticias\/?s={search_term_string}"},"query-input":{"@type":"PropertyValueSpecification","valueRequired":true,"valueName":"search_term_string"}}],"inLanguage":"pt-BR"},{"@type":"Organization","@id":"https:\/\/radiolifefm.com.br\/noticias\/#organization","name":"R\u00e1dio Life FM","alternateName":"Life FM","url":"https:\/\/radiolifefm.com.br\/noticias\/","logo":{"@type":"ImageObject","inLanguage":"pt-BR","@id":"https:\/\/radiolifefm.com.br\/noticias\/#\/schema\/logo\/image\/","url":"https:\/\/static.radiolifefm.com.br\/noticias\/wp-content\/uploads\/2019\/10\/logo-lifefm.png","contentUrl":"https:\/\/static.radiolifefm.com.br\/noticias\/wp-content\/uploads\/2019\/10\/logo-lifefm.png","width":196,"height":47,"caption":"R\u00e1dio Life FM"},"image":{"@id":"https:\/\/radiolifefm.com.br\/noticias\/#\/schema\/logo\/image\/"},"sameAs":["https:\/\/www.facebook.com\/radiolifefm\/","https:\/\/www.instagram.com\/life1079fm\/"]},{"@type":"Person","@id":"https:\/\/radiolifefm.com.br\/noticias\/#\/schema\/person\/6339b9fac59d12b071dec680d7375d87","name":"ritanery","image":{"@type":"ImageObject","inLanguage":"pt-BR","@id":"https:\/\/secure.gravatar.com\/avatar\/0e37bb19071f47c0b8a23f62a903df117c5a0e75f65a0c2901562f97cd41cf86?s=96&d=mm&r=g","url":"https:\/\/secure.gravatar.com\/avatar\/0e37bb19071f47c0b8a23f62a903df117c5a0e75f65a0c2901562f97cd41cf86?s=96&d=mm&r=g","contentUrl":"https:\/\/secure.gravatar.com\/avatar\/0e37bb19071f47c0b8a23f62a903df117c5a0e75f65a0c2901562f97cd41cf86?s=96&d=mm&r=g","caption":"ritanery"}}]}},"amp_enabled":true,"_links":{"self":[{"href":"https:\/\/radiolifefm.com.br\/noticias\/wp-json\/wp\/v2\/posts\/117203","targetHints":{"allow":["GET"]}}],"collection":[{"href":"https:\/\/radiolifefm.com.br\/noticias\/wp-json\/wp\/v2\/posts"}],"about":[{"href":"https:\/\/radiolifefm.com.br\/noticias\/wp-json\/wp\/v2\/types\/post"}],"author":[{"embeddable":true,"href":"https:\/\/radiolifefm.com.br\/noticias\/wp-json\/wp\/v2\/users\/13"}],"replies":[{"embeddable":true,"href":"https:\/\/radiolifefm.com.br\/noticias\/wp-json\/wp\/v2\/comments?post=117203"}],"version-history":[{"count":1,"href":"https:\/\/radiolifefm.com.br\/noticias\/wp-json\/wp\/v2\/posts\/117203\/revisions"}],"predecessor-version":[{"id":117214,"href":"https:\/\/radiolifefm.com.br\/noticias\/wp-json\/wp\/v2\/posts\/117203\/revisions\/117214"}],"wp:featuredmedia":[{"embeddable":true,"href":"https:\/\/radiolifefm.com.br\/noticias\/wp-json\/wp\/v2\/media\/117204"}],"wp:attachment":[{"href":"https:\/\/radiolifefm.com.br\/noticias\/wp-json\/wp\/v2\/media?parent=117203"}],"wp:term":[{"taxonomy":"category","embeddable":true,"href":"https:\/\/radiolifefm.com.br\/noticias\/wp-json\/wp\/v2\/categories?post=117203"},{"taxonomy":"post_tag","embeddable":true,"href":"https:\/\/radiolifefm.com.br\/noticias\/wp-json\/wp\/v2\/tags?post=117203"}],"curies":[{"name":"wp","href":"https:\/\/api.w.org\/{rel}","templated":true}]}}