{"id":117184,"date":"2026-03-11T10:51:43","date_gmt":"2026-03-11T13:51:43","guid":{"rendered":"https:\/\/radiolifefm.com.br\/noticias\/?p=117184"},"modified":"2026-04-28T10:59:22","modified_gmt":"2026-04-28T13:59:22","slug":"iniciado-na-life-fm-a-3a-temporada-do-programa-pauta-aberta-com-reflexoes-e-abordando-parametros-importantes","status":"publish","type":"post","link":"https:\/\/radiolifefm.com.br\/noticias\/iniciado-na-life-fm-a-3a-temporada-do-programa-pauta-aberta-com-reflexoes-e-abordando-parametros-importantes\/","title":{"rendered":"Iniciado na Life FM, a 3\u00aa temporada do Programa Pauta Aberta com reflex\u00f5es e abordando par\u00e2metros importantes."},"content":{"rendered":"<div id=\"fb-root\"><\/div>\n<p>&nbsp;<\/p>\n<p>Foi realizado, na manh\u00e3 do ultimo dia 10 de mar\u00e7o, a primeira edi\u00e7\u00e3o do programa Pauta Aberta, marcando a estreia em sua terceira temporada na emissora de R\u00e1dio Life FM.<\/p>\n<p>Na apresenta\u00e7\u00e3o do programa, o jornalista diplomado Sergio Barbosa, promoveu diversas sauda\u00e7\u00f5es aos ouvintes e internautas, ainda, em comemora\u00e7\u00e3o ao Dia Internacional da Mulher, celebrado no ultimo dia 8 deste m\u00eas, em especial a Luiza, moradora de Santa Maria, RS e Aniar, moradora em Uberl\u00e2ndia, MG.<\/p>\n<figure id=\"attachment_117186\" aria-describedby=\"caption-attachment-117186\" style=\"width: 300px\" class=\"wp-caption aligncenter\"><img loading=\"lazy\" decoding=\"async\" class=\"wp-image-117186 size-medium\" src=\"https:\/\/radiolifefm.com.br\/noticias\/wp-content\/uploads\/2026\/03\/Marca-dagua-Jornal-do-Meio-Dia-77-300x300.jpg\" alt=\"\" width=\"300\" height=\"300\" srcset=\"https:\/\/radiolifefm.com.br\/noticias\/wp-content\/uploads\/2026\/03\/Marca-dagua-Jornal-do-Meio-Dia-77-300x300.jpg 300w, https:\/\/radiolifefm.com.br\/noticias\/wp-content\/uploads\/2026\/03\/Marca-dagua-Jornal-do-Meio-Dia-77-1024x1024.jpg 1024w, https:\/\/radiolifefm.com.br\/noticias\/wp-content\/uploads\/2026\/03\/Marca-dagua-Jornal-do-Meio-Dia-77-150x150.jpg 150w, https:\/\/radiolifefm.com.br\/noticias\/wp-content\/uploads\/2026\/03\/Marca-dagua-Jornal-do-Meio-Dia-77-768x768.jpg 768w, https:\/\/radiolifefm.com.br\/noticias\/wp-content\/uploads\/2026\/03\/Marca-dagua-Jornal-do-Meio-Dia-77-200x200.jpg 200w, https:\/\/radiolifefm.com.br\/noticias\/wp-content\/uploads\/2026\/03\/Marca-dagua-Jornal-do-Meio-Dia-77-250x250.jpg 250w, https:\/\/radiolifefm.com.br\/noticias\/wp-content\/uploads\/2026\/03\/Marca-dagua-Jornal-do-Meio-Dia-77-500x500.jpg 500w, https:\/\/radiolifefm.com.br\/noticias\/wp-content\/uploads\/2026\/03\/Marca-dagua-Jornal-do-Meio-Dia-77-700x700.jpg 700w, https:\/\/radiolifefm.com.br\/noticias\/wp-content\/uploads\/2026\/03\/Marca-dagua-Jornal-do-Meio-Dia-77.jpg 1080w\" sizes=\"auto, (max-width: 300px) 100vw, 300px\" \/><figcaption id=\"caption-attachment-117186\" class=\"wp-caption-text\">Sergio Barbosa, jornalista diplomado<\/figcaption><\/figure>\n<p>Tamb\u00e9m, Sebar, parabenizou todas as bibliotec\u00e1rias pelo Data especial no pr\u00f3ximo dia 12 ser comemorado pelo \u201cdia\u201d destas profissionais.<\/p>\n<p><strong><em>Conceitos:<\/em><\/strong><\/p>\n<p>Na ocasi\u00e3o, o jornalista Sergio fez algumas considera\u00e7\u00f5es e reflex\u00f5es sobre polemicas circulantes, mas de acordo com o mesmo, \u201c elas devem ser encaradas de forma saud\u00e1vel \u201d, a fim de que n\u00e3o sejam gerados conflitos no futuro.<\/p>\n<p><strong><em>Programa:<\/em><\/strong><\/p>\n<p>O programa seguir\u00e1 o formato da segunda temporada realizada em 2025, mas agora em sua terceira temporada com algumas altera\u00e7\u00f5es de conte\u00fado.<\/p>\n<p>De acordo com Sebar, na ultima ter\u00e7a- feira de cada m\u00eas, ser\u00e1 realizado uma edi\u00e7\u00e3o opinativa, debatendo n\u00e3o apenas temas pol\u00edticos, tamb\u00e9m, \u00a0de outras \u00e1reas, independentemente do (a) convidado (a).<\/p>\n<figure id=\"attachment_117187\" aria-describedby=\"caption-attachment-117187\" style=\"width: 300px\" class=\"wp-caption aligncenter\"><img loading=\"lazy\" decoding=\"async\" class=\"wp-image-117187 size-medium\" src=\"https:\/\/radiolifefm.com.br\/noticias\/wp-content\/uploads\/2026\/03\/Marca-dagua-Jornal-do-Meio-Dia-78-300x300.jpg\" alt=\"\" width=\"300\" height=\"300\" srcset=\"https:\/\/radiolifefm.com.br\/noticias\/wp-content\/uploads\/2026\/03\/Marca-dagua-Jornal-do-Meio-Dia-78-300x300.jpg 300w, https:\/\/radiolifefm.com.br\/noticias\/wp-content\/uploads\/2026\/03\/Marca-dagua-Jornal-do-Meio-Dia-78-1024x1024.jpg 1024w, https:\/\/radiolifefm.com.br\/noticias\/wp-content\/uploads\/2026\/03\/Marca-dagua-Jornal-do-Meio-Dia-78-150x150.jpg 150w, https:\/\/radiolifefm.com.br\/noticias\/wp-content\/uploads\/2026\/03\/Marca-dagua-Jornal-do-Meio-Dia-78-768x768.jpg 768w, https:\/\/radiolifefm.com.br\/noticias\/wp-content\/uploads\/2026\/03\/Marca-dagua-Jornal-do-Meio-Dia-78-200x200.jpg 200w, https:\/\/radiolifefm.com.br\/noticias\/wp-content\/uploads\/2026\/03\/Marca-dagua-Jornal-do-Meio-Dia-78-250x250.jpg 250w, https:\/\/radiolifefm.com.br\/noticias\/wp-content\/uploads\/2026\/03\/Marca-dagua-Jornal-do-Meio-Dia-78-500x500.jpg 500w, https:\/\/radiolifefm.com.br\/noticias\/wp-content\/uploads\/2026\/03\/Marca-dagua-Jornal-do-Meio-Dia-78-700x700.jpg 700w, https:\/\/radiolifefm.com.br\/noticias\/wp-content\/uploads\/2026\/03\/Marca-dagua-Jornal-do-Meio-Dia-78.jpg 1080w\" sizes=\"auto, (max-width: 300px) 100vw, 300px\" \/><figcaption id=\"caption-attachment-117187\" class=\"wp-caption-text\">Sergio Barbosa, jornalista diplomado<\/figcaption><\/figure>\n<p>O Pauta Aberta seguir\u00e1 com participa\u00e7\u00f5es externas, ou seja, com convidados (as) a dist\u00e2ncia, portanto, fazendo conex\u00f5es com os participantes via internet.<\/p>\n<p>Barbosa afirmou que umas das participa\u00e7\u00f5es agendadas para o programa, \u00a0est\u00e1 o diretor da C\u00e1tedra Unesco de Comunica\u00e7\u00e3o para o Desenvolvimento Regional, <em>Prof. Dr. Paulo Chiachiri<\/em>, tendo em vista que o Pauta Aberta conta com o apoio institucional desta organiza\u00e7\u00e3o.<\/p>\n<figure id=\"attachment_117188\" aria-describedby=\"caption-attachment-117188\" style=\"width: 300px\" class=\"wp-caption aligncenter\"><img loading=\"lazy\" decoding=\"async\" class=\"wp-image-117188 size-medium\" src=\"https:\/\/radiolifefm.com.br\/noticias\/wp-content\/uploads\/2026\/03\/Marca-dagua-Jornal-do-Meio-Dia-79-300x300.jpg\" alt=\"\" width=\"300\" height=\"300\" srcset=\"https:\/\/radiolifefm.com.br\/noticias\/wp-content\/uploads\/2026\/03\/Marca-dagua-Jornal-do-Meio-Dia-79-300x300.jpg 300w, https:\/\/radiolifefm.com.br\/noticias\/wp-content\/uploads\/2026\/03\/Marca-dagua-Jornal-do-Meio-Dia-79-1024x1024.jpg 1024w, https:\/\/radiolifefm.com.br\/noticias\/wp-content\/uploads\/2026\/03\/Marca-dagua-Jornal-do-Meio-Dia-79-150x150.jpg 150w, https:\/\/radiolifefm.com.br\/noticias\/wp-content\/uploads\/2026\/03\/Marca-dagua-Jornal-do-Meio-Dia-79-768x768.jpg 768w, https:\/\/radiolifefm.com.br\/noticias\/wp-content\/uploads\/2026\/03\/Marca-dagua-Jornal-do-Meio-Dia-79-200x200.jpg 200w, https:\/\/radiolifefm.com.br\/noticias\/wp-content\/uploads\/2026\/03\/Marca-dagua-Jornal-do-Meio-Dia-79-250x250.jpg 250w, https:\/\/radiolifefm.com.br\/noticias\/wp-content\/uploads\/2026\/03\/Marca-dagua-Jornal-do-Meio-Dia-79-500x500.jpg 500w, https:\/\/radiolifefm.com.br\/noticias\/wp-content\/uploads\/2026\/03\/Marca-dagua-Jornal-do-Meio-Dia-79-700x700.jpg 700w, https:\/\/radiolifefm.com.br\/noticias\/wp-content\/uploads\/2026\/03\/Marca-dagua-Jornal-do-Meio-Dia-79.jpg 1080w\" sizes=\"auto, (max-width: 300px) 100vw, 300px\" \/><figcaption id=\"caption-attachment-117188\" class=\"wp-caption-text\">Sergio Barbosa, jornalista diplomado<\/figcaption><\/figure>\n<p>No pr\u00f3ximo dia 17 de mar\u00e7o, o primeiro participante desta terceira temporada, a presen\u00e7a do publicit\u00e1rio Alesandro Dias, compartilhando hist\u00f3rias e experi\u00eancias de vida.<\/p>\n<p>&nbsp;<\/p>\n<p><strong><em>Por: jornalista Gilson Leandro &#8211; MTb:\u00a0 0099875\/SP <\/em><\/strong><\/p>\n","protected":false},"excerpt":{"rendered":"<p>&nbsp; Foi realizado, na manh\u00e3 do ultimo dia 10 de mar\u00e7o, a primeira edi\u00e7\u00e3o do programa Pauta Aberta, marcando a estreia em sua terceira temporada na emissora de R\u00e1dio Life FM. Na apresenta\u00e7\u00e3o do programa, o jornalista diplomado Sergio Barbosa, promoveu diversas sauda\u00e7\u00f5es aos ouvintes e internautas, ainda, em comemora\u00e7\u00e3o ao Dia Internacional da Mulher, [&hellip;]<\/p>\n","protected":false},"author":8,"featured_media":117185,"comment_status":"closed","ping_status":"open","sticky":false,"template":"","format":"standard","meta":{"_acf_changed":false,"_exactmetrics_skip_tracking":false,"_exactmetrics_sitenote_active":false,"_exactmetrics_sitenote_note":"","_exactmetrics_sitenote_category":0,"footnotes":""},"categories":[126],"tags":[],"class_list":["post-117184","post","type-post","status-publish","format-standard","has-post-thumbnail","hentry","category-pauta-aberta"],"acf":[],"yoast_head":"<!-- This site is optimized with the Yoast SEO plugin v27.2 - https:\/\/yoast.com\/product\/yoast-seo-wordpress\/ -->\n<title>Iniciado na Life FM, a 3\u00aa temporada do Programa Pauta Aberta com reflex\u00f5es e abordando par\u00e2metros importantes. - R\u00e1dio Life FM<\/title>\n<meta name=\"robots\" content=\"index, follow, max-snippet:-1, max-image-preview:large, max-video-preview:-1\" \/>\n<link rel=\"canonical\" href=\"https:\/\/radiolifefm.com.br\/noticias\/iniciado-na-life-fm-a-3a-temporada-do-programa-pauta-aberta-com-reflexoes-e-abordando-parametros-importantes\/\" \/>\n<meta property=\"og:locale\" content=\"pt_BR\" \/>\n<meta property=\"og:type\" content=\"article\" \/>\n<meta property=\"og:title\" content=\"Iniciado na Life FM, a 3\u00aa temporada do Programa Pauta Aberta com reflex\u00f5es e abordando par\u00e2metros importantes. - R\u00e1dio Life FM\" \/>\n<meta property=\"og:description\" content=\"&nbsp; Foi realizado, na manh\u00e3 do ultimo dia 10 de mar\u00e7o, a primeira edi\u00e7\u00e3o do programa Pauta Aberta, marcando a estreia em sua terceira temporada na emissora de R\u00e1dio Life FM. Na apresenta\u00e7\u00e3o do programa, o jornalista diplomado Sergio Barbosa, promoveu diversas sauda\u00e7\u00f5es aos ouvintes e internautas, ainda, em comemora\u00e7\u00e3o ao Dia Internacional da Mulher, [&hellip;]\" \/>\n<meta property=\"og:url\" content=\"https:\/\/radiolifefm.com.br\/noticias\/iniciado-na-life-fm-a-3a-temporada-do-programa-pauta-aberta-com-reflexoes-e-abordando-parametros-importantes\/\" \/>\n<meta property=\"og:site_name\" content=\"R\u00e1dio Life FM\" \/>\n<meta property=\"article:publisher\" content=\"https:\/\/www.facebook.com\/radiolifefm\/\" \/>\n<meta property=\"article:published_time\" content=\"2026-03-11T13:51:43+00:00\" \/>\n<meta property=\"article:modified_time\" content=\"2026-04-28T13:59:22+00:00\" \/>\n<meta property=\"og:image\" content=\"https:\/\/radiolifefm.com.br\/noticias\/wp-content\/uploads\/2026\/03\/Capa-Site-14.jpg\" \/>\n\t<meta property=\"og:image:width\" content=\"1366\" \/>\n\t<meta property=\"og:image:height\" content=\"768\" \/>\n\t<meta property=\"og:image:type\" content=\"image\/jpeg\" \/>\n<meta name=\"author\" content=\"joaograndao\" \/>\n<meta name=\"twitter:card\" content=\"summary_large_image\" \/>\n<meta name=\"twitter:label1\" content=\"Escrito por\" \/>\n\t<meta name=\"twitter:data1\" content=\"joaograndao\" \/>\n\t<meta name=\"twitter:label2\" content=\"Est. tempo de leitura\" \/>\n\t<meta name=\"twitter:data2\" content=\"3 minutos\" \/>\n<script type=\"application\/ld+json\" class=\"yoast-schema-graph\">{\"@context\":\"https:\/\/schema.org\",\"@graph\":[{\"@type\":\"Article\",\"@id\":\"https:\/\/radiolifefm.com.br\/noticias\/iniciado-na-life-fm-a-3a-temporada-do-programa-pauta-aberta-com-reflexoes-e-abordando-parametros-importantes\/#article\",\"isPartOf\":{\"@id\":\"https:\/\/radiolifefm.com.br\/noticias\/iniciado-na-life-fm-a-3a-temporada-do-programa-pauta-aberta-com-reflexoes-e-abordando-parametros-importantes\/\"},\"author\":{\"name\":\"joaograndao\",\"@id\":\"https:\/\/radiolifefm.com.br\/noticias\/#\/schema\/person\/6876e1240feffe6e1b63fd5cb85abf28\"},\"headline\":\"Iniciado na Life FM, a 3\u00aa temporada do Programa Pauta Aberta com reflex\u00f5es e abordando par\u00e2metros importantes.\",\"datePublished\":\"2026-03-11T13:51:43+00:00\",\"dateModified\":\"2026-04-28T13:59:22+00:00\",\"mainEntityOfPage\":{\"@id\":\"https:\/\/radiolifefm.com.br\/noticias\/iniciado-na-life-fm-a-3a-temporada-do-programa-pauta-aberta-com-reflexoes-e-abordando-parametros-importantes\/\"},\"wordCount\":363,\"publisher\":{\"@id\":\"https:\/\/radiolifefm.com.br\/noticias\/#organization\"},\"image\":{\"@id\":\"https:\/\/radiolifefm.com.br\/noticias\/iniciado-na-life-fm-a-3a-temporada-do-programa-pauta-aberta-com-reflexoes-e-abordando-parametros-importantes\/#primaryimage\"},\"thumbnailUrl\":\"https:\/\/radiolifefm.com.br\/noticias\/wp-content\/uploads\/2026\/03\/Capa-Site-14.jpg\",\"articleSection\":[\"Pauta Aberta\"],\"inLanguage\":\"pt-BR\"},{\"@type\":\"WebPage\",\"@id\":\"https:\/\/radiolifefm.com.br\/noticias\/iniciado-na-life-fm-a-3a-temporada-do-programa-pauta-aberta-com-reflexoes-e-abordando-parametros-importantes\/\",\"url\":\"https:\/\/radiolifefm.com.br\/noticias\/iniciado-na-life-fm-a-3a-temporada-do-programa-pauta-aberta-com-reflexoes-e-abordando-parametros-importantes\/\",\"name\":\"Iniciado na Life FM, a 3\u00aa temporada do Programa Pauta Aberta com reflex\u00f5es e abordando par\u00e2metros importantes. - R\u00e1dio Life FM\",\"isPartOf\":{\"@id\":\"https:\/\/radiolifefm.com.br\/noticias\/#website\"},\"primaryImageOfPage\":{\"@id\":\"https:\/\/radiolifefm.com.br\/noticias\/iniciado-na-life-fm-a-3a-temporada-do-programa-pauta-aberta-com-reflexoes-e-abordando-parametros-importantes\/#primaryimage\"},\"image\":{\"@id\":\"https:\/\/radiolifefm.com.br\/noticias\/iniciado-na-life-fm-a-3a-temporada-do-programa-pauta-aberta-com-reflexoes-e-abordando-parametros-importantes\/#primaryimage\"},\"thumbnailUrl\":\"https:\/\/radiolifefm.com.br\/noticias\/wp-content\/uploads\/2026\/03\/Capa-Site-14.jpg\",\"datePublished\":\"2026-03-11T13:51:43+00:00\",\"dateModified\":\"2026-04-28T13:59:22+00:00\",\"breadcrumb\":{\"@id\":\"https:\/\/radiolifefm.com.br\/noticias\/iniciado-na-life-fm-a-3a-temporada-do-programa-pauta-aberta-com-reflexoes-e-abordando-parametros-importantes\/#breadcrumb\"},\"inLanguage\":\"pt-BR\",\"potentialAction\":[{\"@type\":\"ReadAction\",\"target\":[\"https:\/\/radiolifefm.com.br\/noticias\/iniciado-na-life-fm-a-3a-temporada-do-programa-pauta-aberta-com-reflexoes-e-abordando-parametros-importantes\/\"]}]},{\"@type\":\"ImageObject\",\"inLanguage\":\"pt-BR\",\"@id\":\"https:\/\/radiolifefm.com.br\/noticias\/iniciado-na-life-fm-a-3a-temporada-do-programa-pauta-aberta-com-reflexoes-e-abordando-parametros-importantes\/#primaryimage\",\"url\":\"https:\/\/radiolifefm.com.br\/noticias\/wp-content\/uploads\/2026\/03\/Capa-Site-14.jpg\",\"contentUrl\":\"https:\/\/radiolifefm.com.br\/noticias\/wp-content\/uploads\/2026\/03\/Capa-Site-14.jpg\",\"width\":1366,\"height\":768,\"caption\":\"Sergio Barbosa, jornalista diplomado\"},{\"@type\":\"BreadcrumbList\",\"@id\":\"https:\/\/radiolifefm.com.br\/noticias\/iniciado-na-life-fm-a-3a-temporada-do-programa-pauta-aberta-com-reflexoes-e-abordando-parametros-importantes\/#breadcrumb\",\"itemListElement\":[{\"@type\":\"ListItem\",\"position\":1,\"name\":\"In\u00edcio\",\"item\":\"https:\/\/radiolifefm.com.br\/noticias\/\"},{\"@type\":\"ListItem\",\"position\":2,\"name\":\"Iniciado na Life FM, a 3\u00aa temporada do Programa Pauta Aberta com reflex\u00f5es e abordando par\u00e2metros importantes.\"}]},{\"@type\":\"WebSite\",\"@id\":\"https:\/\/radiolifefm.com.br\/noticias\/#website\",\"url\":\"https:\/\/radiolifefm.com.br\/noticias\/\",\"name\":\"R\u00e1dio Life FM\",\"description\":\"O Portal de Not\u00edcias de Adamantina\",\"publisher\":{\"@id\":\"https:\/\/radiolifefm.com.br\/noticias\/#organization\"},\"alternateName\":\"Life FM\",\"potentialAction\":[{\"@type\":\"SearchAction\",\"target\":{\"@type\":\"EntryPoint\",\"urlTemplate\":\"https:\/\/radiolifefm.com.br\/noticias\/?s={search_term_string}\"},\"query-input\":{\"@type\":\"PropertyValueSpecification\",\"valueRequired\":true,\"valueName\":\"search_term_string\"}}],\"inLanguage\":\"pt-BR\"},{\"@type\":\"Organization\",\"@id\":\"https:\/\/radiolifefm.com.br\/noticias\/#organization\",\"name\":\"R\u00e1dio Life FM\",\"alternateName\":\"Life FM\",\"url\":\"https:\/\/radiolifefm.com.br\/noticias\/\",\"logo\":{\"@type\":\"ImageObject\",\"inLanguage\":\"pt-BR\",\"@id\":\"https:\/\/radiolifefm.com.br\/noticias\/#\/schema\/logo\/image\/\",\"url\":\"https:\/\/static.radiolifefm.com.br\/noticias\/wp-content\/uploads\/2019\/10\/logo-lifefm.png\",\"contentUrl\":\"https:\/\/static.radiolifefm.com.br\/noticias\/wp-content\/uploads\/2019\/10\/logo-lifefm.png\",\"width\":196,\"height\":47,\"caption\":\"R\u00e1dio Life FM\"},\"image\":{\"@id\":\"https:\/\/radiolifefm.com.br\/noticias\/#\/schema\/logo\/image\/\"},\"sameAs\":[\"https:\/\/www.facebook.com\/radiolifefm\/\",\"https:\/\/www.instagram.com\/life1079fm\/\"]},{\"@type\":\"Person\",\"@id\":\"https:\/\/radiolifefm.com.br\/noticias\/#\/schema\/person\/6876e1240feffe6e1b63fd5cb85abf28\",\"name\":\"joaograndao\",\"image\":{\"@type\":\"ImageObject\",\"inLanguage\":\"pt-BR\",\"@id\":\"https:\/\/secure.gravatar.com\/avatar\/d5b1a3cf357ed9c50404e256a1294083aa8ab5d2a994001567302786016cb32c?s=96&d=mm&r=g\",\"url\":\"https:\/\/secure.gravatar.com\/avatar\/d5b1a3cf357ed9c50404e256a1294083aa8ab5d2a994001567302786016cb32c?s=96&d=mm&r=g\",\"contentUrl\":\"https:\/\/secure.gravatar.com\/avatar\/d5b1a3cf357ed9c50404e256a1294083aa8ab5d2a994001567302786016cb32c?s=96&d=mm&r=g\",\"caption\":\"joaograndao\"}}]}<\/script>\n<!-- \/ Yoast SEO plugin. -->","yoast_head_json":{"title":"Iniciado na Life FM, a 3\u00aa temporada do Programa Pauta Aberta com reflex\u00f5es e abordando par\u00e2metros importantes. - R\u00e1dio Life FM","robots":{"index":"index","follow":"follow","max-snippet":"max-snippet:-1","max-image-preview":"max-image-preview:large","max-video-preview":"max-video-preview:-1"},"canonical":"https:\/\/radiolifefm.com.br\/noticias\/iniciado-na-life-fm-a-3a-temporada-do-programa-pauta-aberta-com-reflexoes-e-abordando-parametros-importantes\/","og_locale":"pt_BR","og_type":"article","og_title":"Iniciado na Life FM, a 3\u00aa temporada do Programa Pauta Aberta com reflex\u00f5es e abordando par\u00e2metros importantes. - R\u00e1dio Life FM","og_description":"&nbsp; Foi realizado, na manh\u00e3 do ultimo dia 10 de mar\u00e7o, a primeira edi\u00e7\u00e3o do programa Pauta Aberta, marcando a estreia em sua terceira temporada na emissora de R\u00e1dio Life FM. Na apresenta\u00e7\u00e3o do programa, o jornalista diplomado Sergio Barbosa, promoveu diversas sauda\u00e7\u00f5es aos ouvintes e internautas, ainda, em comemora\u00e7\u00e3o ao Dia Internacional da Mulher, [&hellip;]","og_url":"https:\/\/radiolifefm.com.br\/noticias\/iniciado-na-life-fm-a-3a-temporada-do-programa-pauta-aberta-com-reflexoes-e-abordando-parametros-importantes\/","og_site_name":"R\u00e1dio Life FM","article_publisher":"https:\/\/www.facebook.com\/radiolifefm\/","article_published_time":"2026-03-11T13:51:43+00:00","article_modified_time":"2026-04-28T13:59:22+00:00","og_image":[{"width":1366,"height":768,"url":"https:\/\/radiolifefm.com.br\/noticias\/wp-content\/uploads\/2026\/03\/Capa-Site-14.jpg","type":"image\/jpeg"}],"author":"joaograndao","twitter_card":"summary_large_image","twitter_misc":{"Escrito por":"joaograndao","Est. tempo de leitura":"3 minutos"},"schema":{"@context":"https:\/\/schema.org","@graph":[{"@type":"Article","@id":"https:\/\/radiolifefm.com.br\/noticias\/iniciado-na-life-fm-a-3a-temporada-do-programa-pauta-aberta-com-reflexoes-e-abordando-parametros-importantes\/#article","isPartOf":{"@id":"https:\/\/radiolifefm.com.br\/noticias\/iniciado-na-life-fm-a-3a-temporada-do-programa-pauta-aberta-com-reflexoes-e-abordando-parametros-importantes\/"},"author":{"name":"joaograndao","@id":"https:\/\/radiolifefm.com.br\/noticias\/#\/schema\/person\/6876e1240feffe6e1b63fd5cb85abf28"},"headline":"Iniciado na Life FM, a 3\u00aa temporada do Programa Pauta Aberta com reflex\u00f5es e abordando par\u00e2metros importantes.","datePublished":"2026-03-11T13:51:43+00:00","dateModified":"2026-04-28T13:59:22+00:00","mainEntityOfPage":{"@id":"https:\/\/radiolifefm.com.br\/noticias\/iniciado-na-life-fm-a-3a-temporada-do-programa-pauta-aberta-com-reflexoes-e-abordando-parametros-importantes\/"},"wordCount":363,"publisher":{"@id":"https:\/\/radiolifefm.com.br\/noticias\/#organization"},"image":{"@id":"https:\/\/radiolifefm.com.br\/noticias\/iniciado-na-life-fm-a-3a-temporada-do-programa-pauta-aberta-com-reflexoes-e-abordando-parametros-importantes\/#primaryimage"},"thumbnailUrl":"https:\/\/radiolifefm.com.br\/noticias\/wp-content\/uploads\/2026\/03\/Capa-Site-14.jpg","articleSection":["Pauta Aberta"],"inLanguage":"pt-BR"},{"@type":"WebPage","@id":"https:\/\/radiolifefm.com.br\/noticias\/iniciado-na-life-fm-a-3a-temporada-do-programa-pauta-aberta-com-reflexoes-e-abordando-parametros-importantes\/","url":"https:\/\/radiolifefm.com.br\/noticias\/iniciado-na-life-fm-a-3a-temporada-do-programa-pauta-aberta-com-reflexoes-e-abordando-parametros-importantes\/","name":"Iniciado na Life FM, a 3\u00aa temporada do Programa Pauta Aberta com reflex\u00f5es e abordando par\u00e2metros importantes. - R\u00e1dio Life FM","isPartOf":{"@id":"https:\/\/radiolifefm.com.br\/noticias\/#website"},"primaryImageOfPage":{"@id":"https:\/\/radiolifefm.com.br\/noticias\/iniciado-na-life-fm-a-3a-temporada-do-programa-pauta-aberta-com-reflexoes-e-abordando-parametros-importantes\/#primaryimage"},"image":{"@id":"https:\/\/radiolifefm.com.br\/noticias\/iniciado-na-life-fm-a-3a-temporada-do-programa-pauta-aberta-com-reflexoes-e-abordando-parametros-importantes\/#primaryimage"},"thumbnailUrl":"https:\/\/radiolifefm.com.br\/noticias\/wp-content\/uploads\/2026\/03\/Capa-Site-14.jpg","datePublished":"2026-03-11T13:51:43+00:00","dateModified":"2026-04-28T13:59:22+00:00","breadcrumb":{"@id":"https:\/\/radiolifefm.com.br\/noticias\/iniciado-na-life-fm-a-3a-temporada-do-programa-pauta-aberta-com-reflexoes-e-abordando-parametros-importantes\/#breadcrumb"},"inLanguage":"pt-BR","potentialAction":[{"@type":"ReadAction","target":["https:\/\/radiolifefm.com.br\/noticias\/iniciado-na-life-fm-a-3a-temporada-do-programa-pauta-aberta-com-reflexoes-e-abordando-parametros-importantes\/"]}]},{"@type":"ImageObject","inLanguage":"pt-BR","@id":"https:\/\/radiolifefm.com.br\/noticias\/iniciado-na-life-fm-a-3a-temporada-do-programa-pauta-aberta-com-reflexoes-e-abordando-parametros-importantes\/#primaryimage","url":"https:\/\/radiolifefm.com.br\/noticias\/wp-content\/uploads\/2026\/03\/Capa-Site-14.jpg","contentUrl":"https:\/\/radiolifefm.com.br\/noticias\/wp-content\/uploads\/2026\/03\/Capa-Site-14.jpg","width":1366,"height":768,"caption":"Sergio Barbosa, jornalista diplomado"},{"@type":"BreadcrumbList","@id":"https:\/\/radiolifefm.com.br\/noticias\/iniciado-na-life-fm-a-3a-temporada-do-programa-pauta-aberta-com-reflexoes-e-abordando-parametros-importantes\/#breadcrumb","itemListElement":[{"@type":"ListItem","position":1,"name":"In\u00edcio","item":"https:\/\/radiolifefm.com.br\/noticias\/"},{"@type":"ListItem","position":2,"name":"Iniciado na Life FM, a 3\u00aa temporada do Programa Pauta Aberta com reflex\u00f5es e abordando par\u00e2metros importantes."}]},{"@type":"WebSite","@id":"https:\/\/radiolifefm.com.br\/noticias\/#website","url":"https:\/\/radiolifefm.com.br\/noticias\/","name":"R\u00e1dio Life FM","description":"O Portal de Not\u00edcias de Adamantina","publisher":{"@id":"https:\/\/radiolifefm.com.br\/noticias\/#organization"},"alternateName":"Life FM","potentialAction":[{"@type":"SearchAction","target":{"@type":"EntryPoint","urlTemplate":"https:\/\/radiolifefm.com.br\/noticias\/?s={search_term_string}"},"query-input":{"@type":"PropertyValueSpecification","valueRequired":true,"valueName":"search_term_string"}}],"inLanguage":"pt-BR"},{"@type":"Organization","@id":"https:\/\/radiolifefm.com.br\/noticias\/#organization","name":"R\u00e1dio Life FM","alternateName":"Life FM","url":"https:\/\/radiolifefm.com.br\/noticias\/","logo":{"@type":"ImageObject","inLanguage":"pt-BR","@id":"https:\/\/radiolifefm.com.br\/noticias\/#\/schema\/logo\/image\/","url":"https:\/\/static.radiolifefm.com.br\/noticias\/wp-content\/uploads\/2019\/10\/logo-lifefm.png","contentUrl":"https:\/\/static.radiolifefm.com.br\/noticias\/wp-content\/uploads\/2019\/10\/logo-lifefm.png","width":196,"height":47,"caption":"R\u00e1dio Life FM"},"image":{"@id":"https:\/\/radiolifefm.com.br\/noticias\/#\/schema\/logo\/image\/"},"sameAs":["https:\/\/www.facebook.com\/radiolifefm\/","https:\/\/www.instagram.com\/life1079fm\/"]},{"@type":"Person","@id":"https:\/\/radiolifefm.com.br\/noticias\/#\/schema\/person\/6876e1240feffe6e1b63fd5cb85abf28","name":"joaograndao","image":{"@type":"ImageObject","inLanguage":"pt-BR","@id":"https:\/\/secure.gravatar.com\/avatar\/d5b1a3cf357ed9c50404e256a1294083aa8ab5d2a994001567302786016cb32c?s=96&d=mm&r=g","url":"https:\/\/secure.gravatar.com\/avatar\/d5b1a3cf357ed9c50404e256a1294083aa8ab5d2a994001567302786016cb32c?s=96&d=mm&r=g","contentUrl":"https:\/\/secure.gravatar.com\/avatar\/d5b1a3cf357ed9c50404e256a1294083aa8ab5d2a994001567302786016cb32c?s=96&d=mm&r=g","caption":"joaograndao"}}]}},"amp_enabled":true,"_links":{"self":[{"href":"https:\/\/radiolifefm.com.br\/noticias\/wp-json\/wp\/v2\/posts\/117184","targetHints":{"allow":["GET"]}}],"collection":[{"href":"https:\/\/radiolifefm.com.br\/noticias\/wp-json\/wp\/v2\/posts"}],"about":[{"href":"https:\/\/radiolifefm.com.br\/noticias\/wp-json\/wp\/v2\/types\/post"}],"author":[{"embeddable":true,"href":"https:\/\/radiolifefm.com.br\/noticias\/wp-json\/wp\/v2\/users\/8"}],"replies":[{"embeddable":true,"href":"https:\/\/radiolifefm.com.br\/noticias\/wp-json\/wp\/v2\/comments?post=117184"}],"version-history":[{"count":3,"href":"https:\/\/radiolifefm.com.br\/noticias\/wp-json\/wp\/v2\/posts\/117184\/revisions"}],"predecessor-version":[{"id":117192,"href":"https:\/\/radiolifefm.com.br\/noticias\/wp-json\/wp\/v2\/posts\/117184\/revisions\/117192"}],"wp:featuredmedia":[{"embeddable":true,"href":"https:\/\/radiolifefm.com.br\/noticias\/wp-json\/wp\/v2\/media\/117185"}],"wp:attachment":[{"href":"https:\/\/radiolifefm.com.br\/noticias\/wp-json\/wp\/v2\/media?parent=117184"}],"wp:term":[{"taxonomy":"category","embeddable":true,"href":"https:\/\/radiolifefm.com.br\/noticias\/wp-json\/wp\/v2\/categories?post=117184"},{"taxonomy":"post_tag","embeddable":true,"href":"https:\/\/radiolifefm.com.br\/noticias\/wp-json\/wp\/v2\/tags?post=117184"}],"curies":[{"name":"wp","href":"https:\/\/api.w.org\/{rel}","templated":true}]}}