{"id":117142,"date":"2026-03-10T23:05:22","date_gmt":"2026-03-11T02:05:22","guid":{"rendered":"https:\/\/radiolifefm.com.br\/noticias\/?p=117142"},"modified":"2026-04-30T10:43:05","modified_gmt":"2026-04-30T13:43:05","slug":"museu-de-adamantina-conquista-recursos-da-lei-rouanet-para-preservar-historia-do-futebol-local","status":"publish","type":"post","link":"https:\/\/radiolifefm.com.br\/noticias\/museu-de-adamantina-conquista-recursos-da-lei-rouanet-para-preservar-historia-do-futebol-local\/","title":{"rendered":"Museu de Adamantina conquista recursos da Lei Rouanet para preservar hist\u00f3ria do futebol local"},"content":{"rendered":"<div id=\"fb-root\"><\/div>\n<p>A mem\u00f3ria esportiva de Adamantina acaba de ganhar um novo f\u00f4lego. Durante o segundo encontro dos Amigos do Museu, a gestora Gislaine Targa anunciou que <strong data-start=\"152\" data-end=\"202\">foi aprovado o recurso por meio da Lei Rouanet<\/strong>, que ser\u00e1 destinado \u00e0 revitaliza\u00e7\u00e3o do espa\u00e7o cultural da cidade.<\/p>\n<p>O investimento permitir\u00e1 a cria\u00e7\u00e3o de um ambiente especialmente dedicado \u00e0 hist\u00f3ria do futebol adamantinense, com acervo, composi\u00e7\u00e3o e caracteriza\u00e7\u00e3o voltados para valorizar a trajet\u00f3ria de atletas e equipes que marcaram \u00e9poca. Al\u00e9m disso, o projeto contempla a revis\u00e3o e o relan\u00e7amento do livro Gera\u00e7\u00e3o Dourada do Futebol Adamantinense, escrito pelo ex-jogador Orlando Rodrigues Daniel, conhecido como Kakinha.<\/p>\n<p>A reuni\u00e3o contou tamb\u00e9m com a presen\u00e7a da secret\u00e1ria de Cultura e Turismo, Ana Queila Zanardo, que destacou a import\u00e2ncia da iniciativa e refor\u00e7ou o apoio da pasta \u00e0s conquistas do museu. \u201cO trabalho de preserva\u00e7\u00e3o da mem\u00f3ria cultural e esportiva \u00e9 fundamental para fortalecer nossa identidade e inspirar novas gera\u00e7\u00f5es. O museu tem o nosso incentivo e reconhecimento\u201d, afirmou.<\/p>\n<p>Segundo Gislaine Targa, a conquista representa um marco para o museu e para a comunidade: \u201c\u00c9 uma oportunidade de resgatar e dar visibilidade a uma parte importante da nossa hist\u00f3ria, que \u00e9 o futebol. Esse recurso vai permitir que o museu se torne ainda mais vivo e conectado com a popula\u00e7\u00e3o.\u201d<\/p>\n<p>Com a iniciativa, Adamantina refor\u00e7a seu compromisso com a preserva\u00e7\u00e3o da mem\u00f3ria esportiva e cultural, garantindo que as futuras gera\u00e7\u00f5es possam conhecer e se inspirar na trajet\u00f3ria de seus \u00eddolos locais.<\/p>\n<p>&nbsp;<\/p>\n<div class='flex flex-wrap items-center -mx-1'>\r\n<a class='thumbnail gallery p-1 w-1\/2 md:w-1\/4' href='https:\/\/radiolifefm.com.br\/noticias\/wp-content\/uploads\/2026\/03\/WhatsApp-Image-2026-03-10-at-22.33.45-2.jpeg'><img class='border border-white' src='https:\/\/radiolifefm.com.br\/noticias\/wp-content\/uploads\/2026\/03\/WhatsApp-Image-2026-03-10-at-22.33.45-2-200x200.jpeg' alt='WhatsApp Image 2026 03 10 At 22.33.45 (2)' \/><\/a><a class='thumbnail gallery p-1 w-1\/2 md:w-1\/4' href='https:\/\/radiolifefm.com.br\/noticias\/wp-content\/uploads\/2026\/03\/WhatsApp-Image-2026-03-10-at-22.33.45-1.jpeg'><img class='border border-white' src='https:\/\/radiolifefm.com.br\/noticias\/wp-content\/uploads\/2026\/03\/WhatsApp-Image-2026-03-10-at-22.33.45-1-200x200.jpeg' alt='WhatsApp Image 2026 03 10 At 22.33.45 (1)' \/><\/a><a class='thumbnail gallery p-1 w-1\/2 md:w-1\/4' href='https:\/\/radiolifefm.com.br\/noticias\/wp-content\/uploads\/2026\/03\/WhatsApp-Image-2026-03-10-at-22.33.45.jpeg'><img class='border border-white' src='https:\/\/radiolifefm.com.br\/noticias\/wp-content\/uploads\/2026\/03\/WhatsApp-Image-2026-03-10-at-22.33.45-200x200.jpeg' alt='WhatsApp Image 2026 03 10 At 22.33.45' \/><\/a><a class='thumbnail gallery p-1 w-1\/2 md:w-1\/4' href='https:\/\/radiolifefm.com.br\/noticias\/wp-content\/uploads\/2026\/03\/WhatsApp-Image-2026-03-10-at-22.33.44-3.jpeg'><img class='border border-white' src='https:\/\/radiolifefm.com.br\/noticias\/wp-content\/uploads\/2026\/03\/WhatsApp-Image-2026-03-10-at-22.33.44-3-200x200.jpeg' alt='WhatsApp Image 2026 03 10 At 22.33.44 (3)' \/><\/a><a class='thumbnail gallery p-1 w-1\/2 md:w-1\/4' href='https:\/\/radiolifefm.com.br\/noticias\/wp-content\/uploads\/2026\/03\/WhatsApp-Image-2026-03-10-at-22.33.44-2.jpeg'><img class='border border-white' src='https:\/\/radiolifefm.com.br\/noticias\/wp-content\/uploads\/2026\/03\/WhatsApp-Image-2026-03-10-at-22.33.44-2-200x200.jpeg' alt='WhatsApp Image 2026 03 10 At 22.33.44 (2)' \/><\/a><a class='thumbnail gallery p-1 w-1\/2 md:w-1\/4' href='https:\/\/radiolifefm.com.br\/noticias\/wp-content\/uploads\/2026\/03\/WhatsApp-Image-2026-03-10-at-22.33.44-1.jpeg'><img class='border border-white' src='https:\/\/radiolifefm.com.br\/noticias\/wp-content\/uploads\/2026\/03\/WhatsApp-Image-2026-03-10-at-22.33.44-1-200x200.jpeg' alt='WhatsApp Image 2026 03 10 At 22.33.44 (1)' \/><\/a><a class='thumbnail gallery p-1 w-1\/2 md:w-1\/4' href='https:\/\/radiolifefm.com.br\/noticias\/wp-content\/uploads\/2026\/03\/WhatsApp-Image-2026-03-10-at-22.33.44.jpeg'><img class='border border-white' src='https:\/\/radiolifefm.com.br\/noticias\/wp-content\/uploads\/2026\/03\/WhatsApp-Image-2026-03-10-at-22.33.44-200x200.jpeg' alt='WhatsApp Image 2026 03 10 At 22.33.44' \/><\/a><\/div>\n","protected":false},"excerpt":{"rendered":"<p>A mem\u00f3ria esportiva de Adamantina acaba de ganhar um novo f\u00f4lego. Durante o segundo encontro dos Amigos do Museu, a gestora Gislaine Targa anunciou que foi aprovado o recurso por meio da Lei Rouanet, que ser\u00e1 destinado \u00e0 revitaliza\u00e7\u00e3o do espa\u00e7o cultural da cidade. O investimento permitir\u00e1 a cria\u00e7\u00e3o de um ambiente especialmente dedicado \u00e0 [&hellip;]<\/p>\n","protected":false},"author":8,"featured_media":117143,"comment_status":"closed","ping_status":"open","sticky":false,"template":"","format":"standard","meta":{"_acf_changed":false,"_exactmetrics_skip_tracking":false,"_exactmetrics_sitenote_active":false,"_exactmetrics_sitenote_note":"","_exactmetrics_sitenote_category":0,"footnotes":""},"categories":[21],"tags":[],"class_list":["post-117142","post","type-post","status-publish","format-standard","has-post-thumbnail","hentry","category-adamantina"],"acf":[],"yoast_head":"<!-- This site is optimized with the Yoast SEO plugin v27.2 - https:\/\/yoast.com\/product\/yoast-seo-wordpress\/ -->\n<title>Museu de Adamantina conquista recursos da Lei Rouanet para preservar hist\u00f3ria do futebol local - R\u00e1dio Life FM<\/title>\n<meta name=\"robots\" content=\"index, follow, max-snippet:-1, max-image-preview:large, max-video-preview:-1\" \/>\n<link rel=\"canonical\" href=\"https:\/\/radiolifefm.com.br\/noticias\/museu-de-adamantina-conquista-recursos-da-lei-rouanet-para-preservar-historia-do-futebol-local\/\" \/>\n<meta property=\"og:locale\" content=\"pt_BR\" \/>\n<meta property=\"og:type\" content=\"article\" \/>\n<meta property=\"og:title\" content=\"Museu de Adamantina conquista recursos da Lei Rouanet para preservar hist\u00f3ria do futebol local - R\u00e1dio Life FM\" \/>\n<meta property=\"og:description\" content=\"A mem\u00f3ria esportiva de Adamantina acaba de ganhar um novo f\u00f4lego. Durante o segundo encontro dos Amigos do Museu, a gestora Gislaine Targa anunciou que foi aprovado o recurso por meio da Lei Rouanet, que ser\u00e1 destinado \u00e0 revitaliza\u00e7\u00e3o do espa\u00e7o cultural da cidade. O investimento permitir\u00e1 a cria\u00e7\u00e3o de um ambiente especialmente dedicado \u00e0 [&hellip;]\" \/>\n<meta property=\"og:url\" content=\"https:\/\/radiolifefm.com.br\/noticias\/museu-de-adamantina-conquista-recursos-da-lei-rouanet-para-preservar-historia-do-futebol-local\/\" \/>\n<meta property=\"og:site_name\" content=\"R\u00e1dio Life FM\" \/>\n<meta property=\"article:publisher\" content=\"https:\/\/www.facebook.com\/radiolifefm\/\" \/>\n<meta property=\"article:published_time\" content=\"2026-03-11T02:05:22+00:00\" \/>\n<meta property=\"article:modified_time\" content=\"2026-04-30T13:43:05+00:00\" \/>\n<meta property=\"og:image\" content=\"https:\/\/radiolifefm.com.br\/noticias\/wp-content\/uploads\/2026\/03\/WhatsApp-Image-2026-03-10-at-22.33.43.jpeg\" \/>\n\t<meta property=\"og:image:width\" content=\"1600\" \/>\n\t<meta property=\"og:image:height\" content=\"1200\" \/>\n\t<meta property=\"og:image:type\" content=\"image\/jpeg\" \/>\n<meta name=\"author\" content=\"joaograndao\" \/>\n<meta name=\"twitter:card\" content=\"summary_large_image\" \/>\n<meta name=\"twitter:label1\" content=\"Escrito por\" \/>\n\t<meta name=\"twitter:data1\" content=\"joaograndao\" \/>\n\t<meta name=\"twitter:label2\" content=\"Est. tempo de leitura\" \/>\n\t<meta name=\"twitter:data2\" content=\"2 minutos\" \/>\n<script type=\"application\/ld+json\" class=\"yoast-schema-graph\">{\"@context\":\"https:\/\/schema.org\",\"@graph\":[{\"@type\":\"Article\",\"@id\":\"https:\/\/radiolifefm.com.br\/noticias\/museu-de-adamantina-conquista-recursos-da-lei-rouanet-para-preservar-historia-do-futebol-local\/#article\",\"isPartOf\":{\"@id\":\"https:\/\/radiolifefm.com.br\/noticias\/museu-de-adamantina-conquista-recursos-da-lei-rouanet-para-preservar-historia-do-futebol-local\/\"},\"author\":{\"name\":\"joaograndao\",\"@id\":\"https:\/\/radiolifefm.com.br\/noticias\/#\/schema\/person\/6876e1240feffe6e1b63fd5cb85abf28\"},\"headline\":\"Museu de Adamantina conquista recursos da Lei Rouanet para preservar hist\u00f3ria do futebol local\",\"datePublished\":\"2026-03-11T02:05:22+00:00\",\"dateModified\":\"2026-04-30T13:43:05+00:00\",\"mainEntityOfPage\":{\"@id\":\"https:\/\/radiolifefm.com.br\/noticias\/museu-de-adamantina-conquista-recursos-da-lei-rouanet-para-preservar-historia-do-futebol-local\/\"},\"wordCount\":289,\"publisher\":{\"@id\":\"https:\/\/radiolifefm.com.br\/noticias\/#organization\"},\"image\":{\"@id\":\"https:\/\/radiolifefm.com.br\/noticias\/museu-de-adamantina-conquista-recursos-da-lei-rouanet-para-preservar-historia-do-futebol-local\/#primaryimage\"},\"thumbnailUrl\":\"https:\/\/radiolifefm.com.br\/noticias\/wp-content\/uploads\/2026\/03\/WhatsApp-Image-2026-03-10-at-22.33.43.jpeg\",\"articleSection\":[\"Adamantina\"],\"inLanguage\":\"pt-BR\"},{\"@type\":\"WebPage\",\"@id\":\"https:\/\/radiolifefm.com.br\/noticias\/museu-de-adamantina-conquista-recursos-da-lei-rouanet-para-preservar-historia-do-futebol-local\/\",\"url\":\"https:\/\/radiolifefm.com.br\/noticias\/museu-de-adamantina-conquista-recursos-da-lei-rouanet-para-preservar-historia-do-futebol-local\/\",\"name\":\"Museu de Adamantina conquista recursos da Lei Rouanet para preservar hist\u00f3ria do futebol local - R\u00e1dio Life FM\",\"isPartOf\":{\"@id\":\"https:\/\/radiolifefm.com.br\/noticias\/#website\"},\"primaryImageOfPage\":{\"@id\":\"https:\/\/radiolifefm.com.br\/noticias\/museu-de-adamantina-conquista-recursos-da-lei-rouanet-para-preservar-historia-do-futebol-local\/#primaryimage\"},\"image\":{\"@id\":\"https:\/\/radiolifefm.com.br\/noticias\/museu-de-adamantina-conquista-recursos-da-lei-rouanet-para-preservar-historia-do-futebol-local\/#primaryimage\"},\"thumbnailUrl\":\"https:\/\/radiolifefm.com.br\/noticias\/wp-content\/uploads\/2026\/03\/WhatsApp-Image-2026-03-10-at-22.33.43.jpeg\",\"datePublished\":\"2026-03-11T02:05:22+00:00\",\"dateModified\":\"2026-04-30T13:43:05+00:00\",\"breadcrumb\":{\"@id\":\"https:\/\/radiolifefm.com.br\/noticias\/museu-de-adamantina-conquista-recursos-da-lei-rouanet-para-preservar-historia-do-futebol-local\/#breadcrumb\"},\"inLanguage\":\"pt-BR\",\"potentialAction\":[{\"@type\":\"ReadAction\",\"target\":[\"https:\/\/radiolifefm.com.br\/noticias\/museu-de-adamantina-conquista-recursos-da-lei-rouanet-para-preservar-historia-do-futebol-local\/\"]}]},{\"@type\":\"ImageObject\",\"inLanguage\":\"pt-BR\",\"@id\":\"https:\/\/radiolifefm.com.br\/noticias\/museu-de-adamantina-conquista-recursos-da-lei-rouanet-para-preservar-historia-do-futebol-local\/#primaryimage\",\"url\":\"https:\/\/radiolifefm.com.br\/noticias\/wp-content\/uploads\/2026\/03\/WhatsApp-Image-2026-03-10-at-22.33.43.jpeg\",\"contentUrl\":\"https:\/\/radiolifefm.com.br\/noticias\/wp-content\/uploads\/2026\/03\/WhatsApp-Image-2026-03-10-at-22.33.43.jpeg\",\"width\":1600,\"height\":1200},{\"@type\":\"BreadcrumbList\",\"@id\":\"https:\/\/radiolifefm.com.br\/noticias\/museu-de-adamantina-conquista-recursos-da-lei-rouanet-para-preservar-historia-do-futebol-local\/#breadcrumb\",\"itemListElement\":[{\"@type\":\"ListItem\",\"position\":1,\"name\":\"In\u00edcio\",\"item\":\"https:\/\/radiolifefm.com.br\/noticias\/\"},{\"@type\":\"ListItem\",\"position\":2,\"name\":\"Museu de Adamantina conquista recursos da Lei Rouanet para preservar hist\u00f3ria do futebol local\"}]},{\"@type\":\"WebSite\",\"@id\":\"https:\/\/radiolifefm.com.br\/noticias\/#website\",\"url\":\"https:\/\/radiolifefm.com.br\/noticias\/\",\"name\":\"R\u00e1dio Life FM\",\"description\":\"O Portal de Not\u00edcias de Adamantina\",\"publisher\":{\"@id\":\"https:\/\/radiolifefm.com.br\/noticias\/#organization\"},\"alternateName\":\"Life FM\",\"potentialAction\":[{\"@type\":\"SearchAction\",\"target\":{\"@type\":\"EntryPoint\",\"urlTemplate\":\"https:\/\/radiolifefm.com.br\/noticias\/?s={search_term_string}\"},\"query-input\":{\"@type\":\"PropertyValueSpecification\",\"valueRequired\":true,\"valueName\":\"search_term_string\"}}],\"inLanguage\":\"pt-BR\"},{\"@type\":\"Organization\",\"@id\":\"https:\/\/radiolifefm.com.br\/noticias\/#organization\",\"name\":\"R\u00e1dio Life FM\",\"alternateName\":\"Life FM\",\"url\":\"https:\/\/radiolifefm.com.br\/noticias\/\",\"logo\":{\"@type\":\"ImageObject\",\"inLanguage\":\"pt-BR\",\"@id\":\"https:\/\/radiolifefm.com.br\/noticias\/#\/schema\/logo\/image\/\",\"url\":\"https:\/\/static.radiolifefm.com.br\/noticias\/wp-content\/uploads\/2019\/10\/logo-lifefm.png\",\"contentUrl\":\"https:\/\/static.radiolifefm.com.br\/noticias\/wp-content\/uploads\/2019\/10\/logo-lifefm.png\",\"width\":196,\"height\":47,\"caption\":\"R\u00e1dio Life FM\"},\"image\":{\"@id\":\"https:\/\/radiolifefm.com.br\/noticias\/#\/schema\/logo\/image\/\"},\"sameAs\":[\"https:\/\/www.facebook.com\/radiolifefm\/\",\"https:\/\/www.instagram.com\/life1079fm\/\"]},{\"@type\":\"Person\",\"@id\":\"https:\/\/radiolifefm.com.br\/noticias\/#\/schema\/person\/6876e1240feffe6e1b63fd5cb85abf28\",\"name\":\"joaograndao\",\"image\":{\"@type\":\"ImageObject\",\"inLanguage\":\"pt-BR\",\"@id\":\"https:\/\/secure.gravatar.com\/avatar\/d5b1a3cf357ed9c50404e256a1294083aa8ab5d2a994001567302786016cb32c?s=96&d=mm&r=g\",\"url\":\"https:\/\/secure.gravatar.com\/avatar\/d5b1a3cf357ed9c50404e256a1294083aa8ab5d2a994001567302786016cb32c?s=96&d=mm&r=g\",\"contentUrl\":\"https:\/\/secure.gravatar.com\/avatar\/d5b1a3cf357ed9c50404e256a1294083aa8ab5d2a994001567302786016cb32c?s=96&d=mm&r=g\",\"caption\":\"joaograndao\"}}]}<\/script>\n<!-- \/ Yoast SEO plugin. -->","yoast_head_json":{"title":"Museu de Adamantina conquista recursos da Lei Rouanet para preservar hist\u00f3ria do futebol local - R\u00e1dio Life FM","robots":{"index":"index","follow":"follow","max-snippet":"max-snippet:-1","max-image-preview":"max-image-preview:large","max-video-preview":"max-video-preview:-1"},"canonical":"https:\/\/radiolifefm.com.br\/noticias\/museu-de-adamantina-conquista-recursos-da-lei-rouanet-para-preservar-historia-do-futebol-local\/","og_locale":"pt_BR","og_type":"article","og_title":"Museu de Adamantina conquista recursos da Lei Rouanet para preservar hist\u00f3ria do futebol local - R\u00e1dio Life FM","og_description":"A mem\u00f3ria esportiva de Adamantina acaba de ganhar um novo f\u00f4lego. Durante o segundo encontro dos Amigos do Museu, a gestora Gislaine Targa anunciou que foi aprovado o recurso por meio da Lei Rouanet, que ser\u00e1 destinado \u00e0 revitaliza\u00e7\u00e3o do espa\u00e7o cultural da cidade. O investimento permitir\u00e1 a cria\u00e7\u00e3o de um ambiente especialmente dedicado \u00e0 [&hellip;]","og_url":"https:\/\/radiolifefm.com.br\/noticias\/museu-de-adamantina-conquista-recursos-da-lei-rouanet-para-preservar-historia-do-futebol-local\/","og_site_name":"R\u00e1dio Life FM","article_publisher":"https:\/\/www.facebook.com\/radiolifefm\/","article_published_time":"2026-03-11T02:05:22+00:00","article_modified_time":"2026-04-30T13:43:05+00:00","og_image":[{"width":1600,"height":1200,"url":"https:\/\/radiolifefm.com.br\/noticias\/wp-content\/uploads\/2026\/03\/WhatsApp-Image-2026-03-10-at-22.33.43.jpeg","type":"image\/jpeg"}],"author":"joaograndao","twitter_card":"summary_large_image","twitter_misc":{"Escrito por":"joaograndao","Est. tempo de leitura":"2 minutos"},"schema":{"@context":"https:\/\/schema.org","@graph":[{"@type":"Article","@id":"https:\/\/radiolifefm.com.br\/noticias\/museu-de-adamantina-conquista-recursos-da-lei-rouanet-para-preservar-historia-do-futebol-local\/#article","isPartOf":{"@id":"https:\/\/radiolifefm.com.br\/noticias\/museu-de-adamantina-conquista-recursos-da-lei-rouanet-para-preservar-historia-do-futebol-local\/"},"author":{"name":"joaograndao","@id":"https:\/\/radiolifefm.com.br\/noticias\/#\/schema\/person\/6876e1240feffe6e1b63fd5cb85abf28"},"headline":"Museu de Adamantina conquista recursos da Lei Rouanet para preservar hist\u00f3ria do futebol local","datePublished":"2026-03-11T02:05:22+00:00","dateModified":"2026-04-30T13:43:05+00:00","mainEntityOfPage":{"@id":"https:\/\/radiolifefm.com.br\/noticias\/museu-de-adamantina-conquista-recursos-da-lei-rouanet-para-preservar-historia-do-futebol-local\/"},"wordCount":289,"publisher":{"@id":"https:\/\/radiolifefm.com.br\/noticias\/#organization"},"image":{"@id":"https:\/\/radiolifefm.com.br\/noticias\/museu-de-adamantina-conquista-recursos-da-lei-rouanet-para-preservar-historia-do-futebol-local\/#primaryimage"},"thumbnailUrl":"https:\/\/radiolifefm.com.br\/noticias\/wp-content\/uploads\/2026\/03\/WhatsApp-Image-2026-03-10-at-22.33.43.jpeg","articleSection":["Adamantina"],"inLanguage":"pt-BR"},{"@type":"WebPage","@id":"https:\/\/radiolifefm.com.br\/noticias\/museu-de-adamantina-conquista-recursos-da-lei-rouanet-para-preservar-historia-do-futebol-local\/","url":"https:\/\/radiolifefm.com.br\/noticias\/museu-de-adamantina-conquista-recursos-da-lei-rouanet-para-preservar-historia-do-futebol-local\/","name":"Museu de Adamantina conquista recursos da Lei Rouanet para preservar hist\u00f3ria do futebol local - R\u00e1dio Life FM","isPartOf":{"@id":"https:\/\/radiolifefm.com.br\/noticias\/#website"},"primaryImageOfPage":{"@id":"https:\/\/radiolifefm.com.br\/noticias\/museu-de-adamantina-conquista-recursos-da-lei-rouanet-para-preservar-historia-do-futebol-local\/#primaryimage"},"image":{"@id":"https:\/\/radiolifefm.com.br\/noticias\/museu-de-adamantina-conquista-recursos-da-lei-rouanet-para-preservar-historia-do-futebol-local\/#primaryimage"},"thumbnailUrl":"https:\/\/radiolifefm.com.br\/noticias\/wp-content\/uploads\/2026\/03\/WhatsApp-Image-2026-03-10-at-22.33.43.jpeg","datePublished":"2026-03-11T02:05:22+00:00","dateModified":"2026-04-30T13:43:05+00:00","breadcrumb":{"@id":"https:\/\/radiolifefm.com.br\/noticias\/museu-de-adamantina-conquista-recursos-da-lei-rouanet-para-preservar-historia-do-futebol-local\/#breadcrumb"},"inLanguage":"pt-BR","potentialAction":[{"@type":"ReadAction","target":["https:\/\/radiolifefm.com.br\/noticias\/museu-de-adamantina-conquista-recursos-da-lei-rouanet-para-preservar-historia-do-futebol-local\/"]}]},{"@type":"ImageObject","inLanguage":"pt-BR","@id":"https:\/\/radiolifefm.com.br\/noticias\/museu-de-adamantina-conquista-recursos-da-lei-rouanet-para-preservar-historia-do-futebol-local\/#primaryimage","url":"https:\/\/radiolifefm.com.br\/noticias\/wp-content\/uploads\/2026\/03\/WhatsApp-Image-2026-03-10-at-22.33.43.jpeg","contentUrl":"https:\/\/radiolifefm.com.br\/noticias\/wp-content\/uploads\/2026\/03\/WhatsApp-Image-2026-03-10-at-22.33.43.jpeg","width":1600,"height":1200},{"@type":"BreadcrumbList","@id":"https:\/\/radiolifefm.com.br\/noticias\/museu-de-adamantina-conquista-recursos-da-lei-rouanet-para-preservar-historia-do-futebol-local\/#breadcrumb","itemListElement":[{"@type":"ListItem","position":1,"name":"In\u00edcio","item":"https:\/\/radiolifefm.com.br\/noticias\/"},{"@type":"ListItem","position":2,"name":"Museu de Adamantina conquista recursos da Lei Rouanet para preservar hist\u00f3ria do futebol local"}]},{"@type":"WebSite","@id":"https:\/\/radiolifefm.com.br\/noticias\/#website","url":"https:\/\/radiolifefm.com.br\/noticias\/","name":"R\u00e1dio Life FM","description":"O Portal de Not\u00edcias de Adamantina","publisher":{"@id":"https:\/\/radiolifefm.com.br\/noticias\/#organization"},"alternateName":"Life FM","potentialAction":[{"@type":"SearchAction","target":{"@type":"EntryPoint","urlTemplate":"https:\/\/radiolifefm.com.br\/noticias\/?s={search_term_string}"},"query-input":{"@type":"PropertyValueSpecification","valueRequired":true,"valueName":"search_term_string"}}],"inLanguage":"pt-BR"},{"@type":"Organization","@id":"https:\/\/radiolifefm.com.br\/noticias\/#organization","name":"R\u00e1dio Life FM","alternateName":"Life FM","url":"https:\/\/radiolifefm.com.br\/noticias\/","logo":{"@type":"ImageObject","inLanguage":"pt-BR","@id":"https:\/\/radiolifefm.com.br\/noticias\/#\/schema\/logo\/image\/","url":"https:\/\/static.radiolifefm.com.br\/noticias\/wp-content\/uploads\/2019\/10\/logo-lifefm.png","contentUrl":"https:\/\/static.radiolifefm.com.br\/noticias\/wp-content\/uploads\/2019\/10\/logo-lifefm.png","width":196,"height":47,"caption":"R\u00e1dio Life FM"},"image":{"@id":"https:\/\/radiolifefm.com.br\/noticias\/#\/schema\/logo\/image\/"},"sameAs":["https:\/\/www.facebook.com\/radiolifefm\/","https:\/\/www.instagram.com\/life1079fm\/"]},{"@type":"Person","@id":"https:\/\/radiolifefm.com.br\/noticias\/#\/schema\/person\/6876e1240feffe6e1b63fd5cb85abf28","name":"joaograndao","image":{"@type":"ImageObject","inLanguage":"pt-BR","@id":"https:\/\/secure.gravatar.com\/avatar\/d5b1a3cf357ed9c50404e256a1294083aa8ab5d2a994001567302786016cb32c?s=96&d=mm&r=g","url":"https:\/\/secure.gravatar.com\/avatar\/d5b1a3cf357ed9c50404e256a1294083aa8ab5d2a994001567302786016cb32c?s=96&d=mm&r=g","contentUrl":"https:\/\/secure.gravatar.com\/avatar\/d5b1a3cf357ed9c50404e256a1294083aa8ab5d2a994001567302786016cb32c?s=96&d=mm&r=g","caption":"joaograndao"}}]}},"amp_enabled":true,"_links":{"self":[{"href":"https:\/\/radiolifefm.com.br\/noticias\/wp-json\/wp\/v2\/posts\/117142","targetHints":{"allow":["GET"]}}],"collection":[{"href":"https:\/\/radiolifefm.com.br\/noticias\/wp-json\/wp\/v2\/posts"}],"about":[{"href":"https:\/\/radiolifefm.com.br\/noticias\/wp-json\/wp\/v2\/types\/post"}],"author":[{"embeddable":true,"href":"https:\/\/radiolifefm.com.br\/noticias\/wp-json\/wp\/v2\/users\/8"}],"replies":[{"embeddable":true,"href":"https:\/\/radiolifefm.com.br\/noticias\/wp-json\/wp\/v2\/comments?post=117142"}],"version-history":[{"count":2,"href":"https:\/\/radiolifefm.com.br\/noticias\/wp-json\/wp\/v2\/posts\/117142\/revisions"}],"predecessor-version":[{"id":117182,"href":"https:\/\/radiolifefm.com.br\/noticias\/wp-json\/wp\/v2\/posts\/117142\/revisions\/117182"}],"wp:featuredmedia":[{"embeddable":true,"href":"https:\/\/radiolifefm.com.br\/noticias\/wp-json\/wp\/v2\/media\/117143"}],"wp:attachment":[{"href":"https:\/\/radiolifefm.com.br\/noticias\/wp-json\/wp\/v2\/media?parent=117142"}],"wp:term":[{"taxonomy":"category","embeddable":true,"href":"https:\/\/radiolifefm.com.br\/noticias\/wp-json\/wp\/v2\/categories?post=117142"},{"taxonomy":"post_tag","embeddable":true,"href":"https:\/\/radiolifefm.com.br\/noticias\/wp-json\/wp\/v2\/tags?post=117142"}],"curies":[{"name":"wp","href":"https:\/\/api.w.org\/{rel}","templated":true}]}}