{"id":117094,"date":"2026-03-09T14:18:42","date_gmt":"2026-03-09T17:18:42","guid":{"rendered":"https:\/\/radiolifefm.com.br\/noticias\/?p=117094"},"modified":"2026-04-25T13:39:25","modified_gmt":"2026-04-25T16:39:25","slug":"adamantina-selar-inicia-sua-jornada-nas-categorias-sub-11-sub-13-e-sub-15-da-copa-amnap-2026-no-proximo-sabado-14-de-marco","status":"publish","type":"post","link":"https:\/\/radiolifefm.com.br\/noticias\/adamantina-selar-inicia-sua-jornada-nas-categorias-sub-11-sub-13-e-sub-15-da-copa-amnap-2026-no-proximo-sabado-14-de-marco\/","title":{"rendered":"Adamantina\/Selar Inicia sua Jornada nas Categorias Sub-11, Sub-13 e Sub-15 da Copa AMNAP 2026 no Pr\u00f3ximo S\u00e1bado, 14 de Mar\u00e7o"},"content":{"rendered":"<div id=\"fb-root\"><\/div>\n<blockquote><p>A Copa AMNAP 2026 est\u00e1 prestes a come\u00e7ar, e a equipe de Adamantina\/Selar, com suas equipes nas categorias Sub-11, Sub-13 e Sub-15, est\u00e1 pronta para encarar desafios emocionantes. O campeonato ter\u00e1 in\u00edcio no pr\u00f3ximo s\u00e1bado, 14 de mar\u00e7o, e promete agitar as cidades da regi\u00e3o, com equipes de destaque disputando cada partida.<\/p><\/blockquote>\n<p><strong>Participantes da Copa AMNAP 2026<\/strong><\/p>\n<p>A Copa contar\u00e1 com a participa\u00e7\u00e3o de v\u00e1rias cidades da regi\u00e3o, que t\u00eam se preparado para fazer bonito nas tr\u00eas categorias. As equipes que ir\u00e3o disputar as partidas da Copa AMNAP 2026 s\u00e3o:<\/p>\n<ul>\n<li><strong>Adamantina\/Selar<\/strong><\/li>\n<li><strong>Aitec Tupa<\/strong><\/li>\n<li><strong>Salmour\u00e3o<\/strong><\/li>\n<li><strong>Dracena<\/strong><\/li>\n<li><strong>Queiroz<\/strong><\/li>\n<li><strong>Rin\u00f3polis<\/strong><\/li>\n<li><strong>Osvaldo Cruz<\/strong><\/li>\n<li><strong>Hercul\u00e2ndia<\/strong><\/li>\n<li><strong>Fl\u00f3rida Paulista<\/strong><\/li>\n<li><strong>Pracinha<\/strong><\/li>\n<li><strong>Bastos<\/strong><\/li>\n<li><strong>Pacaembu<\/strong><\/li>\n<li><strong>Tupi Paulista<\/strong><\/li>\n<li><strong>Sumar\u00e9 Tupa<\/strong><\/li>\n<li><strong>In\u00fabia Paulista<\/strong><\/li>\n<li><strong>Lucelia<\/strong><\/li>\n<li><strong>Junqueir\u00f3polis<\/strong><\/li>\n<li><strong>Tac Tup\u00e3 <\/strong><\/li>\n<\/ul>\n<p>&nbsp;<\/p>\n<p>&nbsp;<\/p>\n<p><strong>O Desafio de Adamantina\/Selar<\/strong><\/p>\n<p>O time de Adamantina\/Selar inicia sua jornada com grandes expectativas. Na rodada do dia 14 de mar\u00e7o, as equipes sub-11, sub-13 e sub-15 enfrentar\u00e3o advers\u00e1rios de peso, em busca de resultados positivos que as mantenham firmes na competi\u00e7\u00e3o. A cidade de Adamantina, com sua tradi\u00e7\u00e3o esportiva, aguarda ansiosa para ver seus representantes em campo, buscando a vit\u00f3ria e o desenvolvimento dos jovens atletas.<\/p>\n<p><strong>Rodada de Abertura: Confrontos de Alta Competi\u00e7\u00e3o<\/strong><\/p>\n<p>Na rodada inicial de s\u00e1bado, Adamantina\/Selar se prepara para enfrentar o time de <strong>Dracena<\/strong> \u00a0nas categorias Sub-11 e Sub-13, enquanto a equipe Sub-15.<\/p>\n<p>As equipes de Adamantina\/Selar t\u00eam se empenhado ao m\u00e1ximo para garantir um bom desempenho, buscando crescer durante o campeonato e conquistar o apoio de seus torcedores.<\/p>\n<p>A Copa AMNAP 2026 come\u00e7a com promessas de grandes disputas e, sem d\u00favida, ser\u00e1 uma competi\u00e7\u00e3o inesquec\u00edvel para as equipes da regi\u00e3o.<\/p>\n","protected":false},"excerpt":{"rendered":"<p>A Copa AMNAP 2026 est\u00e1 prestes a come\u00e7ar, e a equipe de Adamantina\/Selar, com suas equipes nas categorias Sub-11, Sub-13 e Sub-15, est\u00e1 pronta para encarar desafios emocionantes. O campeonato ter\u00e1 in\u00edcio no pr\u00f3ximo s\u00e1bado, 14 de mar\u00e7o, e promete agitar as cidades da regi\u00e3o, com equipes de destaque disputando cada partida. Participantes da Copa [&hellip;]<\/p>\n","protected":false},"author":13,"featured_media":117095,"comment_status":"closed","ping_status":"open","sticky":false,"template":"","format":"standard","meta":{"_acf_changed":false,"_exactmetrics_skip_tracking":false,"_exactmetrics_sitenote_active":false,"_exactmetrics_sitenote_note":"","_exactmetrics_sitenote_category":0,"footnotes":""},"categories":[21,56,24],"tags":[],"class_list":["post-117094","post","type-post","status-publish","format-standard","has-post-thumbnail","hentry","category-adamantina","category-esporte","category-regiao"],"acf":[],"yoast_head":"<!-- This site is optimized with the Yoast SEO plugin v27.2 - https:\/\/yoast.com\/product\/yoast-seo-wordpress\/ -->\n<title>Adamantina\/Selar Inicia sua Jornada nas Categorias Sub-11, Sub-13 e Sub-15 da Copa AMNAP 2026 no Pr\u00f3ximo S\u00e1bado, 14 de Mar\u00e7o - R\u00e1dio Life FM<\/title>\n<meta name=\"robots\" content=\"index, follow, max-snippet:-1, max-image-preview:large, max-video-preview:-1\" \/>\n<link rel=\"canonical\" href=\"https:\/\/radiolifefm.com.br\/noticias\/adamantina-selar-inicia-sua-jornada-nas-categorias-sub-11-sub-13-e-sub-15-da-copa-amnap-2026-no-proximo-sabado-14-de-marco\/\" \/>\n<meta property=\"og:locale\" content=\"pt_BR\" \/>\n<meta property=\"og:type\" content=\"article\" \/>\n<meta property=\"og:title\" content=\"Adamantina\/Selar Inicia sua Jornada nas Categorias Sub-11, Sub-13 e Sub-15 da Copa AMNAP 2026 no Pr\u00f3ximo S\u00e1bado, 14 de Mar\u00e7o - R\u00e1dio Life FM\" \/>\n<meta property=\"og:description\" content=\"A Copa AMNAP 2026 est\u00e1 prestes a come\u00e7ar, e a equipe de Adamantina\/Selar, com suas equipes nas categorias Sub-11, Sub-13 e Sub-15, est\u00e1 pronta para encarar desafios emocionantes. O campeonato ter\u00e1 in\u00edcio no pr\u00f3ximo s\u00e1bado, 14 de mar\u00e7o, e promete agitar as cidades da regi\u00e3o, com equipes de destaque disputando cada partida. Participantes da Copa [&hellip;]\" \/>\n<meta property=\"og:url\" content=\"https:\/\/radiolifefm.com.br\/noticias\/adamantina-selar-inicia-sua-jornada-nas-categorias-sub-11-sub-13-e-sub-15-da-copa-amnap-2026-no-proximo-sabado-14-de-marco\/\" \/>\n<meta property=\"og:site_name\" content=\"R\u00e1dio Life FM\" \/>\n<meta property=\"article:publisher\" content=\"https:\/\/www.facebook.com\/radiolifefm\/\" \/>\n<meta property=\"article:published_time\" content=\"2026-03-09T17:18:42+00:00\" \/>\n<meta property=\"article:modified_time\" content=\"2026-04-25T16:39:25+00:00\" \/>\n<meta property=\"og:image\" content=\"https:\/\/radiolifefm.com.br\/noticias\/wp-content\/uploads\/2026\/03\/WhatsApp-Image-2026-03-09-at-14.16.40.jpeg\" \/>\n\t<meta property=\"og:image:width\" content=\"1599\" \/>\n\t<meta property=\"og:image:height\" content=\"1584\" \/>\n\t<meta property=\"og:image:type\" content=\"image\/jpeg\" \/>\n<meta name=\"author\" content=\"ritanery\" \/>\n<meta name=\"twitter:card\" content=\"summary_large_image\" \/>\n<meta name=\"twitter:label1\" content=\"Escrito por\" \/>\n\t<meta name=\"twitter:data1\" content=\"ritanery\" \/>\n\t<meta name=\"twitter:label2\" content=\"Est. tempo de leitura\" \/>\n\t<meta name=\"twitter:data2\" content=\"2 minutos\" \/>\n<script type=\"application\/ld+json\" class=\"yoast-schema-graph\">{\"@context\":\"https:\/\/schema.org\",\"@graph\":[{\"@type\":\"Article\",\"@id\":\"https:\/\/radiolifefm.com.br\/noticias\/adamantina-selar-inicia-sua-jornada-nas-categorias-sub-11-sub-13-e-sub-15-da-copa-amnap-2026-no-proximo-sabado-14-de-marco\/#article\",\"isPartOf\":{\"@id\":\"https:\/\/radiolifefm.com.br\/noticias\/adamantina-selar-inicia-sua-jornada-nas-categorias-sub-11-sub-13-e-sub-15-da-copa-amnap-2026-no-proximo-sabado-14-de-marco\/\"},\"author\":{\"name\":\"ritanery\",\"@id\":\"https:\/\/radiolifefm.com.br\/noticias\/#\/schema\/person\/6339b9fac59d12b071dec680d7375d87\"},\"headline\":\"Adamantina\/Selar Inicia sua Jornada nas Categorias Sub-11, Sub-13 e Sub-15 da Copa AMNAP 2026 no Pr\u00f3ximo S\u00e1bado, 14 de Mar\u00e7o\",\"datePublished\":\"2026-03-09T17:18:42+00:00\",\"dateModified\":\"2026-04-25T16:39:25+00:00\",\"mainEntityOfPage\":{\"@id\":\"https:\/\/radiolifefm.com.br\/noticias\/adamantina-selar-inicia-sua-jornada-nas-categorias-sub-11-sub-13-e-sub-15-da-copa-amnap-2026-no-proximo-sabado-14-de-marco\/\"},\"wordCount\":318,\"publisher\":{\"@id\":\"https:\/\/radiolifefm.com.br\/noticias\/#organization\"},\"image\":{\"@id\":\"https:\/\/radiolifefm.com.br\/noticias\/adamantina-selar-inicia-sua-jornada-nas-categorias-sub-11-sub-13-e-sub-15-da-copa-amnap-2026-no-proximo-sabado-14-de-marco\/#primaryimage\"},\"thumbnailUrl\":\"https:\/\/radiolifefm.com.br\/noticias\/wp-content\/uploads\/2026\/03\/WhatsApp-Image-2026-03-09-at-14.16.40.jpeg\",\"articleSection\":[\"Adamantina\",\"Esporte\",\"Regi\u00e3o\"],\"inLanguage\":\"pt-BR\"},{\"@type\":\"WebPage\",\"@id\":\"https:\/\/radiolifefm.com.br\/noticias\/adamantina-selar-inicia-sua-jornada-nas-categorias-sub-11-sub-13-e-sub-15-da-copa-amnap-2026-no-proximo-sabado-14-de-marco\/\",\"url\":\"https:\/\/radiolifefm.com.br\/noticias\/adamantina-selar-inicia-sua-jornada-nas-categorias-sub-11-sub-13-e-sub-15-da-copa-amnap-2026-no-proximo-sabado-14-de-marco\/\",\"name\":\"Adamantina\/Selar Inicia sua Jornada nas Categorias Sub-11, Sub-13 e Sub-15 da Copa AMNAP 2026 no Pr\u00f3ximo S\u00e1bado, 14 de Mar\u00e7o - R\u00e1dio Life FM\",\"isPartOf\":{\"@id\":\"https:\/\/radiolifefm.com.br\/noticias\/#website\"},\"primaryImageOfPage\":{\"@id\":\"https:\/\/radiolifefm.com.br\/noticias\/adamantina-selar-inicia-sua-jornada-nas-categorias-sub-11-sub-13-e-sub-15-da-copa-amnap-2026-no-proximo-sabado-14-de-marco\/#primaryimage\"},\"image\":{\"@id\":\"https:\/\/radiolifefm.com.br\/noticias\/adamantina-selar-inicia-sua-jornada-nas-categorias-sub-11-sub-13-e-sub-15-da-copa-amnap-2026-no-proximo-sabado-14-de-marco\/#primaryimage\"},\"thumbnailUrl\":\"https:\/\/radiolifefm.com.br\/noticias\/wp-content\/uploads\/2026\/03\/WhatsApp-Image-2026-03-09-at-14.16.40.jpeg\",\"datePublished\":\"2026-03-09T17:18:42+00:00\",\"dateModified\":\"2026-04-25T16:39:25+00:00\",\"breadcrumb\":{\"@id\":\"https:\/\/radiolifefm.com.br\/noticias\/adamantina-selar-inicia-sua-jornada-nas-categorias-sub-11-sub-13-e-sub-15-da-copa-amnap-2026-no-proximo-sabado-14-de-marco\/#breadcrumb\"},\"inLanguage\":\"pt-BR\",\"potentialAction\":[{\"@type\":\"ReadAction\",\"target\":[\"https:\/\/radiolifefm.com.br\/noticias\/adamantina-selar-inicia-sua-jornada-nas-categorias-sub-11-sub-13-e-sub-15-da-copa-amnap-2026-no-proximo-sabado-14-de-marco\/\"]}]},{\"@type\":\"ImageObject\",\"inLanguage\":\"pt-BR\",\"@id\":\"https:\/\/radiolifefm.com.br\/noticias\/adamantina-selar-inicia-sua-jornada-nas-categorias-sub-11-sub-13-e-sub-15-da-copa-amnap-2026-no-proximo-sabado-14-de-marco\/#primaryimage\",\"url\":\"https:\/\/radiolifefm.com.br\/noticias\/wp-content\/uploads\/2026\/03\/WhatsApp-Image-2026-03-09-at-14.16.40.jpeg\",\"contentUrl\":\"https:\/\/radiolifefm.com.br\/noticias\/wp-content\/uploads\/2026\/03\/WhatsApp-Image-2026-03-09-at-14.16.40.jpeg\",\"width\":1599,\"height\":1584,\"caption\":\"Sabado os jogos da Selar\/Adamantina x Dracena, acontecer\u00e3o no Est\u00e1dio Municipal Ant\u00f4nio Goulart Marmo \u00e0 partir das 8h (Foto Rita Nery)\"},{\"@type\":\"BreadcrumbList\",\"@id\":\"https:\/\/radiolifefm.com.br\/noticias\/adamantina-selar-inicia-sua-jornada-nas-categorias-sub-11-sub-13-e-sub-15-da-copa-amnap-2026-no-proximo-sabado-14-de-marco\/#breadcrumb\",\"itemListElement\":[{\"@type\":\"ListItem\",\"position\":1,\"name\":\"In\u00edcio\",\"item\":\"https:\/\/radiolifefm.com.br\/noticias\/\"},{\"@type\":\"ListItem\",\"position\":2,\"name\":\"Adamantina\/Selar Inicia sua Jornada nas Categorias Sub-11, Sub-13 e Sub-15 da Copa AMNAP 2026 no Pr\u00f3ximo S\u00e1bado, 14 de Mar\u00e7o\"}]},{\"@type\":\"WebSite\",\"@id\":\"https:\/\/radiolifefm.com.br\/noticias\/#website\",\"url\":\"https:\/\/radiolifefm.com.br\/noticias\/\",\"name\":\"R\u00e1dio Life FM\",\"description\":\"O Portal de Not\u00edcias de Adamantina\",\"publisher\":{\"@id\":\"https:\/\/radiolifefm.com.br\/noticias\/#organization\"},\"alternateName\":\"Life FM\",\"potentialAction\":[{\"@type\":\"SearchAction\",\"target\":{\"@type\":\"EntryPoint\",\"urlTemplate\":\"https:\/\/radiolifefm.com.br\/noticias\/?s={search_term_string}\"},\"query-input\":{\"@type\":\"PropertyValueSpecification\",\"valueRequired\":true,\"valueName\":\"search_term_string\"}}],\"inLanguage\":\"pt-BR\"},{\"@type\":\"Organization\",\"@id\":\"https:\/\/radiolifefm.com.br\/noticias\/#organization\",\"name\":\"R\u00e1dio Life FM\",\"alternateName\":\"Life FM\",\"url\":\"https:\/\/radiolifefm.com.br\/noticias\/\",\"logo\":{\"@type\":\"ImageObject\",\"inLanguage\":\"pt-BR\",\"@id\":\"https:\/\/radiolifefm.com.br\/noticias\/#\/schema\/logo\/image\/\",\"url\":\"https:\/\/static.radiolifefm.com.br\/noticias\/wp-content\/uploads\/2019\/10\/logo-lifefm.png\",\"contentUrl\":\"https:\/\/static.radiolifefm.com.br\/noticias\/wp-content\/uploads\/2019\/10\/logo-lifefm.png\",\"width\":196,\"height\":47,\"caption\":\"R\u00e1dio Life FM\"},\"image\":{\"@id\":\"https:\/\/radiolifefm.com.br\/noticias\/#\/schema\/logo\/image\/\"},\"sameAs\":[\"https:\/\/www.facebook.com\/radiolifefm\/\",\"https:\/\/www.instagram.com\/life1079fm\/\"]},{\"@type\":\"Person\",\"@id\":\"https:\/\/radiolifefm.com.br\/noticias\/#\/schema\/person\/6339b9fac59d12b071dec680d7375d87\",\"name\":\"ritanery\",\"image\":{\"@type\":\"ImageObject\",\"inLanguage\":\"pt-BR\",\"@id\":\"https:\/\/secure.gravatar.com\/avatar\/0e37bb19071f47c0b8a23f62a903df117c5a0e75f65a0c2901562f97cd41cf86?s=96&d=mm&r=g\",\"url\":\"https:\/\/secure.gravatar.com\/avatar\/0e37bb19071f47c0b8a23f62a903df117c5a0e75f65a0c2901562f97cd41cf86?s=96&d=mm&r=g\",\"contentUrl\":\"https:\/\/secure.gravatar.com\/avatar\/0e37bb19071f47c0b8a23f62a903df117c5a0e75f65a0c2901562f97cd41cf86?s=96&d=mm&r=g\",\"caption\":\"ritanery\"}}]}<\/script>\n<!-- \/ Yoast SEO plugin. -->","yoast_head_json":{"title":"Adamantina\/Selar Inicia sua Jornada nas Categorias Sub-11, Sub-13 e Sub-15 da Copa AMNAP 2026 no Pr\u00f3ximo S\u00e1bado, 14 de Mar\u00e7o - R\u00e1dio Life FM","robots":{"index":"index","follow":"follow","max-snippet":"max-snippet:-1","max-image-preview":"max-image-preview:large","max-video-preview":"max-video-preview:-1"},"canonical":"https:\/\/radiolifefm.com.br\/noticias\/adamantina-selar-inicia-sua-jornada-nas-categorias-sub-11-sub-13-e-sub-15-da-copa-amnap-2026-no-proximo-sabado-14-de-marco\/","og_locale":"pt_BR","og_type":"article","og_title":"Adamantina\/Selar Inicia sua Jornada nas Categorias Sub-11, Sub-13 e Sub-15 da Copa AMNAP 2026 no Pr\u00f3ximo S\u00e1bado, 14 de Mar\u00e7o - R\u00e1dio Life FM","og_description":"A Copa AMNAP 2026 est\u00e1 prestes a come\u00e7ar, e a equipe de Adamantina\/Selar, com suas equipes nas categorias Sub-11, Sub-13 e Sub-15, est\u00e1 pronta para encarar desafios emocionantes. O campeonato ter\u00e1 in\u00edcio no pr\u00f3ximo s\u00e1bado, 14 de mar\u00e7o, e promete agitar as cidades da regi\u00e3o, com equipes de destaque disputando cada partida. Participantes da Copa [&hellip;]","og_url":"https:\/\/radiolifefm.com.br\/noticias\/adamantina-selar-inicia-sua-jornada-nas-categorias-sub-11-sub-13-e-sub-15-da-copa-amnap-2026-no-proximo-sabado-14-de-marco\/","og_site_name":"R\u00e1dio Life FM","article_publisher":"https:\/\/www.facebook.com\/radiolifefm\/","article_published_time":"2026-03-09T17:18:42+00:00","article_modified_time":"2026-04-25T16:39:25+00:00","og_image":[{"width":1599,"height":1584,"url":"https:\/\/radiolifefm.com.br\/noticias\/wp-content\/uploads\/2026\/03\/WhatsApp-Image-2026-03-09-at-14.16.40.jpeg","type":"image\/jpeg"}],"author":"ritanery","twitter_card":"summary_large_image","twitter_misc":{"Escrito por":"ritanery","Est. tempo de leitura":"2 minutos"},"schema":{"@context":"https:\/\/schema.org","@graph":[{"@type":"Article","@id":"https:\/\/radiolifefm.com.br\/noticias\/adamantina-selar-inicia-sua-jornada-nas-categorias-sub-11-sub-13-e-sub-15-da-copa-amnap-2026-no-proximo-sabado-14-de-marco\/#article","isPartOf":{"@id":"https:\/\/radiolifefm.com.br\/noticias\/adamantina-selar-inicia-sua-jornada-nas-categorias-sub-11-sub-13-e-sub-15-da-copa-amnap-2026-no-proximo-sabado-14-de-marco\/"},"author":{"name":"ritanery","@id":"https:\/\/radiolifefm.com.br\/noticias\/#\/schema\/person\/6339b9fac59d12b071dec680d7375d87"},"headline":"Adamantina\/Selar Inicia sua Jornada nas Categorias Sub-11, Sub-13 e Sub-15 da Copa AMNAP 2026 no Pr\u00f3ximo S\u00e1bado, 14 de Mar\u00e7o","datePublished":"2026-03-09T17:18:42+00:00","dateModified":"2026-04-25T16:39:25+00:00","mainEntityOfPage":{"@id":"https:\/\/radiolifefm.com.br\/noticias\/adamantina-selar-inicia-sua-jornada-nas-categorias-sub-11-sub-13-e-sub-15-da-copa-amnap-2026-no-proximo-sabado-14-de-marco\/"},"wordCount":318,"publisher":{"@id":"https:\/\/radiolifefm.com.br\/noticias\/#organization"},"image":{"@id":"https:\/\/radiolifefm.com.br\/noticias\/adamantina-selar-inicia-sua-jornada-nas-categorias-sub-11-sub-13-e-sub-15-da-copa-amnap-2026-no-proximo-sabado-14-de-marco\/#primaryimage"},"thumbnailUrl":"https:\/\/radiolifefm.com.br\/noticias\/wp-content\/uploads\/2026\/03\/WhatsApp-Image-2026-03-09-at-14.16.40.jpeg","articleSection":["Adamantina","Esporte","Regi\u00e3o"],"inLanguage":"pt-BR"},{"@type":"WebPage","@id":"https:\/\/radiolifefm.com.br\/noticias\/adamantina-selar-inicia-sua-jornada-nas-categorias-sub-11-sub-13-e-sub-15-da-copa-amnap-2026-no-proximo-sabado-14-de-marco\/","url":"https:\/\/radiolifefm.com.br\/noticias\/adamantina-selar-inicia-sua-jornada-nas-categorias-sub-11-sub-13-e-sub-15-da-copa-amnap-2026-no-proximo-sabado-14-de-marco\/","name":"Adamantina\/Selar Inicia sua Jornada nas Categorias Sub-11, Sub-13 e Sub-15 da Copa AMNAP 2026 no Pr\u00f3ximo S\u00e1bado, 14 de Mar\u00e7o - R\u00e1dio Life FM","isPartOf":{"@id":"https:\/\/radiolifefm.com.br\/noticias\/#website"},"primaryImageOfPage":{"@id":"https:\/\/radiolifefm.com.br\/noticias\/adamantina-selar-inicia-sua-jornada-nas-categorias-sub-11-sub-13-e-sub-15-da-copa-amnap-2026-no-proximo-sabado-14-de-marco\/#primaryimage"},"image":{"@id":"https:\/\/radiolifefm.com.br\/noticias\/adamantina-selar-inicia-sua-jornada-nas-categorias-sub-11-sub-13-e-sub-15-da-copa-amnap-2026-no-proximo-sabado-14-de-marco\/#primaryimage"},"thumbnailUrl":"https:\/\/radiolifefm.com.br\/noticias\/wp-content\/uploads\/2026\/03\/WhatsApp-Image-2026-03-09-at-14.16.40.jpeg","datePublished":"2026-03-09T17:18:42+00:00","dateModified":"2026-04-25T16:39:25+00:00","breadcrumb":{"@id":"https:\/\/radiolifefm.com.br\/noticias\/adamantina-selar-inicia-sua-jornada-nas-categorias-sub-11-sub-13-e-sub-15-da-copa-amnap-2026-no-proximo-sabado-14-de-marco\/#breadcrumb"},"inLanguage":"pt-BR","potentialAction":[{"@type":"ReadAction","target":["https:\/\/radiolifefm.com.br\/noticias\/adamantina-selar-inicia-sua-jornada-nas-categorias-sub-11-sub-13-e-sub-15-da-copa-amnap-2026-no-proximo-sabado-14-de-marco\/"]}]},{"@type":"ImageObject","inLanguage":"pt-BR","@id":"https:\/\/radiolifefm.com.br\/noticias\/adamantina-selar-inicia-sua-jornada-nas-categorias-sub-11-sub-13-e-sub-15-da-copa-amnap-2026-no-proximo-sabado-14-de-marco\/#primaryimage","url":"https:\/\/radiolifefm.com.br\/noticias\/wp-content\/uploads\/2026\/03\/WhatsApp-Image-2026-03-09-at-14.16.40.jpeg","contentUrl":"https:\/\/radiolifefm.com.br\/noticias\/wp-content\/uploads\/2026\/03\/WhatsApp-Image-2026-03-09-at-14.16.40.jpeg","width":1599,"height":1584,"caption":"Sabado os jogos da Selar\/Adamantina x Dracena, acontecer\u00e3o no Est\u00e1dio Municipal Ant\u00f4nio Goulart Marmo \u00e0 partir das 8h (Foto Rita Nery)"},{"@type":"BreadcrumbList","@id":"https:\/\/radiolifefm.com.br\/noticias\/adamantina-selar-inicia-sua-jornada-nas-categorias-sub-11-sub-13-e-sub-15-da-copa-amnap-2026-no-proximo-sabado-14-de-marco\/#breadcrumb","itemListElement":[{"@type":"ListItem","position":1,"name":"In\u00edcio","item":"https:\/\/radiolifefm.com.br\/noticias\/"},{"@type":"ListItem","position":2,"name":"Adamantina\/Selar Inicia sua Jornada nas Categorias Sub-11, Sub-13 e Sub-15 da Copa AMNAP 2026 no Pr\u00f3ximo S\u00e1bado, 14 de Mar\u00e7o"}]},{"@type":"WebSite","@id":"https:\/\/radiolifefm.com.br\/noticias\/#website","url":"https:\/\/radiolifefm.com.br\/noticias\/","name":"R\u00e1dio Life FM","description":"O Portal de Not\u00edcias de Adamantina","publisher":{"@id":"https:\/\/radiolifefm.com.br\/noticias\/#organization"},"alternateName":"Life FM","potentialAction":[{"@type":"SearchAction","target":{"@type":"EntryPoint","urlTemplate":"https:\/\/radiolifefm.com.br\/noticias\/?s={search_term_string}"},"query-input":{"@type":"PropertyValueSpecification","valueRequired":true,"valueName":"search_term_string"}}],"inLanguage":"pt-BR"},{"@type":"Organization","@id":"https:\/\/radiolifefm.com.br\/noticias\/#organization","name":"R\u00e1dio Life FM","alternateName":"Life FM","url":"https:\/\/radiolifefm.com.br\/noticias\/","logo":{"@type":"ImageObject","inLanguage":"pt-BR","@id":"https:\/\/radiolifefm.com.br\/noticias\/#\/schema\/logo\/image\/","url":"https:\/\/static.radiolifefm.com.br\/noticias\/wp-content\/uploads\/2019\/10\/logo-lifefm.png","contentUrl":"https:\/\/static.radiolifefm.com.br\/noticias\/wp-content\/uploads\/2019\/10\/logo-lifefm.png","width":196,"height":47,"caption":"R\u00e1dio Life FM"},"image":{"@id":"https:\/\/radiolifefm.com.br\/noticias\/#\/schema\/logo\/image\/"},"sameAs":["https:\/\/www.facebook.com\/radiolifefm\/","https:\/\/www.instagram.com\/life1079fm\/"]},{"@type":"Person","@id":"https:\/\/radiolifefm.com.br\/noticias\/#\/schema\/person\/6339b9fac59d12b071dec680d7375d87","name":"ritanery","image":{"@type":"ImageObject","inLanguage":"pt-BR","@id":"https:\/\/secure.gravatar.com\/avatar\/0e37bb19071f47c0b8a23f62a903df117c5a0e75f65a0c2901562f97cd41cf86?s=96&d=mm&r=g","url":"https:\/\/secure.gravatar.com\/avatar\/0e37bb19071f47c0b8a23f62a903df117c5a0e75f65a0c2901562f97cd41cf86?s=96&d=mm&r=g","contentUrl":"https:\/\/secure.gravatar.com\/avatar\/0e37bb19071f47c0b8a23f62a903df117c5a0e75f65a0c2901562f97cd41cf86?s=96&d=mm&r=g","caption":"ritanery"}}]}},"amp_enabled":true,"_links":{"self":[{"href":"https:\/\/radiolifefm.com.br\/noticias\/wp-json\/wp\/v2\/posts\/117094","targetHints":{"allow":["GET"]}}],"collection":[{"href":"https:\/\/radiolifefm.com.br\/noticias\/wp-json\/wp\/v2\/posts"}],"about":[{"href":"https:\/\/radiolifefm.com.br\/noticias\/wp-json\/wp\/v2\/types\/post"}],"author":[{"embeddable":true,"href":"https:\/\/radiolifefm.com.br\/noticias\/wp-json\/wp\/v2\/users\/13"}],"replies":[{"embeddable":true,"href":"https:\/\/radiolifefm.com.br\/noticias\/wp-json\/wp\/v2\/comments?post=117094"}],"version-history":[{"count":2,"href":"https:\/\/radiolifefm.com.br\/noticias\/wp-json\/wp\/v2\/posts\/117094\/revisions"}],"predecessor-version":[{"id":117097,"href":"https:\/\/radiolifefm.com.br\/noticias\/wp-json\/wp\/v2\/posts\/117094\/revisions\/117097"}],"wp:featuredmedia":[{"embeddable":true,"href":"https:\/\/radiolifefm.com.br\/noticias\/wp-json\/wp\/v2\/media\/117095"}],"wp:attachment":[{"href":"https:\/\/radiolifefm.com.br\/noticias\/wp-json\/wp\/v2\/media?parent=117094"}],"wp:term":[{"taxonomy":"category","embeddable":true,"href":"https:\/\/radiolifefm.com.br\/noticias\/wp-json\/wp\/v2\/categories?post=117094"},{"taxonomy":"post_tag","embeddable":true,"href":"https:\/\/radiolifefm.com.br\/noticias\/wp-json\/wp\/v2\/tags?post=117094"}],"curies":[{"name":"wp","href":"https:\/\/api.w.org\/{rel}","templated":true}]}}