{"id":117081,"date":"2026-03-09T09:03:59","date_gmt":"2026-03-09T12:03:59","guid":{"rendered":"https:\/\/radiolifefm.com.br\/noticias\/?p=117081"},"modified":"2026-04-07T14:29:27","modified_gmt":"2026-04-07T17:29:27","slug":"adolescente-com-moto-furtada-se-envolve-em-acidente-em-tupa","status":"publish","type":"post","link":"https:\/\/radiolifefm.com.br\/noticias\/adolescente-com-moto-furtada-se-envolve-em-acidente-em-tupa\/","title":{"rendered":"Adolescente com moto furtada se envolve em acidente em Tup\u00e3"},"content":{"rendered":"<div id=\"fb-root\"><\/div>\n<p>Um acidente de tr\u00e2nsito foi registrado na manh\u00e3 deste domingo no cruzamento da Rua Duque de Caxias com a Avenida Pecuarista Raul de Mello Senra Filho, antiga Rua Dracena, na regi\u00e3o central de Tup\u00e3.<br \/>\nSegundo informa\u00e7\u00f5es apuradas no local, um adolescente de 15 anos conduzia uma motocicleta que havia sido furtada horas antes quando acabou colidindo com outro motociclista no cruzamento.<br \/>\nCom o impacto, o menor sofreu ferimentos leves. J\u00e1 o outro condutor teve ferimentos considerados mais graves. As duas v\u00edtimas foram socorridas pelo Corpo de Bombeiros e encaminhadas para atendimento m\u00e9dico na Santa Casa de Tup\u00e3.<br \/>\nPoliciais militares compareceram ao local para controlar o tr\u00e2nsito e registrar a ocorr\u00eancia. Equipes da Per\u00edcia T\u00e9cnica tamb\u00e9m realizaram os trabalhos necess\u00e1rios para identificar as circunst\u00e2ncias do acidente.<br \/>\nDurante a apura\u00e7\u00e3o dos fatos, foi constatado que a motocicleta utilizada pelo adolescente havia sido furtada durante a madrugada na \u00e1rea central da cidade. Ap\u00f3s os procedimentos, o ve\u00edculo foi devolvido ao propriet\u00e1rio.<br \/>\nO adolescente ficou sob responsabilidade das autoridades e dever\u00e1 responder por ato infracional.<\/p>\n","protected":false},"excerpt":{"rendered":"<p>Um acidente de tr\u00e2nsito foi registrado na manh\u00e3 deste domingo no cruzamento da Rua Duque de Caxias com a Avenida Pecuarista Raul de Mello Senra Filho, antiga Rua Dracena, na regi\u00e3o central de Tup\u00e3. Segundo informa\u00e7\u00f5es apuradas no local, um adolescente de 15 anos conduzia uma motocicleta que havia sido furtada horas antes quando acabou [&hellip;]<\/p>\n","protected":false},"author":13,"featured_media":117082,"comment_status":"closed","ping_status":"open","sticky":false,"template":"","format":"standard","meta":{"_acf_changed":false,"_exactmetrics_skip_tracking":false,"_exactmetrics_sitenote_active":false,"_exactmetrics_sitenote_note":"","_exactmetrics_sitenote_category":0,"footnotes":""},"categories":[66,24],"tags":[],"class_list":["post-117081","post","type-post","status-publish","format-standard","has-post-thumbnail","hentry","category-policia","category-regiao"],"acf":[],"yoast_head":"<!-- This site is optimized with the Yoast SEO plugin v27.2 - https:\/\/yoast.com\/product\/yoast-seo-wordpress\/ -->\n<title>Adolescente com moto furtada se envolve em acidente em Tup\u00e3 - R\u00e1dio Life FM<\/title>\n<meta name=\"robots\" content=\"index, follow, max-snippet:-1, max-image-preview:large, max-video-preview:-1\" \/>\n<link rel=\"canonical\" href=\"https:\/\/radiolifefm.com.br\/noticias\/adolescente-com-moto-furtada-se-envolve-em-acidente-em-tupa\/\" \/>\n<meta property=\"og:locale\" content=\"pt_BR\" \/>\n<meta property=\"og:type\" content=\"article\" \/>\n<meta property=\"og:title\" content=\"Adolescente com moto furtada se envolve em acidente em Tup\u00e3 - R\u00e1dio Life FM\" \/>\n<meta property=\"og:description\" content=\"Um acidente de tr\u00e2nsito foi registrado na manh\u00e3 deste domingo no cruzamento da Rua Duque de Caxias com a Avenida Pecuarista Raul de Mello Senra Filho, antiga Rua Dracena, na regi\u00e3o central de Tup\u00e3. Segundo informa\u00e7\u00f5es apuradas no local, um adolescente de 15 anos conduzia uma motocicleta que havia sido furtada horas antes quando acabou [&hellip;]\" \/>\n<meta property=\"og:url\" content=\"https:\/\/radiolifefm.com.br\/noticias\/adolescente-com-moto-furtada-se-envolve-em-acidente-em-tupa\/\" \/>\n<meta property=\"og:site_name\" content=\"R\u00e1dio Life FM\" \/>\n<meta property=\"article:publisher\" content=\"https:\/\/www.facebook.com\/radiolifefm\/\" \/>\n<meta property=\"article:published_time\" content=\"2026-03-09T12:03:59+00:00\" \/>\n<meta property=\"article:modified_time\" content=\"2026-04-07T17:29:27+00:00\" \/>\n<meta property=\"og:image\" content=\"https:\/\/radiolifefm.com.br\/noticias\/wp-content\/uploads\/2026\/03\/WhatsApp-Image-2026-03-09-at-08.55.30.jpeg\" \/>\n\t<meta property=\"og:image:width\" content=\"720\" \/>\n\t<meta property=\"og:image:height\" content=\"297\" \/>\n\t<meta property=\"og:image:type\" content=\"image\/jpeg\" \/>\n<meta name=\"author\" content=\"ritanery\" \/>\n<meta name=\"twitter:card\" content=\"summary_large_image\" \/>\n<meta name=\"twitter:label1\" content=\"Escrito por\" \/>\n\t<meta name=\"twitter:data1\" content=\"ritanery\" \/>\n\t<meta name=\"twitter:label2\" content=\"Est. tempo de leitura\" \/>\n\t<meta name=\"twitter:data2\" content=\"2 minutos\" \/>\n<script type=\"application\/ld+json\" class=\"yoast-schema-graph\">{\"@context\":\"https:\/\/schema.org\",\"@graph\":[{\"@type\":\"Article\",\"@id\":\"https:\/\/radiolifefm.com.br\/noticias\/adolescente-com-moto-furtada-se-envolve-em-acidente-em-tupa\/#article\",\"isPartOf\":{\"@id\":\"https:\/\/radiolifefm.com.br\/noticias\/adolescente-com-moto-furtada-se-envolve-em-acidente-em-tupa\/\"},\"author\":{\"name\":\"ritanery\",\"@id\":\"https:\/\/radiolifefm.com.br\/noticias\/#\/schema\/person\/6339b9fac59d12b071dec680d7375d87\"},\"headline\":\"Adolescente com moto furtada se envolve em acidente em Tup\u00e3\",\"datePublished\":\"2026-03-09T12:03:59+00:00\",\"dateModified\":\"2026-04-07T17:29:27+00:00\",\"mainEntityOfPage\":{\"@id\":\"https:\/\/radiolifefm.com.br\/noticias\/adolescente-com-moto-furtada-se-envolve-em-acidente-em-tupa\/\"},\"wordCount\":196,\"publisher\":{\"@id\":\"https:\/\/radiolifefm.com.br\/noticias\/#organization\"},\"image\":{\"@id\":\"https:\/\/radiolifefm.com.br\/noticias\/adolescente-com-moto-furtada-se-envolve-em-acidente-em-tupa\/#primaryimage\"},\"thumbnailUrl\":\"https:\/\/radiolifefm.com.br\/noticias\/wp-content\/uploads\/2026\/03\/WhatsApp-Image-2026-03-09-at-08.55.30.jpeg\",\"articleSection\":[\"Pol\u00edcia\",\"Regi\u00e3o\"],\"inLanguage\":\"pt-BR\"},{\"@type\":\"WebPage\",\"@id\":\"https:\/\/radiolifefm.com.br\/noticias\/adolescente-com-moto-furtada-se-envolve-em-acidente-em-tupa\/\",\"url\":\"https:\/\/radiolifefm.com.br\/noticias\/adolescente-com-moto-furtada-se-envolve-em-acidente-em-tupa\/\",\"name\":\"Adolescente com moto furtada se envolve em acidente em Tup\u00e3 - R\u00e1dio Life FM\",\"isPartOf\":{\"@id\":\"https:\/\/radiolifefm.com.br\/noticias\/#website\"},\"primaryImageOfPage\":{\"@id\":\"https:\/\/radiolifefm.com.br\/noticias\/adolescente-com-moto-furtada-se-envolve-em-acidente-em-tupa\/#primaryimage\"},\"image\":{\"@id\":\"https:\/\/radiolifefm.com.br\/noticias\/adolescente-com-moto-furtada-se-envolve-em-acidente-em-tupa\/#primaryimage\"},\"thumbnailUrl\":\"https:\/\/radiolifefm.com.br\/noticias\/wp-content\/uploads\/2026\/03\/WhatsApp-Image-2026-03-09-at-08.55.30.jpeg\",\"datePublished\":\"2026-03-09T12:03:59+00:00\",\"dateModified\":\"2026-04-07T17:29:27+00:00\",\"breadcrumb\":{\"@id\":\"https:\/\/radiolifefm.com.br\/noticias\/adolescente-com-moto-furtada-se-envolve-em-acidente-em-tupa\/#breadcrumb\"},\"inLanguage\":\"pt-BR\",\"potentialAction\":[{\"@type\":\"ReadAction\",\"target\":[\"https:\/\/radiolifefm.com.br\/noticias\/adolescente-com-moto-furtada-se-envolve-em-acidente-em-tupa\/\"]}]},{\"@type\":\"ImageObject\",\"inLanguage\":\"pt-BR\",\"@id\":\"https:\/\/radiolifefm.com.br\/noticias\/adolescente-com-moto-furtada-se-envolve-em-acidente-em-tupa\/#primaryimage\",\"url\":\"https:\/\/radiolifefm.com.br\/noticias\/wp-content\/uploads\/2026\/03\/WhatsApp-Image-2026-03-09-at-08.55.30.jpeg\",\"contentUrl\":\"https:\/\/radiolifefm.com.br\/noticias\/wp-content\/uploads\/2026\/03\/WhatsApp-Image-2026-03-09-at-08.55.30.jpeg\",\"width\":720,\"height\":297,\"caption\":\"cidente de tr\u00e2nsito foi registrado na manh\u00e3 deste domingo no cruzamento da Rua Duque de Caxias com a Avenida Pecuarista Raul de Mello Senra Filho, antiga Rua Dracena, na regi\u00e3o central de Tup\u00e3 (Foto Rita Nery)\"},{\"@type\":\"BreadcrumbList\",\"@id\":\"https:\/\/radiolifefm.com.br\/noticias\/adolescente-com-moto-furtada-se-envolve-em-acidente-em-tupa\/#breadcrumb\",\"itemListElement\":[{\"@type\":\"ListItem\",\"position\":1,\"name\":\"In\u00edcio\",\"item\":\"https:\/\/radiolifefm.com.br\/noticias\/\"},{\"@type\":\"ListItem\",\"position\":2,\"name\":\"Adolescente com moto furtada se envolve em acidente em Tup\u00e3\"}]},{\"@type\":\"WebSite\",\"@id\":\"https:\/\/radiolifefm.com.br\/noticias\/#website\",\"url\":\"https:\/\/radiolifefm.com.br\/noticias\/\",\"name\":\"R\u00e1dio Life FM\",\"description\":\"O Portal de Not\u00edcias de Adamantina\",\"publisher\":{\"@id\":\"https:\/\/radiolifefm.com.br\/noticias\/#organization\"},\"alternateName\":\"Life FM\",\"potentialAction\":[{\"@type\":\"SearchAction\",\"target\":{\"@type\":\"EntryPoint\",\"urlTemplate\":\"https:\/\/radiolifefm.com.br\/noticias\/?s={search_term_string}\"},\"query-input\":{\"@type\":\"PropertyValueSpecification\",\"valueRequired\":true,\"valueName\":\"search_term_string\"}}],\"inLanguage\":\"pt-BR\"},{\"@type\":\"Organization\",\"@id\":\"https:\/\/radiolifefm.com.br\/noticias\/#organization\",\"name\":\"R\u00e1dio Life FM\",\"alternateName\":\"Life FM\",\"url\":\"https:\/\/radiolifefm.com.br\/noticias\/\",\"logo\":{\"@type\":\"ImageObject\",\"inLanguage\":\"pt-BR\",\"@id\":\"https:\/\/radiolifefm.com.br\/noticias\/#\/schema\/logo\/image\/\",\"url\":\"https:\/\/static.radiolifefm.com.br\/noticias\/wp-content\/uploads\/2019\/10\/logo-lifefm.png\",\"contentUrl\":\"https:\/\/static.radiolifefm.com.br\/noticias\/wp-content\/uploads\/2019\/10\/logo-lifefm.png\",\"width\":196,\"height\":47,\"caption\":\"R\u00e1dio Life FM\"},\"image\":{\"@id\":\"https:\/\/radiolifefm.com.br\/noticias\/#\/schema\/logo\/image\/\"},\"sameAs\":[\"https:\/\/www.facebook.com\/radiolifefm\/\",\"https:\/\/www.instagram.com\/life1079fm\/\"]},{\"@type\":\"Person\",\"@id\":\"https:\/\/radiolifefm.com.br\/noticias\/#\/schema\/person\/6339b9fac59d12b071dec680d7375d87\",\"name\":\"ritanery\",\"image\":{\"@type\":\"ImageObject\",\"inLanguage\":\"pt-BR\",\"@id\":\"https:\/\/secure.gravatar.com\/avatar\/0e37bb19071f47c0b8a23f62a903df117c5a0e75f65a0c2901562f97cd41cf86?s=96&d=mm&r=g\",\"url\":\"https:\/\/secure.gravatar.com\/avatar\/0e37bb19071f47c0b8a23f62a903df117c5a0e75f65a0c2901562f97cd41cf86?s=96&d=mm&r=g\",\"contentUrl\":\"https:\/\/secure.gravatar.com\/avatar\/0e37bb19071f47c0b8a23f62a903df117c5a0e75f65a0c2901562f97cd41cf86?s=96&d=mm&r=g\",\"caption\":\"ritanery\"}}]}<\/script>\n<!-- \/ Yoast SEO plugin. -->","yoast_head_json":{"title":"Adolescente com moto furtada se envolve em acidente em Tup\u00e3 - R\u00e1dio Life FM","robots":{"index":"index","follow":"follow","max-snippet":"max-snippet:-1","max-image-preview":"max-image-preview:large","max-video-preview":"max-video-preview:-1"},"canonical":"https:\/\/radiolifefm.com.br\/noticias\/adolescente-com-moto-furtada-se-envolve-em-acidente-em-tupa\/","og_locale":"pt_BR","og_type":"article","og_title":"Adolescente com moto furtada se envolve em acidente em Tup\u00e3 - R\u00e1dio Life FM","og_description":"Um acidente de tr\u00e2nsito foi registrado na manh\u00e3 deste domingo no cruzamento da Rua Duque de Caxias com a Avenida Pecuarista Raul de Mello Senra Filho, antiga Rua Dracena, na regi\u00e3o central de Tup\u00e3. Segundo informa\u00e7\u00f5es apuradas no local, um adolescente de 15 anos conduzia uma motocicleta que havia sido furtada horas antes quando acabou [&hellip;]","og_url":"https:\/\/radiolifefm.com.br\/noticias\/adolescente-com-moto-furtada-se-envolve-em-acidente-em-tupa\/","og_site_name":"R\u00e1dio Life FM","article_publisher":"https:\/\/www.facebook.com\/radiolifefm\/","article_published_time":"2026-03-09T12:03:59+00:00","article_modified_time":"2026-04-07T17:29:27+00:00","og_image":[{"width":720,"height":297,"url":"https:\/\/radiolifefm.com.br\/noticias\/wp-content\/uploads\/2026\/03\/WhatsApp-Image-2026-03-09-at-08.55.30.jpeg","type":"image\/jpeg"}],"author":"ritanery","twitter_card":"summary_large_image","twitter_misc":{"Escrito por":"ritanery","Est. tempo de leitura":"2 minutos"},"schema":{"@context":"https:\/\/schema.org","@graph":[{"@type":"Article","@id":"https:\/\/radiolifefm.com.br\/noticias\/adolescente-com-moto-furtada-se-envolve-em-acidente-em-tupa\/#article","isPartOf":{"@id":"https:\/\/radiolifefm.com.br\/noticias\/adolescente-com-moto-furtada-se-envolve-em-acidente-em-tupa\/"},"author":{"name":"ritanery","@id":"https:\/\/radiolifefm.com.br\/noticias\/#\/schema\/person\/6339b9fac59d12b071dec680d7375d87"},"headline":"Adolescente com moto furtada se envolve em acidente em Tup\u00e3","datePublished":"2026-03-09T12:03:59+00:00","dateModified":"2026-04-07T17:29:27+00:00","mainEntityOfPage":{"@id":"https:\/\/radiolifefm.com.br\/noticias\/adolescente-com-moto-furtada-se-envolve-em-acidente-em-tupa\/"},"wordCount":196,"publisher":{"@id":"https:\/\/radiolifefm.com.br\/noticias\/#organization"},"image":{"@id":"https:\/\/radiolifefm.com.br\/noticias\/adolescente-com-moto-furtada-se-envolve-em-acidente-em-tupa\/#primaryimage"},"thumbnailUrl":"https:\/\/radiolifefm.com.br\/noticias\/wp-content\/uploads\/2026\/03\/WhatsApp-Image-2026-03-09-at-08.55.30.jpeg","articleSection":["Pol\u00edcia","Regi\u00e3o"],"inLanguage":"pt-BR"},{"@type":"WebPage","@id":"https:\/\/radiolifefm.com.br\/noticias\/adolescente-com-moto-furtada-se-envolve-em-acidente-em-tupa\/","url":"https:\/\/radiolifefm.com.br\/noticias\/adolescente-com-moto-furtada-se-envolve-em-acidente-em-tupa\/","name":"Adolescente com moto furtada se envolve em acidente em Tup\u00e3 - R\u00e1dio Life FM","isPartOf":{"@id":"https:\/\/radiolifefm.com.br\/noticias\/#website"},"primaryImageOfPage":{"@id":"https:\/\/radiolifefm.com.br\/noticias\/adolescente-com-moto-furtada-se-envolve-em-acidente-em-tupa\/#primaryimage"},"image":{"@id":"https:\/\/radiolifefm.com.br\/noticias\/adolescente-com-moto-furtada-se-envolve-em-acidente-em-tupa\/#primaryimage"},"thumbnailUrl":"https:\/\/radiolifefm.com.br\/noticias\/wp-content\/uploads\/2026\/03\/WhatsApp-Image-2026-03-09-at-08.55.30.jpeg","datePublished":"2026-03-09T12:03:59+00:00","dateModified":"2026-04-07T17:29:27+00:00","breadcrumb":{"@id":"https:\/\/radiolifefm.com.br\/noticias\/adolescente-com-moto-furtada-se-envolve-em-acidente-em-tupa\/#breadcrumb"},"inLanguage":"pt-BR","potentialAction":[{"@type":"ReadAction","target":["https:\/\/radiolifefm.com.br\/noticias\/adolescente-com-moto-furtada-se-envolve-em-acidente-em-tupa\/"]}]},{"@type":"ImageObject","inLanguage":"pt-BR","@id":"https:\/\/radiolifefm.com.br\/noticias\/adolescente-com-moto-furtada-se-envolve-em-acidente-em-tupa\/#primaryimage","url":"https:\/\/radiolifefm.com.br\/noticias\/wp-content\/uploads\/2026\/03\/WhatsApp-Image-2026-03-09-at-08.55.30.jpeg","contentUrl":"https:\/\/radiolifefm.com.br\/noticias\/wp-content\/uploads\/2026\/03\/WhatsApp-Image-2026-03-09-at-08.55.30.jpeg","width":720,"height":297,"caption":"cidente de tr\u00e2nsito foi registrado na manh\u00e3 deste domingo no cruzamento da Rua Duque de Caxias com a Avenida Pecuarista Raul de Mello Senra Filho, antiga Rua Dracena, na regi\u00e3o central de Tup\u00e3 (Foto Rita Nery)"},{"@type":"BreadcrumbList","@id":"https:\/\/radiolifefm.com.br\/noticias\/adolescente-com-moto-furtada-se-envolve-em-acidente-em-tupa\/#breadcrumb","itemListElement":[{"@type":"ListItem","position":1,"name":"In\u00edcio","item":"https:\/\/radiolifefm.com.br\/noticias\/"},{"@type":"ListItem","position":2,"name":"Adolescente com moto furtada se envolve em acidente em Tup\u00e3"}]},{"@type":"WebSite","@id":"https:\/\/radiolifefm.com.br\/noticias\/#website","url":"https:\/\/radiolifefm.com.br\/noticias\/","name":"R\u00e1dio Life FM","description":"O Portal de Not\u00edcias de Adamantina","publisher":{"@id":"https:\/\/radiolifefm.com.br\/noticias\/#organization"},"alternateName":"Life FM","potentialAction":[{"@type":"SearchAction","target":{"@type":"EntryPoint","urlTemplate":"https:\/\/radiolifefm.com.br\/noticias\/?s={search_term_string}"},"query-input":{"@type":"PropertyValueSpecification","valueRequired":true,"valueName":"search_term_string"}}],"inLanguage":"pt-BR"},{"@type":"Organization","@id":"https:\/\/radiolifefm.com.br\/noticias\/#organization","name":"R\u00e1dio Life FM","alternateName":"Life FM","url":"https:\/\/radiolifefm.com.br\/noticias\/","logo":{"@type":"ImageObject","inLanguage":"pt-BR","@id":"https:\/\/radiolifefm.com.br\/noticias\/#\/schema\/logo\/image\/","url":"https:\/\/static.radiolifefm.com.br\/noticias\/wp-content\/uploads\/2019\/10\/logo-lifefm.png","contentUrl":"https:\/\/static.radiolifefm.com.br\/noticias\/wp-content\/uploads\/2019\/10\/logo-lifefm.png","width":196,"height":47,"caption":"R\u00e1dio Life FM"},"image":{"@id":"https:\/\/radiolifefm.com.br\/noticias\/#\/schema\/logo\/image\/"},"sameAs":["https:\/\/www.facebook.com\/radiolifefm\/","https:\/\/www.instagram.com\/life1079fm\/"]},{"@type":"Person","@id":"https:\/\/radiolifefm.com.br\/noticias\/#\/schema\/person\/6339b9fac59d12b071dec680d7375d87","name":"ritanery","image":{"@type":"ImageObject","inLanguage":"pt-BR","@id":"https:\/\/secure.gravatar.com\/avatar\/0e37bb19071f47c0b8a23f62a903df117c5a0e75f65a0c2901562f97cd41cf86?s=96&d=mm&r=g","url":"https:\/\/secure.gravatar.com\/avatar\/0e37bb19071f47c0b8a23f62a903df117c5a0e75f65a0c2901562f97cd41cf86?s=96&d=mm&r=g","contentUrl":"https:\/\/secure.gravatar.com\/avatar\/0e37bb19071f47c0b8a23f62a903df117c5a0e75f65a0c2901562f97cd41cf86?s=96&d=mm&r=g","caption":"ritanery"}}]}},"amp_enabled":true,"_links":{"self":[{"href":"https:\/\/radiolifefm.com.br\/noticias\/wp-json\/wp\/v2\/posts\/117081","targetHints":{"allow":["GET"]}}],"collection":[{"href":"https:\/\/radiolifefm.com.br\/noticias\/wp-json\/wp\/v2\/posts"}],"about":[{"href":"https:\/\/radiolifefm.com.br\/noticias\/wp-json\/wp\/v2\/types\/post"}],"author":[{"embeddable":true,"href":"https:\/\/radiolifefm.com.br\/noticias\/wp-json\/wp\/v2\/users\/13"}],"replies":[{"embeddable":true,"href":"https:\/\/radiolifefm.com.br\/noticias\/wp-json\/wp\/v2\/comments?post=117081"}],"version-history":[{"count":1,"href":"https:\/\/radiolifefm.com.br\/noticias\/wp-json\/wp\/v2\/posts\/117081\/revisions"}],"predecessor-version":[{"id":117083,"href":"https:\/\/radiolifefm.com.br\/noticias\/wp-json\/wp\/v2\/posts\/117081\/revisions\/117083"}],"wp:featuredmedia":[{"embeddable":true,"href":"https:\/\/radiolifefm.com.br\/noticias\/wp-json\/wp\/v2\/media\/117082"}],"wp:attachment":[{"href":"https:\/\/radiolifefm.com.br\/noticias\/wp-json\/wp\/v2\/media?parent=117081"}],"wp:term":[{"taxonomy":"category","embeddable":true,"href":"https:\/\/radiolifefm.com.br\/noticias\/wp-json\/wp\/v2\/categories?post=117081"},{"taxonomy":"post_tag","embeddable":true,"href":"https:\/\/radiolifefm.com.br\/noticias\/wp-json\/wp\/v2\/tags?post=117081"}],"curies":[{"name":"wp","href":"https:\/\/api.w.org\/{rel}","templated":true}]}}