{"id":117071,"date":"2026-03-09T08:34:00","date_gmt":"2026-03-09T11:34:00","guid":{"rendered":"https:\/\/radiolifefm.com.br\/noticias\/?p=117071"},"modified":"2026-03-17T20:02:44","modified_gmt":"2026-03-17T23:02:44","slug":"prefeitura-de-adamantina-investe-na-area-esportiva-com-aquisicao-de-novos-materiais","status":"publish","type":"post","link":"https:\/\/radiolifefm.com.br\/noticias\/prefeitura-de-adamantina-investe-na-area-esportiva-com-aquisicao-de-novos-materiais\/","title":{"rendered":"Prefeitura de Adamantina investe na \u00e1rea esportiva com aquisi\u00e7\u00e3o de novos materiais"},"content":{"rendered":"<div id=\"fb-root\"><\/div>\n<p>A Prefeitura de Adamantina segue investindo no fortalecimento das atividades esportivas no munic\u00edpio. Por meio de saldo remanescente da Emenda Parlamentar (no. 202231340005 \u2013 Repasse por meio de Transfer\u00eancia Especial Programa no. 09032022), foram adquiridos diversos materiais que ir\u00e3o atender \u00e0s a\u00e7\u00f5es desenvolvidas pela Secretaria Municipal de Esportes, Lazer e Recrea\u00e7\u00e3o.<\/p>\n<p>Entre os itens comprados est\u00e3o 80 bolas de diferentes modalidades, incluindo basquete, futebol de campo, futsal, handebol e bolas de borracha. Tamb\u00e9m foram adquiridos um bols\u00e3o de bolinhas de t\u00eanis de mesa, 20 bolinhas de beach tennis, seis raquetes de t\u00eanis de mesa, 10 cones grandes, 10 cones pequenos e 48 coletes de treinamento em quatro cores diferentes. Al\u00e9m disso, a Secretaria recebeu novos agasalhos que ser\u00e3o utilizados durante jogos e competi\u00e7\u00f5es.<\/p>\n<p>Os materiais ser\u00e3o utilizados nas escolinhas esportivas municipais de basquete, handebol, futsal e futebol, contribuindo para a melhoria das condi\u00e7\u00f5es de treinamento e para o desenvolvimento das atividades oferecidas a crian\u00e7as e jovens do munic\u00edpio.<\/p>\n<p>O investimento total foi de R$ 29.990,00, destinado \u00e0 amplia\u00e7\u00e3o e qualifica\u00e7\u00e3o das a\u00e7\u00f5es esportivas.<\/p>\n<p>&nbsp;<\/p>\n<p><strong>Melhoria na infraestrutura<\/strong><\/p>\n<p>&nbsp;<\/p>\n<p>Al\u00e9m da aquisi\u00e7\u00e3o dos materiais, a Prefeitura tamb\u00e9m realizou a compra, com recursos pr\u00f3prios, de um novo bebedouro para o gin\u00e1sio municipal Gin\u00e1sio Municipal Paulo Camargo, que estava sem um h\u00e1 3 anos, garantindo mais conforto e melhor atendimento aos atletas e frequentadores do espa\u00e7o esportivo.<\/p>\n<p>A iniciativa refor\u00e7a o compromisso da administra\u00e7\u00e3o municipal em incentivar a pr\u00e1tica esportiva e promover qualidade de vida \u00e0 popula\u00e7\u00e3o.<\/p>\n<p>&#8212;<img loading=\"lazy\" decoding=\"async\" class=\"alignnone size-medium wp-image-117073\" src=\"https:\/\/radiolifefm.com.br\/noticias\/wp-content\/uploads\/2026\/03\/WhatsApp-Image-2026-03-06-at-12.09.33-300x210.jpeg\" alt=\"\" width=\"300\" height=\"210\" srcset=\"https:\/\/radiolifefm.com.br\/noticias\/wp-content\/uploads\/2026\/03\/WhatsApp-Image-2026-03-06-at-12.09.33-300x210.jpeg 300w, https:\/\/radiolifefm.com.br\/noticias\/wp-content\/uploads\/2026\/03\/WhatsApp-Image-2026-03-06-at-12.09.33-1024x717.jpeg 1024w, https:\/\/radiolifefm.com.br\/noticias\/wp-content\/uploads\/2026\/03\/WhatsApp-Image-2026-03-06-at-12.09.33-768x538.jpeg 768w, https:\/\/radiolifefm.com.br\/noticias\/wp-content\/uploads\/2026\/03\/WhatsApp-Image-2026-03-06-at-12.09.33.jpeg 1200w\" sizes=\"auto, (max-width: 300px) 100vw, 300px\" \/><\/p>\n<p>PREFEITURA DO MUNIC\u00cdPIO DE ADAMANTINA<\/p>\n<p>Diretor de Comunica\u00e7\u00e3o<\/p>\n<p>Caio Vasques<\/p>\n<p>Jornalista<\/p>\n<p>Natacha Dominato<\/p>\n","protected":false},"excerpt":{"rendered":"<p>A Prefeitura de Adamantina segue investindo no fortalecimento das atividades esportivas no munic\u00edpio. Por meio de saldo remanescente da Emenda Parlamentar (no. 202231340005 \u2013 Repasse por meio de Transfer\u00eancia Especial Programa no. 09032022), foram adquiridos diversos materiais que ir\u00e3o atender \u00e0s a\u00e7\u00f5es desenvolvidas pela Secretaria Municipal de Esportes, Lazer e Recrea\u00e7\u00e3o. Entre os itens comprados [&hellip;]<\/p>\n","protected":false},"author":13,"featured_media":117072,"comment_status":"closed","ping_status":"open","sticky":false,"template":"","format":"standard","meta":{"_acf_changed":false,"_exactmetrics_skip_tracking":false,"_exactmetrics_sitenote_active":false,"_exactmetrics_sitenote_note":"","_exactmetrics_sitenote_category":0,"footnotes":""},"categories":[21,56],"tags":[],"class_list":["post-117071","post","type-post","status-publish","format-standard","has-post-thumbnail","hentry","category-adamantina","category-esporte"],"acf":[],"yoast_head":"<!-- This site is optimized with the Yoast SEO plugin v27.2 - https:\/\/yoast.com\/product\/yoast-seo-wordpress\/ -->\n<title>Prefeitura de Adamantina investe na \u00e1rea esportiva com aquisi\u00e7\u00e3o de novos materiais - R\u00e1dio Life FM<\/title>\n<meta name=\"robots\" content=\"index, follow, max-snippet:-1, max-image-preview:large, max-video-preview:-1\" \/>\n<link rel=\"canonical\" href=\"https:\/\/radiolifefm.com.br\/noticias\/prefeitura-de-adamantina-investe-na-area-esportiva-com-aquisicao-de-novos-materiais\/\" \/>\n<meta property=\"og:locale\" content=\"pt_BR\" \/>\n<meta property=\"og:type\" content=\"article\" \/>\n<meta property=\"og:title\" content=\"Prefeitura de Adamantina investe na \u00e1rea esportiva com aquisi\u00e7\u00e3o de novos materiais - R\u00e1dio Life FM\" \/>\n<meta property=\"og:description\" content=\"A Prefeitura de Adamantina segue investindo no fortalecimento das atividades esportivas no munic\u00edpio. Por meio de saldo remanescente da Emenda Parlamentar (no. 202231340005 \u2013 Repasse por meio de Transfer\u00eancia Especial Programa no. 09032022), foram adquiridos diversos materiais que ir\u00e3o atender \u00e0s a\u00e7\u00f5es desenvolvidas pela Secretaria Municipal de Esportes, Lazer e Recrea\u00e7\u00e3o. Entre os itens comprados [&hellip;]\" \/>\n<meta property=\"og:url\" content=\"https:\/\/radiolifefm.com.br\/noticias\/prefeitura-de-adamantina-investe-na-area-esportiva-com-aquisicao-de-novos-materiais\/\" \/>\n<meta property=\"og:site_name\" content=\"R\u00e1dio Life FM\" \/>\n<meta property=\"article:publisher\" content=\"https:\/\/www.facebook.com\/radiolifefm\/\" \/>\n<meta property=\"article:published_time\" content=\"2026-03-09T11:34:00+00:00\" \/>\n<meta property=\"article:modified_time\" content=\"2026-03-17T23:02:44+00:00\" \/>\n<meta property=\"og:image\" content=\"https:\/\/radiolifefm.com.br\/noticias\/wp-content\/uploads\/2026\/03\/WhatsApp-Image-2026-03-06-at-12.09.33-1.jpeg\" \/>\n\t<meta property=\"og:image:width\" content=\"1200\" \/>\n\t<meta property=\"og:image:height\" content=\"780\" \/>\n\t<meta property=\"og:image:type\" content=\"image\/jpeg\" \/>\n<meta name=\"author\" content=\"ritanery\" \/>\n<meta name=\"twitter:card\" content=\"summary_large_image\" \/>\n<meta name=\"twitter:label1\" content=\"Escrito por\" \/>\n\t<meta name=\"twitter:data1\" content=\"ritanery\" \/>\n\t<meta name=\"twitter:label2\" content=\"Est. tempo de leitura\" \/>\n\t<meta name=\"twitter:data2\" content=\"2 minutos\" \/>\n<script type=\"application\/ld+json\" class=\"yoast-schema-graph\">{\"@context\":\"https:\/\/schema.org\",\"@graph\":[{\"@type\":\"Article\",\"@id\":\"https:\/\/radiolifefm.com.br\/noticias\/prefeitura-de-adamantina-investe-na-area-esportiva-com-aquisicao-de-novos-materiais\/#article\",\"isPartOf\":{\"@id\":\"https:\/\/radiolifefm.com.br\/noticias\/prefeitura-de-adamantina-investe-na-area-esportiva-com-aquisicao-de-novos-materiais\/\"},\"author\":{\"name\":\"ritanery\",\"@id\":\"https:\/\/radiolifefm.com.br\/noticias\/#\/schema\/person\/6339b9fac59d12b071dec680d7375d87\"},\"headline\":\"Prefeitura de Adamantina investe na \u00e1rea esportiva com aquisi\u00e7\u00e3o de novos materiais\",\"datePublished\":\"2026-03-09T11:34:00+00:00\",\"dateModified\":\"2026-03-17T23:02:44+00:00\",\"mainEntityOfPage\":{\"@id\":\"https:\/\/radiolifefm.com.br\/noticias\/prefeitura-de-adamantina-investe-na-area-esportiva-com-aquisicao-de-novos-materiais\/\"},\"wordCount\":292,\"publisher\":{\"@id\":\"https:\/\/radiolifefm.com.br\/noticias\/#organization\"},\"image\":{\"@id\":\"https:\/\/radiolifefm.com.br\/noticias\/prefeitura-de-adamantina-investe-na-area-esportiva-com-aquisicao-de-novos-materiais\/#primaryimage\"},\"thumbnailUrl\":\"https:\/\/radiolifefm.com.br\/noticias\/wp-content\/uploads\/2026\/03\/WhatsApp-Image-2026-03-06-at-12.09.33-1.jpeg\",\"articleSection\":[\"Adamantina\",\"Esporte\"],\"inLanguage\":\"pt-BR\"},{\"@type\":\"WebPage\",\"@id\":\"https:\/\/radiolifefm.com.br\/noticias\/prefeitura-de-adamantina-investe-na-area-esportiva-com-aquisicao-de-novos-materiais\/\",\"url\":\"https:\/\/radiolifefm.com.br\/noticias\/prefeitura-de-adamantina-investe-na-area-esportiva-com-aquisicao-de-novos-materiais\/\",\"name\":\"Prefeitura de Adamantina investe na \u00e1rea esportiva com aquisi\u00e7\u00e3o de novos materiais - R\u00e1dio Life FM\",\"isPartOf\":{\"@id\":\"https:\/\/radiolifefm.com.br\/noticias\/#website\"},\"primaryImageOfPage\":{\"@id\":\"https:\/\/radiolifefm.com.br\/noticias\/prefeitura-de-adamantina-investe-na-area-esportiva-com-aquisicao-de-novos-materiais\/#primaryimage\"},\"image\":{\"@id\":\"https:\/\/radiolifefm.com.br\/noticias\/prefeitura-de-adamantina-investe-na-area-esportiva-com-aquisicao-de-novos-materiais\/#primaryimage\"},\"thumbnailUrl\":\"https:\/\/radiolifefm.com.br\/noticias\/wp-content\/uploads\/2026\/03\/WhatsApp-Image-2026-03-06-at-12.09.33-1.jpeg\",\"datePublished\":\"2026-03-09T11:34:00+00:00\",\"dateModified\":\"2026-03-17T23:02:44+00:00\",\"breadcrumb\":{\"@id\":\"https:\/\/radiolifefm.com.br\/noticias\/prefeitura-de-adamantina-investe-na-area-esportiva-com-aquisicao-de-novos-materiais\/#breadcrumb\"},\"inLanguage\":\"pt-BR\",\"potentialAction\":[{\"@type\":\"ReadAction\",\"target\":[\"https:\/\/radiolifefm.com.br\/noticias\/prefeitura-de-adamantina-investe-na-area-esportiva-com-aquisicao-de-novos-materiais\/\"]}]},{\"@type\":\"ImageObject\",\"inLanguage\":\"pt-BR\",\"@id\":\"https:\/\/radiolifefm.com.br\/noticias\/prefeitura-de-adamantina-investe-na-area-esportiva-com-aquisicao-de-novos-materiais\/#primaryimage\",\"url\":\"https:\/\/radiolifefm.com.br\/noticias\/wp-content\/uploads\/2026\/03\/WhatsApp-Image-2026-03-06-at-12.09.33-1.jpeg\",\"contentUrl\":\"https:\/\/radiolifefm.com.br\/noticias\/wp-content\/uploads\/2026\/03\/WhatsApp-Image-2026-03-06-at-12.09.33-1.jpeg\",\"width\":1200,\"height\":780},{\"@type\":\"BreadcrumbList\",\"@id\":\"https:\/\/radiolifefm.com.br\/noticias\/prefeitura-de-adamantina-investe-na-area-esportiva-com-aquisicao-de-novos-materiais\/#breadcrumb\",\"itemListElement\":[{\"@type\":\"ListItem\",\"position\":1,\"name\":\"In\u00edcio\",\"item\":\"https:\/\/radiolifefm.com.br\/noticias\/\"},{\"@type\":\"ListItem\",\"position\":2,\"name\":\"Prefeitura de Adamantina investe na \u00e1rea esportiva com aquisi\u00e7\u00e3o de novos materiais\"}]},{\"@type\":\"WebSite\",\"@id\":\"https:\/\/radiolifefm.com.br\/noticias\/#website\",\"url\":\"https:\/\/radiolifefm.com.br\/noticias\/\",\"name\":\"R\u00e1dio Life FM\",\"description\":\"O Portal de Not\u00edcias de Adamantina\",\"publisher\":{\"@id\":\"https:\/\/radiolifefm.com.br\/noticias\/#organization\"},\"alternateName\":\"Life FM\",\"potentialAction\":[{\"@type\":\"SearchAction\",\"target\":{\"@type\":\"EntryPoint\",\"urlTemplate\":\"https:\/\/radiolifefm.com.br\/noticias\/?s={search_term_string}\"},\"query-input\":{\"@type\":\"PropertyValueSpecification\",\"valueRequired\":true,\"valueName\":\"search_term_string\"}}],\"inLanguage\":\"pt-BR\"},{\"@type\":\"Organization\",\"@id\":\"https:\/\/radiolifefm.com.br\/noticias\/#organization\",\"name\":\"R\u00e1dio Life FM\",\"alternateName\":\"Life FM\",\"url\":\"https:\/\/radiolifefm.com.br\/noticias\/\",\"logo\":{\"@type\":\"ImageObject\",\"inLanguage\":\"pt-BR\",\"@id\":\"https:\/\/radiolifefm.com.br\/noticias\/#\/schema\/logo\/image\/\",\"url\":\"https:\/\/static.radiolifefm.com.br\/noticias\/wp-content\/uploads\/2019\/10\/logo-lifefm.png\",\"contentUrl\":\"https:\/\/static.radiolifefm.com.br\/noticias\/wp-content\/uploads\/2019\/10\/logo-lifefm.png\",\"width\":196,\"height\":47,\"caption\":\"R\u00e1dio Life FM\"},\"image\":{\"@id\":\"https:\/\/radiolifefm.com.br\/noticias\/#\/schema\/logo\/image\/\"},\"sameAs\":[\"https:\/\/www.facebook.com\/radiolifefm\/\",\"https:\/\/www.instagram.com\/life1079fm\/\"]},{\"@type\":\"Person\",\"@id\":\"https:\/\/radiolifefm.com.br\/noticias\/#\/schema\/person\/6339b9fac59d12b071dec680d7375d87\",\"name\":\"ritanery\",\"image\":{\"@type\":\"ImageObject\",\"inLanguage\":\"pt-BR\",\"@id\":\"https:\/\/secure.gravatar.com\/avatar\/0e37bb19071f47c0b8a23f62a903df117c5a0e75f65a0c2901562f97cd41cf86?s=96&d=mm&r=g\",\"url\":\"https:\/\/secure.gravatar.com\/avatar\/0e37bb19071f47c0b8a23f62a903df117c5a0e75f65a0c2901562f97cd41cf86?s=96&d=mm&r=g\",\"contentUrl\":\"https:\/\/secure.gravatar.com\/avatar\/0e37bb19071f47c0b8a23f62a903df117c5a0e75f65a0c2901562f97cd41cf86?s=96&d=mm&r=g\",\"caption\":\"ritanery\"}}]}<\/script>\n<!-- \/ Yoast SEO plugin. -->","yoast_head_json":{"title":"Prefeitura de Adamantina investe na \u00e1rea esportiva com aquisi\u00e7\u00e3o de novos materiais - R\u00e1dio Life FM","robots":{"index":"index","follow":"follow","max-snippet":"max-snippet:-1","max-image-preview":"max-image-preview:large","max-video-preview":"max-video-preview:-1"},"canonical":"https:\/\/radiolifefm.com.br\/noticias\/prefeitura-de-adamantina-investe-na-area-esportiva-com-aquisicao-de-novos-materiais\/","og_locale":"pt_BR","og_type":"article","og_title":"Prefeitura de Adamantina investe na \u00e1rea esportiva com aquisi\u00e7\u00e3o de novos materiais - R\u00e1dio Life FM","og_description":"A Prefeitura de Adamantina segue investindo no fortalecimento das atividades esportivas no munic\u00edpio. Por meio de saldo remanescente da Emenda Parlamentar (no. 202231340005 \u2013 Repasse por meio de Transfer\u00eancia Especial Programa no. 09032022), foram adquiridos diversos materiais que ir\u00e3o atender \u00e0s a\u00e7\u00f5es desenvolvidas pela Secretaria Municipal de Esportes, Lazer e Recrea\u00e7\u00e3o. Entre os itens comprados [&hellip;]","og_url":"https:\/\/radiolifefm.com.br\/noticias\/prefeitura-de-adamantina-investe-na-area-esportiva-com-aquisicao-de-novos-materiais\/","og_site_name":"R\u00e1dio Life FM","article_publisher":"https:\/\/www.facebook.com\/radiolifefm\/","article_published_time":"2026-03-09T11:34:00+00:00","article_modified_time":"2026-03-17T23:02:44+00:00","og_image":[{"width":1200,"height":780,"url":"https:\/\/radiolifefm.com.br\/noticias\/wp-content\/uploads\/2026\/03\/WhatsApp-Image-2026-03-06-at-12.09.33-1.jpeg","type":"image\/jpeg"}],"author":"ritanery","twitter_card":"summary_large_image","twitter_misc":{"Escrito por":"ritanery","Est. tempo de leitura":"2 minutos"},"schema":{"@context":"https:\/\/schema.org","@graph":[{"@type":"Article","@id":"https:\/\/radiolifefm.com.br\/noticias\/prefeitura-de-adamantina-investe-na-area-esportiva-com-aquisicao-de-novos-materiais\/#article","isPartOf":{"@id":"https:\/\/radiolifefm.com.br\/noticias\/prefeitura-de-adamantina-investe-na-area-esportiva-com-aquisicao-de-novos-materiais\/"},"author":{"name":"ritanery","@id":"https:\/\/radiolifefm.com.br\/noticias\/#\/schema\/person\/6339b9fac59d12b071dec680d7375d87"},"headline":"Prefeitura de Adamantina investe na \u00e1rea esportiva com aquisi\u00e7\u00e3o de novos materiais","datePublished":"2026-03-09T11:34:00+00:00","dateModified":"2026-03-17T23:02:44+00:00","mainEntityOfPage":{"@id":"https:\/\/radiolifefm.com.br\/noticias\/prefeitura-de-adamantina-investe-na-area-esportiva-com-aquisicao-de-novos-materiais\/"},"wordCount":292,"publisher":{"@id":"https:\/\/radiolifefm.com.br\/noticias\/#organization"},"image":{"@id":"https:\/\/radiolifefm.com.br\/noticias\/prefeitura-de-adamantina-investe-na-area-esportiva-com-aquisicao-de-novos-materiais\/#primaryimage"},"thumbnailUrl":"https:\/\/radiolifefm.com.br\/noticias\/wp-content\/uploads\/2026\/03\/WhatsApp-Image-2026-03-06-at-12.09.33-1.jpeg","articleSection":["Adamantina","Esporte"],"inLanguage":"pt-BR"},{"@type":"WebPage","@id":"https:\/\/radiolifefm.com.br\/noticias\/prefeitura-de-adamantina-investe-na-area-esportiva-com-aquisicao-de-novos-materiais\/","url":"https:\/\/radiolifefm.com.br\/noticias\/prefeitura-de-adamantina-investe-na-area-esportiva-com-aquisicao-de-novos-materiais\/","name":"Prefeitura de Adamantina investe na \u00e1rea esportiva com aquisi\u00e7\u00e3o de novos materiais - R\u00e1dio Life FM","isPartOf":{"@id":"https:\/\/radiolifefm.com.br\/noticias\/#website"},"primaryImageOfPage":{"@id":"https:\/\/radiolifefm.com.br\/noticias\/prefeitura-de-adamantina-investe-na-area-esportiva-com-aquisicao-de-novos-materiais\/#primaryimage"},"image":{"@id":"https:\/\/radiolifefm.com.br\/noticias\/prefeitura-de-adamantina-investe-na-area-esportiva-com-aquisicao-de-novos-materiais\/#primaryimage"},"thumbnailUrl":"https:\/\/radiolifefm.com.br\/noticias\/wp-content\/uploads\/2026\/03\/WhatsApp-Image-2026-03-06-at-12.09.33-1.jpeg","datePublished":"2026-03-09T11:34:00+00:00","dateModified":"2026-03-17T23:02:44+00:00","breadcrumb":{"@id":"https:\/\/radiolifefm.com.br\/noticias\/prefeitura-de-adamantina-investe-na-area-esportiva-com-aquisicao-de-novos-materiais\/#breadcrumb"},"inLanguage":"pt-BR","potentialAction":[{"@type":"ReadAction","target":["https:\/\/radiolifefm.com.br\/noticias\/prefeitura-de-adamantina-investe-na-area-esportiva-com-aquisicao-de-novos-materiais\/"]}]},{"@type":"ImageObject","inLanguage":"pt-BR","@id":"https:\/\/radiolifefm.com.br\/noticias\/prefeitura-de-adamantina-investe-na-area-esportiva-com-aquisicao-de-novos-materiais\/#primaryimage","url":"https:\/\/radiolifefm.com.br\/noticias\/wp-content\/uploads\/2026\/03\/WhatsApp-Image-2026-03-06-at-12.09.33-1.jpeg","contentUrl":"https:\/\/radiolifefm.com.br\/noticias\/wp-content\/uploads\/2026\/03\/WhatsApp-Image-2026-03-06-at-12.09.33-1.jpeg","width":1200,"height":780},{"@type":"BreadcrumbList","@id":"https:\/\/radiolifefm.com.br\/noticias\/prefeitura-de-adamantina-investe-na-area-esportiva-com-aquisicao-de-novos-materiais\/#breadcrumb","itemListElement":[{"@type":"ListItem","position":1,"name":"In\u00edcio","item":"https:\/\/radiolifefm.com.br\/noticias\/"},{"@type":"ListItem","position":2,"name":"Prefeitura de Adamantina investe na \u00e1rea esportiva com aquisi\u00e7\u00e3o de novos materiais"}]},{"@type":"WebSite","@id":"https:\/\/radiolifefm.com.br\/noticias\/#website","url":"https:\/\/radiolifefm.com.br\/noticias\/","name":"R\u00e1dio Life FM","description":"O Portal de Not\u00edcias de Adamantina","publisher":{"@id":"https:\/\/radiolifefm.com.br\/noticias\/#organization"},"alternateName":"Life FM","potentialAction":[{"@type":"SearchAction","target":{"@type":"EntryPoint","urlTemplate":"https:\/\/radiolifefm.com.br\/noticias\/?s={search_term_string}"},"query-input":{"@type":"PropertyValueSpecification","valueRequired":true,"valueName":"search_term_string"}}],"inLanguage":"pt-BR"},{"@type":"Organization","@id":"https:\/\/radiolifefm.com.br\/noticias\/#organization","name":"R\u00e1dio Life FM","alternateName":"Life FM","url":"https:\/\/radiolifefm.com.br\/noticias\/","logo":{"@type":"ImageObject","inLanguage":"pt-BR","@id":"https:\/\/radiolifefm.com.br\/noticias\/#\/schema\/logo\/image\/","url":"https:\/\/static.radiolifefm.com.br\/noticias\/wp-content\/uploads\/2019\/10\/logo-lifefm.png","contentUrl":"https:\/\/static.radiolifefm.com.br\/noticias\/wp-content\/uploads\/2019\/10\/logo-lifefm.png","width":196,"height":47,"caption":"R\u00e1dio Life FM"},"image":{"@id":"https:\/\/radiolifefm.com.br\/noticias\/#\/schema\/logo\/image\/"},"sameAs":["https:\/\/www.facebook.com\/radiolifefm\/","https:\/\/www.instagram.com\/life1079fm\/"]},{"@type":"Person","@id":"https:\/\/radiolifefm.com.br\/noticias\/#\/schema\/person\/6339b9fac59d12b071dec680d7375d87","name":"ritanery","image":{"@type":"ImageObject","inLanguage":"pt-BR","@id":"https:\/\/secure.gravatar.com\/avatar\/0e37bb19071f47c0b8a23f62a903df117c5a0e75f65a0c2901562f97cd41cf86?s=96&d=mm&r=g","url":"https:\/\/secure.gravatar.com\/avatar\/0e37bb19071f47c0b8a23f62a903df117c5a0e75f65a0c2901562f97cd41cf86?s=96&d=mm&r=g","contentUrl":"https:\/\/secure.gravatar.com\/avatar\/0e37bb19071f47c0b8a23f62a903df117c5a0e75f65a0c2901562f97cd41cf86?s=96&d=mm&r=g","caption":"ritanery"}}]}},"amp_enabled":true,"_links":{"self":[{"href":"https:\/\/radiolifefm.com.br\/noticias\/wp-json\/wp\/v2\/posts\/117071","targetHints":{"allow":["GET"]}}],"collection":[{"href":"https:\/\/radiolifefm.com.br\/noticias\/wp-json\/wp\/v2\/posts"}],"about":[{"href":"https:\/\/radiolifefm.com.br\/noticias\/wp-json\/wp\/v2\/types\/post"}],"author":[{"embeddable":true,"href":"https:\/\/radiolifefm.com.br\/noticias\/wp-json\/wp\/v2\/users\/13"}],"replies":[{"embeddable":true,"href":"https:\/\/radiolifefm.com.br\/noticias\/wp-json\/wp\/v2\/comments?post=117071"}],"version-history":[{"count":1,"href":"https:\/\/radiolifefm.com.br\/noticias\/wp-json\/wp\/v2\/posts\/117071\/revisions"}],"predecessor-version":[{"id":117074,"href":"https:\/\/radiolifefm.com.br\/noticias\/wp-json\/wp\/v2\/posts\/117071\/revisions\/117074"}],"wp:featuredmedia":[{"embeddable":true,"href":"https:\/\/radiolifefm.com.br\/noticias\/wp-json\/wp\/v2\/media\/117072"}],"wp:attachment":[{"href":"https:\/\/radiolifefm.com.br\/noticias\/wp-json\/wp\/v2\/media?parent=117071"}],"wp:term":[{"taxonomy":"category","embeddable":true,"href":"https:\/\/radiolifefm.com.br\/noticias\/wp-json\/wp\/v2\/categories?post=117071"},{"taxonomy":"post_tag","embeddable":true,"href":"https:\/\/radiolifefm.com.br\/noticias\/wp-json\/wp\/v2\/tags?post=117071"}],"curies":[{"name":"wp","href":"https:\/\/api.w.org\/{rel}","templated":true}]}}