{"id":117019,"date":"2026-03-06T15:13:28","date_gmt":"2026-03-06T18:13:28","guid":{"rendered":"https:\/\/radiolifefm.com.br\/noticias\/?p=117019"},"modified":"2026-04-26T16:16:22","modified_gmt":"2026-04-26T19:16:22","slug":"cafe-da-manha-especial-em-homenagem-ao-dia-da-mulher","status":"publish","type":"post","link":"https:\/\/radiolifefm.com.br\/noticias\/cafe-da-manha-especial-em-homenagem-ao-dia-da-mulher\/","title":{"rendered":"Caf\u00e9 da manh\u00e3 especial em homenagem ao Dia da Mulher"},"content":{"rendered":"<div id=\"fb-root\"><\/div>\n<p>&nbsp;<\/p>\n<p>Na manh\u00e3 desta sexta-feira (06\/03), a Ordem dos Advogados do Brasil \u2013 Subse\u00e7\u00e3o de Adamantina promoveu um caf\u00e9 da manh\u00e3 em celebra\u00e7\u00e3o ao Dia Internacional da Mulher, reunindo advogadas de Adamantina e de toda a regi\u00e3o.<\/p>\n<div class='flex flex-wrap items-center -mx-1'>\r\n<a class='thumbnail gallery p-1 w-1\/2 md:w-1\/4' href='https:\/\/radiolifefm.com.br\/noticias\/wp-content\/uploads\/2026\/03\/WhatsApp-Image-2026-03-06-at-11.43.53-2.jpeg'><img class='border border-white' src='https:\/\/radiolifefm.com.br\/noticias\/wp-content\/uploads\/2026\/03\/WhatsApp-Image-2026-03-06-at-11.43.53-2-200x200.jpeg' alt='WhatsApp Image 2026 03 06 At 11.43.53 (2)' \/><\/a><a class='thumbnail gallery p-1 w-1\/2 md:w-1\/4' href='https:\/\/radiolifefm.com.br\/noticias\/wp-content\/uploads\/2026\/03\/WhatsApp-Image-2026-03-06-at-11.41.58.jpeg'><img class='border border-white' src='https:\/\/radiolifefm.com.br\/noticias\/wp-content\/uploads\/2026\/03\/WhatsApp-Image-2026-03-06-at-11.41.58-200x200.jpeg' alt='WhatsApp Image 2026 03 06 At 11.41.58' \/><\/a><a class='thumbnail gallery p-1 w-1\/2 md:w-1\/4' href='https:\/\/radiolifefm.com.br\/noticias\/wp-content\/uploads\/2026\/03\/WhatsApp-Image-2026-03-06-at-11.41.58-1.jpeg'><img class='border border-white' src='https:\/\/radiolifefm.com.br\/noticias\/wp-content\/uploads\/2026\/03\/WhatsApp-Image-2026-03-06-at-11.41.58-1-200x200.jpeg' alt='WhatsApp Image 2026 03 06 At 11.41.58 (1)' \/><\/a><\/div>\n<p>O encontro aconteceu na nova sede da OAB, localizada na Rua Josefina Dall\u2019 Ant\u00f4nia Tiveron, n\u00ba 170, ao lado da Unidade Regional do Tribunal de Contas do Estado de S\u00e3o Paulo, em \u00e1rea pr\u00f3xima ao F\u00f3rum da cidade.<\/p>\n<div class='flex flex-wrap items-center -mx-1'>\r\n<a class='thumbnail gallery p-1 w-1\/2 md:w-1\/4' href='https:\/\/radiolifefm.com.br\/noticias\/wp-content\/uploads\/2026\/03\/WhatsApp-Image-2026-03-06-at-11.41.57.jpeg'><img class='border border-white' src='https:\/\/radiolifefm.com.br\/noticias\/wp-content\/uploads\/2026\/03\/WhatsApp-Image-2026-03-06-at-11.41.57-200x200.jpeg' alt='WhatsApp Image 2026 03 06 At 11.41.57' \/><\/a><a class='thumbnail gallery p-1 w-1\/2 md:w-1\/4' href='https:\/\/radiolifefm.com.br\/noticias\/wp-content\/uploads\/2026\/03\/Capa-Site-13.jpg'><img class='border border-white' src='https:\/\/radiolifefm.com.br\/noticias\/wp-content\/uploads\/2026\/03\/Capa-Site-13-200x200.jpg' alt='Capa (Site) (13)' \/><\/a><a class='thumbnail gallery p-1 w-1\/2 md:w-1\/4' href='https:\/\/radiolifefm.com.br\/noticias\/wp-content\/uploads\/2026\/03\/WhatsApp-Image-2026-03-06-at-11.43.54.jpeg'><img class='border border-white' src='https:\/\/radiolifefm.com.br\/noticias\/wp-content\/uploads\/2026\/03\/WhatsApp-Image-2026-03-06-at-11.43.54-200x200.jpeg' alt='WhatsApp Image 2026 03 06 At 11.43.54' \/><\/a><\/div>\n<p>Durante o encontro, as advogadas compartilharam experi\u00eancias e desafios da rotina profissional, contaram um pouco de suas trajet\u00f3rias na advocacia e tamb\u00e9m falaram sobre o papel que desempenham fora do ambiente de trabalho, como m\u00e3es e respons\u00e1veis pela fam\u00edlia.<\/p>\n<div class='flex flex-wrap items-center -mx-1'>\r\n<a class='thumbnail gallery p-1 w-1\/2 md:w-1\/4' href='https:\/\/radiolifefm.com.br\/noticias\/wp-content\/uploads\/2026\/03\/WhatsApp-Image-2026-03-06-at-11.43.52.jpeg'><img class='border border-white' src='https:\/\/radiolifefm.com.br\/noticias\/wp-content\/uploads\/2026\/03\/WhatsApp-Image-2026-03-06-at-11.43.52-200x200.jpeg' alt='WhatsApp Image 2026 03 06 At 11.43.52' \/><\/a><a class='thumbnail gallery p-1 w-1\/2 md:w-1\/4' href='https:\/\/radiolifefm.com.br\/noticias\/wp-content\/uploads\/2026\/03\/WhatsApp-Image-2026-03-06-at-11.43.52-1.jpeg'><img class='border border-white' src='https:\/\/radiolifefm.com.br\/noticias\/wp-content\/uploads\/2026\/03\/WhatsApp-Image-2026-03-06-at-11.43.52-1-200x200.jpeg' alt='WhatsApp Image 2026 03 06 At 11.43.52 (1)' \/><\/a><a class='thumbnail gallery p-1 w-1\/2 md:w-1\/4' href='https:\/\/radiolifefm.com.br\/noticias\/wp-content\/uploads\/2026\/03\/WhatsApp-Image-2026-03-06-at-11.43.53-1.jpeg'><img class='border border-white' src='https:\/\/radiolifefm.com.br\/noticias\/wp-content\/uploads\/2026\/03\/WhatsApp-Image-2026-03-06-at-11.43.53-1-200x200.jpeg' alt='WhatsApp Image 2026 03 06 At 11.43.53 (1)' \/><\/a><a class='thumbnail gallery p-1 w-1\/2 md:w-1\/4' href='https:\/\/radiolifefm.com.br\/noticias\/wp-content\/uploads\/2026\/03\/WhatsApp-Image-2026-03-06-at-11.43.53-3.jpeg'><img class='border border-white' src='https:\/\/radiolifefm.com.br\/noticias\/wp-content\/uploads\/2026\/03\/WhatsApp-Image-2026-03-06-at-11.43.53-3-200x200.jpeg' alt='WhatsApp Image 2026 03 06 At 11.43.53 (3)' \/><\/a><a class='thumbnail gallery p-1 w-1\/2 md:w-1\/4' href='https:\/\/radiolifefm.com.br\/noticias\/wp-content\/uploads\/2026\/03\/WhatsApp-Image-2026-03-06-at-11.41.46.jpeg'><img class='border border-white' src='https:\/\/radiolifefm.com.br\/noticias\/wp-content\/uploads\/2026\/03\/WhatsApp-Image-2026-03-06-at-11.41.46-200x200.jpeg' alt='WhatsApp Image 2026 03 06 At 11.41.46' \/><\/a><a class='thumbnail gallery p-1 w-1\/2 md:w-1\/4' href='https:\/\/radiolifefm.com.br\/noticias\/wp-content\/uploads\/2026\/03\/WhatsApp-Image-2026-03-06-at-11.41.55.jpeg'><img class='border border-white' src='https:\/\/radiolifefm.com.br\/noticias\/wp-content\/uploads\/2026\/03\/WhatsApp-Image-2026-03-06-at-11.41.55-200x200.jpeg' alt='WhatsApp Image 2026 03 06 At 11.41.55' \/><\/a><\/div>\n<p>O momento tamb\u00e9m foi de reconhecimento e valoriza\u00e7\u00e3o da mulher, destacando sua for\u00e7a, sensibilidade, determina\u00e7\u00e3o e a capacidade de conciliar diferentes pap\u00e9is com dedica\u00e7\u00e3o, fazendo a diferen\u00e7a na profiss\u00e3o, na fam\u00edlia e na sociedade.<\/p>\n<div class='flex flex-wrap items-center -mx-1'>\r\n<a class='thumbnail gallery p-1 w-1\/2 md:w-1\/4' href='https:\/\/radiolifefm.com.br\/noticias\/wp-content\/uploads\/2026\/03\/WhatsApp-Image-2026-03-06-at-11.41.56.jpeg'><img class='border border-white' src='https:\/\/radiolifefm.com.br\/noticias\/wp-content\/uploads\/2026\/03\/WhatsApp-Image-2026-03-06-at-11.41.56-200x200.jpeg' alt='WhatsApp Image 2026 03 06 At 11.41.56' \/><\/a><a class='thumbnail gallery p-1 w-1\/2 md:w-1\/4' href='https:\/\/radiolifefm.com.br\/noticias\/wp-content\/uploads\/2026\/03\/WhatsApp-Image-2026-03-06-at-11.41.56-1.jpeg'><img class='border border-white' src='https:\/\/radiolifefm.com.br\/noticias\/wp-content\/uploads\/2026\/03\/WhatsApp-Image-2026-03-06-at-11.41.56-1-200x200.jpeg' alt='WhatsApp Image 2026 03 06 At 11.41.56 (1)' \/><\/a><a class='thumbnail gallery p-1 w-1\/2 md:w-1\/4' href='https:\/\/radiolifefm.com.br\/noticias\/wp-content\/uploads\/2026\/03\/WhatsApp-Image-2026-03-06-at-11.41.55-1.jpeg'><img class='border border-white' src='https:\/\/radiolifefm.com.br\/noticias\/wp-content\/uploads\/2026\/03\/WhatsApp-Image-2026-03-06-at-11.41.55-1-200x200.jpeg' alt='WhatsApp Image 2026 03 06 At 11.41.55 (1)' \/><\/a><a class='thumbnail gallery p-1 w-1\/2 md:w-1\/4' href='https:\/\/radiolifefm.com.br\/noticias\/wp-content\/uploads\/2026\/03\/WhatsApp-Image-2026-03-06-at-11.41.48.jpeg'><img class='border border-white' src='https:\/\/radiolifefm.com.br\/noticias\/wp-content\/uploads\/2026\/03\/WhatsApp-Image-2026-03-06-at-11.41.48-200x200.jpeg' alt='WhatsApp Image 2026 03 06 At 11.41.48' \/><\/a><a class='thumbnail gallery p-1 w-1\/2 md:w-1\/4' href='https:\/\/radiolifefm.com.br\/noticias\/wp-content\/uploads\/2026\/03\/WhatsApp-Image-2026-03-06-at-11.41.47.jpeg'><img class='border border-white' src='https:\/\/radiolifefm.com.br\/noticias\/wp-content\/uploads\/2026\/03\/WhatsApp-Image-2026-03-06-at-11.41.47-200x200.jpeg' alt='WhatsApp Image 2026 03 06 At 11.41.47' \/><\/a><a class='thumbnail gallery p-1 w-1\/2 md:w-1\/4' href='https:\/\/radiolifefm.com.br\/noticias\/wp-content\/uploads\/2026\/03\/WhatsApp-Image-2026-03-06-at-11.41.46-1.jpeg'><img class='border border-white' src='https:\/\/radiolifefm.com.br\/noticias\/wp-content\/uploads\/2026\/03\/WhatsApp-Image-2026-03-06-at-11.41.46-1-200x200.jpeg' alt='WhatsApp Image 2026 03 06 At 11.41.46 (1)' \/><\/a><\/div>\n","protected":false},"excerpt":{"rendered":"<p>&nbsp; Na manh\u00e3 desta sexta-feira (06\/03), a Ordem dos Advogados do Brasil \u2013 Subse\u00e7\u00e3o de Adamantina promoveu um caf\u00e9 da manh\u00e3 em celebra\u00e7\u00e3o ao Dia Internacional da Mulher, reunindo advogadas de Adamantina e de toda a regi\u00e3o. O encontro aconteceu na nova sede da OAB, localizada na Rua Josefina Dall\u2019 Ant\u00f4nia Tiveron, n\u00ba 170, ao [&hellip;]<\/p>\n","protected":false},"author":8,"featured_media":117020,"comment_status":"closed","ping_status":"open","sticky":false,"template":"","format":"standard","meta":{"_acf_changed":false,"_exactmetrics_skip_tracking":false,"_exactmetrics_sitenote_active":false,"_exactmetrics_sitenote_note":"","_exactmetrics_sitenote_category":0,"footnotes":""},"categories":[1],"tags":[],"class_list":["post-117019","post","type-post","status-publish","format-standard","has-post-thumbnail","hentry","category-geral"],"acf":[],"yoast_head":"<!-- This site is optimized with the Yoast SEO plugin v27.2 - https:\/\/yoast.com\/product\/yoast-seo-wordpress\/ -->\n<title>Caf\u00e9 da manh\u00e3 especial em homenagem ao Dia da Mulher - R\u00e1dio Life FM<\/title>\n<meta name=\"robots\" content=\"index, follow, max-snippet:-1, max-image-preview:large, max-video-preview:-1\" \/>\n<link rel=\"canonical\" href=\"https:\/\/radiolifefm.com.br\/noticias\/cafe-da-manha-especial-em-homenagem-ao-dia-da-mulher\/\" \/>\n<meta property=\"og:locale\" content=\"pt_BR\" \/>\n<meta property=\"og:type\" content=\"article\" \/>\n<meta property=\"og:title\" content=\"Caf\u00e9 da manh\u00e3 especial em homenagem ao Dia da Mulher - R\u00e1dio Life FM\" \/>\n<meta property=\"og:description\" content=\"&nbsp; Na manh\u00e3 desta sexta-feira (06\/03), a Ordem dos Advogados do Brasil \u2013 Subse\u00e7\u00e3o de Adamantina promoveu um caf\u00e9 da manh\u00e3 em celebra\u00e7\u00e3o ao Dia Internacional da Mulher, reunindo advogadas de Adamantina e de toda a regi\u00e3o. O encontro aconteceu na nova sede da OAB, localizada na Rua Josefina Dall\u2019 Ant\u00f4nia Tiveron, n\u00ba 170, ao [&hellip;]\" \/>\n<meta property=\"og:url\" content=\"https:\/\/radiolifefm.com.br\/noticias\/cafe-da-manha-especial-em-homenagem-ao-dia-da-mulher\/\" \/>\n<meta property=\"og:site_name\" content=\"R\u00e1dio Life FM\" \/>\n<meta property=\"article:publisher\" content=\"https:\/\/www.facebook.com\/radiolifefm\/\" \/>\n<meta property=\"article:published_time\" content=\"2026-03-06T18:13:28+00:00\" \/>\n<meta property=\"article:modified_time\" content=\"2026-04-26T19:16:22+00:00\" \/>\n<meta property=\"og:image\" content=\"https:\/\/radiolifefm.com.br\/noticias\/wp-content\/uploads\/2026\/03\/Capa-Site-13.jpg\" \/>\n\t<meta property=\"og:image:width\" content=\"1366\" \/>\n\t<meta property=\"og:image:height\" content=\"768\" \/>\n\t<meta property=\"og:image:type\" content=\"image\/jpeg\" \/>\n<meta name=\"author\" content=\"joaograndao\" \/>\n<meta name=\"twitter:card\" content=\"summary_large_image\" \/>\n<meta name=\"twitter:label1\" content=\"Escrito por\" \/>\n\t<meta name=\"twitter:data1\" content=\"joaograndao\" \/>\n\t<meta name=\"twitter:label2\" content=\"Est. tempo de leitura\" \/>\n\t<meta name=\"twitter:data2\" content=\"2 minutos\" \/>\n<script type=\"application\/ld+json\" class=\"yoast-schema-graph\">{\"@context\":\"https:\/\/schema.org\",\"@graph\":[{\"@type\":\"Article\",\"@id\":\"https:\/\/radiolifefm.com.br\/noticias\/cafe-da-manha-especial-em-homenagem-ao-dia-da-mulher\/#article\",\"isPartOf\":{\"@id\":\"https:\/\/radiolifefm.com.br\/noticias\/cafe-da-manha-especial-em-homenagem-ao-dia-da-mulher\/\"},\"author\":{\"name\":\"joaograndao\",\"@id\":\"https:\/\/radiolifefm.com.br\/noticias\/#\/schema\/person\/6876e1240feffe6e1b63fd5cb85abf28\"},\"headline\":\"Caf\u00e9 da manh\u00e3 especial em homenagem ao Dia da Mulher\",\"datePublished\":\"2026-03-06T18:13:28+00:00\",\"dateModified\":\"2026-04-26T19:16:22+00:00\",\"mainEntityOfPage\":{\"@id\":\"https:\/\/radiolifefm.com.br\/noticias\/cafe-da-manha-especial-em-homenagem-ao-dia-da-mulher\/\"},\"wordCount\":185,\"publisher\":{\"@id\":\"https:\/\/radiolifefm.com.br\/noticias\/#organization\"},\"image\":{\"@id\":\"https:\/\/radiolifefm.com.br\/noticias\/cafe-da-manha-especial-em-homenagem-ao-dia-da-mulher\/#primaryimage\"},\"thumbnailUrl\":\"https:\/\/radiolifefm.com.br\/noticias\/wp-content\/uploads\/2026\/03\/Capa-Site-13.jpg\",\"articleSection\":[\"Geral\"],\"inLanguage\":\"pt-BR\"},{\"@type\":\"WebPage\",\"@id\":\"https:\/\/radiolifefm.com.br\/noticias\/cafe-da-manha-especial-em-homenagem-ao-dia-da-mulher\/\",\"url\":\"https:\/\/radiolifefm.com.br\/noticias\/cafe-da-manha-especial-em-homenagem-ao-dia-da-mulher\/\",\"name\":\"Caf\u00e9 da manh\u00e3 especial em homenagem ao Dia da Mulher - R\u00e1dio Life FM\",\"isPartOf\":{\"@id\":\"https:\/\/radiolifefm.com.br\/noticias\/#website\"},\"primaryImageOfPage\":{\"@id\":\"https:\/\/radiolifefm.com.br\/noticias\/cafe-da-manha-especial-em-homenagem-ao-dia-da-mulher\/#primaryimage\"},\"image\":{\"@id\":\"https:\/\/radiolifefm.com.br\/noticias\/cafe-da-manha-especial-em-homenagem-ao-dia-da-mulher\/#primaryimage\"},\"thumbnailUrl\":\"https:\/\/radiolifefm.com.br\/noticias\/wp-content\/uploads\/2026\/03\/Capa-Site-13.jpg\",\"datePublished\":\"2026-03-06T18:13:28+00:00\",\"dateModified\":\"2026-04-26T19:16:22+00:00\",\"breadcrumb\":{\"@id\":\"https:\/\/radiolifefm.com.br\/noticias\/cafe-da-manha-especial-em-homenagem-ao-dia-da-mulher\/#breadcrumb\"},\"inLanguage\":\"pt-BR\",\"potentialAction\":[{\"@type\":\"ReadAction\",\"target\":[\"https:\/\/radiolifefm.com.br\/noticias\/cafe-da-manha-especial-em-homenagem-ao-dia-da-mulher\/\"]}]},{\"@type\":\"ImageObject\",\"inLanguage\":\"pt-BR\",\"@id\":\"https:\/\/radiolifefm.com.br\/noticias\/cafe-da-manha-especial-em-homenagem-ao-dia-da-mulher\/#primaryimage\",\"url\":\"https:\/\/radiolifefm.com.br\/noticias\/wp-content\/uploads\/2026\/03\/Capa-Site-13.jpg\",\"contentUrl\":\"https:\/\/radiolifefm.com.br\/noticias\/wp-content\/uploads\/2026\/03\/Capa-Site-13.jpg\",\"width\":1366,\"height\":768},{\"@type\":\"BreadcrumbList\",\"@id\":\"https:\/\/radiolifefm.com.br\/noticias\/cafe-da-manha-especial-em-homenagem-ao-dia-da-mulher\/#breadcrumb\",\"itemListElement\":[{\"@type\":\"ListItem\",\"position\":1,\"name\":\"In\u00edcio\",\"item\":\"https:\/\/radiolifefm.com.br\/noticias\/\"},{\"@type\":\"ListItem\",\"position\":2,\"name\":\"Caf\u00e9 da manh\u00e3 especial em homenagem ao Dia da Mulher\"}]},{\"@type\":\"WebSite\",\"@id\":\"https:\/\/radiolifefm.com.br\/noticias\/#website\",\"url\":\"https:\/\/radiolifefm.com.br\/noticias\/\",\"name\":\"R\u00e1dio Life FM\",\"description\":\"O Portal de Not\u00edcias de Adamantina\",\"publisher\":{\"@id\":\"https:\/\/radiolifefm.com.br\/noticias\/#organization\"},\"alternateName\":\"Life FM\",\"potentialAction\":[{\"@type\":\"SearchAction\",\"target\":{\"@type\":\"EntryPoint\",\"urlTemplate\":\"https:\/\/radiolifefm.com.br\/noticias\/?s={search_term_string}\"},\"query-input\":{\"@type\":\"PropertyValueSpecification\",\"valueRequired\":true,\"valueName\":\"search_term_string\"}}],\"inLanguage\":\"pt-BR\"},{\"@type\":\"Organization\",\"@id\":\"https:\/\/radiolifefm.com.br\/noticias\/#organization\",\"name\":\"R\u00e1dio Life FM\",\"alternateName\":\"Life FM\",\"url\":\"https:\/\/radiolifefm.com.br\/noticias\/\",\"logo\":{\"@type\":\"ImageObject\",\"inLanguage\":\"pt-BR\",\"@id\":\"https:\/\/radiolifefm.com.br\/noticias\/#\/schema\/logo\/image\/\",\"url\":\"https:\/\/static.radiolifefm.com.br\/noticias\/wp-content\/uploads\/2019\/10\/logo-lifefm.png\",\"contentUrl\":\"https:\/\/static.radiolifefm.com.br\/noticias\/wp-content\/uploads\/2019\/10\/logo-lifefm.png\",\"width\":196,\"height\":47,\"caption\":\"R\u00e1dio Life FM\"},\"image\":{\"@id\":\"https:\/\/radiolifefm.com.br\/noticias\/#\/schema\/logo\/image\/\"},\"sameAs\":[\"https:\/\/www.facebook.com\/radiolifefm\/\",\"https:\/\/www.instagram.com\/life1079fm\/\"]},{\"@type\":\"Person\",\"@id\":\"https:\/\/radiolifefm.com.br\/noticias\/#\/schema\/person\/6876e1240feffe6e1b63fd5cb85abf28\",\"name\":\"joaograndao\",\"image\":{\"@type\":\"ImageObject\",\"inLanguage\":\"pt-BR\",\"@id\":\"https:\/\/secure.gravatar.com\/avatar\/d5b1a3cf357ed9c50404e256a1294083aa8ab5d2a994001567302786016cb32c?s=96&d=mm&r=g\",\"url\":\"https:\/\/secure.gravatar.com\/avatar\/d5b1a3cf357ed9c50404e256a1294083aa8ab5d2a994001567302786016cb32c?s=96&d=mm&r=g\",\"contentUrl\":\"https:\/\/secure.gravatar.com\/avatar\/d5b1a3cf357ed9c50404e256a1294083aa8ab5d2a994001567302786016cb32c?s=96&d=mm&r=g\",\"caption\":\"joaograndao\"}}]}<\/script>\n<!-- \/ Yoast SEO plugin. -->","yoast_head_json":{"title":"Caf\u00e9 da manh\u00e3 especial em homenagem ao Dia da Mulher - R\u00e1dio Life FM","robots":{"index":"index","follow":"follow","max-snippet":"max-snippet:-1","max-image-preview":"max-image-preview:large","max-video-preview":"max-video-preview:-1"},"canonical":"https:\/\/radiolifefm.com.br\/noticias\/cafe-da-manha-especial-em-homenagem-ao-dia-da-mulher\/","og_locale":"pt_BR","og_type":"article","og_title":"Caf\u00e9 da manh\u00e3 especial em homenagem ao Dia da Mulher - R\u00e1dio Life FM","og_description":"&nbsp; Na manh\u00e3 desta sexta-feira (06\/03), a Ordem dos Advogados do Brasil \u2013 Subse\u00e7\u00e3o de Adamantina promoveu um caf\u00e9 da manh\u00e3 em celebra\u00e7\u00e3o ao Dia Internacional da Mulher, reunindo advogadas de Adamantina e de toda a regi\u00e3o. O encontro aconteceu na nova sede da OAB, localizada na Rua Josefina Dall\u2019 Ant\u00f4nia Tiveron, n\u00ba 170, ao [&hellip;]","og_url":"https:\/\/radiolifefm.com.br\/noticias\/cafe-da-manha-especial-em-homenagem-ao-dia-da-mulher\/","og_site_name":"R\u00e1dio Life FM","article_publisher":"https:\/\/www.facebook.com\/radiolifefm\/","article_published_time":"2026-03-06T18:13:28+00:00","article_modified_time":"2026-04-26T19:16:22+00:00","og_image":[{"width":1366,"height":768,"url":"https:\/\/radiolifefm.com.br\/noticias\/wp-content\/uploads\/2026\/03\/Capa-Site-13.jpg","type":"image\/jpeg"}],"author":"joaograndao","twitter_card":"summary_large_image","twitter_misc":{"Escrito por":"joaograndao","Est. tempo de leitura":"2 minutos"},"schema":{"@context":"https:\/\/schema.org","@graph":[{"@type":"Article","@id":"https:\/\/radiolifefm.com.br\/noticias\/cafe-da-manha-especial-em-homenagem-ao-dia-da-mulher\/#article","isPartOf":{"@id":"https:\/\/radiolifefm.com.br\/noticias\/cafe-da-manha-especial-em-homenagem-ao-dia-da-mulher\/"},"author":{"name":"joaograndao","@id":"https:\/\/radiolifefm.com.br\/noticias\/#\/schema\/person\/6876e1240feffe6e1b63fd5cb85abf28"},"headline":"Caf\u00e9 da manh\u00e3 especial em homenagem ao Dia da Mulher","datePublished":"2026-03-06T18:13:28+00:00","dateModified":"2026-04-26T19:16:22+00:00","mainEntityOfPage":{"@id":"https:\/\/radiolifefm.com.br\/noticias\/cafe-da-manha-especial-em-homenagem-ao-dia-da-mulher\/"},"wordCount":185,"publisher":{"@id":"https:\/\/radiolifefm.com.br\/noticias\/#organization"},"image":{"@id":"https:\/\/radiolifefm.com.br\/noticias\/cafe-da-manha-especial-em-homenagem-ao-dia-da-mulher\/#primaryimage"},"thumbnailUrl":"https:\/\/radiolifefm.com.br\/noticias\/wp-content\/uploads\/2026\/03\/Capa-Site-13.jpg","articleSection":["Geral"],"inLanguage":"pt-BR"},{"@type":"WebPage","@id":"https:\/\/radiolifefm.com.br\/noticias\/cafe-da-manha-especial-em-homenagem-ao-dia-da-mulher\/","url":"https:\/\/radiolifefm.com.br\/noticias\/cafe-da-manha-especial-em-homenagem-ao-dia-da-mulher\/","name":"Caf\u00e9 da manh\u00e3 especial em homenagem ao Dia da Mulher - R\u00e1dio Life FM","isPartOf":{"@id":"https:\/\/radiolifefm.com.br\/noticias\/#website"},"primaryImageOfPage":{"@id":"https:\/\/radiolifefm.com.br\/noticias\/cafe-da-manha-especial-em-homenagem-ao-dia-da-mulher\/#primaryimage"},"image":{"@id":"https:\/\/radiolifefm.com.br\/noticias\/cafe-da-manha-especial-em-homenagem-ao-dia-da-mulher\/#primaryimage"},"thumbnailUrl":"https:\/\/radiolifefm.com.br\/noticias\/wp-content\/uploads\/2026\/03\/Capa-Site-13.jpg","datePublished":"2026-03-06T18:13:28+00:00","dateModified":"2026-04-26T19:16:22+00:00","breadcrumb":{"@id":"https:\/\/radiolifefm.com.br\/noticias\/cafe-da-manha-especial-em-homenagem-ao-dia-da-mulher\/#breadcrumb"},"inLanguage":"pt-BR","potentialAction":[{"@type":"ReadAction","target":["https:\/\/radiolifefm.com.br\/noticias\/cafe-da-manha-especial-em-homenagem-ao-dia-da-mulher\/"]}]},{"@type":"ImageObject","inLanguage":"pt-BR","@id":"https:\/\/radiolifefm.com.br\/noticias\/cafe-da-manha-especial-em-homenagem-ao-dia-da-mulher\/#primaryimage","url":"https:\/\/radiolifefm.com.br\/noticias\/wp-content\/uploads\/2026\/03\/Capa-Site-13.jpg","contentUrl":"https:\/\/radiolifefm.com.br\/noticias\/wp-content\/uploads\/2026\/03\/Capa-Site-13.jpg","width":1366,"height":768},{"@type":"BreadcrumbList","@id":"https:\/\/radiolifefm.com.br\/noticias\/cafe-da-manha-especial-em-homenagem-ao-dia-da-mulher\/#breadcrumb","itemListElement":[{"@type":"ListItem","position":1,"name":"In\u00edcio","item":"https:\/\/radiolifefm.com.br\/noticias\/"},{"@type":"ListItem","position":2,"name":"Caf\u00e9 da manh\u00e3 especial em homenagem ao Dia da Mulher"}]},{"@type":"WebSite","@id":"https:\/\/radiolifefm.com.br\/noticias\/#website","url":"https:\/\/radiolifefm.com.br\/noticias\/","name":"R\u00e1dio Life FM","description":"O Portal de Not\u00edcias de Adamantina","publisher":{"@id":"https:\/\/radiolifefm.com.br\/noticias\/#organization"},"alternateName":"Life FM","potentialAction":[{"@type":"SearchAction","target":{"@type":"EntryPoint","urlTemplate":"https:\/\/radiolifefm.com.br\/noticias\/?s={search_term_string}"},"query-input":{"@type":"PropertyValueSpecification","valueRequired":true,"valueName":"search_term_string"}}],"inLanguage":"pt-BR"},{"@type":"Organization","@id":"https:\/\/radiolifefm.com.br\/noticias\/#organization","name":"R\u00e1dio Life FM","alternateName":"Life FM","url":"https:\/\/radiolifefm.com.br\/noticias\/","logo":{"@type":"ImageObject","inLanguage":"pt-BR","@id":"https:\/\/radiolifefm.com.br\/noticias\/#\/schema\/logo\/image\/","url":"https:\/\/static.radiolifefm.com.br\/noticias\/wp-content\/uploads\/2019\/10\/logo-lifefm.png","contentUrl":"https:\/\/static.radiolifefm.com.br\/noticias\/wp-content\/uploads\/2019\/10\/logo-lifefm.png","width":196,"height":47,"caption":"R\u00e1dio Life FM"},"image":{"@id":"https:\/\/radiolifefm.com.br\/noticias\/#\/schema\/logo\/image\/"},"sameAs":["https:\/\/www.facebook.com\/radiolifefm\/","https:\/\/www.instagram.com\/life1079fm\/"]},{"@type":"Person","@id":"https:\/\/radiolifefm.com.br\/noticias\/#\/schema\/person\/6876e1240feffe6e1b63fd5cb85abf28","name":"joaograndao","image":{"@type":"ImageObject","inLanguage":"pt-BR","@id":"https:\/\/secure.gravatar.com\/avatar\/d5b1a3cf357ed9c50404e256a1294083aa8ab5d2a994001567302786016cb32c?s=96&d=mm&r=g","url":"https:\/\/secure.gravatar.com\/avatar\/d5b1a3cf357ed9c50404e256a1294083aa8ab5d2a994001567302786016cb32c?s=96&d=mm&r=g","contentUrl":"https:\/\/secure.gravatar.com\/avatar\/d5b1a3cf357ed9c50404e256a1294083aa8ab5d2a994001567302786016cb32c?s=96&d=mm&r=g","caption":"joaograndao"}}]}},"amp_enabled":true,"_links":{"self":[{"href":"https:\/\/radiolifefm.com.br\/noticias\/wp-json\/wp\/v2\/posts\/117019","targetHints":{"allow":["GET"]}}],"collection":[{"href":"https:\/\/radiolifefm.com.br\/noticias\/wp-json\/wp\/v2\/posts"}],"about":[{"href":"https:\/\/radiolifefm.com.br\/noticias\/wp-json\/wp\/v2\/types\/post"}],"author":[{"embeddable":true,"href":"https:\/\/radiolifefm.com.br\/noticias\/wp-json\/wp\/v2\/users\/8"}],"replies":[{"embeddable":true,"href":"https:\/\/radiolifefm.com.br\/noticias\/wp-json\/wp\/v2\/comments?post=117019"}],"version-history":[{"count":1,"href":"https:\/\/radiolifefm.com.br\/noticias\/wp-json\/wp\/v2\/posts\/117019\/revisions"}],"predecessor-version":[{"id":117042,"href":"https:\/\/radiolifefm.com.br\/noticias\/wp-json\/wp\/v2\/posts\/117019\/revisions\/117042"}],"wp:featuredmedia":[{"embeddable":true,"href":"https:\/\/radiolifefm.com.br\/noticias\/wp-json\/wp\/v2\/media\/117020"}],"wp:attachment":[{"href":"https:\/\/radiolifefm.com.br\/noticias\/wp-json\/wp\/v2\/media?parent=117019"}],"wp:term":[{"taxonomy":"category","embeddable":true,"href":"https:\/\/radiolifefm.com.br\/noticias\/wp-json\/wp\/v2\/categories?post=117019"},{"taxonomy":"post_tag","embeddable":true,"href":"https:\/\/radiolifefm.com.br\/noticias\/wp-json\/wp\/v2\/tags?post=117019"}],"curies":[{"name":"wp","href":"https:\/\/api.w.org\/{rel}","templated":true}]}}