{"id":117015,"date":"2026-03-06T11:29:43","date_gmt":"2026-03-06T14:29:43","guid":{"rendered":"https:\/\/radiolifefm.com.br\/noticias\/?p=117015"},"modified":"2026-04-24T23:18:44","modified_gmt":"2026-04-25T02:18:44","slug":"programa-agua-do-interior-sabesp-entrega-oficialmente-o-poco-20-ampliando-em-15-a-producao-de-agua-em-adamantina","status":"publish","type":"post","link":"https:\/\/radiolifefm.com.br\/noticias\/programa-agua-do-interior-sabesp-entrega-oficialmente-o-poco-20-ampliando-em-15-a-producao-de-agua-em-adamantina\/","title":{"rendered":"Programa \u00c1gua do Interior: Sabesp entrega oficialmente o \u201cPo\u00e7o 20\u201d, ampliando em 15% a produ\u00e7\u00e3o de \u00e1gua em Adamantina"},"content":{"rendered":"<div id=\"fb-root\"><\/div>\n<p style=\"font-weight: 400\">O munic\u00edpio de Adamantina recebeu oficialmente, na tarde desta quinta-feira, 05 de mar\u00e7o de 2026, a entrega do Po\u00e7o 20, obra executada pela Companhia de Saneamento B\u00e1sico do Estado de S\u00e3o Paulo (Sabesp) por meio do Programa \u00c1gua do Interior.<\/p>\n<p style=\"font-weight: 400\">O novo po\u00e7o foi perfurado na margem esquerda do Ribeir\u00e3o dos Ranchos, no Recanto Tassi, e integra um conjunto de investimentos voltados ao fortalecimento do sistema de abastecimento de \u00e1gua do munic\u00edpio.<\/p>\n<p style=\"font-weight: 400\">De acordo com informa\u00e7\u00f5es da Sabesp, a obra contemplou a perfura\u00e7\u00e3o de po\u00e7o tubular profundo (P20), al\u00e9m do fornecimento e instala\u00e7\u00e3o de todos os equipamentos necess\u00e1rios para sua opera\u00e7\u00e3o, incluindo cabo el\u00e9trico, tubo edutor, pe\u00e7as e conex\u00f5es, padr\u00e3o de entrada de energia, painel el\u00e9trico, motobomba submersa, urbaniza\u00e7\u00e3o da \u00e1rea do po\u00e7o e implanta\u00e7\u00e3o da adutora.<\/p>\n<p style=\"font-weight: 400\">Tamb\u00e9m foram executados 1.200 metros de adutora, interligando o novo po\u00e7o ao sistema de tratamento da Sabesp mais pr\u00f3ximo, permitindo a integra\u00e7\u00e3o imediata da nova fonte de capta\u00e7\u00e3o ao sistema de abastecimento da cidade.<\/p>\n<p style=\"font-weight: 400\">Com a entrada em opera\u00e7\u00e3o do Po\u00e7o 20, ser\u00e3o disponibilizados 1,6 milh\u00e3o de litros de \u00e1gua por dia ao sistema de produ\u00e7\u00e3o, volume suficiente para atender aproximadamente 8 mil pessoas.<\/p>\n<p style=\"font-weight: 400\">Segundo dados da Sabesp, a produ\u00e7\u00e3o total de \u00e1gua em Adamantina, que era de 520 m3 por hora, passa a contar com um incremento de 80 m3 por hora, representando um aumento de aproximadamente 15%, elevando a capacidade para 600 m3 por hora. O investimento total na obra foi de R$ 929.730,89.<\/p>\n<p style=\"font-weight: 400\">A entrega oficial contou com a presen\u00e7a do prefeito de Adamantina, Jos\u00e9 Carlos Martins Tiveron, e do gerente regional da Sabesp, F\u00e1bio Ribeiro Nunes, al\u00e9m de representantes da companhia e da administra\u00e7\u00e3o municipal.<\/p>\n<p style=\"font-weight: 400\">O novo po\u00e7o representa mais um avan\u00e7o na infraestrutura de abastecimento de \u00e1gua do munic\u00edpio, contribuindo para maior seguran\u00e7a h\u00eddrica, amplia\u00e7\u00e3o da capacidade de produ\u00e7\u00e3o e melhoria na qualidade do servi\u00e7o prestado \u00e0 popula\u00e7\u00e3o.<\/p>\n<p>&nbsp;<\/p>\n<div>\n<div><span style=\"font-family: tahoma, sans-serif;font-size: xx-small\"><b>PREFEITURA DO MUNIC\u00cdPIO DE ADAMANTINA<br \/>\n<\/b><\/span><\/div>\n<\/div>\n<div>\n<div><span style=\"font-family: tahoma, sans-serif;font-size: xx-small\"><b>Diretor de Comunica\u00e7\u00e3o<\/b><\/span><\/div>\n<div><b>Caio Vasques<\/b><\/div>\n<div><b>\u00a0<\/b><\/div>\n<div><b>Jornalista\u00a0<\/b><b><\/b><\/div>\n<div><span style=\"font-family: tahoma, sans-serif;font-size: xx-small\"><b>Natacha Dominato\u00a0\u00a0<\/b><\/span><\/div>\n<\/div>\n","protected":false},"excerpt":{"rendered":"<p>O munic\u00edpio de Adamantina recebeu oficialmente, na tarde desta quinta-feira, 05 de mar\u00e7o de 2026, a entrega do Po\u00e7o 20, obra executada pela Companhia de Saneamento B\u00e1sico do Estado de S\u00e3o Paulo (Sabesp) por meio do Programa \u00c1gua do Interior. O novo po\u00e7o foi perfurado na margem esquerda do Ribeir\u00e3o dos Ranchos, no Recanto Tassi, [&hellip;]<\/p>\n","protected":false},"author":8,"featured_media":117016,"comment_status":"closed","ping_status":"open","sticky":false,"template":"","format":"standard","meta":{"_acf_changed":false,"_exactmetrics_skip_tracking":false,"_exactmetrics_sitenote_active":false,"_exactmetrics_sitenote_note":"","_exactmetrics_sitenote_category":0,"footnotes":""},"categories":[21],"tags":[],"class_list":["post-117015","post","type-post","status-publish","format-standard","has-post-thumbnail","hentry","category-adamantina"],"acf":[],"yoast_head":"<!-- This site is optimized with the Yoast SEO plugin v27.2 - https:\/\/yoast.com\/product\/yoast-seo-wordpress\/ -->\n<title>Programa \u00c1gua do Interior: Sabesp entrega oficialmente o \u201cPo\u00e7o 20\u201d, ampliando em 15% a produ\u00e7\u00e3o de \u00e1gua em Adamantina - R\u00e1dio Life FM<\/title>\n<meta name=\"robots\" content=\"index, follow, max-snippet:-1, max-image-preview:large, max-video-preview:-1\" \/>\n<link rel=\"canonical\" href=\"https:\/\/radiolifefm.com.br\/noticias\/programa-agua-do-interior-sabesp-entrega-oficialmente-o-poco-20-ampliando-em-15-a-producao-de-agua-em-adamantina\/\" \/>\n<meta property=\"og:locale\" content=\"pt_BR\" \/>\n<meta property=\"og:type\" content=\"article\" \/>\n<meta property=\"og:title\" content=\"Programa \u00c1gua do Interior: Sabesp entrega oficialmente o \u201cPo\u00e7o 20\u201d, ampliando em 15% a produ\u00e7\u00e3o de \u00e1gua em Adamantina - R\u00e1dio Life FM\" \/>\n<meta property=\"og:description\" content=\"O munic\u00edpio de Adamantina recebeu oficialmente, na tarde desta quinta-feira, 05 de mar\u00e7o de 2026, a entrega do Po\u00e7o 20, obra executada pela Companhia de Saneamento B\u00e1sico do Estado de S\u00e3o Paulo (Sabesp) por meio do Programa \u00c1gua do Interior. O novo po\u00e7o foi perfurado na margem esquerda do Ribeir\u00e3o dos Ranchos, no Recanto Tassi, [&hellip;]\" \/>\n<meta property=\"og:url\" content=\"https:\/\/radiolifefm.com.br\/noticias\/programa-agua-do-interior-sabesp-entrega-oficialmente-o-poco-20-ampliando-em-15-a-producao-de-agua-em-adamantina\/\" \/>\n<meta property=\"og:site_name\" content=\"R\u00e1dio Life FM\" \/>\n<meta property=\"article:publisher\" content=\"https:\/\/www.facebook.com\/radiolifefm\/\" \/>\n<meta property=\"article:published_time\" content=\"2026-03-06T14:29:43+00:00\" \/>\n<meta property=\"article:modified_time\" content=\"2026-04-25T02:18:44+00:00\" \/>\n<meta property=\"og:image\" content=\"https:\/\/radiolifefm.com.br\/noticias\/wp-content\/uploads\/2026\/03\/WhatsApp-Image-2026-03-05-at-16.26.18-1.jpeg\" \/>\n\t<meta property=\"og:image:width\" content=\"1600\" \/>\n\t<meta property=\"og:image:height\" content=\"1200\" \/>\n\t<meta property=\"og:image:type\" content=\"image\/jpeg\" \/>\n<meta name=\"author\" content=\"joaograndao\" \/>\n<meta name=\"twitter:card\" content=\"summary_large_image\" \/>\n<meta name=\"twitter:label1\" content=\"Escrito por\" \/>\n\t<meta name=\"twitter:data1\" content=\"joaograndao\" \/>\n\t<meta name=\"twitter:label2\" content=\"Est. tempo de leitura\" \/>\n\t<meta name=\"twitter:data2\" content=\"2 minutos\" \/>\n<script type=\"application\/ld+json\" class=\"yoast-schema-graph\">{\"@context\":\"https:\/\/schema.org\",\"@graph\":[{\"@type\":\"Article\",\"@id\":\"https:\/\/radiolifefm.com.br\/noticias\/programa-agua-do-interior-sabesp-entrega-oficialmente-o-poco-20-ampliando-em-15-a-producao-de-agua-em-adamantina\/#article\",\"isPartOf\":{\"@id\":\"https:\/\/radiolifefm.com.br\/noticias\/programa-agua-do-interior-sabesp-entrega-oficialmente-o-poco-20-ampliando-em-15-a-producao-de-agua-em-adamantina\/\"},\"author\":{\"name\":\"joaograndao\",\"@id\":\"https:\/\/radiolifefm.com.br\/noticias\/#\/schema\/person\/6876e1240feffe6e1b63fd5cb85abf28\"},\"headline\":\"Programa \u00c1gua do Interior: Sabesp entrega oficialmente o \u201cPo\u00e7o 20\u201d, ampliando em 15% a produ\u00e7\u00e3o de \u00e1gua em Adamantina\",\"datePublished\":\"2026-03-06T14:29:43+00:00\",\"dateModified\":\"2026-04-25T02:18:44+00:00\",\"mainEntityOfPage\":{\"@id\":\"https:\/\/radiolifefm.com.br\/noticias\/programa-agua-do-interior-sabesp-entrega-oficialmente-o-poco-20-ampliando-em-15-a-producao-de-agua-em-adamantina\/\"},\"wordCount\":379,\"publisher\":{\"@id\":\"https:\/\/radiolifefm.com.br\/noticias\/#organization\"},\"image\":{\"@id\":\"https:\/\/radiolifefm.com.br\/noticias\/programa-agua-do-interior-sabesp-entrega-oficialmente-o-poco-20-ampliando-em-15-a-producao-de-agua-em-adamantina\/#primaryimage\"},\"thumbnailUrl\":\"https:\/\/radiolifefm.com.br\/noticias\/wp-content\/uploads\/2026\/03\/WhatsApp-Image-2026-03-05-at-16.26.18-1.jpeg\",\"articleSection\":[\"Adamantina\"],\"inLanguage\":\"pt-BR\"},{\"@type\":\"WebPage\",\"@id\":\"https:\/\/radiolifefm.com.br\/noticias\/programa-agua-do-interior-sabesp-entrega-oficialmente-o-poco-20-ampliando-em-15-a-producao-de-agua-em-adamantina\/\",\"url\":\"https:\/\/radiolifefm.com.br\/noticias\/programa-agua-do-interior-sabesp-entrega-oficialmente-o-poco-20-ampliando-em-15-a-producao-de-agua-em-adamantina\/\",\"name\":\"Programa \u00c1gua do Interior: Sabesp entrega oficialmente o \u201cPo\u00e7o 20\u201d, ampliando em 15% a produ\u00e7\u00e3o de \u00e1gua em Adamantina - R\u00e1dio Life FM\",\"isPartOf\":{\"@id\":\"https:\/\/radiolifefm.com.br\/noticias\/#website\"},\"primaryImageOfPage\":{\"@id\":\"https:\/\/radiolifefm.com.br\/noticias\/programa-agua-do-interior-sabesp-entrega-oficialmente-o-poco-20-ampliando-em-15-a-producao-de-agua-em-adamantina\/#primaryimage\"},\"image\":{\"@id\":\"https:\/\/radiolifefm.com.br\/noticias\/programa-agua-do-interior-sabesp-entrega-oficialmente-o-poco-20-ampliando-em-15-a-producao-de-agua-em-adamantina\/#primaryimage\"},\"thumbnailUrl\":\"https:\/\/radiolifefm.com.br\/noticias\/wp-content\/uploads\/2026\/03\/WhatsApp-Image-2026-03-05-at-16.26.18-1.jpeg\",\"datePublished\":\"2026-03-06T14:29:43+00:00\",\"dateModified\":\"2026-04-25T02:18:44+00:00\",\"breadcrumb\":{\"@id\":\"https:\/\/radiolifefm.com.br\/noticias\/programa-agua-do-interior-sabesp-entrega-oficialmente-o-poco-20-ampliando-em-15-a-producao-de-agua-em-adamantina\/#breadcrumb\"},\"inLanguage\":\"pt-BR\",\"potentialAction\":[{\"@type\":\"ReadAction\",\"target\":[\"https:\/\/radiolifefm.com.br\/noticias\/programa-agua-do-interior-sabesp-entrega-oficialmente-o-poco-20-ampliando-em-15-a-producao-de-agua-em-adamantina\/\"]}]},{\"@type\":\"ImageObject\",\"inLanguage\":\"pt-BR\",\"@id\":\"https:\/\/radiolifefm.com.br\/noticias\/programa-agua-do-interior-sabesp-entrega-oficialmente-o-poco-20-ampliando-em-15-a-producao-de-agua-em-adamantina\/#primaryimage\",\"url\":\"https:\/\/radiolifefm.com.br\/noticias\/wp-content\/uploads\/2026\/03\/WhatsApp-Image-2026-03-05-at-16.26.18-1.jpeg\",\"contentUrl\":\"https:\/\/radiolifefm.com.br\/noticias\/wp-content\/uploads\/2026\/03\/WhatsApp-Image-2026-03-05-at-16.26.18-1.jpeg\",\"width\":1600,\"height\":1200},{\"@type\":\"BreadcrumbList\",\"@id\":\"https:\/\/radiolifefm.com.br\/noticias\/programa-agua-do-interior-sabesp-entrega-oficialmente-o-poco-20-ampliando-em-15-a-producao-de-agua-em-adamantina\/#breadcrumb\",\"itemListElement\":[{\"@type\":\"ListItem\",\"position\":1,\"name\":\"In\u00edcio\",\"item\":\"https:\/\/radiolifefm.com.br\/noticias\/\"},{\"@type\":\"ListItem\",\"position\":2,\"name\":\"Programa \u00c1gua do Interior: Sabesp entrega oficialmente o \u201cPo\u00e7o 20\u201d, ampliando em 15% a produ\u00e7\u00e3o de \u00e1gua em Adamantina\"}]},{\"@type\":\"WebSite\",\"@id\":\"https:\/\/radiolifefm.com.br\/noticias\/#website\",\"url\":\"https:\/\/radiolifefm.com.br\/noticias\/\",\"name\":\"R\u00e1dio Life FM\",\"description\":\"O Portal de Not\u00edcias de Adamantina\",\"publisher\":{\"@id\":\"https:\/\/radiolifefm.com.br\/noticias\/#organization\"},\"alternateName\":\"Life FM\",\"potentialAction\":[{\"@type\":\"SearchAction\",\"target\":{\"@type\":\"EntryPoint\",\"urlTemplate\":\"https:\/\/radiolifefm.com.br\/noticias\/?s={search_term_string}\"},\"query-input\":{\"@type\":\"PropertyValueSpecification\",\"valueRequired\":true,\"valueName\":\"search_term_string\"}}],\"inLanguage\":\"pt-BR\"},{\"@type\":\"Organization\",\"@id\":\"https:\/\/radiolifefm.com.br\/noticias\/#organization\",\"name\":\"R\u00e1dio Life FM\",\"alternateName\":\"Life FM\",\"url\":\"https:\/\/radiolifefm.com.br\/noticias\/\",\"logo\":{\"@type\":\"ImageObject\",\"inLanguage\":\"pt-BR\",\"@id\":\"https:\/\/radiolifefm.com.br\/noticias\/#\/schema\/logo\/image\/\",\"url\":\"https:\/\/static.radiolifefm.com.br\/noticias\/wp-content\/uploads\/2019\/10\/logo-lifefm.png\",\"contentUrl\":\"https:\/\/static.radiolifefm.com.br\/noticias\/wp-content\/uploads\/2019\/10\/logo-lifefm.png\",\"width\":196,\"height\":47,\"caption\":\"R\u00e1dio Life FM\"},\"image\":{\"@id\":\"https:\/\/radiolifefm.com.br\/noticias\/#\/schema\/logo\/image\/\"},\"sameAs\":[\"https:\/\/www.facebook.com\/radiolifefm\/\",\"https:\/\/www.instagram.com\/life1079fm\/\"]},{\"@type\":\"Person\",\"@id\":\"https:\/\/radiolifefm.com.br\/noticias\/#\/schema\/person\/6876e1240feffe6e1b63fd5cb85abf28\",\"name\":\"joaograndao\",\"image\":{\"@type\":\"ImageObject\",\"inLanguage\":\"pt-BR\",\"@id\":\"https:\/\/secure.gravatar.com\/avatar\/d5b1a3cf357ed9c50404e256a1294083aa8ab5d2a994001567302786016cb32c?s=96&d=mm&r=g\",\"url\":\"https:\/\/secure.gravatar.com\/avatar\/d5b1a3cf357ed9c50404e256a1294083aa8ab5d2a994001567302786016cb32c?s=96&d=mm&r=g\",\"contentUrl\":\"https:\/\/secure.gravatar.com\/avatar\/d5b1a3cf357ed9c50404e256a1294083aa8ab5d2a994001567302786016cb32c?s=96&d=mm&r=g\",\"caption\":\"joaograndao\"}}]}<\/script>\n<!-- \/ Yoast SEO plugin. -->","yoast_head_json":{"title":"Programa \u00c1gua do Interior: Sabesp entrega oficialmente o \u201cPo\u00e7o 20\u201d, ampliando em 15% a produ\u00e7\u00e3o de \u00e1gua em Adamantina - R\u00e1dio Life FM","robots":{"index":"index","follow":"follow","max-snippet":"max-snippet:-1","max-image-preview":"max-image-preview:large","max-video-preview":"max-video-preview:-1"},"canonical":"https:\/\/radiolifefm.com.br\/noticias\/programa-agua-do-interior-sabesp-entrega-oficialmente-o-poco-20-ampliando-em-15-a-producao-de-agua-em-adamantina\/","og_locale":"pt_BR","og_type":"article","og_title":"Programa \u00c1gua do Interior: Sabesp entrega oficialmente o \u201cPo\u00e7o 20\u201d, ampliando em 15% a produ\u00e7\u00e3o de \u00e1gua em Adamantina - R\u00e1dio Life FM","og_description":"O munic\u00edpio de Adamantina recebeu oficialmente, na tarde desta quinta-feira, 05 de mar\u00e7o de 2026, a entrega do Po\u00e7o 20, obra executada pela Companhia de Saneamento B\u00e1sico do Estado de S\u00e3o Paulo (Sabesp) por meio do Programa \u00c1gua do Interior. O novo po\u00e7o foi perfurado na margem esquerda do Ribeir\u00e3o dos Ranchos, no Recanto Tassi, [&hellip;]","og_url":"https:\/\/radiolifefm.com.br\/noticias\/programa-agua-do-interior-sabesp-entrega-oficialmente-o-poco-20-ampliando-em-15-a-producao-de-agua-em-adamantina\/","og_site_name":"R\u00e1dio Life FM","article_publisher":"https:\/\/www.facebook.com\/radiolifefm\/","article_published_time":"2026-03-06T14:29:43+00:00","article_modified_time":"2026-04-25T02:18:44+00:00","og_image":[{"width":1600,"height":1200,"url":"https:\/\/radiolifefm.com.br\/noticias\/wp-content\/uploads\/2026\/03\/WhatsApp-Image-2026-03-05-at-16.26.18-1.jpeg","type":"image\/jpeg"}],"author":"joaograndao","twitter_card":"summary_large_image","twitter_misc":{"Escrito por":"joaograndao","Est. tempo de leitura":"2 minutos"},"schema":{"@context":"https:\/\/schema.org","@graph":[{"@type":"Article","@id":"https:\/\/radiolifefm.com.br\/noticias\/programa-agua-do-interior-sabesp-entrega-oficialmente-o-poco-20-ampliando-em-15-a-producao-de-agua-em-adamantina\/#article","isPartOf":{"@id":"https:\/\/radiolifefm.com.br\/noticias\/programa-agua-do-interior-sabesp-entrega-oficialmente-o-poco-20-ampliando-em-15-a-producao-de-agua-em-adamantina\/"},"author":{"name":"joaograndao","@id":"https:\/\/radiolifefm.com.br\/noticias\/#\/schema\/person\/6876e1240feffe6e1b63fd5cb85abf28"},"headline":"Programa \u00c1gua do Interior: Sabesp entrega oficialmente o \u201cPo\u00e7o 20\u201d, ampliando em 15% a produ\u00e7\u00e3o de \u00e1gua em Adamantina","datePublished":"2026-03-06T14:29:43+00:00","dateModified":"2026-04-25T02:18:44+00:00","mainEntityOfPage":{"@id":"https:\/\/radiolifefm.com.br\/noticias\/programa-agua-do-interior-sabesp-entrega-oficialmente-o-poco-20-ampliando-em-15-a-producao-de-agua-em-adamantina\/"},"wordCount":379,"publisher":{"@id":"https:\/\/radiolifefm.com.br\/noticias\/#organization"},"image":{"@id":"https:\/\/radiolifefm.com.br\/noticias\/programa-agua-do-interior-sabesp-entrega-oficialmente-o-poco-20-ampliando-em-15-a-producao-de-agua-em-adamantina\/#primaryimage"},"thumbnailUrl":"https:\/\/radiolifefm.com.br\/noticias\/wp-content\/uploads\/2026\/03\/WhatsApp-Image-2026-03-05-at-16.26.18-1.jpeg","articleSection":["Adamantina"],"inLanguage":"pt-BR"},{"@type":"WebPage","@id":"https:\/\/radiolifefm.com.br\/noticias\/programa-agua-do-interior-sabesp-entrega-oficialmente-o-poco-20-ampliando-em-15-a-producao-de-agua-em-adamantina\/","url":"https:\/\/radiolifefm.com.br\/noticias\/programa-agua-do-interior-sabesp-entrega-oficialmente-o-poco-20-ampliando-em-15-a-producao-de-agua-em-adamantina\/","name":"Programa \u00c1gua do Interior: Sabesp entrega oficialmente o \u201cPo\u00e7o 20\u201d, ampliando em 15% a produ\u00e7\u00e3o de \u00e1gua em Adamantina - R\u00e1dio Life FM","isPartOf":{"@id":"https:\/\/radiolifefm.com.br\/noticias\/#website"},"primaryImageOfPage":{"@id":"https:\/\/radiolifefm.com.br\/noticias\/programa-agua-do-interior-sabesp-entrega-oficialmente-o-poco-20-ampliando-em-15-a-producao-de-agua-em-adamantina\/#primaryimage"},"image":{"@id":"https:\/\/radiolifefm.com.br\/noticias\/programa-agua-do-interior-sabesp-entrega-oficialmente-o-poco-20-ampliando-em-15-a-producao-de-agua-em-adamantina\/#primaryimage"},"thumbnailUrl":"https:\/\/radiolifefm.com.br\/noticias\/wp-content\/uploads\/2026\/03\/WhatsApp-Image-2026-03-05-at-16.26.18-1.jpeg","datePublished":"2026-03-06T14:29:43+00:00","dateModified":"2026-04-25T02:18:44+00:00","breadcrumb":{"@id":"https:\/\/radiolifefm.com.br\/noticias\/programa-agua-do-interior-sabesp-entrega-oficialmente-o-poco-20-ampliando-em-15-a-producao-de-agua-em-adamantina\/#breadcrumb"},"inLanguage":"pt-BR","potentialAction":[{"@type":"ReadAction","target":["https:\/\/radiolifefm.com.br\/noticias\/programa-agua-do-interior-sabesp-entrega-oficialmente-o-poco-20-ampliando-em-15-a-producao-de-agua-em-adamantina\/"]}]},{"@type":"ImageObject","inLanguage":"pt-BR","@id":"https:\/\/radiolifefm.com.br\/noticias\/programa-agua-do-interior-sabesp-entrega-oficialmente-o-poco-20-ampliando-em-15-a-producao-de-agua-em-adamantina\/#primaryimage","url":"https:\/\/radiolifefm.com.br\/noticias\/wp-content\/uploads\/2026\/03\/WhatsApp-Image-2026-03-05-at-16.26.18-1.jpeg","contentUrl":"https:\/\/radiolifefm.com.br\/noticias\/wp-content\/uploads\/2026\/03\/WhatsApp-Image-2026-03-05-at-16.26.18-1.jpeg","width":1600,"height":1200},{"@type":"BreadcrumbList","@id":"https:\/\/radiolifefm.com.br\/noticias\/programa-agua-do-interior-sabesp-entrega-oficialmente-o-poco-20-ampliando-em-15-a-producao-de-agua-em-adamantina\/#breadcrumb","itemListElement":[{"@type":"ListItem","position":1,"name":"In\u00edcio","item":"https:\/\/radiolifefm.com.br\/noticias\/"},{"@type":"ListItem","position":2,"name":"Programa \u00c1gua do Interior: Sabesp entrega oficialmente o \u201cPo\u00e7o 20\u201d, ampliando em 15% a produ\u00e7\u00e3o de \u00e1gua em Adamantina"}]},{"@type":"WebSite","@id":"https:\/\/radiolifefm.com.br\/noticias\/#website","url":"https:\/\/radiolifefm.com.br\/noticias\/","name":"R\u00e1dio Life FM","description":"O Portal de Not\u00edcias de Adamantina","publisher":{"@id":"https:\/\/radiolifefm.com.br\/noticias\/#organization"},"alternateName":"Life FM","potentialAction":[{"@type":"SearchAction","target":{"@type":"EntryPoint","urlTemplate":"https:\/\/radiolifefm.com.br\/noticias\/?s={search_term_string}"},"query-input":{"@type":"PropertyValueSpecification","valueRequired":true,"valueName":"search_term_string"}}],"inLanguage":"pt-BR"},{"@type":"Organization","@id":"https:\/\/radiolifefm.com.br\/noticias\/#organization","name":"R\u00e1dio Life FM","alternateName":"Life FM","url":"https:\/\/radiolifefm.com.br\/noticias\/","logo":{"@type":"ImageObject","inLanguage":"pt-BR","@id":"https:\/\/radiolifefm.com.br\/noticias\/#\/schema\/logo\/image\/","url":"https:\/\/static.radiolifefm.com.br\/noticias\/wp-content\/uploads\/2019\/10\/logo-lifefm.png","contentUrl":"https:\/\/static.radiolifefm.com.br\/noticias\/wp-content\/uploads\/2019\/10\/logo-lifefm.png","width":196,"height":47,"caption":"R\u00e1dio Life FM"},"image":{"@id":"https:\/\/radiolifefm.com.br\/noticias\/#\/schema\/logo\/image\/"},"sameAs":["https:\/\/www.facebook.com\/radiolifefm\/","https:\/\/www.instagram.com\/life1079fm\/"]},{"@type":"Person","@id":"https:\/\/radiolifefm.com.br\/noticias\/#\/schema\/person\/6876e1240feffe6e1b63fd5cb85abf28","name":"joaograndao","image":{"@type":"ImageObject","inLanguage":"pt-BR","@id":"https:\/\/secure.gravatar.com\/avatar\/d5b1a3cf357ed9c50404e256a1294083aa8ab5d2a994001567302786016cb32c?s=96&d=mm&r=g","url":"https:\/\/secure.gravatar.com\/avatar\/d5b1a3cf357ed9c50404e256a1294083aa8ab5d2a994001567302786016cb32c?s=96&d=mm&r=g","contentUrl":"https:\/\/secure.gravatar.com\/avatar\/d5b1a3cf357ed9c50404e256a1294083aa8ab5d2a994001567302786016cb32c?s=96&d=mm&r=g","caption":"joaograndao"}}]}},"amp_enabled":true,"_links":{"self":[{"href":"https:\/\/radiolifefm.com.br\/noticias\/wp-json\/wp\/v2\/posts\/117015","targetHints":{"allow":["GET"]}}],"collection":[{"href":"https:\/\/radiolifefm.com.br\/noticias\/wp-json\/wp\/v2\/posts"}],"about":[{"href":"https:\/\/radiolifefm.com.br\/noticias\/wp-json\/wp\/v2\/types\/post"}],"author":[{"embeddable":true,"href":"https:\/\/radiolifefm.com.br\/noticias\/wp-json\/wp\/v2\/users\/8"}],"replies":[{"embeddable":true,"href":"https:\/\/radiolifefm.com.br\/noticias\/wp-json\/wp\/v2\/comments?post=117015"}],"version-history":[{"count":2,"href":"https:\/\/radiolifefm.com.br\/noticias\/wp-json\/wp\/v2\/posts\/117015\/revisions"}],"predecessor-version":[{"id":117018,"href":"https:\/\/radiolifefm.com.br\/noticias\/wp-json\/wp\/v2\/posts\/117015\/revisions\/117018"}],"wp:featuredmedia":[{"embeddable":true,"href":"https:\/\/radiolifefm.com.br\/noticias\/wp-json\/wp\/v2\/media\/117016"}],"wp:attachment":[{"href":"https:\/\/radiolifefm.com.br\/noticias\/wp-json\/wp\/v2\/media?parent=117015"}],"wp:term":[{"taxonomy":"category","embeddable":true,"href":"https:\/\/radiolifefm.com.br\/noticias\/wp-json\/wp\/v2\/categories?post=117015"},{"taxonomy":"post_tag","embeddable":true,"href":"https:\/\/radiolifefm.com.br\/noticias\/wp-json\/wp\/v2\/tags?post=117015"}],"curies":[{"name":"wp","href":"https:\/\/api.w.org\/{rel}","templated":true}]}}