{"id":117012,"date":"2026-03-06T11:26:33","date_gmt":"2026-03-06T14:26:33","guid":{"rendered":"https:\/\/radiolifefm.com.br\/noticias\/?p=117012"},"modified":"2026-04-28T03:04:37","modified_gmt":"2026-04-28T06:04:37","slug":"acao-especial-nas-unidades-basicas-de-saude-de-adamantina-marcara-o-marco-lilas","status":"publish","type":"post","link":"https:\/\/radiolifefm.com.br\/noticias\/acao-especial-nas-unidades-basicas-de-saude-de-adamantina-marcara-o-marco-lilas\/","title":{"rendered":"A\u00e7\u00e3o especial nas Unidades B\u00e1sicas de Sa\u00fade de Adamantina marcar\u00e1 o \u201cMar\u00e7o Lil\u00e1s\u201d"},"content":{"rendered":"<div id=\"fb-root\"><\/div>\n<p>O Mar\u00e7o Lil\u00e1s \u00e9 o m\u00eas de preven\u00e7\u00e3o ao c\u00e2ncer de colo de \u00fatero e a Prefeitura de Adamantina, por meio da Secretaria Municipal de Sa\u00fade, vai realizar no dia 24 de mar\u00e7o em todas as Unidades de Sa\u00fade da cidade, uma A\u00e7\u00e3o Especial de Cuidado para as mulheres. O atendimento ter\u00e1 hor\u00e1rio estendido at\u00e9 \u00e0s 20h e durante a a\u00e7\u00e3o as mulheres v\u00e3o contar com coleta de exame preventivo (Papanicolau), atualiza\u00e7\u00e3o da carteira de vacina\u00e7\u00e3o e testes r\u00e1pidos. A extens\u00e3o do hor\u00e1rio de atendimento foi adotada porque durante a rotina corrida, como trabalho, fam\u00edlia, casa, muitas vezes a mulher acaba deixando a sa\u00fade para depois. \u00c9 preciso lembrar que cuidar de si mesma \u00e9 um ato de amor, mulheres previnam-se, procurem a UBS mais pr\u00f3xima e participem.<\/p>\n<p>S\u00e3o 8 UBS, totalizando 11 equipes a disposi\u00e7\u00e3o da comunidade, UBS NOVE DE JULHO, UBS M\u00c1RIO COVAS, UBS VILA JARDIM, UBS CECAP, UBS VILA CICMA, UBS JARDIM BRASIL, UBS DORIGO, UBS JARDIM ADAMANTINA.<\/p>\n<p>No ano de 2025 foram realizadas 1187 coletas de exames preventivos, sendo aproximadamente 25% (290) nos meses entre os meses de mar\u00e7o e outubro.<\/p>\n<p>&nbsp;<\/p>\n<p>&nbsp;<\/p>\n<p><strong>Informa\u00e7\u00f5es importantes<\/strong><\/p>\n<p>&nbsp;<\/p>\n<p>Dados do Minist\u00e9rio da Sa\u00fade mostram informa\u00e7\u00f5es importantes \u00e9 preciso aten\u00e7\u00e3o.<\/p>\n<p>&nbsp;<\/p>\n<p><strong>que \u00e9 c\u00e2ncer do colo do \u00fatero?<\/strong><\/p>\n<p>\u00c9 um tumor (multiplica\u00e7\u00e3o anormal das c\u00e9lulas) que se desenvolve na parte inferior do \u00fatero, chamada \u201ccolo\u201d, que fica no fundo da vagina.<\/p>\n<p>&nbsp;<\/p>\n<p><strong>O que causa essa doen\u00e7a?<\/strong><\/p>\n<p>A principal causa \u00e9 a infec\u00e7\u00e3o pelo HPV (Papilomav\u00edrus Humano), transmitido principalmente nas rela\u00e7\u00f5es sexuais. Existem muitos tipos de HPV, por\u00e9m apenas alguns s\u00e3o considerados de alto risco e podem causar c\u00e2ncer do colo do \u00fatero.<\/p>\n<p>Na maioria das vezes, o organismo elimina o v\u00edrus naturalmente. No entanto, quando a infec\u00e7\u00e3o por tipos de alto risco persiste por v\u00e1rios anos, podem surgir les\u00f5es no colo do \u00fatero que, se n\u00e3o tratadas, podem evoluir para c\u00e2ncer.<\/p>\n<p>Ou seja, o c\u00e2ncer n\u00e3o surge imediatamente. \u00c9 um processo lento e justamente por isso o exame preventivo funciona t\u00e3o bem: ele detecta a les\u00e3o antes de virar c\u00e2ncer.<\/p>\n<p>O tabagismo aumenta o risco, pois favorece a persist\u00eancia da infec\u00e7\u00e3o pelo HPV.<\/p>\n<p>&nbsp;<\/p>\n<p><strong>E o que as mulheres podem sentir?<\/strong><\/p>\n<p>Na fase inicial, geralmente n\u00e3o h\u00e1 sintomas. Em est\u00e1gios mais avan\u00e7ados podem ocorrer sangramento fora do per\u00edodo menstrual, sangramento ap\u00f3s rela\u00e7\u00e3o sexual, corrimento vaginal persistente e dor p\u00e9lvica<\/p>\n<p>Ao apresentar qualquer sintoma, a mulher deve procurar a Unidade B\u00e1sica de Sa\u00fade.<\/p>\n<p>&nbsp;<\/p>\n<p>&nbsp;<\/p>\n<p><strong>\u00c9 poss\u00edvel prevenir o c\u00e2ncer do colo do \u00fatero?<\/strong><\/p>\n<p>Sim! Por meio da vacina\u00e7\u00e3o contra o HPV, antes do in\u00edcio da vida sexual e do exame preventivo (Papanicolau). O uso do preservativo (camisinha) contribui para reduzir a transmiss\u00e3o do HPV. Essa prote\u00e7\u00e3o n\u00e3o \u00e9 total, pois o v\u00edrus passa no contato \u00edntimo durante as rela\u00e7\u00f5es sexuais, mesmo sem penetra\u00e7\u00e3o e entre pessoas do mesmo sexo.<\/p>\n<p>&nbsp;<\/p>\n<p><strong>Quem deve tomar a vacina contra o HPV?<\/strong><\/p>\n<p>Meninas e meninos de 9 a 14 anos, pois a prote\u00e7\u00e3o nesses grupos \u00e9 maior do que em adultos. A vacina protege contra os principais tipos de HPV causadores do c\u00e2ncer do colo do \u00fatero, mas n\u00e3o todos. Portanto, \u00e9 necess\u00e1rio que a mulher, mesmo vacinada, fa\u00e7a o exame preventivo na faixa de idade recomendada e use camisinha durante as rela\u00e7\u00f5es sexuais.<\/p>\n<p>&nbsp;<\/p>\n<p><strong>O que \u00e9 o exame preventivo?<\/strong><\/p>\n<p>\u00c9 um exame simples e r\u00e1pido, que identifica poss\u00edveis les\u00f5es causadas pelo HPV. \u00c9 colhido material do colo do \u00fatero e enviado para an\u00e1lise no laborat\u00f3rio.<\/p>\n<p>&nbsp;<\/p>\n<p><strong>Quem deve fazer o exame preventivo?<\/strong><\/p>\n<p>Mulheres entre 25 e 64 anos que j\u00e1 tiveram atividade sexual.<\/p>\n<p>&nbsp;<\/p>\n<p><strong>De quanto em quanto tempo o exame deve ser feito?<\/strong><\/p>\n<ul>\n<li>Os dois primeiros exames devem ser realizados com intervalo anual.<\/li>\n<li>Se ambos os resultados forem normais, o exame passa a ser realizado a cada tr\u00eas anos.<\/li>\n<\/ul>\n<p>E fora dessa faixa et\u00e1ria?<\/p>\n<p>Para mulheres com menos de 25 anos ou com mais de 64 anos, a realiza\u00e7\u00e3o do exame deve ocorrer conforme avalia\u00e7\u00e3o profissional individualizada, especialmente na presen\u00e7a de sinais, sintomas ou situa\u00e7\u00f5es cl\u00ednicas espec\u00edficas.<\/p>\n<p>Independentemente da idade, ao apresentar sintomas como sangramento fora do per\u00edodo menstrual, dor p\u00e9lvica, corrimento persistente ou qualquer outro sintoma ginecol\u00f3gico, a mulher deve procurar a Unidade B\u00e1sica de Sa\u00fade para avalia\u00e7\u00e3o.<\/p>\n<p>A consulta peri\u00f3dica continua sendo importante para o cuidado integral da sa\u00fade da mulher.<\/p>\n<p>&nbsp;<\/p>\n<p><strong>Onde encontrar a vacina?<\/strong><\/p>\n<p>A vacina e o exame preventivo est\u00e3o dispon\u00edveis na unidade b\u00e1sica de sa\u00fade pr\u00f3xima de sua casa. T\u00e3o importante quanto fazer o exame \u00e9 buscar o resultado.<\/p>\n<p>&#8212;<\/p>\n<p><strong>PREFEITURA DO MUNIC\u00cdPIO DE ADAMANTINA<br \/>\n<\/strong><\/p>\n<p><strong>Diretor de Comunica\u00e7\u00e3o<\/strong><\/p>\n<p><strong>Caio Vasques<\/strong><\/p>\n<p><strong>Jornalista\u00a0<\/strong><\/p>\n<p><strong>Natacha Dominato\u00a0\u00a0<\/strong><\/p>\n","protected":false},"excerpt":{"rendered":"<p>O Mar\u00e7o Lil\u00e1s \u00e9 o m\u00eas de preven\u00e7\u00e3o ao c\u00e2ncer de colo de \u00fatero e a Prefeitura de Adamantina, por meio da Secretaria Municipal de Sa\u00fade, vai realizar no dia 24 de mar\u00e7o em todas as Unidades de Sa\u00fade da cidade, uma A\u00e7\u00e3o Especial de Cuidado para as mulheres. O atendimento ter\u00e1 hor\u00e1rio estendido at\u00e9 [&hellip;]<\/p>\n","protected":false},"author":8,"featured_media":117013,"comment_status":"closed","ping_status":"open","sticky":false,"template":"","format":"standard","meta":{"_acf_changed":false,"_exactmetrics_skip_tracking":false,"_exactmetrics_sitenote_active":false,"_exactmetrics_sitenote_note":"","_exactmetrics_sitenote_category":0,"footnotes":""},"categories":[21],"tags":[],"class_list":["post-117012","post","type-post","status-publish","format-standard","has-post-thumbnail","hentry","category-adamantina"],"acf":[],"yoast_head":"<!-- This site is optimized with the Yoast SEO plugin v27.2 - https:\/\/yoast.com\/product\/yoast-seo-wordpress\/ -->\n<title>A\u00e7\u00e3o especial nas Unidades B\u00e1sicas de Sa\u00fade de Adamantina marcar\u00e1 o \u201cMar\u00e7o Lil\u00e1s\u201d - R\u00e1dio Life FM<\/title>\n<meta name=\"robots\" content=\"index, follow, max-snippet:-1, max-image-preview:large, max-video-preview:-1\" \/>\n<link rel=\"canonical\" href=\"https:\/\/radiolifefm.com.br\/noticias\/acao-especial-nas-unidades-basicas-de-saude-de-adamantina-marcara-o-marco-lilas\/\" \/>\n<meta property=\"og:locale\" content=\"pt_BR\" \/>\n<meta property=\"og:type\" content=\"article\" \/>\n<meta property=\"og:title\" content=\"A\u00e7\u00e3o especial nas Unidades B\u00e1sicas de Sa\u00fade de Adamantina marcar\u00e1 o \u201cMar\u00e7o Lil\u00e1s\u201d - R\u00e1dio Life FM\" \/>\n<meta property=\"og:description\" content=\"O Mar\u00e7o Lil\u00e1s \u00e9 o m\u00eas de preven\u00e7\u00e3o ao c\u00e2ncer de colo de \u00fatero e a Prefeitura de Adamantina, por meio da Secretaria Municipal de Sa\u00fade, vai realizar no dia 24 de mar\u00e7o em todas as Unidades de Sa\u00fade da cidade, uma A\u00e7\u00e3o Especial de Cuidado para as mulheres. O atendimento ter\u00e1 hor\u00e1rio estendido at\u00e9 [&hellip;]\" \/>\n<meta property=\"og:url\" content=\"https:\/\/radiolifefm.com.br\/noticias\/acao-especial-nas-unidades-basicas-de-saude-de-adamantina-marcara-o-marco-lilas\/\" \/>\n<meta property=\"og:site_name\" content=\"R\u00e1dio Life FM\" \/>\n<meta property=\"article:publisher\" content=\"https:\/\/www.facebook.com\/radiolifefm\/\" \/>\n<meta property=\"article:published_time\" content=\"2026-03-06T14:26:33+00:00\" \/>\n<meta property=\"article:modified_time\" content=\"2026-04-28T06:04:37+00:00\" \/>\n<meta property=\"og:image\" content=\"https:\/\/radiolifefm.com.br\/noticias\/wp-content\/uploads\/2026\/03\/WhatsApp-Image-2026-03-03-at-14.59.29.jpeg\" \/>\n\t<meta property=\"og:image:width\" content=\"1024\" \/>\n\t<meta property=\"og:image:height\" content=\"1024\" \/>\n\t<meta property=\"og:image:type\" content=\"image\/jpeg\" \/>\n<meta name=\"author\" content=\"joaograndao\" \/>\n<meta name=\"twitter:card\" content=\"summary_large_image\" \/>\n<meta name=\"twitter:label1\" content=\"Escrito por\" \/>\n\t<meta name=\"twitter:data1\" content=\"joaograndao\" \/>\n\t<meta name=\"twitter:label2\" content=\"Est. tempo de leitura\" \/>\n\t<meta name=\"twitter:data2\" content=\"5 minutos\" \/>\n<script type=\"application\/ld+json\" class=\"yoast-schema-graph\">{\"@context\":\"https:\/\/schema.org\",\"@graph\":[{\"@type\":\"Article\",\"@id\":\"https:\/\/radiolifefm.com.br\/noticias\/acao-especial-nas-unidades-basicas-de-saude-de-adamantina-marcara-o-marco-lilas\/#article\",\"isPartOf\":{\"@id\":\"https:\/\/radiolifefm.com.br\/noticias\/acao-especial-nas-unidades-basicas-de-saude-de-adamantina-marcara-o-marco-lilas\/\"},\"author\":{\"name\":\"joaograndao\",\"@id\":\"https:\/\/radiolifefm.com.br\/noticias\/#\/schema\/person\/6876e1240feffe6e1b63fd5cb85abf28\"},\"headline\":\"A\u00e7\u00e3o especial nas Unidades B\u00e1sicas de Sa\u00fade de Adamantina marcar\u00e1 o \u201cMar\u00e7o Lil\u00e1s\u201d\",\"datePublished\":\"2026-03-06T14:26:33+00:00\",\"dateModified\":\"2026-04-28T06:04:37+00:00\",\"mainEntityOfPage\":{\"@id\":\"https:\/\/radiolifefm.com.br\/noticias\/acao-especial-nas-unidades-basicas-de-saude-de-adamantina-marcara-o-marco-lilas\/\"},\"wordCount\":855,\"publisher\":{\"@id\":\"https:\/\/radiolifefm.com.br\/noticias\/#organization\"},\"image\":{\"@id\":\"https:\/\/radiolifefm.com.br\/noticias\/acao-especial-nas-unidades-basicas-de-saude-de-adamantina-marcara-o-marco-lilas\/#primaryimage\"},\"thumbnailUrl\":\"https:\/\/radiolifefm.com.br\/noticias\/wp-content\/uploads\/2026\/03\/WhatsApp-Image-2026-03-03-at-14.59.29.jpeg\",\"articleSection\":[\"Adamantina\"],\"inLanguage\":\"pt-BR\"},{\"@type\":\"WebPage\",\"@id\":\"https:\/\/radiolifefm.com.br\/noticias\/acao-especial-nas-unidades-basicas-de-saude-de-adamantina-marcara-o-marco-lilas\/\",\"url\":\"https:\/\/radiolifefm.com.br\/noticias\/acao-especial-nas-unidades-basicas-de-saude-de-adamantina-marcara-o-marco-lilas\/\",\"name\":\"A\u00e7\u00e3o especial nas Unidades B\u00e1sicas de Sa\u00fade de Adamantina marcar\u00e1 o \u201cMar\u00e7o Lil\u00e1s\u201d - R\u00e1dio Life FM\",\"isPartOf\":{\"@id\":\"https:\/\/radiolifefm.com.br\/noticias\/#website\"},\"primaryImageOfPage\":{\"@id\":\"https:\/\/radiolifefm.com.br\/noticias\/acao-especial-nas-unidades-basicas-de-saude-de-adamantina-marcara-o-marco-lilas\/#primaryimage\"},\"image\":{\"@id\":\"https:\/\/radiolifefm.com.br\/noticias\/acao-especial-nas-unidades-basicas-de-saude-de-adamantina-marcara-o-marco-lilas\/#primaryimage\"},\"thumbnailUrl\":\"https:\/\/radiolifefm.com.br\/noticias\/wp-content\/uploads\/2026\/03\/WhatsApp-Image-2026-03-03-at-14.59.29.jpeg\",\"datePublished\":\"2026-03-06T14:26:33+00:00\",\"dateModified\":\"2026-04-28T06:04:37+00:00\",\"breadcrumb\":{\"@id\":\"https:\/\/radiolifefm.com.br\/noticias\/acao-especial-nas-unidades-basicas-de-saude-de-adamantina-marcara-o-marco-lilas\/#breadcrumb\"},\"inLanguage\":\"pt-BR\",\"potentialAction\":[{\"@type\":\"ReadAction\",\"target\":[\"https:\/\/radiolifefm.com.br\/noticias\/acao-especial-nas-unidades-basicas-de-saude-de-adamantina-marcara-o-marco-lilas\/\"]}]},{\"@type\":\"ImageObject\",\"inLanguage\":\"pt-BR\",\"@id\":\"https:\/\/radiolifefm.com.br\/noticias\/acao-especial-nas-unidades-basicas-de-saude-de-adamantina-marcara-o-marco-lilas\/#primaryimage\",\"url\":\"https:\/\/radiolifefm.com.br\/noticias\/wp-content\/uploads\/2026\/03\/WhatsApp-Image-2026-03-03-at-14.59.29.jpeg\",\"contentUrl\":\"https:\/\/radiolifefm.com.br\/noticias\/wp-content\/uploads\/2026\/03\/WhatsApp-Image-2026-03-03-at-14.59.29.jpeg\",\"width\":1024,\"height\":1024},{\"@type\":\"BreadcrumbList\",\"@id\":\"https:\/\/radiolifefm.com.br\/noticias\/acao-especial-nas-unidades-basicas-de-saude-de-adamantina-marcara-o-marco-lilas\/#breadcrumb\",\"itemListElement\":[{\"@type\":\"ListItem\",\"position\":1,\"name\":\"In\u00edcio\",\"item\":\"https:\/\/radiolifefm.com.br\/noticias\/\"},{\"@type\":\"ListItem\",\"position\":2,\"name\":\"A\u00e7\u00e3o especial nas Unidades B\u00e1sicas de Sa\u00fade de Adamantina marcar\u00e1 o \u201cMar\u00e7o Lil\u00e1s\u201d\"}]},{\"@type\":\"WebSite\",\"@id\":\"https:\/\/radiolifefm.com.br\/noticias\/#website\",\"url\":\"https:\/\/radiolifefm.com.br\/noticias\/\",\"name\":\"R\u00e1dio Life FM\",\"description\":\"O Portal de Not\u00edcias de Adamantina\",\"publisher\":{\"@id\":\"https:\/\/radiolifefm.com.br\/noticias\/#organization\"},\"alternateName\":\"Life FM\",\"potentialAction\":[{\"@type\":\"SearchAction\",\"target\":{\"@type\":\"EntryPoint\",\"urlTemplate\":\"https:\/\/radiolifefm.com.br\/noticias\/?s={search_term_string}\"},\"query-input\":{\"@type\":\"PropertyValueSpecification\",\"valueRequired\":true,\"valueName\":\"search_term_string\"}}],\"inLanguage\":\"pt-BR\"},{\"@type\":\"Organization\",\"@id\":\"https:\/\/radiolifefm.com.br\/noticias\/#organization\",\"name\":\"R\u00e1dio Life FM\",\"alternateName\":\"Life FM\",\"url\":\"https:\/\/radiolifefm.com.br\/noticias\/\",\"logo\":{\"@type\":\"ImageObject\",\"inLanguage\":\"pt-BR\",\"@id\":\"https:\/\/radiolifefm.com.br\/noticias\/#\/schema\/logo\/image\/\",\"url\":\"https:\/\/static.radiolifefm.com.br\/noticias\/wp-content\/uploads\/2019\/10\/logo-lifefm.png\",\"contentUrl\":\"https:\/\/static.radiolifefm.com.br\/noticias\/wp-content\/uploads\/2019\/10\/logo-lifefm.png\",\"width\":196,\"height\":47,\"caption\":\"R\u00e1dio Life FM\"},\"image\":{\"@id\":\"https:\/\/radiolifefm.com.br\/noticias\/#\/schema\/logo\/image\/\"},\"sameAs\":[\"https:\/\/www.facebook.com\/radiolifefm\/\",\"https:\/\/www.instagram.com\/life1079fm\/\"]},{\"@type\":\"Person\",\"@id\":\"https:\/\/radiolifefm.com.br\/noticias\/#\/schema\/person\/6876e1240feffe6e1b63fd5cb85abf28\",\"name\":\"joaograndao\",\"image\":{\"@type\":\"ImageObject\",\"inLanguage\":\"pt-BR\",\"@id\":\"https:\/\/secure.gravatar.com\/avatar\/d5b1a3cf357ed9c50404e256a1294083aa8ab5d2a994001567302786016cb32c?s=96&d=mm&r=g\",\"url\":\"https:\/\/secure.gravatar.com\/avatar\/d5b1a3cf357ed9c50404e256a1294083aa8ab5d2a994001567302786016cb32c?s=96&d=mm&r=g\",\"contentUrl\":\"https:\/\/secure.gravatar.com\/avatar\/d5b1a3cf357ed9c50404e256a1294083aa8ab5d2a994001567302786016cb32c?s=96&d=mm&r=g\",\"caption\":\"joaograndao\"}}]}<\/script>\n<!-- \/ Yoast SEO plugin. -->","yoast_head_json":{"title":"A\u00e7\u00e3o especial nas Unidades B\u00e1sicas de Sa\u00fade de Adamantina marcar\u00e1 o \u201cMar\u00e7o Lil\u00e1s\u201d - R\u00e1dio Life FM","robots":{"index":"index","follow":"follow","max-snippet":"max-snippet:-1","max-image-preview":"max-image-preview:large","max-video-preview":"max-video-preview:-1"},"canonical":"https:\/\/radiolifefm.com.br\/noticias\/acao-especial-nas-unidades-basicas-de-saude-de-adamantina-marcara-o-marco-lilas\/","og_locale":"pt_BR","og_type":"article","og_title":"A\u00e7\u00e3o especial nas Unidades B\u00e1sicas de Sa\u00fade de Adamantina marcar\u00e1 o \u201cMar\u00e7o Lil\u00e1s\u201d - R\u00e1dio Life FM","og_description":"O Mar\u00e7o Lil\u00e1s \u00e9 o m\u00eas de preven\u00e7\u00e3o ao c\u00e2ncer de colo de \u00fatero e a Prefeitura de Adamantina, por meio da Secretaria Municipal de Sa\u00fade, vai realizar no dia 24 de mar\u00e7o em todas as Unidades de Sa\u00fade da cidade, uma A\u00e7\u00e3o Especial de Cuidado para as mulheres. O atendimento ter\u00e1 hor\u00e1rio estendido at\u00e9 [&hellip;]","og_url":"https:\/\/radiolifefm.com.br\/noticias\/acao-especial-nas-unidades-basicas-de-saude-de-adamantina-marcara-o-marco-lilas\/","og_site_name":"R\u00e1dio Life FM","article_publisher":"https:\/\/www.facebook.com\/radiolifefm\/","article_published_time":"2026-03-06T14:26:33+00:00","article_modified_time":"2026-04-28T06:04:37+00:00","og_image":[{"width":1024,"height":1024,"url":"https:\/\/radiolifefm.com.br\/noticias\/wp-content\/uploads\/2026\/03\/WhatsApp-Image-2026-03-03-at-14.59.29.jpeg","type":"image\/jpeg"}],"author":"joaograndao","twitter_card":"summary_large_image","twitter_misc":{"Escrito por":"joaograndao","Est. tempo de leitura":"5 minutos"},"schema":{"@context":"https:\/\/schema.org","@graph":[{"@type":"Article","@id":"https:\/\/radiolifefm.com.br\/noticias\/acao-especial-nas-unidades-basicas-de-saude-de-adamantina-marcara-o-marco-lilas\/#article","isPartOf":{"@id":"https:\/\/radiolifefm.com.br\/noticias\/acao-especial-nas-unidades-basicas-de-saude-de-adamantina-marcara-o-marco-lilas\/"},"author":{"name":"joaograndao","@id":"https:\/\/radiolifefm.com.br\/noticias\/#\/schema\/person\/6876e1240feffe6e1b63fd5cb85abf28"},"headline":"A\u00e7\u00e3o especial nas Unidades B\u00e1sicas de Sa\u00fade de Adamantina marcar\u00e1 o \u201cMar\u00e7o Lil\u00e1s\u201d","datePublished":"2026-03-06T14:26:33+00:00","dateModified":"2026-04-28T06:04:37+00:00","mainEntityOfPage":{"@id":"https:\/\/radiolifefm.com.br\/noticias\/acao-especial-nas-unidades-basicas-de-saude-de-adamantina-marcara-o-marco-lilas\/"},"wordCount":855,"publisher":{"@id":"https:\/\/radiolifefm.com.br\/noticias\/#organization"},"image":{"@id":"https:\/\/radiolifefm.com.br\/noticias\/acao-especial-nas-unidades-basicas-de-saude-de-adamantina-marcara-o-marco-lilas\/#primaryimage"},"thumbnailUrl":"https:\/\/radiolifefm.com.br\/noticias\/wp-content\/uploads\/2026\/03\/WhatsApp-Image-2026-03-03-at-14.59.29.jpeg","articleSection":["Adamantina"],"inLanguage":"pt-BR"},{"@type":"WebPage","@id":"https:\/\/radiolifefm.com.br\/noticias\/acao-especial-nas-unidades-basicas-de-saude-de-adamantina-marcara-o-marco-lilas\/","url":"https:\/\/radiolifefm.com.br\/noticias\/acao-especial-nas-unidades-basicas-de-saude-de-adamantina-marcara-o-marco-lilas\/","name":"A\u00e7\u00e3o especial nas Unidades B\u00e1sicas de Sa\u00fade de Adamantina marcar\u00e1 o \u201cMar\u00e7o Lil\u00e1s\u201d - R\u00e1dio Life FM","isPartOf":{"@id":"https:\/\/radiolifefm.com.br\/noticias\/#website"},"primaryImageOfPage":{"@id":"https:\/\/radiolifefm.com.br\/noticias\/acao-especial-nas-unidades-basicas-de-saude-de-adamantina-marcara-o-marco-lilas\/#primaryimage"},"image":{"@id":"https:\/\/radiolifefm.com.br\/noticias\/acao-especial-nas-unidades-basicas-de-saude-de-adamantina-marcara-o-marco-lilas\/#primaryimage"},"thumbnailUrl":"https:\/\/radiolifefm.com.br\/noticias\/wp-content\/uploads\/2026\/03\/WhatsApp-Image-2026-03-03-at-14.59.29.jpeg","datePublished":"2026-03-06T14:26:33+00:00","dateModified":"2026-04-28T06:04:37+00:00","breadcrumb":{"@id":"https:\/\/radiolifefm.com.br\/noticias\/acao-especial-nas-unidades-basicas-de-saude-de-adamantina-marcara-o-marco-lilas\/#breadcrumb"},"inLanguage":"pt-BR","potentialAction":[{"@type":"ReadAction","target":["https:\/\/radiolifefm.com.br\/noticias\/acao-especial-nas-unidades-basicas-de-saude-de-adamantina-marcara-o-marco-lilas\/"]}]},{"@type":"ImageObject","inLanguage":"pt-BR","@id":"https:\/\/radiolifefm.com.br\/noticias\/acao-especial-nas-unidades-basicas-de-saude-de-adamantina-marcara-o-marco-lilas\/#primaryimage","url":"https:\/\/radiolifefm.com.br\/noticias\/wp-content\/uploads\/2026\/03\/WhatsApp-Image-2026-03-03-at-14.59.29.jpeg","contentUrl":"https:\/\/radiolifefm.com.br\/noticias\/wp-content\/uploads\/2026\/03\/WhatsApp-Image-2026-03-03-at-14.59.29.jpeg","width":1024,"height":1024},{"@type":"BreadcrumbList","@id":"https:\/\/radiolifefm.com.br\/noticias\/acao-especial-nas-unidades-basicas-de-saude-de-adamantina-marcara-o-marco-lilas\/#breadcrumb","itemListElement":[{"@type":"ListItem","position":1,"name":"In\u00edcio","item":"https:\/\/radiolifefm.com.br\/noticias\/"},{"@type":"ListItem","position":2,"name":"A\u00e7\u00e3o especial nas Unidades B\u00e1sicas de Sa\u00fade de Adamantina marcar\u00e1 o \u201cMar\u00e7o Lil\u00e1s\u201d"}]},{"@type":"WebSite","@id":"https:\/\/radiolifefm.com.br\/noticias\/#website","url":"https:\/\/radiolifefm.com.br\/noticias\/","name":"R\u00e1dio Life FM","description":"O Portal de Not\u00edcias de Adamantina","publisher":{"@id":"https:\/\/radiolifefm.com.br\/noticias\/#organization"},"alternateName":"Life FM","potentialAction":[{"@type":"SearchAction","target":{"@type":"EntryPoint","urlTemplate":"https:\/\/radiolifefm.com.br\/noticias\/?s={search_term_string}"},"query-input":{"@type":"PropertyValueSpecification","valueRequired":true,"valueName":"search_term_string"}}],"inLanguage":"pt-BR"},{"@type":"Organization","@id":"https:\/\/radiolifefm.com.br\/noticias\/#organization","name":"R\u00e1dio Life FM","alternateName":"Life FM","url":"https:\/\/radiolifefm.com.br\/noticias\/","logo":{"@type":"ImageObject","inLanguage":"pt-BR","@id":"https:\/\/radiolifefm.com.br\/noticias\/#\/schema\/logo\/image\/","url":"https:\/\/static.radiolifefm.com.br\/noticias\/wp-content\/uploads\/2019\/10\/logo-lifefm.png","contentUrl":"https:\/\/static.radiolifefm.com.br\/noticias\/wp-content\/uploads\/2019\/10\/logo-lifefm.png","width":196,"height":47,"caption":"R\u00e1dio Life FM"},"image":{"@id":"https:\/\/radiolifefm.com.br\/noticias\/#\/schema\/logo\/image\/"},"sameAs":["https:\/\/www.facebook.com\/radiolifefm\/","https:\/\/www.instagram.com\/life1079fm\/"]},{"@type":"Person","@id":"https:\/\/radiolifefm.com.br\/noticias\/#\/schema\/person\/6876e1240feffe6e1b63fd5cb85abf28","name":"joaograndao","image":{"@type":"ImageObject","inLanguage":"pt-BR","@id":"https:\/\/secure.gravatar.com\/avatar\/d5b1a3cf357ed9c50404e256a1294083aa8ab5d2a994001567302786016cb32c?s=96&d=mm&r=g","url":"https:\/\/secure.gravatar.com\/avatar\/d5b1a3cf357ed9c50404e256a1294083aa8ab5d2a994001567302786016cb32c?s=96&d=mm&r=g","contentUrl":"https:\/\/secure.gravatar.com\/avatar\/d5b1a3cf357ed9c50404e256a1294083aa8ab5d2a994001567302786016cb32c?s=96&d=mm&r=g","caption":"joaograndao"}}]}},"amp_enabled":true,"_links":{"self":[{"href":"https:\/\/radiolifefm.com.br\/noticias\/wp-json\/wp\/v2\/posts\/117012","targetHints":{"allow":["GET"]}}],"collection":[{"href":"https:\/\/radiolifefm.com.br\/noticias\/wp-json\/wp\/v2\/posts"}],"about":[{"href":"https:\/\/radiolifefm.com.br\/noticias\/wp-json\/wp\/v2\/types\/post"}],"author":[{"embeddable":true,"href":"https:\/\/radiolifefm.com.br\/noticias\/wp-json\/wp\/v2\/users\/8"}],"replies":[{"embeddable":true,"href":"https:\/\/radiolifefm.com.br\/noticias\/wp-json\/wp\/v2\/comments?post=117012"}],"version-history":[{"count":1,"href":"https:\/\/radiolifefm.com.br\/noticias\/wp-json\/wp\/v2\/posts\/117012\/revisions"}],"predecessor-version":[{"id":117014,"href":"https:\/\/radiolifefm.com.br\/noticias\/wp-json\/wp\/v2\/posts\/117012\/revisions\/117014"}],"wp:featuredmedia":[{"embeddable":true,"href":"https:\/\/radiolifefm.com.br\/noticias\/wp-json\/wp\/v2\/media\/117013"}],"wp:attachment":[{"href":"https:\/\/radiolifefm.com.br\/noticias\/wp-json\/wp\/v2\/media?parent=117012"}],"wp:term":[{"taxonomy":"category","embeddable":true,"href":"https:\/\/radiolifefm.com.br\/noticias\/wp-json\/wp\/v2\/categories?post=117012"},{"taxonomy":"post_tag","embeddable":true,"href":"https:\/\/radiolifefm.com.br\/noticias\/wp-json\/wp\/v2\/tags?post=117012"}],"curies":[{"name":"wp","href":"https:\/\/api.w.org\/{rel}","templated":true}]}}