{"id":117004,"date":"2026-03-06T08:36:41","date_gmt":"2026-03-06T11:36:41","guid":{"rendered":"https:\/\/radiolifefm.com.br\/noticias\/?p=117004"},"modified":"2026-04-27T22:24:54","modified_gmt":"2026-04-28T01:24:54","slug":"117004-2","status":"publish","type":"post","link":"https:\/\/radiolifefm.com.br\/noticias\/117004-2\/","title":{"rendered":""},"content":{"rendered":"<div id=\"fb-root\"><\/div>\n<p>Na madrugada da \u00faltima ter\u00e7a-feira (3), moradores de v\u00e1rias regi\u00f5es do Brasil puderam acompanhar um espet\u00e1culo raro no c\u00e9u: o primeiro eclipse lunar total de 2026, popularmente conhecido como \u201cLua de Sangue\u201d. O fen\u00f4meno ocorreu entre aproximadamente 5h e 6h da manh\u00e3 (hor\u00e1rio de Bras\u00edlia), quando a Lua adquiriu um tom avermelhado ao atravessar a parte mais escura da sombra da Terra.<\/p>\n<p>&nbsp;<\/p>\n<p>Durante um Eclipse lunar total de 3 de mar\u00e7o de 2026, a Terra se posiciona exatamente entre o Sol e a Lua, projetando sua sombra sobre o sat\u00e9lite natural. Nesse momento, a Lua passa pela regi\u00e3o mais escura dessa sombra, chamada Umbra (astronomia), o que provoca a colora\u00e7\u00e3o avermelhada caracter\u00edstica do fen\u00f4meno.<\/p>\n<p>&nbsp;<\/p>\n<p><strong>Visibilidade limitada no Brasil<\/strong><\/p>\n<p>&nbsp;<\/p>\n<p>Apesar de ter sido vis\u00edvel em todo o territ\u00f3rio brasileiro, o eclipse ocorreu pr\u00f3ximo ao amanhecer, o que limitou a observa\u00e7\u00e3o em diversas cidades. Em muitas regi\u00f5es, a Lua j\u00e1 estava se aproximando do horizonte no momento das fases principais do eclipse, dificultando a visualiza\u00e7\u00e3o completa do fen\u00f4meno.<\/p>\n<p>&nbsp;<\/p>\n<p>Mesmo assim, moradores de cidades do interior paulista, como Adamantina, registraram imagens do evento nas redes sociais, compartilhando fotos e v\u00eddeos do breve momento em que a Lua assumiu a tonalidade avermelhada no c\u00e9u.<\/p>\n<p>&nbsp;<\/p>\n<p><strong>Por que a Lua fica vermelha?<\/strong><\/p>\n<p>&nbsp;<\/p>\n<p>A colora\u00e7\u00e3o avermelhada ocorre porque, durante o eclipse, a luz do Sol atravessa a atmosfera da Terra antes de alcan\u00e7ar a Lua. Nesse processo, as cores azuladas s\u00e3o dispersadas, enquanto os tons avermelhados conseguem atravessar e iluminar o sat\u00e9lite, criando o efeito visual conhecido como \u201cLua de Sangue\u201d.<\/p>\n<p>&nbsp;<\/p>\n<p><strong>Pr\u00f3ximos eclipses<\/strong><\/p>\n<p>&nbsp;<\/p>\n<p>Embora outros eclipses lunares ocorram nos pr\u00f3ximos anos, especialistas apontam que um eclipse lunar total com boa visibilidade no Brasil dever\u00e1 acontecer novamente apenas em 2029. At\u00e9 l\u00e1, alguns eclipses parciais e penumbrais ainda poder\u00e3o ser observados.<\/p>\n<p>&nbsp;<\/p>\n<p>Para os apaixonados por astronomia, o fen\u00f4meno da madrugada de ter\u00e7a-feira refor\u00e7a o fasc\u00ednio dos eventos celestes e mostra que, mesmo por poucos minutos, o c\u00e9u pode oferecer um verdadeiro espet\u00e1culo natural.<\/p>\n<p>&nbsp;<\/p>\n<p>Por Rita Nery<\/p>\n","protected":false},"excerpt":{"rendered":"<p>Na madrugada da \u00faltima ter\u00e7a-feira (3), moradores de v\u00e1rias regi\u00f5es do Brasil puderam acompanhar um espet\u00e1culo raro no c\u00e9u: o primeiro eclipse lunar total de 2026, popularmente conhecido como \u201cLua de Sangue\u201d. O fen\u00f4meno ocorreu entre aproximadamente 5h e 6h da manh\u00e3 (hor\u00e1rio de Bras\u00edlia), quando a Lua adquiriu um tom avermelhado ao atravessar a [&hellip;]<\/p>\n","protected":false},"author":8,"featured_media":117005,"comment_status":"closed","ping_status":"open","sticky":false,"template":"","format":"standard","meta":{"_acf_changed":false,"_exactmetrics_skip_tracking":false,"_exactmetrics_sitenote_active":false,"_exactmetrics_sitenote_note":"","_exactmetrics_sitenote_category":0,"footnotes":""},"categories":[21],"tags":[513],"class_list":["post-117004","post","type-post","status-publish","format-standard","has-post-thumbnail","hentry","category-adamantina","tag-lua-de-sangue-marca-o-primeiro-eclipse-lunar-total-de-2026"],"acf":[],"yoast_head":"<!-- This site is optimized with the Yoast SEO plugin v27.2 - https:\/\/yoast.com\/product\/yoast-seo-wordpress\/ -->\n<title>- R\u00e1dio Life FM<\/title>\n<meta name=\"robots\" content=\"index, follow, max-snippet:-1, max-image-preview:large, max-video-preview:-1\" \/>\n<link rel=\"canonical\" href=\"https:\/\/radiolifefm.com.br\/noticias\/117004-2\/\" \/>\n<meta property=\"og:locale\" content=\"pt_BR\" \/>\n<meta property=\"og:type\" content=\"article\" \/>\n<meta property=\"og:title\" content=\"- R\u00e1dio Life FM\" \/>\n<meta property=\"og:description\" content=\"Na madrugada da \u00faltima ter\u00e7a-feira (3), moradores de v\u00e1rias regi\u00f5es do Brasil puderam acompanhar um espet\u00e1culo raro no c\u00e9u: o primeiro eclipse lunar total de 2026, popularmente conhecido como \u201cLua de Sangue\u201d. O fen\u00f4meno ocorreu entre aproximadamente 5h e 6h da manh\u00e3 (hor\u00e1rio de Bras\u00edlia), quando a Lua adquiriu um tom avermelhado ao atravessar a [&hellip;]\" \/>\n<meta property=\"og:url\" content=\"https:\/\/radiolifefm.com.br\/noticias\/117004-2\/\" \/>\n<meta property=\"og:site_name\" content=\"R\u00e1dio Life FM\" \/>\n<meta property=\"article:publisher\" content=\"https:\/\/www.facebook.com\/radiolifefm\/\" \/>\n<meta property=\"article:published_time\" content=\"2026-03-06T11:36:41+00:00\" \/>\n<meta property=\"article:modified_time\" content=\"2026-04-28T01:24:54+00:00\" \/>\n<meta property=\"og:image\" content=\"https:\/\/radiolifefm.com.br\/noticias\/wp-content\/uploads\/2026\/03\/IMG-20260306-WA0044.jpg\" \/>\n\t<meta property=\"og:image:width\" content=\"984\" \/>\n\t<meta property=\"og:image:height\" content=\"553\" \/>\n\t<meta property=\"og:image:type\" content=\"image\/jpeg\" \/>\n<meta name=\"author\" content=\"joaograndao\" \/>\n<meta name=\"twitter:card\" content=\"summary_large_image\" \/>\n<meta name=\"twitter:label1\" content=\"Escrito por\" \/>\n\t<meta name=\"twitter:data1\" content=\"joaograndao\" \/>\n\t<meta name=\"twitter:label2\" content=\"Est. tempo de leitura\" \/>\n\t<meta name=\"twitter:data2\" content=\"3 minutos\" \/>\n<script type=\"application\/ld+json\" class=\"yoast-schema-graph\">{\"@context\":\"https:\/\/schema.org\",\"@graph\":[{\"@type\":\"Article\",\"@id\":\"https:\/\/radiolifefm.com.br\/noticias\/117004-2\/#article\",\"isPartOf\":{\"@id\":\"https:\/\/radiolifefm.com.br\/noticias\/117004-2\/\"},\"author\":{\"name\":\"joaograndao\",\"@id\":\"https:\/\/radiolifefm.com.br\/noticias\/#\/schema\/person\/6876e1240feffe6e1b63fd5cb85abf28\"},\"headline\":\"Sem t\u00edtulo\",\"datePublished\":\"2026-03-06T11:36:41+00:00\",\"dateModified\":\"2026-04-28T01:24:54+00:00\",\"mainEntityOfPage\":{\"@id\":\"https:\/\/radiolifefm.com.br\/noticias\/117004-2\/\"},\"wordCount\":369,\"publisher\":{\"@id\":\"https:\/\/radiolifefm.com.br\/noticias\/#organization\"},\"image\":{\"@id\":\"https:\/\/radiolifefm.com.br\/noticias\/117004-2\/#primaryimage\"},\"thumbnailUrl\":\"https:\/\/radiolifefm.com.br\/noticias\/wp-content\/uploads\/2026\/03\/IMG-20260306-WA0044.jpg\",\"keywords\":[\"Lua de Sangue\u201d marca o primeiro eclipse lunar total de 2026\"],\"articleSection\":[\"Adamantina\"],\"inLanguage\":\"pt-BR\"},{\"@type\":\"WebPage\",\"@id\":\"https:\/\/radiolifefm.com.br\/noticias\/117004-2\/\",\"url\":\"https:\/\/radiolifefm.com.br\/noticias\/117004-2\/\",\"name\":\"- R\u00e1dio Life FM\",\"isPartOf\":{\"@id\":\"https:\/\/radiolifefm.com.br\/noticias\/#website\"},\"primaryImageOfPage\":{\"@id\":\"https:\/\/radiolifefm.com.br\/noticias\/117004-2\/#primaryimage\"},\"image\":{\"@id\":\"https:\/\/radiolifefm.com.br\/noticias\/117004-2\/#primaryimage\"},\"thumbnailUrl\":\"https:\/\/radiolifefm.com.br\/noticias\/wp-content\/uploads\/2026\/03\/IMG-20260306-WA0044.jpg\",\"datePublished\":\"2026-03-06T11:36:41+00:00\",\"dateModified\":\"2026-04-28T01:24:54+00:00\",\"inLanguage\":\"pt-BR\",\"potentialAction\":[{\"@type\":\"ReadAction\",\"target\":[\"https:\/\/radiolifefm.com.br\/noticias\/117004-2\/\"]}]},{\"@type\":\"ImageObject\",\"inLanguage\":\"pt-BR\",\"@id\":\"https:\/\/radiolifefm.com.br\/noticias\/117004-2\/#primaryimage\",\"url\":\"https:\/\/radiolifefm.com.br\/noticias\/wp-content\/uploads\/2026\/03\/IMG-20260306-WA0044.jpg\",\"contentUrl\":\"https:\/\/radiolifefm.com.br\/noticias\/wp-content\/uploads\/2026\/03\/IMG-20260306-WA0044.jpg\",\"width\":984,\"height\":553},{\"@type\":\"WebSite\",\"@id\":\"https:\/\/radiolifefm.com.br\/noticias\/#website\",\"url\":\"https:\/\/radiolifefm.com.br\/noticias\/\",\"name\":\"R\u00e1dio Life FM\",\"description\":\"O Portal de Not\u00edcias de Adamantina\",\"publisher\":{\"@id\":\"https:\/\/radiolifefm.com.br\/noticias\/#organization\"},\"alternateName\":\"Life FM\",\"potentialAction\":[{\"@type\":\"SearchAction\",\"target\":{\"@type\":\"EntryPoint\",\"urlTemplate\":\"https:\/\/radiolifefm.com.br\/noticias\/?s={search_term_string}\"},\"query-input\":{\"@type\":\"PropertyValueSpecification\",\"valueRequired\":true,\"valueName\":\"search_term_string\"}}],\"inLanguage\":\"pt-BR\"},{\"@type\":\"Organization\",\"@id\":\"https:\/\/radiolifefm.com.br\/noticias\/#organization\",\"name\":\"R\u00e1dio Life FM\",\"alternateName\":\"Life FM\",\"url\":\"https:\/\/radiolifefm.com.br\/noticias\/\",\"logo\":{\"@type\":\"ImageObject\",\"inLanguage\":\"pt-BR\",\"@id\":\"https:\/\/radiolifefm.com.br\/noticias\/#\/schema\/logo\/image\/\",\"url\":\"https:\/\/static.radiolifefm.com.br\/noticias\/wp-content\/uploads\/2019\/10\/logo-lifefm.png\",\"contentUrl\":\"https:\/\/static.radiolifefm.com.br\/noticias\/wp-content\/uploads\/2019\/10\/logo-lifefm.png\",\"width\":196,\"height\":47,\"caption\":\"R\u00e1dio Life FM\"},\"image\":{\"@id\":\"https:\/\/radiolifefm.com.br\/noticias\/#\/schema\/logo\/image\/\"},\"sameAs\":[\"https:\/\/www.facebook.com\/radiolifefm\/\",\"https:\/\/www.instagram.com\/life1079fm\/\"]},{\"@type\":\"Person\",\"@id\":\"https:\/\/radiolifefm.com.br\/noticias\/#\/schema\/person\/6876e1240feffe6e1b63fd5cb85abf28\",\"name\":\"joaograndao\",\"image\":{\"@type\":\"ImageObject\",\"inLanguage\":\"pt-BR\",\"@id\":\"https:\/\/secure.gravatar.com\/avatar\/d5b1a3cf357ed9c50404e256a1294083aa8ab5d2a994001567302786016cb32c?s=96&d=mm&r=g\",\"url\":\"https:\/\/secure.gravatar.com\/avatar\/d5b1a3cf357ed9c50404e256a1294083aa8ab5d2a994001567302786016cb32c?s=96&d=mm&r=g\",\"contentUrl\":\"https:\/\/secure.gravatar.com\/avatar\/d5b1a3cf357ed9c50404e256a1294083aa8ab5d2a994001567302786016cb32c?s=96&d=mm&r=g\",\"caption\":\"joaograndao\"}}]}<\/script>\n<!-- \/ Yoast SEO plugin. -->","yoast_head_json":{"title":"- R\u00e1dio Life FM","robots":{"index":"index","follow":"follow","max-snippet":"max-snippet:-1","max-image-preview":"max-image-preview:large","max-video-preview":"max-video-preview:-1"},"canonical":"https:\/\/radiolifefm.com.br\/noticias\/117004-2\/","og_locale":"pt_BR","og_type":"article","og_title":"- R\u00e1dio Life FM","og_description":"Na madrugada da \u00faltima ter\u00e7a-feira (3), moradores de v\u00e1rias regi\u00f5es do Brasil puderam acompanhar um espet\u00e1culo raro no c\u00e9u: o primeiro eclipse lunar total de 2026, popularmente conhecido como \u201cLua de Sangue\u201d. O fen\u00f4meno ocorreu entre aproximadamente 5h e 6h da manh\u00e3 (hor\u00e1rio de Bras\u00edlia), quando a Lua adquiriu um tom avermelhado ao atravessar a [&hellip;]","og_url":"https:\/\/radiolifefm.com.br\/noticias\/117004-2\/","og_site_name":"R\u00e1dio Life FM","article_publisher":"https:\/\/www.facebook.com\/radiolifefm\/","article_published_time":"2026-03-06T11:36:41+00:00","article_modified_time":"2026-04-28T01:24:54+00:00","og_image":[{"width":984,"height":553,"url":"https:\/\/radiolifefm.com.br\/noticias\/wp-content\/uploads\/2026\/03\/IMG-20260306-WA0044.jpg","type":"image\/jpeg"}],"author":"joaograndao","twitter_card":"summary_large_image","twitter_misc":{"Escrito por":"joaograndao","Est. tempo de leitura":"3 minutos"},"schema":{"@context":"https:\/\/schema.org","@graph":[{"@type":"Article","@id":"https:\/\/radiolifefm.com.br\/noticias\/117004-2\/#article","isPartOf":{"@id":"https:\/\/radiolifefm.com.br\/noticias\/117004-2\/"},"author":{"name":"joaograndao","@id":"https:\/\/radiolifefm.com.br\/noticias\/#\/schema\/person\/6876e1240feffe6e1b63fd5cb85abf28"},"headline":"Sem t\u00edtulo","datePublished":"2026-03-06T11:36:41+00:00","dateModified":"2026-04-28T01:24:54+00:00","mainEntityOfPage":{"@id":"https:\/\/radiolifefm.com.br\/noticias\/117004-2\/"},"wordCount":369,"publisher":{"@id":"https:\/\/radiolifefm.com.br\/noticias\/#organization"},"image":{"@id":"https:\/\/radiolifefm.com.br\/noticias\/117004-2\/#primaryimage"},"thumbnailUrl":"https:\/\/radiolifefm.com.br\/noticias\/wp-content\/uploads\/2026\/03\/IMG-20260306-WA0044.jpg","keywords":["Lua de Sangue\u201d marca o primeiro eclipse lunar total de 2026"],"articleSection":["Adamantina"],"inLanguage":"pt-BR"},{"@type":"WebPage","@id":"https:\/\/radiolifefm.com.br\/noticias\/117004-2\/","url":"https:\/\/radiolifefm.com.br\/noticias\/117004-2\/","name":"- R\u00e1dio Life FM","isPartOf":{"@id":"https:\/\/radiolifefm.com.br\/noticias\/#website"},"primaryImageOfPage":{"@id":"https:\/\/radiolifefm.com.br\/noticias\/117004-2\/#primaryimage"},"image":{"@id":"https:\/\/radiolifefm.com.br\/noticias\/117004-2\/#primaryimage"},"thumbnailUrl":"https:\/\/radiolifefm.com.br\/noticias\/wp-content\/uploads\/2026\/03\/IMG-20260306-WA0044.jpg","datePublished":"2026-03-06T11:36:41+00:00","dateModified":"2026-04-28T01:24:54+00:00","inLanguage":"pt-BR","potentialAction":[{"@type":"ReadAction","target":["https:\/\/radiolifefm.com.br\/noticias\/117004-2\/"]}]},{"@type":"ImageObject","inLanguage":"pt-BR","@id":"https:\/\/radiolifefm.com.br\/noticias\/117004-2\/#primaryimage","url":"https:\/\/radiolifefm.com.br\/noticias\/wp-content\/uploads\/2026\/03\/IMG-20260306-WA0044.jpg","contentUrl":"https:\/\/radiolifefm.com.br\/noticias\/wp-content\/uploads\/2026\/03\/IMG-20260306-WA0044.jpg","width":984,"height":553},{"@type":"WebSite","@id":"https:\/\/radiolifefm.com.br\/noticias\/#website","url":"https:\/\/radiolifefm.com.br\/noticias\/","name":"R\u00e1dio Life FM","description":"O Portal de Not\u00edcias de Adamantina","publisher":{"@id":"https:\/\/radiolifefm.com.br\/noticias\/#organization"},"alternateName":"Life FM","potentialAction":[{"@type":"SearchAction","target":{"@type":"EntryPoint","urlTemplate":"https:\/\/radiolifefm.com.br\/noticias\/?s={search_term_string}"},"query-input":{"@type":"PropertyValueSpecification","valueRequired":true,"valueName":"search_term_string"}}],"inLanguage":"pt-BR"},{"@type":"Organization","@id":"https:\/\/radiolifefm.com.br\/noticias\/#organization","name":"R\u00e1dio Life FM","alternateName":"Life FM","url":"https:\/\/radiolifefm.com.br\/noticias\/","logo":{"@type":"ImageObject","inLanguage":"pt-BR","@id":"https:\/\/radiolifefm.com.br\/noticias\/#\/schema\/logo\/image\/","url":"https:\/\/static.radiolifefm.com.br\/noticias\/wp-content\/uploads\/2019\/10\/logo-lifefm.png","contentUrl":"https:\/\/static.radiolifefm.com.br\/noticias\/wp-content\/uploads\/2019\/10\/logo-lifefm.png","width":196,"height":47,"caption":"R\u00e1dio Life FM"},"image":{"@id":"https:\/\/radiolifefm.com.br\/noticias\/#\/schema\/logo\/image\/"},"sameAs":["https:\/\/www.facebook.com\/radiolifefm\/","https:\/\/www.instagram.com\/life1079fm\/"]},{"@type":"Person","@id":"https:\/\/radiolifefm.com.br\/noticias\/#\/schema\/person\/6876e1240feffe6e1b63fd5cb85abf28","name":"joaograndao","image":{"@type":"ImageObject","inLanguage":"pt-BR","@id":"https:\/\/secure.gravatar.com\/avatar\/d5b1a3cf357ed9c50404e256a1294083aa8ab5d2a994001567302786016cb32c?s=96&d=mm&r=g","url":"https:\/\/secure.gravatar.com\/avatar\/d5b1a3cf357ed9c50404e256a1294083aa8ab5d2a994001567302786016cb32c?s=96&d=mm&r=g","contentUrl":"https:\/\/secure.gravatar.com\/avatar\/d5b1a3cf357ed9c50404e256a1294083aa8ab5d2a994001567302786016cb32c?s=96&d=mm&r=g","caption":"joaograndao"}}]}},"amp_enabled":true,"_links":{"self":[{"href":"https:\/\/radiolifefm.com.br\/noticias\/wp-json\/wp\/v2\/posts\/117004","targetHints":{"allow":["GET"]}}],"collection":[{"href":"https:\/\/radiolifefm.com.br\/noticias\/wp-json\/wp\/v2\/posts"}],"about":[{"href":"https:\/\/radiolifefm.com.br\/noticias\/wp-json\/wp\/v2\/types\/post"}],"author":[{"embeddable":true,"href":"https:\/\/radiolifefm.com.br\/noticias\/wp-json\/wp\/v2\/users\/8"}],"replies":[{"embeddable":true,"href":"https:\/\/radiolifefm.com.br\/noticias\/wp-json\/wp\/v2\/comments?post=117004"}],"version-history":[{"count":1,"href":"https:\/\/radiolifefm.com.br\/noticias\/wp-json\/wp\/v2\/posts\/117004\/revisions"}],"predecessor-version":[{"id":117006,"href":"https:\/\/radiolifefm.com.br\/noticias\/wp-json\/wp\/v2\/posts\/117004\/revisions\/117006"}],"wp:featuredmedia":[{"embeddable":true,"href":"https:\/\/radiolifefm.com.br\/noticias\/wp-json\/wp\/v2\/media\/117005"}],"wp:attachment":[{"href":"https:\/\/radiolifefm.com.br\/noticias\/wp-json\/wp\/v2\/media?parent=117004"}],"wp:term":[{"taxonomy":"category","embeddable":true,"href":"https:\/\/radiolifefm.com.br\/noticias\/wp-json\/wp\/v2\/categories?post=117004"},{"taxonomy":"post_tag","embeddable":true,"href":"https:\/\/radiolifefm.com.br\/noticias\/wp-json\/wp\/v2\/tags?post=117004"}],"curies":[{"name":"wp","href":"https:\/\/api.w.org\/{rel}","templated":true}]}}