{"id":116992,"date":"2026-03-05T19:09:40","date_gmt":"2026-03-05T22:09:40","guid":{"rendered":"https:\/\/radiolifefm.com.br\/noticias\/?p=116992"},"modified":"2026-04-26T11:13:36","modified_gmt":"2026-04-26T14:13:36","slug":"moradores-do-bairro-california-criam-metodo-para-alertar-motoristas-e-cobram-solucao-para-ponto-perigoso-na-avenida-santos-dumont","status":"publish","type":"post","link":"https:\/\/radiolifefm.com.br\/noticias\/moradores-do-bairro-california-criam-metodo-para-alertar-motoristas-e-cobram-solucao-para-ponto-perigoso-na-avenida-santos-dumont\/","title":{"rendered":"Moradores do bairro Calif\u00f3rnia criam m\u00e9todo para alertar motoristas e cobram solu\u00e7\u00e3o para ponto perigoso na Avenida Santos Dumont"},"content":{"rendered":"<div id=\"fb-root\"><\/div>\n<p>Moradores do bairro Calif\u00f3rnia est\u00e3o demonstrando preocupa\u00e7\u00e3o e indigna\u00e7\u00e3o com a situa\u00e7\u00e3o de um trecho considerado perigoso na Avenida Santos Dumont, nas proximidades do A\u00e7o Emp\u00f3rio Calif\u00f3rnia. Segundo relatos da comunidade, a lombada que existia no local foi retirada h\u00e1 cerca de um ano e, desde ent\u00e3o, nenhuma outra medida de redu\u00e7\u00e3o de velocidade foi implantada pela prefeitura.<\/p>\n<p>De acordo com os moradores, o dispositivo era fundamental para diminuir a velocidade dos ve\u00edculos que passam pelo local. Com a retirada da lombada, condutores passaram a trafegar em alta velocidade, aumentando o risco de acidentes no cruzamento das vias.<\/p>\n<p>Diante da demora por uma solu\u00e7\u00e3o, alguns moradores decidiram criar um m\u00e9todo improvisado para alertar os motoristas e tentar reduzir a velocidade no trecho considerado cr\u00edtico. A iniciativa surgiu como forma de prevenir novos acidentes e chamar a aten\u00e7\u00e3o das autoridades para o problema.<\/p>\n<p>Ainda segundo os moradores, durante esse per\u00edodo j\u00e1 foram realizadas tentativas de di\u00e1logo com o poder p\u00fablico. Eles afirmam que chegaram a participar de reuni\u00e3o com o prefeito municipal para apresentar a situa\u00e7\u00e3o e pedir provid\u00eancias, por\u00e9m, at\u00e9 o momento, nenhuma solu\u00e7\u00e3o definitiva foi implantada.<\/p>\n<p>A comunidade relata que acidentes j\u00e1 foram registrados no cruzamento, o que aumenta ainda mais a apreens\u00e3o de quem mora ou circula diariamente pelo local. Para os moradores, a aus\u00eancia de medidas de seguran\u00e7a vi\u00e1ria demonstra descaso com a popula\u00e7\u00e3o e coloca em risco pedestres, ciclistas e motoristas.<\/p>\n<p>Diante da situa\u00e7\u00e3o, os moradores do bairro Calif\u00f3rnia pedem que a prefeitura avalie com urg\u00eancia o trecho da Avenida Santos Dumont e adote medidas que garantam mais seguran\u00e7a no tr\u00e2nsito, como a instala\u00e7\u00e3o de nova lombada ou outro mecanismo de controle de velocidade.<\/p>\n<p>&nbsp;<\/p>\n<p>As informa\u00e7\u00f5es desta mat\u00e9ria foram repassadas pelo morador Anderson Vitorino, CPF 224 880 728.77<\/p>\n<p>&nbsp;<\/p>\n<p>&nbsp;<\/p>\n<p><img loading=\"lazy\" decoding=\"async\" class=\"alignnone size-medium wp-image-117000\" src=\"https:\/\/radiolifefm.com.br\/noticias\/wp-content\/uploads\/2026\/03\/IMG-20260305-WA0087-300x169.jpg\" alt=\"\" width=\"300\" height=\"169\" srcset=\"https:\/\/radiolifefm.com.br\/noticias\/wp-content\/uploads\/2026\/03\/IMG-20260305-WA0087-300x169.jpg 300w, https:\/\/radiolifefm.com.br\/noticias\/wp-content\/uploads\/2026\/03\/IMG-20260305-WA0087-1024x576.jpg 1024w, https:\/\/radiolifefm.com.br\/noticias\/wp-content\/uploads\/2026\/03\/IMG-20260305-WA0087-768x432.jpg 768w, https:\/\/radiolifefm.com.br\/noticias\/wp-content\/uploads\/2026\/03\/IMG-20260305-WA0087.jpg 1280w\" sizes=\"auto, (max-width: 300px) 100vw, 300px\" \/> <img loading=\"lazy\" decoding=\"async\" class=\"alignnone size-medium wp-image-117001\" src=\"https:\/\/radiolifefm.com.br\/noticias\/wp-content\/uploads\/2026\/03\/IMG-20260305-WA0086-1-300x169.jpg\" alt=\"\" width=\"300\" height=\"169\" srcset=\"https:\/\/radiolifefm.com.br\/noticias\/wp-content\/uploads\/2026\/03\/IMG-20260305-WA0086-1-300x169.jpg 300w, https:\/\/radiolifefm.com.br\/noticias\/wp-content\/uploads\/2026\/03\/IMG-20260305-WA0086-1-1024x576.jpg 1024w, https:\/\/radiolifefm.com.br\/noticias\/wp-content\/uploads\/2026\/03\/IMG-20260305-WA0086-1-768x432.jpg 768w, https:\/\/radiolifefm.com.br\/noticias\/wp-content\/uploads\/2026\/03\/IMG-20260305-WA0086-1.jpg 1280w\" sizes=\"auto, (max-width: 300px) 100vw, 300px\" \/><\/p>\n<p>&nbsp;<\/p>\n<p>O setor de jornalismo da Life FM entrou em contato com a prefeitura que encaminhou a seguinte resposta.<\/p>\n<p>&nbsp;<\/p>\n<p>A Secretaria Municipal de Planejamento e Desenvolvimento informa que a demanda apresentada pelos moradores do bairro Calif\u00f3rnia Parque \u00e9 de conhecimento da administra\u00e7\u00e3o municipal e est\u00e1 sendo tratada dentro dos procedimentos t\u00e9cnicos e administrativos previstos para interven\u00e7\u00f5es no sistema vi\u00e1rio.<\/p>\n<p>&nbsp;<\/p>\n<p>O redutor de velocidade anteriormente existente na Rua Santos Dumont, na altura do n\u00famero 1.052, foi retirado em momento anterior por interferir diretamente nas manobras de acesso de um estabelecimento comercial instalado no local. Desde ent\u00e3o, a administra\u00e7\u00e3o municipal vem avaliando alternativas t\u00e9cnicas para reposicionar um dispositivo de redu\u00e7\u00e3o de velocidade que atenda \u00e0 seguran\u00e7a vi\u00e1ria sem comprometer a mobilidade da via.<\/p>\n<p>&nbsp;<\/p>\n<p>A reinstala\u00e7\u00e3o imediata do redutor no modelo convencional n\u00e3o foi realizada em raz\u00e3o da indisponibilidade de material adequado naquele momento. Paralelamente, o munic\u00edpio iniciou estudos e testes de um novo modelo de redutor de velocidade modular, popularmente conhecido como \u201clombada ecol\u00f3gica\u201d, que apresenta algumas vantagens operacionais importantes, tais como:<\/p>\n<p>&nbsp;<\/p>\n<p>instala\u00e7\u00e3o r\u00e1pida e limpa, sem necessidade de obras de concreto ou asfalto;<\/p>\n<p>&nbsp;<\/p>\n<p>redu\u00e7\u00e3o de desperd\u00edcio de material;<\/p>\n<p>&nbsp;<\/p>\n<p>possibilidade de remo\u00e7\u00e3o e reinstala\u00e7\u00e3o em outro ponto da cidade, caso haja necessidade t\u00e9cnica;<\/p>\n<p>&nbsp;<\/p>\n<p>menor tempo de execu\u00e7\u00e3o e menor demanda de m\u00e3o de obra;<\/p>\n<p>&nbsp;<\/p>\n<p>manuten\u00e7\u00e3o mais simples e maior flexibilidade de uso pela administra\u00e7\u00e3o p\u00fablica.<\/p>\n<p>&nbsp;<\/p>\n<p>&nbsp;<\/p>\n<p>At\u00e9 o momento, o munic\u00edpio realizou a instala\u00e7\u00e3o experimental de apenas um dispositivo desse modelo, localizado nas proximidades da Farm\u00e1cia Municipal, justamente para avalia\u00e7\u00e3o pr\u00e1tica do desempenho e da efici\u00eancia desse tipo de redutor.<\/p>\n<p>&nbsp;<\/p>\n<p>Com a aprova\u00e7\u00e3o do Or\u00e7amento Municipal de 2026, a Secretaria de Planejamento e Desenvolvimento, em conjunto com o Departamento de Tr\u00e2nsito, est\u00e1 providenciando a documenta\u00e7\u00e3o t\u00e9cnica necess\u00e1ria para abertura de processo licitat\u00f3rio visando \u00e0 aquisi\u00e7\u00e3o desses redutores modulares, que poder\u00e3o atender diferentes pontos da cidade conforme a necessidade identificada pelos estudos t\u00e9cnicos.<\/p>\n<p>&nbsp;<\/p>\n<p>Al\u00e9m disso, o tema ser\u00e1 analisado pela Comiss\u00e3o Municipal de Tr\u00e2nsito, que possui reuni\u00e3o agendada para o dia 09 de mar\u00e7o de 2026, ocasi\u00e3o em que ser\u00e1 deliberado sobre esta e outras demandas relacionadas \u00e0 seguran\u00e7a vi\u00e1ria no munic\u00edpio.<\/p>\n<p>&nbsp;<\/p>\n<p>Na sequ\u00eancia, est\u00e1 prevista uma reuni\u00e3o com lideran\u00e7as e moradores do bairro Calif\u00f3rnia Parque no dia 10 de mar\u00e7o de 2026, oportunidade em que ser\u00e3o apresentados os encaminhamentos t\u00e9cnicos e discutidas as alternativas para atendimento da demanda.<\/p>\n<p>&nbsp;<\/p>\n<p>A Prefeitura de Adamantina refor\u00e7a que todas as interven\u00e7\u00f5es no tr\u00e2nsito s\u00e3o realizadas com base em crit\u00e9rios t\u00e9cnicos e no planejamento da mobilidade urbana, sempre buscando garantir seguran\u00e7a para pedestres e motoristas, organiza\u00e7\u00e3o do tr\u00e1fego e efici\u00eancia na aplica\u00e7\u00e3o dos recursos p\u00fablicos.<\/p>\n<p>&nbsp;<\/p>\n<p>A administra\u00e7\u00e3o municipal tamb\u00e9m destaca que permanece sempre aberta ao di\u00e1logo, ouvindo as reivindica\u00e7\u00f5es e sugest\u00f5es da popula\u00e7\u00e3o, e seguir\u00e1 atenta \u00e0s necessidades da comunidade para buscar as melhores solu\u00e7\u00f5es para a cidade.<\/p>\n<p>&nbsp;<\/p>\n<p>A Secretaria permanece \u00e0 disposi\u00e7\u00e3o da popula\u00e7\u00e3o e da imprensa para prestar os esclarecimentos necess\u00e1rios.<\/p>\n<p>&nbsp;<\/p>\n<p>&nbsp;<\/p>\n","protected":false},"excerpt":{"rendered":"<p>Moradores do bairro Calif\u00f3rnia est\u00e3o demonstrando preocupa\u00e7\u00e3o e indigna\u00e7\u00e3o com a situa\u00e7\u00e3o de um trecho considerado perigoso na Avenida Santos Dumont, nas proximidades do A\u00e7o Emp\u00f3rio Calif\u00f3rnia. Segundo relatos da comunidade, a lombada que existia no local foi retirada h\u00e1 cerca de um ano e, desde ent\u00e3o, nenhuma outra medida de redu\u00e7\u00e3o de velocidade foi [&hellip;]<\/p>\n","protected":false},"author":13,"featured_media":116993,"comment_status":"closed","ping_status":"open","sticky":false,"template":"","format":"standard","meta":{"_acf_changed":false,"_exactmetrics_skip_tracking":false,"_exactmetrics_sitenote_active":false,"_exactmetrics_sitenote_note":"","_exactmetrics_sitenote_category":0,"footnotes":""},"categories":[21],"tags":[],"class_list":["post-116992","post","type-post","status-publish","format-standard","has-post-thumbnail","hentry","category-adamantina"],"acf":[],"yoast_head":"<!-- This site is optimized with the Yoast SEO plugin v27.2 - https:\/\/yoast.com\/product\/yoast-seo-wordpress\/ -->\n<title>Moradores do bairro Calif\u00f3rnia criam m\u00e9todo para alertar motoristas e cobram solu\u00e7\u00e3o para ponto perigoso na Avenida Santos Dumont - R\u00e1dio Life FM<\/title>\n<meta name=\"robots\" content=\"index, follow, max-snippet:-1, max-image-preview:large, max-video-preview:-1\" \/>\n<link rel=\"canonical\" href=\"https:\/\/radiolifefm.com.br\/noticias\/moradores-do-bairro-california-criam-metodo-para-alertar-motoristas-e-cobram-solucao-para-ponto-perigoso-na-avenida-santos-dumont\/\" \/>\n<meta property=\"og:locale\" content=\"pt_BR\" \/>\n<meta property=\"og:type\" content=\"article\" \/>\n<meta property=\"og:title\" content=\"Moradores do bairro Calif\u00f3rnia criam m\u00e9todo para alertar motoristas e cobram solu\u00e7\u00e3o para ponto perigoso na Avenida Santos Dumont - R\u00e1dio Life FM\" \/>\n<meta property=\"og:description\" content=\"Moradores do bairro Calif\u00f3rnia est\u00e3o demonstrando preocupa\u00e7\u00e3o e indigna\u00e7\u00e3o com a situa\u00e7\u00e3o de um trecho considerado perigoso na Avenida Santos Dumont, nas proximidades do A\u00e7o Emp\u00f3rio Calif\u00f3rnia. Segundo relatos da comunidade, a lombada que existia no local foi retirada h\u00e1 cerca de um ano e, desde ent\u00e3o, nenhuma outra medida de redu\u00e7\u00e3o de velocidade foi [&hellip;]\" \/>\n<meta property=\"og:url\" content=\"https:\/\/radiolifefm.com.br\/noticias\/moradores-do-bairro-california-criam-metodo-para-alertar-motoristas-e-cobram-solucao-para-ponto-perigoso-na-avenida-santos-dumont\/\" \/>\n<meta property=\"og:site_name\" content=\"R\u00e1dio Life FM\" \/>\n<meta property=\"article:publisher\" content=\"https:\/\/www.facebook.com\/radiolifefm\/\" \/>\n<meta property=\"article:published_time\" content=\"2026-03-05T22:09:40+00:00\" \/>\n<meta property=\"article:modified_time\" content=\"2026-04-26T14:13:36+00:00\" \/>\n<meta property=\"og:image\" content=\"https:\/\/radiolifefm.com.br\/noticias\/wp-content\/uploads\/2026\/03\/IMG-20260305-WA0085.jpg\" \/>\n\t<meta property=\"og:image:width\" content=\"1280\" \/>\n\t<meta property=\"og:image:height\" content=\"720\" \/>\n\t<meta property=\"og:image:type\" content=\"image\/jpeg\" \/>\n<meta name=\"author\" content=\"ritanery\" \/>\n<meta name=\"twitter:card\" content=\"summary_large_image\" \/>\n<meta name=\"twitter:label1\" content=\"Escrito por\" \/>\n\t<meta name=\"twitter:data1\" content=\"ritanery\" \/>\n\t<meta name=\"twitter:label2\" content=\"Est. tempo de leitura\" \/>\n\t<meta name=\"twitter:data2\" content=\"5 minutos\" \/>\n<script type=\"application\/ld+json\" class=\"yoast-schema-graph\">{\"@context\":\"https:\/\/schema.org\",\"@graph\":[{\"@type\":\"Article\",\"@id\":\"https:\/\/radiolifefm.com.br\/noticias\/moradores-do-bairro-california-criam-metodo-para-alertar-motoristas-e-cobram-solucao-para-ponto-perigoso-na-avenida-santos-dumont\/#article\",\"isPartOf\":{\"@id\":\"https:\/\/radiolifefm.com.br\/noticias\/moradores-do-bairro-california-criam-metodo-para-alertar-motoristas-e-cobram-solucao-para-ponto-perigoso-na-avenida-santos-dumont\/\"},\"author\":{\"name\":\"ritanery\",\"@id\":\"https:\/\/radiolifefm.com.br\/noticias\/#\/schema\/person\/6339b9fac59d12b071dec680d7375d87\"},\"headline\":\"Moradores do bairro Calif\u00f3rnia criam m\u00e9todo para alertar motoristas e cobram solu\u00e7\u00e3o para ponto perigoso na Avenida Santos Dumont\",\"datePublished\":\"2026-03-05T22:09:40+00:00\",\"dateModified\":\"2026-04-26T14:13:36+00:00\",\"mainEntityOfPage\":{\"@id\":\"https:\/\/radiolifefm.com.br\/noticias\/moradores-do-bairro-california-criam-metodo-para-alertar-motoristas-e-cobram-solucao-para-ponto-perigoso-na-avenida-santos-dumont\/\"},\"wordCount\":915,\"publisher\":{\"@id\":\"https:\/\/radiolifefm.com.br\/noticias\/#organization\"},\"image\":{\"@id\":\"https:\/\/radiolifefm.com.br\/noticias\/moradores-do-bairro-california-criam-metodo-para-alertar-motoristas-e-cobram-solucao-para-ponto-perigoso-na-avenida-santos-dumont\/#primaryimage\"},\"thumbnailUrl\":\"https:\/\/radiolifefm.com.br\/noticias\/wp-content\/uploads\/2026\/03\/IMG-20260305-WA0085.jpg\",\"articleSection\":[\"Adamantina\"],\"inLanguage\":\"pt-BR\"},{\"@type\":\"WebPage\",\"@id\":\"https:\/\/radiolifefm.com.br\/noticias\/moradores-do-bairro-california-criam-metodo-para-alertar-motoristas-e-cobram-solucao-para-ponto-perigoso-na-avenida-santos-dumont\/\",\"url\":\"https:\/\/radiolifefm.com.br\/noticias\/moradores-do-bairro-california-criam-metodo-para-alertar-motoristas-e-cobram-solucao-para-ponto-perigoso-na-avenida-santos-dumont\/\",\"name\":\"Moradores do bairro Calif\u00f3rnia criam m\u00e9todo para alertar motoristas e cobram solu\u00e7\u00e3o para ponto perigoso na Avenida Santos Dumont - R\u00e1dio Life FM\",\"isPartOf\":{\"@id\":\"https:\/\/radiolifefm.com.br\/noticias\/#website\"},\"primaryImageOfPage\":{\"@id\":\"https:\/\/radiolifefm.com.br\/noticias\/moradores-do-bairro-california-criam-metodo-para-alertar-motoristas-e-cobram-solucao-para-ponto-perigoso-na-avenida-santos-dumont\/#primaryimage\"},\"image\":{\"@id\":\"https:\/\/radiolifefm.com.br\/noticias\/moradores-do-bairro-california-criam-metodo-para-alertar-motoristas-e-cobram-solucao-para-ponto-perigoso-na-avenida-santos-dumont\/#primaryimage\"},\"thumbnailUrl\":\"https:\/\/radiolifefm.com.br\/noticias\/wp-content\/uploads\/2026\/03\/IMG-20260305-WA0085.jpg\",\"datePublished\":\"2026-03-05T22:09:40+00:00\",\"dateModified\":\"2026-04-26T14:13:36+00:00\",\"breadcrumb\":{\"@id\":\"https:\/\/radiolifefm.com.br\/noticias\/moradores-do-bairro-california-criam-metodo-para-alertar-motoristas-e-cobram-solucao-para-ponto-perigoso-na-avenida-santos-dumont\/#breadcrumb\"},\"inLanguage\":\"pt-BR\",\"potentialAction\":[{\"@type\":\"ReadAction\",\"target\":[\"https:\/\/radiolifefm.com.br\/noticias\/moradores-do-bairro-california-criam-metodo-para-alertar-motoristas-e-cobram-solucao-para-ponto-perigoso-na-avenida-santos-dumont\/\"]}]},{\"@type\":\"ImageObject\",\"inLanguage\":\"pt-BR\",\"@id\":\"https:\/\/radiolifefm.com.br\/noticias\/moradores-do-bairro-california-criam-metodo-para-alertar-motoristas-e-cobram-solucao-para-ponto-perigoso-na-avenida-santos-dumont\/#primaryimage\",\"url\":\"https:\/\/radiolifefm.com.br\/noticias\/wp-content\/uploads\/2026\/03\/IMG-20260305-WA0085.jpg\",\"contentUrl\":\"https:\/\/radiolifefm.com.br\/noticias\/wp-content\/uploads\/2026\/03\/IMG-20260305-WA0085.jpg\",\"width\":1280,\"height\":720},{\"@type\":\"BreadcrumbList\",\"@id\":\"https:\/\/radiolifefm.com.br\/noticias\/moradores-do-bairro-california-criam-metodo-para-alertar-motoristas-e-cobram-solucao-para-ponto-perigoso-na-avenida-santos-dumont\/#breadcrumb\",\"itemListElement\":[{\"@type\":\"ListItem\",\"position\":1,\"name\":\"In\u00edcio\",\"item\":\"https:\/\/radiolifefm.com.br\/noticias\/\"},{\"@type\":\"ListItem\",\"position\":2,\"name\":\"Moradores do bairro Calif\u00f3rnia criam m\u00e9todo para alertar motoristas e cobram solu\u00e7\u00e3o para ponto perigoso na Avenida Santos Dumont\"}]},{\"@type\":\"WebSite\",\"@id\":\"https:\/\/radiolifefm.com.br\/noticias\/#website\",\"url\":\"https:\/\/radiolifefm.com.br\/noticias\/\",\"name\":\"R\u00e1dio Life FM\",\"description\":\"O Portal de Not\u00edcias de Adamantina\",\"publisher\":{\"@id\":\"https:\/\/radiolifefm.com.br\/noticias\/#organization\"},\"alternateName\":\"Life FM\",\"potentialAction\":[{\"@type\":\"SearchAction\",\"target\":{\"@type\":\"EntryPoint\",\"urlTemplate\":\"https:\/\/radiolifefm.com.br\/noticias\/?s={search_term_string}\"},\"query-input\":{\"@type\":\"PropertyValueSpecification\",\"valueRequired\":true,\"valueName\":\"search_term_string\"}}],\"inLanguage\":\"pt-BR\"},{\"@type\":\"Organization\",\"@id\":\"https:\/\/radiolifefm.com.br\/noticias\/#organization\",\"name\":\"R\u00e1dio Life FM\",\"alternateName\":\"Life FM\",\"url\":\"https:\/\/radiolifefm.com.br\/noticias\/\",\"logo\":{\"@type\":\"ImageObject\",\"inLanguage\":\"pt-BR\",\"@id\":\"https:\/\/radiolifefm.com.br\/noticias\/#\/schema\/logo\/image\/\",\"url\":\"https:\/\/static.radiolifefm.com.br\/noticias\/wp-content\/uploads\/2019\/10\/logo-lifefm.png\",\"contentUrl\":\"https:\/\/static.radiolifefm.com.br\/noticias\/wp-content\/uploads\/2019\/10\/logo-lifefm.png\",\"width\":196,\"height\":47,\"caption\":\"R\u00e1dio Life FM\"},\"image\":{\"@id\":\"https:\/\/radiolifefm.com.br\/noticias\/#\/schema\/logo\/image\/\"},\"sameAs\":[\"https:\/\/www.facebook.com\/radiolifefm\/\",\"https:\/\/www.instagram.com\/life1079fm\/\"]},{\"@type\":\"Person\",\"@id\":\"https:\/\/radiolifefm.com.br\/noticias\/#\/schema\/person\/6339b9fac59d12b071dec680d7375d87\",\"name\":\"ritanery\",\"image\":{\"@type\":\"ImageObject\",\"inLanguage\":\"pt-BR\",\"@id\":\"https:\/\/secure.gravatar.com\/avatar\/0e37bb19071f47c0b8a23f62a903df117c5a0e75f65a0c2901562f97cd41cf86?s=96&d=mm&r=g\",\"url\":\"https:\/\/secure.gravatar.com\/avatar\/0e37bb19071f47c0b8a23f62a903df117c5a0e75f65a0c2901562f97cd41cf86?s=96&d=mm&r=g\",\"contentUrl\":\"https:\/\/secure.gravatar.com\/avatar\/0e37bb19071f47c0b8a23f62a903df117c5a0e75f65a0c2901562f97cd41cf86?s=96&d=mm&r=g\",\"caption\":\"ritanery\"}}]}<\/script>\n<!-- \/ Yoast SEO plugin. -->","yoast_head_json":{"title":"Moradores do bairro Calif\u00f3rnia criam m\u00e9todo para alertar motoristas e cobram solu\u00e7\u00e3o para ponto perigoso na Avenida Santos Dumont - R\u00e1dio Life FM","robots":{"index":"index","follow":"follow","max-snippet":"max-snippet:-1","max-image-preview":"max-image-preview:large","max-video-preview":"max-video-preview:-1"},"canonical":"https:\/\/radiolifefm.com.br\/noticias\/moradores-do-bairro-california-criam-metodo-para-alertar-motoristas-e-cobram-solucao-para-ponto-perigoso-na-avenida-santos-dumont\/","og_locale":"pt_BR","og_type":"article","og_title":"Moradores do bairro Calif\u00f3rnia criam m\u00e9todo para alertar motoristas e cobram solu\u00e7\u00e3o para ponto perigoso na Avenida Santos Dumont - R\u00e1dio Life FM","og_description":"Moradores do bairro Calif\u00f3rnia est\u00e3o demonstrando preocupa\u00e7\u00e3o e indigna\u00e7\u00e3o com a situa\u00e7\u00e3o de um trecho considerado perigoso na Avenida Santos Dumont, nas proximidades do A\u00e7o Emp\u00f3rio Calif\u00f3rnia. Segundo relatos da comunidade, a lombada que existia no local foi retirada h\u00e1 cerca de um ano e, desde ent\u00e3o, nenhuma outra medida de redu\u00e7\u00e3o de velocidade foi [&hellip;]","og_url":"https:\/\/radiolifefm.com.br\/noticias\/moradores-do-bairro-california-criam-metodo-para-alertar-motoristas-e-cobram-solucao-para-ponto-perigoso-na-avenida-santos-dumont\/","og_site_name":"R\u00e1dio Life FM","article_publisher":"https:\/\/www.facebook.com\/radiolifefm\/","article_published_time":"2026-03-05T22:09:40+00:00","article_modified_time":"2026-04-26T14:13:36+00:00","og_image":[{"width":1280,"height":720,"url":"https:\/\/radiolifefm.com.br\/noticias\/wp-content\/uploads\/2026\/03\/IMG-20260305-WA0085.jpg","type":"image\/jpeg"}],"author":"ritanery","twitter_card":"summary_large_image","twitter_misc":{"Escrito por":"ritanery","Est. tempo de leitura":"5 minutos"},"schema":{"@context":"https:\/\/schema.org","@graph":[{"@type":"Article","@id":"https:\/\/radiolifefm.com.br\/noticias\/moradores-do-bairro-california-criam-metodo-para-alertar-motoristas-e-cobram-solucao-para-ponto-perigoso-na-avenida-santos-dumont\/#article","isPartOf":{"@id":"https:\/\/radiolifefm.com.br\/noticias\/moradores-do-bairro-california-criam-metodo-para-alertar-motoristas-e-cobram-solucao-para-ponto-perigoso-na-avenida-santos-dumont\/"},"author":{"name":"ritanery","@id":"https:\/\/radiolifefm.com.br\/noticias\/#\/schema\/person\/6339b9fac59d12b071dec680d7375d87"},"headline":"Moradores do bairro Calif\u00f3rnia criam m\u00e9todo para alertar motoristas e cobram solu\u00e7\u00e3o para ponto perigoso na Avenida Santos Dumont","datePublished":"2026-03-05T22:09:40+00:00","dateModified":"2026-04-26T14:13:36+00:00","mainEntityOfPage":{"@id":"https:\/\/radiolifefm.com.br\/noticias\/moradores-do-bairro-california-criam-metodo-para-alertar-motoristas-e-cobram-solucao-para-ponto-perigoso-na-avenida-santos-dumont\/"},"wordCount":915,"publisher":{"@id":"https:\/\/radiolifefm.com.br\/noticias\/#organization"},"image":{"@id":"https:\/\/radiolifefm.com.br\/noticias\/moradores-do-bairro-california-criam-metodo-para-alertar-motoristas-e-cobram-solucao-para-ponto-perigoso-na-avenida-santos-dumont\/#primaryimage"},"thumbnailUrl":"https:\/\/radiolifefm.com.br\/noticias\/wp-content\/uploads\/2026\/03\/IMG-20260305-WA0085.jpg","articleSection":["Adamantina"],"inLanguage":"pt-BR"},{"@type":"WebPage","@id":"https:\/\/radiolifefm.com.br\/noticias\/moradores-do-bairro-california-criam-metodo-para-alertar-motoristas-e-cobram-solucao-para-ponto-perigoso-na-avenida-santos-dumont\/","url":"https:\/\/radiolifefm.com.br\/noticias\/moradores-do-bairro-california-criam-metodo-para-alertar-motoristas-e-cobram-solucao-para-ponto-perigoso-na-avenida-santos-dumont\/","name":"Moradores do bairro Calif\u00f3rnia criam m\u00e9todo para alertar motoristas e cobram solu\u00e7\u00e3o para ponto perigoso na Avenida Santos Dumont - R\u00e1dio Life FM","isPartOf":{"@id":"https:\/\/radiolifefm.com.br\/noticias\/#website"},"primaryImageOfPage":{"@id":"https:\/\/radiolifefm.com.br\/noticias\/moradores-do-bairro-california-criam-metodo-para-alertar-motoristas-e-cobram-solucao-para-ponto-perigoso-na-avenida-santos-dumont\/#primaryimage"},"image":{"@id":"https:\/\/radiolifefm.com.br\/noticias\/moradores-do-bairro-california-criam-metodo-para-alertar-motoristas-e-cobram-solucao-para-ponto-perigoso-na-avenida-santos-dumont\/#primaryimage"},"thumbnailUrl":"https:\/\/radiolifefm.com.br\/noticias\/wp-content\/uploads\/2026\/03\/IMG-20260305-WA0085.jpg","datePublished":"2026-03-05T22:09:40+00:00","dateModified":"2026-04-26T14:13:36+00:00","breadcrumb":{"@id":"https:\/\/radiolifefm.com.br\/noticias\/moradores-do-bairro-california-criam-metodo-para-alertar-motoristas-e-cobram-solucao-para-ponto-perigoso-na-avenida-santos-dumont\/#breadcrumb"},"inLanguage":"pt-BR","potentialAction":[{"@type":"ReadAction","target":["https:\/\/radiolifefm.com.br\/noticias\/moradores-do-bairro-california-criam-metodo-para-alertar-motoristas-e-cobram-solucao-para-ponto-perigoso-na-avenida-santos-dumont\/"]}]},{"@type":"ImageObject","inLanguage":"pt-BR","@id":"https:\/\/radiolifefm.com.br\/noticias\/moradores-do-bairro-california-criam-metodo-para-alertar-motoristas-e-cobram-solucao-para-ponto-perigoso-na-avenida-santos-dumont\/#primaryimage","url":"https:\/\/radiolifefm.com.br\/noticias\/wp-content\/uploads\/2026\/03\/IMG-20260305-WA0085.jpg","contentUrl":"https:\/\/radiolifefm.com.br\/noticias\/wp-content\/uploads\/2026\/03\/IMG-20260305-WA0085.jpg","width":1280,"height":720},{"@type":"BreadcrumbList","@id":"https:\/\/radiolifefm.com.br\/noticias\/moradores-do-bairro-california-criam-metodo-para-alertar-motoristas-e-cobram-solucao-para-ponto-perigoso-na-avenida-santos-dumont\/#breadcrumb","itemListElement":[{"@type":"ListItem","position":1,"name":"In\u00edcio","item":"https:\/\/radiolifefm.com.br\/noticias\/"},{"@type":"ListItem","position":2,"name":"Moradores do bairro Calif\u00f3rnia criam m\u00e9todo para alertar motoristas e cobram solu\u00e7\u00e3o para ponto perigoso na Avenida Santos Dumont"}]},{"@type":"WebSite","@id":"https:\/\/radiolifefm.com.br\/noticias\/#website","url":"https:\/\/radiolifefm.com.br\/noticias\/","name":"R\u00e1dio Life FM","description":"O Portal de Not\u00edcias de Adamantina","publisher":{"@id":"https:\/\/radiolifefm.com.br\/noticias\/#organization"},"alternateName":"Life FM","potentialAction":[{"@type":"SearchAction","target":{"@type":"EntryPoint","urlTemplate":"https:\/\/radiolifefm.com.br\/noticias\/?s={search_term_string}"},"query-input":{"@type":"PropertyValueSpecification","valueRequired":true,"valueName":"search_term_string"}}],"inLanguage":"pt-BR"},{"@type":"Organization","@id":"https:\/\/radiolifefm.com.br\/noticias\/#organization","name":"R\u00e1dio Life FM","alternateName":"Life FM","url":"https:\/\/radiolifefm.com.br\/noticias\/","logo":{"@type":"ImageObject","inLanguage":"pt-BR","@id":"https:\/\/radiolifefm.com.br\/noticias\/#\/schema\/logo\/image\/","url":"https:\/\/static.radiolifefm.com.br\/noticias\/wp-content\/uploads\/2019\/10\/logo-lifefm.png","contentUrl":"https:\/\/static.radiolifefm.com.br\/noticias\/wp-content\/uploads\/2019\/10\/logo-lifefm.png","width":196,"height":47,"caption":"R\u00e1dio Life FM"},"image":{"@id":"https:\/\/radiolifefm.com.br\/noticias\/#\/schema\/logo\/image\/"},"sameAs":["https:\/\/www.facebook.com\/radiolifefm\/","https:\/\/www.instagram.com\/life1079fm\/"]},{"@type":"Person","@id":"https:\/\/radiolifefm.com.br\/noticias\/#\/schema\/person\/6339b9fac59d12b071dec680d7375d87","name":"ritanery","image":{"@type":"ImageObject","inLanguage":"pt-BR","@id":"https:\/\/secure.gravatar.com\/avatar\/0e37bb19071f47c0b8a23f62a903df117c5a0e75f65a0c2901562f97cd41cf86?s=96&d=mm&r=g","url":"https:\/\/secure.gravatar.com\/avatar\/0e37bb19071f47c0b8a23f62a903df117c5a0e75f65a0c2901562f97cd41cf86?s=96&d=mm&r=g","contentUrl":"https:\/\/secure.gravatar.com\/avatar\/0e37bb19071f47c0b8a23f62a903df117c5a0e75f65a0c2901562f97cd41cf86?s=96&d=mm&r=g","caption":"ritanery"}}]}},"amp_enabled":true,"_links":{"self":[{"href":"https:\/\/radiolifefm.com.br\/noticias\/wp-json\/wp\/v2\/posts\/116992","targetHints":{"allow":["GET"]}}],"collection":[{"href":"https:\/\/radiolifefm.com.br\/noticias\/wp-json\/wp\/v2\/posts"}],"about":[{"href":"https:\/\/radiolifefm.com.br\/noticias\/wp-json\/wp\/v2\/types\/post"}],"author":[{"embeddable":true,"href":"https:\/\/radiolifefm.com.br\/noticias\/wp-json\/wp\/v2\/users\/13"}],"replies":[{"embeddable":true,"href":"https:\/\/radiolifefm.com.br\/noticias\/wp-json\/wp\/v2\/comments?post=116992"}],"version-history":[{"count":3,"href":"https:\/\/radiolifefm.com.br\/noticias\/wp-json\/wp\/v2\/posts\/116992\/revisions"}],"predecessor-version":[{"id":117002,"href":"https:\/\/radiolifefm.com.br\/noticias\/wp-json\/wp\/v2\/posts\/116992\/revisions\/117002"}],"wp:featuredmedia":[{"embeddable":true,"href":"https:\/\/radiolifefm.com.br\/noticias\/wp-json\/wp\/v2\/media\/116993"}],"wp:attachment":[{"href":"https:\/\/radiolifefm.com.br\/noticias\/wp-json\/wp\/v2\/media?parent=116992"}],"wp:term":[{"taxonomy":"category","embeddable":true,"href":"https:\/\/radiolifefm.com.br\/noticias\/wp-json\/wp\/v2\/categories?post=116992"},{"taxonomy":"post_tag","embeddable":true,"href":"https:\/\/radiolifefm.com.br\/noticias\/wp-json\/wp\/v2\/tags?post=116992"}],"curies":[{"name":"wp","href":"https:\/\/api.w.org\/{rel}","templated":true}]}}