{"id":116975,"date":"2026-03-05T07:57:44","date_gmt":"2026-03-05T10:57:44","guid":{"rendered":"https:\/\/radiolifefm.com.br\/noticias\/?p=116975"},"modified":"2026-04-19T23:54:15","modified_gmt":"2026-04-20T02:54:15","slug":"18a-copa-fai-tem-rodada-movimentada-e-marca-estreia-de-duas-equipes-na-competicao","status":"publish","type":"post","link":"https:\/\/radiolifefm.com.br\/noticias\/18a-copa-fai-tem-rodada-movimentada-e-marca-estreia-de-duas-equipes-na-competicao\/","title":{"rendered":"18\u00aa Copa FAI tem rodada movimentada e marca estreia de duas equipes na competi\u00e7\u00e3o"},"content":{"rendered":"<div id=\"fb-root\"><\/div>\n<p>A 5\u00aa rodada da 18\u00aa Copa FAI de Futsal, realizada na noite desta quarta-feira (4), no Gin\u00e1sio Paulo Camargo, em Adamantina, foi marcada por jogos movimentados e pela estreia das equipes Fh\u00eanix e Adamantina City na competi\u00e7\u00e3o.<\/p>\n<p>Na primeira partida da noite, o Rangers Rovers venceu o Arsenal pelo placar de 4 a 2, em um confronto equilibrado e com boas oportunidades para os dois lados.<\/p>\n<p>Na sequ\u00eancia, o destaque ficou para a estreia da equipe Fh\u00eanix, que iniciou sua participa\u00e7\u00e3o na competi\u00e7\u00e3o com vit\u00f3ria. O time superou o BAC\/Bastos por 2 a 1, mostrando bom entrosamento e efici\u00eancia nas finaliza\u00e7\u00f5es.<\/p>\n<p>Fechando a rodada, outra equipe que fez seu primeiro jogo na competi\u00e7\u00e3o tamb\u00e9m come\u00e7ou com o p\u00e9 direito. O Adamantina City venceu o Mari\u00e1polis por 6 a 3, em uma partida com muitos gols e ritmo intenso.<\/p>\n<p>A rodada refor\u00e7ou o equil\u00edbrio da competi\u00e7\u00e3o e a expectativa \u00e9 de mais grandes jogos nas pr\u00f3ximas rodadas da tradicional Copa FAI, que re\u00fane equipes da regi\u00e3o e movimenta o cen\u00e1rio esportivo de Adamantina.<\/p>\n<p>A competi\u00e7\u00e3o \u00e9 realizada no Gin\u00e1sio Paulo Camargo e conta com apoio da Prefeitura de Adamantina, por meio da Secretaria Municipal de Esportes, Lazer e Recrea\u00e7\u00e3o. \u26bd<\/p>\n<p>&nbsp;<\/p>\n<p>&nbsp;<\/p>\n<p>Por Rita Nery<\/p>\n","protected":false},"excerpt":{"rendered":"<p>A 5\u00aa rodada da 18\u00aa Copa FAI de Futsal, realizada na noite desta quarta-feira (4), no Gin\u00e1sio Paulo Camargo, em Adamantina, foi marcada por jogos movimentados e pela estreia das equipes Fh\u00eanix e Adamantina City na competi\u00e7\u00e3o. Na primeira partida da noite, o Rangers Rovers venceu o Arsenal pelo placar de 4 a 2, em [&hellip;]<\/p>\n","protected":false},"author":13,"featured_media":116976,"comment_status":"closed","ping_status":"open","sticky":false,"template":"","format":"standard","meta":{"_acf_changed":false,"_exactmetrics_skip_tracking":false,"_exactmetrics_sitenote_active":false,"_exactmetrics_sitenote_note":"","_exactmetrics_sitenote_category":0,"footnotes":""},"categories":[21,56],"tags":[],"class_list":["post-116975","post","type-post","status-publish","format-standard","has-post-thumbnail","hentry","category-adamantina","category-esporte"],"acf":[],"yoast_head":"<!-- This site is optimized with the Yoast SEO plugin v27.2 - https:\/\/yoast.com\/product\/yoast-seo-wordpress\/ -->\n<title>18\u00aa Copa FAI tem rodada movimentada e marca estreia de duas equipes na competi\u00e7\u00e3o - R\u00e1dio Life FM<\/title>\n<meta name=\"robots\" content=\"index, follow, max-snippet:-1, max-image-preview:large, max-video-preview:-1\" \/>\n<link rel=\"canonical\" href=\"https:\/\/radiolifefm.com.br\/noticias\/18a-copa-fai-tem-rodada-movimentada-e-marca-estreia-de-duas-equipes-na-competicao\/\" \/>\n<meta property=\"og:locale\" content=\"pt_BR\" \/>\n<meta property=\"og:type\" content=\"article\" \/>\n<meta property=\"og:title\" content=\"18\u00aa Copa FAI tem rodada movimentada e marca estreia de duas equipes na competi\u00e7\u00e3o - R\u00e1dio Life FM\" \/>\n<meta property=\"og:description\" content=\"A 5\u00aa rodada da 18\u00aa Copa FAI de Futsal, realizada na noite desta quarta-feira (4), no Gin\u00e1sio Paulo Camargo, em Adamantina, foi marcada por jogos movimentados e pela estreia das equipes Fh\u00eanix e Adamantina City na competi\u00e7\u00e3o. Na primeira partida da noite, o Rangers Rovers venceu o Arsenal pelo placar de 4 a 2, em [&hellip;]\" \/>\n<meta property=\"og:url\" content=\"https:\/\/radiolifefm.com.br\/noticias\/18a-copa-fai-tem-rodada-movimentada-e-marca-estreia-de-duas-equipes-na-competicao\/\" \/>\n<meta property=\"og:site_name\" content=\"R\u00e1dio Life FM\" \/>\n<meta property=\"article:publisher\" content=\"https:\/\/www.facebook.com\/radiolifefm\/\" \/>\n<meta property=\"article:published_time\" content=\"2026-03-05T10:57:44+00:00\" \/>\n<meta property=\"article:modified_time\" content=\"2026-04-20T02:54:15+00:00\" \/>\n<meta property=\"og:image\" content=\"https:\/\/radiolifefm.com.br\/noticias\/wp-content\/uploads\/2026\/03\/IMG-20260305-WA0007.jpg\" \/>\n\t<meta property=\"og:image:width\" content=\"1599\" \/>\n\t<meta property=\"og:image:height\" content=\"1071\" \/>\n\t<meta property=\"og:image:type\" content=\"image\/jpeg\" \/>\n<meta name=\"author\" content=\"ritanery\" \/>\n<meta name=\"twitter:card\" content=\"summary_large_image\" \/>\n<meta name=\"twitter:label1\" content=\"Escrito por\" \/>\n\t<meta name=\"twitter:data1\" content=\"ritanery\" \/>\n\t<meta name=\"twitter:label2\" content=\"Est. tempo de leitura\" \/>\n\t<meta name=\"twitter:data2\" content=\"2 minutos\" \/>\n<script type=\"application\/ld+json\" class=\"yoast-schema-graph\">{\"@context\":\"https:\/\/schema.org\",\"@graph\":[{\"@type\":\"Article\",\"@id\":\"https:\/\/radiolifefm.com.br\/noticias\/18a-copa-fai-tem-rodada-movimentada-e-marca-estreia-de-duas-equipes-na-competicao\/#article\",\"isPartOf\":{\"@id\":\"https:\/\/radiolifefm.com.br\/noticias\/18a-copa-fai-tem-rodada-movimentada-e-marca-estreia-de-duas-equipes-na-competicao\/\"},\"author\":{\"name\":\"ritanery\",\"@id\":\"https:\/\/radiolifefm.com.br\/noticias\/#\/schema\/person\/6339b9fac59d12b071dec680d7375d87\"},\"headline\":\"18\u00aa Copa FAI tem rodada movimentada e marca estreia de duas equipes na competi\u00e7\u00e3o\",\"datePublished\":\"2026-03-05T10:57:44+00:00\",\"dateModified\":\"2026-04-20T02:54:15+00:00\",\"mainEntityOfPage\":{\"@id\":\"https:\/\/radiolifefm.com.br\/noticias\/18a-copa-fai-tem-rodada-movimentada-e-marca-estreia-de-duas-equipes-na-competicao\/\"},\"wordCount\":231,\"publisher\":{\"@id\":\"https:\/\/radiolifefm.com.br\/noticias\/#organization\"},\"image\":{\"@id\":\"https:\/\/radiolifefm.com.br\/noticias\/18a-copa-fai-tem-rodada-movimentada-e-marca-estreia-de-duas-equipes-na-competicao\/#primaryimage\"},\"thumbnailUrl\":\"https:\/\/radiolifefm.com.br\/noticias\/wp-content\/uploads\/2026\/03\/IMG-20260305-WA0007.jpg\",\"articleSection\":[\"Adamantina\",\"Esporte\"],\"inLanguage\":\"pt-BR\"},{\"@type\":\"WebPage\",\"@id\":\"https:\/\/radiolifefm.com.br\/noticias\/18a-copa-fai-tem-rodada-movimentada-e-marca-estreia-de-duas-equipes-na-competicao\/\",\"url\":\"https:\/\/radiolifefm.com.br\/noticias\/18a-copa-fai-tem-rodada-movimentada-e-marca-estreia-de-duas-equipes-na-competicao\/\",\"name\":\"18\u00aa Copa FAI tem rodada movimentada e marca estreia de duas equipes na competi\u00e7\u00e3o - R\u00e1dio Life FM\",\"isPartOf\":{\"@id\":\"https:\/\/radiolifefm.com.br\/noticias\/#website\"},\"primaryImageOfPage\":{\"@id\":\"https:\/\/radiolifefm.com.br\/noticias\/18a-copa-fai-tem-rodada-movimentada-e-marca-estreia-de-duas-equipes-na-competicao\/#primaryimage\"},\"image\":{\"@id\":\"https:\/\/radiolifefm.com.br\/noticias\/18a-copa-fai-tem-rodada-movimentada-e-marca-estreia-de-duas-equipes-na-competicao\/#primaryimage\"},\"thumbnailUrl\":\"https:\/\/radiolifefm.com.br\/noticias\/wp-content\/uploads\/2026\/03\/IMG-20260305-WA0007.jpg\",\"datePublished\":\"2026-03-05T10:57:44+00:00\",\"dateModified\":\"2026-04-20T02:54:15+00:00\",\"breadcrumb\":{\"@id\":\"https:\/\/radiolifefm.com.br\/noticias\/18a-copa-fai-tem-rodada-movimentada-e-marca-estreia-de-duas-equipes-na-competicao\/#breadcrumb\"},\"inLanguage\":\"pt-BR\",\"potentialAction\":[{\"@type\":\"ReadAction\",\"target\":[\"https:\/\/radiolifefm.com.br\/noticias\/18a-copa-fai-tem-rodada-movimentada-e-marca-estreia-de-duas-equipes-na-competicao\/\"]}]},{\"@type\":\"ImageObject\",\"inLanguage\":\"pt-BR\",\"@id\":\"https:\/\/radiolifefm.com.br\/noticias\/18a-copa-fai-tem-rodada-movimentada-e-marca-estreia-de-duas-equipes-na-competicao\/#primaryimage\",\"url\":\"https:\/\/radiolifefm.com.br\/noticias\/wp-content\/uploads\/2026\/03\/IMG-20260305-WA0007.jpg\",\"contentUrl\":\"https:\/\/radiolifefm.com.br\/noticias\/wp-content\/uploads\/2026\/03\/IMG-20260305-WA0007.jpg\",\"width\":1599,\"height\":1071},{\"@type\":\"BreadcrumbList\",\"@id\":\"https:\/\/radiolifefm.com.br\/noticias\/18a-copa-fai-tem-rodada-movimentada-e-marca-estreia-de-duas-equipes-na-competicao\/#breadcrumb\",\"itemListElement\":[{\"@type\":\"ListItem\",\"position\":1,\"name\":\"In\u00edcio\",\"item\":\"https:\/\/radiolifefm.com.br\/noticias\/\"},{\"@type\":\"ListItem\",\"position\":2,\"name\":\"18\u00aa Copa FAI tem rodada movimentada e marca estreia de duas equipes na competi\u00e7\u00e3o\"}]},{\"@type\":\"WebSite\",\"@id\":\"https:\/\/radiolifefm.com.br\/noticias\/#website\",\"url\":\"https:\/\/radiolifefm.com.br\/noticias\/\",\"name\":\"R\u00e1dio Life FM\",\"description\":\"O Portal de Not\u00edcias de Adamantina\",\"publisher\":{\"@id\":\"https:\/\/radiolifefm.com.br\/noticias\/#organization\"},\"alternateName\":\"Life FM\",\"potentialAction\":[{\"@type\":\"SearchAction\",\"target\":{\"@type\":\"EntryPoint\",\"urlTemplate\":\"https:\/\/radiolifefm.com.br\/noticias\/?s={search_term_string}\"},\"query-input\":{\"@type\":\"PropertyValueSpecification\",\"valueRequired\":true,\"valueName\":\"search_term_string\"}}],\"inLanguage\":\"pt-BR\"},{\"@type\":\"Organization\",\"@id\":\"https:\/\/radiolifefm.com.br\/noticias\/#organization\",\"name\":\"R\u00e1dio Life FM\",\"alternateName\":\"Life FM\",\"url\":\"https:\/\/radiolifefm.com.br\/noticias\/\",\"logo\":{\"@type\":\"ImageObject\",\"inLanguage\":\"pt-BR\",\"@id\":\"https:\/\/radiolifefm.com.br\/noticias\/#\/schema\/logo\/image\/\",\"url\":\"https:\/\/static.radiolifefm.com.br\/noticias\/wp-content\/uploads\/2019\/10\/logo-lifefm.png\",\"contentUrl\":\"https:\/\/static.radiolifefm.com.br\/noticias\/wp-content\/uploads\/2019\/10\/logo-lifefm.png\",\"width\":196,\"height\":47,\"caption\":\"R\u00e1dio Life FM\"},\"image\":{\"@id\":\"https:\/\/radiolifefm.com.br\/noticias\/#\/schema\/logo\/image\/\"},\"sameAs\":[\"https:\/\/www.facebook.com\/radiolifefm\/\",\"https:\/\/www.instagram.com\/life1079fm\/\"]},{\"@type\":\"Person\",\"@id\":\"https:\/\/radiolifefm.com.br\/noticias\/#\/schema\/person\/6339b9fac59d12b071dec680d7375d87\",\"name\":\"ritanery\",\"image\":{\"@type\":\"ImageObject\",\"inLanguage\":\"pt-BR\",\"@id\":\"https:\/\/secure.gravatar.com\/avatar\/0e37bb19071f47c0b8a23f62a903df117c5a0e75f65a0c2901562f97cd41cf86?s=96&d=mm&r=g\",\"url\":\"https:\/\/secure.gravatar.com\/avatar\/0e37bb19071f47c0b8a23f62a903df117c5a0e75f65a0c2901562f97cd41cf86?s=96&d=mm&r=g\",\"contentUrl\":\"https:\/\/secure.gravatar.com\/avatar\/0e37bb19071f47c0b8a23f62a903df117c5a0e75f65a0c2901562f97cd41cf86?s=96&d=mm&r=g\",\"caption\":\"ritanery\"}}]}<\/script>\n<!-- \/ Yoast SEO plugin. -->","yoast_head_json":{"title":"18\u00aa Copa FAI tem rodada movimentada e marca estreia de duas equipes na competi\u00e7\u00e3o - R\u00e1dio Life FM","robots":{"index":"index","follow":"follow","max-snippet":"max-snippet:-1","max-image-preview":"max-image-preview:large","max-video-preview":"max-video-preview:-1"},"canonical":"https:\/\/radiolifefm.com.br\/noticias\/18a-copa-fai-tem-rodada-movimentada-e-marca-estreia-de-duas-equipes-na-competicao\/","og_locale":"pt_BR","og_type":"article","og_title":"18\u00aa Copa FAI tem rodada movimentada e marca estreia de duas equipes na competi\u00e7\u00e3o - R\u00e1dio Life FM","og_description":"A 5\u00aa rodada da 18\u00aa Copa FAI de Futsal, realizada na noite desta quarta-feira (4), no Gin\u00e1sio Paulo Camargo, em Adamantina, foi marcada por jogos movimentados e pela estreia das equipes Fh\u00eanix e Adamantina City na competi\u00e7\u00e3o. Na primeira partida da noite, o Rangers Rovers venceu o Arsenal pelo placar de 4 a 2, em [&hellip;]","og_url":"https:\/\/radiolifefm.com.br\/noticias\/18a-copa-fai-tem-rodada-movimentada-e-marca-estreia-de-duas-equipes-na-competicao\/","og_site_name":"R\u00e1dio Life FM","article_publisher":"https:\/\/www.facebook.com\/radiolifefm\/","article_published_time":"2026-03-05T10:57:44+00:00","article_modified_time":"2026-04-20T02:54:15+00:00","og_image":[{"width":1599,"height":1071,"url":"https:\/\/radiolifefm.com.br\/noticias\/wp-content\/uploads\/2026\/03\/IMG-20260305-WA0007.jpg","type":"image\/jpeg"}],"author":"ritanery","twitter_card":"summary_large_image","twitter_misc":{"Escrito por":"ritanery","Est. tempo de leitura":"2 minutos"},"schema":{"@context":"https:\/\/schema.org","@graph":[{"@type":"Article","@id":"https:\/\/radiolifefm.com.br\/noticias\/18a-copa-fai-tem-rodada-movimentada-e-marca-estreia-de-duas-equipes-na-competicao\/#article","isPartOf":{"@id":"https:\/\/radiolifefm.com.br\/noticias\/18a-copa-fai-tem-rodada-movimentada-e-marca-estreia-de-duas-equipes-na-competicao\/"},"author":{"name":"ritanery","@id":"https:\/\/radiolifefm.com.br\/noticias\/#\/schema\/person\/6339b9fac59d12b071dec680d7375d87"},"headline":"18\u00aa Copa FAI tem rodada movimentada e marca estreia de duas equipes na competi\u00e7\u00e3o","datePublished":"2026-03-05T10:57:44+00:00","dateModified":"2026-04-20T02:54:15+00:00","mainEntityOfPage":{"@id":"https:\/\/radiolifefm.com.br\/noticias\/18a-copa-fai-tem-rodada-movimentada-e-marca-estreia-de-duas-equipes-na-competicao\/"},"wordCount":231,"publisher":{"@id":"https:\/\/radiolifefm.com.br\/noticias\/#organization"},"image":{"@id":"https:\/\/radiolifefm.com.br\/noticias\/18a-copa-fai-tem-rodada-movimentada-e-marca-estreia-de-duas-equipes-na-competicao\/#primaryimage"},"thumbnailUrl":"https:\/\/radiolifefm.com.br\/noticias\/wp-content\/uploads\/2026\/03\/IMG-20260305-WA0007.jpg","articleSection":["Adamantina","Esporte"],"inLanguage":"pt-BR"},{"@type":"WebPage","@id":"https:\/\/radiolifefm.com.br\/noticias\/18a-copa-fai-tem-rodada-movimentada-e-marca-estreia-de-duas-equipes-na-competicao\/","url":"https:\/\/radiolifefm.com.br\/noticias\/18a-copa-fai-tem-rodada-movimentada-e-marca-estreia-de-duas-equipes-na-competicao\/","name":"18\u00aa Copa FAI tem rodada movimentada e marca estreia de duas equipes na competi\u00e7\u00e3o - R\u00e1dio Life FM","isPartOf":{"@id":"https:\/\/radiolifefm.com.br\/noticias\/#website"},"primaryImageOfPage":{"@id":"https:\/\/radiolifefm.com.br\/noticias\/18a-copa-fai-tem-rodada-movimentada-e-marca-estreia-de-duas-equipes-na-competicao\/#primaryimage"},"image":{"@id":"https:\/\/radiolifefm.com.br\/noticias\/18a-copa-fai-tem-rodada-movimentada-e-marca-estreia-de-duas-equipes-na-competicao\/#primaryimage"},"thumbnailUrl":"https:\/\/radiolifefm.com.br\/noticias\/wp-content\/uploads\/2026\/03\/IMG-20260305-WA0007.jpg","datePublished":"2026-03-05T10:57:44+00:00","dateModified":"2026-04-20T02:54:15+00:00","breadcrumb":{"@id":"https:\/\/radiolifefm.com.br\/noticias\/18a-copa-fai-tem-rodada-movimentada-e-marca-estreia-de-duas-equipes-na-competicao\/#breadcrumb"},"inLanguage":"pt-BR","potentialAction":[{"@type":"ReadAction","target":["https:\/\/radiolifefm.com.br\/noticias\/18a-copa-fai-tem-rodada-movimentada-e-marca-estreia-de-duas-equipes-na-competicao\/"]}]},{"@type":"ImageObject","inLanguage":"pt-BR","@id":"https:\/\/radiolifefm.com.br\/noticias\/18a-copa-fai-tem-rodada-movimentada-e-marca-estreia-de-duas-equipes-na-competicao\/#primaryimage","url":"https:\/\/radiolifefm.com.br\/noticias\/wp-content\/uploads\/2026\/03\/IMG-20260305-WA0007.jpg","contentUrl":"https:\/\/radiolifefm.com.br\/noticias\/wp-content\/uploads\/2026\/03\/IMG-20260305-WA0007.jpg","width":1599,"height":1071},{"@type":"BreadcrumbList","@id":"https:\/\/radiolifefm.com.br\/noticias\/18a-copa-fai-tem-rodada-movimentada-e-marca-estreia-de-duas-equipes-na-competicao\/#breadcrumb","itemListElement":[{"@type":"ListItem","position":1,"name":"In\u00edcio","item":"https:\/\/radiolifefm.com.br\/noticias\/"},{"@type":"ListItem","position":2,"name":"18\u00aa Copa FAI tem rodada movimentada e marca estreia de duas equipes na competi\u00e7\u00e3o"}]},{"@type":"WebSite","@id":"https:\/\/radiolifefm.com.br\/noticias\/#website","url":"https:\/\/radiolifefm.com.br\/noticias\/","name":"R\u00e1dio Life FM","description":"O Portal de Not\u00edcias de Adamantina","publisher":{"@id":"https:\/\/radiolifefm.com.br\/noticias\/#organization"},"alternateName":"Life FM","potentialAction":[{"@type":"SearchAction","target":{"@type":"EntryPoint","urlTemplate":"https:\/\/radiolifefm.com.br\/noticias\/?s={search_term_string}"},"query-input":{"@type":"PropertyValueSpecification","valueRequired":true,"valueName":"search_term_string"}}],"inLanguage":"pt-BR"},{"@type":"Organization","@id":"https:\/\/radiolifefm.com.br\/noticias\/#organization","name":"R\u00e1dio Life FM","alternateName":"Life FM","url":"https:\/\/radiolifefm.com.br\/noticias\/","logo":{"@type":"ImageObject","inLanguage":"pt-BR","@id":"https:\/\/radiolifefm.com.br\/noticias\/#\/schema\/logo\/image\/","url":"https:\/\/static.radiolifefm.com.br\/noticias\/wp-content\/uploads\/2019\/10\/logo-lifefm.png","contentUrl":"https:\/\/static.radiolifefm.com.br\/noticias\/wp-content\/uploads\/2019\/10\/logo-lifefm.png","width":196,"height":47,"caption":"R\u00e1dio Life FM"},"image":{"@id":"https:\/\/radiolifefm.com.br\/noticias\/#\/schema\/logo\/image\/"},"sameAs":["https:\/\/www.facebook.com\/radiolifefm\/","https:\/\/www.instagram.com\/life1079fm\/"]},{"@type":"Person","@id":"https:\/\/radiolifefm.com.br\/noticias\/#\/schema\/person\/6339b9fac59d12b071dec680d7375d87","name":"ritanery","image":{"@type":"ImageObject","inLanguage":"pt-BR","@id":"https:\/\/secure.gravatar.com\/avatar\/0e37bb19071f47c0b8a23f62a903df117c5a0e75f65a0c2901562f97cd41cf86?s=96&d=mm&r=g","url":"https:\/\/secure.gravatar.com\/avatar\/0e37bb19071f47c0b8a23f62a903df117c5a0e75f65a0c2901562f97cd41cf86?s=96&d=mm&r=g","contentUrl":"https:\/\/secure.gravatar.com\/avatar\/0e37bb19071f47c0b8a23f62a903df117c5a0e75f65a0c2901562f97cd41cf86?s=96&d=mm&r=g","caption":"ritanery"}}]}},"amp_enabled":true,"_links":{"self":[{"href":"https:\/\/radiolifefm.com.br\/noticias\/wp-json\/wp\/v2\/posts\/116975","targetHints":{"allow":["GET"]}}],"collection":[{"href":"https:\/\/radiolifefm.com.br\/noticias\/wp-json\/wp\/v2\/posts"}],"about":[{"href":"https:\/\/radiolifefm.com.br\/noticias\/wp-json\/wp\/v2\/types\/post"}],"author":[{"embeddable":true,"href":"https:\/\/radiolifefm.com.br\/noticias\/wp-json\/wp\/v2\/users\/13"}],"replies":[{"embeddable":true,"href":"https:\/\/radiolifefm.com.br\/noticias\/wp-json\/wp\/v2\/comments?post=116975"}],"version-history":[{"count":1,"href":"https:\/\/radiolifefm.com.br\/noticias\/wp-json\/wp\/v2\/posts\/116975\/revisions"}],"predecessor-version":[{"id":116977,"href":"https:\/\/radiolifefm.com.br\/noticias\/wp-json\/wp\/v2\/posts\/116975\/revisions\/116977"}],"wp:featuredmedia":[{"embeddable":true,"href":"https:\/\/radiolifefm.com.br\/noticias\/wp-json\/wp\/v2\/media\/116976"}],"wp:attachment":[{"href":"https:\/\/radiolifefm.com.br\/noticias\/wp-json\/wp\/v2\/media?parent=116975"}],"wp:term":[{"taxonomy":"category","embeddable":true,"href":"https:\/\/radiolifefm.com.br\/noticias\/wp-json\/wp\/v2\/categories?post=116975"},{"taxonomy":"post_tag","embeddable":true,"href":"https:\/\/radiolifefm.com.br\/noticias\/wp-json\/wp\/v2\/tags?post=116975"}],"curies":[{"name":"wp","href":"https:\/\/api.w.org\/{rel}","templated":true}]}}