{"id":116950,"date":"2026-03-03T22:29:25","date_gmt":"2026-03-04T01:29:25","guid":{"rendered":"https:\/\/radiolifefm.com.br\/noticias\/?p=116950"},"modified":"2026-04-28T23:49:13","modified_gmt":"2026-04-29T02:49:13","slug":"victor-veiculos-a-paixao-por-carros-herdada-de-pai-para-filho-move-uma-nova-historia-de-empreendedorismo-em-adamantina","status":"publish","type":"post","link":"https:\/\/radiolifefm.com.br\/noticias\/victor-veiculos-a-paixao-por-carros-herdada-de-pai-para-filho-move-uma-nova-historia-de-empreendedorismo-em-adamantina\/","title":{"rendered":"Victor Ve\u00edculos: A paix\u00e3o por carros, herdada de pai para filho, move uma nova hist\u00f3ria de empreendedorismo em Adamantina"},"content":{"rendered":"<div id=\"fb-root\"><\/div>\n<p>Desde pequeno, Victor aprendeu que carro n\u00e3o \u00e9 apenas um meio de transporte. \u00c9 conquista, \u00e9 sonho realizado, \u00e9 hist\u00f3ria de fam\u00edlia. O que come\u00e7ou na inf\u00e2ncia, acompanhando o pai e admirando motores, modelos e detalhes, amadureceu junto com ele. O menino cresceu, se tornou homem, e agora transforma aquele sonho antigo em realidade.<\/p>\n<figure id=\"attachment_116952\" aria-describedby=\"caption-attachment-116952\" style=\"width: 1024px\" class=\"wp-caption aligncenter\"><img loading=\"lazy\" decoding=\"async\" class=\"wp-image-116952 size-large\" src=\"https:\/\/radiolifefm.com.br\/noticias\/wp-content\/uploads\/2026\/03\/WhatsApp-Image-2026-03-03-at-22.26.07-1024x768.jpeg\" alt=\"\" width=\"1024\" height=\"768\" srcset=\"https:\/\/radiolifefm.com.br\/noticias\/wp-content\/uploads\/2026\/03\/WhatsApp-Image-2026-03-03-at-22.26.07-1024x768.jpeg 1024w, https:\/\/radiolifefm.com.br\/noticias\/wp-content\/uploads\/2026\/03\/WhatsApp-Image-2026-03-03-at-22.26.07-300x225.jpeg 300w, https:\/\/radiolifefm.com.br\/noticias\/wp-content\/uploads\/2026\/03\/WhatsApp-Image-2026-03-03-at-22.26.07-768x576.jpeg 768w, https:\/\/radiolifefm.com.br\/noticias\/wp-content\/uploads\/2026\/03\/WhatsApp-Image-2026-03-03-at-22.26.07-1536x1152.jpeg 1536w, https:\/\/radiolifefm.com.br\/noticias\/wp-content\/uploads\/2026\/03\/WhatsApp-Image-2026-03-03-at-22.26.07.jpeg 1600w\" sizes=\"auto, (max-width: 1024px) 100vw, 1024px\" \/><figcaption id=\"caption-attachment-116952\" class=\"wp-caption-text\">Victor e Bianca, empres\u00e1rios, abrem a 4\u00b0 empresa em Adamantina<\/figcaption><\/figure>\n<p>No dia 3 de mar\u00e7o de 2026, nasce oficialmente a Victor Ve\u00edculos, um novo conceito em compra e venda de autom\u00f3veis na cidade. Ao lado da esposa, Bianca, Victor abre as portas da loja com um prop\u00f3sito claro: oferecer ve\u00edculos que ele pr\u00f3prio teria orgulho de colocar na garagem de casa.<br \/>\nMais do que vender carros, Victor constr\u00f3i confian\u00e7a. Cada ve\u00edculo dispon\u00edvel na loja passa por uma avalia\u00e7\u00e3o minuciosa, criteriosa e transparente. Segundo ele, cada negocia\u00e7\u00e3o \u00e9 feita como se fosse para sua pr\u00f3pria fam\u00edlia \u2014 com responsabilidade, zelo e compromisso com a qualidade.<br \/>\nA Victor Ve\u00edculos chega ao mercado com um posicionamento firme: a busca pelo carro impec\u00e1vel termina aqui. Excel\u00eancia n\u00e3o \u00e9 diferencial, \u00e9 ponto de partida. Atendimento pr\u00f3ximo, olhar t\u00e9cnico e paix\u00e3o verdadeira por autom\u00f3veis fazem da nova empresa um espa\u00e7o para quem quer mais do que comprar \u2014 quer viver uma experi\u00eancia.<br \/>\nInstalada na Av. Marechal Castelo Branco, 420, via de acesso de Adamantina, a loja j\u00e1 se torna refer\u00eancia para quem entra ou sai da cidade.<br \/>\nVictor e Bianca convidam toda a popula\u00e7\u00e3o para conhecer a estrutura, tomar um caf\u00e9 e descobrir que, quando a paix\u00e3o guia os neg\u00f3cios, o resultado \u00e9 confian\u00e7a sobre quatro rodas.<\/p>\n<p>Endere\u00e7o: Av. Marechal Castelo Branco, 420 \u2013 Adamantina<br \/>\nTelefone: (18) 99637-2177<br \/>\nInstagram: @victorveiculosoficial<br \/>\nVictor Ve\u00edculos \u2014 onde a paix\u00e3o por carros \u00e9 o come\u00e7o de uma nova conquista.<\/p>\n<p>&nbsp;<\/p>\n<p>&nbsp;<\/p>\n<p>Da Reda\u00e7\u00e3o<\/p>\n","protected":false},"excerpt":{"rendered":"<p>Desde pequeno, Victor aprendeu que carro n\u00e3o \u00e9 apenas um meio de transporte. \u00c9 conquista, \u00e9 sonho realizado, \u00e9 hist\u00f3ria de fam\u00edlia. O que come\u00e7ou na inf\u00e2ncia, acompanhando o pai e admirando motores, modelos e detalhes, amadureceu junto com ele. O menino cresceu, se tornou homem, e agora transforma aquele sonho antigo em realidade. No [&hellip;]<\/p>\n","protected":false},"author":13,"featured_media":116951,"comment_status":"closed","ping_status":"open","sticky":false,"template":"","format":"standard","meta":{"_acf_changed":false,"_exactmetrics_skip_tracking":false,"_exactmetrics_sitenote_active":false,"_exactmetrics_sitenote_note":"","_exactmetrics_sitenote_category":0,"footnotes":""},"categories":[21],"tags":[],"class_list":["post-116950","post","type-post","status-publish","format-standard","has-post-thumbnail","hentry","category-adamantina"],"acf":[],"yoast_head":"<!-- This site is optimized with the Yoast SEO plugin v27.2 - https:\/\/yoast.com\/product\/yoast-seo-wordpress\/ -->\n<title>Victor Ve\u00edculos: A paix\u00e3o por carros, herdada de pai para filho, move uma nova hist\u00f3ria de empreendedorismo em Adamantina - R\u00e1dio Life FM<\/title>\n<meta name=\"robots\" content=\"index, follow, max-snippet:-1, max-image-preview:large, max-video-preview:-1\" \/>\n<link rel=\"canonical\" href=\"https:\/\/radiolifefm.com.br\/noticias\/victor-veiculos-a-paixao-por-carros-herdada-de-pai-para-filho-move-uma-nova-historia-de-empreendedorismo-em-adamantina\/\" \/>\n<meta property=\"og:locale\" content=\"pt_BR\" \/>\n<meta property=\"og:type\" content=\"article\" \/>\n<meta property=\"og:title\" content=\"Victor Ve\u00edculos: A paix\u00e3o por carros, herdada de pai para filho, move uma nova hist\u00f3ria de empreendedorismo em Adamantina - R\u00e1dio Life FM\" \/>\n<meta property=\"og:description\" content=\"Desde pequeno, Victor aprendeu que carro n\u00e3o \u00e9 apenas um meio de transporte. \u00c9 conquista, \u00e9 sonho realizado, \u00e9 hist\u00f3ria de fam\u00edlia. O que come\u00e7ou na inf\u00e2ncia, acompanhando o pai e admirando motores, modelos e detalhes, amadureceu junto com ele. O menino cresceu, se tornou homem, e agora transforma aquele sonho antigo em realidade. No [&hellip;]\" \/>\n<meta property=\"og:url\" content=\"https:\/\/radiolifefm.com.br\/noticias\/victor-veiculos-a-paixao-por-carros-herdada-de-pai-para-filho-move-uma-nova-historia-de-empreendedorismo-em-adamantina\/\" \/>\n<meta property=\"og:site_name\" content=\"R\u00e1dio Life FM\" \/>\n<meta property=\"article:publisher\" content=\"https:\/\/www.facebook.com\/radiolifefm\/\" \/>\n<meta property=\"article:published_time\" content=\"2026-03-04T01:29:25+00:00\" \/>\n<meta property=\"article:modified_time\" content=\"2026-04-29T02:49:13+00:00\" \/>\n<meta property=\"og:image\" content=\"https:\/\/radiolifefm.com.br\/noticias\/wp-content\/uploads\/2026\/03\/WhatsApp-Image-2026-03-03-at-22.24.33-1.jpeg\" \/>\n\t<meta property=\"og:image:width\" content=\"1600\" \/>\n\t<meta property=\"og:image:height\" content=\"1200\" \/>\n\t<meta property=\"og:image:type\" content=\"image\/jpeg\" \/>\n<meta name=\"author\" content=\"ritanery\" \/>\n<meta name=\"twitter:card\" content=\"summary_large_image\" \/>\n<meta name=\"twitter:label1\" content=\"Escrito por\" \/>\n\t<meta name=\"twitter:data1\" content=\"ritanery\" \/>\n\t<meta name=\"twitter:label2\" content=\"Est. tempo de leitura\" \/>\n\t<meta name=\"twitter:data2\" content=\"3 minutos\" \/>\n<script type=\"application\/ld+json\" class=\"yoast-schema-graph\">{\"@context\":\"https:\/\/schema.org\",\"@graph\":[{\"@type\":\"Article\",\"@id\":\"https:\/\/radiolifefm.com.br\/noticias\/victor-veiculos-a-paixao-por-carros-herdada-de-pai-para-filho-move-uma-nova-historia-de-empreendedorismo-em-adamantina\/#article\",\"isPartOf\":{\"@id\":\"https:\/\/radiolifefm.com.br\/noticias\/victor-veiculos-a-paixao-por-carros-herdada-de-pai-para-filho-move-uma-nova-historia-de-empreendedorismo-em-adamantina\/\"},\"author\":{\"name\":\"ritanery\",\"@id\":\"https:\/\/radiolifefm.com.br\/noticias\/#\/schema\/person\/6339b9fac59d12b071dec680d7375d87\"},\"headline\":\"Victor Ve\u00edculos: A paix\u00e3o por carros, herdada de pai para filho, move uma nova hist\u00f3ria de empreendedorismo em Adamantina\",\"datePublished\":\"2026-03-04T01:29:25+00:00\",\"dateModified\":\"2026-04-29T02:49:13+00:00\",\"mainEntityOfPage\":{\"@id\":\"https:\/\/radiolifefm.com.br\/noticias\/victor-veiculos-a-paixao-por-carros-herdada-de-pai-para-filho-move-uma-nova-historia-de-empreendedorismo-em-adamantina\/\"},\"wordCount\":347,\"publisher\":{\"@id\":\"https:\/\/radiolifefm.com.br\/noticias\/#organization\"},\"image\":{\"@id\":\"https:\/\/radiolifefm.com.br\/noticias\/victor-veiculos-a-paixao-por-carros-herdada-de-pai-para-filho-move-uma-nova-historia-de-empreendedorismo-em-adamantina\/#primaryimage\"},\"thumbnailUrl\":\"https:\/\/radiolifefm.com.br\/noticias\/wp-content\/uploads\/2026\/03\/WhatsApp-Image-2026-03-03-at-22.24.33-1.jpeg\",\"articleSection\":[\"Adamantina\"],\"inLanguage\":\"pt-BR\"},{\"@type\":\"WebPage\",\"@id\":\"https:\/\/radiolifefm.com.br\/noticias\/victor-veiculos-a-paixao-por-carros-herdada-de-pai-para-filho-move-uma-nova-historia-de-empreendedorismo-em-adamantina\/\",\"url\":\"https:\/\/radiolifefm.com.br\/noticias\/victor-veiculos-a-paixao-por-carros-herdada-de-pai-para-filho-move-uma-nova-historia-de-empreendedorismo-em-adamantina\/\",\"name\":\"Victor Ve\u00edculos: A paix\u00e3o por carros, herdada de pai para filho, move uma nova hist\u00f3ria de empreendedorismo em Adamantina - R\u00e1dio Life FM\",\"isPartOf\":{\"@id\":\"https:\/\/radiolifefm.com.br\/noticias\/#website\"},\"primaryImageOfPage\":{\"@id\":\"https:\/\/radiolifefm.com.br\/noticias\/victor-veiculos-a-paixao-por-carros-herdada-de-pai-para-filho-move-uma-nova-historia-de-empreendedorismo-em-adamantina\/#primaryimage\"},\"image\":{\"@id\":\"https:\/\/radiolifefm.com.br\/noticias\/victor-veiculos-a-paixao-por-carros-herdada-de-pai-para-filho-move-uma-nova-historia-de-empreendedorismo-em-adamantina\/#primaryimage\"},\"thumbnailUrl\":\"https:\/\/radiolifefm.com.br\/noticias\/wp-content\/uploads\/2026\/03\/WhatsApp-Image-2026-03-03-at-22.24.33-1.jpeg\",\"datePublished\":\"2026-03-04T01:29:25+00:00\",\"dateModified\":\"2026-04-29T02:49:13+00:00\",\"breadcrumb\":{\"@id\":\"https:\/\/radiolifefm.com.br\/noticias\/victor-veiculos-a-paixao-por-carros-herdada-de-pai-para-filho-move-uma-nova-historia-de-empreendedorismo-em-adamantina\/#breadcrumb\"},\"inLanguage\":\"pt-BR\",\"potentialAction\":[{\"@type\":\"ReadAction\",\"target\":[\"https:\/\/radiolifefm.com.br\/noticias\/victor-veiculos-a-paixao-por-carros-herdada-de-pai-para-filho-move-uma-nova-historia-de-empreendedorismo-em-adamantina\/\"]}]},{\"@type\":\"ImageObject\",\"inLanguage\":\"pt-BR\",\"@id\":\"https:\/\/radiolifefm.com.br\/noticias\/victor-veiculos-a-paixao-por-carros-herdada-de-pai-para-filho-move-uma-nova-historia-de-empreendedorismo-em-adamantina\/#primaryimage\",\"url\":\"https:\/\/radiolifefm.com.br\/noticias\/wp-content\/uploads\/2026\/03\/WhatsApp-Image-2026-03-03-at-22.24.33-1.jpeg\",\"contentUrl\":\"https:\/\/radiolifefm.com.br\/noticias\/wp-content\/uploads\/2026\/03\/WhatsApp-Image-2026-03-03-at-22.24.33-1.jpeg\",\"width\":1600,\"height\":1200},{\"@type\":\"BreadcrumbList\",\"@id\":\"https:\/\/radiolifefm.com.br\/noticias\/victor-veiculos-a-paixao-por-carros-herdada-de-pai-para-filho-move-uma-nova-historia-de-empreendedorismo-em-adamantina\/#breadcrumb\",\"itemListElement\":[{\"@type\":\"ListItem\",\"position\":1,\"name\":\"In\u00edcio\",\"item\":\"https:\/\/radiolifefm.com.br\/noticias\/\"},{\"@type\":\"ListItem\",\"position\":2,\"name\":\"Victor Ve\u00edculos: A paix\u00e3o por carros, herdada de pai para filho, move uma nova hist\u00f3ria de empreendedorismo em Adamantina\"}]},{\"@type\":\"WebSite\",\"@id\":\"https:\/\/radiolifefm.com.br\/noticias\/#website\",\"url\":\"https:\/\/radiolifefm.com.br\/noticias\/\",\"name\":\"R\u00e1dio Life FM\",\"description\":\"O Portal de Not\u00edcias de Adamantina\",\"publisher\":{\"@id\":\"https:\/\/radiolifefm.com.br\/noticias\/#organization\"},\"alternateName\":\"Life FM\",\"potentialAction\":[{\"@type\":\"SearchAction\",\"target\":{\"@type\":\"EntryPoint\",\"urlTemplate\":\"https:\/\/radiolifefm.com.br\/noticias\/?s={search_term_string}\"},\"query-input\":{\"@type\":\"PropertyValueSpecification\",\"valueRequired\":true,\"valueName\":\"search_term_string\"}}],\"inLanguage\":\"pt-BR\"},{\"@type\":\"Organization\",\"@id\":\"https:\/\/radiolifefm.com.br\/noticias\/#organization\",\"name\":\"R\u00e1dio Life FM\",\"alternateName\":\"Life FM\",\"url\":\"https:\/\/radiolifefm.com.br\/noticias\/\",\"logo\":{\"@type\":\"ImageObject\",\"inLanguage\":\"pt-BR\",\"@id\":\"https:\/\/radiolifefm.com.br\/noticias\/#\/schema\/logo\/image\/\",\"url\":\"https:\/\/static.radiolifefm.com.br\/noticias\/wp-content\/uploads\/2019\/10\/logo-lifefm.png\",\"contentUrl\":\"https:\/\/static.radiolifefm.com.br\/noticias\/wp-content\/uploads\/2019\/10\/logo-lifefm.png\",\"width\":196,\"height\":47,\"caption\":\"R\u00e1dio Life FM\"},\"image\":{\"@id\":\"https:\/\/radiolifefm.com.br\/noticias\/#\/schema\/logo\/image\/\"},\"sameAs\":[\"https:\/\/www.facebook.com\/radiolifefm\/\",\"https:\/\/www.instagram.com\/life1079fm\/\"]},{\"@type\":\"Person\",\"@id\":\"https:\/\/radiolifefm.com.br\/noticias\/#\/schema\/person\/6339b9fac59d12b071dec680d7375d87\",\"name\":\"ritanery\",\"image\":{\"@type\":\"ImageObject\",\"inLanguage\":\"pt-BR\",\"@id\":\"https:\/\/secure.gravatar.com\/avatar\/0e37bb19071f47c0b8a23f62a903df117c5a0e75f65a0c2901562f97cd41cf86?s=96&d=mm&r=g\",\"url\":\"https:\/\/secure.gravatar.com\/avatar\/0e37bb19071f47c0b8a23f62a903df117c5a0e75f65a0c2901562f97cd41cf86?s=96&d=mm&r=g\",\"contentUrl\":\"https:\/\/secure.gravatar.com\/avatar\/0e37bb19071f47c0b8a23f62a903df117c5a0e75f65a0c2901562f97cd41cf86?s=96&d=mm&r=g\",\"caption\":\"ritanery\"}}]}<\/script>\n<!-- \/ Yoast SEO plugin. -->","yoast_head_json":{"title":"Victor Ve\u00edculos: A paix\u00e3o por carros, herdada de pai para filho, move uma nova hist\u00f3ria de empreendedorismo em Adamantina - R\u00e1dio Life FM","robots":{"index":"index","follow":"follow","max-snippet":"max-snippet:-1","max-image-preview":"max-image-preview:large","max-video-preview":"max-video-preview:-1"},"canonical":"https:\/\/radiolifefm.com.br\/noticias\/victor-veiculos-a-paixao-por-carros-herdada-de-pai-para-filho-move-uma-nova-historia-de-empreendedorismo-em-adamantina\/","og_locale":"pt_BR","og_type":"article","og_title":"Victor Ve\u00edculos: A paix\u00e3o por carros, herdada de pai para filho, move uma nova hist\u00f3ria de empreendedorismo em Adamantina - R\u00e1dio Life FM","og_description":"Desde pequeno, Victor aprendeu que carro n\u00e3o \u00e9 apenas um meio de transporte. \u00c9 conquista, \u00e9 sonho realizado, \u00e9 hist\u00f3ria de fam\u00edlia. O que come\u00e7ou na inf\u00e2ncia, acompanhando o pai e admirando motores, modelos e detalhes, amadureceu junto com ele. O menino cresceu, se tornou homem, e agora transforma aquele sonho antigo em realidade. No [&hellip;]","og_url":"https:\/\/radiolifefm.com.br\/noticias\/victor-veiculos-a-paixao-por-carros-herdada-de-pai-para-filho-move-uma-nova-historia-de-empreendedorismo-em-adamantina\/","og_site_name":"R\u00e1dio Life FM","article_publisher":"https:\/\/www.facebook.com\/radiolifefm\/","article_published_time":"2026-03-04T01:29:25+00:00","article_modified_time":"2026-04-29T02:49:13+00:00","og_image":[{"width":1600,"height":1200,"url":"https:\/\/radiolifefm.com.br\/noticias\/wp-content\/uploads\/2026\/03\/WhatsApp-Image-2026-03-03-at-22.24.33-1.jpeg","type":"image\/jpeg"}],"author":"ritanery","twitter_card":"summary_large_image","twitter_misc":{"Escrito por":"ritanery","Est. tempo de leitura":"3 minutos"},"schema":{"@context":"https:\/\/schema.org","@graph":[{"@type":"Article","@id":"https:\/\/radiolifefm.com.br\/noticias\/victor-veiculos-a-paixao-por-carros-herdada-de-pai-para-filho-move-uma-nova-historia-de-empreendedorismo-em-adamantina\/#article","isPartOf":{"@id":"https:\/\/radiolifefm.com.br\/noticias\/victor-veiculos-a-paixao-por-carros-herdada-de-pai-para-filho-move-uma-nova-historia-de-empreendedorismo-em-adamantina\/"},"author":{"name":"ritanery","@id":"https:\/\/radiolifefm.com.br\/noticias\/#\/schema\/person\/6339b9fac59d12b071dec680d7375d87"},"headline":"Victor Ve\u00edculos: A paix\u00e3o por carros, herdada de pai para filho, move uma nova hist\u00f3ria de empreendedorismo em Adamantina","datePublished":"2026-03-04T01:29:25+00:00","dateModified":"2026-04-29T02:49:13+00:00","mainEntityOfPage":{"@id":"https:\/\/radiolifefm.com.br\/noticias\/victor-veiculos-a-paixao-por-carros-herdada-de-pai-para-filho-move-uma-nova-historia-de-empreendedorismo-em-adamantina\/"},"wordCount":347,"publisher":{"@id":"https:\/\/radiolifefm.com.br\/noticias\/#organization"},"image":{"@id":"https:\/\/radiolifefm.com.br\/noticias\/victor-veiculos-a-paixao-por-carros-herdada-de-pai-para-filho-move-uma-nova-historia-de-empreendedorismo-em-adamantina\/#primaryimage"},"thumbnailUrl":"https:\/\/radiolifefm.com.br\/noticias\/wp-content\/uploads\/2026\/03\/WhatsApp-Image-2026-03-03-at-22.24.33-1.jpeg","articleSection":["Adamantina"],"inLanguage":"pt-BR"},{"@type":"WebPage","@id":"https:\/\/radiolifefm.com.br\/noticias\/victor-veiculos-a-paixao-por-carros-herdada-de-pai-para-filho-move-uma-nova-historia-de-empreendedorismo-em-adamantina\/","url":"https:\/\/radiolifefm.com.br\/noticias\/victor-veiculos-a-paixao-por-carros-herdada-de-pai-para-filho-move-uma-nova-historia-de-empreendedorismo-em-adamantina\/","name":"Victor Ve\u00edculos: A paix\u00e3o por carros, herdada de pai para filho, move uma nova hist\u00f3ria de empreendedorismo em Adamantina - R\u00e1dio Life FM","isPartOf":{"@id":"https:\/\/radiolifefm.com.br\/noticias\/#website"},"primaryImageOfPage":{"@id":"https:\/\/radiolifefm.com.br\/noticias\/victor-veiculos-a-paixao-por-carros-herdada-de-pai-para-filho-move-uma-nova-historia-de-empreendedorismo-em-adamantina\/#primaryimage"},"image":{"@id":"https:\/\/radiolifefm.com.br\/noticias\/victor-veiculos-a-paixao-por-carros-herdada-de-pai-para-filho-move-uma-nova-historia-de-empreendedorismo-em-adamantina\/#primaryimage"},"thumbnailUrl":"https:\/\/radiolifefm.com.br\/noticias\/wp-content\/uploads\/2026\/03\/WhatsApp-Image-2026-03-03-at-22.24.33-1.jpeg","datePublished":"2026-03-04T01:29:25+00:00","dateModified":"2026-04-29T02:49:13+00:00","breadcrumb":{"@id":"https:\/\/radiolifefm.com.br\/noticias\/victor-veiculos-a-paixao-por-carros-herdada-de-pai-para-filho-move-uma-nova-historia-de-empreendedorismo-em-adamantina\/#breadcrumb"},"inLanguage":"pt-BR","potentialAction":[{"@type":"ReadAction","target":["https:\/\/radiolifefm.com.br\/noticias\/victor-veiculos-a-paixao-por-carros-herdada-de-pai-para-filho-move-uma-nova-historia-de-empreendedorismo-em-adamantina\/"]}]},{"@type":"ImageObject","inLanguage":"pt-BR","@id":"https:\/\/radiolifefm.com.br\/noticias\/victor-veiculos-a-paixao-por-carros-herdada-de-pai-para-filho-move-uma-nova-historia-de-empreendedorismo-em-adamantina\/#primaryimage","url":"https:\/\/radiolifefm.com.br\/noticias\/wp-content\/uploads\/2026\/03\/WhatsApp-Image-2026-03-03-at-22.24.33-1.jpeg","contentUrl":"https:\/\/radiolifefm.com.br\/noticias\/wp-content\/uploads\/2026\/03\/WhatsApp-Image-2026-03-03-at-22.24.33-1.jpeg","width":1600,"height":1200},{"@type":"BreadcrumbList","@id":"https:\/\/radiolifefm.com.br\/noticias\/victor-veiculos-a-paixao-por-carros-herdada-de-pai-para-filho-move-uma-nova-historia-de-empreendedorismo-em-adamantina\/#breadcrumb","itemListElement":[{"@type":"ListItem","position":1,"name":"In\u00edcio","item":"https:\/\/radiolifefm.com.br\/noticias\/"},{"@type":"ListItem","position":2,"name":"Victor Ve\u00edculos: A paix\u00e3o por carros, herdada de pai para filho, move uma nova hist\u00f3ria de empreendedorismo em Adamantina"}]},{"@type":"WebSite","@id":"https:\/\/radiolifefm.com.br\/noticias\/#website","url":"https:\/\/radiolifefm.com.br\/noticias\/","name":"R\u00e1dio Life FM","description":"O Portal de Not\u00edcias de Adamantina","publisher":{"@id":"https:\/\/radiolifefm.com.br\/noticias\/#organization"},"alternateName":"Life FM","potentialAction":[{"@type":"SearchAction","target":{"@type":"EntryPoint","urlTemplate":"https:\/\/radiolifefm.com.br\/noticias\/?s={search_term_string}"},"query-input":{"@type":"PropertyValueSpecification","valueRequired":true,"valueName":"search_term_string"}}],"inLanguage":"pt-BR"},{"@type":"Organization","@id":"https:\/\/radiolifefm.com.br\/noticias\/#organization","name":"R\u00e1dio Life FM","alternateName":"Life FM","url":"https:\/\/radiolifefm.com.br\/noticias\/","logo":{"@type":"ImageObject","inLanguage":"pt-BR","@id":"https:\/\/radiolifefm.com.br\/noticias\/#\/schema\/logo\/image\/","url":"https:\/\/static.radiolifefm.com.br\/noticias\/wp-content\/uploads\/2019\/10\/logo-lifefm.png","contentUrl":"https:\/\/static.radiolifefm.com.br\/noticias\/wp-content\/uploads\/2019\/10\/logo-lifefm.png","width":196,"height":47,"caption":"R\u00e1dio Life FM"},"image":{"@id":"https:\/\/radiolifefm.com.br\/noticias\/#\/schema\/logo\/image\/"},"sameAs":["https:\/\/www.facebook.com\/radiolifefm\/","https:\/\/www.instagram.com\/life1079fm\/"]},{"@type":"Person","@id":"https:\/\/radiolifefm.com.br\/noticias\/#\/schema\/person\/6339b9fac59d12b071dec680d7375d87","name":"ritanery","image":{"@type":"ImageObject","inLanguage":"pt-BR","@id":"https:\/\/secure.gravatar.com\/avatar\/0e37bb19071f47c0b8a23f62a903df117c5a0e75f65a0c2901562f97cd41cf86?s=96&d=mm&r=g","url":"https:\/\/secure.gravatar.com\/avatar\/0e37bb19071f47c0b8a23f62a903df117c5a0e75f65a0c2901562f97cd41cf86?s=96&d=mm&r=g","contentUrl":"https:\/\/secure.gravatar.com\/avatar\/0e37bb19071f47c0b8a23f62a903df117c5a0e75f65a0c2901562f97cd41cf86?s=96&d=mm&r=g","caption":"ritanery"}}]}},"amp_enabled":true,"_links":{"self":[{"href":"https:\/\/radiolifefm.com.br\/noticias\/wp-json\/wp\/v2\/posts\/116950","targetHints":{"allow":["GET"]}}],"collection":[{"href":"https:\/\/radiolifefm.com.br\/noticias\/wp-json\/wp\/v2\/posts"}],"about":[{"href":"https:\/\/radiolifefm.com.br\/noticias\/wp-json\/wp\/v2\/types\/post"}],"author":[{"embeddable":true,"href":"https:\/\/radiolifefm.com.br\/noticias\/wp-json\/wp\/v2\/users\/13"}],"replies":[{"embeddable":true,"href":"https:\/\/radiolifefm.com.br\/noticias\/wp-json\/wp\/v2\/comments?post=116950"}],"version-history":[{"count":1,"href":"https:\/\/radiolifefm.com.br\/noticias\/wp-json\/wp\/v2\/posts\/116950\/revisions"}],"predecessor-version":[{"id":116953,"href":"https:\/\/radiolifefm.com.br\/noticias\/wp-json\/wp\/v2\/posts\/116950\/revisions\/116953"}],"wp:featuredmedia":[{"embeddable":true,"href":"https:\/\/radiolifefm.com.br\/noticias\/wp-json\/wp\/v2\/media\/116951"}],"wp:attachment":[{"href":"https:\/\/radiolifefm.com.br\/noticias\/wp-json\/wp\/v2\/media?parent=116950"}],"wp:term":[{"taxonomy":"category","embeddable":true,"href":"https:\/\/radiolifefm.com.br\/noticias\/wp-json\/wp\/v2\/categories?post=116950"},{"taxonomy":"post_tag","embeddable":true,"href":"https:\/\/radiolifefm.com.br\/noticias\/wp-json\/wp\/v2\/tags?post=116950"}],"curies":[{"name":"wp","href":"https:\/\/api.w.org\/{rel}","templated":true}]}}