{"id":116927,"date":"2026-03-03T14:21:02","date_gmt":"2026-03-03T17:21:02","guid":{"rendered":"https:\/\/radiolifefm.com.br\/noticias\/?p=116927"},"modified":"2026-04-13T18:59:56","modified_gmt":"2026-04-13T21:59:56","slug":"policia-militar-recupera-veiculo-roubado-em-monte-castelo","status":"publish","type":"post","link":"https:\/\/radiolifefm.com.br\/noticias\/policia-militar-recupera-veiculo-roubado-em-monte-castelo\/","title":{"rendered":"POL\u00cdCIA MILITAR RECUPERA VE\u00cdCULO ROUBADO EM MONTE CASTELO"},"content":{"rendered":"<div id=\"fb-root\"><\/div>\n<p>Na madrugada do dia (02), por volta das 23h0min, policiais militares do 25\u00ba Batalh\u00e3o de Pol\u00edcia Militar do Interior, ap\u00f3s informa\u00e7\u00f5es irradiadas \u00e0s 22h30min sobre um roubo ocorrido no munic\u00edpio de Panorama, iniciaram dilig\u00eancias para localiza\u00e7\u00e3o dos envolvidos.<\/p>\n<p>Segundo a ocorr\u00eancia, foram subtra\u00eddos um ve\u00edculo Fiat Palio e um aparelho celular.<\/p>\n<p>De posse de informa\u00e7\u00f5es oriundas das dilig\u00eancias realizadas pelas equipes da 4\u00aa Companhia, a equipe direcionou patrulhamento pela Rodovia SP-563, logrando \u00eaxito em abordar o ve\u00edculo Fiat Palio, na altura do km 147, trevo do munic\u00edpio de Monte Castelo.<\/p>\n<p>Durante a busca veicular, foi localizado o celular da v\u00edtima (43 anos), sob o banco do motorista.<\/p>\n<p>O condutor do ve\u00edculo (29 anos), foi abordado e detido. O autom\u00f3vel era escoltado por uma motocicleta, que tamb\u00e9m foi abordada no local, sendo seu condutor devidamente identificado e qualificado.<\/p>\n<p>Os indiv\u00edduos e os objetos foram conduzidos ao Plant\u00e3o de Pol\u00edcia Judici\u00e1ria no munic\u00edpio de Dracena, permanecendo este \u00e0 disposi\u00e7\u00e3o da Justi\u00e7a.<\/p>\n","protected":false},"excerpt":{"rendered":"<p>Na madrugada do dia (02), por volta das 23h0min, policiais militares do 25\u00ba Batalh\u00e3o de Pol\u00edcia Militar do Interior, ap\u00f3s informa\u00e7\u00f5es irradiadas \u00e0s 22h30min sobre um roubo ocorrido no munic\u00edpio de Panorama, iniciaram dilig\u00eancias para localiza\u00e7\u00e3o dos envolvidos. Segundo a ocorr\u00eancia, foram subtra\u00eddos um ve\u00edculo Fiat Palio e um aparelho celular. De posse de informa\u00e7\u00f5es [&hellip;]<\/p>\n","protected":false},"author":8,"featured_media":116929,"comment_status":"closed","ping_status":"open","sticky":false,"template":"","format":"standard","meta":{"_acf_changed":false,"_exactmetrics_skip_tracking":false,"_exactmetrics_sitenote_active":false,"_exactmetrics_sitenote_note":"","_exactmetrics_sitenote_category":0,"footnotes":""},"categories":[66],"tags":[],"class_list":["post-116927","post","type-post","status-publish","format-standard","has-post-thumbnail","hentry","category-policia"],"acf":[],"yoast_head":"<!-- This site is optimized with the Yoast SEO plugin v27.2 - https:\/\/yoast.com\/product\/yoast-seo-wordpress\/ -->\n<title>POL\u00cdCIA MILITAR RECUPERA VE\u00cdCULO ROUBADO EM MONTE CASTELO - R\u00e1dio Life FM<\/title>\n<meta name=\"robots\" content=\"index, follow, max-snippet:-1, max-image-preview:large, max-video-preview:-1\" \/>\n<link rel=\"canonical\" href=\"https:\/\/radiolifefm.com.br\/noticias\/policia-militar-recupera-veiculo-roubado-em-monte-castelo\/\" \/>\n<meta property=\"og:locale\" content=\"pt_BR\" \/>\n<meta property=\"og:type\" content=\"article\" \/>\n<meta property=\"og:title\" content=\"POL\u00cdCIA MILITAR RECUPERA VE\u00cdCULO ROUBADO EM MONTE CASTELO - R\u00e1dio Life FM\" \/>\n<meta property=\"og:description\" content=\"Na madrugada do dia (02), por volta das 23h0min, policiais militares do 25\u00ba Batalh\u00e3o de Pol\u00edcia Militar do Interior, ap\u00f3s informa\u00e7\u00f5es irradiadas \u00e0s 22h30min sobre um roubo ocorrido no munic\u00edpio de Panorama, iniciaram dilig\u00eancias para localiza\u00e7\u00e3o dos envolvidos. Segundo a ocorr\u00eancia, foram subtra\u00eddos um ve\u00edculo Fiat Palio e um aparelho celular. De posse de informa\u00e7\u00f5es [&hellip;]\" \/>\n<meta property=\"og:url\" content=\"https:\/\/radiolifefm.com.br\/noticias\/policia-militar-recupera-veiculo-roubado-em-monte-castelo\/\" \/>\n<meta property=\"og:site_name\" content=\"R\u00e1dio Life FM\" \/>\n<meta property=\"article:publisher\" content=\"https:\/\/www.facebook.com\/radiolifefm\/\" \/>\n<meta property=\"article:published_time\" content=\"2026-03-03T17:21:02+00:00\" \/>\n<meta property=\"article:modified_time\" content=\"2026-04-13T21:59:56+00:00\" \/>\n<meta property=\"og:image\" content=\"https:\/\/radiolifefm.com.br\/noticias\/wp-content\/uploads\/2026\/03\/Capa-Site-2026-03-03T141927.575.jpg\" \/>\n\t<meta property=\"og:image:width\" content=\"1366\" \/>\n\t<meta property=\"og:image:height\" content=\"768\" \/>\n\t<meta property=\"og:image:type\" content=\"image\/jpeg\" \/>\n<meta name=\"author\" content=\"joaograndao\" \/>\n<meta name=\"twitter:card\" content=\"summary_large_image\" \/>\n<meta name=\"twitter:label1\" content=\"Escrito por\" \/>\n\t<meta name=\"twitter:data1\" content=\"joaograndao\" \/>\n\t<meta name=\"twitter:label2\" content=\"Est. tempo de leitura\" \/>\n\t<meta name=\"twitter:data2\" content=\"2 minutos\" \/>\n<script type=\"application\/ld+json\" class=\"yoast-schema-graph\">{\"@context\":\"https:\/\/schema.org\",\"@graph\":[{\"@type\":\"Article\",\"@id\":\"https:\/\/radiolifefm.com.br\/noticias\/policia-militar-recupera-veiculo-roubado-em-monte-castelo\/#article\",\"isPartOf\":{\"@id\":\"https:\/\/radiolifefm.com.br\/noticias\/policia-militar-recupera-veiculo-roubado-em-monte-castelo\/\"},\"author\":{\"name\":\"joaograndao\",\"@id\":\"https:\/\/radiolifefm.com.br\/noticias\/#\/schema\/person\/6876e1240feffe6e1b63fd5cb85abf28\"},\"headline\":\"POL\u00cdCIA MILITAR RECUPERA VE\u00cdCULO ROUBADO EM MONTE CASTELO\",\"datePublished\":\"2026-03-03T17:21:02+00:00\",\"dateModified\":\"2026-04-13T21:59:56+00:00\",\"mainEntityOfPage\":{\"@id\":\"https:\/\/radiolifefm.com.br\/noticias\/policia-militar-recupera-veiculo-roubado-em-monte-castelo\/\"},\"wordCount\":189,\"publisher\":{\"@id\":\"https:\/\/radiolifefm.com.br\/noticias\/#organization\"},\"image\":{\"@id\":\"https:\/\/radiolifefm.com.br\/noticias\/policia-militar-recupera-veiculo-roubado-em-monte-castelo\/#primaryimage\"},\"thumbnailUrl\":\"https:\/\/radiolifefm.com.br\/noticias\/wp-content\/uploads\/2026\/03\/Capa-Site-2026-03-03T141927.575.jpg\",\"articleSection\":[\"Pol\u00edcia\"],\"inLanguage\":\"pt-BR\"},{\"@type\":\"WebPage\",\"@id\":\"https:\/\/radiolifefm.com.br\/noticias\/policia-militar-recupera-veiculo-roubado-em-monte-castelo\/\",\"url\":\"https:\/\/radiolifefm.com.br\/noticias\/policia-militar-recupera-veiculo-roubado-em-monte-castelo\/\",\"name\":\"POL\u00cdCIA MILITAR RECUPERA VE\u00cdCULO ROUBADO EM MONTE CASTELO - R\u00e1dio Life FM\",\"isPartOf\":{\"@id\":\"https:\/\/radiolifefm.com.br\/noticias\/#website\"},\"primaryImageOfPage\":{\"@id\":\"https:\/\/radiolifefm.com.br\/noticias\/policia-militar-recupera-veiculo-roubado-em-monte-castelo\/#primaryimage\"},\"image\":{\"@id\":\"https:\/\/radiolifefm.com.br\/noticias\/policia-militar-recupera-veiculo-roubado-em-monte-castelo\/#primaryimage\"},\"thumbnailUrl\":\"https:\/\/radiolifefm.com.br\/noticias\/wp-content\/uploads\/2026\/03\/Capa-Site-2026-03-03T141927.575.jpg\",\"datePublished\":\"2026-03-03T17:21:02+00:00\",\"dateModified\":\"2026-04-13T21:59:56+00:00\",\"breadcrumb\":{\"@id\":\"https:\/\/radiolifefm.com.br\/noticias\/policia-militar-recupera-veiculo-roubado-em-monte-castelo\/#breadcrumb\"},\"inLanguage\":\"pt-BR\",\"potentialAction\":[{\"@type\":\"ReadAction\",\"target\":[\"https:\/\/radiolifefm.com.br\/noticias\/policia-militar-recupera-veiculo-roubado-em-monte-castelo\/\"]}]},{\"@type\":\"ImageObject\",\"inLanguage\":\"pt-BR\",\"@id\":\"https:\/\/radiolifefm.com.br\/noticias\/policia-militar-recupera-veiculo-roubado-em-monte-castelo\/#primaryimage\",\"url\":\"https:\/\/radiolifefm.com.br\/noticias\/wp-content\/uploads\/2026\/03\/Capa-Site-2026-03-03T141927.575.jpg\",\"contentUrl\":\"https:\/\/radiolifefm.com.br\/noticias\/wp-content\/uploads\/2026\/03\/Capa-Site-2026-03-03T141927.575.jpg\",\"width\":1366,\"height\":768},{\"@type\":\"BreadcrumbList\",\"@id\":\"https:\/\/radiolifefm.com.br\/noticias\/policia-militar-recupera-veiculo-roubado-em-monte-castelo\/#breadcrumb\",\"itemListElement\":[{\"@type\":\"ListItem\",\"position\":1,\"name\":\"In\u00edcio\",\"item\":\"https:\/\/radiolifefm.com.br\/noticias\/\"},{\"@type\":\"ListItem\",\"position\":2,\"name\":\"POL\u00cdCIA MILITAR RECUPERA VE\u00cdCULO ROUBADO EM MONTE CASTELO\"}]},{\"@type\":\"WebSite\",\"@id\":\"https:\/\/radiolifefm.com.br\/noticias\/#website\",\"url\":\"https:\/\/radiolifefm.com.br\/noticias\/\",\"name\":\"R\u00e1dio Life FM\",\"description\":\"O Portal de Not\u00edcias de Adamantina\",\"publisher\":{\"@id\":\"https:\/\/radiolifefm.com.br\/noticias\/#organization\"},\"alternateName\":\"Life FM\",\"potentialAction\":[{\"@type\":\"SearchAction\",\"target\":{\"@type\":\"EntryPoint\",\"urlTemplate\":\"https:\/\/radiolifefm.com.br\/noticias\/?s={search_term_string}\"},\"query-input\":{\"@type\":\"PropertyValueSpecification\",\"valueRequired\":true,\"valueName\":\"search_term_string\"}}],\"inLanguage\":\"pt-BR\"},{\"@type\":\"Organization\",\"@id\":\"https:\/\/radiolifefm.com.br\/noticias\/#organization\",\"name\":\"R\u00e1dio Life FM\",\"alternateName\":\"Life FM\",\"url\":\"https:\/\/radiolifefm.com.br\/noticias\/\",\"logo\":{\"@type\":\"ImageObject\",\"inLanguage\":\"pt-BR\",\"@id\":\"https:\/\/radiolifefm.com.br\/noticias\/#\/schema\/logo\/image\/\",\"url\":\"https:\/\/static.radiolifefm.com.br\/noticias\/wp-content\/uploads\/2019\/10\/logo-lifefm.png\",\"contentUrl\":\"https:\/\/static.radiolifefm.com.br\/noticias\/wp-content\/uploads\/2019\/10\/logo-lifefm.png\",\"width\":196,\"height\":47,\"caption\":\"R\u00e1dio Life FM\"},\"image\":{\"@id\":\"https:\/\/radiolifefm.com.br\/noticias\/#\/schema\/logo\/image\/\"},\"sameAs\":[\"https:\/\/www.facebook.com\/radiolifefm\/\",\"https:\/\/www.instagram.com\/life1079fm\/\"]},{\"@type\":\"Person\",\"@id\":\"https:\/\/radiolifefm.com.br\/noticias\/#\/schema\/person\/6876e1240feffe6e1b63fd5cb85abf28\",\"name\":\"joaograndao\",\"image\":{\"@type\":\"ImageObject\",\"inLanguage\":\"pt-BR\",\"@id\":\"https:\/\/secure.gravatar.com\/avatar\/d5b1a3cf357ed9c50404e256a1294083aa8ab5d2a994001567302786016cb32c?s=96&d=mm&r=g\",\"url\":\"https:\/\/secure.gravatar.com\/avatar\/d5b1a3cf357ed9c50404e256a1294083aa8ab5d2a994001567302786016cb32c?s=96&d=mm&r=g\",\"contentUrl\":\"https:\/\/secure.gravatar.com\/avatar\/d5b1a3cf357ed9c50404e256a1294083aa8ab5d2a994001567302786016cb32c?s=96&d=mm&r=g\",\"caption\":\"joaograndao\"}}]}<\/script>\n<!-- \/ Yoast SEO plugin. -->","yoast_head_json":{"title":"POL\u00cdCIA MILITAR RECUPERA VE\u00cdCULO ROUBADO EM MONTE CASTELO - R\u00e1dio Life FM","robots":{"index":"index","follow":"follow","max-snippet":"max-snippet:-1","max-image-preview":"max-image-preview:large","max-video-preview":"max-video-preview:-1"},"canonical":"https:\/\/radiolifefm.com.br\/noticias\/policia-militar-recupera-veiculo-roubado-em-monte-castelo\/","og_locale":"pt_BR","og_type":"article","og_title":"POL\u00cdCIA MILITAR RECUPERA VE\u00cdCULO ROUBADO EM MONTE CASTELO - R\u00e1dio Life FM","og_description":"Na madrugada do dia (02), por volta das 23h0min, policiais militares do 25\u00ba Batalh\u00e3o de Pol\u00edcia Militar do Interior, ap\u00f3s informa\u00e7\u00f5es irradiadas \u00e0s 22h30min sobre um roubo ocorrido no munic\u00edpio de Panorama, iniciaram dilig\u00eancias para localiza\u00e7\u00e3o dos envolvidos. Segundo a ocorr\u00eancia, foram subtra\u00eddos um ve\u00edculo Fiat Palio e um aparelho celular. De posse de informa\u00e7\u00f5es [&hellip;]","og_url":"https:\/\/radiolifefm.com.br\/noticias\/policia-militar-recupera-veiculo-roubado-em-monte-castelo\/","og_site_name":"R\u00e1dio Life FM","article_publisher":"https:\/\/www.facebook.com\/radiolifefm\/","article_published_time":"2026-03-03T17:21:02+00:00","article_modified_time":"2026-04-13T21:59:56+00:00","og_image":[{"width":1366,"height":768,"url":"https:\/\/radiolifefm.com.br\/noticias\/wp-content\/uploads\/2026\/03\/Capa-Site-2026-03-03T141927.575.jpg","type":"image\/jpeg"}],"author":"joaograndao","twitter_card":"summary_large_image","twitter_misc":{"Escrito por":"joaograndao","Est. tempo de leitura":"2 minutos"},"schema":{"@context":"https:\/\/schema.org","@graph":[{"@type":"Article","@id":"https:\/\/radiolifefm.com.br\/noticias\/policia-militar-recupera-veiculo-roubado-em-monte-castelo\/#article","isPartOf":{"@id":"https:\/\/radiolifefm.com.br\/noticias\/policia-militar-recupera-veiculo-roubado-em-monte-castelo\/"},"author":{"name":"joaograndao","@id":"https:\/\/radiolifefm.com.br\/noticias\/#\/schema\/person\/6876e1240feffe6e1b63fd5cb85abf28"},"headline":"POL\u00cdCIA MILITAR RECUPERA VE\u00cdCULO ROUBADO EM MONTE CASTELO","datePublished":"2026-03-03T17:21:02+00:00","dateModified":"2026-04-13T21:59:56+00:00","mainEntityOfPage":{"@id":"https:\/\/radiolifefm.com.br\/noticias\/policia-militar-recupera-veiculo-roubado-em-monte-castelo\/"},"wordCount":189,"publisher":{"@id":"https:\/\/radiolifefm.com.br\/noticias\/#organization"},"image":{"@id":"https:\/\/radiolifefm.com.br\/noticias\/policia-militar-recupera-veiculo-roubado-em-monte-castelo\/#primaryimage"},"thumbnailUrl":"https:\/\/radiolifefm.com.br\/noticias\/wp-content\/uploads\/2026\/03\/Capa-Site-2026-03-03T141927.575.jpg","articleSection":["Pol\u00edcia"],"inLanguage":"pt-BR"},{"@type":"WebPage","@id":"https:\/\/radiolifefm.com.br\/noticias\/policia-militar-recupera-veiculo-roubado-em-monte-castelo\/","url":"https:\/\/radiolifefm.com.br\/noticias\/policia-militar-recupera-veiculo-roubado-em-monte-castelo\/","name":"POL\u00cdCIA MILITAR RECUPERA VE\u00cdCULO ROUBADO EM MONTE CASTELO - R\u00e1dio Life FM","isPartOf":{"@id":"https:\/\/radiolifefm.com.br\/noticias\/#website"},"primaryImageOfPage":{"@id":"https:\/\/radiolifefm.com.br\/noticias\/policia-militar-recupera-veiculo-roubado-em-monte-castelo\/#primaryimage"},"image":{"@id":"https:\/\/radiolifefm.com.br\/noticias\/policia-militar-recupera-veiculo-roubado-em-monte-castelo\/#primaryimage"},"thumbnailUrl":"https:\/\/radiolifefm.com.br\/noticias\/wp-content\/uploads\/2026\/03\/Capa-Site-2026-03-03T141927.575.jpg","datePublished":"2026-03-03T17:21:02+00:00","dateModified":"2026-04-13T21:59:56+00:00","breadcrumb":{"@id":"https:\/\/radiolifefm.com.br\/noticias\/policia-militar-recupera-veiculo-roubado-em-monte-castelo\/#breadcrumb"},"inLanguage":"pt-BR","potentialAction":[{"@type":"ReadAction","target":["https:\/\/radiolifefm.com.br\/noticias\/policia-militar-recupera-veiculo-roubado-em-monte-castelo\/"]}]},{"@type":"ImageObject","inLanguage":"pt-BR","@id":"https:\/\/radiolifefm.com.br\/noticias\/policia-militar-recupera-veiculo-roubado-em-monte-castelo\/#primaryimage","url":"https:\/\/radiolifefm.com.br\/noticias\/wp-content\/uploads\/2026\/03\/Capa-Site-2026-03-03T141927.575.jpg","contentUrl":"https:\/\/radiolifefm.com.br\/noticias\/wp-content\/uploads\/2026\/03\/Capa-Site-2026-03-03T141927.575.jpg","width":1366,"height":768},{"@type":"BreadcrumbList","@id":"https:\/\/radiolifefm.com.br\/noticias\/policia-militar-recupera-veiculo-roubado-em-monte-castelo\/#breadcrumb","itemListElement":[{"@type":"ListItem","position":1,"name":"In\u00edcio","item":"https:\/\/radiolifefm.com.br\/noticias\/"},{"@type":"ListItem","position":2,"name":"POL\u00cdCIA MILITAR RECUPERA VE\u00cdCULO ROUBADO EM MONTE CASTELO"}]},{"@type":"WebSite","@id":"https:\/\/radiolifefm.com.br\/noticias\/#website","url":"https:\/\/radiolifefm.com.br\/noticias\/","name":"R\u00e1dio Life FM","description":"O Portal de Not\u00edcias de Adamantina","publisher":{"@id":"https:\/\/radiolifefm.com.br\/noticias\/#organization"},"alternateName":"Life FM","potentialAction":[{"@type":"SearchAction","target":{"@type":"EntryPoint","urlTemplate":"https:\/\/radiolifefm.com.br\/noticias\/?s={search_term_string}"},"query-input":{"@type":"PropertyValueSpecification","valueRequired":true,"valueName":"search_term_string"}}],"inLanguage":"pt-BR"},{"@type":"Organization","@id":"https:\/\/radiolifefm.com.br\/noticias\/#organization","name":"R\u00e1dio Life FM","alternateName":"Life FM","url":"https:\/\/radiolifefm.com.br\/noticias\/","logo":{"@type":"ImageObject","inLanguage":"pt-BR","@id":"https:\/\/radiolifefm.com.br\/noticias\/#\/schema\/logo\/image\/","url":"https:\/\/static.radiolifefm.com.br\/noticias\/wp-content\/uploads\/2019\/10\/logo-lifefm.png","contentUrl":"https:\/\/static.radiolifefm.com.br\/noticias\/wp-content\/uploads\/2019\/10\/logo-lifefm.png","width":196,"height":47,"caption":"R\u00e1dio Life FM"},"image":{"@id":"https:\/\/radiolifefm.com.br\/noticias\/#\/schema\/logo\/image\/"},"sameAs":["https:\/\/www.facebook.com\/radiolifefm\/","https:\/\/www.instagram.com\/life1079fm\/"]},{"@type":"Person","@id":"https:\/\/radiolifefm.com.br\/noticias\/#\/schema\/person\/6876e1240feffe6e1b63fd5cb85abf28","name":"joaograndao","image":{"@type":"ImageObject","inLanguage":"pt-BR","@id":"https:\/\/secure.gravatar.com\/avatar\/d5b1a3cf357ed9c50404e256a1294083aa8ab5d2a994001567302786016cb32c?s=96&d=mm&r=g","url":"https:\/\/secure.gravatar.com\/avatar\/d5b1a3cf357ed9c50404e256a1294083aa8ab5d2a994001567302786016cb32c?s=96&d=mm&r=g","contentUrl":"https:\/\/secure.gravatar.com\/avatar\/d5b1a3cf357ed9c50404e256a1294083aa8ab5d2a994001567302786016cb32c?s=96&d=mm&r=g","caption":"joaograndao"}}]}},"amp_enabled":true,"_links":{"self":[{"href":"https:\/\/radiolifefm.com.br\/noticias\/wp-json\/wp\/v2\/posts\/116927","targetHints":{"allow":["GET"]}}],"collection":[{"href":"https:\/\/radiolifefm.com.br\/noticias\/wp-json\/wp\/v2\/posts"}],"about":[{"href":"https:\/\/radiolifefm.com.br\/noticias\/wp-json\/wp\/v2\/types\/post"}],"author":[{"embeddable":true,"href":"https:\/\/radiolifefm.com.br\/noticias\/wp-json\/wp\/v2\/users\/8"}],"replies":[{"embeddable":true,"href":"https:\/\/radiolifefm.com.br\/noticias\/wp-json\/wp\/v2\/comments?post=116927"}],"version-history":[{"count":1,"href":"https:\/\/radiolifefm.com.br\/noticias\/wp-json\/wp\/v2\/posts\/116927\/revisions"}],"predecessor-version":[{"id":116928,"href":"https:\/\/radiolifefm.com.br\/noticias\/wp-json\/wp\/v2\/posts\/116927\/revisions\/116928"}],"wp:featuredmedia":[{"embeddable":true,"href":"https:\/\/radiolifefm.com.br\/noticias\/wp-json\/wp\/v2\/media\/116929"}],"wp:attachment":[{"href":"https:\/\/radiolifefm.com.br\/noticias\/wp-json\/wp\/v2\/media?parent=116927"}],"wp:term":[{"taxonomy":"category","embeddable":true,"href":"https:\/\/radiolifefm.com.br\/noticias\/wp-json\/wp\/v2\/categories?post=116927"},{"taxonomy":"post_tag","embeddable":true,"href":"https:\/\/radiolifefm.com.br\/noticias\/wp-json\/wp\/v2\/tags?post=116927"}],"curies":[{"name":"wp","href":"https:\/\/api.w.org\/{rel}","templated":true}]}}