{"id":11685,"date":"2019-04-05T09:15:31","date_gmt":"2019-04-05T12:15:31","guid":{"rendered":"https:\/\/radiolifefm.com.br\/noticias\/?p=11685"},"modified":"2026-04-22T04:16:26","modified_gmt":"2026-04-22T07:16:26","slug":"maconha-enviada-via-sedex-e-apreendida-na-penitenciaria-de-osvaldo-cruz","status":"publish","type":"post","link":"https:\/\/radiolifefm.com.br\/noticias\/maconha-enviada-via-sedex-e-apreendida-na-penitenciaria-de-osvaldo-cruz\/","title":{"rendered":"Maconha enviada via sedex \u00e9 apreendida na Penitenci\u00e1ria de Osvaldo Cruz"},"content":{"rendered":"<div id=\"fb-root\"><\/div>\n<p><em>Entorpecente estava acondicionado em tubos de creme dental em encomenda postada pelo pai de um dos detentos da unidade<\/em><br \/>\nNesta quinta-feira (04), foi registrada na Penitenci\u00e1ria de Osvaldo Cruz, uma apreens\u00e3o de subst\u00e2ncia entorpecente enviada para um preso via Sedex.<br \/>\nSegundo informa\u00e7\u00f5es, um Agente de Seguran\u00e7a Penitenci\u00e1ria, enquanto submetia \u00e0 revista os produtos enviados via Sedex ao reeducando de iniciais T.G.C.A., condenado a 5 anos e 6 meses de pris\u00e3o pelo crime de roubo, encontrou, enrolada em pl\u00e1stico, certa quantidade de subst\u00e2ncia aparentando ser maconha, acondicionada dentro de tr\u00eas tubos de creme dental da marca &#8220;COLGATE TOTAL 12&#8221;.<br \/>\nConstou como remetente J.E.C.A., cadastrado no sistema como pai do preso.<br \/>\nEsta \u00e9 a segunda tentativa de entrada de il\u00edcitos via sedex na Penitenci\u00e1ria de Osvaldo Cruz neste ano.<br \/>\nAs provid\u00eancias policiais e administrativas foram tomadas e o preso foi colocado em isolamento para melhor apura\u00e7\u00e3o dos fatos.<\/p>\n<p>Portal Metr\u00f3pole de Not\u00edcias<br \/>\nFotos \u2013 Pol\u00edcia &#8211; Cedida<\/p>\n<p>Reda\u00e7\u00e3o &#8211; Kako de Oliviera<\/p>\n<div class='flex flex-wrap items-center -mx-1'>\r\n<a class='thumbnail gallery p-1 w-1\/2 md:w-1\/4' href='https:\/\/radiolifefm.com.br\/noticias\/wp-content\/uploads\/2019\/04\/Penitenci\u00e1ria-de-Osvaldo-Cruz-2.jpg'><img class='border border-white' src='https:\/\/radiolifefm.com.br\/noticias\/wp-content\/uploads\/2019\/04\/Penitenci\u00e1ria-de-Osvaldo-Cruz-2-200x200.jpg' alt='Penitenci\u00e1ria De Osvaldo Cruz   2' \/><\/a><a class='thumbnail gallery p-1 w-1\/2 md:w-1\/4' href='https:\/\/radiolifefm.com.br\/noticias\/wp-content\/uploads\/2019\/04\/Penitenci\u00e1ria-de-Osvaldo-cruz-1.jpg'><img class='border border-white' src='https:\/\/radiolifefm.com.br\/noticias\/wp-content\/uploads\/2019\/04\/Penitenci\u00e1ria-de-Osvaldo-cruz-1-200x200.jpg' alt='Penitenci\u00e1ria De Osvaldo Cruz   1' \/><\/a><\/div>\n","protected":false},"excerpt":{"rendered":"<p>Entorpecente estava acondicionado em tubos de creme dental em encomenda postada pelo pai de um dos detentos da unidade Nesta quinta-feira (04), foi registrada na Penitenci\u00e1ria de Osvaldo Cruz, uma apreens\u00e3o de subst\u00e2ncia entorpecente enviada para um preso via Sedex. Segundo informa\u00e7\u00f5es, um Agente de Seguran\u00e7a Penitenci\u00e1ria, enquanto submetia \u00e0 revista os produtos enviados via [&hellip;]<\/p>\n","protected":false},"author":8,"featured_media":11687,"comment_status":"open","ping_status":"open","sticky":false,"template":"","format":"standard","meta":{"_acf_changed":false,"_exactmetrics_skip_tracking":false,"_exactmetrics_sitenote_active":false,"_exactmetrics_sitenote_note":"","_exactmetrics_sitenote_category":0,"footnotes":""},"categories":[24],"tags":[],"class_list":["post-11685","post","type-post","status-publish","format-standard","has-post-thumbnail","hentry","category-regiao"],"acf":[],"yoast_head":"<!-- This site is optimized with the Yoast SEO plugin v27.2 - https:\/\/yoast.com\/product\/yoast-seo-wordpress\/ -->\n<title>Maconha enviada via sedex \u00e9 apreendida na Penitenci\u00e1ria de Osvaldo Cruz - R\u00e1dio Life FM<\/title>\n<meta name=\"robots\" content=\"index, follow, max-snippet:-1, max-image-preview:large, max-video-preview:-1\" \/>\n<link rel=\"canonical\" href=\"https:\/\/radiolifefm.com.br\/noticias\/maconha-enviada-via-sedex-e-apreendida-na-penitenciaria-de-osvaldo-cruz\/\" \/>\n<meta property=\"og:locale\" content=\"pt_BR\" \/>\n<meta property=\"og:type\" content=\"article\" \/>\n<meta property=\"og:title\" content=\"Maconha enviada via sedex \u00e9 apreendida na Penitenci\u00e1ria de Osvaldo Cruz - R\u00e1dio Life FM\" \/>\n<meta property=\"og:description\" content=\"Entorpecente estava acondicionado em tubos de creme dental em encomenda postada pelo pai de um dos detentos da unidade Nesta quinta-feira (04), foi registrada na Penitenci\u00e1ria de Osvaldo Cruz, uma apreens\u00e3o de subst\u00e2ncia entorpecente enviada para um preso via Sedex. Segundo informa\u00e7\u00f5es, um Agente de Seguran\u00e7a Penitenci\u00e1ria, enquanto submetia \u00e0 revista os produtos enviados via [&hellip;]\" \/>\n<meta property=\"og:url\" content=\"https:\/\/radiolifefm.com.br\/noticias\/maconha-enviada-via-sedex-e-apreendida-na-penitenciaria-de-osvaldo-cruz\/\" \/>\n<meta property=\"og:site_name\" content=\"R\u00e1dio Life FM\" \/>\n<meta property=\"article:publisher\" content=\"https:\/\/www.facebook.com\/radiolifefm\/\" \/>\n<meta property=\"article:published_time\" content=\"2019-04-05T12:15:31+00:00\" \/>\n<meta property=\"article:modified_time\" content=\"2026-04-22T07:16:26+00:00\" \/>\n<meta property=\"og:image\" content=\"https:\/\/radiolifefm.com.br\/noticias\/wp-content\/uploads\/2019\/04\/Penitenci\u00e1ria-de-Osvaldo-Cruz.jpg\" \/>\n\t<meta property=\"og:image:width\" content=\"605\" \/>\n\t<meta property=\"og:image:height\" content=\"539\" \/>\n\t<meta property=\"og:image:type\" content=\"image\/jpeg\" \/>\n<meta name=\"author\" content=\"joaograndao\" \/>\n<meta name=\"twitter:card\" content=\"summary_large_image\" \/>\n<meta name=\"twitter:label1\" content=\"Escrito por\" \/>\n\t<meta name=\"twitter:data1\" content=\"joaograndao\" \/>\n\t<meta name=\"twitter:label2\" content=\"Est. tempo de leitura\" \/>\n\t<meta name=\"twitter:data2\" content=\"1 minuto\" \/>\n<script type=\"application\/ld+json\" class=\"yoast-schema-graph\">{\"@context\":\"https:\/\/schema.org\",\"@graph\":[{\"@type\":\"Article\",\"@id\":\"https:\/\/radiolifefm.com.br\/noticias\/maconha-enviada-via-sedex-e-apreendida-na-penitenciaria-de-osvaldo-cruz\/#article\",\"isPartOf\":{\"@id\":\"https:\/\/radiolifefm.com.br\/noticias\/maconha-enviada-via-sedex-e-apreendida-na-penitenciaria-de-osvaldo-cruz\/\"},\"author\":{\"name\":\"joaograndao\",\"@id\":\"https:\/\/radiolifefm.com.br\/noticias\/#\/schema\/person\/6876e1240feffe6e1b63fd5cb85abf28\"},\"headline\":\"Maconha enviada via sedex \u00e9 apreendida na Penitenci\u00e1ria de Osvaldo Cruz\",\"datePublished\":\"2019-04-05T12:15:31+00:00\",\"dateModified\":\"2026-04-22T07:16:26+00:00\",\"mainEntityOfPage\":{\"@id\":\"https:\/\/radiolifefm.com.br\/noticias\/maconha-enviada-via-sedex-e-apreendida-na-penitenciaria-de-osvaldo-cruz\/\"},\"wordCount\":190,\"commentCount\":0,\"publisher\":{\"@id\":\"https:\/\/radiolifefm.com.br\/noticias\/#organization\"},\"image\":{\"@id\":\"https:\/\/radiolifefm.com.br\/noticias\/maconha-enviada-via-sedex-e-apreendida-na-penitenciaria-de-osvaldo-cruz\/#primaryimage\"},\"thumbnailUrl\":\"https:\/\/radiolifefm.com.br\/noticias\/wp-content\/uploads\/2019\/04\/Penitenci\u00e1ria-de-Osvaldo-Cruz.jpg\",\"articleSection\":[\"Regi\u00e3o\"],\"inLanguage\":\"pt-BR\",\"potentialAction\":[{\"@type\":\"CommentAction\",\"name\":\"Comment\",\"target\":[\"https:\/\/radiolifefm.com.br\/noticias\/maconha-enviada-via-sedex-e-apreendida-na-penitenciaria-de-osvaldo-cruz\/#respond\"]}]},{\"@type\":\"WebPage\",\"@id\":\"https:\/\/radiolifefm.com.br\/noticias\/maconha-enviada-via-sedex-e-apreendida-na-penitenciaria-de-osvaldo-cruz\/\",\"url\":\"https:\/\/radiolifefm.com.br\/noticias\/maconha-enviada-via-sedex-e-apreendida-na-penitenciaria-de-osvaldo-cruz\/\",\"name\":\"Maconha enviada via sedex \u00e9 apreendida na Penitenci\u00e1ria de Osvaldo Cruz - R\u00e1dio Life FM\",\"isPartOf\":{\"@id\":\"https:\/\/radiolifefm.com.br\/noticias\/#website\"},\"primaryImageOfPage\":{\"@id\":\"https:\/\/radiolifefm.com.br\/noticias\/maconha-enviada-via-sedex-e-apreendida-na-penitenciaria-de-osvaldo-cruz\/#primaryimage\"},\"image\":{\"@id\":\"https:\/\/radiolifefm.com.br\/noticias\/maconha-enviada-via-sedex-e-apreendida-na-penitenciaria-de-osvaldo-cruz\/#primaryimage\"},\"thumbnailUrl\":\"https:\/\/radiolifefm.com.br\/noticias\/wp-content\/uploads\/2019\/04\/Penitenci\u00e1ria-de-Osvaldo-Cruz.jpg\",\"datePublished\":\"2019-04-05T12:15:31+00:00\",\"dateModified\":\"2026-04-22T07:16:26+00:00\",\"breadcrumb\":{\"@id\":\"https:\/\/radiolifefm.com.br\/noticias\/maconha-enviada-via-sedex-e-apreendida-na-penitenciaria-de-osvaldo-cruz\/#breadcrumb\"},\"inLanguage\":\"pt-BR\",\"potentialAction\":[{\"@type\":\"ReadAction\",\"target\":[\"https:\/\/radiolifefm.com.br\/noticias\/maconha-enviada-via-sedex-e-apreendida-na-penitenciaria-de-osvaldo-cruz\/\"]}]},{\"@type\":\"ImageObject\",\"inLanguage\":\"pt-BR\",\"@id\":\"https:\/\/radiolifefm.com.br\/noticias\/maconha-enviada-via-sedex-e-apreendida-na-penitenciaria-de-osvaldo-cruz\/#primaryimage\",\"url\":\"https:\/\/radiolifefm.com.br\/noticias\/wp-content\/uploads\/2019\/04\/Penitenci\u00e1ria-de-Osvaldo-Cruz.jpg\",\"contentUrl\":\"https:\/\/radiolifefm.com.br\/noticias\/wp-content\/uploads\/2019\/04\/Penitenci\u00e1ria-de-Osvaldo-Cruz.jpg\",\"width\":605,\"height\":539,\"caption\":\"Maconha \u00e9 apreendida ap\u00f3s ter sido enviada via sedex na penitenci\u00e1ria de Osvaldo Cruz\"},{\"@type\":\"BreadcrumbList\",\"@id\":\"https:\/\/radiolifefm.com.br\/noticias\/maconha-enviada-via-sedex-e-apreendida-na-penitenciaria-de-osvaldo-cruz\/#breadcrumb\",\"itemListElement\":[{\"@type\":\"ListItem\",\"position\":1,\"name\":\"In\u00edcio\",\"item\":\"https:\/\/radiolifefm.com.br\/noticias\/\"},{\"@type\":\"ListItem\",\"position\":2,\"name\":\"Maconha enviada via sedex \u00e9 apreendida na Penitenci\u00e1ria de Osvaldo Cruz\"}]},{\"@type\":\"WebSite\",\"@id\":\"https:\/\/radiolifefm.com.br\/noticias\/#website\",\"url\":\"https:\/\/radiolifefm.com.br\/noticias\/\",\"name\":\"R\u00e1dio Life FM\",\"description\":\"O Portal de Not\u00edcias de Adamantina\",\"publisher\":{\"@id\":\"https:\/\/radiolifefm.com.br\/noticias\/#organization\"},\"alternateName\":\"Life FM\",\"potentialAction\":[{\"@type\":\"SearchAction\",\"target\":{\"@type\":\"EntryPoint\",\"urlTemplate\":\"https:\/\/radiolifefm.com.br\/noticias\/?s={search_term_string}\"},\"query-input\":{\"@type\":\"PropertyValueSpecification\",\"valueRequired\":true,\"valueName\":\"search_term_string\"}}],\"inLanguage\":\"pt-BR\"},{\"@type\":\"Organization\",\"@id\":\"https:\/\/radiolifefm.com.br\/noticias\/#organization\",\"name\":\"R\u00e1dio Life FM\",\"alternateName\":\"Life FM\",\"url\":\"https:\/\/radiolifefm.com.br\/noticias\/\",\"logo\":{\"@type\":\"ImageObject\",\"inLanguage\":\"pt-BR\",\"@id\":\"https:\/\/radiolifefm.com.br\/noticias\/#\/schema\/logo\/image\/\",\"url\":\"https:\/\/static.radiolifefm.com.br\/noticias\/wp-content\/uploads\/2019\/10\/logo-lifefm.png\",\"contentUrl\":\"https:\/\/static.radiolifefm.com.br\/noticias\/wp-content\/uploads\/2019\/10\/logo-lifefm.png\",\"width\":196,\"height\":47,\"caption\":\"R\u00e1dio Life FM\"},\"image\":{\"@id\":\"https:\/\/radiolifefm.com.br\/noticias\/#\/schema\/logo\/image\/\"},\"sameAs\":[\"https:\/\/www.facebook.com\/radiolifefm\/\",\"https:\/\/www.instagram.com\/life1079fm\/\"]},{\"@type\":\"Person\",\"@id\":\"https:\/\/radiolifefm.com.br\/noticias\/#\/schema\/person\/6876e1240feffe6e1b63fd5cb85abf28\",\"name\":\"joaograndao\",\"image\":{\"@type\":\"ImageObject\",\"inLanguage\":\"pt-BR\",\"@id\":\"https:\/\/secure.gravatar.com\/avatar\/d5b1a3cf357ed9c50404e256a1294083aa8ab5d2a994001567302786016cb32c?s=96&d=mm&r=g\",\"url\":\"https:\/\/secure.gravatar.com\/avatar\/d5b1a3cf357ed9c50404e256a1294083aa8ab5d2a994001567302786016cb32c?s=96&d=mm&r=g\",\"contentUrl\":\"https:\/\/secure.gravatar.com\/avatar\/d5b1a3cf357ed9c50404e256a1294083aa8ab5d2a994001567302786016cb32c?s=96&d=mm&r=g\",\"caption\":\"joaograndao\"}}]}<\/script>\n<!-- \/ Yoast SEO plugin. -->","yoast_head_json":{"title":"Maconha enviada via sedex \u00e9 apreendida na Penitenci\u00e1ria de Osvaldo Cruz - R\u00e1dio Life FM","robots":{"index":"index","follow":"follow","max-snippet":"max-snippet:-1","max-image-preview":"max-image-preview:large","max-video-preview":"max-video-preview:-1"},"canonical":"https:\/\/radiolifefm.com.br\/noticias\/maconha-enviada-via-sedex-e-apreendida-na-penitenciaria-de-osvaldo-cruz\/","og_locale":"pt_BR","og_type":"article","og_title":"Maconha enviada via sedex \u00e9 apreendida na Penitenci\u00e1ria de Osvaldo Cruz - R\u00e1dio Life FM","og_description":"Entorpecente estava acondicionado em tubos de creme dental em encomenda postada pelo pai de um dos detentos da unidade Nesta quinta-feira (04), foi registrada na Penitenci\u00e1ria de Osvaldo Cruz, uma apreens\u00e3o de subst\u00e2ncia entorpecente enviada para um preso via Sedex. Segundo informa\u00e7\u00f5es, um Agente de Seguran\u00e7a Penitenci\u00e1ria, enquanto submetia \u00e0 revista os produtos enviados via [&hellip;]","og_url":"https:\/\/radiolifefm.com.br\/noticias\/maconha-enviada-via-sedex-e-apreendida-na-penitenciaria-de-osvaldo-cruz\/","og_site_name":"R\u00e1dio Life FM","article_publisher":"https:\/\/www.facebook.com\/radiolifefm\/","article_published_time":"2019-04-05T12:15:31+00:00","article_modified_time":"2026-04-22T07:16:26+00:00","og_image":[{"width":605,"height":539,"url":"https:\/\/radiolifefm.com.br\/noticias\/wp-content\/uploads\/2019\/04\/Penitenci\u00e1ria-de-Osvaldo-Cruz.jpg","type":"image\/jpeg"}],"author":"joaograndao","twitter_card":"summary_large_image","twitter_misc":{"Escrito por":"joaograndao","Est. tempo de leitura":"1 minuto"},"schema":{"@context":"https:\/\/schema.org","@graph":[{"@type":"Article","@id":"https:\/\/radiolifefm.com.br\/noticias\/maconha-enviada-via-sedex-e-apreendida-na-penitenciaria-de-osvaldo-cruz\/#article","isPartOf":{"@id":"https:\/\/radiolifefm.com.br\/noticias\/maconha-enviada-via-sedex-e-apreendida-na-penitenciaria-de-osvaldo-cruz\/"},"author":{"name":"joaograndao","@id":"https:\/\/radiolifefm.com.br\/noticias\/#\/schema\/person\/6876e1240feffe6e1b63fd5cb85abf28"},"headline":"Maconha enviada via sedex \u00e9 apreendida na Penitenci\u00e1ria de Osvaldo Cruz","datePublished":"2019-04-05T12:15:31+00:00","dateModified":"2026-04-22T07:16:26+00:00","mainEntityOfPage":{"@id":"https:\/\/radiolifefm.com.br\/noticias\/maconha-enviada-via-sedex-e-apreendida-na-penitenciaria-de-osvaldo-cruz\/"},"wordCount":190,"commentCount":0,"publisher":{"@id":"https:\/\/radiolifefm.com.br\/noticias\/#organization"},"image":{"@id":"https:\/\/radiolifefm.com.br\/noticias\/maconha-enviada-via-sedex-e-apreendida-na-penitenciaria-de-osvaldo-cruz\/#primaryimage"},"thumbnailUrl":"https:\/\/radiolifefm.com.br\/noticias\/wp-content\/uploads\/2019\/04\/Penitenci\u00e1ria-de-Osvaldo-Cruz.jpg","articleSection":["Regi\u00e3o"],"inLanguage":"pt-BR","potentialAction":[{"@type":"CommentAction","name":"Comment","target":["https:\/\/radiolifefm.com.br\/noticias\/maconha-enviada-via-sedex-e-apreendida-na-penitenciaria-de-osvaldo-cruz\/#respond"]}]},{"@type":"WebPage","@id":"https:\/\/radiolifefm.com.br\/noticias\/maconha-enviada-via-sedex-e-apreendida-na-penitenciaria-de-osvaldo-cruz\/","url":"https:\/\/radiolifefm.com.br\/noticias\/maconha-enviada-via-sedex-e-apreendida-na-penitenciaria-de-osvaldo-cruz\/","name":"Maconha enviada via sedex \u00e9 apreendida na Penitenci\u00e1ria de Osvaldo Cruz - R\u00e1dio Life FM","isPartOf":{"@id":"https:\/\/radiolifefm.com.br\/noticias\/#website"},"primaryImageOfPage":{"@id":"https:\/\/radiolifefm.com.br\/noticias\/maconha-enviada-via-sedex-e-apreendida-na-penitenciaria-de-osvaldo-cruz\/#primaryimage"},"image":{"@id":"https:\/\/radiolifefm.com.br\/noticias\/maconha-enviada-via-sedex-e-apreendida-na-penitenciaria-de-osvaldo-cruz\/#primaryimage"},"thumbnailUrl":"https:\/\/radiolifefm.com.br\/noticias\/wp-content\/uploads\/2019\/04\/Penitenci\u00e1ria-de-Osvaldo-Cruz.jpg","datePublished":"2019-04-05T12:15:31+00:00","dateModified":"2026-04-22T07:16:26+00:00","breadcrumb":{"@id":"https:\/\/radiolifefm.com.br\/noticias\/maconha-enviada-via-sedex-e-apreendida-na-penitenciaria-de-osvaldo-cruz\/#breadcrumb"},"inLanguage":"pt-BR","potentialAction":[{"@type":"ReadAction","target":["https:\/\/radiolifefm.com.br\/noticias\/maconha-enviada-via-sedex-e-apreendida-na-penitenciaria-de-osvaldo-cruz\/"]}]},{"@type":"ImageObject","inLanguage":"pt-BR","@id":"https:\/\/radiolifefm.com.br\/noticias\/maconha-enviada-via-sedex-e-apreendida-na-penitenciaria-de-osvaldo-cruz\/#primaryimage","url":"https:\/\/radiolifefm.com.br\/noticias\/wp-content\/uploads\/2019\/04\/Penitenci\u00e1ria-de-Osvaldo-Cruz.jpg","contentUrl":"https:\/\/radiolifefm.com.br\/noticias\/wp-content\/uploads\/2019\/04\/Penitenci\u00e1ria-de-Osvaldo-Cruz.jpg","width":605,"height":539,"caption":"Maconha \u00e9 apreendida ap\u00f3s ter sido enviada via sedex na penitenci\u00e1ria de Osvaldo Cruz"},{"@type":"BreadcrumbList","@id":"https:\/\/radiolifefm.com.br\/noticias\/maconha-enviada-via-sedex-e-apreendida-na-penitenciaria-de-osvaldo-cruz\/#breadcrumb","itemListElement":[{"@type":"ListItem","position":1,"name":"In\u00edcio","item":"https:\/\/radiolifefm.com.br\/noticias\/"},{"@type":"ListItem","position":2,"name":"Maconha enviada via sedex \u00e9 apreendida na Penitenci\u00e1ria de Osvaldo Cruz"}]},{"@type":"WebSite","@id":"https:\/\/radiolifefm.com.br\/noticias\/#website","url":"https:\/\/radiolifefm.com.br\/noticias\/","name":"R\u00e1dio Life FM","description":"O Portal de Not\u00edcias de Adamantina","publisher":{"@id":"https:\/\/radiolifefm.com.br\/noticias\/#organization"},"alternateName":"Life FM","potentialAction":[{"@type":"SearchAction","target":{"@type":"EntryPoint","urlTemplate":"https:\/\/radiolifefm.com.br\/noticias\/?s={search_term_string}"},"query-input":{"@type":"PropertyValueSpecification","valueRequired":true,"valueName":"search_term_string"}}],"inLanguage":"pt-BR"},{"@type":"Organization","@id":"https:\/\/radiolifefm.com.br\/noticias\/#organization","name":"R\u00e1dio Life FM","alternateName":"Life FM","url":"https:\/\/radiolifefm.com.br\/noticias\/","logo":{"@type":"ImageObject","inLanguage":"pt-BR","@id":"https:\/\/radiolifefm.com.br\/noticias\/#\/schema\/logo\/image\/","url":"https:\/\/static.radiolifefm.com.br\/noticias\/wp-content\/uploads\/2019\/10\/logo-lifefm.png","contentUrl":"https:\/\/static.radiolifefm.com.br\/noticias\/wp-content\/uploads\/2019\/10\/logo-lifefm.png","width":196,"height":47,"caption":"R\u00e1dio Life FM"},"image":{"@id":"https:\/\/radiolifefm.com.br\/noticias\/#\/schema\/logo\/image\/"},"sameAs":["https:\/\/www.facebook.com\/radiolifefm\/","https:\/\/www.instagram.com\/life1079fm\/"]},{"@type":"Person","@id":"https:\/\/radiolifefm.com.br\/noticias\/#\/schema\/person\/6876e1240feffe6e1b63fd5cb85abf28","name":"joaograndao","image":{"@type":"ImageObject","inLanguage":"pt-BR","@id":"https:\/\/secure.gravatar.com\/avatar\/d5b1a3cf357ed9c50404e256a1294083aa8ab5d2a994001567302786016cb32c?s=96&d=mm&r=g","url":"https:\/\/secure.gravatar.com\/avatar\/d5b1a3cf357ed9c50404e256a1294083aa8ab5d2a994001567302786016cb32c?s=96&d=mm&r=g","contentUrl":"https:\/\/secure.gravatar.com\/avatar\/d5b1a3cf357ed9c50404e256a1294083aa8ab5d2a994001567302786016cb32c?s=96&d=mm&r=g","caption":"joaograndao"}}]}},"amp_enabled":true,"_links":{"self":[{"href":"https:\/\/radiolifefm.com.br\/noticias\/wp-json\/wp\/v2\/posts\/11685","targetHints":{"allow":["GET"]}}],"collection":[{"href":"https:\/\/radiolifefm.com.br\/noticias\/wp-json\/wp\/v2\/posts"}],"about":[{"href":"https:\/\/radiolifefm.com.br\/noticias\/wp-json\/wp\/v2\/types\/post"}],"author":[{"embeddable":true,"href":"https:\/\/radiolifefm.com.br\/noticias\/wp-json\/wp\/v2\/users\/8"}],"replies":[{"embeddable":true,"href":"https:\/\/radiolifefm.com.br\/noticias\/wp-json\/wp\/v2\/comments?post=11685"}],"version-history":[{"count":2,"href":"https:\/\/radiolifefm.com.br\/noticias\/wp-json\/wp\/v2\/posts\/11685\/revisions"}],"predecessor-version":[{"id":11690,"href":"https:\/\/radiolifefm.com.br\/noticias\/wp-json\/wp\/v2\/posts\/11685\/revisions\/11690"}],"wp:featuredmedia":[{"embeddable":true,"href":"https:\/\/radiolifefm.com.br\/noticias\/wp-json\/wp\/v2\/media\/11687"}],"wp:attachment":[{"href":"https:\/\/radiolifefm.com.br\/noticias\/wp-json\/wp\/v2\/media?parent=11685"}],"wp:term":[{"taxonomy":"category","embeddable":true,"href":"https:\/\/radiolifefm.com.br\/noticias\/wp-json\/wp\/v2\/categories?post=11685"},{"taxonomy":"post_tag","embeddable":true,"href":"https:\/\/radiolifefm.com.br\/noticias\/wp-json\/wp\/v2\/tags?post=11685"}],"curies":[{"name":"wp","href":"https:\/\/api.w.org\/{rel}","templated":true}]}}