{"id":11652,"date":"2019-04-04T09:31:55","date_gmt":"2019-04-04T12:31:55","guid":{"rendered":"https:\/\/radiolifefm.com.br\/noticias\/?p=11652"},"modified":"2026-04-18T02:56:04","modified_gmt":"2026-04-18T05:56:04","slug":"funcionario-de-frigorifico-e-baleado-durante-roubo-de-mais-de-r-112-mil-em-pirapozinho","status":"publish","type":"post","link":"https:\/\/radiolifefm.com.br\/noticias\/funcionario-de-frigorifico-e-baleado-durante-roubo-de-mais-de-r-112-mil-em-pirapozinho\/","title":{"rendered":"Funcion\u00e1rio de frigor\u00edfico \u00e9 baleado durante roubo de mais de R$ 112 mil em Pirapozinho"},"content":{"rendered":"<div id=\"fb-root\"><\/div>\n<p>Disparo atingiu a m\u00e3o esquerda da v\u00edtima, de 37 anos, que havia sa\u00eddo de um banco com um rapaz de 19 anos. Dinheiro seria utilizado para o pagamento de funcion\u00e1rios da empresa<br \/>\nUm homem de 37 anos foi baleado durante um assalto na tarde desta quarta-feira (3), em Pirapozinho. De acordo com a Pol\u00edcia Civil, o disparo atingiu a m\u00e3o esquerda da v\u00edtima.<br \/>\nPor volta das 13h50, a v\u00edtima, que \u00e9 funcion\u00e1rio de um frigor\u00edfico e um rapaz de 19 anos, que presta servi\u00e7os para a empresa, se deslocaram at\u00e9 uma ag\u00eancia banc\u00e1ria, no Centro da cidade, para sacar R$ 112.500 que seriam utilizados para o pagamento de funcion\u00e1rios do frigor\u00edfico, conforme a Pol\u00edcia Civil.<br \/>\nAo sa\u00edrem da ag\u00eancia banc\u00e1ria com o malote de dinheiro, as v\u00edtimas foram abordadas por um homem que disse, \u201csolta a bolsa\u201d e segurou uma das al\u00e7as do malote. Por\u00e9m, o homem de 37 anos segurou a outra al\u00e7a e tentou correr para uma loja ao lado, mas o bandido sacou um rev\u00f3lver com a m\u00e3o direita e atirou apenas uma vez, acertando a m\u00e3o esquerda da v\u00edtima, segundo as informa\u00e7\u00f5es do Boletim de Ocorr\u00eancia.<br \/>\nO bandido saiu correndo com a bolsa em dire\u00e7\u00e3o a um posto de combust\u00edvel. Outro indiv\u00edduo aguardava o assaltante em um carro, segundo o documento policial.<br \/>\nO rapaz de 19 anos colocou o homem ferido em um carro do frigor\u00edfico e o levou para o Pronto-socorro.<br \/>\nA arma utilizada no crime foi encontrada abandona em uma obra em constru\u00e7\u00e3o. A Pol\u00edcia Civil investiga o caso.<br \/>\nImagens de c\u00e2meras de seguran\u00e7a s\u00e3o usadas na investiga\u00e7\u00e3o. As imagens mostram dois suspeitos na esquina das ruas Rui Barbosa e Paulo S\u00e9rgio Gon\u00e7alves Molina, onde fica o banco. Antes do crime, ambos permaneceram no local por aproximadamente 20 minutos.<br \/>\nNingu\u00e9m tinha sido preso.<br \/>\nServi\u00e7os banc\u00e1rios<br \/>\nO rapaz de 19 anos relatou \u00e0 Pol\u00edcia Civil que \u00e9 funcion\u00e1rio de uma transportadora, a qual presta servi\u00e7os para o frigor\u00edfico, e que, juntamente com o homem baleado, \u00e9 respons\u00e1vel por efetuar dep\u00f3sitos e saques para a empresa.<br \/>\nSegundo o relato da v\u00edtima, os servi\u00e7os banc\u00e1rios s\u00e3o realizados diariamente, todavia, quando se trata de grande quantidade de dinheiro a ser sacada, ambos deslocam-se para Presidente Prudente, pois nem sempre a quantidade est\u00e1 dispon\u00edvel na ag\u00eancia de Pirapozinho.<br \/>\nA v\u00edtima de 37 anos \u00e9 respons\u00e1vel por ligar na ag\u00eancia e ser informada sobre a disponibilidade da quantia a ser sacada.<br \/>\nNesta quarta-feira (3), provavelmente a v\u00edtima que ficou ferida no roubo recebeu a informa\u00e7\u00e3o de que o valor estava dispon\u00edvel, ent\u00e3o, ambos se deslocaram at\u00e9 o banco, em Pirapozinho, conforme o relato do jovem de 19 anos \u00e0 Pol\u00edcia Civil.<br \/>\nDe acordo com as informa\u00e7\u00f5es do registro da ocorr\u00eancia, o assaltante tem entre 17 e 18 anos, \u00e9 de cor parda, vestia cal\u00e7a e blusa pretas e usava um bon\u00e9 branco e preto.<\/p>\n<p>G 1<\/p>\n<p>Reda\u00e7\u00e3o &#8211; Kako de Oliveira<\/p>\n","protected":false},"excerpt":{"rendered":"<p>Disparo atingiu a m\u00e3o esquerda da v\u00edtima, de 37 anos, que havia sa\u00eddo de um banco com um rapaz de 19 anos. Dinheiro seria utilizado para o pagamento de funcion\u00e1rios da empresa Um homem de 37 anos foi baleado durante um assalto na tarde desta quarta-feira (3), em Pirapozinho. De acordo com a Pol\u00edcia Civil, [&hellip;]<\/p>\n","protected":false},"author":8,"featured_media":11653,"comment_status":"closed","ping_status":"open","sticky":false,"template":"","format":"standard","meta":{"_acf_changed":false,"_exactmetrics_skip_tracking":false,"_exactmetrics_sitenote_active":false,"_exactmetrics_sitenote_note":"","_exactmetrics_sitenote_category":0,"footnotes":""},"categories":[24],"tags":[],"class_list":["post-11652","post","type-post","status-publish","format-standard","has-post-thumbnail","hentry","category-regiao"],"acf":[],"yoast_head":"<!-- This site is optimized with the Yoast SEO plugin v27.2 - https:\/\/yoast.com\/product\/yoast-seo-wordpress\/ -->\n<title>Funcion\u00e1rio de frigor\u00edfico \u00e9 baleado durante roubo de mais de R$ 112 mil em Pirapozinho - R\u00e1dio Life FM<\/title>\n<meta name=\"robots\" content=\"index, follow, max-snippet:-1, max-image-preview:large, max-video-preview:-1\" \/>\n<link rel=\"canonical\" href=\"https:\/\/radiolifefm.com.br\/noticias\/funcionario-de-frigorifico-e-baleado-durante-roubo-de-mais-de-r-112-mil-em-pirapozinho\/\" \/>\n<meta property=\"og:locale\" content=\"pt_BR\" \/>\n<meta property=\"og:type\" content=\"article\" \/>\n<meta property=\"og:title\" content=\"Funcion\u00e1rio de frigor\u00edfico \u00e9 baleado durante roubo de mais de R$ 112 mil em Pirapozinho - R\u00e1dio Life FM\" \/>\n<meta property=\"og:description\" content=\"Disparo atingiu a m\u00e3o esquerda da v\u00edtima, de 37 anos, que havia sa\u00eddo de um banco com um rapaz de 19 anos. Dinheiro seria utilizado para o pagamento de funcion\u00e1rios da empresa Um homem de 37 anos foi baleado durante um assalto na tarde desta quarta-feira (3), em Pirapozinho. De acordo com a Pol\u00edcia Civil, [&hellip;]\" \/>\n<meta property=\"og:url\" content=\"https:\/\/radiolifefm.com.br\/noticias\/funcionario-de-frigorifico-e-baleado-durante-roubo-de-mais-de-r-112-mil-em-pirapozinho\/\" \/>\n<meta property=\"og:site_name\" content=\"R\u00e1dio Life FM\" \/>\n<meta property=\"article:publisher\" content=\"https:\/\/www.facebook.com\/radiolifefm\/\" \/>\n<meta property=\"article:published_time\" content=\"2019-04-04T12:31:55+00:00\" \/>\n<meta property=\"article:modified_time\" content=\"2026-04-18T05:56:04+00:00\" \/>\n<meta property=\"og:image\" content=\"https:\/\/radiolifefm.com.br\/noticias\/wp-content\/uploads\/2019\/04\/Assalto-frigor\u00edfico.jpg\" \/>\n\t<meta property=\"og:image:width\" content=\"1000\" \/>\n\t<meta property=\"og:image:height\" content=\"804\" \/>\n\t<meta property=\"og:image:type\" content=\"image\/jpeg\" \/>\n<meta name=\"author\" content=\"joaograndao\" \/>\n<meta name=\"twitter:card\" content=\"summary_large_image\" \/>\n<meta name=\"twitter:label1\" content=\"Escrito por\" \/>\n\t<meta name=\"twitter:data1\" content=\"joaograndao\" \/>\n\t<meta name=\"twitter:label2\" content=\"Est. tempo de leitura\" \/>\n\t<meta name=\"twitter:data2\" content=\"3 minutos\" \/>\n<script type=\"application\/ld+json\" class=\"yoast-schema-graph\">{\"@context\":\"https:\/\/schema.org\",\"@graph\":[{\"@type\":\"Article\",\"@id\":\"https:\/\/radiolifefm.com.br\/noticias\/funcionario-de-frigorifico-e-baleado-durante-roubo-de-mais-de-r-112-mil-em-pirapozinho\/#article\",\"isPartOf\":{\"@id\":\"https:\/\/radiolifefm.com.br\/noticias\/funcionario-de-frigorifico-e-baleado-durante-roubo-de-mais-de-r-112-mil-em-pirapozinho\/\"},\"author\":{\"name\":\"joaograndao\",\"@id\":\"https:\/\/radiolifefm.com.br\/noticias\/#\/schema\/person\/6876e1240feffe6e1b63fd5cb85abf28\"},\"headline\":\"Funcion\u00e1rio de frigor\u00edfico \u00e9 baleado durante roubo de mais de R$ 112 mil em Pirapozinho\",\"datePublished\":\"2019-04-04T12:31:55+00:00\",\"dateModified\":\"2026-04-18T05:56:04+00:00\",\"mainEntityOfPage\":{\"@id\":\"https:\/\/radiolifefm.com.br\/noticias\/funcionario-de-frigorifico-e-baleado-durante-roubo-de-mais-de-r-112-mil-em-pirapozinho\/\"},\"wordCount\":541,\"publisher\":{\"@id\":\"https:\/\/radiolifefm.com.br\/noticias\/#organization\"},\"image\":{\"@id\":\"https:\/\/radiolifefm.com.br\/noticias\/funcionario-de-frigorifico-e-baleado-durante-roubo-de-mais-de-r-112-mil-em-pirapozinho\/#primaryimage\"},\"thumbnailUrl\":\"https:\/\/radiolifefm.com.br\/noticias\/wp-content\/uploads\/2019\/04\/Assalto-frigor\u00edfico.jpg\",\"articleSection\":[\"Regi\u00e3o\"],\"inLanguage\":\"pt-BR\"},{\"@type\":\"WebPage\",\"@id\":\"https:\/\/radiolifefm.com.br\/noticias\/funcionario-de-frigorifico-e-baleado-durante-roubo-de-mais-de-r-112-mil-em-pirapozinho\/\",\"url\":\"https:\/\/radiolifefm.com.br\/noticias\/funcionario-de-frigorifico-e-baleado-durante-roubo-de-mais-de-r-112-mil-em-pirapozinho\/\",\"name\":\"Funcion\u00e1rio de frigor\u00edfico \u00e9 baleado durante roubo de mais de R$ 112 mil em Pirapozinho - R\u00e1dio Life FM\",\"isPartOf\":{\"@id\":\"https:\/\/radiolifefm.com.br\/noticias\/#website\"},\"primaryImageOfPage\":{\"@id\":\"https:\/\/radiolifefm.com.br\/noticias\/funcionario-de-frigorifico-e-baleado-durante-roubo-de-mais-de-r-112-mil-em-pirapozinho\/#primaryimage\"},\"image\":{\"@id\":\"https:\/\/radiolifefm.com.br\/noticias\/funcionario-de-frigorifico-e-baleado-durante-roubo-de-mais-de-r-112-mil-em-pirapozinho\/#primaryimage\"},\"thumbnailUrl\":\"https:\/\/radiolifefm.com.br\/noticias\/wp-content\/uploads\/2019\/04\/Assalto-frigor\u00edfico.jpg\",\"datePublished\":\"2019-04-04T12:31:55+00:00\",\"dateModified\":\"2026-04-18T05:56:04+00:00\",\"breadcrumb\":{\"@id\":\"https:\/\/radiolifefm.com.br\/noticias\/funcionario-de-frigorifico-e-baleado-durante-roubo-de-mais-de-r-112-mil-em-pirapozinho\/#breadcrumb\"},\"inLanguage\":\"pt-BR\",\"potentialAction\":[{\"@type\":\"ReadAction\",\"target\":[\"https:\/\/radiolifefm.com.br\/noticias\/funcionario-de-frigorifico-e-baleado-durante-roubo-de-mais-de-r-112-mil-em-pirapozinho\/\"]}]},{\"@type\":\"ImageObject\",\"inLanguage\":\"pt-BR\",\"@id\":\"https:\/\/radiolifefm.com.br\/noticias\/funcionario-de-frigorifico-e-baleado-durante-roubo-de-mais-de-r-112-mil-em-pirapozinho\/#primaryimage\",\"url\":\"https:\/\/radiolifefm.com.br\/noticias\/wp-content\/uploads\/2019\/04\/Assalto-frigor\u00edfico.jpg\",\"contentUrl\":\"https:\/\/radiolifefm.com.br\/noticias\/wp-content\/uploads\/2019\/04\/Assalto-frigor\u00edfico.jpg\",\"width\":1000,\"height\":804,\"caption\":\"Rev\u00f3lver usado no crime foi localizado em uma constru\u00e7\u00e3o, em Pirapozinho \u2014 Foto: Pol\u00edcia Civil\/Cedida\"},{\"@type\":\"BreadcrumbList\",\"@id\":\"https:\/\/radiolifefm.com.br\/noticias\/funcionario-de-frigorifico-e-baleado-durante-roubo-de-mais-de-r-112-mil-em-pirapozinho\/#breadcrumb\",\"itemListElement\":[{\"@type\":\"ListItem\",\"position\":1,\"name\":\"In\u00edcio\",\"item\":\"https:\/\/radiolifefm.com.br\/noticias\/\"},{\"@type\":\"ListItem\",\"position\":2,\"name\":\"Funcion\u00e1rio de frigor\u00edfico \u00e9 baleado durante roubo de mais de R$ 112 mil em Pirapozinho\"}]},{\"@type\":\"WebSite\",\"@id\":\"https:\/\/radiolifefm.com.br\/noticias\/#website\",\"url\":\"https:\/\/radiolifefm.com.br\/noticias\/\",\"name\":\"R\u00e1dio Life FM\",\"description\":\"O Portal de Not\u00edcias de Adamantina\",\"publisher\":{\"@id\":\"https:\/\/radiolifefm.com.br\/noticias\/#organization\"},\"alternateName\":\"Life FM\",\"potentialAction\":[{\"@type\":\"SearchAction\",\"target\":{\"@type\":\"EntryPoint\",\"urlTemplate\":\"https:\/\/radiolifefm.com.br\/noticias\/?s={search_term_string}\"},\"query-input\":{\"@type\":\"PropertyValueSpecification\",\"valueRequired\":true,\"valueName\":\"search_term_string\"}}],\"inLanguage\":\"pt-BR\"},{\"@type\":\"Organization\",\"@id\":\"https:\/\/radiolifefm.com.br\/noticias\/#organization\",\"name\":\"R\u00e1dio Life FM\",\"alternateName\":\"Life FM\",\"url\":\"https:\/\/radiolifefm.com.br\/noticias\/\",\"logo\":{\"@type\":\"ImageObject\",\"inLanguage\":\"pt-BR\",\"@id\":\"https:\/\/radiolifefm.com.br\/noticias\/#\/schema\/logo\/image\/\",\"url\":\"https:\/\/static.radiolifefm.com.br\/noticias\/wp-content\/uploads\/2019\/10\/logo-lifefm.png\",\"contentUrl\":\"https:\/\/static.radiolifefm.com.br\/noticias\/wp-content\/uploads\/2019\/10\/logo-lifefm.png\",\"width\":196,\"height\":47,\"caption\":\"R\u00e1dio Life FM\"},\"image\":{\"@id\":\"https:\/\/radiolifefm.com.br\/noticias\/#\/schema\/logo\/image\/\"},\"sameAs\":[\"https:\/\/www.facebook.com\/radiolifefm\/\",\"https:\/\/www.instagram.com\/life1079fm\/\"]},{\"@type\":\"Person\",\"@id\":\"https:\/\/radiolifefm.com.br\/noticias\/#\/schema\/person\/6876e1240feffe6e1b63fd5cb85abf28\",\"name\":\"joaograndao\",\"image\":{\"@type\":\"ImageObject\",\"inLanguage\":\"pt-BR\",\"@id\":\"https:\/\/secure.gravatar.com\/avatar\/d5b1a3cf357ed9c50404e256a1294083aa8ab5d2a994001567302786016cb32c?s=96&d=mm&r=g\",\"url\":\"https:\/\/secure.gravatar.com\/avatar\/d5b1a3cf357ed9c50404e256a1294083aa8ab5d2a994001567302786016cb32c?s=96&d=mm&r=g\",\"contentUrl\":\"https:\/\/secure.gravatar.com\/avatar\/d5b1a3cf357ed9c50404e256a1294083aa8ab5d2a994001567302786016cb32c?s=96&d=mm&r=g\",\"caption\":\"joaograndao\"}}]}<\/script>\n<!-- \/ Yoast SEO plugin. -->","yoast_head_json":{"title":"Funcion\u00e1rio de frigor\u00edfico \u00e9 baleado durante roubo de mais de R$ 112 mil em Pirapozinho - R\u00e1dio Life FM","robots":{"index":"index","follow":"follow","max-snippet":"max-snippet:-1","max-image-preview":"max-image-preview:large","max-video-preview":"max-video-preview:-1"},"canonical":"https:\/\/radiolifefm.com.br\/noticias\/funcionario-de-frigorifico-e-baleado-durante-roubo-de-mais-de-r-112-mil-em-pirapozinho\/","og_locale":"pt_BR","og_type":"article","og_title":"Funcion\u00e1rio de frigor\u00edfico \u00e9 baleado durante roubo de mais de R$ 112 mil em Pirapozinho - R\u00e1dio Life FM","og_description":"Disparo atingiu a m\u00e3o esquerda da v\u00edtima, de 37 anos, que havia sa\u00eddo de um banco com um rapaz de 19 anos. Dinheiro seria utilizado para o pagamento de funcion\u00e1rios da empresa Um homem de 37 anos foi baleado durante um assalto na tarde desta quarta-feira (3), em Pirapozinho. De acordo com a Pol\u00edcia Civil, [&hellip;]","og_url":"https:\/\/radiolifefm.com.br\/noticias\/funcionario-de-frigorifico-e-baleado-durante-roubo-de-mais-de-r-112-mil-em-pirapozinho\/","og_site_name":"R\u00e1dio Life FM","article_publisher":"https:\/\/www.facebook.com\/radiolifefm\/","article_published_time":"2019-04-04T12:31:55+00:00","article_modified_time":"2026-04-18T05:56:04+00:00","og_image":[{"width":1000,"height":804,"url":"https:\/\/radiolifefm.com.br\/noticias\/wp-content\/uploads\/2019\/04\/Assalto-frigor\u00edfico.jpg","type":"image\/jpeg"}],"author":"joaograndao","twitter_card":"summary_large_image","twitter_misc":{"Escrito por":"joaograndao","Est. tempo de leitura":"3 minutos"},"schema":{"@context":"https:\/\/schema.org","@graph":[{"@type":"Article","@id":"https:\/\/radiolifefm.com.br\/noticias\/funcionario-de-frigorifico-e-baleado-durante-roubo-de-mais-de-r-112-mil-em-pirapozinho\/#article","isPartOf":{"@id":"https:\/\/radiolifefm.com.br\/noticias\/funcionario-de-frigorifico-e-baleado-durante-roubo-de-mais-de-r-112-mil-em-pirapozinho\/"},"author":{"name":"joaograndao","@id":"https:\/\/radiolifefm.com.br\/noticias\/#\/schema\/person\/6876e1240feffe6e1b63fd5cb85abf28"},"headline":"Funcion\u00e1rio de frigor\u00edfico \u00e9 baleado durante roubo de mais de R$ 112 mil em Pirapozinho","datePublished":"2019-04-04T12:31:55+00:00","dateModified":"2026-04-18T05:56:04+00:00","mainEntityOfPage":{"@id":"https:\/\/radiolifefm.com.br\/noticias\/funcionario-de-frigorifico-e-baleado-durante-roubo-de-mais-de-r-112-mil-em-pirapozinho\/"},"wordCount":541,"publisher":{"@id":"https:\/\/radiolifefm.com.br\/noticias\/#organization"},"image":{"@id":"https:\/\/radiolifefm.com.br\/noticias\/funcionario-de-frigorifico-e-baleado-durante-roubo-de-mais-de-r-112-mil-em-pirapozinho\/#primaryimage"},"thumbnailUrl":"https:\/\/radiolifefm.com.br\/noticias\/wp-content\/uploads\/2019\/04\/Assalto-frigor\u00edfico.jpg","articleSection":["Regi\u00e3o"],"inLanguage":"pt-BR"},{"@type":"WebPage","@id":"https:\/\/radiolifefm.com.br\/noticias\/funcionario-de-frigorifico-e-baleado-durante-roubo-de-mais-de-r-112-mil-em-pirapozinho\/","url":"https:\/\/radiolifefm.com.br\/noticias\/funcionario-de-frigorifico-e-baleado-durante-roubo-de-mais-de-r-112-mil-em-pirapozinho\/","name":"Funcion\u00e1rio de frigor\u00edfico \u00e9 baleado durante roubo de mais de R$ 112 mil em Pirapozinho - R\u00e1dio Life FM","isPartOf":{"@id":"https:\/\/radiolifefm.com.br\/noticias\/#website"},"primaryImageOfPage":{"@id":"https:\/\/radiolifefm.com.br\/noticias\/funcionario-de-frigorifico-e-baleado-durante-roubo-de-mais-de-r-112-mil-em-pirapozinho\/#primaryimage"},"image":{"@id":"https:\/\/radiolifefm.com.br\/noticias\/funcionario-de-frigorifico-e-baleado-durante-roubo-de-mais-de-r-112-mil-em-pirapozinho\/#primaryimage"},"thumbnailUrl":"https:\/\/radiolifefm.com.br\/noticias\/wp-content\/uploads\/2019\/04\/Assalto-frigor\u00edfico.jpg","datePublished":"2019-04-04T12:31:55+00:00","dateModified":"2026-04-18T05:56:04+00:00","breadcrumb":{"@id":"https:\/\/radiolifefm.com.br\/noticias\/funcionario-de-frigorifico-e-baleado-durante-roubo-de-mais-de-r-112-mil-em-pirapozinho\/#breadcrumb"},"inLanguage":"pt-BR","potentialAction":[{"@type":"ReadAction","target":["https:\/\/radiolifefm.com.br\/noticias\/funcionario-de-frigorifico-e-baleado-durante-roubo-de-mais-de-r-112-mil-em-pirapozinho\/"]}]},{"@type":"ImageObject","inLanguage":"pt-BR","@id":"https:\/\/radiolifefm.com.br\/noticias\/funcionario-de-frigorifico-e-baleado-durante-roubo-de-mais-de-r-112-mil-em-pirapozinho\/#primaryimage","url":"https:\/\/radiolifefm.com.br\/noticias\/wp-content\/uploads\/2019\/04\/Assalto-frigor\u00edfico.jpg","contentUrl":"https:\/\/radiolifefm.com.br\/noticias\/wp-content\/uploads\/2019\/04\/Assalto-frigor\u00edfico.jpg","width":1000,"height":804,"caption":"Rev\u00f3lver usado no crime foi localizado em uma constru\u00e7\u00e3o, em Pirapozinho \u2014 Foto: Pol\u00edcia Civil\/Cedida"},{"@type":"BreadcrumbList","@id":"https:\/\/radiolifefm.com.br\/noticias\/funcionario-de-frigorifico-e-baleado-durante-roubo-de-mais-de-r-112-mil-em-pirapozinho\/#breadcrumb","itemListElement":[{"@type":"ListItem","position":1,"name":"In\u00edcio","item":"https:\/\/radiolifefm.com.br\/noticias\/"},{"@type":"ListItem","position":2,"name":"Funcion\u00e1rio de frigor\u00edfico \u00e9 baleado durante roubo de mais de R$ 112 mil em Pirapozinho"}]},{"@type":"WebSite","@id":"https:\/\/radiolifefm.com.br\/noticias\/#website","url":"https:\/\/radiolifefm.com.br\/noticias\/","name":"R\u00e1dio Life FM","description":"O Portal de Not\u00edcias de Adamantina","publisher":{"@id":"https:\/\/radiolifefm.com.br\/noticias\/#organization"},"alternateName":"Life FM","potentialAction":[{"@type":"SearchAction","target":{"@type":"EntryPoint","urlTemplate":"https:\/\/radiolifefm.com.br\/noticias\/?s={search_term_string}"},"query-input":{"@type":"PropertyValueSpecification","valueRequired":true,"valueName":"search_term_string"}}],"inLanguage":"pt-BR"},{"@type":"Organization","@id":"https:\/\/radiolifefm.com.br\/noticias\/#organization","name":"R\u00e1dio Life FM","alternateName":"Life FM","url":"https:\/\/radiolifefm.com.br\/noticias\/","logo":{"@type":"ImageObject","inLanguage":"pt-BR","@id":"https:\/\/radiolifefm.com.br\/noticias\/#\/schema\/logo\/image\/","url":"https:\/\/static.radiolifefm.com.br\/noticias\/wp-content\/uploads\/2019\/10\/logo-lifefm.png","contentUrl":"https:\/\/static.radiolifefm.com.br\/noticias\/wp-content\/uploads\/2019\/10\/logo-lifefm.png","width":196,"height":47,"caption":"R\u00e1dio Life FM"},"image":{"@id":"https:\/\/radiolifefm.com.br\/noticias\/#\/schema\/logo\/image\/"},"sameAs":["https:\/\/www.facebook.com\/radiolifefm\/","https:\/\/www.instagram.com\/life1079fm\/"]},{"@type":"Person","@id":"https:\/\/radiolifefm.com.br\/noticias\/#\/schema\/person\/6876e1240feffe6e1b63fd5cb85abf28","name":"joaograndao","image":{"@type":"ImageObject","inLanguage":"pt-BR","@id":"https:\/\/secure.gravatar.com\/avatar\/d5b1a3cf357ed9c50404e256a1294083aa8ab5d2a994001567302786016cb32c?s=96&d=mm&r=g","url":"https:\/\/secure.gravatar.com\/avatar\/d5b1a3cf357ed9c50404e256a1294083aa8ab5d2a994001567302786016cb32c?s=96&d=mm&r=g","contentUrl":"https:\/\/secure.gravatar.com\/avatar\/d5b1a3cf357ed9c50404e256a1294083aa8ab5d2a994001567302786016cb32c?s=96&d=mm&r=g","caption":"joaograndao"}}]}},"amp_enabled":true,"_links":{"self":[{"href":"https:\/\/radiolifefm.com.br\/noticias\/wp-json\/wp\/v2\/posts\/11652","targetHints":{"allow":["GET"]}}],"collection":[{"href":"https:\/\/radiolifefm.com.br\/noticias\/wp-json\/wp\/v2\/posts"}],"about":[{"href":"https:\/\/radiolifefm.com.br\/noticias\/wp-json\/wp\/v2\/types\/post"}],"author":[{"embeddable":true,"href":"https:\/\/radiolifefm.com.br\/noticias\/wp-json\/wp\/v2\/users\/8"}],"replies":[{"embeddable":true,"href":"https:\/\/radiolifefm.com.br\/noticias\/wp-json\/wp\/v2\/comments?post=11652"}],"version-history":[{"count":2,"href":"https:\/\/radiolifefm.com.br\/noticias\/wp-json\/wp\/v2\/posts\/11652\/revisions"}],"predecessor-version":[{"id":11711,"href":"https:\/\/radiolifefm.com.br\/noticias\/wp-json\/wp\/v2\/posts\/11652\/revisions\/11711"}],"wp:featuredmedia":[{"embeddable":true,"href":"https:\/\/radiolifefm.com.br\/noticias\/wp-json\/wp\/v2\/media\/11653"}],"wp:attachment":[{"href":"https:\/\/radiolifefm.com.br\/noticias\/wp-json\/wp\/v2\/media?parent=11652"}],"wp:term":[{"taxonomy":"category","embeddable":true,"href":"https:\/\/radiolifefm.com.br\/noticias\/wp-json\/wp\/v2\/categories?post=11652"},{"taxonomy":"post_tag","embeddable":true,"href":"https:\/\/radiolifefm.com.br\/noticias\/wp-json\/wp\/v2\/tags?post=11652"}],"curies":[{"name":"wp","href":"https:\/\/api.w.org\/{rel}","templated":true}]}}