{"id":11531,"date":"2019-04-01T21:08:46","date_gmt":"2019-04-02T00:08:46","guid":{"rendered":"https:\/\/radiolifefm.com.br\/noticias\/?p=11531"},"modified":"2026-04-12T17:50:50","modified_gmt":"2026-04-12T20:50:50","slug":"empresario-osvaldocruzense-e-condenado-a-16-anos-por-estupro-contra-enteadas","status":"publish","type":"post","link":"https:\/\/radiolifefm.com.br\/noticias\/empresario-osvaldocruzense-e-condenado-a-16-anos-por-estupro-contra-enteadas\/","title":{"rendered":"Empres\u00e1rio osvaldocruzense \u00e9 condenado a 16 anos por estupro contra enteadas"},"content":{"rendered":"<div id=\"fb-root\"><\/div>\n<h1><em>Empres\u00e1rio osvaldocruzense, Elis\u00e9rgio Bellarmino, foi condenado em 2\u00aa instancia pelo crime de estupro de vulner\u00e1vel contra duas enteadas<\/em><\/h1>\n<h1>Por determina\u00e7\u00e3o da Justi\u00e7a, a Pol\u00edcia Civil de Osvaldo Cruz cumpriu no inicio da tarde de hoje (1), a pris\u00e3o do empres\u00e1rio e ex-presidente do Diret\u00f3rio Municipal do PSC (Partido Social Crist\u00e3o), Elis\u00e9rgio Bellarmino, condenado em 2\u00aa instancia pelo crime de estupro de vulner\u00e1vel contra duas enteadas. Na \u00e9poca dos fatos as meninas tinham de 10 e 14 anos de idade.<\/h1>\n<h1>A den\u00fancia foi feita pelo pai das garotas, que \u00e9 medico e teria levado as duas meninas consigo, ap\u00f3s uma medida judicial da Delegacia de Defesa da Mulher de Osvaldo Cruz, que determinou a guarda das garotas ao pai e uma medida protetiva para as v\u00edtimas. A guarda era da m\u00e3e, que tamb\u00e9m \u00e9 m\u00e9dica.<\/h1>\n<h1>O acusado teve a pris\u00e3o preventiva decretada pela Promotoria de Osvaldo Cruz no dia 9 de abril de 2014, foi conduzido para a cadeia de Adamantina e de l\u00e1 transferido para Andradina. Poucos dias depois, os advogados do autor conseguiram um habeas corpus que determinou sua liberdade, tendo respondido ao processo em liberdade.<\/h1>\n<h1>De acordo com informa\u00e7\u00f5es obtidas pela reportagem do Portal Metr\u00f3pole de Not\u00edcias, Elis\u00e9rgio Bellarmino estava em sua resid\u00eancia quando foi preso por policiais civis e encaminhado para cadeia p\u00fablica de Presidente Venceslau, at\u00e9 ser conduzido para um pres\u00eddio de regime fechado, pr\u00f3prio para quem comete esse tipo de crime.<\/h1>\n<h1>A pena pode chegar a 16 anos.<\/h1>\n<h1>Fonte &#8211; Portal Metr\u00f3pole de Not\u00edcias<\/h1>\n<p><strong>Reda\u00e7\u00e3o \u2013 Kako de Oliveira<\/strong><\/p>\n","protected":false},"excerpt":{"rendered":"<p>Empres\u00e1rio osvaldocruzense, Elis\u00e9rgio Bellarmino, foi condenado em 2\u00aa instancia pelo crime de estupro de vulner\u00e1vel contra duas enteadas Por determina\u00e7\u00e3o da Justi\u00e7a, a Pol\u00edcia Civil de Osvaldo Cruz cumpriu no inicio da tarde de hoje (1), a pris\u00e3o do empres\u00e1rio e ex-presidente do Diret\u00f3rio Municipal do PSC (Partido Social Crist\u00e3o), Elis\u00e9rgio Bellarmino, condenado em 2\u00aa [&hellip;]<\/p>\n","protected":false},"author":8,"featured_media":11533,"comment_status":"open","ping_status":"open","sticky":false,"template":"","format":"standard","meta":{"_acf_changed":false,"_exactmetrics_skip_tracking":false,"_exactmetrics_sitenote_active":false,"_exactmetrics_sitenote_note":"","_exactmetrics_sitenote_category":0,"footnotes":""},"categories":[1,24],"tags":[],"class_list":["post-11531","post","type-post","status-publish","format-standard","has-post-thumbnail","hentry","category-geral","category-regiao"],"acf":[],"yoast_head":"<!-- This site is optimized with the Yoast SEO plugin v27.2 - https:\/\/yoast.com\/product\/yoast-seo-wordpress\/ -->\n<title>Empres\u00e1rio osvaldocruzense \u00e9 condenado a 16 anos por estupro contra enteadas - R\u00e1dio Life FM<\/title>\n<meta name=\"robots\" content=\"index, follow, max-snippet:-1, max-image-preview:large, max-video-preview:-1\" \/>\n<link rel=\"canonical\" href=\"https:\/\/radiolifefm.com.br\/noticias\/empresario-osvaldocruzense-e-condenado-a-16-anos-por-estupro-contra-enteadas\/\" \/>\n<meta property=\"og:locale\" content=\"pt_BR\" \/>\n<meta property=\"og:type\" content=\"article\" \/>\n<meta property=\"og:title\" content=\"Empres\u00e1rio osvaldocruzense \u00e9 condenado a 16 anos por estupro contra enteadas - R\u00e1dio Life FM\" \/>\n<meta property=\"og:description\" content=\"Empres\u00e1rio osvaldocruzense, Elis\u00e9rgio Bellarmino, foi condenado em 2\u00aa instancia pelo crime de estupro de vulner\u00e1vel contra duas enteadas Por determina\u00e7\u00e3o da Justi\u00e7a, a Pol\u00edcia Civil de Osvaldo Cruz cumpriu no inicio da tarde de hoje (1), a pris\u00e3o do empres\u00e1rio e ex-presidente do Diret\u00f3rio Municipal do PSC (Partido Social Crist\u00e3o), Elis\u00e9rgio Bellarmino, condenado em 2\u00aa [&hellip;]\" \/>\n<meta property=\"og:url\" content=\"https:\/\/radiolifefm.com.br\/noticias\/empresario-osvaldocruzense-e-condenado-a-16-anos-por-estupro-contra-enteadas\/\" \/>\n<meta property=\"og:site_name\" content=\"R\u00e1dio Life FM\" \/>\n<meta property=\"article:publisher\" content=\"https:\/\/www.facebook.com\/radiolifefm\/\" \/>\n<meta property=\"article:published_time\" content=\"2019-04-02T00:08:46+00:00\" \/>\n<meta property=\"article:modified_time\" content=\"2026-04-12T20:50:50+00:00\" \/>\n<meta property=\"og:image\" content=\"https:\/\/radiolifefm.com.br\/noticias\/wp-content\/uploads\/2019\/04\/Algemas.jpg\" \/>\n\t<meta property=\"og:image:width\" content=\"300\" \/>\n\t<meta property=\"og:image:height\" content=\"168\" \/>\n\t<meta property=\"og:image:type\" content=\"image\/jpeg\" \/>\n<meta name=\"author\" content=\"joaograndao\" \/>\n<meta name=\"twitter:card\" content=\"summary_large_image\" \/>\n<meta name=\"twitter:label1\" content=\"Escrito por\" \/>\n\t<meta name=\"twitter:data1\" content=\"joaograndao\" \/>\n\t<meta name=\"twitter:label2\" content=\"Est. tempo de leitura\" \/>\n\t<meta name=\"twitter:data2\" content=\"1 minuto\" \/>\n<script type=\"application\/ld+json\" class=\"yoast-schema-graph\">{\"@context\":\"https:\/\/schema.org\",\"@graph\":[{\"@type\":\"Article\",\"@id\":\"https:\/\/radiolifefm.com.br\/noticias\/empresario-osvaldocruzense-e-condenado-a-16-anos-por-estupro-contra-enteadas\/#article\",\"isPartOf\":{\"@id\":\"https:\/\/radiolifefm.com.br\/noticias\/empresario-osvaldocruzense-e-condenado-a-16-anos-por-estupro-contra-enteadas\/\"},\"author\":{\"name\":\"joaograndao\",\"@id\":\"https:\/\/radiolifefm.com.br\/noticias\/#\/schema\/person\/6876e1240feffe6e1b63fd5cb85abf28\"},\"headline\":\"Empres\u00e1rio osvaldocruzense \u00e9 condenado a 16 anos por estupro contra enteadas\",\"datePublished\":\"2019-04-02T00:08:46+00:00\",\"dateModified\":\"2026-04-12T20:50:50+00:00\",\"mainEntityOfPage\":{\"@id\":\"https:\/\/radiolifefm.com.br\/noticias\/empresario-osvaldocruzense-e-condenado-a-16-anos-por-estupro-contra-enteadas\/\"},\"wordCount\":283,\"commentCount\":0,\"publisher\":{\"@id\":\"https:\/\/radiolifefm.com.br\/noticias\/#organization\"},\"image\":{\"@id\":\"https:\/\/radiolifefm.com.br\/noticias\/empresario-osvaldocruzense-e-condenado-a-16-anos-por-estupro-contra-enteadas\/#primaryimage\"},\"thumbnailUrl\":\"https:\/\/radiolifefm.com.br\/noticias\/wp-content\/uploads\/2019\/04\/Algemas.jpg\",\"articleSection\":[\"Geral\",\"Regi\u00e3o\"],\"inLanguage\":\"pt-BR\",\"potentialAction\":[{\"@type\":\"CommentAction\",\"name\":\"Comment\",\"target\":[\"https:\/\/radiolifefm.com.br\/noticias\/empresario-osvaldocruzense-e-condenado-a-16-anos-por-estupro-contra-enteadas\/#respond\"]}]},{\"@type\":\"WebPage\",\"@id\":\"https:\/\/radiolifefm.com.br\/noticias\/empresario-osvaldocruzense-e-condenado-a-16-anos-por-estupro-contra-enteadas\/\",\"url\":\"https:\/\/radiolifefm.com.br\/noticias\/empresario-osvaldocruzense-e-condenado-a-16-anos-por-estupro-contra-enteadas\/\",\"name\":\"Empres\u00e1rio osvaldocruzense \u00e9 condenado a 16 anos por estupro contra enteadas - R\u00e1dio Life FM\",\"isPartOf\":{\"@id\":\"https:\/\/radiolifefm.com.br\/noticias\/#website\"},\"primaryImageOfPage\":{\"@id\":\"https:\/\/radiolifefm.com.br\/noticias\/empresario-osvaldocruzense-e-condenado-a-16-anos-por-estupro-contra-enteadas\/#primaryimage\"},\"image\":{\"@id\":\"https:\/\/radiolifefm.com.br\/noticias\/empresario-osvaldocruzense-e-condenado-a-16-anos-por-estupro-contra-enteadas\/#primaryimage\"},\"thumbnailUrl\":\"https:\/\/radiolifefm.com.br\/noticias\/wp-content\/uploads\/2019\/04\/Algemas.jpg\",\"datePublished\":\"2019-04-02T00:08:46+00:00\",\"dateModified\":\"2026-04-12T20:50:50+00:00\",\"breadcrumb\":{\"@id\":\"https:\/\/radiolifefm.com.br\/noticias\/empresario-osvaldocruzense-e-condenado-a-16-anos-por-estupro-contra-enteadas\/#breadcrumb\"},\"inLanguage\":\"pt-BR\",\"potentialAction\":[{\"@type\":\"ReadAction\",\"target\":[\"https:\/\/radiolifefm.com.br\/noticias\/empresario-osvaldocruzense-e-condenado-a-16-anos-por-estupro-contra-enteadas\/\"]}]},{\"@type\":\"ImageObject\",\"inLanguage\":\"pt-BR\",\"@id\":\"https:\/\/radiolifefm.com.br\/noticias\/empresario-osvaldocruzense-e-condenado-a-16-anos-por-estupro-contra-enteadas\/#primaryimage\",\"url\":\"https:\/\/radiolifefm.com.br\/noticias\/wp-content\/uploads\/2019\/04\/Algemas.jpg\",\"contentUrl\":\"https:\/\/radiolifefm.com.br\/noticias\/wp-content\/uploads\/2019\/04\/Algemas.jpg\",\"width\":300,\"height\":168,\"caption\":\"Homem procurado da justi\u00e7a foi preso pela Pol\u00edcia Militar de Osvaldo Cruz\"},{\"@type\":\"BreadcrumbList\",\"@id\":\"https:\/\/radiolifefm.com.br\/noticias\/empresario-osvaldocruzense-e-condenado-a-16-anos-por-estupro-contra-enteadas\/#breadcrumb\",\"itemListElement\":[{\"@type\":\"ListItem\",\"position\":1,\"name\":\"In\u00edcio\",\"item\":\"https:\/\/radiolifefm.com.br\/noticias\/\"},{\"@type\":\"ListItem\",\"position\":2,\"name\":\"Empres\u00e1rio osvaldocruzense \u00e9 condenado a 16 anos por estupro contra enteadas\"}]},{\"@type\":\"WebSite\",\"@id\":\"https:\/\/radiolifefm.com.br\/noticias\/#website\",\"url\":\"https:\/\/radiolifefm.com.br\/noticias\/\",\"name\":\"R\u00e1dio Life FM\",\"description\":\"O Portal de Not\u00edcias de Adamantina\",\"publisher\":{\"@id\":\"https:\/\/radiolifefm.com.br\/noticias\/#organization\"},\"alternateName\":\"Life FM\",\"potentialAction\":[{\"@type\":\"SearchAction\",\"target\":{\"@type\":\"EntryPoint\",\"urlTemplate\":\"https:\/\/radiolifefm.com.br\/noticias\/?s={search_term_string}\"},\"query-input\":{\"@type\":\"PropertyValueSpecification\",\"valueRequired\":true,\"valueName\":\"search_term_string\"}}],\"inLanguage\":\"pt-BR\"},{\"@type\":\"Organization\",\"@id\":\"https:\/\/radiolifefm.com.br\/noticias\/#organization\",\"name\":\"R\u00e1dio Life FM\",\"alternateName\":\"Life FM\",\"url\":\"https:\/\/radiolifefm.com.br\/noticias\/\",\"logo\":{\"@type\":\"ImageObject\",\"inLanguage\":\"pt-BR\",\"@id\":\"https:\/\/radiolifefm.com.br\/noticias\/#\/schema\/logo\/image\/\",\"url\":\"https:\/\/static.radiolifefm.com.br\/noticias\/wp-content\/uploads\/2019\/10\/logo-lifefm.png\",\"contentUrl\":\"https:\/\/static.radiolifefm.com.br\/noticias\/wp-content\/uploads\/2019\/10\/logo-lifefm.png\",\"width\":196,\"height\":47,\"caption\":\"R\u00e1dio Life FM\"},\"image\":{\"@id\":\"https:\/\/radiolifefm.com.br\/noticias\/#\/schema\/logo\/image\/\"},\"sameAs\":[\"https:\/\/www.facebook.com\/radiolifefm\/\",\"https:\/\/www.instagram.com\/life1079fm\/\"]},{\"@type\":\"Person\",\"@id\":\"https:\/\/radiolifefm.com.br\/noticias\/#\/schema\/person\/6876e1240feffe6e1b63fd5cb85abf28\",\"name\":\"joaograndao\",\"image\":{\"@type\":\"ImageObject\",\"inLanguage\":\"pt-BR\",\"@id\":\"https:\/\/secure.gravatar.com\/avatar\/d5b1a3cf357ed9c50404e256a1294083aa8ab5d2a994001567302786016cb32c?s=96&d=mm&r=g\",\"url\":\"https:\/\/secure.gravatar.com\/avatar\/d5b1a3cf357ed9c50404e256a1294083aa8ab5d2a994001567302786016cb32c?s=96&d=mm&r=g\",\"contentUrl\":\"https:\/\/secure.gravatar.com\/avatar\/d5b1a3cf357ed9c50404e256a1294083aa8ab5d2a994001567302786016cb32c?s=96&d=mm&r=g\",\"caption\":\"joaograndao\"}}]}<\/script>\n<!-- \/ Yoast SEO plugin. -->","yoast_head_json":{"title":"Empres\u00e1rio osvaldocruzense \u00e9 condenado a 16 anos por estupro contra enteadas - R\u00e1dio Life FM","robots":{"index":"index","follow":"follow","max-snippet":"max-snippet:-1","max-image-preview":"max-image-preview:large","max-video-preview":"max-video-preview:-1"},"canonical":"https:\/\/radiolifefm.com.br\/noticias\/empresario-osvaldocruzense-e-condenado-a-16-anos-por-estupro-contra-enteadas\/","og_locale":"pt_BR","og_type":"article","og_title":"Empres\u00e1rio osvaldocruzense \u00e9 condenado a 16 anos por estupro contra enteadas - R\u00e1dio Life FM","og_description":"Empres\u00e1rio osvaldocruzense, Elis\u00e9rgio Bellarmino, foi condenado em 2\u00aa instancia pelo crime de estupro de vulner\u00e1vel contra duas enteadas Por determina\u00e7\u00e3o da Justi\u00e7a, a Pol\u00edcia Civil de Osvaldo Cruz cumpriu no inicio da tarde de hoje (1), a pris\u00e3o do empres\u00e1rio e ex-presidente do Diret\u00f3rio Municipal do PSC (Partido Social Crist\u00e3o), Elis\u00e9rgio Bellarmino, condenado em 2\u00aa [&hellip;]","og_url":"https:\/\/radiolifefm.com.br\/noticias\/empresario-osvaldocruzense-e-condenado-a-16-anos-por-estupro-contra-enteadas\/","og_site_name":"R\u00e1dio Life FM","article_publisher":"https:\/\/www.facebook.com\/radiolifefm\/","article_published_time":"2019-04-02T00:08:46+00:00","article_modified_time":"2026-04-12T20:50:50+00:00","og_image":[{"width":300,"height":168,"url":"https:\/\/radiolifefm.com.br\/noticias\/wp-content\/uploads\/2019\/04\/Algemas.jpg","type":"image\/jpeg"}],"author":"joaograndao","twitter_card":"summary_large_image","twitter_misc":{"Escrito por":"joaograndao","Est. tempo de leitura":"1 minuto"},"schema":{"@context":"https:\/\/schema.org","@graph":[{"@type":"Article","@id":"https:\/\/radiolifefm.com.br\/noticias\/empresario-osvaldocruzense-e-condenado-a-16-anos-por-estupro-contra-enteadas\/#article","isPartOf":{"@id":"https:\/\/radiolifefm.com.br\/noticias\/empresario-osvaldocruzense-e-condenado-a-16-anos-por-estupro-contra-enteadas\/"},"author":{"name":"joaograndao","@id":"https:\/\/radiolifefm.com.br\/noticias\/#\/schema\/person\/6876e1240feffe6e1b63fd5cb85abf28"},"headline":"Empres\u00e1rio osvaldocruzense \u00e9 condenado a 16 anos por estupro contra enteadas","datePublished":"2019-04-02T00:08:46+00:00","dateModified":"2026-04-12T20:50:50+00:00","mainEntityOfPage":{"@id":"https:\/\/radiolifefm.com.br\/noticias\/empresario-osvaldocruzense-e-condenado-a-16-anos-por-estupro-contra-enteadas\/"},"wordCount":283,"commentCount":0,"publisher":{"@id":"https:\/\/radiolifefm.com.br\/noticias\/#organization"},"image":{"@id":"https:\/\/radiolifefm.com.br\/noticias\/empresario-osvaldocruzense-e-condenado-a-16-anos-por-estupro-contra-enteadas\/#primaryimage"},"thumbnailUrl":"https:\/\/radiolifefm.com.br\/noticias\/wp-content\/uploads\/2019\/04\/Algemas.jpg","articleSection":["Geral","Regi\u00e3o"],"inLanguage":"pt-BR","potentialAction":[{"@type":"CommentAction","name":"Comment","target":["https:\/\/radiolifefm.com.br\/noticias\/empresario-osvaldocruzense-e-condenado-a-16-anos-por-estupro-contra-enteadas\/#respond"]}]},{"@type":"WebPage","@id":"https:\/\/radiolifefm.com.br\/noticias\/empresario-osvaldocruzense-e-condenado-a-16-anos-por-estupro-contra-enteadas\/","url":"https:\/\/radiolifefm.com.br\/noticias\/empresario-osvaldocruzense-e-condenado-a-16-anos-por-estupro-contra-enteadas\/","name":"Empres\u00e1rio osvaldocruzense \u00e9 condenado a 16 anos por estupro contra enteadas - R\u00e1dio Life FM","isPartOf":{"@id":"https:\/\/radiolifefm.com.br\/noticias\/#website"},"primaryImageOfPage":{"@id":"https:\/\/radiolifefm.com.br\/noticias\/empresario-osvaldocruzense-e-condenado-a-16-anos-por-estupro-contra-enteadas\/#primaryimage"},"image":{"@id":"https:\/\/radiolifefm.com.br\/noticias\/empresario-osvaldocruzense-e-condenado-a-16-anos-por-estupro-contra-enteadas\/#primaryimage"},"thumbnailUrl":"https:\/\/radiolifefm.com.br\/noticias\/wp-content\/uploads\/2019\/04\/Algemas.jpg","datePublished":"2019-04-02T00:08:46+00:00","dateModified":"2026-04-12T20:50:50+00:00","breadcrumb":{"@id":"https:\/\/radiolifefm.com.br\/noticias\/empresario-osvaldocruzense-e-condenado-a-16-anos-por-estupro-contra-enteadas\/#breadcrumb"},"inLanguage":"pt-BR","potentialAction":[{"@type":"ReadAction","target":["https:\/\/radiolifefm.com.br\/noticias\/empresario-osvaldocruzense-e-condenado-a-16-anos-por-estupro-contra-enteadas\/"]}]},{"@type":"ImageObject","inLanguage":"pt-BR","@id":"https:\/\/radiolifefm.com.br\/noticias\/empresario-osvaldocruzense-e-condenado-a-16-anos-por-estupro-contra-enteadas\/#primaryimage","url":"https:\/\/radiolifefm.com.br\/noticias\/wp-content\/uploads\/2019\/04\/Algemas.jpg","contentUrl":"https:\/\/radiolifefm.com.br\/noticias\/wp-content\/uploads\/2019\/04\/Algemas.jpg","width":300,"height":168,"caption":"Homem procurado da justi\u00e7a foi preso pela Pol\u00edcia Militar de Osvaldo Cruz"},{"@type":"BreadcrumbList","@id":"https:\/\/radiolifefm.com.br\/noticias\/empresario-osvaldocruzense-e-condenado-a-16-anos-por-estupro-contra-enteadas\/#breadcrumb","itemListElement":[{"@type":"ListItem","position":1,"name":"In\u00edcio","item":"https:\/\/radiolifefm.com.br\/noticias\/"},{"@type":"ListItem","position":2,"name":"Empres\u00e1rio osvaldocruzense \u00e9 condenado a 16 anos por estupro contra enteadas"}]},{"@type":"WebSite","@id":"https:\/\/radiolifefm.com.br\/noticias\/#website","url":"https:\/\/radiolifefm.com.br\/noticias\/","name":"R\u00e1dio Life FM","description":"O Portal de Not\u00edcias de Adamantina","publisher":{"@id":"https:\/\/radiolifefm.com.br\/noticias\/#organization"},"alternateName":"Life FM","potentialAction":[{"@type":"SearchAction","target":{"@type":"EntryPoint","urlTemplate":"https:\/\/radiolifefm.com.br\/noticias\/?s={search_term_string}"},"query-input":{"@type":"PropertyValueSpecification","valueRequired":true,"valueName":"search_term_string"}}],"inLanguage":"pt-BR"},{"@type":"Organization","@id":"https:\/\/radiolifefm.com.br\/noticias\/#organization","name":"R\u00e1dio Life FM","alternateName":"Life FM","url":"https:\/\/radiolifefm.com.br\/noticias\/","logo":{"@type":"ImageObject","inLanguage":"pt-BR","@id":"https:\/\/radiolifefm.com.br\/noticias\/#\/schema\/logo\/image\/","url":"https:\/\/static.radiolifefm.com.br\/noticias\/wp-content\/uploads\/2019\/10\/logo-lifefm.png","contentUrl":"https:\/\/static.radiolifefm.com.br\/noticias\/wp-content\/uploads\/2019\/10\/logo-lifefm.png","width":196,"height":47,"caption":"R\u00e1dio Life FM"},"image":{"@id":"https:\/\/radiolifefm.com.br\/noticias\/#\/schema\/logo\/image\/"},"sameAs":["https:\/\/www.facebook.com\/radiolifefm\/","https:\/\/www.instagram.com\/life1079fm\/"]},{"@type":"Person","@id":"https:\/\/radiolifefm.com.br\/noticias\/#\/schema\/person\/6876e1240feffe6e1b63fd5cb85abf28","name":"joaograndao","image":{"@type":"ImageObject","inLanguage":"pt-BR","@id":"https:\/\/secure.gravatar.com\/avatar\/d5b1a3cf357ed9c50404e256a1294083aa8ab5d2a994001567302786016cb32c?s=96&d=mm&r=g","url":"https:\/\/secure.gravatar.com\/avatar\/d5b1a3cf357ed9c50404e256a1294083aa8ab5d2a994001567302786016cb32c?s=96&d=mm&r=g","contentUrl":"https:\/\/secure.gravatar.com\/avatar\/d5b1a3cf357ed9c50404e256a1294083aa8ab5d2a994001567302786016cb32c?s=96&d=mm&r=g","caption":"joaograndao"}}]}},"amp_enabled":true,"_links":{"self":[{"href":"https:\/\/radiolifefm.com.br\/noticias\/wp-json\/wp\/v2\/posts\/11531","targetHints":{"allow":["GET"]}}],"collection":[{"href":"https:\/\/radiolifefm.com.br\/noticias\/wp-json\/wp\/v2\/posts"}],"about":[{"href":"https:\/\/radiolifefm.com.br\/noticias\/wp-json\/wp\/v2\/types\/post"}],"author":[{"embeddable":true,"href":"https:\/\/radiolifefm.com.br\/noticias\/wp-json\/wp\/v2\/users\/8"}],"replies":[{"embeddable":true,"href":"https:\/\/radiolifefm.com.br\/noticias\/wp-json\/wp\/v2\/comments?post=11531"}],"version-history":[{"count":3,"href":"https:\/\/radiolifefm.com.br\/noticias\/wp-json\/wp\/v2\/posts\/11531\/revisions"}],"predecessor-version":[{"id":11619,"href":"https:\/\/radiolifefm.com.br\/noticias\/wp-json\/wp\/v2\/posts\/11531\/revisions\/11619"}],"wp:featuredmedia":[{"embeddable":true,"href":"https:\/\/radiolifefm.com.br\/noticias\/wp-json\/wp\/v2\/media\/11533"}],"wp:attachment":[{"href":"https:\/\/radiolifefm.com.br\/noticias\/wp-json\/wp\/v2\/media?parent=11531"}],"wp:term":[{"taxonomy":"category","embeddable":true,"href":"https:\/\/radiolifefm.com.br\/noticias\/wp-json\/wp\/v2\/categories?post=11531"},{"taxonomy":"post_tag","embeddable":true,"href":"https:\/\/radiolifefm.com.br\/noticias\/wp-json\/wp\/v2\/tags?post=11531"}],"curies":[{"name":"wp","href":"https:\/\/api.w.org\/{rel}","templated":true}]}}