{"id":11450,"date":"2019-03-30T13:56:18","date_gmt":"2019-03-30T16:56:18","guid":{"rendered":"https:\/\/radiolifefm.com.br\/noticias\/?p=11450"},"modified":"2026-04-30T06:15:49","modified_gmt":"2026-04-30T09:15:49","slug":"operacao-rodovias-mais-seguras-na-regiao-comeca-com-prisao-de-traficante-em-junqueiropolis","status":"publish","type":"post","link":"https:\/\/radiolifefm.com.br\/noticias\/operacao-rodovias-mais-seguras-na-regiao-comeca-com-prisao-de-traficante-em-junqueiropolis\/","title":{"rendered":"Opera\u00e7\u00e3o Rodovias Mais Seguras na regi\u00e3o come\u00e7a com pris\u00e3o de traficante em Junqueir\u00f3polis"},"content":{"rendered":"<div id=\"fb-root\"><\/div>\n<p>A Opera\u00e7\u00e3o &#8221; Rodovias Mais Seguras&#8221; come\u00e7ou com a apreens\u00e3o de dinheiro, ve\u00edculo e a pris\u00e3o de um traficante, em Junqueir\u00f3polis, \u00e0 meia-noite desta sexta-feira (29).<\/p>\n<p>No in\u00edcio da Opera\u00e7\u00e3o, a Pol\u00edcia Militar informou sobre uma motocicleta abandonada pr\u00f3ximo \u00e0 balan\u00e7a em Dracena. O emplacamento seria de um ve\u00edculo envolvido em um furto no \u00faltimo fim de semana, em Irapuru.<\/p>\n<p>As equipes da Pol\u00edcia Militar realizaram uma opera\u00e7\u00e3o para resolver o caso e localizaram o endere\u00e7o do propriet\u00e1rio da moto em um s\u00edtio pr\u00f3ximo da cidade.<\/p>\n<p>Em contato com D.H.S., este disse ter emprestado sua moto para um indiv\u00edduo identificado como D. G. R. S. e outro, em troca de R$150 em pedras de crack.<\/p>\n<p>Na sequ\u00eancia, os policiais foram at\u00e9 a casa de D.G.R.S., que, ao notar a presen\u00e7a dos policiais, tentou fugir pelos fundos da casa, mas acabou detido.<\/p>\n<p>Dentro da casa foi encontrada a quantia de R$1.645,00 em notas de R$50, R$10 e R$5, al\u00e9m de papel filme e alum\u00ednio usado para o com\u00e9rcio de drogas.<\/p>\n<p>No fundo da resid\u00eancia foram encontradas quatro pedras de crack, que pesaram 0,02g.<\/p>\n<p>O envolvido foi preso e permaneceu \u00e0 disposi\u00e7\u00e3o da Justi\u00e7a.<\/p>\n<p><strong>Opera\u00e7\u00e3o em rodovias continua pela regi\u00e3o<\/strong><\/p>\n<p>A Opera\u00e7\u00e3o Rorovias Mais Seguras come\u00e7ou a zero hora deste s\u00e1bado e n\u00e3o tem hor\u00e1rio para acabar.<\/p>\n<p>Na \u00e1rea do 25\u00ba Batalh\u00e3o de Pol\u00edcia Militar, com sede em Dracena, a opera\u00e7\u00e3o conta com 179 policiais e 90 viaturas.<\/p>\n<p>Os condutores e ve\u00edculos selecionados nas abordagens s\u00e3o fiscalizados por equipes do policiamento ostensivo (For\u00e7a T\u00e1tica e policiamento territorial).<\/p>\n<p>Em seguida, os condutores s\u00e3o convidados a se submeterem ao teste de baf\u00f4metro e \u00e0 verifica\u00e7\u00e3o da documenta\u00e7\u00e3o.<\/p>\n<p>&nbsp;<\/p>\n<p><em>Setor de Comunica\u00e7\u00e3o Social da Pol\u00edcia Militar do 25BPMI<\/em><\/p>\n<p>Reda\u00e7\u00e3o &#8211; Kako de Oliveira<\/p>\n","protected":false},"excerpt":{"rendered":"<p>A Opera\u00e7\u00e3o &#8221; Rodovias Mais Seguras&#8221; come\u00e7ou com a apreens\u00e3o de dinheiro, ve\u00edculo e a pris\u00e3o de um traficante, em Junqueir\u00f3polis, \u00e0 meia-noite desta sexta-feira (29). No in\u00edcio da Opera\u00e7\u00e3o, a Pol\u00edcia Militar informou sobre uma motocicleta abandonada pr\u00f3ximo \u00e0 balan\u00e7a em Dracena. O emplacamento seria de um ve\u00edculo envolvido em um furto no \u00faltimo [&hellip;]<\/p>\n","protected":false},"author":8,"featured_media":11451,"comment_status":"closed","ping_status":"open","sticky":false,"template":"","format":"standard","meta":{"_acf_changed":false,"_exactmetrics_skip_tracking":false,"_exactmetrics_sitenote_active":false,"_exactmetrics_sitenote_note":"","_exactmetrics_sitenote_category":0,"footnotes":""},"categories":[24],"tags":[],"class_list":["post-11450","post","type-post","status-publish","format-standard","has-post-thumbnail","hentry","category-regiao"],"acf":[],"yoast_head":"<!-- This site is optimized with the Yoast SEO plugin v27.2 - https:\/\/yoast.com\/product\/yoast-seo-wordpress\/ -->\n<title>Opera\u00e7\u00e3o Rodovias Mais Seguras na regi\u00e3o come\u00e7a com pris\u00e3o de traficante em Junqueir\u00f3polis - R\u00e1dio Life FM<\/title>\n<meta name=\"robots\" content=\"index, follow, max-snippet:-1, max-image-preview:large, max-video-preview:-1\" \/>\n<link rel=\"canonical\" href=\"https:\/\/radiolifefm.com.br\/noticias\/operacao-rodovias-mais-seguras-na-regiao-comeca-com-prisao-de-traficante-em-junqueiropolis\/\" \/>\n<meta property=\"og:locale\" content=\"pt_BR\" \/>\n<meta property=\"og:type\" content=\"article\" \/>\n<meta property=\"og:title\" content=\"Opera\u00e7\u00e3o Rodovias Mais Seguras na regi\u00e3o come\u00e7a com pris\u00e3o de traficante em Junqueir\u00f3polis - R\u00e1dio Life FM\" \/>\n<meta property=\"og:description\" content=\"A Opera\u00e7\u00e3o &#8221; Rodovias Mais Seguras&#8221; come\u00e7ou com a apreens\u00e3o de dinheiro, ve\u00edculo e a pris\u00e3o de um traficante, em Junqueir\u00f3polis, \u00e0 meia-noite desta sexta-feira (29). No in\u00edcio da Opera\u00e7\u00e3o, a Pol\u00edcia Militar informou sobre uma motocicleta abandonada pr\u00f3ximo \u00e0 balan\u00e7a em Dracena. O emplacamento seria de um ve\u00edculo envolvido em um furto no \u00faltimo [&hellip;]\" \/>\n<meta property=\"og:url\" content=\"https:\/\/radiolifefm.com.br\/noticias\/operacao-rodovias-mais-seguras-na-regiao-comeca-com-prisao-de-traficante-em-junqueiropolis\/\" \/>\n<meta property=\"og:site_name\" content=\"R\u00e1dio Life FM\" \/>\n<meta property=\"article:publisher\" content=\"https:\/\/www.facebook.com\/radiolifefm\/\" \/>\n<meta property=\"article:published_time\" content=\"2019-03-30T16:56:18+00:00\" \/>\n<meta property=\"article:modified_time\" content=\"2026-04-30T09:15:49+00:00\" \/>\n<meta property=\"og:image\" content=\"https:\/\/radiolifefm.com.br\/noticias\/wp-content\/uploads\/2019\/03\/Opera\u00e7\u00e3o-rodovias.jpg\" \/>\n\t<meta property=\"og:image:width\" content=\"308\" \/>\n\t<meta property=\"og:image:height\" content=\"500\" \/>\n\t<meta property=\"og:image:type\" content=\"image\/jpeg\" \/>\n<meta name=\"author\" content=\"joaograndao\" \/>\n<meta name=\"twitter:card\" content=\"summary_large_image\" \/>\n<meta name=\"twitter:label1\" content=\"Escrito por\" \/>\n\t<meta name=\"twitter:data1\" content=\"joaograndao\" \/>\n\t<meta name=\"twitter:label2\" content=\"Est. tempo de leitura\" \/>\n\t<meta name=\"twitter:data2\" content=\"2 minutos\" \/>\n<script type=\"application\/ld+json\" class=\"yoast-schema-graph\">{\"@context\":\"https:\/\/schema.org\",\"@graph\":[{\"@type\":\"Article\",\"@id\":\"https:\/\/radiolifefm.com.br\/noticias\/operacao-rodovias-mais-seguras-na-regiao-comeca-com-prisao-de-traficante-em-junqueiropolis\/#article\",\"isPartOf\":{\"@id\":\"https:\/\/radiolifefm.com.br\/noticias\/operacao-rodovias-mais-seguras-na-regiao-comeca-com-prisao-de-traficante-em-junqueiropolis\/\"},\"author\":{\"name\":\"joaograndao\",\"@id\":\"https:\/\/radiolifefm.com.br\/noticias\/#\/schema\/person\/6876e1240feffe6e1b63fd5cb85abf28\"},\"headline\":\"Opera\u00e7\u00e3o Rodovias Mais Seguras na regi\u00e3o come\u00e7a com pris\u00e3o de traficante em Junqueir\u00f3polis\",\"datePublished\":\"2019-03-30T16:56:18+00:00\",\"dateModified\":\"2026-04-30T09:15:49+00:00\",\"mainEntityOfPage\":{\"@id\":\"https:\/\/radiolifefm.com.br\/noticias\/operacao-rodovias-mais-seguras-na-regiao-comeca-com-prisao-de-traficante-em-junqueiropolis\/\"},\"wordCount\":350,\"publisher\":{\"@id\":\"https:\/\/radiolifefm.com.br\/noticias\/#organization\"},\"image\":{\"@id\":\"https:\/\/radiolifefm.com.br\/noticias\/operacao-rodovias-mais-seguras-na-regiao-comeca-com-prisao-de-traficante-em-junqueiropolis\/#primaryimage\"},\"thumbnailUrl\":\"https:\/\/radiolifefm.com.br\/noticias\/wp-content\/uploads\/2019\/03\/Opera\u00e7\u00e3o-rodovias.jpg\",\"articleSection\":[\"Regi\u00e3o\"],\"inLanguage\":\"pt-BR\"},{\"@type\":\"WebPage\",\"@id\":\"https:\/\/radiolifefm.com.br\/noticias\/operacao-rodovias-mais-seguras-na-regiao-comeca-com-prisao-de-traficante-em-junqueiropolis\/\",\"url\":\"https:\/\/radiolifefm.com.br\/noticias\/operacao-rodovias-mais-seguras-na-regiao-comeca-com-prisao-de-traficante-em-junqueiropolis\/\",\"name\":\"Opera\u00e7\u00e3o Rodovias Mais Seguras na regi\u00e3o come\u00e7a com pris\u00e3o de traficante em Junqueir\u00f3polis - R\u00e1dio Life FM\",\"isPartOf\":{\"@id\":\"https:\/\/radiolifefm.com.br\/noticias\/#website\"},\"primaryImageOfPage\":{\"@id\":\"https:\/\/radiolifefm.com.br\/noticias\/operacao-rodovias-mais-seguras-na-regiao-comeca-com-prisao-de-traficante-em-junqueiropolis\/#primaryimage\"},\"image\":{\"@id\":\"https:\/\/radiolifefm.com.br\/noticias\/operacao-rodovias-mais-seguras-na-regiao-comeca-com-prisao-de-traficante-em-junqueiropolis\/#primaryimage\"},\"thumbnailUrl\":\"https:\/\/radiolifefm.com.br\/noticias\/wp-content\/uploads\/2019\/03\/Opera\u00e7\u00e3o-rodovias.jpg\",\"datePublished\":\"2019-03-30T16:56:18+00:00\",\"dateModified\":\"2026-04-30T09:15:49+00:00\",\"breadcrumb\":{\"@id\":\"https:\/\/radiolifefm.com.br\/noticias\/operacao-rodovias-mais-seguras-na-regiao-comeca-com-prisao-de-traficante-em-junqueiropolis\/#breadcrumb\"},\"inLanguage\":\"pt-BR\",\"potentialAction\":[{\"@type\":\"ReadAction\",\"target\":[\"https:\/\/radiolifefm.com.br\/noticias\/operacao-rodovias-mais-seguras-na-regiao-comeca-com-prisao-de-traficante-em-junqueiropolis\/\"]}]},{\"@type\":\"ImageObject\",\"inLanguage\":\"pt-BR\",\"@id\":\"https:\/\/radiolifefm.com.br\/noticias\/operacao-rodovias-mais-seguras-na-regiao-comeca-com-prisao-de-traficante-em-junqueiropolis\/#primaryimage\",\"url\":\"https:\/\/radiolifefm.com.br\/noticias\/wp-content\/uploads\/2019\/03\/Opera\u00e7\u00e3o-rodovias.jpg\",\"contentUrl\":\"https:\/\/radiolifefm.com.br\/noticias\/wp-content\/uploads\/2019\/03\/Opera\u00e7\u00e3o-rodovias.jpg\",\"width\":308,\"height\":500},{\"@type\":\"BreadcrumbList\",\"@id\":\"https:\/\/radiolifefm.com.br\/noticias\/operacao-rodovias-mais-seguras-na-regiao-comeca-com-prisao-de-traficante-em-junqueiropolis\/#breadcrumb\",\"itemListElement\":[{\"@type\":\"ListItem\",\"position\":1,\"name\":\"In\u00edcio\",\"item\":\"https:\/\/radiolifefm.com.br\/noticias\/\"},{\"@type\":\"ListItem\",\"position\":2,\"name\":\"Opera\u00e7\u00e3o Rodovias Mais Seguras na regi\u00e3o come\u00e7a com pris\u00e3o de traficante em Junqueir\u00f3polis\"}]},{\"@type\":\"WebSite\",\"@id\":\"https:\/\/radiolifefm.com.br\/noticias\/#website\",\"url\":\"https:\/\/radiolifefm.com.br\/noticias\/\",\"name\":\"R\u00e1dio Life FM\",\"description\":\"O Portal de Not\u00edcias de Adamantina\",\"publisher\":{\"@id\":\"https:\/\/radiolifefm.com.br\/noticias\/#organization\"},\"alternateName\":\"Life FM\",\"potentialAction\":[{\"@type\":\"SearchAction\",\"target\":{\"@type\":\"EntryPoint\",\"urlTemplate\":\"https:\/\/radiolifefm.com.br\/noticias\/?s={search_term_string}\"},\"query-input\":{\"@type\":\"PropertyValueSpecification\",\"valueRequired\":true,\"valueName\":\"search_term_string\"}}],\"inLanguage\":\"pt-BR\"},{\"@type\":\"Organization\",\"@id\":\"https:\/\/radiolifefm.com.br\/noticias\/#organization\",\"name\":\"R\u00e1dio Life FM\",\"alternateName\":\"Life FM\",\"url\":\"https:\/\/radiolifefm.com.br\/noticias\/\",\"logo\":{\"@type\":\"ImageObject\",\"inLanguage\":\"pt-BR\",\"@id\":\"https:\/\/radiolifefm.com.br\/noticias\/#\/schema\/logo\/image\/\",\"url\":\"https:\/\/static.radiolifefm.com.br\/noticias\/wp-content\/uploads\/2019\/10\/logo-lifefm.png\",\"contentUrl\":\"https:\/\/static.radiolifefm.com.br\/noticias\/wp-content\/uploads\/2019\/10\/logo-lifefm.png\",\"width\":196,\"height\":47,\"caption\":\"R\u00e1dio Life FM\"},\"image\":{\"@id\":\"https:\/\/radiolifefm.com.br\/noticias\/#\/schema\/logo\/image\/\"},\"sameAs\":[\"https:\/\/www.facebook.com\/radiolifefm\/\",\"https:\/\/www.instagram.com\/life1079fm\/\"]},{\"@type\":\"Person\",\"@id\":\"https:\/\/radiolifefm.com.br\/noticias\/#\/schema\/person\/6876e1240feffe6e1b63fd5cb85abf28\",\"name\":\"joaograndao\",\"image\":{\"@type\":\"ImageObject\",\"inLanguage\":\"pt-BR\",\"@id\":\"https:\/\/secure.gravatar.com\/avatar\/d5b1a3cf357ed9c50404e256a1294083aa8ab5d2a994001567302786016cb32c?s=96&d=mm&r=g\",\"url\":\"https:\/\/secure.gravatar.com\/avatar\/d5b1a3cf357ed9c50404e256a1294083aa8ab5d2a994001567302786016cb32c?s=96&d=mm&r=g\",\"contentUrl\":\"https:\/\/secure.gravatar.com\/avatar\/d5b1a3cf357ed9c50404e256a1294083aa8ab5d2a994001567302786016cb32c?s=96&d=mm&r=g\",\"caption\":\"joaograndao\"}}]}<\/script>\n<!-- \/ Yoast SEO plugin. -->","yoast_head_json":{"title":"Opera\u00e7\u00e3o Rodovias Mais Seguras na regi\u00e3o come\u00e7a com pris\u00e3o de traficante em Junqueir\u00f3polis - R\u00e1dio Life FM","robots":{"index":"index","follow":"follow","max-snippet":"max-snippet:-1","max-image-preview":"max-image-preview:large","max-video-preview":"max-video-preview:-1"},"canonical":"https:\/\/radiolifefm.com.br\/noticias\/operacao-rodovias-mais-seguras-na-regiao-comeca-com-prisao-de-traficante-em-junqueiropolis\/","og_locale":"pt_BR","og_type":"article","og_title":"Opera\u00e7\u00e3o Rodovias Mais Seguras na regi\u00e3o come\u00e7a com pris\u00e3o de traficante em Junqueir\u00f3polis - R\u00e1dio Life FM","og_description":"A Opera\u00e7\u00e3o &#8221; Rodovias Mais Seguras&#8221; come\u00e7ou com a apreens\u00e3o de dinheiro, ve\u00edculo e a pris\u00e3o de um traficante, em Junqueir\u00f3polis, \u00e0 meia-noite desta sexta-feira (29). No in\u00edcio da Opera\u00e7\u00e3o, a Pol\u00edcia Militar informou sobre uma motocicleta abandonada pr\u00f3ximo \u00e0 balan\u00e7a em Dracena. O emplacamento seria de um ve\u00edculo envolvido em um furto no \u00faltimo [&hellip;]","og_url":"https:\/\/radiolifefm.com.br\/noticias\/operacao-rodovias-mais-seguras-na-regiao-comeca-com-prisao-de-traficante-em-junqueiropolis\/","og_site_name":"R\u00e1dio Life FM","article_publisher":"https:\/\/www.facebook.com\/radiolifefm\/","article_published_time":"2019-03-30T16:56:18+00:00","article_modified_time":"2026-04-30T09:15:49+00:00","og_image":[{"width":308,"height":500,"url":"https:\/\/radiolifefm.com.br\/noticias\/wp-content\/uploads\/2019\/03\/Opera\u00e7\u00e3o-rodovias.jpg","type":"image\/jpeg"}],"author":"joaograndao","twitter_card":"summary_large_image","twitter_misc":{"Escrito por":"joaograndao","Est. tempo de leitura":"2 minutos"},"schema":{"@context":"https:\/\/schema.org","@graph":[{"@type":"Article","@id":"https:\/\/radiolifefm.com.br\/noticias\/operacao-rodovias-mais-seguras-na-regiao-comeca-com-prisao-de-traficante-em-junqueiropolis\/#article","isPartOf":{"@id":"https:\/\/radiolifefm.com.br\/noticias\/operacao-rodovias-mais-seguras-na-regiao-comeca-com-prisao-de-traficante-em-junqueiropolis\/"},"author":{"name":"joaograndao","@id":"https:\/\/radiolifefm.com.br\/noticias\/#\/schema\/person\/6876e1240feffe6e1b63fd5cb85abf28"},"headline":"Opera\u00e7\u00e3o Rodovias Mais Seguras na regi\u00e3o come\u00e7a com pris\u00e3o de traficante em Junqueir\u00f3polis","datePublished":"2019-03-30T16:56:18+00:00","dateModified":"2026-04-30T09:15:49+00:00","mainEntityOfPage":{"@id":"https:\/\/radiolifefm.com.br\/noticias\/operacao-rodovias-mais-seguras-na-regiao-comeca-com-prisao-de-traficante-em-junqueiropolis\/"},"wordCount":350,"publisher":{"@id":"https:\/\/radiolifefm.com.br\/noticias\/#organization"},"image":{"@id":"https:\/\/radiolifefm.com.br\/noticias\/operacao-rodovias-mais-seguras-na-regiao-comeca-com-prisao-de-traficante-em-junqueiropolis\/#primaryimage"},"thumbnailUrl":"https:\/\/radiolifefm.com.br\/noticias\/wp-content\/uploads\/2019\/03\/Opera\u00e7\u00e3o-rodovias.jpg","articleSection":["Regi\u00e3o"],"inLanguage":"pt-BR"},{"@type":"WebPage","@id":"https:\/\/radiolifefm.com.br\/noticias\/operacao-rodovias-mais-seguras-na-regiao-comeca-com-prisao-de-traficante-em-junqueiropolis\/","url":"https:\/\/radiolifefm.com.br\/noticias\/operacao-rodovias-mais-seguras-na-regiao-comeca-com-prisao-de-traficante-em-junqueiropolis\/","name":"Opera\u00e7\u00e3o Rodovias Mais Seguras na regi\u00e3o come\u00e7a com pris\u00e3o de traficante em Junqueir\u00f3polis - R\u00e1dio Life FM","isPartOf":{"@id":"https:\/\/radiolifefm.com.br\/noticias\/#website"},"primaryImageOfPage":{"@id":"https:\/\/radiolifefm.com.br\/noticias\/operacao-rodovias-mais-seguras-na-regiao-comeca-com-prisao-de-traficante-em-junqueiropolis\/#primaryimage"},"image":{"@id":"https:\/\/radiolifefm.com.br\/noticias\/operacao-rodovias-mais-seguras-na-regiao-comeca-com-prisao-de-traficante-em-junqueiropolis\/#primaryimage"},"thumbnailUrl":"https:\/\/radiolifefm.com.br\/noticias\/wp-content\/uploads\/2019\/03\/Opera\u00e7\u00e3o-rodovias.jpg","datePublished":"2019-03-30T16:56:18+00:00","dateModified":"2026-04-30T09:15:49+00:00","breadcrumb":{"@id":"https:\/\/radiolifefm.com.br\/noticias\/operacao-rodovias-mais-seguras-na-regiao-comeca-com-prisao-de-traficante-em-junqueiropolis\/#breadcrumb"},"inLanguage":"pt-BR","potentialAction":[{"@type":"ReadAction","target":["https:\/\/radiolifefm.com.br\/noticias\/operacao-rodovias-mais-seguras-na-regiao-comeca-com-prisao-de-traficante-em-junqueiropolis\/"]}]},{"@type":"ImageObject","inLanguage":"pt-BR","@id":"https:\/\/radiolifefm.com.br\/noticias\/operacao-rodovias-mais-seguras-na-regiao-comeca-com-prisao-de-traficante-em-junqueiropolis\/#primaryimage","url":"https:\/\/radiolifefm.com.br\/noticias\/wp-content\/uploads\/2019\/03\/Opera\u00e7\u00e3o-rodovias.jpg","contentUrl":"https:\/\/radiolifefm.com.br\/noticias\/wp-content\/uploads\/2019\/03\/Opera\u00e7\u00e3o-rodovias.jpg","width":308,"height":500},{"@type":"BreadcrumbList","@id":"https:\/\/radiolifefm.com.br\/noticias\/operacao-rodovias-mais-seguras-na-regiao-comeca-com-prisao-de-traficante-em-junqueiropolis\/#breadcrumb","itemListElement":[{"@type":"ListItem","position":1,"name":"In\u00edcio","item":"https:\/\/radiolifefm.com.br\/noticias\/"},{"@type":"ListItem","position":2,"name":"Opera\u00e7\u00e3o Rodovias Mais Seguras na regi\u00e3o come\u00e7a com pris\u00e3o de traficante em Junqueir\u00f3polis"}]},{"@type":"WebSite","@id":"https:\/\/radiolifefm.com.br\/noticias\/#website","url":"https:\/\/radiolifefm.com.br\/noticias\/","name":"R\u00e1dio Life FM","description":"O Portal de Not\u00edcias de Adamantina","publisher":{"@id":"https:\/\/radiolifefm.com.br\/noticias\/#organization"},"alternateName":"Life FM","potentialAction":[{"@type":"SearchAction","target":{"@type":"EntryPoint","urlTemplate":"https:\/\/radiolifefm.com.br\/noticias\/?s={search_term_string}"},"query-input":{"@type":"PropertyValueSpecification","valueRequired":true,"valueName":"search_term_string"}}],"inLanguage":"pt-BR"},{"@type":"Organization","@id":"https:\/\/radiolifefm.com.br\/noticias\/#organization","name":"R\u00e1dio Life FM","alternateName":"Life FM","url":"https:\/\/radiolifefm.com.br\/noticias\/","logo":{"@type":"ImageObject","inLanguage":"pt-BR","@id":"https:\/\/radiolifefm.com.br\/noticias\/#\/schema\/logo\/image\/","url":"https:\/\/static.radiolifefm.com.br\/noticias\/wp-content\/uploads\/2019\/10\/logo-lifefm.png","contentUrl":"https:\/\/static.radiolifefm.com.br\/noticias\/wp-content\/uploads\/2019\/10\/logo-lifefm.png","width":196,"height":47,"caption":"R\u00e1dio Life FM"},"image":{"@id":"https:\/\/radiolifefm.com.br\/noticias\/#\/schema\/logo\/image\/"},"sameAs":["https:\/\/www.facebook.com\/radiolifefm\/","https:\/\/www.instagram.com\/life1079fm\/"]},{"@type":"Person","@id":"https:\/\/radiolifefm.com.br\/noticias\/#\/schema\/person\/6876e1240feffe6e1b63fd5cb85abf28","name":"joaograndao","image":{"@type":"ImageObject","inLanguage":"pt-BR","@id":"https:\/\/secure.gravatar.com\/avatar\/d5b1a3cf357ed9c50404e256a1294083aa8ab5d2a994001567302786016cb32c?s=96&d=mm&r=g","url":"https:\/\/secure.gravatar.com\/avatar\/d5b1a3cf357ed9c50404e256a1294083aa8ab5d2a994001567302786016cb32c?s=96&d=mm&r=g","contentUrl":"https:\/\/secure.gravatar.com\/avatar\/d5b1a3cf357ed9c50404e256a1294083aa8ab5d2a994001567302786016cb32c?s=96&d=mm&r=g","caption":"joaograndao"}}]}},"amp_enabled":true,"_links":{"self":[{"href":"https:\/\/radiolifefm.com.br\/noticias\/wp-json\/wp\/v2\/posts\/11450","targetHints":{"allow":["GET"]}}],"collection":[{"href":"https:\/\/radiolifefm.com.br\/noticias\/wp-json\/wp\/v2\/posts"}],"about":[{"href":"https:\/\/radiolifefm.com.br\/noticias\/wp-json\/wp\/v2\/types\/post"}],"author":[{"embeddable":true,"href":"https:\/\/radiolifefm.com.br\/noticias\/wp-json\/wp\/v2\/users\/8"}],"replies":[{"embeddable":true,"href":"https:\/\/radiolifefm.com.br\/noticias\/wp-json\/wp\/v2\/comments?post=11450"}],"version-history":[{"count":2,"href":"https:\/\/radiolifefm.com.br\/noticias\/wp-json\/wp\/v2\/posts\/11450\/revisions"}],"predecessor-version":[{"id":11453,"href":"https:\/\/radiolifefm.com.br\/noticias\/wp-json\/wp\/v2\/posts\/11450\/revisions\/11453"}],"wp:featuredmedia":[{"embeddable":true,"href":"https:\/\/radiolifefm.com.br\/noticias\/wp-json\/wp\/v2\/media\/11451"}],"wp:attachment":[{"href":"https:\/\/radiolifefm.com.br\/noticias\/wp-json\/wp\/v2\/media?parent=11450"}],"wp:term":[{"taxonomy":"category","embeddable":true,"href":"https:\/\/radiolifefm.com.br\/noticias\/wp-json\/wp\/v2\/categories?post=11450"},{"taxonomy":"post_tag","embeddable":true,"href":"https:\/\/radiolifefm.com.br\/noticias\/wp-json\/wp\/v2\/tags?post=11450"}],"curies":[{"name":"wp","href":"https:\/\/api.w.org\/{rel}","templated":true}]}}