{"id":11399,"date":"2019-03-29T10:35:30","date_gmt":"2019-03-29T13:35:30","guid":{"rendered":"https:\/\/radiolifefm.com.br\/noticias\/?p=11399"},"modified":"2026-04-30T06:33:54","modified_gmt":"2026-04-30T09:33:54","slug":"vereador-de-osvaldo-cruz-alvaro-cabeleireiro-diz-que-perda-de-seu-mandato-e-perseguicao-politica","status":"publish","type":"post","link":"https:\/\/radiolifefm.com.br\/noticias\/vereador-de-osvaldo-cruz-alvaro-cabeleireiro-diz-que-perda-de-seu-mandato-e-perseguicao-politica\/","title":{"rendered":"Vereador de Osvaldo Cruz, \u00c1lvaro Cabeleireiro diz que perda de seu mandato \u00e9 \u2018persegui\u00e7\u00e3o pol\u00edtica\u2019"},"content":{"rendered":"<div id=\"fb-root\"><\/div>\n<h2>O ex-vereador, \u00c1lvaro Bellini (PP), o \u00c1lvaro Cabeleireiro, de Osvaldo Cruz, se disse v\u00edtima de uma persegui\u00e7\u00e3o pol\u00edtica, ap\u00f3s a perda de seu mandato a partir de entendimento do Minist\u00e9rio P\u00fablico Eleitoral. A decis\u00e3o foi confirmada nesta quinta feira pela manh\u00e3, pelo presidente da C\u00e2mara, Homero Massarente (MDB).<\/h2>\n<h2>Em entrevista, \u00c1lvaro afirmou que se sente &#8220;triste&#8221; e que h\u00e1 &#8220;tempos&#8221; \u00e9 perseguido politicamente. &#8220;Infelizmente a Justi\u00e7a fica atr\u00e1s de mim, quando na verdade deveria investigar tudo o que eu denunciei at\u00e9 hoje. Eu nunca menti, sou um lutador&#8221;.<\/h2>\n<h2>Segundo Bellini, a rea\u00e7\u00e3o dos moradores da cidade \u00e9 de indigna\u00e7\u00e3o. &#8220;Tenho andado pela cidade e as pessoas prestam solidariedade e ao mesmo tempo se revoltam. Solidariedade comigo e revolta com as autoridades, porque eu n\u00e3o matei, n\u00e3o roubei e n\u00e3o fiz nada de errado. O problema \u00e9 que quem s\u00f3 fica atr\u00e1s de quatro paredes e uma mesa n\u00e3o sabe dos reais problemas enfrentados pelo nosso povo&#8221;, afirmou o ex-vereador.<\/h2>\n<h2>Perguntado se ir\u00e1 ingressar com algum mandado de seguran\u00e7a contra a decis\u00e3o da presid\u00eancia da C\u00e2mara, que teve que determinar seu afastamento por entendimento do Minist\u00e9rio P\u00fablico Eleitoral, \u00c1lvaro afirmou que estuda juntamente com os advogados o que fazer. &#8220;Mas entrego sempre tudo nas m\u00e3os de Deus, porque tenho f\u00e9 que tudo isto vai se resolver&#8221;, completou.<\/h2>\n<h2>Sobre outro processo-crime, ainda em andamento perante o Col\u00e9gico Recursal da Justi\u00e7a Estadual, em Tup\u00e3, \u00c1lvaro se mostrou confiante. &#8220;Deus sabe que, a exemplo de quando me acusaram de ofender funcion\u00e1rios do Centro de Sa\u00fade ou de roubar dinheiro de idosos, eu provei tudo se tratar de mentira. E neste caso de agora n\u00e3o ser\u00e1 diferente!&#8221;, disse.<\/h2>\n<p><strong>Portal Ocnet<\/strong><\/p>\n","protected":false},"excerpt":{"rendered":"<p>O ex-vereador, \u00c1lvaro Bellini (PP), o \u00c1lvaro Cabeleireiro, de Osvaldo Cruz, se disse v\u00edtima de uma persegui\u00e7\u00e3o pol\u00edtica, ap\u00f3s a perda de seu mandato a partir de entendimento do Minist\u00e9rio P\u00fablico Eleitoral. A decis\u00e3o foi confirmada nesta quinta feira pela manh\u00e3, pelo presidente da C\u00e2mara, Homero Massarente (MDB). Em entrevista, \u00c1lvaro afirmou que se sente [&hellip;]<\/p>\n","protected":false},"author":8,"featured_media":11401,"comment_status":"open","ping_status":"open","sticky":false,"template":"","format":"standard","meta":{"_acf_changed":false,"_exactmetrics_skip_tracking":false,"_exactmetrics_sitenote_active":false,"_exactmetrics_sitenote_note":"","_exactmetrics_sitenote_category":0,"footnotes":""},"categories":[24],"tags":[],"class_list":["post-11399","post","type-post","status-publish","format-standard","has-post-thumbnail","hentry","category-regiao"],"acf":[],"yoast_head":"<!-- This site is optimized with the Yoast SEO plugin v27.2 - https:\/\/yoast.com\/product\/yoast-seo-wordpress\/ -->\n<title>Vereador de Osvaldo Cruz, \u00c1lvaro Cabeleireiro diz que perda de seu mandato \u00e9 \u2018persegui\u00e7\u00e3o pol\u00edtica\u2019 - R\u00e1dio Life FM<\/title>\n<meta name=\"robots\" content=\"index, follow, max-snippet:-1, max-image-preview:large, max-video-preview:-1\" \/>\n<link rel=\"canonical\" href=\"https:\/\/radiolifefm.com.br\/noticias\/vereador-de-osvaldo-cruz-alvaro-cabeleireiro-diz-que-perda-de-seu-mandato-e-perseguicao-politica\/\" \/>\n<meta property=\"og:locale\" content=\"pt_BR\" \/>\n<meta property=\"og:type\" content=\"article\" \/>\n<meta property=\"og:title\" content=\"Vereador de Osvaldo Cruz, \u00c1lvaro Cabeleireiro diz que perda de seu mandato \u00e9 \u2018persegui\u00e7\u00e3o pol\u00edtica\u2019 - R\u00e1dio Life FM\" \/>\n<meta property=\"og:description\" content=\"O ex-vereador, \u00c1lvaro Bellini (PP), o \u00c1lvaro Cabeleireiro, de Osvaldo Cruz, se disse v\u00edtima de uma persegui\u00e7\u00e3o pol\u00edtica, ap\u00f3s a perda de seu mandato a partir de entendimento do Minist\u00e9rio P\u00fablico Eleitoral. A decis\u00e3o foi confirmada nesta quinta feira pela manh\u00e3, pelo presidente da C\u00e2mara, Homero Massarente (MDB). Em entrevista, \u00c1lvaro afirmou que se sente [&hellip;]\" \/>\n<meta property=\"og:url\" content=\"https:\/\/radiolifefm.com.br\/noticias\/vereador-de-osvaldo-cruz-alvaro-cabeleireiro-diz-que-perda-de-seu-mandato-e-perseguicao-politica\/\" \/>\n<meta property=\"og:site_name\" content=\"R\u00e1dio Life FM\" \/>\n<meta property=\"article:publisher\" content=\"https:\/\/www.facebook.com\/radiolifefm\/\" \/>\n<meta property=\"article:published_time\" content=\"2019-03-29T13:35:30+00:00\" \/>\n<meta property=\"article:modified_time\" content=\"2026-04-30T09:33:54+00:00\" \/>\n<meta property=\"og:image\" content=\"https:\/\/radiolifefm.com.br\/noticias\/wp-content\/uploads\/2019\/03\/\u00c1lvaro-Beline.jpg\" \/>\n\t<meta property=\"og:image:width\" content=\"183\" \/>\n\t<meta property=\"og:image:height\" content=\"276\" \/>\n\t<meta property=\"og:image:type\" content=\"image\/jpeg\" \/>\n<meta name=\"author\" content=\"joaograndao\" \/>\n<meta name=\"twitter:card\" content=\"summary_large_image\" \/>\n<meta name=\"twitter:label1\" content=\"Escrito por\" \/>\n\t<meta name=\"twitter:data1\" content=\"joaograndao\" \/>\n\t<meta name=\"twitter:label2\" content=\"Est. tempo de leitura\" \/>\n\t<meta name=\"twitter:data2\" content=\"2 minutos\" \/>\n<script type=\"application\/ld+json\" class=\"yoast-schema-graph\">{\"@context\":\"https:\/\/schema.org\",\"@graph\":[{\"@type\":\"Article\",\"@id\":\"https:\/\/radiolifefm.com.br\/noticias\/vereador-de-osvaldo-cruz-alvaro-cabeleireiro-diz-que-perda-de-seu-mandato-e-perseguicao-politica\/#article\",\"isPartOf\":{\"@id\":\"https:\/\/radiolifefm.com.br\/noticias\/vereador-de-osvaldo-cruz-alvaro-cabeleireiro-diz-que-perda-de-seu-mandato-e-perseguicao-politica\/\"},\"author\":{\"name\":\"joaograndao\",\"@id\":\"https:\/\/radiolifefm.com.br\/noticias\/#\/schema\/person\/6876e1240feffe6e1b63fd5cb85abf28\"},\"headline\":\"Vereador de Osvaldo Cruz, \u00c1lvaro Cabeleireiro diz que perda de seu mandato \u00e9 \u2018persegui\u00e7\u00e3o pol\u00edtica\u2019\",\"datePublished\":\"2019-03-29T13:35:30+00:00\",\"dateModified\":\"2026-04-30T09:33:54+00:00\",\"mainEntityOfPage\":{\"@id\":\"https:\/\/radiolifefm.com.br\/noticias\/vereador-de-osvaldo-cruz-alvaro-cabeleireiro-diz-que-perda-de-seu-mandato-e-perseguicao-politica\/\"},\"wordCount\":317,\"commentCount\":0,\"publisher\":{\"@id\":\"https:\/\/radiolifefm.com.br\/noticias\/#organization\"},\"image\":{\"@id\":\"https:\/\/radiolifefm.com.br\/noticias\/vereador-de-osvaldo-cruz-alvaro-cabeleireiro-diz-que-perda-de-seu-mandato-e-perseguicao-politica\/#primaryimage\"},\"thumbnailUrl\":\"https:\/\/radiolifefm.com.br\/noticias\/wp-content\/uploads\/2019\/03\/\u00c1lvaro-Beline.jpg\",\"articleSection\":[\"Regi\u00e3o\"],\"inLanguage\":\"pt-BR\",\"potentialAction\":[{\"@type\":\"CommentAction\",\"name\":\"Comment\",\"target\":[\"https:\/\/radiolifefm.com.br\/noticias\/vereador-de-osvaldo-cruz-alvaro-cabeleireiro-diz-que-perda-de-seu-mandato-e-perseguicao-politica\/#respond\"]}]},{\"@type\":\"WebPage\",\"@id\":\"https:\/\/radiolifefm.com.br\/noticias\/vereador-de-osvaldo-cruz-alvaro-cabeleireiro-diz-que-perda-de-seu-mandato-e-perseguicao-politica\/\",\"url\":\"https:\/\/radiolifefm.com.br\/noticias\/vereador-de-osvaldo-cruz-alvaro-cabeleireiro-diz-que-perda-de-seu-mandato-e-perseguicao-politica\/\",\"name\":\"Vereador de Osvaldo Cruz, \u00c1lvaro Cabeleireiro diz que perda de seu mandato \u00e9 \u2018persegui\u00e7\u00e3o pol\u00edtica\u2019 - R\u00e1dio Life FM\",\"isPartOf\":{\"@id\":\"https:\/\/radiolifefm.com.br\/noticias\/#website\"},\"primaryImageOfPage\":{\"@id\":\"https:\/\/radiolifefm.com.br\/noticias\/vereador-de-osvaldo-cruz-alvaro-cabeleireiro-diz-que-perda-de-seu-mandato-e-perseguicao-politica\/#primaryimage\"},\"image\":{\"@id\":\"https:\/\/radiolifefm.com.br\/noticias\/vereador-de-osvaldo-cruz-alvaro-cabeleireiro-diz-que-perda-de-seu-mandato-e-perseguicao-politica\/#primaryimage\"},\"thumbnailUrl\":\"https:\/\/radiolifefm.com.br\/noticias\/wp-content\/uploads\/2019\/03\/\u00c1lvaro-Beline.jpg\",\"datePublished\":\"2019-03-29T13:35:30+00:00\",\"dateModified\":\"2026-04-30T09:33:54+00:00\",\"breadcrumb\":{\"@id\":\"https:\/\/radiolifefm.com.br\/noticias\/vereador-de-osvaldo-cruz-alvaro-cabeleireiro-diz-que-perda-de-seu-mandato-e-perseguicao-politica\/#breadcrumb\"},\"inLanguage\":\"pt-BR\",\"potentialAction\":[{\"@type\":\"ReadAction\",\"target\":[\"https:\/\/radiolifefm.com.br\/noticias\/vereador-de-osvaldo-cruz-alvaro-cabeleireiro-diz-que-perda-de-seu-mandato-e-perseguicao-politica\/\"]}]},{\"@type\":\"ImageObject\",\"inLanguage\":\"pt-BR\",\"@id\":\"https:\/\/radiolifefm.com.br\/noticias\/vereador-de-osvaldo-cruz-alvaro-cabeleireiro-diz-que-perda-de-seu-mandato-e-perseguicao-politica\/#primaryimage\",\"url\":\"https:\/\/radiolifefm.com.br\/noticias\/wp-content\/uploads\/2019\/03\/\u00c1lvaro-Beline.jpg\",\"contentUrl\":\"https:\/\/radiolifefm.com.br\/noticias\/wp-content\/uploads\/2019\/03\/\u00c1lvaro-Beline.jpg\",\"width\":183,\"height\":276},{\"@type\":\"BreadcrumbList\",\"@id\":\"https:\/\/radiolifefm.com.br\/noticias\/vereador-de-osvaldo-cruz-alvaro-cabeleireiro-diz-que-perda-de-seu-mandato-e-perseguicao-politica\/#breadcrumb\",\"itemListElement\":[{\"@type\":\"ListItem\",\"position\":1,\"name\":\"In\u00edcio\",\"item\":\"https:\/\/radiolifefm.com.br\/noticias\/\"},{\"@type\":\"ListItem\",\"position\":2,\"name\":\"Vereador de Osvaldo Cruz, \u00c1lvaro Cabeleireiro diz que perda de seu mandato \u00e9 \u2018persegui\u00e7\u00e3o pol\u00edtica\u2019\"}]},{\"@type\":\"WebSite\",\"@id\":\"https:\/\/radiolifefm.com.br\/noticias\/#website\",\"url\":\"https:\/\/radiolifefm.com.br\/noticias\/\",\"name\":\"R\u00e1dio Life FM\",\"description\":\"O Portal de Not\u00edcias de Adamantina\",\"publisher\":{\"@id\":\"https:\/\/radiolifefm.com.br\/noticias\/#organization\"},\"alternateName\":\"Life FM\",\"potentialAction\":[{\"@type\":\"SearchAction\",\"target\":{\"@type\":\"EntryPoint\",\"urlTemplate\":\"https:\/\/radiolifefm.com.br\/noticias\/?s={search_term_string}\"},\"query-input\":{\"@type\":\"PropertyValueSpecification\",\"valueRequired\":true,\"valueName\":\"search_term_string\"}}],\"inLanguage\":\"pt-BR\"},{\"@type\":\"Organization\",\"@id\":\"https:\/\/radiolifefm.com.br\/noticias\/#organization\",\"name\":\"R\u00e1dio Life FM\",\"alternateName\":\"Life FM\",\"url\":\"https:\/\/radiolifefm.com.br\/noticias\/\",\"logo\":{\"@type\":\"ImageObject\",\"inLanguage\":\"pt-BR\",\"@id\":\"https:\/\/radiolifefm.com.br\/noticias\/#\/schema\/logo\/image\/\",\"url\":\"https:\/\/static.radiolifefm.com.br\/noticias\/wp-content\/uploads\/2019\/10\/logo-lifefm.png\",\"contentUrl\":\"https:\/\/static.radiolifefm.com.br\/noticias\/wp-content\/uploads\/2019\/10\/logo-lifefm.png\",\"width\":196,\"height\":47,\"caption\":\"R\u00e1dio Life FM\"},\"image\":{\"@id\":\"https:\/\/radiolifefm.com.br\/noticias\/#\/schema\/logo\/image\/\"},\"sameAs\":[\"https:\/\/www.facebook.com\/radiolifefm\/\",\"https:\/\/www.instagram.com\/life1079fm\/\"]},{\"@type\":\"Person\",\"@id\":\"https:\/\/radiolifefm.com.br\/noticias\/#\/schema\/person\/6876e1240feffe6e1b63fd5cb85abf28\",\"name\":\"joaograndao\",\"image\":{\"@type\":\"ImageObject\",\"inLanguage\":\"pt-BR\",\"@id\":\"https:\/\/secure.gravatar.com\/avatar\/d5b1a3cf357ed9c50404e256a1294083aa8ab5d2a994001567302786016cb32c?s=96&d=mm&r=g\",\"url\":\"https:\/\/secure.gravatar.com\/avatar\/d5b1a3cf357ed9c50404e256a1294083aa8ab5d2a994001567302786016cb32c?s=96&d=mm&r=g\",\"contentUrl\":\"https:\/\/secure.gravatar.com\/avatar\/d5b1a3cf357ed9c50404e256a1294083aa8ab5d2a994001567302786016cb32c?s=96&d=mm&r=g\",\"caption\":\"joaograndao\"}}]}<\/script>\n<!-- \/ Yoast SEO plugin. -->","yoast_head_json":{"title":"Vereador de Osvaldo Cruz, \u00c1lvaro Cabeleireiro diz que perda de seu mandato \u00e9 \u2018persegui\u00e7\u00e3o pol\u00edtica\u2019 - R\u00e1dio Life FM","robots":{"index":"index","follow":"follow","max-snippet":"max-snippet:-1","max-image-preview":"max-image-preview:large","max-video-preview":"max-video-preview:-1"},"canonical":"https:\/\/radiolifefm.com.br\/noticias\/vereador-de-osvaldo-cruz-alvaro-cabeleireiro-diz-que-perda-de-seu-mandato-e-perseguicao-politica\/","og_locale":"pt_BR","og_type":"article","og_title":"Vereador de Osvaldo Cruz, \u00c1lvaro Cabeleireiro diz que perda de seu mandato \u00e9 \u2018persegui\u00e7\u00e3o pol\u00edtica\u2019 - R\u00e1dio Life FM","og_description":"O ex-vereador, \u00c1lvaro Bellini (PP), o \u00c1lvaro Cabeleireiro, de Osvaldo Cruz, se disse v\u00edtima de uma persegui\u00e7\u00e3o pol\u00edtica, ap\u00f3s a perda de seu mandato a partir de entendimento do Minist\u00e9rio P\u00fablico Eleitoral. A decis\u00e3o foi confirmada nesta quinta feira pela manh\u00e3, pelo presidente da C\u00e2mara, Homero Massarente (MDB). Em entrevista, \u00c1lvaro afirmou que se sente [&hellip;]","og_url":"https:\/\/radiolifefm.com.br\/noticias\/vereador-de-osvaldo-cruz-alvaro-cabeleireiro-diz-que-perda-de-seu-mandato-e-perseguicao-politica\/","og_site_name":"R\u00e1dio Life FM","article_publisher":"https:\/\/www.facebook.com\/radiolifefm\/","article_published_time":"2019-03-29T13:35:30+00:00","article_modified_time":"2026-04-30T09:33:54+00:00","og_image":[{"width":183,"height":276,"url":"https:\/\/radiolifefm.com.br\/noticias\/wp-content\/uploads\/2019\/03\/\u00c1lvaro-Beline.jpg","type":"image\/jpeg"}],"author":"joaograndao","twitter_card":"summary_large_image","twitter_misc":{"Escrito por":"joaograndao","Est. tempo de leitura":"2 minutos"},"schema":{"@context":"https:\/\/schema.org","@graph":[{"@type":"Article","@id":"https:\/\/radiolifefm.com.br\/noticias\/vereador-de-osvaldo-cruz-alvaro-cabeleireiro-diz-que-perda-de-seu-mandato-e-perseguicao-politica\/#article","isPartOf":{"@id":"https:\/\/radiolifefm.com.br\/noticias\/vereador-de-osvaldo-cruz-alvaro-cabeleireiro-diz-que-perda-de-seu-mandato-e-perseguicao-politica\/"},"author":{"name":"joaograndao","@id":"https:\/\/radiolifefm.com.br\/noticias\/#\/schema\/person\/6876e1240feffe6e1b63fd5cb85abf28"},"headline":"Vereador de Osvaldo Cruz, \u00c1lvaro Cabeleireiro diz que perda de seu mandato \u00e9 \u2018persegui\u00e7\u00e3o pol\u00edtica\u2019","datePublished":"2019-03-29T13:35:30+00:00","dateModified":"2026-04-30T09:33:54+00:00","mainEntityOfPage":{"@id":"https:\/\/radiolifefm.com.br\/noticias\/vereador-de-osvaldo-cruz-alvaro-cabeleireiro-diz-que-perda-de-seu-mandato-e-perseguicao-politica\/"},"wordCount":317,"commentCount":0,"publisher":{"@id":"https:\/\/radiolifefm.com.br\/noticias\/#organization"},"image":{"@id":"https:\/\/radiolifefm.com.br\/noticias\/vereador-de-osvaldo-cruz-alvaro-cabeleireiro-diz-que-perda-de-seu-mandato-e-perseguicao-politica\/#primaryimage"},"thumbnailUrl":"https:\/\/radiolifefm.com.br\/noticias\/wp-content\/uploads\/2019\/03\/\u00c1lvaro-Beline.jpg","articleSection":["Regi\u00e3o"],"inLanguage":"pt-BR","potentialAction":[{"@type":"CommentAction","name":"Comment","target":["https:\/\/radiolifefm.com.br\/noticias\/vereador-de-osvaldo-cruz-alvaro-cabeleireiro-diz-que-perda-de-seu-mandato-e-perseguicao-politica\/#respond"]}]},{"@type":"WebPage","@id":"https:\/\/radiolifefm.com.br\/noticias\/vereador-de-osvaldo-cruz-alvaro-cabeleireiro-diz-que-perda-de-seu-mandato-e-perseguicao-politica\/","url":"https:\/\/radiolifefm.com.br\/noticias\/vereador-de-osvaldo-cruz-alvaro-cabeleireiro-diz-que-perda-de-seu-mandato-e-perseguicao-politica\/","name":"Vereador de Osvaldo Cruz, \u00c1lvaro Cabeleireiro diz que perda de seu mandato \u00e9 \u2018persegui\u00e7\u00e3o pol\u00edtica\u2019 - R\u00e1dio Life FM","isPartOf":{"@id":"https:\/\/radiolifefm.com.br\/noticias\/#website"},"primaryImageOfPage":{"@id":"https:\/\/radiolifefm.com.br\/noticias\/vereador-de-osvaldo-cruz-alvaro-cabeleireiro-diz-que-perda-de-seu-mandato-e-perseguicao-politica\/#primaryimage"},"image":{"@id":"https:\/\/radiolifefm.com.br\/noticias\/vereador-de-osvaldo-cruz-alvaro-cabeleireiro-diz-que-perda-de-seu-mandato-e-perseguicao-politica\/#primaryimage"},"thumbnailUrl":"https:\/\/radiolifefm.com.br\/noticias\/wp-content\/uploads\/2019\/03\/\u00c1lvaro-Beline.jpg","datePublished":"2019-03-29T13:35:30+00:00","dateModified":"2026-04-30T09:33:54+00:00","breadcrumb":{"@id":"https:\/\/radiolifefm.com.br\/noticias\/vereador-de-osvaldo-cruz-alvaro-cabeleireiro-diz-que-perda-de-seu-mandato-e-perseguicao-politica\/#breadcrumb"},"inLanguage":"pt-BR","potentialAction":[{"@type":"ReadAction","target":["https:\/\/radiolifefm.com.br\/noticias\/vereador-de-osvaldo-cruz-alvaro-cabeleireiro-diz-que-perda-de-seu-mandato-e-perseguicao-politica\/"]}]},{"@type":"ImageObject","inLanguage":"pt-BR","@id":"https:\/\/radiolifefm.com.br\/noticias\/vereador-de-osvaldo-cruz-alvaro-cabeleireiro-diz-que-perda-de-seu-mandato-e-perseguicao-politica\/#primaryimage","url":"https:\/\/radiolifefm.com.br\/noticias\/wp-content\/uploads\/2019\/03\/\u00c1lvaro-Beline.jpg","contentUrl":"https:\/\/radiolifefm.com.br\/noticias\/wp-content\/uploads\/2019\/03\/\u00c1lvaro-Beline.jpg","width":183,"height":276},{"@type":"BreadcrumbList","@id":"https:\/\/radiolifefm.com.br\/noticias\/vereador-de-osvaldo-cruz-alvaro-cabeleireiro-diz-que-perda-de-seu-mandato-e-perseguicao-politica\/#breadcrumb","itemListElement":[{"@type":"ListItem","position":1,"name":"In\u00edcio","item":"https:\/\/radiolifefm.com.br\/noticias\/"},{"@type":"ListItem","position":2,"name":"Vereador de Osvaldo Cruz, \u00c1lvaro Cabeleireiro diz que perda de seu mandato \u00e9 \u2018persegui\u00e7\u00e3o pol\u00edtica\u2019"}]},{"@type":"WebSite","@id":"https:\/\/radiolifefm.com.br\/noticias\/#website","url":"https:\/\/radiolifefm.com.br\/noticias\/","name":"R\u00e1dio Life FM","description":"O Portal de Not\u00edcias de Adamantina","publisher":{"@id":"https:\/\/radiolifefm.com.br\/noticias\/#organization"},"alternateName":"Life FM","potentialAction":[{"@type":"SearchAction","target":{"@type":"EntryPoint","urlTemplate":"https:\/\/radiolifefm.com.br\/noticias\/?s={search_term_string}"},"query-input":{"@type":"PropertyValueSpecification","valueRequired":true,"valueName":"search_term_string"}}],"inLanguage":"pt-BR"},{"@type":"Organization","@id":"https:\/\/radiolifefm.com.br\/noticias\/#organization","name":"R\u00e1dio Life FM","alternateName":"Life FM","url":"https:\/\/radiolifefm.com.br\/noticias\/","logo":{"@type":"ImageObject","inLanguage":"pt-BR","@id":"https:\/\/radiolifefm.com.br\/noticias\/#\/schema\/logo\/image\/","url":"https:\/\/static.radiolifefm.com.br\/noticias\/wp-content\/uploads\/2019\/10\/logo-lifefm.png","contentUrl":"https:\/\/static.radiolifefm.com.br\/noticias\/wp-content\/uploads\/2019\/10\/logo-lifefm.png","width":196,"height":47,"caption":"R\u00e1dio Life FM"},"image":{"@id":"https:\/\/radiolifefm.com.br\/noticias\/#\/schema\/logo\/image\/"},"sameAs":["https:\/\/www.facebook.com\/radiolifefm\/","https:\/\/www.instagram.com\/life1079fm\/"]},{"@type":"Person","@id":"https:\/\/radiolifefm.com.br\/noticias\/#\/schema\/person\/6876e1240feffe6e1b63fd5cb85abf28","name":"joaograndao","image":{"@type":"ImageObject","inLanguage":"pt-BR","@id":"https:\/\/secure.gravatar.com\/avatar\/d5b1a3cf357ed9c50404e256a1294083aa8ab5d2a994001567302786016cb32c?s=96&d=mm&r=g","url":"https:\/\/secure.gravatar.com\/avatar\/d5b1a3cf357ed9c50404e256a1294083aa8ab5d2a994001567302786016cb32c?s=96&d=mm&r=g","contentUrl":"https:\/\/secure.gravatar.com\/avatar\/d5b1a3cf357ed9c50404e256a1294083aa8ab5d2a994001567302786016cb32c?s=96&d=mm&r=g","caption":"joaograndao"}}]}},"amp_enabled":true,"_links":{"self":[{"href":"https:\/\/radiolifefm.com.br\/noticias\/wp-json\/wp\/v2\/posts\/11399","targetHints":{"allow":["GET"]}}],"collection":[{"href":"https:\/\/radiolifefm.com.br\/noticias\/wp-json\/wp\/v2\/posts"}],"about":[{"href":"https:\/\/radiolifefm.com.br\/noticias\/wp-json\/wp\/v2\/types\/post"}],"author":[{"embeddable":true,"href":"https:\/\/radiolifefm.com.br\/noticias\/wp-json\/wp\/v2\/users\/8"}],"replies":[{"embeddable":true,"href":"https:\/\/radiolifefm.com.br\/noticias\/wp-json\/wp\/v2\/comments?post=11399"}],"version-history":[{"count":3,"href":"https:\/\/radiolifefm.com.br\/noticias\/wp-json\/wp\/v2\/posts\/11399\/revisions"}],"predecessor-version":[{"id":11457,"href":"https:\/\/radiolifefm.com.br\/noticias\/wp-json\/wp\/v2\/posts\/11399\/revisions\/11457"}],"wp:featuredmedia":[{"embeddable":true,"href":"https:\/\/radiolifefm.com.br\/noticias\/wp-json\/wp\/v2\/media\/11401"}],"wp:attachment":[{"href":"https:\/\/radiolifefm.com.br\/noticias\/wp-json\/wp\/v2\/media?parent=11399"}],"wp:term":[{"taxonomy":"category","embeddable":true,"href":"https:\/\/radiolifefm.com.br\/noticias\/wp-json\/wp\/v2\/categories?post=11399"},{"taxonomy":"post_tag","embeddable":true,"href":"https:\/\/radiolifefm.com.br\/noticias\/wp-json\/wp\/v2\/tags?post=11399"}],"curies":[{"name":"wp","href":"https:\/\/api.w.org\/{rel}","templated":true}]}}