{"id":110820,"date":"2026-01-27T23:05:36","date_gmt":"2026-01-28T02:05:36","guid":{"rendered":"https:\/\/radiolifefm.com.br\/noticias\/?p=110820"},"modified":"2026-04-16T13:25:42","modified_gmt":"2026-04-16T16:25:42","slug":"vacina-contra-dengue-continua-disponivel-em-todas-as-unidades-basicas-de-saude-de-adamantina","status":"publish","type":"post","link":"https:\/\/radiolifefm.com.br\/noticias\/vacina-contra-dengue-continua-disponivel-em-todas-as-unidades-basicas-de-saude-de-adamantina\/","title":{"rendered":"Vacina contra dengue continua dispon\u00edvel em todas as unidades b\u00e1sicas de sa\u00fade de Adamantina"},"content":{"rendered":"<div id=\"fb-root\"><\/div>\n<div>A vacina contra dengue destinada ao p\u00fablico que tem entre 10 e 14 anos de idade continua dispon\u00edvel em todas as unidades b\u00e1sicas de sa\u00fade das 8h \u00e0s 16h. O munic\u00edpio recebeu 710 doses e at\u00e9 agora foram aplicadas 42 doses nas crian\u00e7as de 10 e 11 anos e 41 doses no p\u00fablico entre 12 e 14 anos. O esquema vacinal \u00e9 de duas doses, com intervalo de tr\u00eas meses entre as doses.<\/p>\n<p>O objetivo da imuniza\u00e7\u00e3o, conforme a Vigil\u00e2ncia Epidemiol\u00f3gica do Estado de S\u00e3o Paulo, \u00e9 a redu\u00e7\u00e3o das hospitaliza\u00e7\u00f5es e \u00f3bitos decorrentes das infec\u00e7\u00f5es pelos v\u00edrus da dengue na popula\u00e7\u00e3o-alvo para a vacina\u00e7\u00e3o.<\/p>\n<p>Por sua vez, o documento t\u00e9cnico do Centro de Vigil\u00e2ncia Epidemiol\u00f3gica do Governo do Estado de S\u00e3o Paulo, A incorpora\u00e7\u00e3o da vacina dengue (atenuada) no SUS, \u00e9 uma medida adicional, que em conjunto com as demais a\u00e7\u00f5es de controle e preven\u00e7\u00e3o ir\u00e1 contribuir para a redu\u00e7\u00e3o da incid\u00eancia, hospitaliza\u00e7\u00e3o e mortes pela doen\u00e7a no Brasil.<\/p>\n<p>No entanto, o documento t\u00e9cnico refor\u00e7a que todos os cuidados individuais e comunit\u00e1rios que visam o controle da prolifera\u00e7\u00e3o do vetor Aedes aegypti devem ser mantidos.<\/p>\n<p><b>ADL<\/b><br \/>\nEm Adamantina, a Avalia\u00e7\u00e3o de Densidade Larv\u00e1ria (ADL) que tem o objetivo de verificar a presen\u00e7a de focos do mosquito\u00a0<i>Aedes Aegypti\u00a0<\/i>resultou em uma classifica\u00e7\u00e3o que \u00e9 de risco para o munic\u00edpio em rela\u00e7\u00e3o \u00e0 infesta\u00e7\u00e3o e dispers\u00e3o do vetor das doen\u00e7as dengue, zika v\u00edrus, chikungunya e febre amarela.<\/p>\n<p><b>Confira o checklist de preven\u00e7\u00e3o<br \/>\n<\/b>Vasos de plantas: Elimine os pratinhos ou preencha-os com areia at\u00e9 a borda.<br \/>\nCalhas: Mantenha-as limpas e desentupidas para evitar o represamento de \u00e1gua.<br \/>\nBebedouros de animais: Lave-os com bucha e sab\u00e3o diariamente, n\u00e3o apenas troque a \u00e1gua.<br \/>\nLixo e entulho: Mantenha lixeiras bem fechadas e n\u00e3o deixe sucata ou pneus expostos \u00e0 chuva.<br \/>\nCaixas d&#8217;\u00e1gua: Devem estar vedadas, sem nenhuma fresta por onde o mosquito possa passar.<br \/>\nRalos: Utilize telas de prote\u00e7\u00e3o ou mantenha-os fechados quando n\u00e3o estiverem em uso.<\/p>\n<p><b>Fique Atento aos Sintomas<br \/>\n<\/b>Ao apresentar sintomas, o morador deve procurar imediatamente a Unidade B\u00e1sica de Sa\u00fade (UBS) mais pr\u00f3xima e jamais se automedicar. Medicamentos \u00e0 base de \u00e1cido acetilsalic\u00edlico (como Aspirina) e anti-inflamat\u00f3rios podem agravar o quadro da doen\u00e7a, causando sangramentos.<\/p>\n<p><b>Sintomas comuns da dengue<br \/>\n<\/b>&#8211; Febre alta e repentina (acima de 38\u00b0C).<br \/>\n&#8211; Dor forte no corpo e nas articula\u00e7\u00f5es.<br \/>\n&#8211; Dor atr\u00e1s dos olhos.<br \/>\n&#8211; Manchas vermelhas pelo corpo.<br \/>\n&#8211; Mal-estar e falta de apetite.<\/div>\n<div><\/div>\n<p><span style=\"color: #888888\"><span class=\"gmail_signature_prefix\">&#8212;<\/span><br \/>\n<\/span><\/p>\n<div class=\"gmail_signature\" dir=\"ltr\" data-smartmail=\"gmail_signature\">\n<div dir=\"ltr\">\n<div>\n<div dir=\"ltr\">\n<div>\n<div dir=\"ltr\">\n<div>\n<div dir=\"ltr\">\n<div>\n<div dir=\"ltr\">\n<div>\n<div dir=\"ltr\">\n<div dir=\"ltr\">\n<div>\n<div><\/div>\n<div><span style=\"font-family: tahoma, sans-serif;font-size: xx-small\"><b>PREFEITURA DO MUNIC\u00cdPIO DE ADAMANTINA<br \/>\n<\/b><\/span><\/div>\n<\/div>\n<div>\n<div>\n<div>\n<div><span style=\"font-family: tahoma, sans-serif;font-size: xx-small\"><b>\u00a0 \u00a0 \u00a0 \u00a0 \u00a0 \u00a0 \u00a0Jornalista Natacha Dominato<\/b><\/span><\/div>\n<\/div>\n<\/div>\n<\/div>\n<\/div>\n<\/div>\n<\/div>\n<\/div>\n<\/div>\n<\/div>\n<\/div>\n<\/div>\n<\/div>\n<\/div>\n<\/div>\n<\/div>\n<\/div>\n","protected":false},"excerpt":{"rendered":"<p>A vacina contra dengue destinada ao p\u00fablico que tem entre 10 e 14 anos de idade continua dispon\u00edvel em todas as unidades b\u00e1sicas de sa\u00fade das 8h \u00e0s 16h. O munic\u00edpio recebeu 710 doses e at\u00e9 agora foram aplicadas 42 doses nas crian\u00e7as de 10 e 11 anos e 41 doses no p\u00fablico entre 12 [&hellip;]<\/p>\n","protected":false},"author":13,"featured_media":110821,"comment_status":"closed","ping_status":"open","sticky":false,"template":"","format":"standard","meta":{"_acf_changed":false,"_exactmetrics_skip_tracking":false,"_exactmetrics_sitenote_active":false,"_exactmetrics_sitenote_note":"","_exactmetrics_sitenote_category":0,"footnotes":""},"categories":[21,35],"tags":[],"class_list":["post-110820","post","type-post","status-publish","format-standard","has-post-thumbnail","hentry","category-adamantina","category-saude"],"acf":[],"yoast_head":"<!-- This site is optimized with the Yoast SEO plugin v27.2 - https:\/\/yoast.com\/product\/yoast-seo-wordpress\/ -->\n<title>Vacina contra dengue continua dispon\u00edvel em todas as unidades b\u00e1sicas de sa\u00fade de Adamantina - R\u00e1dio Life FM<\/title>\n<meta name=\"robots\" content=\"index, follow, max-snippet:-1, max-image-preview:large, max-video-preview:-1\" \/>\n<link rel=\"canonical\" href=\"https:\/\/radiolifefm.com.br\/noticias\/vacina-contra-dengue-continua-disponivel-em-todas-as-unidades-basicas-de-saude-de-adamantina\/\" \/>\n<meta property=\"og:locale\" content=\"pt_BR\" \/>\n<meta property=\"og:type\" content=\"article\" \/>\n<meta property=\"og:title\" content=\"Vacina contra dengue continua dispon\u00edvel em todas as unidades b\u00e1sicas de sa\u00fade de Adamantina - R\u00e1dio Life FM\" \/>\n<meta property=\"og:description\" content=\"A vacina contra dengue destinada ao p\u00fablico que tem entre 10 e 14 anos de idade continua dispon\u00edvel em todas as unidades b\u00e1sicas de sa\u00fade das 8h \u00e0s 16h. O munic\u00edpio recebeu 710 doses e at\u00e9 agora foram aplicadas 42 doses nas crian\u00e7as de 10 e 11 anos e 41 doses no p\u00fablico entre 12 [&hellip;]\" \/>\n<meta property=\"og:url\" content=\"https:\/\/radiolifefm.com.br\/noticias\/vacina-contra-dengue-continua-disponivel-em-todas-as-unidades-basicas-de-saude-de-adamantina\/\" \/>\n<meta property=\"og:site_name\" content=\"R\u00e1dio Life FM\" \/>\n<meta property=\"article:publisher\" content=\"https:\/\/www.facebook.com\/radiolifefm\/\" \/>\n<meta property=\"article:published_time\" content=\"2026-01-28T02:05:36+00:00\" \/>\n<meta property=\"article:modified_time\" content=\"2026-04-16T16:25:42+00:00\" \/>\n<meta property=\"og:image\" content=\"https:\/\/radiolifefm.com.br\/noticias\/wp-content\/uploads\/2026\/01\/cats-20.jpg\" \/>\n\t<meta property=\"og:image:width\" content=\"640\" \/>\n\t<meta property=\"og:image:height\" content=\"400\" \/>\n\t<meta property=\"og:image:type\" content=\"image\/jpeg\" \/>\n<meta name=\"author\" content=\"ritanery\" \/>\n<meta name=\"twitter:card\" content=\"summary_large_image\" \/>\n<meta name=\"twitter:label1\" content=\"Escrito por\" \/>\n\t<meta name=\"twitter:data1\" content=\"ritanery\" \/>\n\t<meta name=\"twitter:label2\" content=\"Est. tempo de leitura\" \/>\n\t<meta name=\"twitter:data2\" content=\"3 minutos\" \/>\n<script type=\"application\/ld+json\" class=\"yoast-schema-graph\">{\"@context\":\"https:\/\/schema.org\",\"@graph\":[{\"@type\":\"Article\",\"@id\":\"https:\/\/radiolifefm.com.br\/noticias\/vacina-contra-dengue-continua-disponivel-em-todas-as-unidades-basicas-de-saude-de-adamantina\/#article\",\"isPartOf\":{\"@id\":\"https:\/\/radiolifefm.com.br\/noticias\/vacina-contra-dengue-continua-disponivel-em-todas-as-unidades-basicas-de-saude-de-adamantina\/\"},\"author\":{\"name\":\"ritanery\",\"@id\":\"https:\/\/radiolifefm.com.br\/noticias\/#\/schema\/person\/6339b9fac59d12b071dec680d7375d87\"},\"headline\":\"Vacina contra dengue continua dispon\u00edvel em todas as unidades b\u00e1sicas de sa\u00fade de Adamantina\",\"datePublished\":\"2026-01-28T02:05:36+00:00\",\"dateModified\":\"2026-04-16T16:25:42+00:00\",\"mainEntityOfPage\":{\"@id\":\"https:\/\/radiolifefm.com.br\/noticias\/vacina-contra-dengue-continua-disponivel-em-todas-as-unidades-basicas-de-saude-de-adamantina\/\"},\"wordCount\":470,\"publisher\":{\"@id\":\"https:\/\/radiolifefm.com.br\/noticias\/#organization\"},\"image\":{\"@id\":\"https:\/\/radiolifefm.com.br\/noticias\/vacina-contra-dengue-continua-disponivel-em-todas-as-unidades-basicas-de-saude-de-adamantina\/#primaryimage\"},\"thumbnailUrl\":\"https:\/\/radiolifefm.com.br\/noticias\/wp-content\/uploads\/2026\/01\/cats-20.jpg\",\"articleSection\":[\"Adamantina\",\"Sa\u00fade\"],\"inLanguage\":\"pt-BR\"},{\"@type\":\"WebPage\",\"@id\":\"https:\/\/radiolifefm.com.br\/noticias\/vacina-contra-dengue-continua-disponivel-em-todas-as-unidades-basicas-de-saude-de-adamantina\/\",\"url\":\"https:\/\/radiolifefm.com.br\/noticias\/vacina-contra-dengue-continua-disponivel-em-todas-as-unidades-basicas-de-saude-de-adamantina\/\",\"name\":\"Vacina contra dengue continua dispon\u00edvel em todas as unidades b\u00e1sicas de sa\u00fade de Adamantina - R\u00e1dio Life FM\",\"isPartOf\":{\"@id\":\"https:\/\/radiolifefm.com.br\/noticias\/#website\"},\"primaryImageOfPage\":{\"@id\":\"https:\/\/radiolifefm.com.br\/noticias\/vacina-contra-dengue-continua-disponivel-em-todas-as-unidades-basicas-de-saude-de-adamantina\/#primaryimage\"},\"image\":{\"@id\":\"https:\/\/radiolifefm.com.br\/noticias\/vacina-contra-dengue-continua-disponivel-em-todas-as-unidades-basicas-de-saude-de-adamantina\/#primaryimage\"},\"thumbnailUrl\":\"https:\/\/radiolifefm.com.br\/noticias\/wp-content\/uploads\/2026\/01\/cats-20.jpg\",\"datePublished\":\"2026-01-28T02:05:36+00:00\",\"dateModified\":\"2026-04-16T16:25:42+00:00\",\"breadcrumb\":{\"@id\":\"https:\/\/radiolifefm.com.br\/noticias\/vacina-contra-dengue-continua-disponivel-em-todas-as-unidades-basicas-de-saude-de-adamantina\/#breadcrumb\"},\"inLanguage\":\"pt-BR\",\"potentialAction\":[{\"@type\":\"ReadAction\",\"target\":[\"https:\/\/radiolifefm.com.br\/noticias\/vacina-contra-dengue-continua-disponivel-em-todas-as-unidades-basicas-de-saude-de-adamantina\/\"]}]},{\"@type\":\"ImageObject\",\"inLanguage\":\"pt-BR\",\"@id\":\"https:\/\/radiolifefm.com.br\/noticias\/vacina-contra-dengue-continua-disponivel-em-todas-as-unidades-basicas-de-saude-de-adamantina\/#primaryimage\",\"url\":\"https:\/\/radiolifefm.com.br\/noticias\/wp-content\/uploads\/2026\/01\/cats-20.jpg\",\"contentUrl\":\"https:\/\/radiolifefm.com.br\/noticias\/wp-content\/uploads\/2026\/01\/cats-20.jpg\",\"width\":640,\"height\":400},{\"@type\":\"BreadcrumbList\",\"@id\":\"https:\/\/radiolifefm.com.br\/noticias\/vacina-contra-dengue-continua-disponivel-em-todas-as-unidades-basicas-de-saude-de-adamantina\/#breadcrumb\",\"itemListElement\":[{\"@type\":\"ListItem\",\"position\":1,\"name\":\"In\u00edcio\",\"item\":\"https:\/\/radiolifefm.com.br\/noticias\/\"},{\"@type\":\"ListItem\",\"position\":2,\"name\":\"Vacina contra dengue continua dispon\u00edvel em todas as unidades b\u00e1sicas de sa\u00fade de Adamantina\"}]},{\"@type\":\"WebSite\",\"@id\":\"https:\/\/radiolifefm.com.br\/noticias\/#website\",\"url\":\"https:\/\/radiolifefm.com.br\/noticias\/\",\"name\":\"R\u00e1dio Life FM\",\"description\":\"O Portal de Not\u00edcias de Adamantina\",\"publisher\":{\"@id\":\"https:\/\/radiolifefm.com.br\/noticias\/#organization\"},\"alternateName\":\"Life FM\",\"potentialAction\":[{\"@type\":\"SearchAction\",\"target\":{\"@type\":\"EntryPoint\",\"urlTemplate\":\"https:\/\/radiolifefm.com.br\/noticias\/?s={search_term_string}\"},\"query-input\":{\"@type\":\"PropertyValueSpecification\",\"valueRequired\":true,\"valueName\":\"search_term_string\"}}],\"inLanguage\":\"pt-BR\"},{\"@type\":\"Organization\",\"@id\":\"https:\/\/radiolifefm.com.br\/noticias\/#organization\",\"name\":\"R\u00e1dio Life FM\",\"alternateName\":\"Life FM\",\"url\":\"https:\/\/radiolifefm.com.br\/noticias\/\",\"logo\":{\"@type\":\"ImageObject\",\"inLanguage\":\"pt-BR\",\"@id\":\"https:\/\/radiolifefm.com.br\/noticias\/#\/schema\/logo\/image\/\",\"url\":\"https:\/\/static.radiolifefm.com.br\/noticias\/wp-content\/uploads\/2019\/10\/logo-lifefm.png\",\"contentUrl\":\"https:\/\/static.radiolifefm.com.br\/noticias\/wp-content\/uploads\/2019\/10\/logo-lifefm.png\",\"width\":196,\"height\":47,\"caption\":\"R\u00e1dio Life FM\"},\"image\":{\"@id\":\"https:\/\/radiolifefm.com.br\/noticias\/#\/schema\/logo\/image\/\"},\"sameAs\":[\"https:\/\/www.facebook.com\/radiolifefm\/\",\"https:\/\/www.instagram.com\/life1079fm\/\"]},{\"@type\":\"Person\",\"@id\":\"https:\/\/radiolifefm.com.br\/noticias\/#\/schema\/person\/6339b9fac59d12b071dec680d7375d87\",\"name\":\"ritanery\",\"image\":{\"@type\":\"ImageObject\",\"inLanguage\":\"pt-BR\",\"@id\":\"https:\/\/secure.gravatar.com\/avatar\/0e37bb19071f47c0b8a23f62a903df117c5a0e75f65a0c2901562f97cd41cf86?s=96&d=mm&r=g\",\"url\":\"https:\/\/secure.gravatar.com\/avatar\/0e37bb19071f47c0b8a23f62a903df117c5a0e75f65a0c2901562f97cd41cf86?s=96&d=mm&r=g\",\"contentUrl\":\"https:\/\/secure.gravatar.com\/avatar\/0e37bb19071f47c0b8a23f62a903df117c5a0e75f65a0c2901562f97cd41cf86?s=96&d=mm&r=g\",\"caption\":\"ritanery\"}}]}<\/script>\n<!-- \/ Yoast SEO plugin. -->","yoast_head_json":{"title":"Vacina contra dengue continua dispon\u00edvel em todas as unidades b\u00e1sicas de sa\u00fade de Adamantina - R\u00e1dio Life FM","robots":{"index":"index","follow":"follow","max-snippet":"max-snippet:-1","max-image-preview":"max-image-preview:large","max-video-preview":"max-video-preview:-1"},"canonical":"https:\/\/radiolifefm.com.br\/noticias\/vacina-contra-dengue-continua-disponivel-em-todas-as-unidades-basicas-de-saude-de-adamantina\/","og_locale":"pt_BR","og_type":"article","og_title":"Vacina contra dengue continua dispon\u00edvel em todas as unidades b\u00e1sicas de sa\u00fade de Adamantina - R\u00e1dio Life FM","og_description":"A vacina contra dengue destinada ao p\u00fablico que tem entre 10 e 14 anos de idade continua dispon\u00edvel em todas as unidades b\u00e1sicas de sa\u00fade das 8h \u00e0s 16h. O munic\u00edpio recebeu 710 doses e at\u00e9 agora foram aplicadas 42 doses nas crian\u00e7as de 10 e 11 anos e 41 doses no p\u00fablico entre 12 [&hellip;]","og_url":"https:\/\/radiolifefm.com.br\/noticias\/vacina-contra-dengue-continua-disponivel-em-todas-as-unidades-basicas-de-saude-de-adamantina\/","og_site_name":"R\u00e1dio Life FM","article_publisher":"https:\/\/www.facebook.com\/radiolifefm\/","article_published_time":"2026-01-28T02:05:36+00:00","article_modified_time":"2026-04-16T16:25:42+00:00","og_image":[{"width":640,"height":400,"url":"https:\/\/radiolifefm.com.br\/noticias\/wp-content\/uploads\/2026\/01\/cats-20.jpg","type":"image\/jpeg"}],"author":"ritanery","twitter_card":"summary_large_image","twitter_misc":{"Escrito por":"ritanery","Est. tempo de leitura":"3 minutos"},"schema":{"@context":"https:\/\/schema.org","@graph":[{"@type":"Article","@id":"https:\/\/radiolifefm.com.br\/noticias\/vacina-contra-dengue-continua-disponivel-em-todas-as-unidades-basicas-de-saude-de-adamantina\/#article","isPartOf":{"@id":"https:\/\/radiolifefm.com.br\/noticias\/vacina-contra-dengue-continua-disponivel-em-todas-as-unidades-basicas-de-saude-de-adamantina\/"},"author":{"name":"ritanery","@id":"https:\/\/radiolifefm.com.br\/noticias\/#\/schema\/person\/6339b9fac59d12b071dec680d7375d87"},"headline":"Vacina contra dengue continua dispon\u00edvel em todas as unidades b\u00e1sicas de sa\u00fade de Adamantina","datePublished":"2026-01-28T02:05:36+00:00","dateModified":"2026-04-16T16:25:42+00:00","mainEntityOfPage":{"@id":"https:\/\/radiolifefm.com.br\/noticias\/vacina-contra-dengue-continua-disponivel-em-todas-as-unidades-basicas-de-saude-de-adamantina\/"},"wordCount":470,"publisher":{"@id":"https:\/\/radiolifefm.com.br\/noticias\/#organization"},"image":{"@id":"https:\/\/radiolifefm.com.br\/noticias\/vacina-contra-dengue-continua-disponivel-em-todas-as-unidades-basicas-de-saude-de-adamantina\/#primaryimage"},"thumbnailUrl":"https:\/\/radiolifefm.com.br\/noticias\/wp-content\/uploads\/2026\/01\/cats-20.jpg","articleSection":["Adamantina","Sa\u00fade"],"inLanguage":"pt-BR"},{"@type":"WebPage","@id":"https:\/\/radiolifefm.com.br\/noticias\/vacina-contra-dengue-continua-disponivel-em-todas-as-unidades-basicas-de-saude-de-adamantina\/","url":"https:\/\/radiolifefm.com.br\/noticias\/vacina-contra-dengue-continua-disponivel-em-todas-as-unidades-basicas-de-saude-de-adamantina\/","name":"Vacina contra dengue continua dispon\u00edvel em todas as unidades b\u00e1sicas de sa\u00fade de Adamantina - R\u00e1dio Life FM","isPartOf":{"@id":"https:\/\/radiolifefm.com.br\/noticias\/#website"},"primaryImageOfPage":{"@id":"https:\/\/radiolifefm.com.br\/noticias\/vacina-contra-dengue-continua-disponivel-em-todas-as-unidades-basicas-de-saude-de-adamantina\/#primaryimage"},"image":{"@id":"https:\/\/radiolifefm.com.br\/noticias\/vacina-contra-dengue-continua-disponivel-em-todas-as-unidades-basicas-de-saude-de-adamantina\/#primaryimage"},"thumbnailUrl":"https:\/\/radiolifefm.com.br\/noticias\/wp-content\/uploads\/2026\/01\/cats-20.jpg","datePublished":"2026-01-28T02:05:36+00:00","dateModified":"2026-04-16T16:25:42+00:00","breadcrumb":{"@id":"https:\/\/radiolifefm.com.br\/noticias\/vacina-contra-dengue-continua-disponivel-em-todas-as-unidades-basicas-de-saude-de-adamantina\/#breadcrumb"},"inLanguage":"pt-BR","potentialAction":[{"@type":"ReadAction","target":["https:\/\/radiolifefm.com.br\/noticias\/vacina-contra-dengue-continua-disponivel-em-todas-as-unidades-basicas-de-saude-de-adamantina\/"]}]},{"@type":"ImageObject","inLanguage":"pt-BR","@id":"https:\/\/radiolifefm.com.br\/noticias\/vacina-contra-dengue-continua-disponivel-em-todas-as-unidades-basicas-de-saude-de-adamantina\/#primaryimage","url":"https:\/\/radiolifefm.com.br\/noticias\/wp-content\/uploads\/2026\/01\/cats-20.jpg","contentUrl":"https:\/\/radiolifefm.com.br\/noticias\/wp-content\/uploads\/2026\/01\/cats-20.jpg","width":640,"height":400},{"@type":"BreadcrumbList","@id":"https:\/\/radiolifefm.com.br\/noticias\/vacina-contra-dengue-continua-disponivel-em-todas-as-unidades-basicas-de-saude-de-adamantina\/#breadcrumb","itemListElement":[{"@type":"ListItem","position":1,"name":"In\u00edcio","item":"https:\/\/radiolifefm.com.br\/noticias\/"},{"@type":"ListItem","position":2,"name":"Vacina contra dengue continua dispon\u00edvel em todas as unidades b\u00e1sicas de sa\u00fade de Adamantina"}]},{"@type":"WebSite","@id":"https:\/\/radiolifefm.com.br\/noticias\/#website","url":"https:\/\/radiolifefm.com.br\/noticias\/","name":"R\u00e1dio Life FM","description":"O Portal de Not\u00edcias de Adamantina","publisher":{"@id":"https:\/\/radiolifefm.com.br\/noticias\/#organization"},"alternateName":"Life FM","potentialAction":[{"@type":"SearchAction","target":{"@type":"EntryPoint","urlTemplate":"https:\/\/radiolifefm.com.br\/noticias\/?s={search_term_string}"},"query-input":{"@type":"PropertyValueSpecification","valueRequired":true,"valueName":"search_term_string"}}],"inLanguage":"pt-BR"},{"@type":"Organization","@id":"https:\/\/radiolifefm.com.br\/noticias\/#organization","name":"R\u00e1dio Life FM","alternateName":"Life FM","url":"https:\/\/radiolifefm.com.br\/noticias\/","logo":{"@type":"ImageObject","inLanguage":"pt-BR","@id":"https:\/\/radiolifefm.com.br\/noticias\/#\/schema\/logo\/image\/","url":"https:\/\/static.radiolifefm.com.br\/noticias\/wp-content\/uploads\/2019\/10\/logo-lifefm.png","contentUrl":"https:\/\/static.radiolifefm.com.br\/noticias\/wp-content\/uploads\/2019\/10\/logo-lifefm.png","width":196,"height":47,"caption":"R\u00e1dio Life FM"},"image":{"@id":"https:\/\/radiolifefm.com.br\/noticias\/#\/schema\/logo\/image\/"},"sameAs":["https:\/\/www.facebook.com\/radiolifefm\/","https:\/\/www.instagram.com\/life1079fm\/"]},{"@type":"Person","@id":"https:\/\/radiolifefm.com.br\/noticias\/#\/schema\/person\/6339b9fac59d12b071dec680d7375d87","name":"ritanery","image":{"@type":"ImageObject","inLanguage":"pt-BR","@id":"https:\/\/secure.gravatar.com\/avatar\/0e37bb19071f47c0b8a23f62a903df117c5a0e75f65a0c2901562f97cd41cf86?s=96&d=mm&r=g","url":"https:\/\/secure.gravatar.com\/avatar\/0e37bb19071f47c0b8a23f62a903df117c5a0e75f65a0c2901562f97cd41cf86?s=96&d=mm&r=g","contentUrl":"https:\/\/secure.gravatar.com\/avatar\/0e37bb19071f47c0b8a23f62a903df117c5a0e75f65a0c2901562f97cd41cf86?s=96&d=mm&r=g","caption":"ritanery"}}]}},"amp_enabled":true,"_links":{"self":[{"href":"https:\/\/radiolifefm.com.br\/noticias\/wp-json\/wp\/v2\/posts\/110820","targetHints":{"allow":["GET"]}}],"collection":[{"href":"https:\/\/radiolifefm.com.br\/noticias\/wp-json\/wp\/v2\/posts"}],"about":[{"href":"https:\/\/radiolifefm.com.br\/noticias\/wp-json\/wp\/v2\/types\/post"}],"author":[{"embeddable":true,"href":"https:\/\/radiolifefm.com.br\/noticias\/wp-json\/wp\/v2\/users\/13"}],"replies":[{"embeddable":true,"href":"https:\/\/radiolifefm.com.br\/noticias\/wp-json\/wp\/v2\/comments?post=110820"}],"version-history":[{"count":2,"href":"https:\/\/radiolifefm.com.br\/noticias\/wp-json\/wp\/v2\/posts\/110820\/revisions"}],"predecessor-version":[{"id":110824,"href":"https:\/\/radiolifefm.com.br\/noticias\/wp-json\/wp\/v2\/posts\/110820\/revisions\/110824"}],"wp:featuredmedia":[{"embeddable":true,"href":"https:\/\/radiolifefm.com.br\/noticias\/wp-json\/wp\/v2\/media\/110821"}],"wp:attachment":[{"href":"https:\/\/radiolifefm.com.br\/noticias\/wp-json\/wp\/v2\/media?parent=110820"}],"wp:term":[{"taxonomy":"category","embeddable":true,"href":"https:\/\/radiolifefm.com.br\/noticias\/wp-json\/wp\/v2\/categories?post=110820"},{"taxonomy":"post_tag","embeddable":true,"href":"https:\/\/radiolifefm.com.br\/noticias\/wp-json\/wp\/v2\/tags?post=110820"}],"curies":[{"name":"wp","href":"https:\/\/api.w.org\/{rel}","templated":true}]}}